{"id":200498,"date":"2024-10-03T14:59:49","date_gmt":"2024-10-03T21:59:49","guid":{"rendered":"https:\/\/www.sonoraenequipo.com.mx\/?p=200498"},"modified":"2024-10-03T14:59:49","modified_gmt":"2024-10-03T21:59:49","slug":"scjn-determina-que-si-se-puede-analizar-constitucionalidad-de-la-reforma-judicial","status":"publish","type":"post","link":"https:\/\/www.sonoraenequipo.com.mx\/scjn-determina-que-si-se-puede-analizar-constitucionalidad-de-la-reforma-judicial\/","title":{"rendered":"SCJN determina que s\u00ed se puede analizar constitucionalidad de la reforma judicial"},"content":{"rendered":"<p><strong>CIUDAD DE M\u00c9XICO.<\/strong><strong> \u0336 \u0336\u00a0 <\/strong>La Suprema Corte de Justicia de la Naci\u00f3n (SCJN) determin\u00f3 que s\u00ed puede analizar la constitucionalidad de la Reforma Judicial, luego de admitir la procedencia de una consulta a tr\u00e1mite elaborada por jueces y magistrados federales. No obstante, la Ministra Lenia Batres asegur\u00f3 que al aceptar la resoluci\u00f3n de la consulta, la Corte estar\u00eda dando un golpe de Estado.<\/p>\n<p>&nbsp;<\/p>\n<p>&nbsp;<\/p>\n<p>Con 8 votos a favor y tres en contra, la Corte admiti\u00f3 una consulta a tr\u00e1mite que impugna la Reforma Judicial impulsada por el expresidente Andr\u00e9s Manuel L\u00f3pez obrador, por lo que ahora por lo que \u00e9sta ser\u00e1 turnada para su estudio a otro Ministro para determinar si el Alto Tribunal tiene facultades para revisarla y frenarla.<\/p>\n<p>&nbsp;<\/p>\n<p>Los ministros que votaron a favor fueron Juan Luis Gonz\u00e1lez Alc\u00e1ntara, Norma Pi\u00f1a Hern\u00e1ndez, Margarita Rios Farjat, Luis Mar\u00eda Aguilar Morales, Jorge Mario Pardo Rebolledo, Alfredo Guti\u00e9rrez Ortiz Mena, Alberto P\u00e9rez Day\u00e1n, Javier Laynez Potisek, mientras que Lenia Batres, Loretta Ortiz Ahlf y Yasm\u00edn Esquivel votaron en contra<\/p>\n<p><strong>Fecha de publicaci\u00f3n\u00a0 jueves 3 de octubre de 2024 \/ Sin Embargo<\/strong><\/p>\n","protected":false},"excerpt":{"rendered":"<p>CIUDAD DE M\u00c9XICO. \u0336 \u0336\u00a0 La Suprema Corte de Justicia de la Naci\u00f3n (SCJN) determin\u00f3&#8230;<\/p>\n","protected":false},"author":1,"featured_media":200499,"comment_status":"open","ping_status":"open","sticky":false,"template":"","format":"standard","meta":{"_monsterinsights_skip_tracking":false,"_monsterinsights_sitenote_active":false,"_monsterinsights_sitenote_note":"","_monsterinsights_sitenote_category":0,"footnotes":""},"categories":[5],"tags":[9995],"class_list":["post"],"yoast_head":" \n<title>Sonora en Equipo. SCJN determina que s\u00ed se puede analizar constitucionalidad de la reforma judicial Rep\u00fablica<\/title>\n<meta name=\"description\" content=\"CIUDAD DE M\u00c9XICO. \u0336 \u0336\u00a0 La Suprema Corte de Justicia de la Naci\u00f3n (SCJN) determin\u00f3 que s\u00ed puede analizar la constitucionalidad de la Reforma Judicial, En Sonora en Equipo publicamos toda la informaci\u00f3n de Sonora, M\u00e9xico y el Mundo de manera oportuna y busca que la libertad de expresi\u00f3n sea real. Visita nuestro medio informativo publicado desde Hermosillo, Sonora. %\" \/>\n<meta name=\"robots\" content=\"index, follow, max-snippet:-1, max-image-preview:large, max-video-preview:-1\" \/>\n<link rel=\"canonical\" href=\"https:\/\/www.sonoraenequipo.com.mx\/scjn-determina-que-si-se-puede-analizar-constitucionalidad-de-la-reforma-judicial\/\" \/>\n<meta property=\"og:locale\" content=\"es_ES\" \/>\n<meta property=\"og:type\" content=\"article\" \/>\n<meta property=\"og:title\" content=\"Sonora en Equipo. SCJN determina que s\u00ed se puede analizar constitucionalidad de la reforma judicial Rep\u00fablica\" \/>\n<meta property=\"og:description\" content=\"CIUDAD DE M\u00c9XICO. \u0336 \u0336\u00a0 La Suprema Corte de Justicia de la Naci\u00f3n (SCJN) determin\u00f3 que s\u00ed puede analizar la constitucionalidad de la Reforma Judicial, En Sonora en Equipo publicamos toda la informaci\u00f3n de Sonora, M\u00e9xico y el Mundo de manera oportuna y busca que la libertad de expresi\u00f3n sea real. Visita nuestro medio informativo publicado desde Hermosillo, Sonora. %\" \/>\n<meta property=\"og:url\" content=\"https:\/\/www.sonoraenequipo.com.mx\/scjn-determina-que-si-se-puede-analizar-constitucionalidad-de-la-reforma-judicial\/\" \/>\n<meta property=\"og:site_name\" content=\"Sonora en Equipo.\" \/>\n<meta property=\"article:publisher\" content=\"https:\/\/www.facebook.com\/SonoraEE\/\" \/>\n<meta property=\"article:author\" content=\"https:\/\/www.facebook.com\/SonoraEE\" \/>\n<meta property=\"article:published_time\" content=\"2024-10-03T21:59:49+00:00\" \/>\n<meta property=\"og:image\" content=\"https:\/\/www.sonoraenequipo.com.mx\/storage\/2024\/10\/ministros.jpg\" \/>\n\t<meta property=\"og:image:width\" content=\"600\" \/>\n\t<meta property=\"og:image:height\" content=\"399\" \/>\n\t<meta property=\"og:image:type\" content=\"image\/jpeg\" \/>\n<meta name=\"author\" content=\"enequipo\" \/>\n<meta name=\"twitter:card\" content=\"summary_large_image\" \/>\n<meta name=\"twitter:creator\" content=\"@sonoraenequipo\" \/>\n<meta name=\"twitter:site\" content=\"@sonoraenequipo\" \/>\n<meta name=\"twitter:label1\" content=\"Escrito por\" \/>\n\t<meta name=\"twitter:data1\" content=\"enequipo\" \/>\n\t<meta name=\"twitter:label2\" content=\"Tiempo de lectura\" \/>\n\t<meta name=\"twitter:data2\" content=\"1 minuto\" \/>\n<script type=\"application\/ld+json\" class=\"yoast-schema-graph\">{\"@context\":\"https:\/\/schema.org\",\"@graph\":[{\"@type\":\"Article\",\"@id\":\"https:\/\/www.sonoraenequipo.com.mx\/scjn-determina-que-si-se-puede-analizar-constitucionalidad-de-la-reforma-judicial\/#article\",\"isPartOf\":{\"@id\":\"https:\/\/www.sonoraenequipo.com.mx\/scjn-determina-que-si-se-puede-analizar-constitucionalidad-de-la-reforma-judicial\/\"},\"author\":{\"name\":\"enequipo\",\"@id\":\"https:\/\/www.sonoraenequipo.com.mx\/#\/schema\/person\/50102df0fb23a8fa9e8effad8fa81386\"},\"headline\":\"SCJN determina que s\u00ed se puede analizar constitucionalidad de la reforma judicial\",\"datePublished\":\"2024-10-03T21:59:49+00:00\",\"mainEntityOfPage\":{\"@id\":\"https:\/\/www.sonoraenequipo.com.mx\/scjn-determina-que-si-se-puede-analizar-constitucionalidad-de-la-reforma-judicial\/\"},\"wordCount\":208,\"commentCount\":0,\"publisher\":{\"@id\":\"https:\/\/www.sonoraenequipo.com.mx\/#organization\"},\"image\":{\"@id\":\"https:\/\/www.sonoraenequipo.com.mx\/scjn-determina-que-si-se-puede-analizar-constitucionalidad-de-la-reforma-judicial\/#primaryimage\"},\"thumbnailUrl\":\"https:\/\/www.sonoraenequipo.com.mx\/storage\/2024\/10\/ministros.jpg\",\"keywords\":[\"reforma judicial\"],\"articleSection\":[\"Rep\u00fablica\"],\"inLanguage\":\"es\",\"potentialAction\":[{\"@type\":\"CommentAction\",\"name\":\"Comment\",\"target\":[\"https:\/\/www.sonoraenequipo.com.mx\/scjn-determina-que-si-se-puede-analizar-constitucionalidad-de-la-reforma-judicial\/#respond\"]}]},{\"@type\":\"WebPage\",\"@id\":\"https:\/\/www.sonoraenequipo.com.mx\/scjn-determina-que-si-se-puede-analizar-constitucionalidad-de-la-reforma-judicial\/\",\"url\":\"https:\/\/www.sonoraenequipo.com.mx\/scjn-determina-que-si-se-puede-analizar-constitucionalidad-de-la-reforma-judicial\/\",\"name\":\"Sonora en Equipo. SCJN determina que s\u00ed se puede analizar constitucionalidad de la reforma judicial Rep\u00fablica\",\"isPartOf\":{\"@id\":\"https:\/\/www.sonoraenequipo.com.mx\/#website\"},\"primaryImageOfPage\":{\"@id\":\"https:\/\/www.sonoraenequipo.com.mx\/scjn-determina-que-si-se-puede-analizar-constitucionalidad-de-la-reforma-judicial\/#primaryimage\"},\"image\":{\"@id\":\"https:\/\/www.sonoraenequipo.com.mx\/scjn-determina-que-si-se-puede-analizar-constitucionalidad-de-la-reforma-judicial\/#primaryimage\"},\"thumbnailUrl\":\"https:\/\/www.sonoraenequipo.com.mx\/storage\/2024\/10\/ministros.jpg\",\"datePublished\":\"2024-10-03T21:59:49+00:00\",\"description\":\"CIUDAD DE M\u00c9XICO. \u0336 \u0336\u00a0 La Suprema Corte de Justicia de la Naci\u00f3n (SCJN) determin\u00f3 que s\u00ed puede analizar la constitucionalidad de la Reforma Judicial, En Sonora en Equipo publicamos toda la informaci\u00f3n de Sonora, M\u00e9xico y el Mundo de manera oportuna y busca que la libertad de expresi\u00f3n sea real. Visita nuestro medio informativo publicado desde Hermosillo, Sonora. %\",\"breadcrumb\":{\"@id\":\"https:\/\/www.sonoraenequipo.com.mx\/scjn-determina-que-si-se-puede-analizar-constitucionalidad-de-la-reforma-judicial\/#breadcrumb\"},\"inLanguage\":\"es\",\"potentialAction\":[{\"@type\":\"ReadAction\",\"target\":[\"https:\/\/www.sonoraenequipo.com.mx\/scjn-determina-que-si-se-puede-analizar-constitucionalidad-de-la-reforma-judicial\/\"]}]},{\"@type\":\"ImageObject\",\"inLanguage\":\"es\",\"@id\":\"https:\/\/www.sonoraenequipo.com.mx\/scjn-determina-que-si-se-puede-analizar-constitucionalidad-de-la-reforma-judicial\/#primaryimage\",\"url\":\"https:\/\/www.sonoraenequipo.com.mx\/storage\/2024\/10\/ministros.jpg\",\"contentUrl\":\"https:\/\/www.sonoraenequipo.com.mx\/storage\/2024\/10\/ministros.jpg\",\"width\":600,\"height\":399},{\"@type\":\"BreadcrumbList\",\"@id\":\"https:\/\/www.sonoraenequipo.com.mx\/scjn-determina-que-si-se-puede-analizar-constitucionalidad-de-la-reforma-judicial\/#breadcrumb\",\"itemListElement\":[{\"@type\":\"ListItem\",\"position\":1,\"name\":\"Portada\",\"item\":\"https:\/\/www.sonoraenequipo.com.mx\/\"},{\"@type\":\"ListItem\",\"position\":2,\"name\":\"SCJN determina que s\u00ed se puede analizar constitucionalidad de la reforma judicial\"}]},{\"@type\":\"WebSite\",\"@id\":\"https:\/\/www.sonoraenequipo.com.mx\/#website\",\"url\":\"https:\/\/www.sonoraenequipo.com.mx\/\",\"name\":\"Sonora en Equipo.\",\"description\":\"Diario en l\u00ednea con Noticias desde Hermosillo, Sonora\",\"publisher\":{\"@id\":\"https:\/\/www.sonoraenequipo.com.mx\/#organization\"},\"potentialAction\":[{\"@type\":\"SearchAction\",\"target\":{\"@type\":\"EntryPoint\",\"urlTemplate\":\"https:\/\/www.sonoraenequipo.com.mx\/?s={search_term_string}\"},\"query-input\":{\"@type\":\"PropertyValueSpecification\",\"valueRequired\":true,\"valueName\":\"search_term_string\"}}],\"inLanguage\":\"es\"},{\"@type\":\"Organization\",\"@id\":\"https:\/\/www.sonoraenequipo.com.mx\/#organization\",\"name\":\"Sonoraenequipo.com.mx\",\"url\":\"https:\/\/www.sonoraenequipo.com.mx\/\",\"logo\":{\"@type\":\"ImageObject\",\"inLanguage\":\"es\",\"@id\":\"https:\/\/www.sonoraenequipo.com.mx\/#\/schema\/logo\/image\/\",\"url\":\"https:\/\/www.sonoraenequipo.com.mx\/storage\/2019\/01\/sonoraenequipo_opt.png\",\"contentUrl\":\"https:\/\/www.sonoraenequipo.com.mx\/storage\/2019\/01\/sonoraenequipo_opt.png\",\"width\":375,\"height\":125,\"caption\":\"Sonoraenequipo.com.mx\"},\"image\":{\"@id\":\"https:\/\/www.sonoraenequipo.com.mx\/#\/schema\/logo\/image\/\"},\"sameAs\":[\"https:\/\/www.facebook.com\/SonoraEE\/\",\"https:\/\/x.com\/sonoraenequipo\",\"https:\/\/www.youtube.com\/channel\/UC338nW-lPEYmJQs4ZABQ1SQ\"]},{\"@type\":\"Person\",\"@id\":\"https:\/\/www.sonoraenequipo.com.mx\/#\/schema\/person\/50102df0fb23a8fa9e8effad8fa81386\",\"name\":\"enequipo\",\"image\":{\"@type\":\"ImageObject\",\"inLanguage\":\"es\",\"@id\":\"https:\/\/www.sonoraenequipo.com.mx\/#\/schema\/person\/image\/\",\"url\":\"https:\/\/secure.gravatar.com\/avatar\/049821681b589dabc0bc20695993ccebb09f5b5d4d790cd9251b97faac7c652b?s=96&d=blank&r=g\",\"contentUrl\":\"https:\/\/secure.gravatar.com\/avatar\/049821681b589dabc0bc20695993ccebb09f5b5d4d790cd9251b97faac7c652b?s=96&d=blank&r=g\",\"caption\":\"enequipo\"},\"sameAs\":[\"https:\/\/www.facebook.com\/SonoraEE\"]}]}<\/script>\n ","yoast_head_json":{"title":"Sonora en Equipo. SCJN determina que s\u00ed se puede analizar constitucionalidad de la reforma judicial Rep\u00fablica","description":"CIUDAD DE M\u00c9XICO. \u0336 \u0336\u00a0 La Suprema Corte de Justicia de la Naci\u00f3n (SCJN) determin\u00f3 que s\u00ed puede analizar la constitucionalidad de la Reforma Judicial, En Sonora en Equipo publicamos toda la informaci\u00f3n de Sonora, M\u00e9xico y el Mundo de manera oportuna y busca que la libertad de expresi\u00f3n sea real. Visita nuestro medio informativo publicado desde Hermosillo, Sonora. %","robots":{"index":"index","follow":"follow","max-snippet":"max-snippet:-1","max-image-preview":"max-image-preview:large","max-video-preview":"max-video-preview:-1"},"canonical":"https:\/\/www.sonoraenequipo.com.mx\/scjn-determina-que-si-se-puede-analizar-constitucionalidad-de-la-reforma-judicial\/","og_locale":"es_ES","og_type":"article","og_title":"Sonora en Equipo. SCJN determina que s\u00ed se puede analizar constitucionalidad de la reforma judicial Rep\u00fablica","og_description":"CIUDAD DE M\u00c9XICO. \u0336 \u0336\u00a0 La Suprema Corte de Justicia de la Naci\u00f3n (SCJN) determin\u00f3 que s\u00ed puede analizar la constitucionalidad de la Reforma Judicial, En Sonora en Equipo publicamos toda la informaci\u00f3n de Sonora, M\u00e9xico y el Mundo de manera oportuna y busca que la libertad de expresi\u00f3n sea real. Visita nuestro medio informativo publicado desde Hermosillo, Sonora. %","og_url":"https:\/\/www.sonoraenequipo.com.mx\/scjn-determina-que-si-se-puede-analizar-constitucionalidad-de-la-reforma-judicial\/","og_site_name":"Sonora en Equipo.","article_publisher":"https:\/\/www.facebook.com\/SonoraEE\/","article_author":"https:\/\/www.facebook.com\/SonoraEE","article_published_time":"2024-10-03T21:59:49+00:00","og_image":[{"width":600,"height":399,"url":"https:\/\/www.sonoraenequipo.com.mx\/storage\/2024\/10\/ministros.jpg","type":"image\/jpeg"}],"author":"enequipo","twitter_card":"summary_large_image","twitter_creator":"@sonoraenequipo","twitter_site":"@sonoraenequipo","twitter_misc":{"Escrito por":"enequipo","Tiempo de lectura":"1 minuto"},"schema":{"@context":"https:\/\/schema.org","@graph":[{"@type":"Article","@id":"https:\/\/www.sonoraenequipo.com.mx\/scjn-determina-que-si-se-puede-analizar-constitucionalidad-de-la-reforma-judicial\/#article","isPartOf":{"@id":"https:\/\/www.sonoraenequipo.com.mx\/scjn-determina-que-si-se-puede-analizar-constitucionalidad-de-la-reforma-judicial\/"},"author":{"name":"enequipo","@id":"https:\/\/www.sonoraenequipo.com.mx\/#\/schema\/person\/50102df0fb23a8fa9e8effad8fa81386"},"headline":"SCJN determina que s\u00ed se puede analizar constitucionalidad de la reforma judicial","datePublished":"2024-10-03T21:59:49+00:00","mainEntityOfPage":{"@id":"https:\/\/www.sonoraenequipo.com.mx\/scjn-determina-que-si-se-puede-analizar-constitucionalidad-de-la-reforma-judicial\/"},"wordCount":208,"commentCount":0,"publisher":{"@id":"https:\/\/www.sonoraenequipo.com.mx\/#organization"},"image":{"@id":"https:\/\/www.sonoraenequipo.com.mx\/scjn-determina-que-si-se-puede-analizar-constitucionalidad-de-la-reforma-judicial\/#primaryimage"},"thumbnailUrl":"https:\/\/www.sonoraenequipo.com.mx\/storage\/2024\/10\/ministros.jpg","keywords":["reforma judicial"],"articleSection":["Rep\u00fablica"],"inLanguage":"es","potentialAction":[{"@type":"CommentAction","name":"Comment","target":["https:\/\/www.sonoraenequipo.com.mx\/scjn-determina-que-si-se-puede-analizar-constitucionalidad-de-la-reforma-judicial\/#respond"]}]},{"@type":"WebPage","@id":"https:\/\/www.sonoraenequipo.com.mx\/scjn-determina-que-si-se-puede-analizar-constitucionalidad-de-la-reforma-judicial\/","url":"https:\/\/www.sonoraenequipo.com.mx\/scjn-determina-que-si-se-puede-analizar-constitucionalidad-de-la-reforma-judicial\/","name":"Sonora en Equipo. SCJN determina que s\u00ed se puede analizar constitucionalidad de la reforma judicial Rep\u00fablica","isPartOf":{"@id":"https:\/\/www.sonoraenequipo.com.mx\/#website"},"primaryImageOfPage":{"@id":"https:\/\/www.sonoraenequipo.com.mx\/scjn-determina-que-si-se-puede-analizar-constitucionalidad-de-la-reforma-judicial\/#primaryimage"},"image":{"@id":"https:\/\/www.sonoraenequipo.com.mx\/scjn-determina-que-si-se-puede-analizar-constitucionalidad-de-la-reforma-judicial\/#primaryimage"},"thumbnailUrl":"https:\/\/www.sonoraenequipo.com.mx\/storage\/2024\/10\/ministros.jpg","datePublished":"2024-10-03T21:59:49+00:00","description":"CIUDAD DE M\u00c9XICO. \u0336 \u0336\u00a0 La Suprema Corte de Justicia de la Naci\u00f3n (SCJN) determin\u00f3 que s\u00ed puede analizar la constitucionalidad de la Reforma Judicial, En Sonora en Equipo publicamos toda la informaci\u00f3n de Sonora, M\u00e9xico y el Mundo de manera oportuna y busca que la libertad de expresi\u00f3n sea real. Visita nuestro medio informativo publicado desde Hermosillo, Sonora. %","breadcrumb":{"@id":"https:\/\/www.sonoraenequipo.com.mx\/scjn-determina-que-si-se-puede-analizar-constitucionalidad-de-la-reforma-judicial\/#breadcrumb"},"inLanguage":"es","potentialAction":[{"@type":"ReadAction","target":["https:\/\/www.sonoraenequipo.com.mx\/scjn-determina-que-si-se-puede-analizar-constitucionalidad-de-la-reforma-judicial\/"]}]},{"@type":"ImageObject","inLanguage":"es","@id":"https:\/\/www.sonoraenequipo.com.mx\/scjn-determina-que-si-se-puede-analizar-constitucionalidad-de-la-reforma-judicial\/#primaryimage","url":"https:\/\/www.sonoraenequipo.com.mx\/storage\/2024\/10\/ministros.jpg","contentUrl":"https:\/\/www.sonoraenequipo.com.mx\/storage\/2024\/10\/ministros.jpg","width":600,"height":399},{"@type":"BreadcrumbList","@id":"https:\/\/www.sonoraenequipo.com.mx\/scjn-determina-que-si-se-puede-analizar-constitucionalidad-de-la-reforma-judicial\/#breadcrumb","itemListElement":[{"@type":"ListItem","position":1,"name":"Portada","item":"https:\/\/www.sonoraenequipo.com.mx\/"},{"@type":"ListItem","position":2,"name":"SCJN determina que s\u00ed se puede analizar constitucionalidad de la reforma judicial"}]},{"@type":"WebSite","@id":"https:\/\/www.sonoraenequipo.com.mx\/#website","url":"https:\/\/www.sonoraenequipo.com.mx\/","name":"Sonora en Equipo.","description":"Diario en l\u00ednea con Noticias desde Hermosillo, Sonora","publisher":{"@id":"https:\/\/www.sonoraenequipo.com.mx\/#organization"},"potentialAction":[{"@type":"SearchAction","target":{"@type":"EntryPoint","urlTemplate":"https:\/\/www.sonoraenequipo.com.mx\/?s={search_term_string}"},"query-input":{"@type":"PropertyValueSpecification","valueRequired":true,"valueName":"search_term_string"}}],"inLanguage":"es"},{"@type":"Organization","@id":"https:\/\/www.sonoraenequipo.com.mx\/#organization","name":"Sonoraenequipo.com.mx","url":"https:\/\/www.sonoraenequipo.com.mx\/","logo":{"@type":"ImageObject","inLanguage":"es","@id":"https:\/\/www.sonoraenequipo.com.mx\/#\/schema\/logo\/image\/","url":"https:\/\/www.sonoraenequipo.com.mx\/storage\/2019\/01\/sonoraenequipo_opt.png","contentUrl":"https:\/\/www.sonoraenequipo.com.mx\/storage\/2019\/01\/sonoraenequipo_opt.png","width":375,"height":125,"caption":"Sonoraenequipo.com.mx"},"image":{"@id":"https:\/\/www.sonoraenequipo.com.mx\/#\/schema\/logo\/image\/"},"sameAs":["https:\/\/www.facebook.com\/SonoraEE\/","https:\/\/x.com\/sonoraenequipo","https:\/\/www.youtube.com\/channel\/UC338nW-lPEYmJQs4ZABQ1SQ"]},{"@type":"Person","@id":"https:\/\/www.sonoraenequipo.com.mx\/#\/schema\/person\/50102df0fb23a8fa9e8effad8fa81386","name":"enequipo","image":{"@type":"ImageObject","inLanguage":"es","@id":"https:\/\/www.sonoraenequipo.com.mx\/#\/schema\/person\/image\/","url":"https:\/\/secure.gravatar.com\/avatar\/049821681b589dabc0bc20695993ccebb09f5b5d4d790cd9251b97faac7c652b?s=96&d=blank&r=g","contentUrl":"https:\/\/secure.gravatar.com\/avatar\/049821681b589dabc0bc20695993ccebb09f5b5d4d790cd9251b97faac7c652b?s=96&d=blank&r=g","caption":"enequipo"},"sameAs":["https:\/\/www.facebook.com\/SonoraEE"]}]}},"jetpack_featured_media_url":"https:\/\/www.sonoraenequipo.com.mx\/storage\/2024\/10\/ministros.jpg","_links":{"self":[{"href":"https:\/\/www.sonoraenequipo.com.mx\/api\/wp\/v2\/posts\/200498","targetHints":{"allow":["GET"]}}],"collection":[{"href":"https:\/\/www.sonoraenequipo.com.mx\/api\/wp\/v2\/posts"}],"about":[{"href":"https:\/\/www.sonoraenequipo.com.mx\/api\/wp\/v2\/types\/post"}],"author":[{"embeddable":true,"href":"https:\/\/www.sonoraenequipo.com.mx\/api\/wp\/v2\/users\/1"}],"replies":[{"embeddable":true,"href":"https:\/\/www.sonoraenequipo.com.mx\/api\/wp\/v2\/comments?post=200498"}],"version-history":[{"count":1,"href":"https:\/\/www.sonoraenequipo.com.mx\/api\/wp\/v2\/posts\/200498\/revisions"}],"predecessor-version":[{"id":200500,"href":"https:\/\/www.sonoraenequipo.com.mx\/api\/wp\/v2\/posts\/200498\/revisions\/200500"}],"wp:featuredmedia":[{"embeddable":true,"href":"https:\/\/www.sonoraenequipo.com.mx\/api\/wp\/v2\/media\/200499"}],"wp:attachment":[{"href":"https:\/\/www.sonoraenequipo.com.mx\/api\/wp\/v2\/media?parent=200498"}],"wp:term":[{"taxonomy":"category","embeddable":true,"href":"https:\/\/www.sonoraenequipo.com.mx\/api\/wp\/v2\/categories?post=200498"},{"taxonomy":"post_tag","embeddable":true,"href":"https:\/\/www.sonoraenequipo.com.mx\/api\/wp\/v2\/tags?post=200498"}],"curies":[{"name":"wp","href":"https:\/\/api.w.org\/{rel}","templated":true}]}}