{"id":200501,"date":"2024-10-03T15:06:34","date_gmt":"2024-10-03T22:06:34","guid":{"rendered":"https:\/\/www.sonoraenequipo.com.mx\/?p=200501"},"modified":"2024-10-03T15:06:34","modified_gmt":"2024-10-03T22:06:34","slug":"impulsara-conalep-nuevo-proyecto-de-manufactura-aeroespacial-en-colaboracion-con-prosonora-2","status":"publish","type":"post","link":"https:\/\/www.sonoraenequipo.com.mx\/impulsara-conalep-nuevo-proyecto-de-manufactura-aeroespacial-en-colaboracion-con-prosonora-2\/","title":{"rendered":"Impulsar\u00e1 Conalep nuevo proyecto de manufactura aeroespacial en colaboraci\u00f3n con ProSonora"},"content":{"rendered":"<p><strong>HERMOSILLO, SONORA, MX.<\/strong> \u2014 Con el objetivo de que el alumnado reciba capacitaciones especializadas en el ramo aeroespacial y as\u00ed dotar de mano de obra calificada a las empresas que se establezcan en la entidad, generando mayor inversi\u00f3n, el Colegio de Educaci\u00f3n Profesional T\u00e9cnica del Estado de Sonora (Conalep) trabajar\u00e1 en colaboraci\u00f3n con ProSonora.<\/p>\n<p>&nbsp;<\/p>\n<p>&nbsp;<\/p>\n<p>&nbsp;<\/p>\n<p>Luisa Cristina Rodr\u00edguez Ibarra, directora general de dicho subsistema y Diego Alberto Avil\u00e9s Quintanar, coordinador ejecutivo del Consejo para el Desarrollo Sostenible del Estado de Sonora (Codeso), formalizaron el acuerdo bilateral para la apertura e instalaci\u00f3n del Instituto de Manufactura Aeroespacial Avanzado de Sonora (IMAAS) en un ala del edificio que alberga a Conalep plantel Hermosillo III.<\/p>\n<p>&nbsp;<\/p>\n<p>&nbsp;<\/p>\n<p>&nbsp;<\/p>\n<p>La alianza tiene como objetivo dotar a las empresas, que se establezcan en el estado, de mano de obra calificada y as\u00ed atraer nuevas empresas, fortaleciendo la generaci\u00f3n de empleo, como parte del compromiso del gobernador Alfonso Durazo con los sonorenses.<\/p>\n<p>&nbsp;<\/p>\n<p>&nbsp;<\/p>\n<p>&nbsp;<\/p>\n<p>En dichas instalaciones se realizar\u00e1n capacitaciones y cursos orientados al sector aeroespacial, donde, adem\u00e1s, se llevar\u00e1n a cabo actividades pertinentes para la fase de pr\u00e1cticas.<\/p>\n<p>&nbsp;<\/p>\n<p>&nbsp;<\/p>\n<p>&nbsp;<\/p>\n<p>\u201cGrandes proyectos se tienen contemplados para este a\u00f1o en los diferentes planteles de Conalep, con el prop\u00f3sito de generar un clima organizacional que favorezca a los j\u00f3venes de Sonora, identificando las necesidades en los estudiantes y participando activamente en la econom\u00eda del estado\u201d, puntualiz\u00f3 Rodr\u00edguez Ibarra.<\/p>\n<p><strong>Fecha de publicaci\u00f3n\u00a0 jueves 3 de octubre de 2024<\/strong><\/p>\n<p>&nbsp;<\/p>\n","protected":false},"excerpt":{"rendered":"<p>HERMOSILLO, SONORA, MX. \u2014 Con el objetivo de que el alumnado reciba capacitaciones especializadas en&#8230;<\/p>\n","protected":false},"author":1,"featured_media":200502,"comment_status":"open","ping_status":"open","sticky":false,"template":"","format":"standard","meta":{"_monsterinsights_skip_tracking":false,"_monsterinsights_sitenote_active":false,"_monsterinsights_sitenote_note":"","_monsterinsights_sitenote_category":0,"footnotes":""},"categories":[2216],"tags":[],"class_list":["post"],"yoast_head":" \n<title>Sonora en Equipo. Impulsar\u00e1 Conalep nuevo proyecto de manufactura aeroespacial en colaboraci\u00f3n con ProSonora Ciencia y Tecnolog\u00eda<\/title>\n<meta name=\"description\" content=\"HERMOSILLO, SONORA, MX. \u2014 Con el objetivo de que el alumnado reciba capacitaciones especializadas en el ramo aeroespacial y as\u00ed dotar de mano de obra En Sonora en Equipo publicamos toda la informaci\u00f3n de Sonora, M\u00e9xico y el Mundo de manera oportuna y busca que la libertad de expresi\u00f3n sea real. Visita nuestro medio informativo publicado desde Hermosillo, Sonora. %\" \/>\n<meta name=\"robots\" content=\"index, follow, max-snippet:-1, max-image-preview:large, max-video-preview:-1\" \/>\n<link rel=\"canonical\" href=\"https:\/\/www.sonoraenequipo.com.mx\/impulsara-conalep-nuevo-proyecto-de-manufactura-aeroespacial-en-colaboracion-con-prosonora-2\/\" \/>\n<meta property=\"og:locale\" content=\"es_ES\" \/>\n<meta property=\"og:type\" content=\"article\" \/>\n<meta property=\"og:title\" content=\"Sonora en Equipo. Impulsar\u00e1 Conalep nuevo proyecto de manufactura aeroespacial en colaboraci\u00f3n con ProSonora Ciencia y Tecnolog\u00eda\" \/>\n<meta property=\"og:description\" content=\"HERMOSILLO, SONORA, MX. \u2014 Con el objetivo de que el alumnado reciba capacitaciones especializadas en el ramo aeroespacial y as\u00ed dotar de mano de obra En Sonora en Equipo publicamos toda la informaci\u00f3n de Sonora, M\u00e9xico y el Mundo de manera oportuna y busca que la libertad de expresi\u00f3n sea real. Visita nuestro medio informativo publicado desde Hermosillo, Sonora. %\" \/>\n<meta property=\"og:url\" content=\"https:\/\/www.sonoraenequipo.com.mx\/impulsara-conalep-nuevo-proyecto-de-manufactura-aeroespacial-en-colaboracion-con-prosonora-2\/\" \/>\n<meta property=\"og:site_name\" content=\"Sonora en Equipo.\" \/>\n<meta property=\"article:publisher\" content=\"https:\/\/www.facebook.com\/SonoraEE\/\" \/>\n<meta property=\"article:author\" content=\"https:\/\/www.facebook.com\/SonoraEE\" \/>\n<meta property=\"article:published_time\" content=\"2024-10-03T22:06:34+00:00\" \/>\n<meta property=\"og:image\" content=\"https:\/\/www.sonoraenequipo.com.mx\/storage\/2024\/10\/conalep.jpg\" \/>\n\t<meta property=\"og:image:width\" content=\"600\" \/>\n\t<meta property=\"og:image:height\" content=\"406\" \/>\n\t<meta property=\"og:image:type\" content=\"image\/jpeg\" \/>\n<meta name=\"author\" content=\"enequipo\" \/>\n<meta name=\"twitter:card\" content=\"summary_large_image\" \/>\n<meta name=\"twitter:creator\" content=\"@sonoraenequipo\" \/>\n<meta name=\"twitter:site\" content=\"@sonoraenequipo\" \/>\n<meta name=\"twitter:label1\" content=\"Escrito por\" \/>\n\t<meta name=\"twitter:data1\" content=\"enequipo\" \/>\n\t<meta name=\"twitter:label2\" content=\"Tiempo de lectura\" \/>\n\t<meta name=\"twitter:data2\" content=\"1 minuto\" \/>\n<script type=\"application\/ld+json\" class=\"yoast-schema-graph\">{\"@context\":\"https:\/\/schema.org\",\"@graph\":[{\"@type\":\"Article\",\"@id\":\"https:\/\/www.sonoraenequipo.com.mx\/impulsara-conalep-nuevo-proyecto-de-manufactura-aeroespacial-en-colaboracion-con-prosonora-2\/#article\",\"isPartOf\":{\"@id\":\"https:\/\/www.sonoraenequipo.com.mx\/impulsara-conalep-nuevo-proyecto-de-manufactura-aeroespacial-en-colaboracion-con-prosonora-2\/\"},\"author\":{\"name\":\"enequipo\",\"@id\":\"https:\/\/www.sonoraenequipo.com.mx\/#\/schema\/person\/50102df0fb23a8fa9e8effad8fa81386\"},\"headline\":\"Impulsar\u00e1 Conalep nuevo proyecto de manufactura aeroespacial en colaboraci\u00f3n con ProSonora\",\"datePublished\":\"2024-10-03T22:06:34+00:00\",\"mainEntityOfPage\":{\"@id\":\"https:\/\/www.sonoraenequipo.com.mx\/impulsara-conalep-nuevo-proyecto-de-manufactura-aeroespacial-en-colaboracion-con-prosonora-2\/\"},\"wordCount\":272,\"commentCount\":0,\"publisher\":{\"@id\":\"https:\/\/www.sonoraenequipo.com.mx\/#organization\"},\"image\":{\"@id\":\"https:\/\/www.sonoraenequipo.com.mx\/impulsara-conalep-nuevo-proyecto-de-manufactura-aeroespacial-en-colaboracion-con-prosonora-2\/#primaryimage\"},\"thumbnailUrl\":\"https:\/\/www.sonoraenequipo.com.mx\/storage\/2024\/10\/conalep.jpg\",\"articleSection\":[\"Ciencia y Tecnolog\u00eda\"],\"inLanguage\":\"es\",\"potentialAction\":[{\"@type\":\"CommentAction\",\"name\":\"Comment\",\"target\":[\"https:\/\/www.sonoraenequipo.com.mx\/impulsara-conalep-nuevo-proyecto-de-manufactura-aeroespacial-en-colaboracion-con-prosonora-2\/#respond\"]}]},{\"@type\":\"WebPage\",\"@id\":\"https:\/\/www.sonoraenequipo.com.mx\/impulsara-conalep-nuevo-proyecto-de-manufactura-aeroespacial-en-colaboracion-con-prosonora-2\/\",\"url\":\"https:\/\/www.sonoraenequipo.com.mx\/impulsara-conalep-nuevo-proyecto-de-manufactura-aeroespacial-en-colaboracion-con-prosonora-2\/\",\"name\":\"Sonora en Equipo. Impulsar\u00e1 Conalep nuevo proyecto de manufactura aeroespacial en colaboraci\u00f3n con ProSonora Ciencia y Tecnolog\u00eda\",\"isPartOf\":{\"@id\":\"https:\/\/www.sonoraenequipo.com.mx\/#website\"},\"primaryImageOfPage\":{\"@id\":\"https:\/\/www.sonoraenequipo.com.mx\/impulsara-conalep-nuevo-proyecto-de-manufactura-aeroespacial-en-colaboracion-con-prosonora-2\/#primaryimage\"},\"image\":{\"@id\":\"https:\/\/www.sonoraenequipo.com.mx\/impulsara-conalep-nuevo-proyecto-de-manufactura-aeroespacial-en-colaboracion-con-prosonora-2\/#primaryimage\"},\"thumbnailUrl\":\"https:\/\/www.sonoraenequipo.com.mx\/storage\/2024\/10\/conalep.jpg\",\"datePublished\":\"2024-10-03T22:06:34+00:00\",\"description\":\"HERMOSILLO, SONORA, MX. \u2014 Con el objetivo de que el alumnado reciba capacitaciones especializadas en el ramo aeroespacial y as\u00ed dotar de mano de obra En Sonora en Equipo publicamos toda la informaci\u00f3n de Sonora, M\u00e9xico y el Mundo de manera oportuna y busca que la libertad de expresi\u00f3n sea real. Visita nuestro medio informativo publicado desde Hermosillo, Sonora. %\",\"breadcrumb\":{\"@id\":\"https:\/\/www.sonoraenequipo.com.mx\/impulsara-conalep-nuevo-proyecto-de-manufactura-aeroespacial-en-colaboracion-con-prosonora-2\/#breadcrumb\"},\"inLanguage\":\"es\",\"potentialAction\":[{\"@type\":\"ReadAction\",\"target\":[\"https:\/\/www.sonoraenequipo.com.mx\/impulsara-conalep-nuevo-proyecto-de-manufactura-aeroespacial-en-colaboracion-con-prosonora-2\/\"]}]},{\"@type\":\"ImageObject\",\"inLanguage\":\"es\",\"@id\":\"https:\/\/www.sonoraenequipo.com.mx\/impulsara-conalep-nuevo-proyecto-de-manufactura-aeroespacial-en-colaboracion-con-prosonora-2\/#primaryimage\",\"url\":\"https:\/\/www.sonoraenequipo.com.mx\/storage\/2024\/10\/conalep.jpg\",\"contentUrl\":\"https:\/\/www.sonoraenequipo.com.mx\/storage\/2024\/10\/conalep.jpg\",\"width\":600,\"height\":406},{\"@type\":\"BreadcrumbList\",\"@id\":\"https:\/\/www.sonoraenequipo.com.mx\/impulsara-conalep-nuevo-proyecto-de-manufactura-aeroespacial-en-colaboracion-con-prosonora-2\/#breadcrumb\",\"itemListElement\":[{\"@type\":\"ListItem\",\"position\":1,\"name\":\"Portada\",\"item\":\"https:\/\/www.sonoraenequipo.com.mx\/\"},{\"@type\":\"ListItem\",\"position\":2,\"name\":\"Impulsar\u00e1 Conalep nuevo proyecto de manufactura aeroespacial en colaboraci\u00f3n con ProSonora\"}]},{\"@type\":\"WebSite\",\"@id\":\"https:\/\/www.sonoraenequipo.com.mx\/#website\",\"url\":\"https:\/\/www.sonoraenequipo.com.mx\/\",\"name\":\"Sonora en Equipo.\",\"description\":\"Diario en l\u00ednea con Noticias desde Hermosillo, Sonora\",\"publisher\":{\"@id\":\"https:\/\/www.sonoraenequipo.com.mx\/#organization\"},\"potentialAction\":[{\"@type\":\"SearchAction\",\"target\":{\"@type\":\"EntryPoint\",\"urlTemplate\":\"https:\/\/www.sonoraenequipo.com.mx\/?s={search_term_string}\"},\"query-input\":{\"@type\":\"PropertyValueSpecification\",\"valueRequired\":true,\"valueName\":\"search_term_string\"}}],\"inLanguage\":\"es\"},{\"@type\":\"Organization\",\"@id\":\"https:\/\/www.sonoraenequipo.com.mx\/#organization\",\"name\":\"Sonoraenequipo.com.mx\",\"url\":\"https:\/\/www.sonoraenequipo.com.mx\/\",\"logo\":{\"@type\":\"ImageObject\",\"inLanguage\":\"es\",\"@id\":\"https:\/\/www.sonoraenequipo.com.mx\/#\/schema\/logo\/image\/\",\"url\":\"https:\/\/www.sonoraenequipo.com.mx\/storage\/2019\/01\/sonoraenequipo_opt.png\",\"contentUrl\":\"https:\/\/www.sonoraenequipo.com.mx\/storage\/2019\/01\/sonoraenequipo_opt.png\",\"width\":375,\"height\":125,\"caption\":\"Sonoraenequipo.com.mx\"},\"image\":{\"@id\":\"https:\/\/www.sonoraenequipo.com.mx\/#\/schema\/logo\/image\/\"},\"sameAs\":[\"https:\/\/www.facebook.com\/SonoraEE\/\",\"https:\/\/x.com\/sonoraenequipo\",\"https:\/\/www.youtube.com\/channel\/UC338nW-lPEYmJQs4ZABQ1SQ\"]},{\"@type\":\"Person\",\"@id\":\"https:\/\/www.sonoraenequipo.com.mx\/#\/schema\/person\/50102df0fb23a8fa9e8effad8fa81386\",\"name\":\"enequipo\",\"image\":{\"@type\":\"ImageObject\",\"inLanguage\":\"es\",\"@id\":\"https:\/\/www.sonoraenequipo.com.mx\/#\/schema\/person\/image\/\",\"url\":\"https:\/\/secure.gravatar.com\/avatar\/049821681b589dabc0bc20695993ccebb09f5b5d4d790cd9251b97faac7c652b?s=96&d=blank&r=g\",\"contentUrl\":\"https:\/\/secure.gravatar.com\/avatar\/049821681b589dabc0bc20695993ccebb09f5b5d4d790cd9251b97faac7c652b?s=96&d=blank&r=g\",\"caption\":\"enequipo\"},\"sameAs\":[\"https:\/\/www.facebook.com\/SonoraEE\"]}]}<\/script>\n ","yoast_head_json":{"title":"Sonora en Equipo. Impulsar\u00e1 Conalep nuevo proyecto de manufactura aeroespacial en colaboraci\u00f3n con ProSonora Ciencia y Tecnolog\u00eda","description":"HERMOSILLO, SONORA, MX. \u2014 Con el objetivo de que el alumnado reciba capacitaciones especializadas en el ramo aeroespacial y as\u00ed dotar de mano de obra En Sonora en Equipo publicamos toda la informaci\u00f3n de Sonora, M\u00e9xico y el Mundo de manera oportuna y busca que la libertad de expresi\u00f3n sea real. Visita nuestro medio informativo publicado desde Hermosillo, Sonora. %","robots":{"index":"index","follow":"follow","max-snippet":"max-snippet:-1","max-image-preview":"max-image-preview:large","max-video-preview":"max-video-preview:-1"},"canonical":"https:\/\/www.sonoraenequipo.com.mx\/impulsara-conalep-nuevo-proyecto-de-manufactura-aeroespacial-en-colaboracion-con-prosonora-2\/","og_locale":"es_ES","og_type":"article","og_title":"Sonora en Equipo. Impulsar\u00e1 Conalep nuevo proyecto de manufactura aeroespacial en colaboraci\u00f3n con ProSonora Ciencia y Tecnolog\u00eda","og_description":"HERMOSILLO, SONORA, MX. \u2014 Con el objetivo de que el alumnado reciba capacitaciones especializadas en el ramo aeroespacial y as\u00ed dotar de mano de obra En Sonora en Equipo publicamos toda la informaci\u00f3n de Sonora, M\u00e9xico y el Mundo de manera oportuna y busca que la libertad de expresi\u00f3n sea real. Visita nuestro medio informativo publicado desde Hermosillo, Sonora. %","og_url":"https:\/\/www.sonoraenequipo.com.mx\/impulsara-conalep-nuevo-proyecto-de-manufactura-aeroespacial-en-colaboracion-con-prosonora-2\/","og_site_name":"Sonora en Equipo.","article_publisher":"https:\/\/www.facebook.com\/SonoraEE\/","article_author":"https:\/\/www.facebook.com\/SonoraEE","article_published_time":"2024-10-03T22:06:34+00:00","og_image":[{"width":600,"height":406,"url":"https:\/\/www.sonoraenequipo.com.mx\/storage\/2024\/10\/conalep.jpg","type":"image\/jpeg"}],"author":"enequipo","twitter_card":"summary_large_image","twitter_creator":"@sonoraenequipo","twitter_site":"@sonoraenequipo","twitter_misc":{"Escrito por":"enequipo","Tiempo de lectura":"1 minuto"},"schema":{"@context":"https:\/\/schema.org","@graph":[{"@type":"Article","@id":"https:\/\/www.sonoraenequipo.com.mx\/impulsara-conalep-nuevo-proyecto-de-manufactura-aeroespacial-en-colaboracion-con-prosonora-2\/#article","isPartOf":{"@id":"https:\/\/www.sonoraenequipo.com.mx\/impulsara-conalep-nuevo-proyecto-de-manufactura-aeroespacial-en-colaboracion-con-prosonora-2\/"},"author":{"name":"enequipo","@id":"https:\/\/www.sonoraenequipo.com.mx\/#\/schema\/person\/50102df0fb23a8fa9e8effad8fa81386"},"headline":"Impulsar\u00e1 Conalep nuevo proyecto de manufactura aeroespacial en colaboraci\u00f3n con ProSonora","datePublished":"2024-10-03T22:06:34+00:00","mainEntityOfPage":{"@id":"https:\/\/www.sonoraenequipo.com.mx\/impulsara-conalep-nuevo-proyecto-de-manufactura-aeroespacial-en-colaboracion-con-prosonora-2\/"},"wordCount":272,"commentCount":0,"publisher":{"@id":"https:\/\/www.sonoraenequipo.com.mx\/#organization"},"image":{"@id":"https:\/\/www.sonoraenequipo.com.mx\/impulsara-conalep-nuevo-proyecto-de-manufactura-aeroespacial-en-colaboracion-con-prosonora-2\/#primaryimage"},"thumbnailUrl":"https:\/\/www.sonoraenequipo.com.mx\/storage\/2024\/10\/conalep.jpg","articleSection":["Ciencia y Tecnolog\u00eda"],"inLanguage":"es","potentialAction":[{"@type":"CommentAction","name":"Comment","target":["https:\/\/www.sonoraenequipo.com.mx\/impulsara-conalep-nuevo-proyecto-de-manufactura-aeroespacial-en-colaboracion-con-prosonora-2\/#respond"]}]},{"@type":"WebPage","@id":"https:\/\/www.sonoraenequipo.com.mx\/impulsara-conalep-nuevo-proyecto-de-manufactura-aeroespacial-en-colaboracion-con-prosonora-2\/","url":"https:\/\/www.sonoraenequipo.com.mx\/impulsara-conalep-nuevo-proyecto-de-manufactura-aeroespacial-en-colaboracion-con-prosonora-2\/","name":"Sonora en Equipo. Impulsar\u00e1 Conalep nuevo proyecto de manufactura aeroespacial en colaboraci\u00f3n con ProSonora Ciencia y Tecnolog\u00eda","isPartOf":{"@id":"https:\/\/www.sonoraenequipo.com.mx\/#website"},"primaryImageOfPage":{"@id":"https:\/\/www.sonoraenequipo.com.mx\/impulsara-conalep-nuevo-proyecto-de-manufactura-aeroespacial-en-colaboracion-con-prosonora-2\/#primaryimage"},"image":{"@id":"https:\/\/www.sonoraenequipo.com.mx\/impulsara-conalep-nuevo-proyecto-de-manufactura-aeroespacial-en-colaboracion-con-prosonora-2\/#primaryimage"},"thumbnailUrl":"https:\/\/www.sonoraenequipo.com.mx\/storage\/2024\/10\/conalep.jpg","datePublished":"2024-10-03T22:06:34+00:00","description":"HERMOSILLO, SONORA, MX. \u2014 Con el objetivo de que el alumnado reciba capacitaciones especializadas en el ramo aeroespacial y as\u00ed dotar de mano de obra En Sonora en Equipo publicamos toda la informaci\u00f3n de Sonora, M\u00e9xico y el Mundo de manera oportuna y busca que la libertad de expresi\u00f3n sea real. Visita nuestro medio informativo publicado desde Hermosillo, Sonora. %","breadcrumb":{"@id":"https:\/\/www.sonoraenequipo.com.mx\/impulsara-conalep-nuevo-proyecto-de-manufactura-aeroespacial-en-colaboracion-con-prosonora-2\/#breadcrumb"},"inLanguage":"es","potentialAction":[{"@type":"ReadAction","target":["https:\/\/www.sonoraenequipo.com.mx\/impulsara-conalep-nuevo-proyecto-de-manufactura-aeroespacial-en-colaboracion-con-prosonora-2\/"]}]},{"@type":"ImageObject","inLanguage":"es","@id":"https:\/\/www.sonoraenequipo.com.mx\/impulsara-conalep-nuevo-proyecto-de-manufactura-aeroespacial-en-colaboracion-con-prosonora-2\/#primaryimage","url":"https:\/\/www.sonoraenequipo.com.mx\/storage\/2024\/10\/conalep.jpg","contentUrl":"https:\/\/www.sonoraenequipo.com.mx\/storage\/2024\/10\/conalep.jpg","width":600,"height":406},{"@type":"BreadcrumbList","@id":"https:\/\/www.sonoraenequipo.com.mx\/impulsara-conalep-nuevo-proyecto-de-manufactura-aeroespacial-en-colaboracion-con-prosonora-2\/#breadcrumb","itemListElement":[{"@type":"ListItem","position":1,"name":"Portada","item":"https:\/\/www.sonoraenequipo.com.mx\/"},{"@type":"ListItem","position":2,"name":"Impulsar\u00e1 Conalep nuevo proyecto de manufactura aeroespacial en colaboraci\u00f3n con ProSonora"}]},{"@type":"WebSite","@id":"https:\/\/www.sonoraenequipo.com.mx\/#website","url":"https:\/\/www.sonoraenequipo.com.mx\/","name":"Sonora en Equipo.","description":"Diario en l\u00ednea con Noticias desde Hermosillo, Sonora","publisher":{"@id":"https:\/\/www.sonoraenequipo.com.mx\/#organization"},"potentialAction":[{"@type":"SearchAction","target":{"@type":"EntryPoint","urlTemplate":"https:\/\/www.sonoraenequipo.com.mx\/?s={search_term_string}"},"query-input":{"@type":"PropertyValueSpecification","valueRequired":true,"valueName":"search_term_string"}}],"inLanguage":"es"},{"@type":"Organization","@id":"https:\/\/www.sonoraenequipo.com.mx\/#organization","name":"Sonoraenequipo.com.mx","url":"https:\/\/www.sonoraenequipo.com.mx\/","logo":{"@type":"ImageObject","inLanguage":"es","@id":"https:\/\/www.sonoraenequipo.com.mx\/#\/schema\/logo\/image\/","url":"https:\/\/www.sonoraenequipo.com.mx\/storage\/2019\/01\/sonoraenequipo_opt.png","contentUrl":"https:\/\/www.sonoraenequipo.com.mx\/storage\/2019\/01\/sonoraenequipo_opt.png","width":375,"height":125,"caption":"Sonoraenequipo.com.mx"},"image":{"@id":"https:\/\/www.sonoraenequipo.com.mx\/#\/schema\/logo\/image\/"},"sameAs":["https:\/\/www.facebook.com\/SonoraEE\/","https:\/\/x.com\/sonoraenequipo","https:\/\/www.youtube.com\/channel\/UC338nW-lPEYmJQs4ZABQ1SQ"]},{"@type":"Person","@id":"https:\/\/www.sonoraenequipo.com.mx\/#\/schema\/person\/50102df0fb23a8fa9e8effad8fa81386","name":"enequipo","image":{"@type":"ImageObject","inLanguage":"es","@id":"https:\/\/www.sonoraenequipo.com.mx\/#\/schema\/person\/image\/","url":"https:\/\/secure.gravatar.com\/avatar\/049821681b589dabc0bc20695993ccebb09f5b5d4d790cd9251b97faac7c652b?s=96&d=blank&r=g","contentUrl":"https:\/\/secure.gravatar.com\/avatar\/049821681b589dabc0bc20695993ccebb09f5b5d4d790cd9251b97faac7c652b?s=96&d=blank&r=g","caption":"enequipo"},"sameAs":["https:\/\/www.facebook.com\/SonoraEE"]}]}},"jetpack_featured_media_url":"https:\/\/www.sonoraenequipo.com.mx\/storage\/2024\/10\/conalep.jpg","_links":{"self":[{"href":"https:\/\/www.sonoraenequipo.com.mx\/api\/wp\/v2\/posts\/200501","targetHints":{"allow":["GET"]}}],"collection":[{"href":"https:\/\/www.sonoraenequipo.com.mx\/api\/wp\/v2\/posts"}],"about":[{"href":"https:\/\/www.sonoraenequipo.com.mx\/api\/wp\/v2\/types\/post"}],"author":[{"embeddable":true,"href":"https:\/\/www.sonoraenequipo.com.mx\/api\/wp\/v2\/users\/1"}],"replies":[{"embeddable":true,"href":"https:\/\/www.sonoraenequipo.com.mx\/api\/wp\/v2\/comments?post=200501"}],"version-history":[{"count":1,"href":"https:\/\/www.sonoraenequipo.com.mx\/api\/wp\/v2\/posts\/200501\/revisions"}],"predecessor-version":[{"id":200503,"href":"https:\/\/www.sonoraenequipo.com.mx\/api\/wp\/v2\/posts\/200501\/revisions\/200503"}],"wp:featuredmedia":[{"embeddable":true,"href":"https:\/\/www.sonoraenequipo.com.mx\/api\/wp\/v2\/media\/200502"}],"wp:attachment":[{"href":"https:\/\/www.sonoraenequipo.com.mx\/api\/wp\/v2\/media?parent=200501"}],"wp:term":[{"taxonomy":"category","embeddable":true,"href":"https:\/\/www.sonoraenequipo.com.mx\/api\/wp\/v2\/categories?post=200501"},{"taxonomy":"post_tag","embeddable":true,"href":"https:\/\/www.sonoraenequipo.com.mx\/api\/wp\/v2\/tags?post=200501"}],"curies":[{"name":"wp","href":"https:\/\/api.w.org\/{rel}","templated":true}]}}