{"id":200505,"date":"2024-10-03T15:45:23","date_gmt":"2024-10-03T22:45:23","guid":{"rendered":"https:\/\/www.sonoraenequipo.com.mx\/?p=200505"},"modified":"2024-10-03T15:45:23","modified_gmt":"2024-10-03T22:45:23","slug":"lanza-tono-astiazaran-tercera-edicion-de-presupuesto-creces","status":"publish","type":"post","link":"https:\/\/www.sonoraenequipo.com.mx\/lanza-tono-astiazaran-tercera-edicion-de-presupuesto-creces\/","title":{"rendered":"Lanza To\u00f1o Astiazar\u00e1n tercera edici\u00f3n de Presupuesto CRECES"},"content":{"rendered":"<p><strong>HERMOSILLO, SONORA, MX.<\/strong> \u2014 El Gobierno de Hermosillo, a trav\u00e9s de la Direcci\u00f3n de Participaci\u00f3n Ciudadana, abri\u00f3 la convocatoria a las y los hermosillenses para el registro de proyectos de obras que participan en una votaci\u00f3n, y que este a\u00f1o se financiar\u00e1n con una bolsa de 80 millones de pesos del presupuesto participativo CRECES.<\/p>\n<p>&nbsp;<\/p>\n<p>El director de Participaci\u00f3n Ciudadana, Daniel Garc\u00eda Escalante, inform\u00f3 que est\u00e1 convocatoria impulsada por el presidente municipal Antonio Astiazar\u00e1n Guti\u00e9rrez, inicia con la etapa de recepci\u00f3n de propuestas del 3 al 18 de octubre.<\/p>\n<p>&nbsp;<\/p>\n<p>Estos proyectos podr\u00e1n hacerse llegar en las oficinas de la dependencia, en l\u00ednea o en las asambleas de los comit\u00e9s vecinales CRECES que se estar\u00e1n realizando en las colonias.<\/p>\n<p>&nbsp;<\/p>\n<p>Precis\u00f3 que cada a\u00f1o el recurso del presupuesto participativo CRECES, se ha incrementado: en 2022 fue de 40 millones, en 2023 de 60 y en esta edici\u00f3n ser\u00e1 de 80 millones de pesos.<\/p>\n<p>&nbsp;<\/p>\n<p>\u201c\u00bfC\u00f3mo se va a distribuir esta bolsa de 80 millones de pesos?, vamos a invertir 60 millones, as\u00ed como lo hicimos el a\u00f1o pasado y vamos a dejar 20 millones para un proyecto de ciudad; tenemos en Hermosillo 66 zonas, donde gana un proyecto por zona y tenemos 6 sectores, que vienen siendo los distritos, y gana un proyecto por sector y ahora tambi\u00e9n vamos a a\u00f1adirle otro proyecto que es el de ciudad de 20 millones de pesos\u201d, explic\u00f3 el funcionario.<\/p>\n<p>&nbsp;<\/p>\n<p>Daniel Garc\u00eda Escalante ofreci\u00f3 el n\u00famero telef\u00f3nico 6622 89 30 00, extensi\u00f3n 3094, a quienes requieran mayor informaci\u00f3n sobre las diferentes etapas que involucran el ejercicio del presupuesto participativo CRECES.<\/p>\n<p>&nbsp;<\/p>\n<p>Aclar\u00f3 que todas las propuestas ser\u00e1n validadas en cuanto a su viabilidad t\u00e9cnica, operativa y legal, para poder ser sometidas a votaci\u00f3n y la ciudadan\u00eda podr\u00e1 emitir su voto ya sea de forma presencial como a distancia.<\/p>\n<p>&nbsp;<\/p>\n<p>La elecci\u00f3n en l\u00ednea ser\u00e1 a trav\u00e9s de la p\u00e1gina: <a href=\"https:\/\/presupuestocreces.hermosillo.gob.mx\/\">https:\/\/presupuestocreces.hermosillo.gob.mx\/<\/a> \u00a0\u00a0y por el chatbot \u201cHola\u201d del Ayuntamiento, del 11 de octubre al 23 de noviembre de 2024.<\/p>\n<p>&nbsp;<\/p>\n<p>Del 11 al 22 de noviembre, se realizar\u00e1 la votaci\u00f3n presencial en casillas que se colocar\u00e1n en lugares estrat\u00e9gicos de los 6 sectores del municipio y la presentaci\u00f3n de resultados se ofrecer\u00e1 el 25 de noviembre, explic\u00f3 Daniel Garc\u00eda.<\/p>\n<p>&nbsp;<\/p>\n<p>\u201cSi recuerdan el primer a\u00f1o, el 2022, tuvimos alrededor de 25 mil votantes, el 2023 crecimos a 43 mil votantes y esperemos que ahora la gente se sume y voten m\u00e1s\u201d, finaliz\u00f3 el director de Participaci\u00f3n Ciudadana.<\/p>\n<p><strong>Fecha de publicaci\u00f3n\u00a0 jueves 3 de octubre de 2024<\/strong><\/p>\n","protected":false},"excerpt":{"rendered":"<p>HERMOSILLO, SONORA, MX. \u2014 El Gobierno de Hermosillo, a trav\u00e9s de la Direcci\u00f3n de Participaci\u00f3n&#8230;<\/p>\n","protected":false},"author":1,"featured_media":200506,"comment_status":"open","ping_status":"open","sticky":false,"template":"","format":"standard","meta":{"_monsterinsights_skip_tracking":false,"_monsterinsights_sitenote_active":false,"_monsterinsights_sitenote_note":"","_monsterinsights_sitenote_category":0,"footnotes":""},"categories":[4],"tags":[6209,25],"class_list":["post"],"yoast_head":" \n<title>Sonora en Equipo. Lanza To\u00f1o Astiazar\u00e1n tercera edici\u00f3n de Presupuesto CRECES Municipios<\/title>\n<meta name=\"description\" content=\"HERMOSILLO, SONORA, MX. \u2014 El Gobierno de Hermosillo, a trav\u00e9s de la Direcci\u00f3n de Participaci\u00f3n Ciudadana, abri\u00f3 la convocatoria a las y los hermosillenses En Sonora en Equipo publicamos toda la informaci\u00f3n de Sonora, M\u00e9xico y el Mundo de manera oportuna y busca que la libertad de expresi\u00f3n sea real. Visita nuestro medio informativo publicado desde Hermosillo, Sonora. %\" \/>\n<meta name=\"robots\" content=\"index, follow, max-snippet:-1, max-image-preview:large, max-video-preview:-1\" \/>\n<link rel=\"canonical\" href=\"https:\/\/www.sonoraenequipo.com.mx\/lanza-tono-astiazaran-tercera-edicion-de-presupuesto-creces\/\" \/>\n<meta property=\"og:locale\" content=\"es_ES\" \/>\n<meta property=\"og:type\" content=\"article\" \/>\n<meta property=\"og:title\" content=\"Sonora en Equipo. Lanza To\u00f1o Astiazar\u00e1n tercera edici\u00f3n de Presupuesto CRECES Municipios\" \/>\n<meta property=\"og:description\" content=\"HERMOSILLO, SONORA, MX. \u2014 El Gobierno de Hermosillo, a trav\u00e9s de la Direcci\u00f3n de Participaci\u00f3n Ciudadana, abri\u00f3 la convocatoria a las y los hermosillenses En Sonora en Equipo publicamos toda la informaci\u00f3n de Sonora, M\u00e9xico y el Mundo de manera oportuna y busca que la libertad de expresi\u00f3n sea real. Visita nuestro medio informativo publicado desde Hermosillo, Sonora. %\" \/>\n<meta property=\"og:url\" content=\"https:\/\/www.sonoraenequipo.com.mx\/lanza-tono-astiazaran-tercera-edicion-de-presupuesto-creces\/\" \/>\n<meta property=\"og:site_name\" content=\"Sonora en Equipo.\" \/>\n<meta property=\"article:publisher\" content=\"https:\/\/www.facebook.com\/SonoraEE\/\" \/>\n<meta property=\"article:author\" content=\"https:\/\/www.facebook.com\/SonoraEE\" \/>\n<meta property=\"article:published_time\" content=\"2024-10-03T22:45:23+00:00\" \/>\n<meta property=\"og:image\" content=\"https:\/\/www.sonoraenequipo.com.mx\/storage\/2024\/10\/creces.jpg\" \/>\n\t<meta property=\"og:image:width\" content=\"600\" \/>\n\t<meta property=\"og:image:height\" content=\"425\" \/>\n\t<meta property=\"og:image:type\" content=\"image\/jpeg\" \/>\n<meta name=\"author\" content=\"enequipo\" \/>\n<meta name=\"twitter:card\" content=\"summary_large_image\" \/>\n<meta name=\"twitter:creator\" content=\"@sonoraenequipo\" \/>\n<meta name=\"twitter:site\" content=\"@sonoraenequipo\" \/>\n<meta name=\"twitter:label1\" content=\"Escrito por\" \/>\n\t<meta name=\"twitter:data1\" content=\"enequipo\" \/>\n\t<meta name=\"twitter:label2\" content=\"Tiempo de lectura\" \/>\n\t<meta name=\"twitter:data2\" content=\"2 minutos\" \/>\n<script type=\"application\/ld+json\" class=\"yoast-schema-graph\">{\"@context\":\"https:\/\/schema.org\",\"@graph\":[{\"@type\":\"Article\",\"@id\":\"https:\/\/www.sonoraenequipo.com.mx\/lanza-tono-astiazaran-tercera-edicion-de-presupuesto-creces\/#article\",\"isPartOf\":{\"@id\":\"https:\/\/www.sonoraenequipo.com.mx\/lanza-tono-astiazaran-tercera-edicion-de-presupuesto-creces\/\"},\"author\":{\"name\":\"enequipo\",\"@id\":\"https:\/\/www.sonoraenequipo.com.mx\/#\/schema\/person\/50102df0fb23a8fa9e8effad8fa81386\"},\"headline\":\"Lanza To\u00f1o Astiazar\u00e1n tercera edici\u00f3n de Presupuesto CRECES\",\"datePublished\":\"2024-10-03T22:45:23+00:00\",\"mainEntityOfPage\":{\"@id\":\"https:\/\/www.sonoraenequipo.com.mx\/lanza-tono-astiazaran-tercera-edicion-de-presupuesto-creces\/\"},\"wordCount\":446,\"commentCount\":0,\"publisher\":{\"@id\":\"https:\/\/www.sonoraenequipo.com.mx\/#organization\"},\"image\":{\"@id\":\"https:\/\/www.sonoraenequipo.com.mx\/lanza-tono-astiazaran-tercera-edicion-de-presupuesto-creces\/#primaryimage\"},\"thumbnailUrl\":\"https:\/\/www.sonoraenequipo.com.mx\/storage\/2024\/10\/creces.jpg\",\"keywords\":[\"creces\",\"presupuesto\"],\"articleSection\":[\"Municipios\"],\"inLanguage\":\"es\",\"potentialAction\":[{\"@type\":\"CommentAction\",\"name\":\"Comment\",\"target\":[\"https:\/\/www.sonoraenequipo.com.mx\/lanza-tono-astiazaran-tercera-edicion-de-presupuesto-creces\/#respond\"]}]},{\"@type\":\"WebPage\",\"@id\":\"https:\/\/www.sonoraenequipo.com.mx\/lanza-tono-astiazaran-tercera-edicion-de-presupuesto-creces\/\",\"url\":\"https:\/\/www.sonoraenequipo.com.mx\/lanza-tono-astiazaran-tercera-edicion-de-presupuesto-creces\/\",\"name\":\"Sonora en Equipo. Lanza To\u00f1o Astiazar\u00e1n tercera edici\u00f3n de Presupuesto CRECES Municipios\",\"isPartOf\":{\"@id\":\"https:\/\/www.sonoraenequipo.com.mx\/#website\"},\"primaryImageOfPage\":{\"@id\":\"https:\/\/www.sonoraenequipo.com.mx\/lanza-tono-astiazaran-tercera-edicion-de-presupuesto-creces\/#primaryimage\"},\"image\":{\"@id\":\"https:\/\/www.sonoraenequipo.com.mx\/lanza-tono-astiazaran-tercera-edicion-de-presupuesto-creces\/#primaryimage\"},\"thumbnailUrl\":\"https:\/\/www.sonoraenequipo.com.mx\/storage\/2024\/10\/creces.jpg\",\"datePublished\":\"2024-10-03T22:45:23+00:00\",\"description\":\"HERMOSILLO, SONORA, MX. \u2014 El Gobierno de Hermosillo, a trav\u00e9s de la Direcci\u00f3n de Participaci\u00f3n Ciudadana, abri\u00f3 la convocatoria a las y los hermosillenses En Sonora en Equipo publicamos toda la informaci\u00f3n de Sonora, M\u00e9xico y el Mundo de manera oportuna y busca que la libertad de expresi\u00f3n sea real. Visita nuestro medio informativo publicado desde Hermosillo, Sonora. %\",\"breadcrumb\":{\"@id\":\"https:\/\/www.sonoraenequipo.com.mx\/lanza-tono-astiazaran-tercera-edicion-de-presupuesto-creces\/#breadcrumb\"},\"inLanguage\":\"es\",\"potentialAction\":[{\"@type\":\"ReadAction\",\"target\":[\"https:\/\/www.sonoraenequipo.com.mx\/lanza-tono-astiazaran-tercera-edicion-de-presupuesto-creces\/\"]}]},{\"@type\":\"ImageObject\",\"inLanguage\":\"es\",\"@id\":\"https:\/\/www.sonoraenequipo.com.mx\/lanza-tono-astiazaran-tercera-edicion-de-presupuesto-creces\/#primaryimage\",\"url\":\"https:\/\/www.sonoraenequipo.com.mx\/storage\/2024\/10\/creces.jpg\",\"contentUrl\":\"https:\/\/www.sonoraenequipo.com.mx\/storage\/2024\/10\/creces.jpg\",\"width\":600,\"height\":425},{\"@type\":\"BreadcrumbList\",\"@id\":\"https:\/\/www.sonoraenequipo.com.mx\/lanza-tono-astiazaran-tercera-edicion-de-presupuesto-creces\/#breadcrumb\",\"itemListElement\":[{\"@type\":\"ListItem\",\"position\":1,\"name\":\"Portada\",\"item\":\"https:\/\/www.sonoraenequipo.com.mx\/\"},{\"@type\":\"ListItem\",\"position\":2,\"name\":\"Lanza To\u00f1o Astiazar\u00e1n tercera edici\u00f3n de Presupuesto CRECES\"}]},{\"@type\":\"WebSite\",\"@id\":\"https:\/\/www.sonoraenequipo.com.mx\/#website\",\"url\":\"https:\/\/www.sonoraenequipo.com.mx\/\",\"name\":\"Sonora en Equipo.\",\"description\":\"Diario en l\u00ednea con Noticias desde Hermosillo, Sonora\",\"publisher\":{\"@id\":\"https:\/\/www.sonoraenequipo.com.mx\/#organization\"},\"potentialAction\":[{\"@type\":\"SearchAction\",\"target\":{\"@type\":\"EntryPoint\",\"urlTemplate\":\"https:\/\/www.sonoraenequipo.com.mx\/?s={search_term_string}\"},\"query-input\":{\"@type\":\"PropertyValueSpecification\",\"valueRequired\":true,\"valueName\":\"search_term_string\"}}],\"inLanguage\":\"es\"},{\"@type\":\"Organization\",\"@id\":\"https:\/\/www.sonoraenequipo.com.mx\/#organization\",\"name\":\"Sonoraenequipo.com.mx\",\"url\":\"https:\/\/www.sonoraenequipo.com.mx\/\",\"logo\":{\"@type\":\"ImageObject\",\"inLanguage\":\"es\",\"@id\":\"https:\/\/www.sonoraenequipo.com.mx\/#\/schema\/logo\/image\/\",\"url\":\"https:\/\/www.sonoraenequipo.com.mx\/storage\/2019\/01\/sonoraenequipo_opt.png\",\"contentUrl\":\"https:\/\/www.sonoraenequipo.com.mx\/storage\/2019\/01\/sonoraenequipo_opt.png\",\"width\":375,\"height\":125,\"caption\":\"Sonoraenequipo.com.mx\"},\"image\":{\"@id\":\"https:\/\/www.sonoraenequipo.com.mx\/#\/schema\/logo\/image\/\"},\"sameAs\":[\"https:\/\/www.facebook.com\/SonoraEE\/\",\"https:\/\/x.com\/sonoraenequipo\",\"https:\/\/www.youtube.com\/channel\/UC338nW-lPEYmJQs4ZABQ1SQ\"]},{\"@type\":\"Person\",\"@id\":\"https:\/\/www.sonoraenequipo.com.mx\/#\/schema\/person\/50102df0fb23a8fa9e8effad8fa81386\",\"name\":\"enequipo\",\"image\":{\"@type\":\"ImageObject\",\"inLanguage\":\"es\",\"@id\":\"https:\/\/www.sonoraenequipo.com.mx\/#\/schema\/person\/image\/\",\"url\":\"https:\/\/secure.gravatar.com\/avatar\/049821681b589dabc0bc20695993ccebb09f5b5d4d790cd9251b97faac7c652b?s=96&d=blank&r=g\",\"contentUrl\":\"https:\/\/secure.gravatar.com\/avatar\/049821681b589dabc0bc20695993ccebb09f5b5d4d790cd9251b97faac7c652b?s=96&d=blank&r=g\",\"caption\":\"enequipo\"},\"sameAs\":[\"https:\/\/www.facebook.com\/SonoraEE\"]}]}<\/script>\n ","yoast_head_json":{"title":"Sonora en Equipo. Lanza To\u00f1o Astiazar\u00e1n tercera edici\u00f3n de Presupuesto CRECES Municipios","description":"HERMOSILLO, SONORA, MX. \u2014 El Gobierno de Hermosillo, a trav\u00e9s de la Direcci\u00f3n de Participaci\u00f3n Ciudadana, abri\u00f3 la convocatoria a las y los hermosillenses En Sonora en Equipo publicamos toda la informaci\u00f3n de Sonora, M\u00e9xico y el Mundo de manera oportuna y busca que la libertad de expresi\u00f3n sea real. Visita nuestro medio informativo publicado desde Hermosillo, Sonora. %","robots":{"index":"index","follow":"follow","max-snippet":"max-snippet:-1","max-image-preview":"max-image-preview:large","max-video-preview":"max-video-preview:-1"},"canonical":"https:\/\/www.sonoraenequipo.com.mx\/lanza-tono-astiazaran-tercera-edicion-de-presupuesto-creces\/","og_locale":"es_ES","og_type":"article","og_title":"Sonora en Equipo. Lanza To\u00f1o Astiazar\u00e1n tercera edici\u00f3n de Presupuesto CRECES Municipios","og_description":"HERMOSILLO, SONORA, MX. \u2014 El Gobierno de Hermosillo, a trav\u00e9s de la Direcci\u00f3n de Participaci\u00f3n Ciudadana, abri\u00f3 la convocatoria a las y los hermosillenses En Sonora en Equipo publicamos toda la informaci\u00f3n de Sonora, M\u00e9xico y el Mundo de manera oportuna y busca que la libertad de expresi\u00f3n sea real. Visita nuestro medio informativo publicado desde Hermosillo, Sonora. %","og_url":"https:\/\/www.sonoraenequipo.com.mx\/lanza-tono-astiazaran-tercera-edicion-de-presupuesto-creces\/","og_site_name":"Sonora en Equipo.","article_publisher":"https:\/\/www.facebook.com\/SonoraEE\/","article_author":"https:\/\/www.facebook.com\/SonoraEE","article_published_time":"2024-10-03T22:45:23+00:00","og_image":[{"width":600,"height":425,"url":"https:\/\/www.sonoraenequipo.com.mx\/storage\/2024\/10\/creces.jpg","type":"image\/jpeg"}],"author":"enequipo","twitter_card":"summary_large_image","twitter_creator":"@sonoraenequipo","twitter_site":"@sonoraenequipo","twitter_misc":{"Escrito por":"enequipo","Tiempo de lectura":"2 minutos"},"schema":{"@context":"https:\/\/schema.org","@graph":[{"@type":"Article","@id":"https:\/\/www.sonoraenequipo.com.mx\/lanza-tono-astiazaran-tercera-edicion-de-presupuesto-creces\/#article","isPartOf":{"@id":"https:\/\/www.sonoraenequipo.com.mx\/lanza-tono-astiazaran-tercera-edicion-de-presupuesto-creces\/"},"author":{"name":"enequipo","@id":"https:\/\/www.sonoraenequipo.com.mx\/#\/schema\/person\/50102df0fb23a8fa9e8effad8fa81386"},"headline":"Lanza To\u00f1o Astiazar\u00e1n tercera edici\u00f3n de Presupuesto CRECES","datePublished":"2024-10-03T22:45:23+00:00","mainEntityOfPage":{"@id":"https:\/\/www.sonoraenequipo.com.mx\/lanza-tono-astiazaran-tercera-edicion-de-presupuesto-creces\/"},"wordCount":446,"commentCount":0,"publisher":{"@id":"https:\/\/www.sonoraenequipo.com.mx\/#organization"},"image":{"@id":"https:\/\/www.sonoraenequipo.com.mx\/lanza-tono-astiazaran-tercera-edicion-de-presupuesto-creces\/#primaryimage"},"thumbnailUrl":"https:\/\/www.sonoraenequipo.com.mx\/storage\/2024\/10\/creces.jpg","keywords":["creces","presupuesto"],"articleSection":["Municipios"],"inLanguage":"es","potentialAction":[{"@type":"CommentAction","name":"Comment","target":["https:\/\/www.sonoraenequipo.com.mx\/lanza-tono-astiazaran-tercera-edicion-de-presupuesto-creces\/#respond"]}]},{"@type":"WebPage","@id":"https:\/\/www.sonoraenequipo.com.mx\/lanza-tono-astiazaran-tercera-edicion-de-presupuesto-creces\/","url":"https:\/\/www.sonoraenequipo.com.mx\/lanza-tono-astiazaran-tercera-edicion-de-presupuesto-creces\/","name":"Sonora en Equipo. Lanza To\u00f1o Astiazar\u00e1n tercera edici\u00f3n de Presupuesto CRECES Municipios","isPartOf":{"@id":"https:\/\/www.sonoraenequipo.com.mx\/#website"},"primaryImageOfPage":{"@id":"https:\/\/www.sonoraenequipo.com.mx\/lanza-tono-astiazaran-tercera-edicion-de-presupuesto-creces\/#primaryimage"},"image":{"@id":"https:\/\/www.sonoraenequipo.com.mx\/lanza-tono-astiazaran-tercera-edicion-de-presupuesto-creces\/#primaryimage"},"thumbnailUrl":"https:\/\/www.sonoraenequipo.com.mx\/storage\/2024\/10\/creces.jpg","datePublished":"2024-10-03T22:45:23+00:00","description":"HERMOSILLO, SONORA, MX. \u2014 El Gobierno de Hermosillo, a trav\u00e9s de la Direcci\u00f3n de Participaci\u00f3n Ciudadana, abri\u00f3 la convocatoria a las y los hermosillenses En Sonora en Equipo publicamos toda la informaci\u00f3n de Sonora, M\u00e9xico y el Mundo de manera oportuna y busca que la libertad de expresi\u00f3n sea real. Visita nuestro medio informativo publicado desde Hermosillo, Sonora. %","breadcrumb":{"@id":"https:\/\/www.sonoraenequipo.com.mx\/lanza-tono-astiazaran-tercera-edicion-de-presupuesto-creces\/#breadcrumb"},"inLanguage":"es","potentialAction":[{"@type":"ReadAction","target":["https:\/\/www.sonoraenequipo.com.mx\/lanza-tono-astiazaran-tercera-edicion-de-presupuesto-creces\/"]}]},{"@type":"ImageObject","inLanguage":"es","@id":"https:\/\/www.sonoraenequipo.com.mx\/lanza-tono-astiazaran-tercera-edicion-de-presupuesto-creces\/#primaryimage","url":"https:\/\/www.sonoraenequipo.com.mx\/storage\/2024\/10\/creces.jpg","contentUrl":"https:\/\/www.sonoraenequipo.com.mx\/storage\/2024\/10\/creces.jpg","width":600,"height":425},{"@type":"BreadcrumbList","@id":"https:\/\/www.sonoraenequipo.com.mx\/lanza-tono-astiazaran-tercera-edicion-de-presupuesto-creces\/#breadcrumb","itemListElement":[{"@type":"ListItem","position":1,"name":"Portada","item":"https:\/\/www.sonoraenequipo.com.mx\/"},{"@type":"ListItem","position":2,"name":"Lanza To\u00f1o Astiazar\u00e1n tercera edici\u00f3n de Presupuesto CRECES"}]},{"@type":"WebSite","@id":"https:\/\/www.sonoraenequipo.com.mx\/#website","url":"https:\/\/www.sonoraenequipo.com.mx\/","name":"Sonora en Equipo.","description":"Diario en l\u00ednea con Noticias desde Hermosillo, Sonora","publisher":{"@id":"https:\/\/www.sonoraenequipo.com.mx\/#organization"},"potentialAction":[{"@type":"SearchAction","target":{"@type":"EntryPoint","urlTemplate":"https:\/\/www.sonoraenequipo.com.mx\/?s={search_term_string}"},"query-input":{"@type":"PropertyValueSpecification","valueRequired":true,"valueName":"search_term_string"}}],"inLanguage":"es"},{"@type":"Organization","@id":"https:\/\/www.sonoraenequipo.com.mx\/#organization","name":"Sonoraenequipo.com.mx","url":"https:\/\/www.sonoraenequipo.com.mx\/","logo":{"@type":"ImageObject","inLanguage":"es","@id":"https:\/\/www.sonoraenequipo.com.mx\/#\/schema\/logo\/image\/","url":"https:\/\/www.sonoraenequipo.com.mx\/storage\/2019\/01\/sonoraenequipo_opt.png","contentUrl":"https:\/\/www.sonoraenequipo.com.mx\/storage\/2019\/01\/sonoraenequipo_opt.png","width":375,"height":125,"caption":"Sonoraenequipo.com.mx"},"image":{"@id":"https:\/\/www.sonoraenequipo.com.mx\/#\/schema\/logo\/image\/"},"sameAs":["https:\/\/www.facebook.com\/SonoraEE\/","https:\/\/x.com\/sonoraenequipo","https:\/\/www.youtube.com\/channel\/UC338nW-lPEYmJQs4ZABQ1SQ"]},{"@type":"Person","@id":"https:\/\/www.sonoraenequipo.com.mx\/#\/schema\/person\/50102df0fb23a8fa9e8effad8fa81386","name":"enequipo","image":{"@type":"ImageObject","inLanguage":"es","@id":"https:\/\/www.sonoraenequipo.com.mx\/#\/schema\/person\/image\/","url":"https:\/\/secure.gravatar.com\/avatar\/049821681b589dabc0bc20695993ccebb09f5b5d4d790cd9251b97faac7c652b?s=96&d=blank&r=g","contentUrl":"https:\/\/secure.gravatar.com\/avatar\/049821681b589dabc0bc20695993ccebb09f5b5d4d790cd9251b97faac7c652b?s=96&d=blank&r=g","caption":"enequipo"},"sameAs":["https:\/\/www.facebook.com\/SonoraEE"]}]}},"jetpack_featured_media_url":"https:\/\/www.sonoraenequipo.com.mx\/storage\/2024\/10\/creces.jpg","_links":{"self":[{"href":"https:\/\/www.sonoraenequipo.com.mx\/api\/wp\/v2\/posts\/200505","targetHints":{"allow":["GET"]}}],"collection":[{"href":"https:\/\/www.sonoraenequipo.com.mx\/api\/wp\/v2\/posts"}],"about":[{"href":"https:\/\/www.sonoraenequipo.com.mx\/api\/wp\/v2\/types\/post"}],"author":[{"embeddable":true,"href":"https:\/\/www.sonoraenequipo.com.mx\/api\/wp\/v2\/users\/1"}],"replies":[{"embeddable":true,"href":"https:\/\/www.sonoraenequipo.com.mx\/api\/wp\/v2\/comments?post=200505"}],"version-history":[{"count":1,"href":"https:\/\/www.sonoraenequipo.com.mx\/api\/wp\/v2\/posts\/200505\/revisions"}],"predecessor-version":[{"id":200507,"href":"https:\/\/www.sonoraenequipo.com.mx\/api\/wp\/v2\/posts\/200505\/revisions\/200507"}],"wp:featuredmedia":[{"embeddable":true,"href":"https:\/\/www.sonoraenequipo.com.mx\/api\/wp\/v2\/media\/200506"}],"wp:attachment":[{"href":"https:\/\/www.sonoraenequipo.com.mx\/api\/wp\/v2\/media?parent=200505"}],"wp:term":[{"taxonomy":"category","embeddable":true,"href":"https:\/\/www.sonoraenequipo.com.mx\/api\/wp\/v2\/categories?post=200505"},{"taxonomy":"post_tag","embeddable":true,"href":"https:\/\/www.sonoraenequipo.com.mx\/api\/wp\/v2\/tags?post=200505"}],"curies":[{"name":"wp","href":"https:\/\/api.w.org\/{rel}","templated":true}]}}