{"id":200510,"date":"2024-10-03T15:58:52","date_gmt":"2024-10-03T22:58:52","guid":{"rendered":"https:\/\/www.sonoraenequipo.com.mx\/?p=200510"},"modified":"2024-10-03T15:58:52","modified_gmt":"2024-10-03T22:58:52","slug":"gobernador-durazo-entrega-reconocimientos-equipo-tactico-y-patrullas-a-personal-de-la-fgje","status":"publish","type":"post","link":"https:\/\/www.sonoraenequipo.com.mx\/gobernador-durazo-entrega-reconocimientos-equipo-tactico-y-patrullas-a-personal-de-la-fgje\/","title":{"rendered":"Gobernador Durazo entrega reconocimientos, equipo t\u00e1ctico y patrullas a personal de la FGJE"},"content":{"rendered":"<p><strong>HERMOSILLO, SONORA, MX.<\/strong> \u2014 Con el fin de contribuir al desarrollo y profesionalizaci\u00f3n de las corporaciones de seguridad encargadas de salvaguardar la integridad de las familias sonorenses, preservar el orden y la paz social, el gobernador Alfonso Durazo Monta\u00f1o encabez\u00f3 la ceremonia de entrega de reconocimientos, est\u00edmulos y equipamiento a personal de la Fiscal\u00eda General de Justicia del Estado de Sonora.<\/p>\n<p>&nbsp;<\/p>\n<p>El jefe del Ejecutivo estatal, acompa\u00f1ado del fiscal de Justicia de Sonora Gustavo R\u00f3mulo Salas Ch\u00e1vez, durante la ceremonia de graduaci\u00f3n de 113 elementos de distintas corporaciones de seguridad, reconoci\u00f3 la labor del personal de la Fiscal\u00eda y se comprometi\u00f3 a gestionar para que en el presupuesto del pr\u00f3ximo a\u00f1o se destine una partida importante para mejorar los ingresos de los integrantes de la instituci\u00f3n.<\/p>\n<p>&nbsp;<\/p>\n<p>\u00abPara m\u00ed es fundamental consolidar la carrera policial, de agentes de ministerio p\u00fablico, de integrantes de la Fiscal\u00eda General de Justicia del Estado, como sucede con otras instituciones que son modelo en ese sentido: el Ej\u00e9rcito, la Marina, la Guardia Nacional, d\u00f3nde cada uno de sus integrantes cuida su carrera porque sabe que cumpliendo con el deber, encontrar\u00e1 en un futuro cercano oportunidades de ascenso y es lo que quiero para cada uno de ustedes\u00bb, asever\u00f3.<\/p>\n<p>&nbsp;<\/p>\n<p>En el evento, se realiz\u00f3 la develaci\u00f3n de placa de agradecimiento al gobernador Alfonso Durazo, quien hizo la entrega de constancia de acreditaci\u00f3n de Nivel T\u00e9cnico Superior Universitario como polic\u00eda investigador a 54 elementos y se otorgaron mil placas de identificaci\u00f3n policial.<\/p>\n<p>&nbsp;<\/p>\n<p>Se entregaron reconocimientos a los 59 egresados de los cursos de formaci\u00f3n inicial de Agente del Ministerio P\u00fablico, Peritos y Agentes Ministeriales de Investigaci\u00f3n Criminal, que concluyeron satisfactoriamente en diciembre de 2023 y que al d\u00eda de hoy se encuentran desempe\u00f1ando sus funciones y sumados al trabajo de la instituci\u00f3n.<\/p>\n<p>&nbsp;<\/p>\n<p>De igual forma, se realiz\u00f3 la entrega de 900 paquetes de uniformes, que incluyen cada uno, una camisa, pantal\u00f3n, bota t\u00e1ctica y gorra. Asimismo, un total de 200 chalecos bal\u00edsticos de la m\u00e1s reciente tecnolog\u00eda y un kit personal de medicina de combate de un total de 100 para la Agencia Ministerial de Investigaci\u00f3n Criminal (Amic), con una inversi\u00f3n superior a los 40 millones de pesos.<\/p>\n<p>&nbsp;<\/p>\n<p>Tambi\u00e9n se entregaron 32 veh\u00edculos t\u00e1cticos: 19 pick up ram, 11 sedanes Attitude y dos camionetas.<\/p>\n<p><strong>Fecha de publicaci\u00f3n\u00a0 jueves 3 de octubre de 2024<\/strong><\/p>\n","protected":false},"excerpt":{"rendered":"<p>HERMOSILLO, SONORA, MX. \u2014 Con el fin de contribuir al desarrollo y profesionalizaci\u00f3n de las&#8230;<\/p>\n","protected":false},"author":1,"featured_media":200511,"comment_status":"open","ping_status":"open","sticky":false,"template":"","format":"standard","meta":{"_monsterinsights_skip_tracking":false,"_monsterinsights_sitenote_active":false,"_monsterinsights_sitenote_note":"","_monsterinsights_sitenote_category":0,"footnotes":""},"categories":[22],"tags":[4878,5673],"class_list":["post"],"yoast_head":" \n<title>Sonora en Equipo. Gobernador Durazo entrega reconocimientos, equipo t\u00e1ctico y patrullas a personal de la FGJE Sonora<\/title>\n<meta name=\"description\" content=\"HERMOSILLO, SONORA, MX. \u2014 Con el fin de contribuir al desarrollo y profesionalizaci\u00f3n de las corporaciones de seguridad encargadas de salvaguardar la En Sonora en Equipo publicamos toda la informaci\u00f3n de Sonora, M\u00e9xico y el Mundo de manera oportuna y busca que la libertad de expresi\u00f3n sea real. Visita nuestro medio informativo publicado desde Hermosillo, Sonora. %\" \/>\n<meta name=\"robots\" content=\"index, follow, max-snippet:-1, max-image-preview:large, max-video-preview:-1\" \/>\n<link rel=\"canonical\" href=\"https:\/\/www.sonoraenequipo.com.mx\/gobernador-durazo-entrega-reconocimientos-equipo-tactico-y-patrullas-a-personal-de-la-fgje\/\" \/>\n<meta property=\"og:locale\" content=\"es_ES\" \/>\n<meta property=\"og:type\" content=\"article\" \/>\n<meta property=\"og:title\" content=\"Sonora en Equipo. Gobernador Durazo entrega reconocimientos, equipo t\u00e1ctico y patrullas a personal de la FGJE Sonora\" \/>\n<meta property=\"og:description\" content=\"HERMOSILLO, SONORA, MX. \u2014 Con el fin de contribuir al desarrollo y profesionalizaci\u00f3n de las corporaciones de seguridad encargadas de salvaguardar la En Sonora en Equipo publicamos toda la informaci\u00f3n de Sonora, M\u00e9xico y el Mundo de manera oportuna y busca que la libertad de expresi\u00f3n sea real. Visita nuestro medio informativo publicado desde Hermosillo, Sonora. %\" \/>\n<meta property=\"og:url\" content=\"https:\/\/www.sonoraenequipo.com.mx\/gobernador-durazo-entrega-reconocimientos-equipo-tactico-y-patrullas-a-personal-de-la-fgje\/\" \/>\n<meta property=\"og:site_name\" content=\"Sonora en Equipo.\" \/>\n<meta property=\"article:publisher\" content=\"https:\/\/www.facebook.com\/SonoraEE\/\" \/>\n<meta property=\"article:author\" content=\"https:\/\/www.facebook.com\/SonoraEE\" \/>\n<meta property=\"article:published_time\" content=\"2024-10-03T22:58:52+00:00\" \/>\n<meta property=\"og:image\" content=\"https:\/\/www.sonoraenequipo.com.mx\/storage\/2024\/10\/equpo-fgjes.jpg\" \/>\n\t<meta property=\"og:image:width\" content=\"600\" \/>\n\t<meta property=\"og:image:height\" content=\"400\" \/>\n\t<meta property=\"og:image:type\" content=\"image\/jpeg\" \/>\n<meta name=\"author\" content=\"enequipo\" \/>\n<meta name=\"twitter:card\" content=\"summary_large_image\" \/>\n<meta name=\"twitter:creator\" content=\"@sonoraenequipo\" \/>\n<meta name=\"twitter:site\" content=\"@sonoraenequipo\" \/>\n<meta name=\"twitter:label1\" content=\"Escrito por\" \/>\n\t<meta name=\"twitter:data1\" content=\"enequipo\" \/>\n\t<meta name=\"twitter:label2\" content=\"Tiempo de lectura\" \/>\n\t<meta name=\"twitter:data2\" content=\"2 minutos\" \/>\n<script type=\"application\/ld+json\" class=\"yoast-schema-graph\">{\"@context\":\"https:\/\/schema.org\",\"@graph\":[{\"@type\":\"Article\",\"@id\":\"https:\/\/www.sonoraenequipo.com.mx\/gobernador-durazo-entrega-reconocimientos-equipo-tactico-y-patrullas-a-personal-de-la-fgje\/#article\",\"isPartOf\":{\"@id\":\"https:\/\/www.sonoraenequipo.com.mx\/gobernador-durazo-entrega-reconocimientos-equipo-tactico-y-patrullas-a-personal-de-la-fgje\/\"},\"author\":{\"name\":\"enequipo\",\"@id\":\"https:\/\/www.sonoraenequipo.com.mx\/#\/schema\/person\/50102df0fb23a8fa9e8effad8fa81386\"},\"headline\":\"Gobernador Durazo entrega reconocimientos, equipo t\u00e1ctico y patrullas a personal de la FGJE\",\"datePublished\":\"2024-10-03T22:58:52+00:00\",\"mainEntityOfPage\":{\"@id\":\"https:\/\/www.sonoraenequipo.com.mx\/gobernador-durazo-entrega-reconocimientos-equipo-tactico-y-patrullas-a-personal-de-la-fgje\/\"},\"wordCount\":429,\"commentCount\":0,\"publisher\":{\"@id\":\"https:\/\/www.sonoraenequipo.com.mx\/#organization\"},\"image\":{\"@id\":\"https:\/\/www.sonoraenequipo.com.mx\/gobernador-durazo-entrega-reconocimientos-equipo-tactico-y-patrullas-a-personal-de-la-fgje\/#primaryimage\"},\"thumbnailUrl\":\"https:\/\/www.sonoraenequipo.com.mx\/storage\/2024\/10\/equpo-fgjes.jpg\",\"keywords\":[\"equipo\",\"fgjs\"],\"articleSection\":[\"Sonora\"],\"inLanguage\":\"es\",\"potentialAction\":[{\"@type\":\"CommentAction\",\"name\":\"Comment\",\"target\":[\"https:\/\/www.sonoraenequipo.com.mx\/gobernador-durazo-entrega-reconocimientos-equipo-tactico-y-patrullas-a-personal-de-la-fgje\/#respond\"]}]},{\"@type\":\"WebPage\",\"@id\":\"https:\/\/www.sonoraenequipo.com.mx\/gobernador-durazo-entrega-reconocimientos-equipo-tactico-y-patrullas-a-personal-de-la-fgje\/\",\"url\":\"https:\/\/www.sonoraenequipo.com.mx\/gobernador-durazo-entrega-reconocimientos-equipo-tactico-y-patrullas-a-personal-de-la-fgje\/\",\"name\":\"Sonora en Equipo. Gobernador Durazo entrega reconocimientos, equipo t\u00e1ctico y patrullas a personal de la FGJE Sonora\",\"isPartOf\":{\"@id\":\"https:\/\/www.sonoraenequipo.com.mx\/#website\"},\"primaryImageOfPage\":{\"@id\":\"https:\/\/www.sonoraenequipo.com.mx\/gobernador-durazo-entrega-reconocimientos-equipo-tactico-y-patrullas-a-personal-de-la-fgje\/#primaryimage\"},\"image\":{\"@id\":\"https:\/\/www.sonoraenequipo.com.mx\/gobernador-durazo-entrega-reconocimientos-equipo-tactico-y-patrullas-a-personal-de-la-fgje\/#primaryimage\"},\"thumbnailUrl\":\"https:\/\/www.sonoraenequipo.com.mx\/storage\/2024\/10\/equpo-fgjes.jpg\",\"datePublished\":\"2024-10-03T22:58:52+00:00\",\"description\":\"HERMOSILLO, SONORA, MX. \u2014 Con el fin de contribuir al desarrollo y profesionalizaci\u00f3n de las corporaciones de seguridad encargadas de salvaguardar la En Sonora en Equipo publicamos toda la informaci\u00f3n de Sonora, M\u00e9xico y el Mundo de manera oportuna y busca que la libertad de expresi\u00f3n sea real. Visita nuestro medio informativo publicado desde Hermosillo, Sonora. %\",\"breadcrumb\":{\"@id\":\"https:\/\/www.sonoraenequipo.com.mx\/gobernador-durazo-entrega-reconocimientos-equipo-tactico-y-patrullas-a-personal-de-la-fgje\/#breadcrumb\"},\"inLanguage\":\"es\",\"potentialAction\":[{\"@type\":\"ReadAction\",\"target\":[\"https:\/\/www.sonoraenequipo.com.mx\/gobernador-durazo-entrega-reconocimientos-equipo-tactico-y-patrullas-a-personal-de-la-fgje\/\"]}]},{\"@type\":\"ImageObject\",\"inLanguage\":\"es\",\"@id\":\"https:\/\/www.sonoraenequipo.com.mx\/gobernador-durazo-entrega-reconocimientos-equipo-tactico-y-patrullas-a-personal-de-la-fgje\/#primaryimage\",\"url\":\"https:\/\/www.sonoraenequipo.com.mx\/storage\/2024\/10\/equpo-fgjes.jpg\",\"contentUrl\":\"https:\/\/www.sonoraenequipo.com.mx\/storage\/2024\/10\/equpo-fgjes.jpg\",\"width\":600,\"height\":400},{\"@type\":\"BreadcrumbList\",\"@id\":\"https:\/\/www.sonoraenequipo.com.mx\/gobernador-durazo-entrega-reconocimientos-equipo-tactico-y-patrullas-a-personal-de-la-fgje\/#breadcrumb\",\"itemListElement\":[{\"@type\":\"ListItem\",\"position\":1,\"name\":\"Portada\",\"item\":\"https:\/\/www.sonoraenequipo.com.mx\/\"},{\"@type\":\"ListItem\",\"position\":2,\"name\":\"Gobernador Durazo entrega reconocimientos, equipo t\u00e1ctico y patrullas a personal de la FGJE\"}]},{\"@type\":\"WebSite\",\"@id\":\"https:\/\/www.sonoraenequipo.com.mx\/#website\",\"url\":\"https:\/\/www.sonoraenequipo.com.mx\/\",\"name\":\"Sonora en Equipo.\",\"description\":\"Diario en l\u00ednea con Noticias desde Hermosillo, Sonora\",\"publisher\":{\"@id\":\"https:\/\/www.sonoraenequipo.com.mx\/#organization\"},\"potentialAction\":[{\"@type\":\"SearchAction\",\"target\":{\"@type\":\"EntryPoint\",\"urlTemplate\":\"https:\/\/www.sonoraenequipo.com.mx\/?s={search_term_string}\"},\"query-input\":{\"@type\":\"PropertyValueSpecification\",\"valueRequired\":true,\"valueName\":\"search_term_string\"}}],\"inLanguage\":\"es\"},{\"@type\":\"Organization\",\"@id\":\"https:\/\/www.sonoraenequipo.com.mx\/#organization\",\"name\":\"Sonoraenequipo.com.mx\",\"url\":\"https:\/\/www.sonoraenequipo.com.mx\/\",\"logo\":{\"@type\":\"ImageObject\",\"inLanguage\":\"es\",\"@id\":\"https:\/\/www.sonoraenequipo.com.mx\/#\/schema\/logo\/image\/\",\"url\":\"https:\/\/www.sonoraenequipo.com.mx\/storage\/2019\/01\/sonoraenequipo_opt.png\",\"contentUrl\":\"https:\/\/www.sonoraenequipo.com.mx\/storage\/2019\/01\/sonoraenequipo_opt.png\",\"width\":375,\"height\":125,\"caption\":\"Sonoraenequipo.com.mx\"},\"image\":{\"@id\":\"https:\/\/www.sonoraenequipo.com.mx\/#\/schema\/logo\/image\/\"},\"sameAs\":[\"https:\/\/www.facebook.com\/SonoraEE\/\",\"https:\/\/x.com\/sonoraenequipo\",\"https:\/\/www.youtube.com\/channel\/UC338nW-lPEYmJQs4ZABQ1SQ\"]},{\"@type\":\"Person\",\"@id\":\"https:\/\/www.sonoraenequipo.com.mx\/#\/schema\/person\/50102df0fb23a8fa9e8effad8fa81386\",\"name\":\"enequipo\",\"image\":{\"@type\":\"ImageObject\",\"inLanguage\":\"es\",\"@id\":\"https:\/\/www.sonoraenequipo.com.mx\/#\/schema\/person\/image\/\",\"url\":\"https:\/\/secure.gravatar.com\/avatar\/049821681b589dabc0bc20695993ccebb09f5b5d4d790cd9251b97faac7c652b?s=96&d=blank&r=g\",\"contentUrl\":\"https:\/\/secure.gravatar.com\/avatar\/049821681b589dabc0bc20695993ccebb09f5b5d4d790cd9251b97faac7c652b?s=96&d=blank&r=g\",\"caption\":\"enequipo\"},\"sameAs\":[\"https:\/\/www.facebook.com\/SonoraEE\"]}]}<\/script>\n ","yoast_head_json":{"title":"Sonora en Equipo. Gobernador Durazo entrega reconocimientos, equipo t\u00e1ctico y patrullas a personal de la FGJE Sonora","description":"HERMOSILLO, SONORA, MX. \u2014 Con el fin de contribuir al desarrollo y profesionalizaci\u00f3n de las corporaciones de seguridad encargadas de salvaguardar la En Sonora en Equipo publicamos toda la informaci\u00f3n de Sonora, M\u00e9xico y el Mundo de manera oportuna y busca que la libertad de expresi\u00f3n sea real. Visita nuestro medio informativo publicado desde Hermosillo, Sonora. %","robots":{"index":"index","follow":"follow","max-snippet":"max-snippet:-1","max-image-preview":"max-image-preview:large","max-video-preview":"max-video-preview:-1"},"canonical":"https:\/\/www.sonoraenequipo.com.mx\/gobernador-durazo-entrega-reconocimientos-equipo-tactico-y-patrullas-a-personal-de-la-fgje\/","og_locale":"es_ES","og_type":"article","og_title":"Sonora en Equipo. Gobernador Durazo entrega reconocimientos, equipo t\u00e1ctico y patrullas a personal de la FGJE Sonora","og_description":"HERMOSILLO, SONORA, MX. \u2014 Con el fin de contribuir al desarrollo y profesionalizaci\u00f3n de las corporaciones de seguridad encargadas de salvaguardar la En Sonora en Equipo publicamos toda la informaci\u00f3n de Sonora, M\u00e9xico y el Mundo de manera oportuna y busca que la libertad de expresi\u00f3n sea real. Visita nuestro medio informativo publicado desde Hermosillo, Sonora. %","og_url":"https:\/\/www.sonoraenequipo.com.mx\/gobernador-durazo-entrega-reconocimientos-equipo-tactico-y-patrullas-a-personal-de-la-fgje\/","og_site_name":"Sonora en Equipo.","article_publisher":"https:\/\/www.facebook.com\/SonoraEE\/","article_author":"https:\/\/www.facebook.com\/SonoraEE","article_published_time":"2024-10-03T22:58:52+00:00","og_image":[{"width":600,"height":400,"url":"https:\/\/www.sonoraenequipo.com.mx\/storage\/2024\/10\/equpo-fgjes.jpg","type":"image\/jpeg"}],"author":"enequipo","twitter_card":"summary_large_image","twitter_creator":"@sonoraenequipo","twitter_site":"@sonoraenequipo","twitter_misc":{"Escrito por":"enequipo","Tiempo de lectura":"2 minutos"},"schema":{"@context":"https:\/\/schema.org","@graph":[{"@type":"Article","@id":"https:\/\/www.sonoraenequipo.com.mx\/gobernador-durazo-entrega-reconocimientos-equipo-tactico-y-patrullas-a-personal-de-la-fgje\/#article","isPartOf":{"@id":"https:\/\/www.sonoraenequipo.com.mx\/gobernador-durazo-entrega-reconocimientos-equipo-tactico-y-patrullas-a-personal-de-la-fgje\/"},"author":{"name":"enequipo","@id":"https:\/\/www.sonoraenequipo.com.mx\/#\/schema\/person\/50102df0fb23a8fa9e8effad8fa81386"},"headline":"Gobernador Durazo entrega reconocimientos, equipo t\u00e1ctico y patrullas a personal de la FGJE","datePublished":"2024-10-03T22:58:52+00:00","mainEntityOfPage":{"@id":"https:\/\/www.sonoraenequipo.com.mx\/gobernador-durazo-entrega-reconocimientos-equipo-tactico-y-patrullas-a-personal-de-la-fgje\/"},"wordCount":429,"commentCount":0,"publisher":{"@id":"https:\/\/www.sonoraenequipo.com.mx\/#organization"},"image":{"@id":"https:\/\/www.sonoraenequipo.com.mx\/gobernador-durazo-entrega-reconocimientos-equipo-tactico-y-patrullas-a-personal-de-la-fgje\/#primaryimage"},"thumbnailUrl":"https:\/\/www.sonoraenequipo.com.mx\/storage\/2024\/10\/equpo-fgjes.jpg","keywords":["equipo","fgjs"],"articleSection":["Sonora"],"inLanguage":"es","potentialAction":[{"@type":"CommentAction","name":"Comment","target":["https:\/\/www.sonoraenequipo.com.mx\/gobernador-durazo-entrega-reconocimientos-equipo-tactico-y-patrullas-a-personal-de-la-fgje\/#respond"]}]},{"@type":"WebPage","@id":"https:\/\/www.sonoraenequipo.com.mx\/gobernador-durazo-entrega-reconocimientos-equipo-tactico-y-patrullas-a-personal-de-la-fgje\/","url":"https:\/\/www.sonoraenequipo.com.mx\/gobernador-durazo-entrega-reconocimientos-equipo-tactico-y-patrullas-a-personal-de-la-fgje\/","name":"Sonora en Equipo. Gobernador Durazo entrega reconocimientos, equipo t\u00e1ctico y patrullas a personal de la FGJE Sonora","isPartOf":{"@id":"https:\/\/www.sonoraenequipo.com.mx\/#website"},"primaryImageOfPage":{"@id":"https:\/\/www.sonoraenequipo.com.mx\/gobernador-durazo-entrega-reconocimientos-equipo-tactico-y-patrullas-a-personal-de-la-fgje\/#primaryimage"},"image":{"@id":"https:\/\/www.sonoraenequipo.com.mx\/gobernador-durazo-entrega-reconocimientos-equipo-tactico-y-patrullas-a-personal-de-la-fgje\/#primaryimage"},"thumbnailUrl":"https:\/\/www.sonoraenequipo.com.mx\/storage\/2024\/10\/equpo-fgjes.jpg","datePublished":"2024-10-03T22:58:52+00:00","description":"HERMOSILLO, SONORA, MX. \u2014 Con el fin de contribuir al desarrollo y profesionalizaci\u00f3n de las corporaciones de seguridad encargadas de salvaguardar la En Sonora en Equipo publicamos toda la informaci\u00f3n de Sonora, M\u00e9xico y el Mundo de manera oportuna y busca que la libertad de expresi\u00f3n sea real. Visita nuestro medio informativo publicado desde Hermosillo, Sonora. %","breadcrumb":{"@id":"https:\/\/www.sonoraenequipo.com.mx\/gobernador-durazo-entrega-reconocimientos-equipo-tactico-y-patrullas-a-personal-de-la-fgje\/#breadcrumb"},"inLanguage":"es","potentialAction":[{"@type":"ReadAction","target":["https:\/\/www.sonoraenequipo.com.mx\/gobernador-durazo-entrega-reconocimientos-equipo-tactico-y-patrullas-a-personal-de-la-fgje\/"]}]},{"@type":"ImageObject","inLanguage":"es","@id":"https:\/\/www.sonoraenequipo.com.mx\/gobernador-durazo-entrega-reconocimientos-equipo-tactico-y-patrullas-a-personal-de-la-fgje\/#primaryimage","url":"https:\/\/www.sonoraenequipo.com.mx\/storage\/2024\/10\/equpo-fgjes.jpg","contentUrl":"https:\/\/www.sonoraenequipo.com.mx\/storage\/2024\/10\/equpo-fgjes.jpg","width":600,"height":400},{"@type":"BreadcrumbList","@id":"https:\/\/www.sonoraenequipo.com.mx\/gobernador-durazo-entrega-reconocimientos-equipo-tactico-y-patrullas-a-personal-de-la-fgje\/#breadcrumb","itemListElement":[{"@type":"ListItem","position":1,"name":"Portada","item":"https:\/\/www.sonoraenequipo.com.mx\/"},{"@type":"ListItem","position":2,"name":"Gobernador Durazo entrega reconocimientos, equipo t\u00e1ctico y patrullas a personal de la FGJE"}]},{"@type":"WebSite","@id":"https:\/\/www.sonoraenequipo.com.mx\/#website","url":"https:\/\/www.sonoraenequipo.com.mx\/","name":"Sonora en Equipo.","description":"Diario en l\u00ednea con Noticias desde Hermosillo, Sonora","publisher":{"@id":"https:\/\/www.sonoraenequipo.com.mx\/#organization"},"potentialAction":[{"@type":"SearchAction","target":{"@type":"EntryPoint","urlTemplate":"https:\/\/www.sonoraenequipo.com.mx\/?s={search_term_string}"},"query-input":{"@type":"PropertyValueSpecification","valueRequired":true,"valueName":"search_term_string"}}],"inLanguage":"es"},{"@type":"Organization","@id":"https:\/\/www.sonoraenequipo.com.mx\/#organization","name":"Sonoraenequipo.com.mx","url":"https:\/\/www.sonoraenequipo.com.mx\/","logo":{"@type":"ImageObject","inLanguage":"es","@id":"https:\/\/www.sonoraenequipo.com.mx\/#\/schema\/logo\/image\/","url":"https:\/\/www.sonoraenequipo.com.mx\/storage\/2019\/01\/sonoraenequipo_opt.png","contentUrl":"https:\/\/www.sonoraenequipo.com.mx\/storage\/2019\/01\/sonoraenequipo_opt.png","width":375,"height":125,"caption":"Sonoraenequipo.com.mx"},"image":{"@id":"https:\/\/www.sonoraenequipo.com.mx\/#\/schema\/logo\/image\/"},"sameAs":["https:\/\/www.facebook.com\/SonoraEE\/","https:\/\/x.com\/sonoraenequipo","https:\/\/www.youtube.com\/channel\/UC338nW-lPEYmJQs4ZABQ1SQ"]},{"@type":"Person","@id":"https:\/\/www.sonoraenequipo.com.mx\/#\/schema\/person\/50102df0fb23a8fa9e8effad8fa81386","name":"enequipo","image":{"@type":"ImageObject","inLanguage":"es","@id":"https:\/\/www.sonoraenequipo.com.mx\/#\/schema\/person\/image\/","url":"https:\/\/secure.gravatar.com\/avatar\/049821681b589dabc0bc20695993ccebb09f5b5d4d790cd9251b97faac7c652b?s=96&d=blank&r=g","contentUrl":"https:\/\/secure.gravatar.com\/avatar\/049821681b589dabc0bc20695993ccebb09f5b5d4d790cd9251b97faac7c652b?s=96&d=blank&r=g","caption":"enequipo"},"sameAs":["https:\/\/www.facebook.com\/SonoraEE"]}]}},"jetpack_featured_media_url":"https:\/\/www.sonoraenequipo.com.mx\/storage\/2024\/10\/equpo-fgjes.jpg","_links":{"self":[{"href":"https:\/\/www.sonoraenequipo.com.mx\/api\/wp\/v2\/posts\/200510","targetHints":{"allow":["GET"]}}],"collection":[{"href":"https:\/\/www.sonoraenequipo.com.mx\/api\/wp\/v2\/posts"}],"about":[{"href":"https:\/\/www.sonoraenequipo.com.mx\/api\/wp\/v2\/types\/post"}],"author":[{"embeddable":true,"href":"https:\/\/www.sonoraenequipo.com.mx\/api\/wp\/v2\/users\/1"}],"replies":[{"embeddable":true,"href":"https:\/\/www.sonoraenequipo.com.mx\/api\/wp\/v2\/comments?post=200510"}],"version-history":[{"count":1,"href":"https:\/\/www.sonoraenequipo.com.mx\/api\/wp\/v2\/posts\/200510\/revisions"}],"predecessor-version":[{"id":200512,"href":"https:\/\/www.sonoraenequipo.com.mx\/api\/wp\/v2\/posts\/200510\/revisions\/200512"}],"wp:featuredmedia":[{"embeddable":true,"href":"https:\/\/www.sonoraenequipo.com.mx\/api\/wp\/v2\/media\/200511"}],"wp:attachment":[{"href":"https:\/\/www.sonoraenequipo.com.mx\/api\/wp\/v2\/media?parent=200510"}],"wp:term":[{"taxonomy":"category","embeddable":true,"href":"https:\/\/www.sonoraenequipo.com.mx\/api\/wp\/v2\/categories?post=200510"},{"taxonomy":"post_tag","embeddable":true,"href":"https:\/\/www.sonoraenequipo.com.mx\/api\/wp\/v2\/tags?post=200510"}],"curies":[{"name":"wp","href":"https:\/\/api.w.org\/{rel}","templated":true}]}}