{"id":200514,"date":"2024-10-03T16:13:02","date_gmt":"2024-10-03T23:13:02","guid":{"rendered":"https:\/\/www.sonoraenequipo.com.mx\/?p=200514"},"modified":"2024-10-03T16:13:02","modified_gmt":"2024-10-03T23:13:02","slug":"daniel-servitje-presidente-de-grupo-bimbo-es-nombrado-entrepreneur-of-the-year-2024-mexico","status":"publish","type":"post","link":"https:\/\/www.sonoraenequipo.com.mx\/daniel-servitje-presidente-de-grupo-bimbo-es-nombrado-entrepreneur-of-the-year-2024-mexico\/","title":{"rendered":"Daniel Servitje, presidente de Grupo Bimbo, es nombrado Entrepreneur Of The Year\u2122 2024 M\u00e9xico"},"content":{"rendered":"<p><strong>CIUDAD DE M\u00c9XICO.<\/strong><strong> \u0336 \u0336\u00a0 <\/strong>EY se complace en anunciar a los ganadores de EY Entrepreneur Of The Year\u2122 2024 M\u00e9xico, una iniciativa que, desde 2010, reconoce a los emprendedores que trabajan para mejorar el mundo de los negocios en nuestro pa\u00eds.<\/p>\n<p>&nbsp;<\/p>\n<p>&nbsp;<\/p>\n<p>&nbsp;<\/p>\n<p>EY Entrepreneur Of The Year\u2122 es el \u00fanico programa internacional en su tipo que reconoce el talento empresarial, opera en m\u00e1s de 60 pa\u00edses y m\u00e1s de 140 ciudades. Adem\u00e1s, a\u00f1o con a\u00f1o re\u00fane a los ganadores de los diferentes pa\u00edses para competir por el t\u00edtulo a nivel global en EY World Entrepreneur Of The Year\u2122, el cual se celebra en M\u00f3naco.<\/p>\n<p>&nbsp;<\/p>\n<p>&nbsp;<\/p>\n<p>&nbsp;<\/p>\n<p>Este a\u00f1o, participaron en la modalidad abierta 31 l\u00edderes de 23 empresas establecidas en M\u00e9xico, las cuales en conjunto generan m\u00e1s de 1,800 empleos y m\u00e1s de 4,000 millones de pesos en ventas.<\/p>\n<p>&nbsp;<\/p>\n<p>&nbsp;<\/p>\n<p>&nbsp;<\/p>\n<p>Daniel Servitje, presidente ejecutivo de Grupo Bimbo, ha sido nombrado Ganador Nacional de EY Entrepreneur Of The Year\u2122 2024 M\u00e9xico. Destaca por su liderazgo apasionado, orientado a la acci\u00f3n e inspirado por la filosof\u00eda de la panificadora que es buscar construir una empresa sustentable, altamente productiva y plenamente humana.<\/p>\n<p>&nbsp;<\/p>\n<p>&nbsp;<\/p>\n<p>&nbsp;<\/p>\n<p>En abril de 2024, Daniel pas\u00f3 la estafeta de la direcci\u00f3n general y asumi\u00f3 el cargo de presidente ejecutivo. Bajo su liderazgo, Grupo Bimbo se convirti\u00f3 en la panificadora m\u00e1s grande del mundo y un jugador relevante en snacks, a trav\u00e9s de operaciones de compra de m\u00e1s de 90 empresas, como la estadounidense Sara Lee, o Panrico en Espa\u00f1a. Ha logrado capitalizar las fortalezas de la compa\u00f1\u00eda, teniendo presencia en 35 pa\u00edses de Am\u00e9rica, Europa, \u00c1frica y Asia con 227 panader\u00edas y otras plantas, y m\u00e1s de 153,000 colaboradores.<\/p>\n<p>&nbsp;<\/p>\n<p>&nbsp;<\/p>\n<p>&nbsp;<\/p>\n<p>Daniel ha impulsado que la sustentabilidad sea una prioridad para el negocio en todas las latitudes donde Grupo Bimbo opera. Al cierre de 2023, la empresa report\u00f3 diversos avances en esta materia donde el 98% de sus productos de consumo diario son libres de saborizantes y colorantes artificiales; m\u00e1s de 2.8 millones de rebanadas de pan fueron donadas a bancos de alimentos a nivel global a trav\u00e9s de la carrera con causa Bimbo Global Race; y 92% de la energ\u00eda el\u00e9ctrica que utiliza la panificadora proviene de energ\u00edas limpias como del sol y el viento.<\/p>\n<p>&nbsp;<\/p>\n<p>Como Ganador Nacional, Daniel Servitje representar\u00e1 a M\u00e9xico en EY World Entrepreneur Of The Year\u2122 2025, donde compartir\u00e1 su historia de \u00e9xito y las claves de su modelo de negocio.<\/p>\n<p>&nbsp;<\/p>\n<p>&nbsp;<\/p>\n<p>&nbsp;<\/p>\n<p>\u201cLos que estamos aqu\u00ed somos unos convencidos de que nuestra labor no solo es emprender en el d\u00eda a d\u00eda, sino m\u00e1s bien evangelizar para que en nuestras organizaciones haya un verdadero sentido de emprendimiento y que con esto enfrentemos juntos y en una progresi\u00f3n positiva, los retos de los negocios y del pa\u00eds que tenemos por delante\u201d, coment\u00f3 Daniel Servitje, presidente ejecutivo de Grupo Bimbo.<\/p>\n","protected":false},"excerpt":{"rendered":"<p>CIUDAD DE M\u00c9XICO. \u0336 \u0336\u00a0 EY se complace en anunciar a los ganadores de EY&#8230;<\/p>\n","protected":false},"author":1,"featured_media":200515,"comment_status":"open","ping_status":"open","sticky":false,"template":"","format":"standard","meta":{"_monsterinsights_skip_tracking":false,"_monsterinsights_sitenote_active":false,"_monsterinsights_sitenote_note":"","_monsterinsights_sitenote_category":0,"footnotes":""},"categories":[6493],"tags":[10323,8933,10322],"class_list":["post"],"yoast_head":" \n<title>Sonora en Equipo. Daniel Servitje, presidente de Grupo Bimbo, es nombrado Entrepreneur Of The Year\u2122 2024 M\u00e9xico PALABRAS Y N\u00daMEROS<\/title>\n<meta name=\"description\" content=\"CIUDAD DE M\u00c9XICO. \u0336 \u0336\u00a0 EY se complace en anunciar a los ganadores de EY Entrepreneur Of The Year\u2122 2024 M\u00e9xico, una iniciativa que, desde 2010, reconoce a En Sonora en Equipo publicamos toda la informaci\u00f3n de Sonora, M\u00e9xico y el Mundo de manera oportuna y busca que la libertad de expresi\u00f3n sea real. Visita nuestro medio informativo publicado desde Hermosillo, Sonora. %\" \/>\n<meta name=\"robots\" content=\"index, follow, max-snippet:-1, max-image-preview:large, max-video-preview:-1\" \/>\n<link rel=\"canonical\" href=\"https:\/\/www.sonoraenequipo.com.mx\/daniel-servitje-presidente-de-grupo-bimbo-es-nombrado-entrepreneur-of-the-year-2024-mexico\/\" \/>\n<meta property=\"og:locale\" content=\"es_ES\" \/>\n<meta property=\"og:type\" content=\"article\" \/>\n<meta property=\"og:title\" content=\"Sonora en Equipo. Daniel Servitje, presidente de Grupo Bimbo, es nombrado Entrepreneur Of The Year\u2122 2024 M\u00e9xico PALABRAS Y N\u00daMEROS\" \/>\n<meta property=\"og:description\" content=\"CIUDAD DE M\u00c9XICO. \u0336 \u0336\u00a0 EY se complace en anunciar a los ganadores de EY Entrepreneur Of The Year\u2122 2024 M\u00e9xico, una iniciativa que, desde 2010, reconoce a En Sonora en Equipo publicamos toda la informaci\u00f3n de Sonora, M\u00e9xico y el Mundo de manera oportuna y busca que la libertad de expresi\u00f3n sea real. Visita nuestro medio informativo publicado desde Hermosillo, Sonora. %\" \/>\n<meta property=\"og:url\" content=\"https:\/\/www.sonoraenequipo.com.mx\/daniel-servitje-presidente-de-grupo-bimbo-es-nombrado-entrepreneur-of-the-year-2024-mexico\/\" \/>\n<meta property=\"og:site_name\" content=\"Sonora en Equipo.\" \/>\n<meta property=\"article:publisher\" content=\"https:\/\/www.facebook.com\/SonoraEE\/\" \/>\n<meta property=\"article:author\" content=\"https:\/\/www.facebook.com\/SonoraEE\" \/>\n<meta property=\"article:published_time\" content=\"2024-10-03T23:13:02+00:00\" \/>\n<meta property=\"og:image\" content=\"https:\/\/www.sonoraenequipo.com.mx\/storage\/2024\/10\/DANIEL-SERVITJE.jpg\" \/>\n\t<meta property=\"og:image:width\" content=\"600\" \/>\n\t<meta property=\"og:image:height\" content=\"404\" \/>\n\t<meta property=\"og:image:type\" content=\"image\/jpeg\" \/>\n<meta name=\"author\" content=\"enequipo\" \/>\n<meta name=\"twitter:card\" content=\"summary_large_image\" \/>\n<meta name=\"twitter:creator\" content=\"@sonoraenequipo\" \/>\n<meta name=\"twitter:site\" content=\"@sonoraenequipo\" \/>\n<meta name=\"twitter:label1\" content=\"Escrito por\" \/>\n\t<meta name=\"twitter:data1\" content=\"enequipo\" \/>\n\t<meta name=\"twitter:label2\" content=\"Tiempo de lectura\" \/>\n\t<meta name=\"twitter:data2\" content=\"3 minutos\" \/>\n<script type=\"application\/ld+json\" class=\"yoast-schema-graph\">{\"@context\":\"https:\/\/schema.org\",\"@graph\":[{\"@type\":\"Article\",\"@id\":\"https:\/\/www.sonoraenequipo.com.mx\/daniel-servitje-presidente-de-grupo-bimbo-es-nombrado-entrepreneur-of-the-year-2024-mexico\/#article\",\"isPartOf\":{\"@id\":\"https:\/\/www.sonoraenequipo.com.mx\/daniel-servitje-presidente-de-grupo-bimbo-es-nombrado-entrepreneur-of-the-year-2024-mexico\/\"},\"author\":{\"name\":\"enequipo\",\"@id\":\"https:\/\/www.sonoraenequipo.com.mx\/#\/schema\/person\/50102df0fb23a8fa9e8effad8fa81386\"},\"headline\":\"Daniel Servitje, presidente de Grupo Bimbo, es nombrado Entrepreneur Of The Year\u2122 2024 M\u00e9xico\",\"datePublished\":\"2024-10-03T23:13:02+00:00\",\"mainEntityOfPage\":{\"@id\":\"https:\/\/www.sonoraenequipo.com.mx\/daniel-servitje-presidente-de-grupo-bimbo-es-nombrado-entrepreneur-of-the-year-2024-mexico\/\"},\"wordCount\":520,\"commentCount\":0,\"publisher\":{\"@id\":\"https:\/\/www.sonoraenequipo.com.mx\/#organization\"},\"image\":{\"@id\":\"https:\/\/www.sonoraenequipo.com.mx\/daniel-servitje-presidente-de-grupo-bimbo-es-nombrado-entrepreneur-of-the-year-2024-mexico\/#primaryimage\"},\"thumbnailUrl\":\"https:\/\/www.sonoraenequipo.com.mx\/storage\/2024\/10\/DANIEL-SERVITJE.jpg\",\"keywords\":[\"bmbo\",\"daniel\",\"servitje\"],\"articleSection\":[\"PALABRAS Y N\u00daMEROS\"],\"inLanguage\":\"es\",\"potentialAction\":[{\"@type\":\"CommentAction\",\"name\":\"Comment\",\"target\":[\"https:\/\/www.sonoraenequipo.com.mx\/daniel-servitje-presidente-de-grupo-bimbo-es-nombrado-entrepreneur-of-the-year-2024-mexico\/#respond\"]}]},{\"@type\":\"WebPage\",\"@id\":\"https:\/\/www.sonoraenequipo.com.mx\/daniel-servitje-presidente-de-grupo-bimbo-es-nombrado-entrepreneur-of-the-year-2024-mexico\/\",\"url\":\"https:\/\/www.sonoraenequipo.com.mx\/daniel-servitje-presidente-de-grupo-bimbo-es-nombrado-entrepreneur-of-the-year-2024-mexico\/\",\"name\":\"Sonora en Equipo. Daniel Servitje, presidente de Grupo Bimbo, es nombrado Entrepreneur Of The Year\u2122 2024 M\u00e9xico PALABRAS Y N\u00daMEROS\",\"isPartOf\":{\"@id\":\"https:\/\/www.sonoraenequipo.com.mx\/#website\"},\"primaryImageOfPage\":{\"@id\":\"https:\/\/www.sonoraenequipo.com.mx\/daniel-servitje-presidente-de-grupo-bimbo-es-nombrado-entrepreneur-of-the-year-2024-mexico\/#primaryimage\"},\"image\":{\"@id\":\"https:\/\/www.sonoraenequipo.com.mx\/daniel-servitje-presidente-de-grupo-bimbo-es-nombrado-entrepreneur-of-the-year-2024-mexico\/#primaryimage\"},\"thumbnailUrl\":\"https:\/\/www.sonoraenequipo.com.mx\/storage\/2024\/10\/DANIEL-SERVITJE.jpg\",\"datePublished\":\"2024-10-03T23:13:02+00:00\",\"description\":\"CIUDAD DE M\u00c9XICO. \u0336 \u0336\u00a0 EY se complace en anunciar a los ganadores de EY Entrepreneur Of The Year\u2122 2024 M\u00e9xico, una iniciativa que, desde 2010, reconoce a En Sonora en Equipo publicamos toda la informaci\u00f3n de Sonora, M\u00e9xico y el Mundo de manera oportuna y busca que la libertad de expresi\u00f3n sea real. Visita nuestro medio informativo publicado desde Hermosillo, Sonora. %\",\"breadcrumb\":{\"@id\":\"https:\/\/www.sonoraenequipo.com.mx\/daniel-servitje-presidente-de-grupo-bimbo-es-nombrado-entrepreneur-of-the-year-2024-mexico\/#breadcrumb\"},\"inLanguage\":\"es\",\"potentialAction\":[{\"@type\":\"ReadAction\",\"target\":[\"https:\/\/www.sonoraenequipo.com.mx\/daniel-servitje-presidente-de-grupo-bimbo-es-nombrado-entrepreneur-of-the-year-2024-mexico\/\"]}]},{\"@type\":\"ImageObject\",\"inLanguage\":\"es\",\"@id\":\"https:\/\/www.sonoraenequipo.com.mx\/daniel-servitje-presidente-de-grupo-bimbo-es-nombrado-entrepreneur-of-the-year-2024-mexico\/#primaryimage\",\"url\":\"https:\/\/www.sonoraenequipo.com.mx\/storage\/2024\/10\/DANIEL-SERVITJE.jpg\",\"contentUrl\":\"https:\/\/www.sonoraenequipo.com.mx\/storage\/2024\/10\/DANIEL-SERVITJE.jpg\",\"width\":600,\"height\":404},{\"@type\":\"BreadcrumbList\",\"@id\":\"https:\/\/www.sonoraenequipo.com.mx\/daniel-servitje-presidente-de-grupo-bimbo-es-nombrado-entrepreneur-of-the-year-2024-mexico\/#breadcrumb\",\"itemListElement\":[{\"@type\":\"ListItem\",\"position\":1,\"name\":\"Portada\",\"item\":\"https:\/\/www.sonoraenequipo.com.mx\/\"},{\"@type\":\"ListItem\",\"position\":2,\"name\":\"Daniel Servitje, presidente de Grupo Bimbo, es nombrado Entrepreneur Of The Year\u2122 2024 M\u00e9xico\"}]},{\"@type\":\"WebSite\",\"@id\":\"https:\/\/www.sonoraenequipo.com.mx\/#website\",\"url\":\"https:\/\/www.sonoraenequipo.com.mx\/\",\"name\":\"Sonora en Equipo.\",\"description\":\"Diario en l\u00ednea con Noticias desde Hermosillo, Sonora\",\"publisher\":{\"@id\":\"https:\/\/www.sonoraenequipo.com.mx\/#organization\"},\"potentialAction\":[{\"@type\":\"SearchAction\",\"target\":{\"@type\":\"EntryPoint\",\"urlTemplate\":\"https:\/\/www.sonoraenequipo.com.mx\/?s={search_term_string}\"},\"query-input\":{\"@type\":\"PropertyValueSpecification\",\"valueRequired\":true,\"valueName\":\"search_term_string\"}}],\"inLanguage\":\"es\"},{\"@type\":\"Organization\",\"@id\":\"https:\/\/www.sonoraenequipo.com.mx\/#organization\",\"name\":\"Sonoraenequipo.com.mx\",\"url\":\"https:\/\/www.sonoraenequipo.com.mx\/\",\"logo\":{\"@type\":\"ImageObject\",\"inLanguage\":\"es\",\"@id\":\"https:\/\/www.sonoraenequipo.com.mx\/#\/schema\/logo\/image\/\",\"url\":\"https:\/\/www.sonoraenequipo.com.mx\/storage\/2019\/01\/sonoraenequipo_opt.png\",\"contentUrl\":\"https:\/\/www.sonoraenequipo.com.mx\/storage\/2019\/01\/sonoraenequipo_opt.png\",\"width\":375,\"height\":125,\"caption\":\"Sonoraenequipo.com.mx\"},\"image\":{\"@id\":\"https:\/\/www.sonoraenequipo.com.mx\/#\/schema\/logo\/image\/\"},\"sameAs\":[\"https:\/\/www.facebook.com\/SonoraEE\/\",\"https:\/\/x.com\/sonoraenequipo\",\"https:\/\/www.youtube.com\/channel\/UC338nW-lPEYmJQs4ZABQ1SQ\"]},{\"@type\":\"Person\",\"@id\":\"https:\/\/www.sonoraenequipo.com.mx\/#\/schema\/person\/50102df0fb23a8fa9e8effad8fa81386\",\"name\":\"enequipo\",\"image\":{\"@type\":\"ImageObject\",\"inLanguage\":\"es\",\"@id\":\"https:\/\/www.sonoraenequipo.com.mx\/#\/schema\/person\/image\/\",\"url\":\"https:\/\/secure.gravatar.com\/avatar\/049821681b589dabc0bc20695993ccebb09f5b5d4d790cd9251b97faac7c652b?s=96&d=blank&r=g\",\"contentUrl\":\"https:\/\/secure.gravatar.com\/avatar\/049821681b589dabc0bc20695993ccebb09f5b5d4d790cd9251b97faac7c652b?s=96&d=blank&r=g\",\"caption\":\"enequipo\"},\"sameAs\":[\"https:\/\/www.facebook.com\/SonoraEE\"]}]}<\/script>\n ","yoast_head_json":{"title":"Sonora en Equipo. Daniel Servitje, presidente de Grupo Bimbo, es nombrado Entrepreneur Of The Year\u2122 2024 M\u00e9xico PALABRAS Y N\u00daMEROS","description":"CIUDAD DE M\u00c9XICO. \u0336 \u0336\u00a0 EY se complace en anunciar a los ganadores de EY Entrepreneur Of The Year\u2122 2024 M\u00e9xico, una iniciativa que, desde 2010, reconoce a En Sonora en Equipo publicamos toda la informaci\u00f3n de Sonora, M\u00e9xico y el Mundo de manera oportuna y busca que la libertad de expresi\u00f3n sea real. Visita nuestro medio informativo publicado desde Hermosillo, Sonora. %","robots":{"index":"index","follow":"follow","max-snippet":"max-snippet:-1","max-image-preview":"max-image-preview:large","max-video-preview":"max-video-preview:-1"},"canonical":"https:\/\/www.sonoraenequipo.com.mx\/daniel-servitje-presidente-de-grupo-bimbo-es-nombrado-entrepreneur-of-the-year-2024-mexico\/","og_locale":"es_ES","og_type":"article","og_title":"Sonora en Equipo. Daniel Servitje, presidente de Grupo Bimbo, es nombrado Entrepreneur Of The Year\u2122 2024 M\u00e9xico PALABRAS Y N\u00daMEROS","og_description":"CIUDAD DE M\u00c9XICO. \u0336 \u0336\u00a0 EY se complace en anunciar a los ganadores de EY Entrepreneur Of The Year\u2122 2024 M\u00e9xico, una iniciativa que, desde 2010, reconoce a En Sonora en Equipo publicamos toda la informaci\u00f3n de Sonora, M\u00e9xico y el Mundo de manera oportuna y busca que la libertad de expresi\u00f3n sea real. Visita nuestro medio informativo publicado desde Hermosillo, Sonora. %","og_url":"https:\/\/www.sonoraenequipo.com.mx\/daniel-servitje-presidente-de-grupo-bimbo-es-nombrado-entrepreneur-of-the-year-2024-mexico\/","og_site_name":"Sonora en Equipo.","article_publisher":"https:\/\/www.facebook.com\/SonoraEE\/","article_author":"https:\/\/www.facebook.com\/SonoraEE","article_published_time":"2024-10-03T23:13:02+00:00","og_image":[{"width":600,"height":404,"url":"https:\/\/www.sonoraenequipo.com.mx\/storage\/2024\/10\/DANIEL-SERVITJE.jpg","type":"image\/jpeg"}],"author":"enequipo","twitter_card":"summary_large_image","twitter_creator":"@sonoraenequipo","twitter_site":"@sonoraenequipo","twitter_misc":{"Escrito por":"enequipo","Tiempo de lectura":"3 minutos"},"schema":{"@context":"https:\/\/schema.org","@graph":[{"@type":"Article","@id":"https:\/\/www.sonoraenequipo.com.mx\/daniel-servitje-presidente-de-grupo-bimbo-es-nombrado-entrepreneur-of-the-year-2024-mexico\/#article","isPartOf":{"@id":"https:\/\/www.sonoraenequipo.com.mx\/daniel-servitje-presidente-de-grupo-bimbo-es-nombrado-entrepreneur-of-the-year-2024-mexico\/"},"author":{"name":"enequipo","@id":"https:\/\/www.sonoraenequipo.com.mx\/#\/schema\/person\/50102df0fb23a8fa9e8effad8fa81386"},"headline":"Daniel Servitje, presidente de Grupo Bimbo, es nombrado Entrepreneur Of The Year\u2122 2024 M\u00e9xico","datePublished":"2024-10-03T23:13:02+00:00","mainEntityOfPage":{"@id":"https:\/\/www.sonoraenequipo.com.mx\/daniel-servitje-presidente-de-grupo-bimbo-es-nombrado-entrepreneur-of-the-year-2024-mexico\/"},"wordCount":520,"commentCount":0,"publisher":{"@id":"https:\/\/www.sonoraenequipo.com.mx\/#organization"},"image":{"@id":"https:\/\/www.sonoraenequipo.com.mx\/daniel-servitje-presidente-de-grupo-bimbo-es-nombrado-entrepreneur-of-the-year-2024-mexico\/#primaryimage"},"thumbnailUrl":"https:\/\/www.sonoraenequipo.com.mx\/storage\/2024\/10\/DANIEL-SERVITJE.jpg","keywords":["bmbo","daniel","servitje"],"articleSection":["PALABRAS Y N\u00daMEROS"],"inLanguage":"es","potentialAction":[{"@type":"CommentAction","name":"Comment","target":["https:\/\/www.sonoraenequipo.com.mx\/daniel-servitje-presidente-de-grupo-bimbo-es-nombrado-entrepreneur-of-the-year-2024-mexico\/#respond"]}]},{"@type":"WebPage","@id":"https:\/\/www.sonoraenequipo.com.mx\/daniel-servitje-presidente-de-grupo-bimbo-es-nombrado-entrepreneur-of-the-year-2024-mexico\/","url":"https:\/\/www.sonoraenequipo.com.mx\/daniel-servitje-presidente-de-grupo-bimbo-es-nombrado-entrepreneur-of-the-year-2024-mexico\/","name":"Sonora en Equipo. Daniel Servitje, presidente de Grupo Bimbo, es nombrado Entrepreneur Of The Year\u2122 2024 M\u00e9xico PALABRAS Y N\u00daMEROS","isPartOf":{"@id":"https:\/\/www.sonoraenequipo.com.mx\/#website"},"primaryImageOfPage":{"@id":"https:\/\/www.sonoraenequipo.com.mx\/daniel-servitje-presidente-de-grupo-bimbo-es-nombrado-entrepreneur-of-the-year-2024-mexico\/#primaryimage"},"image":{"@id":"https:\/\/www.sonoraenequipo.com.mx\/daniel-servitje-presidente-de-grupo-bimbo-es-nombrado-entrepreneur-of-the-year-2024-mexico\/#primaryimage"},"thumbnailUrl":"https:\/\/www.sonoraenequipo.com.mx\/storage\/2024\/10\/DANIEL-SERVITJE.jpg","datePublished":"2024-10-03T23:13:02+00:00","description":"CIUDAD DE M\u00c9XICO. \u0336 \u0336\u00a0 EY se complace en anunciar a los ganadores de EY Entrepreneur Of The Year\u2122 2024 M\u00e9xico, una iniciativa que, desde 2010, reconoce a En Sonora en Equipo publicamos toda la informaci\u00f3n de Sonora, M\u00e9xico y el Mundo de manera oportuna y busca que la libertad de expresi\u00f3n sea real. Visita nuestro medio informativo publicado desde Hermosillo, Sonora. %","breadcrumb":{"@id":"https:\/\/www.sonoraenequipo.com.mx\/daniel-servitje-presidente-de-grupo-bimbo-es-nombrado-entrepreneur-of-the-year-2024-mexico\/#breadcrumb"},"inLanguage":"es","potentialAction":[{"@type":"ReadAction","target":["https:\/\/www.sonoraenequipo.com.mx\/daniel-servitje-presidente-de-grupo-bimbo-es-nombrado-entrepreneur-of-the-year-2024-mexico\/"]}]},{"@type":"ImageObject","inLanguage":"es","@id":"https:\/\/www.sonoraenequipo.com.mx\/daniel-servitje-presidente-de-grupo-bimbo-es-nombrado-entrepreneur-of-the-year-2024-mexico\/#primaryimage","url":"https:\/\/www.sonoraenequipo.com.mx\/storage\/2024\/10\/DANIEL-SERVITJE.jpg","contentUrl":"https:\/\/www.sonoraenequipo.com.mx\/storage\/2024\/10\/DANIEL-SERVITJE.jpg","width":600,"height":404},{"@type":"BreadcrumbList","@id":"https:\/\/www.sonoraenequipo.com.mx\/daniel-servitje-presidente-de-grupo-bimbo-es-nombrado-entrepreneur-of-the-year-2024-mexico\/#breadcrumb","itemListElement":[{"@type":"ListItem","position":1,"name":"Portada","item":"https:\/\/www.sonoraenequipo.com.mx\/"},{"@type":"ListItem","position":2,"name":"Daniel Servitje, presidente de Grupo Bimbo, es nombrado Entrepreneur Of The Year\u2122 2024 M\u00e9xico"}]},{"@type":"WebSite","@id":"https:\/\/www.sonoraenequipo.com.mx\/#website","url":"https:\/\/www.sonoraenequipo.com.mx\/","name":"Sonora en Equipo.","description":"Diario en l\u00ednea con Noticias desde Hermosillo, Sonora","publisher":{"@id":"https:\/\/www.sonoraenequipo.com.mx\/#organization"},"potentialAction":[{"@type":"SearchAction","target":{"@type":"EntryPoint","urlTemplate":"https:\/\/www.sonoraenequipo.com.mx\/?s={search_term_string}"},"query-input":{"@type":"PropertyValueSpecification","valueRequired":true,"valueName":"search_term_string"}}],"inLanguage":"es"},{"@type":"Organization","@id":"https:\/\/www.sonoraenequipo.com.mx\/#organization","name":"Sonoraenequipo.com.mx","url":"https:\/\/www.sonoraenequipo.com.mx\/","logo":{"@type":"ImageObject","inLanguage":"es","@id":"https:\/\/www.sonoraenequipo.com.mx\/#\/schema\/logo\/image\/","url":"https:\/\/www.sonoraenequipo.com.mx\/storage\/2019\/01\/sonoraenequipo_opt.png","contentUrl":"https:\/\/www.sonoraenequipo.com.mx\/storage\/2019\/01\/sonoraenequipo_opt.png","width":375,"height":125,"caption":"Sonoraenequipo.com.mx"},"image":{"@id":"https:\/\/www.sonoraenequipo.com.mx\/#\/schema\/logo\/image\/"},"sameAs":["https:\/\/www.facebook.com\/SonoraEE\/","https:\/\/x.com\/sonoraenequipo","https:\/\/www.youtube.com\/channel\/UC338nW-lPEYmJQs4ZABQ1SQ"]},{"@type":"Person","@id":"https:\/\/www.sonoraenequipo.com.mx\/#\/schema\/person\/50102df0fb23a8fa9e8effad8fa81386","name":"enequipo","image":{"@type":"ImageObject","inLanguage":"es","@id":"https:\/\/www.sonoraenequipo.com.mx\/#\/schema\/person\/image\/","url":"https:\/\/secure.gravatar.com\/avatar\/049821681b589dabc0bc20695993ccebb09f5b5d4d790cd9251b97faac7c652b?s=96&d=blank&r=g","contentUrl":"https:\/\/secure.gravatar.com\/avatar\/049821681b589dabc0bc20695993ccebb09f5b5d4d790cd9251b97faac7c652b?s=96&d=blank&r=g","caption":"enequipo"},"sameAs":["https:\/\/www.facebook.com\/SonoraEE"]}]}},"jetpack_featured_media_url":"https:\/\/www.sonoraenequipo.com.mx\/storage\/2024\/10\/DANIEL-SERVITJE.jpg","_links":{"self":[{"href":"https:\/\/www.sonoraenequipo.com.mx\/api\/wp\/v2\/posts\/200514","targetHints":{"allow":["GET"]}}],"collection":[{"href":"https:\/\/www.sonoraenequipo.com.mx\/api\/wp\/v2\/posts"}],"about":[{"href":"https:\/\/www.sonoraenequipo.com.mx\/api\/wp\/v2\/types\/post"}],"author":[{"embeddable":true,"href":"https:\/\/www.sonoraenequipo.com.mx\/api\/wp\/v2\/users\/1"}],"replies":[{"embeddable":true,"href":"https:\/\/www.sonoraenequipo.com.mx\/api\/wp\/v2\/comments?post=200514"}],"version-history":[{"count":1,"href":"https:\/\/www.sonoraenequipo.com.mx\/api\/wp\/v2\/posts\/200514\/revisions"}],"predecessor-version":[{"id":200516,"href":"https:\/\/www.sonoraenequipo.com.mx\/api\/wp\/v2\/posts\/200514\/revisions\/200516"}],"wp:featuredmedia":[{"embeddable":true,"href":"https:\/\/www.sonoraenequipo.com.mx\/api\/wp\/v2\/media\/200515"}],"wp:attachment":[{"href":"https:\/\/www.sonoraenequipo.com.mx\/api\/wp\/v2\/media?parent=200514"}],"wp:term":[{"taxonomy":"category","embeddable":true,"href":"https:\/\/www.sonoraenequipo.com.mx\/api\/wp\/v2\/categories?post=200514"},{"taxonomy":"post_tag","embeddable":true,"href":"https:\/\/www.sonoraenequipo.com.mx\/api\/wp\/v2\/tags?post=200514"}],"curies":[{"name":"wp","href":"https:\/\/api.w.org\/{rel}","templated":true}]}}