{"id":200548,"date":"2024-10-03T11:20:50","date_gmt":"2024-10-03T18:20:50","guid":{"rendered":"https:\/\/www.sonoraenequipo.com.mx\/?p=200548"},"modified":"2024-10-04T12:03:31","modified_gmt":"2024-10-04T19:03:31","slug":"claudia-sheinbaum-envia-paquete-de-reformas-para-la-proteccion-de-las-mujeres","status":"publish","type":"post","link":"https:\/\/www.sonoraenequipo.com.mx\/claudia-sheinbaum-envia-paquete-de-reformas-para-la-proteccion-de-las-mujeres\/","title":{"rendered":"Claudia Sheinbaum env\u00eda paquete de reformas para la protecci\u00f3n de las mujeres"},"content":{"rendered":"<p><strong>CIUDAD DE M\u00c9XICO. MX. \u2014<\/strong> Claudia Sheinbaum, presidenta de M\u00e9xico, envi\u00f3 al Senado de la Rep\u00fablica un paquete de iniciativas de reforma para la protecci\u00f3n de las mujeres, para garantizar una libre vida de violencia y hacer realidad la igualdad sustantiva.<\/p>\n<p>&nbsp;<\/p>\n<p>&nbsp;<\/p>\n<p> <\/p>\n<p><em><strong>\u201cLas iniciativas que estamos enviando el d\u00eda de hoy al Senado de la Rep\u00fablica para reformas constitucionales y a leyes para el apoyo y protecci\u00f3n de las mujeres. Como primera presidenta de M\u00e9xico, nuestra obligaci\u00f3n es proteger a las mujeres\u201d<\/strong><\/em>, inform\u00f3 en su conferencia matutina de este jueves.<\/p>\n<p>&nbsp;<\/p>\n<p>&nbsp;<\/p>\n<p>La presidenta explic\u00f3 que entre los objetivos de sus iniciativas est\u00e1 la igualdad sustantiva, el derecho a una vida libre de violencias, que no haya brecha salarial entre hombres y mujeres y la protecci\u00f3n de las mujeres mexicanas.<\/p>\n<p>&nbsp;<\/p>\n<p>&nbsp;<\/p>\n<p><strong><em>\u201c\u00bfA qu\u00e9 nos referimos con igualdad sustantiva? Una cosa es la igualdad de hombres y mujeres frente a la ley y la otra tambi\u00e9n son las caracter\u00edsticas especiales que tenemos las mujeres. Entonces por eso hablamos de igualdad sustantiva, porque hay que tratar tambi\u00e9n todos los derechos de las mujeres. entonces, queremos que en la Constituci\u00f3n, en el art\u00edculo cuarto, quede la igualdad sustantiva y tambi\u00e9n el derecho a una vida libre de violencias, no solo para las mujeres sino para las y los adolescentes , las y los ni\u00f1os, adem\u00e1s de que no haya brecha salarial entre hombres y mujeres\u201d,<\/em><\/strong> explic\u00f3.<\/p>\n<p>&nbsp;<\/p>\n<p>&nbsp;<\/p>\n<p><strong>Citlalli Hern\u00e1ndez, quien fue nombrada como secretaria de Mujeres, explic\u00f3 que con las iniciativas de reforma se buscan:<\/strong><\/p>\n<p>&nbsp;<\/p>\n<p>1. Garantizar la igualdad sustantiva para las mujeres en la Constituci\u00f3n.<\/p>\n<p>&nbsp;<\/p>\n<p>&nbsp;<\/p>\n<p>2. Garantizar la igualdad salarial entre hombres y mujeres.<\/p>\n<p>&nbsp;<\/p>\n<p>3. Se ampl\u00eda la obligatoriedad de paridad de g\u00e9nero en toda la administraci\u00f3n p\u00fablica Federal y estatal para gabinetes de entidades y municipios.<\/p>\n<p>&nbsp;<\/p>\n<p>4. Se fortalecen las medidas de protecci\u00f3n para las mujeres en materia de violencia digital (Ley Olimpia) y para las leyes que garantizan que el agresor salga de casa.<\/p>\n<p>&nbsp;<\/p>\n<p>5. Se garantiza mayor protecci\u00f3n para las mujeres frente a la denominada violencia vicaria. Se dispone que todas las entidades federativas deber\u00e1n contar con fiscales de investigaci\u00f3n de delitos por raz\u00f3n de g\u00e9nero.<\/p>\n<p>&nbsp;<\/p>\n<p>7. M\u00e1s derechos y mayor protecci\u00f3n para las mexicanas.<\/p>\n<p>&nbsp;<\/p>\n<p>&nbsp;<\/p>\n<p>8. Las instituciones de seguridad p\u00fablica y procuraci\u00f3n de Justicia deber\u00e1n ajustar sus actuaciones para tener perspectiva de g\u00e9nero.<\/p>\n<p>&nbsp;<\/p>\n<p>9. En la Constituci\u00f3n quedar\u00e1 el derecho de todas las personas a una vida libre de violencia.<\/p>\n<p>&nbsp;<\/p>\n<p>Tambi\u00e9n se crear\u00e1 una cartilla de los derechos de las mujeres para que sepan sus garant\u00edas.<\/p>\n<p>&nbsp;<\/p>\n<p>&nbsp;<\/p>\n<p>Por ello, se cre\u00f3 una comisi\u00f3n redactora, cuyas integrantes son \u00c1ngela Guerrero Alc\u00e1ntara, Karla Michel Salas, Frin\u00e9 Salguero y Frida Hyadi D\u00edaz Gonz\u00e1lez.<\/p>\n<p>&nbsp;<\/p>\n<p>PUBLICADO EL 03 DE OCTUBRE DE 2024 Con informaci\u00f3n de CSP0310.2024)<\/p>\n","protected":false},"excerpt":{"rendered":"<p>CIUDAD DE M\u00c9XICO. MX. \u2014 Claudia Sheinbaum, presidenta de M\u00e9xico, envi\u00f3 al Senado de la&#8230;<\/p>\n","protected":false},"author":1,"featured_media":200559,"comment_status":"open","ping_status":"open","sticky":false,"template":"","format":"standard","meta":{"_monsterinsights_skip_tracking":false,"_monsterinsights_sitenote_active":false,"_monsterinsights_sitenote_note":"","_monsterinsights_sitenote_category":0,"footnotes":""},"categories":[5],"tags":[],"class_list":["post"],"yoast_head":" \n<title>Sonora en Equipo. Claudia Sheinbaum env\u00eda paquete de reformas para la protecci\u00f3n de las mujeres Rep\u00fablica<\/title>\n<meta name=\"description\" content=\"CIUDAD DE M\u00c9XICO. MX. \u2014 Claudia Sheinbaum, presidenta de M\u00e9xico, envi\u00f3 al Senado de la Rep\u00fablica un paquete de iniciativas de reforma para la protecci\u00f3n En Sonora en Equipo publicamos toda la informaci\u00f3n de Sonora, M\u00e9xico y el Mundo de manera oportuna y busca que la libertad de expresi\u00f3n sea real. Visita nuestro medio informativo publicado desde Hermosillo, Sonora. %\" \/>\n<meta name=\"robots\" content=\"index, follow, max-snippet:-1, max-image-preview:large, max-video-preview:-1\" \/>\n<link rel=\"canonical\" href=\"https:\/\/www.sonoraenequipo.com.mx\/claudia-sheinbaum-envia-paquete-de-reformas-para-la-proteccion-de-las-mujeres\/\" \/>\n<meta property=\"og:locale\" content=\"es_ES\" \/>\n<meta property=\"og:type\" content=\"article\" \/>\n<meta property=\"og:title\" content=\"Sonora en Equipo. Claudia Sheinbaum env\u00eda paquete de reformas para la protecci\u00f3n de las mujeres Rep\u00fablica\" \/>\n<meta property=\"og:description\" content=\"CIUDAD DE M\u00c9XICO. MX. \u2014 Claudia Sheinbaum, presidenta de M\u00e9xico, envi\u00f3 al Senado de la Rep\u00fablica un paquete de iniciativas de reforma para la protecci\u00f3n En Sonora en Equipo publicamos toda la informaci\u00f3n de Sonora, M\u00e9xico y el Mundo de manera oportuna y busca que la libertad de expresi\u00f3n sea real. Visita nuestro medio informativo publicado desde Hermosillo, Sonora. %\" \/>\n<meta property=\"og:url\" content=\"https:\/\/www.sonoraenequipo.com.mx\/claudia-sheinbaum-envia-paquete-de-reformas-para-la-proteccion-de-las-mujeres\/\" \/>\n<meta property=\"og:site_name\" content=\"Sonora en Equipo.\" \/>\n<meta property=\"article:publisher\" content=\"https:\/\/www.facebook.com\/SonoraEE\/\" \/>\n<meta property=\"article:author\" content=\"https:\/\/www.facebook.com\/SonoraEE\" \/>\n<meta property=\"article:published_time\" content=\"2024-10-03T18:20:50+00:00\" \/>\n<meta property=\"article:modified_time\" content=\"2024-10-04T19:03:31+00:00\" \/>\n<meta property=\"og:image\" content=\"https:\/\/www.sonoraenequipo.com.mx\/storage\/2024\/10\/claudia-sheinbaum-0310.2024-min.jpg\" \/>\n\t<meta property=\"og:image:width\" content=\"900\" \/>\n\t<meta property=\"og:image:height\" content=\"599\" \/>\n\t<meta property=\"og:image:type\" content=\"image\/jpeg\" \/>\n<meta name=\"author\" content=\"enequipo\" \/>\n<meta name=\"twitter:card\" content=\"summary_large_image\" \/>\n<meta name=\"twitter:creator\" content=\"@sonoraenequipo\" \/>\n<meta name=\"twitter:site\" content=\"@sonoraenequipo\" \/>\n<meta name=\"twitter:label1\" content=\"Escrito por\" \/>\n\t<meta name=\"twitter:data1\" content=\"enequipo\" \/>\n\t<meta name=\"twitter:label2\" content=\"Tiempo de lectura\" \/>\n\t<meta name=\"twitter:data2\" content=\"3 minutos\" \/>\n<script type=\"application\/ld+json\" class=\"yoast-schema-graph\">{\"@context\":\"https:\/\/schema.org\",\"@graph\":[{\"@type\":\"Article\",\"@id\":\"https:\/\/www.sonoraenequipo.com.mx\/claudia-sheinbaum-envia-paquete-de-reformas-para-la-proteccion-de-las-mujeres\/#article\",\"isPartOf\":{\"@id\":\"https:\/\/www.sonoraenequipo.com.mx\/claudia-sheinbaum-envia-paquete-de-reformas-para-la-proteccion-de-las-mujeres\/\"},\"author\":{\"name\":\"enequipo\",\"@id\":\"https:\/\/www.sonoraenequipo.com.mx\/#\/schema\/person\/50102df0fb23a8fa9e8effad8fa81386\"},\"headline\":\"Claudia Sheinbaum env\u00eda paquete de reformas para la protecci\u00f3n de las mujeres\",\"datePublished\":\"2024-10-03T18:20:50+00:00\",\"dateModified\":\"2024-10-04T19:03:31+00:00\",\"mainEntityOfPage\":{\"@id\":\"https:\/\/www.sonoraenequipo.com.mx\/claudia-sheinbaum-envia-paquete-de-reformas-para-la-proteccion-de-las-mujeres\/\"},\"wordCount\":515,\"commentCount\":0,\"publisher\":{\"@id\":\"https:\/\/www.sonoraenequipo.com.mx\/#organization\"},\"image\":{\"@id\":\"https:\/\/www.sonoraenequipo.com.mx\/claudia-sheinbaum-envia-paquete-de-reformas-para-la-proteccion-de-las-mujeres\/#primaryimage\"},\"thumbnailUrl\":\"https:\/\/www.sonoraenequipo.com.mx\/storage\/2024\/10\/claudia-sheinbaum-0310.2024-min.jpg\",\"articleSection\":[\"Rep\u00fablica\"],\"inLanguage\":\"es\",\"potentialAction\":[{\"@type\":\"CommentAction\",\"name\":\"Comment\",\"target\":[\"https:\/\/www.sonoraenequipo.com.mx\/claudia-sheinbaum-envia-paquete-de-reformas-para-la-proteccion-de-las-mujeres\/#respond\"]}]},{\"@type\":\"WebPage\",\"@id\":\"https:\/\/www.sonoraenequipo.com.mx\/claudia-sheinbaum-envia-paquete-de-reformas-para-la-proteccion-de-las-mujeres\/\",\"url\":\"https:\/\/www.sonoraenequipo.com.mx\/claudia-sheinbaum-envia-paquete-de-reformas-para-la-proteccion-de-las-mujeres\/\",\"name\":\"Sonora en Equipo. Claudia Sheinbaum env\u00eda paquete de reformas para la protecci\u00f3n de las mujeres Rep\u00fablica\",\"isPartOf\":{\"@id\":\"https:\/\/www.sonoraenequipo.com.mx\/#website\"},\"primaryImageOfPage\":{\"@id\":\"https:\/\/www.sonoraenequipo.com.mx\/claudia-sheinbaum-envia-paquete-de-reformas-para-la-proteccion-de-las-mujeres\/#primaryimage\"},\"image\":{\"@id\":\"https:\/\/www.sonoraenequipo.com.mx\/claudia-sheinbaum-envia-paquete-de-reformas-para-la-proteccion-de-las-mujeres\/#primaryimage\"},\"thumbnailUrl\":\"https:\/\/www.sonoraenequipo.com.mx\/storage\/2024\/10\/claudia-sheinbaum-0310.2024-min.jpg\",\"datePublished\":\"2024-10-03T18:20:50+00:00\",\"dateModified\":\"2024-10-04T19:03:31+00:00\",\"description\":\"CIUDAD DE M\u00c9XICO. MX. \u2014 Claudia Sheinbaum, presidenta de M\u00e9xico, envi\u00f3 al Senado de la Rep\u00fablica un paquete de iniciativas de reforma para la protecci\u00f3n En Sonora en Equipo publicamos toda la informaci\u00f3n de Sonora, M\u00e9xico y el Mundo de manera oportuna y busca que la libertad de expresi\u00f3n sea real. Visita nuestro medio informativo publicado desde Hermosillo, Sonora. %\",\"breadcrumb\":{\"@id\":\"https:\/\/www.sonoraenequipo.com.mx\/claudia-sheinbaum-envia-paquete-de-reformas-para-la-proteccion-de-las-mujeres\/#breadcrumb\"},\"inLanguage\":\"es\",\"potentialAction\":[{\"@type\":\"ReadAction\",\"target\":[\"https:\/\/www.sonoraenequipo.com.mx\/claudia-sheinbaum-envia-paquete-de-reformas-para-la-proteccion-de-las-mujeres\/\"]}]},{\"@type\":\"ImageObject\",\"inLanguage\":\"es\",\"@id\":\"https:\/\/www.sonoraenequipo.com.mx\/claudia-sheinbaum-envia-paquete-de-reformas-para-la-proteccion-de-las-mujeres\/#primaryimage\",\"url\":\"https:\/\/www.sonoraenequipo.com.mx\/storage\/2024\/10\/claudia-sheinbaum-0310.2024-min.jpg\",\"contentUrl\":\"https:\/\/www.sonoraenequipo.com.mx\/storage\/2024\/10\/claudia-sheinbaum-0310.2024-min.jpg\",\"width\":900,\"height\":599},{\"@type\":\"BreadcrumbList\",\"@id\":\"https:\/\/www.sonoraenequipo.com.mx\/claudia-sheinbaum-envia-paquete-de-reformas-para-la-proteccion-de-las-mujeres\/#breadcrumb\",\"itemListElement\":[{\"@type\":\"ListItem\",\"position\":1,\"name\":\"Portada\",\"item\":\"https:\/\/www.sonoraenequipo.com.mx\/\"},{\"@type\":\"ListItem\",\"position\":2,\"name\":\"Claudia Sheinbaum env\u00eda paquete de reformas para la protecci\u00f3n de las mujeres\"}]},{\"@type\":\"WebSite\",\"@id\":\"https:\/\/www.sonoraenequipo.com.mx\/#website\",\"url\":\"https:\/\/www.sonoraenequipo.com.mx\/\",\"name\":\"Sonora en Equipo.\",\"description\":\"Diario en l\u00ednea con Noticias desde Hermosillo, Sonora\",\"publisher\":{\"@id\":\"https:\/\/www.sonoraenequipo.com.mx\/#organization\"},\"potentialAction\":[{\"@type\":\"SearchAction\",\"target\":{\"@type\":\"EntryPoint\",\"urlTemplate\":\"https:\/\/www.sonoraenequipo.com.mx\/?s={search_term_string}\"},\"query-input\":{\"@type\":\"PropertyValueSpecification\",\"valueRequired\":true,\"valueName\":\"search_term_string\"}}],\"inLanguage\":\"es\"},{\"@type\":\"Organization\",\"@id\":\"https:\/\/www.sonoraenequipo.com.mx\/#organization\",\"name\":\"Sonoraenequipo.com.mx\",\"url\":\"https:\/\/www.sonoraenequipo.com.mx\/\",\"logo\":{\"@type\":\"ImageObject\",\"inLanguage\":\"es\",\"@id\":\"https:\/\/www.sonoraenequipo.com.mx\/#\/schema\/logo\/image\/\",\"url\":\"https:\/\/www.sonoraenequipo.com.mx\/storage\/2019\/01\/sonoraenequipo_opt.png\",\"contentUrl\":\"https:\/\/www.sonoraenequipo.com.mx\/storage\/2019\/01\/sonoraenequipo_opt.png\",\"width\":375,\"height\":125,\"caption\":\"Sonoraenequipo.com.mx\"},\"image\":{\"@id\":\"https:\/\/www.sonoraenequipo.com.mx\/#\/schema\/logo\/image\/\"},\"sameAs\":[\"https:\/\/www.facebook.com\/SonoraEE\/\",\"https:\/\/x.com\/sonoraenequipo\",\"https:\/\/www.youtube.com\/channel\/UC338nW-lPEYmJQs4ZABQ1SQ\"]},{\"@type\":\"Person\",\"@id\":\"https:\/\/www.sonoraenequipo.com.mx\/#\/schema\/person\/50102df0fb23a8fa9e8effad8fa81386\",\"name\":\"enequipo\",\"image\":{\"@type\":\"ImageObject\",\"inLanguage\":\"es\",\"@id\":\"https:\/\/www.sonoraenequipo.com.mx\/#\/schema\/person\/image\/\",\"url\":\"https:\/\/secure.gravatar.com\/avatar\/049821681b589dabc0bc20695993ccebb09f5b5d4d790cd9251b97faac7c652b?s=96&d=blank&r=g\",\"contentUrl\":\"https:\/\/secure.gravatar.com\/avatar\/049821681b589dabc0bc20695993ccebb09f5b5d4d790cd9251b97faac7c652b?s=96&d=blank&r=g\",\"caption\":\"enequipo\"},\"sameAs\":[\"https:\/\/www.facebook.com\/SonoraEE\"]}]}<\/script>\n ","yoast_head_json":{"title":"Sonora en Equipo. Claudia Sheinbaum env\u00eda paquete de reformas para la protecci\u00f3n de las mujeres Rep\u00fablica","description":"CIUDAD DE M\u00c9XICO. MX. \u2014 Claudia Sheinbaum, presidenta de M\u00e9xico, envi\u00f3 al Senado de la Rep\u00fablica un paquete de iniciativas de reforma para la protecci\u00f3n En Sonora en Equipo publicamos toda la informaci\u00f3n de Sonora, M\u00e9xico y el Mundo de manera oportuna y busca que la libertad de expresi\u00f3n sea real. Visita nuestro medio informativo publicado desde Hermosillo, Sonora. %","robots":{"index":"index","follow":"follow","max-snippet":"max-snippet:-1","max-image-preview":"max-image-preview:large","max-video-preview":"max-video-preview:-1"},"canonical":"https:\/\/www.sonoraenequipo.com.mx\/claudia-sheinbaum-envia-paquete-de-reformas-para-la-proteccion-de-las-mujeres\/","og_locale":"es_ES","og_type":"article","og_title":"Sonora en Equipo. Claudia Sheinbaum env\u00eda paquete de reformas para la protecci\u00f3n de las mujeres Rep\u00fablica","og_description":"CIUDAD DE M\u00c9XICO. MX. \u2014 Claudia Sheinbaum, presidenta de M\u00e9xico, envi\u00f3 al Senado de la Rep\u00fablica un paquete de iniciativas de reforma para la protecci\u00f3n En Sonora en Equipo publicamos toda la informaci\u00f3n de Sonora, M\u00e9xico y el Mundo de manera oportuna y busca que la libertad de expresi\u00f3n sea real. Visita nuestro medio informativo publicado desde Hermosillo, Sonora. %","og_url":"https:\/\/www.sonoraenequipo.com.mx\/claudia-sheinbaum-envia-paquete-de-reformas-para-la-proteccion-de-las-mujeres\/","og_site_name":"Sonora en Equipo.","article_publisher":"https:\/\/www.facebook.com\/SonoraEE\/","article_author":"https:\/\/www.facebook.com\/SonoraEE","article_published_time":"2024-10-03T18:20:50+00:00","article_modified_time":"2024-10-04T19:03:31+00:00","og_image":[{"width":900,"height":599,"url":"https:\/\/www.sonoraenequipo.com.mx\/storage\/2024\/10\/claudia-sheinbaum-0310.2024-min.jpg","type":"image\/jpeg"}],"author":"enequipo","twitter_card":"summary_large_image","twitter_creator":"@sonoraenequipo","twitter_site":"@sonoraenequipo","twitter_misc":{"Escrito por":"enequipo","Tiempo de lectura":"3 minutos"},"schema":{"@context":"https:\/\/schema.org","@graph":[{"@type":"Article","@id":"https:\/\/www.sonoraenequipo.com.mx\/claudia-sheinbaum-envia-paquete-de-reformas-para-la-proteccion-de-las-mujeres\/#article","isPartOf":{"@id":"https:\/\/www.sonoraenequipo.com.mx\/claudia-sheinbaum-envia-paquete-de-reformas-para-la-proteccion-de-las-mujeres\/"},"author":{"name":"enequipo","@id":"https:\/\/www.sonoraenequipo.com.mx\/#\/schema\/person\/50102df0fb23a8fa9e8effad8fa81386"},"headline":"Claudia Sheinbaum env\u00eda paquete de reformas para la protecci\u00f3n de las mujeres","datePublished":"2024-10-03T18:20:50+00:00","dateModified":"2024-10-04T19:03:31+00:00","mainEntityOfPage":{"@id":"https:\/\/www.sonoraenequipo.com.mx\/claudia-sheinbaum-envia-paquete-de-reformas-para-la-proteccion-de-las-mujeres\/"},"wordCount":515,"commentCount":0,"publisher":{"@id":"https:\/\/www.sonoraenequipo.com.mx\/#organization"},"image":{"@id":"https:\/\/www.sonoraenequipo.com.mx\/claudia-sheinbaum-envia-paquete-de-reformas-para-la-proteccion-de-las-mujeres\/#primaryimage"},"thumbnailUrl":"https:\/\/www.sonoraenequipo.com.mx\/storage\/2024\/10\/claudia-sheinbaum-0310.2024-min.jpg","articleSection":["Rep\u00fablica"],"inLanguage":"es","potentialAction":[{"@type":"CommentAction","name":"Comment","target":["https:\/\/www.sonoraenequipo.com.mx\/claudia-sheinbaum-envia-paquete-de-reformas-para-la-proteccion-de-las-mujeres\/#respond"]}]},{"@type":"WebPage","@id":"https:\/\/www.sonoraenequipo.com.mx\/claudia-sheinbaum-envia-paquete-de-reformas-para-la-proteccion-de-las-mujeres\/","url":"https:\/\/www.sonoraenequipo.com.mx\/claudia-sheinbaum-envia-paquete-de-reformas-para-la-proteccion-de-las-mujeres\/","name":"Sonora en Equipo. Claudia Sheinbaum env\u00eda paquete de reformas para la protecci\u00f3n de las mujeres Rep\u00fablica","isPartOf":{"@id":"https:\/\/www.sonoraenequipo.com.mx\/#website"},"primaryImageOfPage":{"@id":"https:\/\/www.sonoraenequipo.com.mx\/claudia-sheinbaum-envia-paquete-de-reformas-para-la-proteccion-de-las-mujeres\/#primaryimage"},"image":{"@id":"https:\/\/www.sonoraenequipo.com.mx\/claudia-sheinbaum-envia-paquete-de-reformas-para-la-proteccion-de-las-mujeres\/#primaryimage"},"thumbnailUrl":"https:\/\/www.sonoraenequipo.com.mx\/storage\/2024\/10\/claudia-sheinbaum-0310.2024-min.jpg","datePublished":"2024-10-03T18:20:50+00:00","dateModified":"2024-10-04T19:03:31+00:00","description":"CIUDAD DE M\u00c9XICO. MX. \u2014 Claudia Sheinbaum, presidenta de M\u00e9xico, envi\u00f3 al Senado de la Rep\u00fablica un paquete de iniciativas de reforma para la protecci\u00f3n En Sonora en Equipo publicamos toda la informaci\u00f3n de Sonora, M\u00e9xico y el Mundo de manera oportuna y busca que la libertad de expresi\u00f3n sea real. Visita nuestro medio informativo publicado desde Hermosillo, Sonora. %","breadcrumb":{"@id":"https:\/\/www.sonoraenequipo.com.mx\/claudia-sheinbaum-envia-paquete-de-reformas-para-la-proteccion-de-las-mujeres\/#breadcrumb"},"inLanguage":"es","potentialAction":[{"@type":"ReadAction","target":["https:\/\/www.sonoraenequipo.com.mx\/claudia-sheinbaum-envia-paquete-de-reformas-para-la-proteccion-de-las-mujeres\/"]}]},{"@type":"ImageObject","inLanguage":"es","@id":"https:\/\/www.sonoraenequipo.com.mx\/claudia-sheinbaum-envia-paquete-de-reformas-para-la-proteccion-de-las-mujeres\/#primaryimage","url":"https:\/\/www.sonoraenequipo.com.mx\/storage\/2024\/10\/claudia-sheinbaum-0310.2024-min.jpg","contentUrl":"https:\/\/www.sonoraenequipo.com.mx\/storage\/2024\/10\/claudia-sheinbaum-0310.2024-min.jpg","width":900,"height":599},{"@type":"BreadcrumbList","@id":"https:\/\/www.sonoraenequipo.com.mx\/claudia-sheinbaum-envia-paquete-de-reformas-para-la-proteccion-de-las-mujeres\/#breadcrumb","itemListElement":[{"@type":"ListItem","position":1,"name":"Portada","item":"https:\/\/www.sonoraenequipo.com.mx\/"},{"@type":"ListItem","position":2,"name":"Claudia Sheinbaum env\u00eda paquete de reformas para la protecci\u00f3n de las mujeres"}]},{"@type":"WebSite","@id":"https:\/\/www.sonoraenequipo.com.mx\/#website","url":"https:\/\/www.sonoraenequipo.com.mx\/","name":"Sonora en Equipo.","description":"Diario en l\u00ednea con Noticias desde Hermosillo, Sonora","publisher":{"@id":"https:\/\/www.sonoraenequipo.com.mx\/#organization"},"potentialAction":[{"@type":"SearchAction","target":{"@type":"EntryPoint","urlTemplate":"https:\/\/www.sonoraenequipo.com.mx\/?s={search_term_string}"},"query-input":{"@type":"PropertyValueSpecification","valueRequired":true,"valueName":"search_term_string"}}],"inLanguage":"es"},{"@type":"Organization","@id":"https:\/\/www.sonoraenequipo.com.mx\/#organization","name":"Sonoraenequipo.com.mx","url":"https:\/\/www.sonoraenequipo.com.mx\/","logo":{"@type":"ImageObject","inLanguage":"es","@id":"https:\/\/www.sonoraenequipo.com.mx\/#\/schema\/logo\/image\/","url":"https:\/\/www.sonoraenequipo.com.mx\/storage\/2019\/01\/sonoraenequipo_opt.png","contentUrl":"https:\/\/www.sonoraenequipo.com.mx\/storage\/2019\/01\/sonoraenequipo_opt.png","width":375,"height":125,"caption":"Sonoraenequipo.com.mx"},"image":{"@id":"https:\/\/www.sonoraenequipo.com.mx\/#\/schema\/logo\/image\/"},"sameAs":["https:\/\/www.facebook.com\/SonoraEE\/","https:\/\/x.com\/sonoraenequipo","https:\/\/www.youtube.com\/channel\/UC338nW-lPEYmJQs4ZABQ1SQ"]},{"@type":"Person","@id":"https:\/\/www.sonoraenequipo.com.mx\/#\/schema\/person\/50102df0fb23a8fa9e8effad8fa81386","name":"enequipo","image":{"@type":"ImageObject","inLanguage":"es","@id":"https:\/\/www.sonoraenequipo.com.mx\/#\/schema\/person\/image\/","url":"https:\/\/secure.gravatar.com\/avatar\/049821681b589dabc0bc20695993ccebb09f5b5d4d790cd9251b97faac7c652b?s=96&d=blank&r=g","contentUrl":"https:\/\/secure.gravatar.com\/avatar\/049821681b589dabc0bc20695993ccebb09f5b5d4d790cd9251b97faac7c652b?s=96&d=blank&r=g","caption":"enequipo"},"sameAs":["https:\/\/www.facebook.com\/SonoraEE"]}]}},"jetpack_featured_media_url":"https:\/\/www.sonoraenequipo.com.mx\/storage\/2024\/10\/claudia-sheinbaum-0310.2024-min.jpg","_links":{"self":[{"href":"https:\/\/www.sonoraenequipo.com.mx\/api\/wp\/v2\/posts\/200548","targetHints":{"allow":["GET"]}}],"collection":[{"href":"https:\/\/www.sonoraenequipo.com.mx\/api\/wp\/v2\/posts"}],"about":[{"href":"https:\/\/www.sonoraenequipo.com.mx\/api\/wp\/v2\/types\/post"}],"author":[{"embeddable":true,"href":"https:\/\/www.sonoraenequipo.com.mx\/api\/wp\/v2\/users\/1"}],"replies":[{"embeddable":true,"href":"https:\/\/www.sonoraenequipo.com.mx\/api\/wp\/v2\/comments?post=200548"}],"version-history":[{"count":1,"href":"https:\/\/www.sonoraenequipo.com.mx\/api\/wp\/v2\/posts\/200548\/revisions"}],"predecessor-version":[{"id":200560,"href":"https:\/\/www.sonoraenequipo.com.mx\/api\/wp\/v2\/posts\/200548\/revisions\/200560"}],"wp:featuredmedia":[{"embeddable":true,"href":"https:\/\/www.sonoraenequipo.com.mx\/api\/wp\/v2\/media\/200559"}],"wp:attachment":[{"href":"https:\/\/www.sonoraenequipo.com.mx\/api\/wp\/v2\/media?parent=200548"}],"wp:term":[{"taxonomy":"category","embeddable":true,"href":"https:\/\/www.sonoraenequipo.com.mx\/api\/wp\/v2\/categories?post=200548"},{"taxonomy":"post_tag","embeddable":true,"href":"https:\/\/www.sonoraenequipo.com.mx\/api\/wp\/v2\/tags?post=200548"}],"curies":[{"name":"wp","href":"https:\/\/api.w.org\/{rel}","templated":true}]}}