{"id":200710,"date":"2024-10-06T11:05:37","date_gmt":"2024-10-06T18:05:37","guid":{"rendered":"https:\/\/www.sonoraenequipo.com.mx\/?p=200710"},"modified":"2024-10-06T11:31:06","modified_gmt":"2024-10-06T18:31:06","slug":"afluente-del-amazonas-alcanza-su-nivel-minimo-en-mas-de-122-anos-debido-a-la-sequia","status":"publish","type":"post","link":"https:\/\/www.sonoraenequipo.com.mx\/afluente-del-amazonas-alcanza-su-nivel-minimo-en-mas-de-122-anos-debido-a-la-sequia\/","title":{"rendered":"Afluente del Amazonas alcanza su nivel m\u00ednimo en m\u00e1s de 122 a\u00f1os debido a la sequ\u00eda"},"content":{"rendered":"<p><strong>MANOS, BRASIL \u2014 <\/strong>Uno de los principales afluentes del r\u00edo Amazonas ha descendido a su nivel m\u00e1s bajo jam\u00e1s registrado, inform\u00f3 el servicio geol\u00f3gico de Brasil, lo cual refleja una grave sequ\u00eda que ha devastado la selva amaz\u00f3nica y otras partes del pa\u00eds.<\/p>\n<p>\u00a0<\/p>\n<p>El nivel del r\u00edo Negro en el puerto de Manaos era de 12,66 metros el viernes, en comparaci\u00f3n con un nivel normal de unos 21 metros. Es el nivel m\u00e1s bajo desde que comenzaron a llevarse mediciones hace 122 a\u00f1os. El anterior r\u00e9cord m\u00e1s bajo se registr\u00f3 el a\u00f1o pasado, a finales de octubre.<\/p>\n<p>\u00a0<\/p>\n<p>El nivel del r\u00edo Negro podr\u00eda bajar a\u00fan m\u00e1s en las pr\u00f3ximas semanas, seg\u00fan las previsiones de escasez de lluvias en las regiones situadas r\u00edo arriba, de acuerdo con las predicciones del servicio geol\u00f3gico. Andre Martinelli, responsable de hidrolog\u00eda de la agencia en Manaos, dijo el viernes que se prev\u00e9 que el nivel del r\u00edo siga descendiendo hasta finales de mes.<\/p>\n<p>Los niveles del agua en la Amazon\u00eda brasile\u00f1a siempre aumentan o se reducen en las temporadas de lluvias y de sequ\u00eda, pero la porci\u00f3n seca de este a\u00f1o ha sido mucho peor que lo usual. Todos los r\u00edos principales de la cuenca del Amazonas est\u00e1n en niveles cr\u00edticos, incluido el r\u00edo Madeira, que es el afluente m\u00e1s largo del Amazonas.<\/p>\n<p>\u00a0<\/p>\n<p>El r\u00edo Negro drena alrededor de 10 % de la cuenca del Amazonas y es el sexto m\u00e1s grande del mundo seg\u00fan su volumen de agua. Manaos, la ciudad m\u00e1s grande del bosque tropical, es donde el r\u00edo Negro se une al Amazonas.<\/p>\n<p>\u00a0<\/p>\n<p>Para la poblaci\u00f3n local, la sequ\u00eda ha imposibilitado las actividades cotidianas b\u00e1sicas. Gracita Barbosa, de 28 a\u00f1os, trabaja de cajera en una tienda flotante del r\u00edo Negro. Se encuentra sin empleo porque los botes que antes hac\u00edan escala all\u00ed ya no pueden navegar por el r\u00edo debido al bajo nivel de las aguas. Barbosa ya no puede ba\u00f1arse en el r\u00edo y ahora tiene que recorrer distancias m\u00e1s largas para recolectar agua potable.<\/p>\n<p><strong>Fecha de publicaci\u00f3n 6 de octubre de 2024\/<\/strong>\u00a0 <strong>VOA<\/strong><\/p>\n\n\n<p><\/p>\n","protected":false},"excerpt":{"rendered":"<p>MANOS, BRASIL \u2014 Uno de los principales afluentes del r\u00edo Amazonas ha descendido a su&#8230;<\/p>\n","protected":false},"author":1,"featured_media":200711,"comment_status":"open","ping_status":"open","sticky":false,"template":"","format":"standard","meta":{"_monsterinsights_skip_tracking":false,"_monsterinsights_sitenote_active":false,"_monsterinsights_sitenote_note":"","_monsterinsights_sitenote_category":0,"footnotes":""},"categories":[3],"tags":[10333,280],"class_list":["post"],"yoast_head":" \n<title>Sonora en Equipo. Afluente del Amazonas alcanza su nivel m\u00ednimo en m\u00e1s de 122 a\u00f1os debido a la sequ\u00eda MUNDO<\/title>\n<meta name=\"description\" content=\"MANOS, BRASIL \u2014 Uno de los principales afluentes del r\u00edo Amazonas ha descendido a su nivel m\u00e1s bajo jam\u00e1s registrado, inform\u00f3 el servicio geol\u00f3gico de En Sonora en Equipo publicamos toda la informaci\u00f3n de Sonora, M\u00e9xico y el Mundo de manera oportuna y busca que la libertad de expresi\u00f3n sea real. Visita nuestro medio informativo publicado desde Hermosillo, Sonora. %\" \/>\n<meta name=\"robots\" content=\"index, follow, max-snippet:-1, max-image-preview:large, max-video-preview:-1\" \/>\n<link rel=\"canonical\" href=\"https:\/\/www.sonoraenequipo.com.mx\/afluente-del-amazonas-alcanza-su-nivel-minimo-en-mas-de-122-anos-debido-a-la-sequia\/\" \/>\n<meta property=\"og:locale\" content=\"es_ES\" \/>\n<meta property=\"og:type\" content=\"article\" \/>\n<meta property=\"og:title\" content=\"Sonora en Equipo. Afluente del Amazonas alcanza su nivel m\u00ednimo en m\u00e1s de 122 a\u00f1os debido a la sequ\u00eda MUNDO\" \/>\n<meta property=\"og:description\" content=\"MANOS, BRASIL \u2014 Uno de los principales afluentes del r\u00edo Amazonas ha descendido a su nivel m\u00e1s bajo jam\u00e1s registrado, inform\u00f3 el servicio geol\u00f3gico de En Sonora en Equipo publicamos toda la informaci\u00f3n de Sonora, M\u00e9xico y el Mundo de manera oportuna y busca que la libertad de expresi\u00f3n sea real. Visita nuestro medio informativo publicado desde Hermosillo, Sonora. %\" \/>\n<meta property=\"og:url\" content=\"https:\/\/www.sonoraenequipo.com.mx\/afluente-del-amazonas-alcanza-su-nivel-minimo-en-mas-de-122-anos-debido-a-la-sequia\/\" \/>\n<meta property=\"og:site_name\" content=\"Sonora en Equipo.\" \/>\n<meta property=\"article:publisher\" content=\"https:\/\/www.facebook.com\/SonoraEE\/\" \/>\n<meta property=\"article:author\" content=\"https:\/\/www.facebook.com\/SonoraEE\" \/>\n<meta property=\"article:published_time\" content=\"2024-10-06T18:05:37+00:00\" \/>\n<meta property=\"article:modified_time\" content=\"2024-10-06T18:31:06+00:00\" \/>\n<meta property=\"og:image\" content=\"https:\/\/www.sonoraenequipo.com.mx\/storage\/2024\/10\/rio-negro-brasil.jpg\" \/>\n\t<meta property=\"og:image:width\" content=\"600\" \/>\n\t<meta property=\"og:image:height\" content=\"337\" \/>\n\t<meta property=\"og:image:type\" content=\"image\/jpeg\" \/>\n<meta name=\"author\" content=\"enequipo\" \/>\n<meta name=\"twitter:card\" content=\"summary_large_image\" \/>\n<meta name=\"twitter:creator\" content=\"@sonoraenequipo\" \/>\n<meta name=\"twitter:site\" content=\"@sonoraenequipo\" \/>\n<meta name=\"twitter:label1\" content=\"Escrito por\" \/>\n\t<meta name=\"twitter:data1\" content=\"enequipo\" \/>\n\t<meta name=\"twitter:label2\" content=\"Tiempo de lectura\" \/>\n\t<meta name=\"twitter:data2\" content=\"2 minutos\" \/>\n<script type=\"application\/ld+json\" class=\"yoast-schema-graph\">{\"@context\":\"https:\/\/schema.org\",\"@graph\":[{\"@type\":\"Article\",\"@id\":\"https:\/\/www.sonoraenequipo.com.mx\/afluente-del-amazonas-alcanza-su-nivel-minimo-en-mas-de-122-anos-debido-a-la-sequia\/#article\",\"isPartOf\":{\"@id\":\"https:\/\/www.sonoraenequipo.com.mx\/afluente-del-amazonas-alcanza-su-nivel-minimo-en-mas-de-122-anos-debido-a-la-sequia\/\"},\"author\":{\"name\":\"enequipo\",\"@id\":\"https:\/\/www.sonoraenequipo.com.mx\/#\/schema\/person\/50102df0fb23a8fa9e8effad8fa81386\"},\"headline\":\"Afluente del Amazonas alcanza su nivel m\u00ednimo en m\u00e1s de 122 a\u00f1os debido a la sequ\u00eda\",\"datePublished\":\"2024-10-06T18:05:37+00:00\",\"dateModified\":\"2024-10-06T18:31:06+00:00\",\"mainEntityOfPage\":{\"@id\":\"https:\/\/www.sonoraenequipo.com.mx\/afluente-del-amazonas-alcanza-su-nivel-minimo-en-mas-de-122-anos-debido-a-la-sequia\/\"},\"wordCount\":403,\"commentCount\":0,\"publisher\":{\"@id\":\"https:\/\/www.sonoraenequipo.com.mx\/#organization\"},\"image\":{\"@id\":\"https:\/\/www.sonoraenequipo.com.mx\/afluente-del-amazonas-alcanza-su-nivel-minimo-en-mas-de-122-anos-debido-a-la-sequia\/#primaryimage\"},\"thumbnailUrl\":\"https:\/\/www.sonoraenequipo.com.mx\/storage\/2024\/10\/rio-negro-brasil.jpg\",\"keywords\":[\"amazonas\",\"Brasil\"],\"articleSection\":[\"MUNDO\"],\"inLanguage\":\"es\",\"potentialAction\":[{\"@type\":\"CommentAction\",\"name\":\"Comment\",\"target\":[\"https:\/\/www.sonoraenequipo.com.mx\/afluente-del-amazonas-alcanza-su-nivel-minimo-en-mas-de-122-anos-debido-a-la-sequia\/#respond\"]}]},{\"@type\":\"WebPage\",\"@id\":\"https:\/\/www.sonoraenequipo.com.mx\/afluente-del-amazonas-alcanza-su-nivel-minimo-en-mas-de-122-anos-debido-a-la-sequia\/\",\"url\":\"https:\/\/www.sonoraenequipo.com.mx\/afluente-del-amazonas-alcanza-su-nivel-minimo-en-mas-de-122-anos-debido-a-la-sequia\/\",\"name\":\"Sonora en Equipo. Afluente del Amazonas alcanza su nivel m\u00ednimo en m\u00e1s de 122 a\u00f1os debido a la sequ\u00eda MUNDO\",\"isPartOf\":{\"@id\":\"https:\/\/www.sonoraenequipo.com.mx\/#website\"},\"primaryImageOfPage\":{\"@id\":\"https:\/\/www.sonoraenequipo.com.mx\/afluente-del-amazonas-alcanza-su-nivel-minimo-en-mas-de-122-anos-debido-a-la-sequia\/#primaryimage\"},\"image\":{\"@id\":\"https:\/\/www.sonoraenequipo.com.mx\/afluente-del-amazonas-alcanza-su-nivel-minimo-en-mas-de-122-anos-debido-a-la-sequia\/#primaryimage\"},\"thumbnailUrl\":\"https:\/\/www.sonoraenequipo.com.mx\/storage\/2024\/10\/rio-negro-brasil.jpg\",\"datePublished\":\"2024-10-06T18:05:37+00:00\",\"dateModified\":\"2024-10-06T18:31:06+00:00\",\"description\":\"MANOS, BRASIL \u2014 Uno de los principales afluentes del r\u00edo Amazonas ha descendido a su nivel m\u00e1s bajo jam\u00e1s registrado, inform\u00f3 el servicio geol\u00f3gico de En Sonora en Equipo publicamos toda la informaci\u00f3n de Sonora, M\u00e9xico y el Mundo de manera oportuna y busca que la libertad de expresi\u00f3n sea real. Visita nuestro medio informativo publicado desde Hermosillo, Sonora. %\",\"breadcrumb\":{\"@id\":\"https:\/\/www.sonoraenequipo.com.mx\/afluente-del-amazonas-alcanza-su-nivel-minimo-en-mas-de-122-anos-debido-a-la-sequia\/#breadcrumb\"},\"inLanguage\":\"es\",\"potentialAction\":[{\"@type\":\"ReadAction\",\"target\":[\"https:\/\/www.sonoraenequipo.com.mx\/afluente-del-amazonas-alcanza-su-nivel-minimo-en-mas-de-122-anos-debido-a-la-sequia\/\"]}]},{\"@type\":\"ImageObject\",\"inLanguage\":\"es\",\"@id\":\"https:\/\/www.sonoraenequipo.com.mx\/afluente-del-amazonas-alcanza-su-nivel-minimo-en-mas-de-122-anos-debido-a-la-sequia\/#primaryimage\",\"url\":\"https:\/\/www.sonoraenequipo.com.mx\/storage\/2024\/10\/rio-negro-brasil.jpg\",\"contentUrl\":\"https:\/\/www.sonoraenequipo.com.mx\/storage\/2024\/10\/rio-negro-brasil.jpg\",\"width\":600,\"height\":337,\"caption\":\"Una parte del r\u00edo Negro est\u00e1 seca en el puerto de Manaos, estado de Amazonas, Brasil, el viernes 4 de octubre de 2024, en medio de una grave sequ\u00eda. Imagen.AP\"},{\"@type\":\"BreadcrumbList\",\"@id\":\"https:\/\/www.sonoraenequipo.com.mx\/afluente-del-amazonas-alcanza-su-nivel-minimo-en-mas-de-122-anos-debido-a-la-sequia\/#breadcrumb\",\"itemListElement\":[{\"@type\":\"ListItem\",\"position\":1,\"name\":\"Portada\",\"item\":\"https:\/\/www.sonoraenequipo.com.mx\/\"},{\"@type\":\"ListItem\",\"position\":2,\"name\":\"Afluente del Amazonas alcanza su nivel m\u00ednimo en m\u00e1s de 122 a\u00f1os debido a la sequ\u00eda\"}]},{\"@type\":\"WebSite\",\"@id\":\"https:\/\/www.sonoraenequipo.com.mx\/#website\",\"url\":\"https:\/\/www.sonoraenequipo.com.mx\/\",\"name\":\"Sonora en Equipo.\",\"description\":\"Diario en l\u00ednea con Noticias desde Hermosillo, Sonora\",\"publisher\":{\"@id\":\"https:\/\/www.sonoraenequipo.com.mx\/#organization\"},\"potentialAction\":[{\"@type\":\"SearchAction\",\"target\":{\"@type\":\"EntryPoint\",\"urlTemplate\":\"https:\/\/www.sonoraenequipo.com.mx\/?s={search_term_string}\"},\"query-input\":{\"@type\":\"PropertyValueSpecification\",\"valueRequired\":true,\"valueName\":\"search_term_string\"}}],\"inLanguage\":\"es\"},{\"@type\":\"Organization\",\"@id\":\"https:\/\/www.sonoraenequipo.com.mx\/#organization\",\"name\":\"Sonoraenequipo.com.mx\",\"url\":\"https:\/\/www.sonoraenequipo.com.mx\/\",\"logo\":{\"@type\":\"ImageObject\",\"inLanguage\":\"es\",\"@id\":\"https:\/\/www.sonoraenequipo.com.mx\/#\/schema\/logo\/image\/\",\"url\":\"https:\/\/www.sonoraenequipo.com.mx\/storage\/2019\/01\/sonoraenequipo_opt.png\",\"contentUrl\":\"https:\/\/www.sonoraenequipo.com.mx\/storage\/2019\/01\/sonoraenequipo_opt.png\",\"width\":375,\"height\":125,\"caption\":\"Sonoraenequipo.com.mx\"},\"image\":{\"@id\":\"https:\/\/www.sonoraenequipo.com.mx\/#\/schema\/logo\/image\/\"},\"sameAs\":[\"https:\/\/www.facebook.com\/SonoraEE\/\",\"https:\/\/x.com\/sonoraenequipo\",\"https:\/\/www.youtube.com\/channel\/UC338nW-lPEYmJQs4ZABQ1SQ\"]},{\"@type\":\"Person\",\"@id\":\"https:\/\/www.sonoraenequipo.com.mx\/#\/schema\/person\/50102df0fb23a8fa9e8effad8fa81386\",\"name\":\"enequipo\",\"image\":{\"@type\":\"ImageObject\",\"inLanguage\":\"es\",\"@id\":\"https:\/\/www.sonoraenequipo.com.mx\/#\/schema\/person\/image\/\",\"url\":\"https:\/\/secure.gravatar.com\/avatar\/049821681b589dabc0bc20695993ccebb09f5b5d4d790cd9251b97faac7c652b?s=96&d=blank&r=g\",\"contentUrl\":\"https:\/\/secure.gravatar.com\/avatar\/049821681b589dabc0bc20695993ccebb09f5b5d4d790cd9251b97faac7c652b?s=96&d=blank&r=g\",\"caption\":\"enequipo\"},\"sameAs\":[\"https:\/\/www.facebook.com\/SonoraEE\"]}]}<\/script>\n ","yoast_head_json":{"title":"Sonora en Equipo. Afluente del Amazonas alcanza su nivel m\u00ednimo en m\u00e1s de 122 a\u00f1os debido a la sequ\u00eda MUNDO","description":"MANOS, BRASIL \u2014 Uno de los principales afluentes del r\u00edo Amazonas ha descendido a su nivel m\u00e1s bajo jam\u00e1s registrado, inform\u00f3 el servicio geol\u00f3gico de En Sonora en Equipo publicamos toda la informaci\u00f3n de Sonora, M\u00e9xico y el Mundo de manera oportuna y busca que la libertad de expresi\u00f3n sea real. Visita nuestro medio informativo publicado desde Hermosillo, Sonora. %","robots":{"index":"index","follow":"follow","max-snippet":"max-snippet:-1","max-image-preview":"max-image-preview:large","max-video-preview":"max-video-preview:-1"},"canonical":"https:\/\/www.sonoraenequipo.com.mx\/afluente-del-amazonas-alcanza-su-nivel-minimo-en-mas-de-122-anos-debido-a-la-sequia\/","og_locale":"es_ES","og_type":"article","og_title":"Sonora en Equipo. Afluente del Amazonas alcanza su nivel m\u00ednimo en m\u00e1s de 122 a\u00f1os debido a la sequ\u00eda MUNDO","og_description":"MANOS, BRASIL \u2014 Uno de los principales afluentes del r\u00edo Amazonas ha descendido a su nivel m\u00e1s bajo jam\u00e1s registrado, inform\u00f3 el servicio geol\u00f3gico de En Sonora en Equipo publicamos toda la informaci\u00f3n de Sonora, M\u00e9xico y el Mundo de manera oportuna y busca que la libertad de expresi\u00f3n sea real. Visita nuestro medio informativo publicado desde Hermosillo, Sonora. %","og_url":"https:\/\/www.sonoraenequipo.com.mx\/afluente-del-amazonas-alcanza-su-nivel-minimo-en-mas-de-122-anos-debido-a-la-sequia\/","og_site_name":"Sonora en Equipo.","article_publisher":"https:\/\/www.facebook.com\/SonoraEE\/","article_author":"https:\/\/www.facebook.com\/SonoraEE","article_published_time":"2024-10-06T18:05:37+00:00","article_modified_time":"2024-10-06T18:31:06+00:00","og_image":[{"width":600,"height":337,"url":"https:\/\/www.sonoraenequipo.com.mx\/storage\/2024\/10\/rio-negro-brasil.jpg","type":"image\/jpeg"}],"author":"enequipo","twitter_card":"summary_large_image","twitter_creator":"@sonoraenequipo","twitter_site":"@sonoraenequipo","twitter_misc":{"Escrito por":"enequipo","Tiempo de lectura":"2 minutos"},"schema":{"@context":"https:\/\/schema.org","@graph":[{"@type":"Article","@id":"https:\/\/www.sonoraenequipo.com.mx\/afluente-del-amazonas-alcanza-su-nivel-minimo-en-mas-de-122-anos-debido-a-la-sequia\/#article","isPartOf":{"@id":"https:\/\/www.sonoraenequipo.com.mx\/afluente-del-amazonas-alcanza-su-nivel-minimo-en-mas-de-122-anos-debido-a-la-sequia\/"},"author":{"name":"enequipo","@id":"https:\/\/www.sonoraenequipo.com.mx\/#\/schema\/person\/50102df0fb23a8fa9e8effad8fa81386"},"headline":"Afluente del Amazonas alcanza su nivel m\u00ednimo en m\u00e1s de 122 a\u00f1os debido a la sequ\u00eda","datePublished":"2024-10-06T18:05:37+00:00","dateModified":"2024-10-06T18:31:06+00:00","mainEntityOfPage":{"@id":"https:\/\/www.sonoraenequipo.com.mx\/afluente-del-amazonas-alcanza-su-nivel-minimo-en-mas-de-122-anos-debido-a-la-sequia\/"},"wordCount":403,"commentCount":0,"publisher":{"@id":"https:\/\/www.sonoraenequipo.com.mx\/#organization"},"image":{"@id":"https:\/\/www.sonoraenequipo.com.mx\/afluente-del-amazonas-alcanza-su-nivel-minimo-en-mas-de-122-anos-debido-a-la-sequia\/#primaryimage"},"thumbnailUrl":"https:\/\/www.sonoraenequipo.com.mx\/storage\/2024\/10\/rio-negro-brasil.jpg","keywords":["amazonas","Brasil"],"articleSection":["MUNDO"],"inLanguage":"es","potentialAction":[{"@type":"CommentAction","name":"Comment","target":["https:\/\/www.sonoraenequipo.com.mx\/afluente-del-amazonas-alcanza-su-nivel-minimo-en-mas-de-122-anos-debido-a-la-sequia\/#respond"]}]},{"@type":"WebPage","@id":"https:\/\/www.sonoraenequipo.com.mx\/afluente-del-amazonas-alcanza-su-nivel-minimo-en-mas-de-122-anos-debido-a-la-sequia\/","url":"https:\/\/www.sonoraenequipo.com.mx\/afluente-del-amazonas-alcanza-su-nivel-minimo-en-mas-de-122-anos-debido-a-la-sequia\/","name":"Sonora en Equipo. Afluente del Amazonas alcanza su nivel m\u00ednimo en m\u00e1s de 122 a\u00f1os debido a la sequ\u00eda MUNDO","isPartOf":{"@id":"https:\/\/www.sonoraenequipo.com.mx\/#website"},"primaryImageOfPage":{"@id":"https:\/\/www.sonoraenequipo.com.mx\/afluente-del-amazonas-alcanza-su-nivel-minimo-en-mas-de-122-anos-debido-a-la-sequia\/#primaryimage"},"image":{"@id":"https:\/\/www.sonoraenequipo.com.mx\/afluente-del-amazonas-alcanza-su-nivel-minimo-en-mas-de-122-anos-debido-a-la-sequia\/#primaryimage"},"thumbnailUrl":"https:\/\/www.sonoraenequipo.com.mx\/storage\/2024\/10\/rio-negro-brasil.jpg","datePublished":"2024-10-06T18:05:37+00:00","dateModified":"2024-10-06T18:31:06+00:00","description":"MANOS, BRASIL \u2014 Uno de los principales afluentes del r\u00edo Amazonas ha descendido a su nivel m\u00e1s bajo jam\u00e1s registrado, inform\u00f3 el servicio geol\u00f3gico de En Sonora en Equipo publicamos toda la informaci\u00f3n de Sonora, M\u00e9xico y el Mundo de manera oportuna y busca que la libertad de expresi\u00f3n sea real. Visita nuestro medio informativo publicado desde Hermosillo, Sonora. %","breadcrumb":{"@id":"https:\/\/www.sonoraenequipo.com.mx\/afluente-del-amazonas-alcanza-su-nivel-minimo-en-mas-de-122-anos-debido-a-la-sequia\/#breadcrumb"},"inLanguage":"es","potentialAction":[{"@type":"ReadAction","target":["https:\/\/www.sonoraenequipo.com.mx\/afluente-del-amazonas-alcanza-su-nivel-minimo-en-mas-de-122-anos-debido-a-la-sequia\/"]}]},{"@type":"ImageObject","inLanguage":"es","@id":"https:\/\/www.sonoraenequipo.com.mx\/afluente-del-amazonas-alcanza-su-nivel-minimo-en-mas-de-122-anos-debido-a-la-sequia\/#primaryimage","url":"https:\/\/www.sonoraenequipo.com.mx\/storage\/2024\/10\/rio-negro-brasil.jpg","contentUrl":"https:\/\/www.sonoraenequipo.com.mx\/storage\/2024\/10\/rio-negro-brasil.jpg","width":600,"height":337,"caption":"Una parte del r\u00edo Negro est\u00e1 seca en el puerto de Manaos, estado de Amazonas, Brasil, el viernes 4 de octubre de 2024, en medio de una grave sequ\u00eda. Imagen.AP"},{"@type":"BreadcrumbList","@id":"https:\/\/www.sonoraenequipo.com.mx\/afluente-del-amazonas-alcanza-su-nivel-minimo-en-mas-de-122-anos-debido-a-la-sequia\/#breadcrumb","itemListElement":[{"@type":"ListItem","position":1,"name":"Portada","item":"https:\/\/www.sonoraenequipo.com.mx\/"},{"@type":"ListItem","position":2,"name":"Afluente del Amazonas alcanza su nivel m\u00ednimo en m\u00e1s de 122 a\u00f1os debido a la sequ\u00eda"}]},{"@type":"WebSite","@id":"https:\/\/www.sonoraenequipo.com.mx\/#website","url":"https:\/\/www.sonoraenequipo.com.mx\/","name":"Sonora en Equipo.","description":"Diario en l\u00ednea con Noticias desde Hermosillo, Sonora","publisher":{"@id":"https:\/\/www.sonoraenequipo.com.mx\/#organization"},"potentialAction":[{"@type":"SearchAction","target":{"@type":"EntryPoint","urlTemplate":"https:\/\/www.sonoraenequipo.com.mx\/?s={search_term_string}"},"query-input":{"@type":"PropertyValueSpecification","valueRequired":true,"valueName":"search_term_string"}}],"inLanguage":"es"},{"@type":"Organization","@id":"https:\/\/www.sonoraenequipo.com.mx\/#organization","name":"Sonoraenequipo.com.mx","url":"https:\/\/www.sonoraenequipo.com.mx\/","logo":{"@type":"ImageObject","inLanguage":"es","@id":"https:\/\/www.sonoraenequipo.com.mx\/#\/schema\/logo\/image\/","url":"https:\/\/www.sonoraenequipo.com.mx\/storage\/2019\/01\/sonoraenequipo_opt.png","contentUrl":"https:\/\/www.sonoraenequipo.com.mx\/storage\/2019\/01\/sonoraenequipo_opt.png","width":375,"height":125,"caption":"Sonoraenequipo.com.mx"},"image":{"@id":"https:\/\/www.sonoraenequipo.com.mx\/#\/schema\/logo\/image\/"},"sameAs":["https:\/\/www.facebook.com\/SonoraEE\/","https:\/\/x.com\/sonoraenequipo","https:\/\/www.youtube.com\/channel\/UC338nW-lPEYmJQs4ZABQ1SQ"]},{"@type":"Person","@id":"https:\/\/www.sonoraenequipo.com.mx\/#\/schema\/person\/50102df0fb23a8fa9e8effad8fa81386","name":"enequipo","image":{"@type":"ImageObject","inLanguage":"es","@id":"https:\/\/www.sonoraenequipo.com.mx\/#\/schema\/person\/image\/","url":"https:\/\/secure.gravatar.com\/avatar\/049821681b589dabc0bc20695993ccebb09f5b5d4d790cd9251b97faac7c652b?s=96&d=blank&r=g","contentUrl":"https:\/\/secure.gravatar.com\/avatar\/049821681b589dabc0bc20695993ccebb09f5b5d4d790cd9251b97faac7c652b?s=96&d=blank&r=g","caption":"enequipo"},"sameAs":["https:\/\/www.facebook.com\/SonoraEE"]}]}},"jetpack_featured_media_url":"https:\/\/www.sonoraenequipo.com.mx\/storage\/2024\/10\/rio-negro-brasil.jpg","_links":{"self":[{"href":"https:\/\/www.sonoraenequipo.com.mx\/api\/wp\/v2\/posts\/200710","targetHints":{"allow":["GET"]}}],"collection":[{"href":"https:\/\/www.sonoraenequipo.com.mx\/api\/wp\/v2\/posts"}],"about":[{"href":"https:\/\/www.sonoraenequipo.com.mx\/api\/wp\/v2\/types\/post"}],"author":[{"embeddable":true,"href":"https:\/\/www.sonoraenequipo.com.mx\/api\/wp\/v2\/users\/1"}],"replies":[{"embeddable":true,"href":"https:\/\/www.sonoraenequipo.com.mx\/api\/wp\/v2\/comments?post=200710"}],"version-history":[{"count":2,"href":"https:\/\/www.sonoraenequipo.com.mx\/api\/wp\/v2\/posts\/200710\/revisions"}],"predecessor-version":[{"id":200713,"href":"https:\/\/www.sonoraenequipo.com.mx\/api\/wp\/v2\/posts\/200710\/revisions\/200713"}],"wp:featuredmedia":[{"embeddable":true,"href":"https:\/\/www.sonoraenequipo.com.mx\/api\/wp\/v2\/media\/200711"}],"wp:attachment":[{"href":"https:\/\/www.sonoraenequipo.com.mx\/api\/wp\/v2\/media?parent=200710"}],"wp:term":[{"taxonomy":"category","embeddable":true,"href":"https:\/\/www.sonoraenequipo.com.mx\/api\/wp\/v2\/categories?post=200710"},{"taxonomy":"post_tag","embeddable":true,"href":"https:\/\/www.sonoraenequipo.com.mx\/api\/wp\/v2\/tags?post=200710"}],"curies":[{"name":"wp","href":"https:\/\/api.w.org\/{rel}","templated":true}]}}