{"id":200715,"date":"2024-10-06T11:39:25","date_gmt":"2024-10-06T18:39:25","guid":{"rendered":"https:\/\/www.sonoraenequipo.com.mx\/?p=200715"},"modified":"2024-10-06T11:39:25","modified_gmt":"2024-10-06T18:39:25","slug":"el-pacifico-la-parte-del-mundo-que-enfrenta-un-imparable-aumento-del-nivel-del-mar","status":"publish","type":"post","link":"https:\/\/www.sonoraenequipo.com.mx\/el-pacifico-la-parte-del-mundo-que-enfrenta-un-imparable-aumento-del-nivel-del-mar\/","title":{"rendered":"El Pac\u00edfico la parte del mundo que enfrenta un \u201cimparable\u201d aumento del nivel del mar"},"content":{"rendered":"<p>El Pac\u00edfico la parte del mundo que enfrenta un \u201cimparable\u201d aumento del nivel del mar<\/p>\n<p>&nbsp;<\/p>\n<p><strong>MIAMI, EEUU \u2014\u00a0 <\/strong>El cambio clim\u00e1tico est\u00e1 transformando de manera acelerada una regi\u00f3n del mundo que alberga a millones de personas.<\/p>\n<p>&nbsp;<\/p>\n<p>Seg\u00fan un reciente an\u00e1lisis del equipo de ciencia de cambios en el nivel del mar de la NASA, en los pr\u00f3ximos 30 a\u00f1os naciones insulares del Pac\u00edfico como Tuvalu, Kiribati y Fiji experimentar\u00e1n un aumento de al menos 15 cent\u00edmetros en el nivel del mar, independientemente de los cambios en las emisiones de gases de efecto invernadero.<\/p>\n<p>&nbsp;<\/p>\n<p>Este estudio fue realizado a petici\u00f3n de varios pa\u00edses insulares del Pac\u00edfico, como Tuvalu y Kiribati, en estrecha colaboraci\u00f3n con el Departamento de Estado de Estados Unidos. Adem\u00e1s, la NASA ha elaborado mapas de alta resoluci\u00f3n que identifican las zonas vulnerables a las inundaciones por mareas altas, conocidas como \u00abinundaciones en d\u00edas soleados\u00bb o \u00abinundaciones molestas\u00bb, y que muestran los escenarios para el a\u00f1o 2050.<\/p>\n<p>&nbsp;<\/p>\n<p>\u00abEl nivel del mar seguir\u00e1 aumentando durante siglos, causando inundaciones m\u00e1s frecuentes\u00bb, afirm\u00f3 Nadya Vinogradova Shiffer, directora de programas de f\u00edsica oce\u00e1nica en la Divisi\u00f3n de Ciencias de la Tierra de la NASA. \u00abLa nueva herramienta de inundaciones de la NASA muestra c\u00f3mo podr\u00edan aumentar la frecuencia y gravedad de las inundaciones para las comunidades costeras de las naciones insulares del Pac\u00edfico en las pr\u00f3ximas d\u00e9cadas\u00bb, a\u00f1adi\u00f3.<\/p>\n<p>Este equipo de cient\u00edficos, liderado por investigadores de la Universidad de Haw\u00e1i y en colaboraci\u00f3n con cient\u00edficos de la Universidad de Colorado y Virginia Tech, comenz\u00f3 con mapas de inundaciones de Kiribati, Tuvalu, Fiji, Nauru y Niue, con planes para extender estos estudios a otras islas en el futuro. Estos planos ser\u00e1n esenciales para ayudar a las naciones insulares a decidir c\u00f3mo y d\u00f3nde enfocar sus esfuerzos de mitigaci\u00f3n.<\/p>\n<p>&nbsp;<\/p>\n<p>El umbral cr\u00edtico<\/p>\n<p>&nbsp;<\/p>\n<p>Un informe de la Organizaci\u00f3n de las Naciones Unidas (ONU) advierte de que hay un 50 % de probabilidades de que el calentamiento global supere 1,5o Celsius en los pr\u00f3ximos a\u00f1os, el l\u00edmite establecido en el Acuerdo de Par\u00eds en un paquete de medidas para luchar contra el cambio clim\u00e1tico.<\/p>\n<p>&nbsp;<\/p>\n<p>Ram\u00f3n Cruz, presidente Sierra Club, una de las organizaciones m\u00e1s antiguas e influyentes de Estados Unidos, recalc\u00f3 en entrevista con la Voz de Am\u00e9rica que si \u201cse pasa de los 2\u00ba Celsius ser\u00eda algo catastr\u00f3fico\u201d.<\/p>\n<p>&nbsp;<\/p>\n<p>El Panel Intergubernamental en Cambio Clim\u00e1tico, un organismo tambi\u00e9n dependiente de la ONU, ya se\u00f1al\u00f3 que s\u00f3lo una acci\u00f3n r\u00e1pida y dr\u00e1stica evitar\u00eda un da\u00f1o irreversible al planeta. El objetivo: no sobrepasar el aumento de 1,5\u00ba Celsius.<\/p>\n<p>&nbsp;<\/p>\n<p>\u201cEste informe es un llamado de atenci\u00f3n para acelerar masivamente los esfuerzos clim\u00e1ticos de todos los pa\u00edses y todos los sectores y en todos los plazos\u201d, advirti\u00f3 Ant\u00f3nio Guterres, secretario general de las Naciones Unidas.<\/p>\n<p>La Tierra se est\u00e1 calentando cada vez m\u00e1s por el efecto invernadero, en parte por la gran cantidad de part\u00edculas de di\u00f3xido de carbono en la atm\u00f3sfera. Eso hace que los rayos del sol penetren en la Tierra, pero no vuelvan a salir, lo que acaba provocando un incremento de las temperaturas.<\/p>\n<p>&nbsp;<\/p>\n<p>Si lo comparamos con el promedio del siglo XX, la temperatura global ha aumentado casi 1\u00ba Celsius, pero lo m\u00e1s alarmante es que en los \u00faltimos cinco a\u00f1os este incremento se ha dado de una forma mucho m\u00e1s pronunciada. Ese es un ejemplo muy claro de los efectos negativos de los gases invernadero.<\/p>\n<p>&nbsp;<\/p>\n<p>El sector industrial es el que genera mayor contaminaci\u00f3n, con el 35 % de las emisiones. Le sigue el sector agr\u00edcola y forestal, que representa el 20 %. El 18 % tiene que ver con el uso de la calefacci\u00f3n y la electricidad en los edificios, mientras que el 16 % se atribuye a los transportes y s\u00f3lo el 3 % es la basura que generamos.<\/p>\n<p>&nbsp;<\/p>\n<p>\u201cSi ustedes miran estos datos de a\u00f1o a a\u00f1o la temperatura puede subir un poco, bajar un poco, puede bajar un poco, pero el problema es que la tendencia es inexorablemente de aumento de temperatura\u201d, indic\u00f3 Carlos del Castillo, jefe del Laboratorio de Ecolog\u00eda de la NASA.<\/p>\n<p>El futuro de las inundaciones<\/p>\n<p>El an\u00e1lisis tambi\u00e9n predice que, para la d\u00e9cada de 2050, el n\u00famero de d\u00edas de inundaciones por mareas altas aumentar\u00e1 dr\u00e1sticamente en la mayor\u00eda de las naciones insulares del Pac\u00edfico. En Tuvalu, por ejemplo, las zonas que actualmente experimentan menos de cinco d\u00edas de inundaciones al a\u00f1o, podr\u00edan enfrentar hasta 25 d\u00edas anuales para mediados de siglo. En Kiribati, el promedio podr\u00eda aumentar de cinco a 65 d\u00edas de inundaci\u00f3n por a\u00f1o.<\/p>\n<p>\u00abEstoy viviendo la realidad del cambio clim\u00e1tico\u00bb, coment\u00f3 Grace Malie, una joven l\u00edder de Tuvalu y participante de la Iniciativa de Naciones en Ascenso, un programa apoyado por la ONU que busca preservar la soberan\u00eda y los derechos de las poblaciones afectadas por el cambio clim\u00e1tico. \u00abTodos en Tuvalu viven junto a la costa, por lo que todos se ven gravemente afectados por esto\u00bb, explic\u00f3 Malie.<\/p>\n<p>&nbsp;<\/p>\n<p>Las inundaciones en estas islas no solo ocurren por la subida del mar durante tormentas o mareas excepcionalmente altas, conocidas como \u00abmareas rey\u00bb, sino tambi\u00e9n debido a la intrusi\u00f3n de agua salada en los acu\u00edferos subterr\u00e1neos, lo que empuja la capa fre\u00e1tica hacia la superficie. \u00abEn algunos puntos de la isla, podemos ver c\u00f3mo el agua del mar burbujea desde el subsuelo y causa grandes inundaciones\u00bb, relat\u00f3 la activista.<\/p>\n<p>&nbsp;<\/p>\n<p>Una panorama desigual en el planeta<\/p>\n<p>El aumento del nivel del mar no es uniforme en todo el mundo. Factores locales, como la topograf\u00eda de la costa y la distribuci\u00f3n del agua de deshielo glaciar en los oc\u00e9anos, influyen en la magnitud del aumento en cada regi\u00f3n. Sin embargo, Ben Hamlington, investigador de la NASA y l\u00edder del equipo de cambios en el nivel del mar, se\u00f1al\u00f3 que en el Pac\u00edfico, los n\u00fameros son sorprendentemente consistentes.<\/p>\n<p>&nbsp;<\/p>\n<p>Una imagen de un cultivo de palma de aceite.<\/p>\n<p>El impacto de los 15 cent\u00edmetros de aumento variar\u00e1 de un pa\u00eds a otro. Algunas naciones podr\u00edan enfrentar inundaciones frecuentes en sus aeropuertos, mientras que otras podr\u00edan ver sus vecindarios bajo el agua durante casi la mitad del a\u00f1o. La combinaci\u00f3n de datos satelitales y mediciones en tierra ser\u00eda clave para obtener proyecciones m\u00e1s precisas, pero \u00abexiste una falta real de datos en tierra en estos pa\u00edses\u00bb, lament\u00f3 Hamlington.<\/p>\n<p>&nbsp;<\/p>\n<p>Grace Malie concluy\u00f3 con un llamado a la acci\u00f3n global: \u00abEl futuro de los j\u00f3venes de Tuvalu ya est\u00e1 en peligro. El cambio clim\u00e1tico es m\u00e1s que una crisis ambiental, se trata de justicia, supervivencia para naciones como Tuvalu y responsabilidad global.\u00bb<\/p>\n<p>El impacto de los 15 cent\u00edmetros de aumento variar\u00e1 de un pa\u00eds a otro. Algunas naciones podr\u00edan enfrentar inundaciones frecuentes en sus aeropuertos, mientras que otras podr\u00edan ver sus vecindarios bajo el agua durante casi la mitad del a\u00f1o. La combinaci\u00f3n de datos satelitales y mediciones en tierra ser\u00eda clave para obtener proyecciones m\u00e1s precisas, pero \u00abexiste una falta real de datos en tierra en estos pa\u00edses\u00bb, lament\u00f3 Hamlington.<\/p>\n<p>&nbsp;<\/p>\n<p>Grace Malie concluy\u00f3 con un llamado a la acci\u00f3n global: \u00abEl futuro de los j\u00f3venes de Tuvalu ya est\u00e1 en peligro. El cambio clim\u00e1tico es m\u00e1s que una crisis ambiental, se trata de justicia, supervivencia para naciones como Tuvalu y responsabilidad global.\u00bb<\/p>\n<p><strong>Fecha de publicaci\u00f3n 6 de octubre de 2024\/<\/strong>\u00a0 <strong>VOA<\/strong><\/p>\n","protected":false},"excerpt":{"rendered":"<p>El Pac\u00edfico la parte del mundo que enfrenta un \u201cimparable\u201d aumento del nivel del mar&#8230;<\/p>\n","protected":false},"author":1,"featured_media":200716,"comment_status":"open","ping_status":"open","sticky":false,"template":"","format":"standard","meta":{"_monsterinsights_skip_tracking":false,"_monsterinsights_sitenote_active":false,"_monsterinsights_sitenote_note":"","_monsterinsights_sitenote_category":0,"footnotes":""},"categories":[2216],"tags":[1945,10335,10334,10336],"class_list":["post"],"yoast_head":" \n<title>Sonora en Equipo. El Pac\u00edfico la parte del mundo que enfrenta un \u201cimparable\u201d aumento del nivel del mar Ciencia y Tecnolog\u00eda<\/title>\n<meta name=\"description\" content=\"El Pac\u00edfico la parte del mundo que enfrenta un \u201cimparable\u201d aumento del nivel del mar &nbsp; MIAMI, EEUU \u2014\u00a0 El cambio clim\u00e1tico est\u00e1 transformando de En Sonora en Equipo publicamos toda la informaci\u00f3n de Sonora, M\u00e9xico y el Mundo de manera oportuna y busca que la libertad de expresi\u00f3n sea real. Visita nuestro medio informativo publicado desde Hermosillo, Sonora. %\" \/>\n<meta name=\"robots\" content=\"index, follow, max-snippet:-1, max-image-preview:large, max-video-preview:-1\" \/>\n<link rel=\"canonical\" href=\"https:\/\/www.sonoraenequipo.com.mx\/el-pacifico-la-parte-del-mundo-que-enfrenta-un-imparable-aumento-del-nivel-del-mar\/\" \/>\n<meta property=\"og:locale\" content=\"es_ES\" \/>\n<meta property=\"og:type\" content=\"article\" \/>\n<meta property=\"og:title\" content=\"Sonora en Equipo. El Pac\u00edfico la parte del mundo que enfrenta un \u201cimparable\u201d aumento del nivel del mar Ciencia y Tecnolog\u00eda\" \/>\n<meta property=\"og:description\" content=\"El Pac\u00edfico la parte del mundo que enfrenta un \u201cimparable\u201d aumento del nivel del mar &nbsp; MIAMI, EEUU \u2014\u00a0 El cambio clim\u00e1tico est\u00e1 transformando de En Sonora en Equipo publicamos toda la informaci\u00f3n de Sonora, M\u00e9xico y el Mundo de manera oportuna y busca que la libertad de expresi\u00f3n sea real. Visita nuestro medio informativo publicado desde Hermosillo, Sonora. %\" \/>\n<meta property=\"og:url\" content=\"https:\/\/www.sonoraenequipo.com.mx\/el-pacifico-la-parte-del-mundo-que-enfrenta-un-imparable-aumento-del-nivel-del-mar\/\" \/>\n<meta property=\"og:site_name\" content=\"Sonora en Equipo.\" \/>\n<meta property=\"article:publisher\" content=\"https:\/\/www.facebook.com\/SonoraEE\/\" \/>\n<meta property=\"article:author\" content=\"https:\/\/www.facebook.com\/SonoraEE\" \/>\n<meta property=\"article:published_time\" content=\"2024-10-06T18:39:25+00:00\" \/>\n<meta property=\"og:image\" content=\"https:\/\/www.sonoraenequipo.com.mx\/storage\/2024\/10\/majuro.jpg\" \/>\n\t<meta property=\"og:image:width\" content=\"600\" \/>\n\t<meta property=\"og:image:height\" content=\"337\" \/>\n\t<meta property=\"og:image:type\" content=\"image\/jpeg\" \/>\n<meta name=\"author\" content=\"enequipo\" \/>\n<meta name=\"twitter:card\" content=\"summary_large_image\" \/>\n<meta name=\"twitter:creator\" content=\"@sonoraenequipo\" \/>\n<meta name=\"twitter:site\" content=\"@sonoraenequipo\" \/>\n<meta name=\"twitter:label1\" content=\"Escrito por\" \/>\n\t<meta name=\"twitter:data1\" content=\"enequipo\" \/>\n\t<meta name=\"twitter:label2\" content=\"Tiempo de lectura\" \/>\n\t<meta name=\"twitter:data2\" content=\"7 minutos\" \/>\n<script type=\"application\/ld+json\" class=\"yoast-schema-graph\">{\"@context\":\"https:\/\/schema.org\",\"@graph\":[{\"@type\":\"Article\",\"@id\":\"https:\/\/www.sonoraenequipo.com.mx\/el-pacifico-la-parte-del-mundo-que-enfrenta-un-imparable-aumento-del-nivel-del-mar\/#article\",\"isPartOf\":{\"@id\":\"https:\/\/www.sonoraenequipo.com.mx\/el-pacifico-la-parte-del-mundo-que-enfrenta-un-imparable-aumento-del-nivel-del-mar\/\"},\"author\":{\"name\":\"enequipo\",\"@id\":\"https:\/\/www.sonoraenequipo.com.mx\/#\/schema\/person\/50102df0fb23a8fa9e8effad8fa81386\"},\"headline\":\"El Pac\u00edfico la parte del mundo que enfrenta un \u201cimparable\u201d aumento del nivel del mar\",\"datePublished\":\"2024-10-06T18:39:25+00:00\",\"mainEntityOfPage\":{\"@id\":\"https:\/\/www.sonoraenequipo.com.mx\/el-pacifico-la-parte-del-mundo-que-enfrenta-un-imparable-aumento-del-nivel-del-mar\/\"},\"wordCount\":1343,\"commentCount\":0,\"publisher\":{\"@id\":\"https:\/\/www.sonoraenequipo.com.mx\/#organization\"},\"image\":{\"@id\":\"https:\/\/www.sonoraenequipo.com.mx\/el-pacifico-la-parte-del-mundo-que-enfrenta-un-imparable-aumento-del-nivel-del-mar\/#primaryimage\"},\"thumbnailUrl\":\"https:\/\/www.sonoraenequipo.com.mx\/storage\/2024\/10\/majuro.jpg\",\"keywords\":[\"aumento\",\"mar\",\"nivel\",\"pac\u00ecco\"],\"articleSection\":[\"Ciencia y Tecnolog\u00eda\"],\"inLanguage\":\"es\",\"potentialAction\":[{\"@type\":\"CommentAction\",\"name\":\"Comment\",\"target\":[\"https:\/\/www.sonoraenequipo.com.mx\/el-pacifico-la-parte-del-mundo-que-enfrenta-un-imparable-aumento-del-nivel-del-mar\/#respond\"]}]},{\"@type\":\"WebPage\",\"@id\":\"https:\/\/www.sonoraenequipo.com.mx\/el-pacifico-la-parte-del-mundo-que-enfrenta-un-imparable-aumento-del-nivel-del-mar\/\",\"url\":\"https:\/\/www.sonoraenequipo.com.mx\/el-pacifico-la-parte-del-mundo-que-enfrenta-un-imparable-aumento-del-nivel-del-mar\/\",\"name\":\"Sonora en Equipo. El Pac\u00edfico la parte del mundo que enfrenta un \u201cimparable\u201d aumento del nivel del mar Ciencia y Tecnolog\u00eda\",\"isPartOf\":{\"@id\":\"https:\/\/www.sonoraenequipo.com.mx\/#website\"},\"primaryImageOfPage\":{\"@id\":\"https:\/\/www.sonoraenequipo.com.mx\/el-pacifico-la-parte-del-mundo-que-enfrenta-un-imparable-aumento-del-nivel-del-mar\/#primaryimage\"},\"image\":{\"@id\":\"https:\/\/www.sonoraenequipo.com.mx\/el-pacifico-la-parte-del-mundo-que-enfrenta-un-imparable-aumento-del-nivel-del-mar\/#primaryimage\"},\"thumbnailUrl\":\"https:\/\/www.sonoraenequipo.com.mx\/storage\/2024\/10\/majuro.jpg\",\"datePublished\":\"2024-10-06T18:39:25+00:00\",\"description\":\"El Pac\u00edfico la parte del mundo que enfrenta un \u201cimparable\u201d aumento del nivel del mar &nbsp; MIAMI, EEUU \u2014\u00a0 El cambio clim\u00e1tico est\u00e1 transformando de En Sonora en Equipo publicamos toda la informaci\u00f3n de Sonora, M\u00e9xico y el Mundo de manera oportuna y busca que la libertad de expresi\u00f3n sea real. Visita nuestro medio informativo publicado desde Hermosillo, Sonora. %\",\"breadcrumb\":{\"@id\":\"https:\/\/www.sonoraenequipo.com.mx\/el-pacifico-la-parte-del-mundo-que-enfrenta-un-imparable-aumento-del-nivel-del-mar\/#breadcrumb\"},\"inLanguage\":\"es\",\"potentialAction\":[{\"@type\":\"ReadAction\",\"target\":[\"https:\/\/www.sonoraenequipo.com.mx\/el-pacifico-la-parte-del-mundo-que-enfrenta-un-imparable-aumento-del-nivel-del-mar\/\"]}]},{\"@type\":\"ImageObject\",\"inLanguage\":\"es\",\"@id\":\"https:\/\/www.sonoraenequipo.com.mx\/el-pacifico-la-parte-del-mundo-que-enfrenta-un-imparable-aumento-del-nivel-del-mar\/#primaryimage\",\"url\":\"https:\/\/www.sonoraenequipo.com.mx\/storage\/2024\/10\/majuro.jpg\",\"contentUrl\":\"https:\/\/www.sonoraenequipo.com.mx\/storage\/2024\/10\/majuro.jpg\",\"width\":600,\"height\":337,\"caption\":\"ARCHIVO - Una fotograf\u00eda tomada el 6 de diciembre de 2021 muestra las inundaciones causadas por la marea alta que afectaron la carretera hacia el aeropuerto de la capital de las Islas Marshall, Majuro. Las naciones insulares del Pac\u00edfico son cada vez m\u00e1s vulnerables. AFP\"},{\"@type\":\"BreadcrumbList\",\"@id\":\"https:\/\/www.sonoraenequipo.com.mx\/el-pacifico-la-parte-del-mundo-que-enfrenta-un-imparable-aumento-del-nivel-del-mar\/#breadcrumb\",\"itemListElement\":[{\"@type\":\"ListItem\",\"position\":1,\"name\":\"Portada\",\"item\":\"https:\/\/www.sonoraenequipo.com.mx\/\"},{\"@type\":\"ListItem\",\"position\":2,\"name\":\"El Pac\u00edfico la parte del mundo que enfrenta un \u201cimparable\u201d aumento del nivel del mar\"}]},{\"@type\":\"WebSite\",\"@id\":\"https:\/\/www.sonoraenequipo.com.mx\/#website\",\"url\":\"https:\/\/www.sonoraenequipo.com.mx\/\",\"name\":\"Sonora en Equipo.\",\"description\":\"Diario en l\u00ednea con Noticias desde Hermosillo, Sonora\",\"publisher\":{\"@id\":\"https:\/\/www.sonoraenequipo.com.mx\/#organization\"},\"potentialAction\":[{\"@type\":\"SearchAction\",\"target\":{\"@type\":\"EntryPoint\",\"urlTemplate\":\"https:\/\/www.sonoraenequipo.com.mx\/?s={search_term_string}\"},\"query-input\":{\"@type\":\"PropertyValueSpecification\",\"valueRequired\":true,\"valueName\":\"search_term_string\"}}],\"inLanguage\":\"es\"},{\"@type\":\"Organization\",\"@id\":\"https:\/\/www.sonoraenequipo.com.mx\/#organization\",\"name\":\"Sonoraenequipo.com.mx\",\"url\":\"https:\/\/www.sonoraenequipo.com.mx\/\",\"logo\":{\"@type\":\"ImageObject\",\"inLanguage\":\"es\",\"@id\":\"https:\/\/www.sonoraenequipo.com.mx\/#\/schema\/logo\/image\/\",\"url\":\"https:\/\/www.sonoraenequipo.com.mx\/storage\/2019\/01\/sonoraenequipo_opt.png\",\"contentUrl\":\"https:\/\/www.sonoraenequipo.com.mx\/storage\/2019\/01\/sonoraenequipo_opt.png\",\"width\":375,\"height\":125,\"caption\":\"Sonoraenequipo.com.mx\"},\"image\":{\"@id\":\"https:\/\/www.sonoraenequipo.com.mx\/#\/schema\/logo\/image\/\"},\"sameAs\":[\"https:\/\/www.facebook.com\/SonoraEE\/\",\"https:\/\/x.com\/sonoraenequipo\",\"https:\/\/www.youtube.com\/channel\/UC338nW-lPEYmJQs4ZABQ1SQ\"]},{\"@type\":\"Person\",\"@id\":\"https:\/\/www.sonoraenequipo.com.mx\/#\/schema\/person\/50102df0fb23a8fa9e8effad8fa81386\",\"name\":\"enequipo\",\"image\":{\"@type\":\"ImageObject\",\"inLanguage\":\"es\",\"@id\":\"https:\/\/www.sonoraenequipo.com.mx\/#\/schema\/person\/image\/\",\"url\":\"https:\/\/secure.gravatar.com\/avatar\/049821681b589dabc0bc20695993ccebb09f5b5d4d790cd9251b97faac7c652b?s=96&d=blank&r=g\",\"contentUrl\":\"https:\/\/secure.gravatar.com\/avatar\/049821681b589dabc0bc20695993ccebb09f5b5d4d790cd9251b97faac7c652b?s=96&d=blank&r=g\",\"caption\":\"enequipo\"},\"sameAs\":[\"https:\/\/www.facebook.com\/SonoraEE\"]}]}<\/script>\n ","yoast_head_json":{"title":"Sonora en Equipo. El Pac\u00edfico la parte del mundo que enfrenta un \u201cimparable\u201d aumento del nivel del mar Ciencia y Tecnolog\u00eda","description":"El Pac\u00edfico la parte del mundo que enfrenta un \u201cimparable\u201d aumento del nivel del mar &nbsp; MIAMI, EEUU \u2014\u00a0 El cambio clim\u00e1tico est\u00e1 transformando de En Sonora en Equipo publicamos toda la informaci\u00f3n de Sonora, M\u00e9xico y el Mundo de manera oportuna y busca que la libertad de expresi\u00f3n sea real. Visita nuestro medio informativo publicado desde Hermosillo, Sonora. %","robots":{"index":"index","follow":"follow","max-snippet":"max-snippet:-1","max-image-preview":"max-image-preview:large","max-video-preview":"max-video-preview:-1"},"canonical":"https:\/\/www.sonoraenequipo.com.mx\/el-pacifico-la-parte-del-mundo-que-enfrenta-un-imparable-aumento-del-nivel-del-mar\/","og_locale":"es_ES","og_type":"article","og_title":"Sonora en Equipo. El Pac\u00edfico la parte del mundo que enfrenta un \u201cimparable\u201d aumento del nivel del mar Ciencia y Tecnolog\u00eda","og_description":"El Pac\u00edfico la parte del mundo que enfrenta un \u201cimparable\u201d aumento del nivel del mar &nbsp; MIAMI, EEUU \u2014\u00a0 El cambio clim\u00e1tico est\u00e1 transformando de En Sonora en Equipo publicamos toda la informaci\u00f3n de Sonora, M\u00e9xico y el Mundo de manera oportuna y busca que la libertad de expresi\u00f3n sea real. Visita nuestro medio informativo publicado desde Hermosillo, Sonora. %","og_url":"https:\/\/www.sonoraenequipo.com.mx\/el-pacifico-la-parte-del-mundo-que-enfrenta-un-imparable-aumento-del-nivel-del-mar\/","og_site_name":"Sonora en Equipo.","article_publisher":"https:\/\/www.facebook.com\/SonoraEE\/","article_author":"https:\/\/www.facebook.com\/SonoraEE","article_published_time":"2024-10-06T18:39:25+00:00","og_image":[{"width":600,"height":337,"url":"https:\/\/www.sonoraenequipo.com.mx\/storage\/2024\/10\/majuro.jpg","type":"image\/jpeg"}],"author":"enequipo","twitter_card":"summary_large_image","twitter_creator":"@sonoraenequipo","twitter_site":"@sonoraenequipo","twitter_misc":{"Escrito por":"enequipo","Tiempo de lectura":"7 minutos"},"schema":{"@context":"https:\/\/schema.org","@graph":[{"@type":"Article","@id":"https:\/\/www.sonoraenequipo.com.mx\/el-pacifico-la-parte-del-mundo-que-enfrenta-un-imparable-aumento-del-nivel-del-mar\/#article","isPartOf":{"@id":"https:\/\/www.sonoraenequipo.com.mx\/el-pacifico-la-parte-del-mundo-que-enfrenta-un-imparable-aumento-del-nivel-del-mar\/"},"author":{"name":"enequipo","@id":"https:\/\/www.sonoraenequipo.com.mx\/#\/schema\/person\/50102df0fb23a8fa9e8effad8fa81386"},"headline":"El Pac\u00edfico la parte del mundo que enfrenta un \u201cimparable\u201d aumento del nivel del mar","datePublished":"2024-10-06T18:39:25+00:00","mainEntityOfPage":{"@id":"https:\/\/www.sonoraenequipo.com.mx\/el-pacifico-la-parte-del-mundo-que-enfrenta-un-imparable-aumento-del-nivel-del-mar\/"},"wordCount":1343,"commentCount":0,"publisher":{"@id":"https:\/\/www.sonoraenequipo.com.mx\/#organization"},"image":{"@id":"https:\/\/www.sonoraenequipo.com.mx\/el-pacifico-la-parte-del-mundo-que-enfrenta-un-imparable-aumento-del-nivel-del-mar\/#primaryimage"},"thumbnailUrl":"https:\/\/www.sonoraenequipo.com.mx\/storage\/2024\/10\/majuro.jpg","keywords":["aumento","mar","nivel","pac\u00ecco"],"articleSection":["Ciencia y Tecnolog\u00eda"],"inLanguage":"es","potentialAction":[{"@type":"CommentAction","name":"Comment","target":["https:\/\/www.sonoraenequipo.com.mx\/el-pacifico-la-parte-del-mundo-que-enfrenta-un-imparable-aumento-del-nivel-del-mar\/#respond"]}]},{"@type":"WebPage","@id":"https:\/\/www.sonoraenequipo.com.mx\/el-pacifico-la-parte-del-mundo-que-enfrenta-un-imparable-aumento-del-nivel-del-mar\/","url":"https:\/\/www.sonoraenequipo.com.mx\/el-pacifico-la-parte-del-mundo-que-enfrenta-un-imparable-aumento-del-nivel-del-mar\/","name":"Sonora en Equipo. El Pac\u00edfico la parte del mundo que enfrenta un \u201cimparable\u201d aumento del nivel del mar Ciencia y Tecnolog\u00eda","isPartOf":{"@id":"https:\/\/www.sonoraenequipo.com.mx\/#website"},"primaryImageOfPage":{"@id":"https:\/\/www.sonoraenequipo.com.mx\/el-pacifico-la-parte-del-mundo-que-enfrenta-un-imparable-aumento-del-nivel-del-mar\/#primaryimage"},"image":{"@id":"https:\/\/www.sonoraenequipo.com.mx\/el-pacifico-la-parte-del-mundo-que-enfrenta-un-imparable-aumento-del-nivel-del-mar\/#primaryimage"},"thumbnailUrl":"https:\/\/www.sonoraenequipo.com.mx\/storage\/2024\/10\/majuro.jpg","datePublished":"2024-10-06T18:39:25+00:00","description":"El Pac\u00edfico la parte del mundo que enfrenta un \u201cimparable\u201d aumento del nivel del mar &nbsp; MIAMI, EEUU \u2014\u00a0 El cambio clim\u00e1tico est\u00e1 transformando de En Sonora en Equipo publicamos toda la informaci\u00f3n de Sonora, M\u00e9xico y el Mundo de manera oportuna y busca que la libertad de expresi\u00f3n sea real. Visita nuestro medio informativo publicado desde Hermosillo, Sonora. %","breadcrumb":{"@id":"https:\/\/www.sonoraenequipo.com.mx\/el-pacifico-la-parte-del-mundo-que-enfrenta-un-imparable-aumento-del-nivel-del-mar\/#breadcrumb"},"inLanguage":"es","potentialAction":[{"@type":"ReadAction","target":["https:\/\/www.sonoraenequipo.com.mx\/el-pacifico-la-parte-del-mundo-que-enfrenta-un-imparable-aumento-del-nivel-del-mar\/"]}]},{"@type":"ImageObject","inLanguage":"es","@id":"https:\/\/www.sonoraenequipo.com.mx\/el-pacifico-la-parte-del-mundo-que-enfrenta-un-imparable-aumento-del-nivel-del-mar\/#primaryimage","url":"https:\/\/www.sonoraenequipo.com.mx\/storage\/2024\/10\/majuro.jpg","contentUrl":"https:\/\/www.sonoraenequipo.com.mx\/storage\/2024\/10\/majuro.jpg","width":600,"height":337,"caption":"ARCHIVO - Una fotograf\u00eda tomada el 6 de diciembre de 2021 muestra las inundaciones causadas por la marea alta que afectaron la carretera hacia el aeropuerto de la capital de las Islas Marshall, Majuro. Las naciones insulares del Pac\u00edfico son cada vez m\u00e1s vulnerables. AFP"},{"@type":"BreadcrumbList","@id":"https:\/\/www.sonoraenequipo.com.mx\/el-pacifico-la-parte-del-mundo-que-enfrenta-un-imparable-aumento-del-nivel-del-mar\/#breadcrumb","itemListElement":[{"@type":"ListItem","position":1,"name":"Portada","item":"https:\/\/www.sonoraenequipo.com.mx\/"},{"@type":"ListItem","position":2,"name":"El Pac\u00edfico la parte del mundo que enfrenta un \u201cimparable\u201d aumento del nivel del mar"}]},{"@type":"WebSite","@id":"https:\/\/www.sonoraenequipo.com.mx\/#website","url":"https:\/\/www.sonoraenequipo.com.mx\/","name":"Sonora en Equipo.","description":"Diario en l\u00ednea con Noticias desde Hermosillo, Sonora","publisher":{"@id":"https:\/\/www.sonoraenequipo.com.mx\/#organization"},"potentialAction":[{"@type":"SearchAction","target":{"@type":"EntryPoint","urlTemplate":"https:\/\/www.sonoraenequipo.com.mx\/?s={search_term_string}"},"query-input":{"@type":"PropertyValueSpecification","valueRequired":true,"valueName":"search_term_string"}}],"inLanguage":"es"},{"@type":"Organization","@id":"https:\/\/www.sonoraenequipo.com.mx\/#organization","name":"Sonoraenequipo.com.mx","url":"https:\/\/www.sonoraenequipo.com.mx\/","logo":{"@type":"ImageObject","inLanguage":"es","@id":"https:\/\/www.sonoraenequipo.com.mx\/#\/schema\/logo\/image\/","url":"https:\/\/www.sonoraenequipo.com.mx\/storage\/2019\/01\/sonoraenequipo_opt.png","contentUrl":"https:\/\/www.sonoraenequipo.com.mx\/storage\/2019\/01\/sonoraenequipo_opt.png","width":375,"height":125,"caption":"Sonoraenequipo.com.mx"},"image":{"@id":"https:\/\/www.sonoraenequipo.com.mx\/#\/schema\/logo\/image\/"},"sameAs":["https:\/\/www.facebook.com\/SonoraEE\/","https:\/\/x.com\/sonoraenequipo","https:\/\/www.youtube.com\/channel\/UC338nW-lPEYmJQs4ZABQ1SQ"]},{"@type":"Person","@id":"https:\/\/www.sonoraenequipo.com.mx\/#\/schema\/person\/50102df0fb23a8fa9e8effad8fa81386","name":"enequipo","image":{"@type":"ImageObject","inLanguage":"es","@id":"https:\/\/www.sonoraenequipo.com.mx\/#\/schema\/person\/image\/","url":"https:\/\/secure.gravatar.com\/avatar\/049821681b589dabc0bc20695993ccebb09f5b5d4d790cd9251b97faac7c652b?s=96&d=blank&r=g","contentUrl":"https:\/\/secure.gravatar.com\/avatar\/049821681b589dabc0bc20695993ccebb09f5b5d4d790cd9251b97faac7c652b?s=96&d=blank&r=g","caption":"enequipo"},"sameAs":["https:\/\/www.facebook.com\/SonoraEE"]}]}},"jetpack_featured_media_url":"https:\/\/www.sonoraenequipo.com.mx\/storage\/2024\/10\/majuro.jpg","_links":{"self":[{"href":"https:\/\/www.sonoraenequipo.com.mx\/api\/wp\/v2\/posts\/200715","targetHints":{"allow":["GET"]}}],"collection":[{"href":"https:\/\/www.sonoraenequipo.com.mx\/api\/wp\/v2\/posts"}],"about":[{"href":"https:\/\/www.sonoraenequipo.com.mx\/api\/wp\/v2\/types\/post"}],"author":[{"embeddable":true,"href":"https:\/\/www.sonoraenequipo.com.mx\/api\/wp\/v2\/users\/1"}],"replies":[{"embeddable":true,"href":"https:\/\/www.sonoraenequipo.com.mx\/api\/wp\/v2\/comments?post=200715"}],"version-history":[{"count":1,"href":"https:\/\/www.sonoraenequipo.com.mx\/api\/wp\/v2\/posts\/200715\/revisions"}],"predecessor-version":[{"id":200717,"href":"https:\/\/www.sonoraenequipo.com.mx\/api\/wp\/v2\/posts\/200715\/revisions\/200717"}],"wp:featuredmedia":[{"embeddable":true,"href":"https:\/\/www.sonoraenequipo.com.mx\/api\/wp\/v2\/media\/200716"}],"wp:attachment":[{"href":"https:\/\/www.sonoraenequipo.com.mx\/api\/wp\/v2\/media?parent=200715"}],"wp:term":[{"taxonomy":"category","embeddable":true,"href":"https:\/\/www.sonoraenequipo.com.mx\/api\/wp\/v2\/categories?post=200715"},{"taxonomy":"post_tag","embeddable":true,"href":"https:\/\/www.sonoraenequipo.com.mx\/api\/wp\/v2\/tags?post=200715"}],"curies":[{"name":"wp","href":"https:\/\/api.w.org\/{rel}","templated":true}]}}