{"id":200718,"date":"2024-10-06T11:54:33","date_gmt":"2024-10-06T18:54:33","guid":{"rendered":"https:\/\/www.sonoraenequipo.com.mx\/?p=200718"},"modified":"2024-10-06T11:54:33","modified_gmt":"2024-10-06T18:54:33","slug":"hallan-fosa-comun-con-restos-de-ninos-de-hace-600-anos-en-el-norte-de-peru","status":"publish","type":"post","link":"https:\/\/www.sonoraenequipo.com.mx\/hallan-fosa-comun-con-restos-de-ninos-de-hace-600-anos-en-el-norte-de-peru\/","title":{"rendered":"Hallan fosa com\u00fan con restos de ni\u00f1os de hace 600 a\u00f1os en el norte de Per\u00fa"},"content":{"rendered":"<p><strong>LIMA \u2014 <\/strong>Los restos \u00f3seos de 43 ni\u00f1os fueron encontrados en un descampado cerca de un centro urbano en el norte de Per\u00fa, con signos de haber sido sacrificados en rituales de hace m\u00e1s de 600 a\u00f1os, dijo un arque\u00f3logo que particip\u00f3 en el hallazgo.<\/p>\n<p>&nbsp;<\/p>\n<p>Algunos de los restos ten\u00edan casi completo los huesos del cuerpo y estaban en fosas separadas en las inmediaciones de un barrio a un kil\u00f3metro de la costa del distrito de Huanchaco, en la regi\u00f3n de Trujillo, a unos 600 kil\u00f3metros del norte de Lima.<\/p>\n<p>&nbsp;<\/p>\n<p>Cerca de las fosas se encontraron adem\u00e1s los restos \u00f3seos de dos adultos y de nueve llamas, un cam\u00e9lido pariente sudamericano del camello, aunque sin joroba, que vive en los Andes del pa\u00eds.<\/p>\n<p>&nbsp;<\/p>\n<p>\u00abMuchos de estos restos presentan cortes en el estern\u00f3n y algunos con cortes en sus costillas, por lo tanto nos sugiere que estos cortes hayan sido provocados por un elemento u objeto puntiagudo, filudo y posiblemente sea un cuchillo\u00bb, dijo el arque\u00f3logo, Julio Asencio Nicol\u00e1s, en el lugar del hallazgo.<\/p>\n<p>&nbsp;<\/p>\n<p>Los restos estaban a 50\/60 cent\u00edmetros bajo tierra, agreg\u00f3.<\/p>\n<p>El investigador manifest\u00f3 que los restos humanos ser\u00edan de los a\u00f1os 1.200 y 1.450 y pertenecer\u00edan a la cultura local Chim\u00fa, que domin\u00f3 el norte del Per\u00fa entre los siglos 700 y 1.500.<\/p>\n<p>&nbsp;<\/p>\n<p>No es la primera vez que se descubren restos \u00f3seos de ni\u00f1os de la cultura Chim\u00fa. Arque\u00f3logos creen que los sacrificios a menores de edad buscaban contrarrestar los efectos negativos, con lluvias e inundaciones, del fen\u00f3meno clim\u00e1tico de El Ni\u00f1o.<\/p>\n<p>&nbsp;<\/p>\n<p>En el 2018, arque\u00f3logos locales informaron sobre el hallazgo de 140 ni\u00f1os junto a unas 200 llamas en otra zona de Huanchaco, con evidencia de que habr\u00edan sido sacrificados hace unos 600 a\u00f1os, debido a se\u00f1ales de cortes en el estern\u00f3n y costillas.<\/p>\n<p>&nbsp;<\/p>\n<p>Per\u00fa alberga cientos de ruinas arqueol\u00f3gicas de diversas culturas que se desarrollaron antes y durante el Imperio Inca, que domin\u00f3 hace 500 a\u00f1os la zona austral de Am\u00e9rica cubriendo desde el sur de Ecuador y Colombia hasta el centro de Chile.<\/p>\n<p><strong>Fecha de publicaci\u00f3n 6 de octubre de 2024\/<\/strong>\u00a0 <strong>VOA<\/strong><\/p>\n<p>&nbsp;<\/p>\n","protected":false},"excerpt":{"rendered":"<p>LIMA \u2014 Los restos \u00f3seos de 43 ni\u00f1os fueron encontrados en un descampado cerca de&#8230;<\/p>\n","protected":false},"author":1,"featured_media":200719,"comment_status":"open","ping_status":"open","sticky":false,"template":"","format":"standard","meta":{"_monsterinsights_skip_tracking":false,"_monsterinsights_sitenote_active":false,"_monsterinsights_sitenote_note":"","_monsterinsights_sitenote_category":0,"footnotes":""},"categories":[2216],"tags":[455,2908,5570],"class_list":["post"],"yoast_head":" \n<title>Sonora en Equipo. Hallan fosa com\u00fan con restos de ni\u00f1os de hace 600 a\u00f1os en el norte de Per\u00fa Ciencia y Tecnolog\u00eda<\/title>\n<meta name=\"description\" content=\"LIMA \u2014 Los restos \u00f3seos de 43 ni\u00f1os fueron encontrados en un descampado cerca de un centro urbano en el norte de Per\u00fa, con signos de haber sido En Sonora en Equipo publicamos toda la informaci\u00f3n de Sonora, M\u00e9xico y el Mundo de manera oportuna y busca que la libertad de expresi\u00f3n sea real. Visita nuestro medio informativo publicado desde Hermosillo, Sonora. %\" \/>\n<meta name=\"robots\" content=\"index, follow, max-snippet:-1, max-image-preview:large, max-video-preview:-1\" \/>\n<link rel=\"canonical\" href=\"https:\/\/www.sonoraenequipo.com.mx\/hallan-fosa-comun-con-restos-de-ninos-de-hace-600-anos-en-el-norte-de-peru\/\" \/>\n<meta property=\"og:locale\" content=\"es_ES\" \/>\n<meta property=\"og:type\" content=\"article\" \/>\n<meta property=\"og:title\" content=\"Sonora en Equipo. Hallan fosa com\u00fan con restos de ni\u00f1os de hace 600 a\u00f1os en el norte de Per\u00fa Ciencia y Tecnolog\u00eda\" \/>\n<meta property=\"og:description\" content=\"LIMA \u2014 Los restos \u00f3seos de 43 ni\u00f1os fueron encontrados en un descampado cerca de un centro urbano en el norte de Per\u00fa, con signos de haber sido En Sonora en Equipo publicamos toda la informaci\u00f3n de Sonora, M\u00e9xico y el Mundo de manera oportuna y busca que la libertad de expresi\u00f3n sea real. Visita nuestro medio informativo publicado desde Hermosillo, Sonora. %\" \/>\n<meta property=\"og:url\" content=\"https:\/\/www.sonoraenequipo.com.mx\/hallan-fosa-comun-con-restos-de-ninos-de-hace-600-anos-en-el-norte-de-peru\/\" \/>\n<meta property=\"og:site_name\" content=\"Sonora en Equipo.\" \/>\n<meta property=\"article:publisher\" content=\"https:\/\/www.facebook.com\/SonoraEE\/\" \/>\n<meta property=\"article:author\" content=\"https:\/\/www.facebook.com\/SonoraEE\" \/>\n<meta property=\"article:published_time\" content=\"2024-10-06T18:54:33+00:00\" \/>\n<meta property=\"og:image\" content=\"https:\/\/www.sonoraenequipo.com.mx\/storage\/2024\/10\/restos-peru.jpg\" \/>\n\t<meta property=\"og:image:width\" content=\"600\" \/>\n\t<meta property=\"og:image:height\" content=\"337\" \/>\n\t<meta property=\"og:image:type\" content=\"image\/jpeg\" \/>\n<meta name=\"author\" content=\"enequipo\" \/>\n<meta name=\"twitter:card\" content=\"summary_large_image\" \/>\n<meta name=\"twitter:creator\" content=\"@sonoraenequipo\" \/>\n<meta name=\"twitter:site\" content=\"@sonoraenequipo\" \/>\n<meta name=\"twitter:label1\" content=\"Escrito por\" \/>\n\t<meta name=\"twitter:data1\" content=\"enequipo\" \/>\n\t<meta name=\"twitter:label2\" content=\"Tiempo de lectura\" \/>\n\t<meta name=\"twitter:data2\" content=\"2 minutos\" \/>\n<script type=\"application\/ld+json\" class=\"yoast-schema-graph\">{\"@context\":\"https:\/\/schema.org\",\"@graph\":[{\"@type\":\"Article\",\"@id\":\"https:\/\/www.sonoraenequipo.com.mx\/hallan-fosa-comun-con-restos-de-ninos-de-hace-600-anos-en-el-norte-de-peru\/#article\",\"isPartOf\":{\"@id\":\"https:\/\/www.sonoraenequipo.com.mx\/hallan-fosa-comun-con-restos-de-ninos-de-hace-600-anos-en-el-norte-de-peru\/\"},\"author\":{\"name\":\"enequipo\",\"@id\":\"https:\/\/www.sonoraenequipo.com.mx\/#\/schema\/person\/50102df0fb23a8fa9e8effad8fa81386\"},\"headline\":\"Hallan fosa com\u00fan con restos de ni\u00f1os de hace 600 a\u00f1os en el norte de Per\u00fa\",\"datePublished\":\"2024-10-06T18:54:33+00:00\",\"mainEntityOfPage\":{\"@id\":\"https:\/\/www.sonoraenequipo.com.mx\/hallan-fosa-comun-con-restos-de-ninos-de-hace-600-anos-en-el-norte-de-peru\/\"},\"wordCount\":391,\"commentCount\":0,\"publisher\":{\"@id\":\"https:\/\/www.sonoraenequipo.com.mx\/#organization\"},\"image\":{\"@id\":\"https:\/\/www.sonoraenequipo.com.mx\/hallan-fosa-comun-con-restos-de-ninos-de-hace-600-anos-en-el-norte-de-peru\/#primaryimage\"},\"thumbnailUrl\":\"https:\/\/www.sonoraenequipo.com.mx\/storage\/2024\/10\/restos-peru.jpg\",\"keywords\":[\"ni\u00f1os\",\"Per\u00fa\",\"restos oseos\"],\"articleSection\":[\"Ciencia y Tecnolog\u00eda\"],\"inLanguage\":\"es\",\"potentialAction\":[{\"@type\":\"CommentAction\",\"name\":\"Comment\",\"target\":[\"https:\/\/www.sonoraenequipo.com.mx\/hallan-fosa-comun-con-restos-de-ninos-de-hace-600-anos-en-el-norte-de-peru\/#respond\"]}]},{\"@type\":\"WebPage\",\"@id\":\"https:\/\/www.sonoraenequipo.com.mx\/hallan-fosa-comun-con-restos-de-ninos-de-hace-600-anos-en-el-norte-de-peru\/\",\"url\":\"https:\/\/www.sonoraenequipo.com.mx\/hallan-fosa-comun-con-restos-de-ninos-de-hace-600-anos-en-el-norte-de-peru\/\",\"name\":\"Sonora en Equipo. Hallan fosa com\u00fan con restos de ni\u00f1os de hace 600 a\u00f1os en el norte de Per\u00fa Ciencia y Tecnolog\u00eda\",\"isPartOf\":{\"@id\":\"https:\/\/www.sonoraenequipo.com.mx\/#website\"},\"primaryImageOfPage\":{\"@id\":\"https:\/\/www.sonoraenequipo.com.mx\/hallan-fosa-comun-con-restos-de-ninos-de-hace-600-anos-en-el-norte-de-peru\/#primaryimage\"},\"image\":{\"@id\":\"https:\/\/www.sonoraenequipo.com.mx\/hallan-fosa-comun-con-restos-de-ninos-de-hace-600-anos-en-el-norte-de-peru\/#primaryimage\"},\"thumbnailUrl\":\"https:\/\/www.sonoraenequipo.com.mx\/storage\/2024\/10\/restos-peru.jpg\",\"datePublished\":\"2024-10-06T18:54:33+00:00\",\"description\":\"LIMA \u2014 Los restos \u00f3seos de 43 ni\u00f1os fueron encontrados en un descampado cerca de un centro urbano en el norte de Per\u00fa, con signos de haber sido En Sonora en Equipo publicamos toda la informaci\u00f3n de Sonora, M\u00e9xico y el Mundo de manera oportuna y busca que la libertad de expresi\u00f3n sea real. Visita nuestro medio informativo publicado desde Hermosillo, Sonora. %\",\"breadcrumb\":{\"@id\":\"https:\/\/www.sonoraenequipo.com.mx\/hallan-fosa-comun-con-restos-de-ninos-de-hace-600-anos-en-el-norte-de-peru\/#breadcrumb\"},\"inLanguage\":\"es\",\"potentialAction\":[{\"@type\":\"ReadAction\",\"target\":[\"https:\/\/www.sonoraenequipo.com.mx\/hallan-fosa-comun-con-restos-de-ninos-de-hace-600-anos-en-el-norte-de-peru\/\"]}]},{\"@type\":\"ImageObject\",\"inLanguage\":\"es\",\"@id\":\"https:\/\/www.sonoraenequipo.com.mx\/hallan-fosa-comun-con-restos-de-ninos-de-hace-600-anos-en-el-norte-de-peru\/#primaryimage\",\"url\":\"https:\/\/www.sonoraenequipo.com.mx\/storage\/2024\/10\/restos-peru.jpg\",\"contentUrl\":\"https:\/\/www.sonoraenequipo.com.mx\/storage\/2024\/10\/restos-peru.jpg\",\"width\":600,\"height\":337,\"caption\":\"Imagen. Reuters\"},{\"@type\":\"BreadcrumbList\",\"@id\":\"https:\/\/www.sonoraenequipo.com.mx\/hallan-fosa-comun-con-restos-de-ninos-de-hace-600-anos-en-el-norte-de-peru\/#breadcrumb\",\"itemListElement\":[{\"@type\":\"ListItem\",\"position\":1,\"name\":\"Portada\",\"item\":\"https:\/\/www.sonoraenequipo.com.mx\/\"},{\"@type\":\"ListItem\",\"position\":2,\"name\":\"Hallan fosa com\u00fan con restos de ni\u00f1os de hace 600 a\u00f1os en el norte de Per\u00fa\"}]},{\"@type\":\"WebSite\",\"@id\":\"https:\/\/www.sonoraenequipo.com.mx\/#website\",\"url\":\"https:\/\/www.sonoraenequipo.com.mx\/\",\"name\":\"Sonora en Equipo.\",\"description\":\"Diario en l\u00ednea con Noticias desde Hermosillo, Sonora\",\"publisher\":{\"@id\":\"https:\/\/www.sonoraenequipo.com.mx\/#organization\"},\"potentialAction\":[{\"@type\":\"SearchAction\",\"target\":{\"@type\":\"EntryPoint\",\"urlTemplate\":\"https:\/\/www.sonoraenequipo.com.mx\/?s={search_term_string}\"},\"query-input\":{\"@type\":\"PropertyValueSpecification\",\"valueRequired\":true,\"valueName\":\"search_term_string\"}}],\"inLanguage\":\"es\"},{\"@type\":\"Organization\",\"@id\":\"https:\/\/www.sonoraenequipo.com.mx\/#organization\",\"name\":\"Sonoraenequipo.com.mx\",\"url\":\"https:\/\/www.sonoraenequipo.com.mx\/\",\"logo\":{\"@type\":\"ImageObject\",\"inLanguage\":\"es\",\"@id\":\"https:\/\/www.sonoraenequipo.com.mx\/#\/schema\/logo\/image\/\",\"url\":\"https:\/\/www.sonoraenequipo.com.mx\/storage\/2019\/01\/sonoraenequipo_opt.png\",\"contentUrl\":\"https:\/\/www.sonoraenequipo.com.mx\/storage\/2019\/01\/sonoraenequipo_opt.png\",\"width\":375,\"height\":125,\"caption\":\"Sonoraenequipo.com.mx\"},\"image\":{\"@id\":\"https:\/\/www.sonoraenequipo.com.mx\/#\/schema\/logo\/image\/\"},\"sameAs\":[\"https:\/\/www.facebook.com\/SonoraEE\/\",\"https:\/\/x.com\/sonoraenequipo\",\"https:\/\/www.youtube.com\/channel\/UC338nW-lPEYmJQs4ZABQ1SQ\"]},{\"@type\":\"Person\",\"@id\":\"https:\/\/www.sonoraenequipo.com.mx\/#\/schema\/person\/50102df0fb23a8fa9e8effad8fa81386\",\"name\":\"enequipo\",\"image\":{\"@type\":\"ImageObject\",\"inLanguage\":\"es\",\"@id\":\"https:\/\/www.sonoraenequipo.com.mx\/#\/schema\/person\/image\/\",\"url\":\"https:\/\/secure.gravatar.com\/avatar\/049821681b589dabc0bc20695993ccebb09f5b5d4d790cd9251b97faac7c652b?s=96&d=blank&r=g\",\"contentUrl\":\"https:\/\/secure.gravatar.com\/avatar\/049821681b589dabc0bc20695993ccebb09f5b5d4d790cd9251b97faac7c652b?s=96&d=blank&r=g\",\"caption\":\"enequipo\"},\"sameAs\":[\"https:\/\/www.facebook.com\/SonoraEE\"]}]}<\/script>\n ","yoast_head_json":{"title":"Sonora en Equipo. Hallan fosa com\u00fan con restos de ni\u00f1os de hace 600 a\u00f1os en el norte de Per\u00fa Ciencia y Tecnolog\u00eda","description":"LIMA \u2014 Los restos \u00f3seos de 43 ni\u00f1os fueron encontrados en un descampado cerca de un centro urbano en el norte de Per\u00fa, con signos de haber sido En Sonora en Equipo publicamos toda la informaci\u00f3n de Sonora, M\u00e9xico y el Mundo de manera oportuna y busca que la libertad de expresi\u00f3n sea real. Visita nuestro medio informativo publicado desde Hermosillo, Sonora. %","robots":{"index":"index","follow":"follow","max-snippet":"max-snippet:-1","max-image-preview":"max-image-preview:large","max-video-preview":"max-video-preview:-1"},"canonical":"https:\/\/www.sonoraenequipo.com.mx\/hallan-fosa-comun-con-restos-de-ninos-de-hace-600-anos-en-el-norte-de-peru\/","og_locale":"es_ES","og_type":"article","og_title":"Sonora en Equipo. Hallan fosa com\u00fan con restos de ni\u00f1os de hace 600 a\u00f1os en el norte de Per\u00fa Ciencia y Tecnolog\u00eda","og_description":"LIMA \u2014 Los restos \u00f3seos de 43 ni\u00f1os fueron encontrados en un descampado cerca de un centro urbano en el norte de Per\u00fa, con signos de haber sido En Sonora en Equipo publicamos toda la informaci\u00f3n de Sonora, M\u00e9xico y el Mundo de manera oportuna y busca que la libertad de expresi\u00f3n sea real. Visita nuestro medio informativo publicado desde Hermosillo, Sonora. %","og_url":"https:\/\/www.sonoraenequipo.com.mx\/hallan-fosa-comun-con-restos-de-ninos-de-hace-600-anos-en-el-norte-de-peru\/","og_site_name":"Sonora en Equipo.","article_publisher":"https:\/\/www.facebook.com\/SonoraEE\/","article_author":"https:\/\/www.facebook.com\/SonoraEE","article_published_time":"2024-10-06T18:54:33+00:00","og_image":[{"width":600,"height":337,"url":"https:\/\/www.sonoraenequipo.com.mx\/storage\/2024\/10\/restos-peru.jpg","type":"image\/jpeg"}],"author":"enequipo","twitter_card":"summary_large_image","twitter_creator":"@sonoraenequipo","twitter_site":"@sonoraenequipo","twitter_misc":{"Escrito por":"enequipo","Tiempo de lectura":"2 minutos"},"schema":{"@context":"https:\/\/schema.org","@graph":[{"@type":"Article","@id":"https:\/\/www.sonoraenequipo.com.mx\/hallan-fosa-comun-con-restos-de-ninos-de-hace-600-anos-en-el-norte-de-peru\/#article","isPartOf":{"@id":"https:\/\/www.sonoraenequipo.com.mx\/hallan-fosa-comun-con-restos-de-ninos-de-hace-600-anos-en-el-norte-de-peru\/"},"author":{"name":"enequipo","@id":"https:\/\/www.sonoraenequipo.com.mx\/#\/schema\/person\/50102df0fb23a8fa9e8effad8fa81386"},"headline":"Hallan fosa com\u00fan con restos de ni\u00f1os de hace 600 a\u00f1os en el norte de Per\u00fa","datePublished":"2024-10-06T18:54:33+00:00","mainEntityOfPage":{"@id":"https:\/\/www.sonoraenequipo.com.mx\/hallan-fosa-comun-con-restos-de-ninos-de-hace-600-anos-en-el-norte-de-peru\/"},"wordCount":391,"commentCount":0,"publisher":{"@id":"https:\/\/www.sonoraenequipo.com.mx\/#organization"},"image":{"@id":"https:\/\/www.sonoraenequipo.com.mx\/hallan-fosa-comun-con-restos-de-ninos-de-hace-600-anos-en-el-norte-de-peru\/#primaryimage"},"thumbnailUrl":"https:\/\/www.sonoraenequipo.com.mx\/storage\/2024\/10\/restos-peru.jpg","keywords":["ni\u00f1os","Per\u00fa","restos oseos"],"articleSection":["Ciencia y Tecnolog\u00eda"],"inLanguage":"es","potentialAction":[{"@type":"CommentAction","name":"Comment","target":["https:\/\/www.sonoraenequipo.com.mx\/hallan-fosa-comun-con-restos-de-ninos-de-hace-600-anos-en-el-norte-de-peru\/#respond"]}]},{"@type":"WebPage","@id":"https:\/\/www.sonoraenequipo.com.mx\/hallan-fosa-comun-con-restos-de-ninos-de-hace-600-anos-en-el-norte-de-peru\/","url":"https:\/\/www.sonoraenequipo.com.mx\/hallan-fosa-comun-con-restos-de-ninos-de-hace-600-anos-en-el-norte-de-peru\/","name":"Sonora en Equipo. Hallan fosa com\u00fan con restos de ni\u00f1os de hace 600 a\u00f1os en el norte de Per\u00fa Ciencia y Tecnolog\u00eda","isPartOf":{"@id":"https:\/\/www.sonoraenequipo.com.mx\/#website"},"primaryImageOfPage":{"@id":"https:\/\/www.sonoraenequipo.com.mx\/hallan-fosa-comun-con-restos-de-ninos-de-hace-600-anos-en-el-norte-de-peru\/#primaryimage"},"image":{"@id":"https:\/\/www.sonoraenequipo.com.mx\/hallan-fosa-comun-con-restos-de-ninos-de-hace-600-anos-en-el-norte-de-peru\/#primaryimage"},"thumbnailUrl":"https:\/\/www.sonoraenequipo.com.mx\/storage\/2024\/10\/restos-peru.jpg","datePublished":"2024-10-06T18:54:33+00:00","description":"LIMA \u2014 Los restos \u00f3seos de 43 ni\u00f1os fueron encontrados en un descampado cerca de un centro urbano en el norte de Per\u00fa, con signos de haber sido En Sonora en Equipo publicamos toda la informaci\u00f3n de Sonora, M\u00e9xico y el Mundo de manera oportuna y busca que la libertad de expresi\u00f3n sea real. Visita nuestro medio informativo publicado desde Hermosillo, Sonora. %","breadcrumb":{"@id":"https:\/\/www.sonoraenequipo.com.mx\/hallan-fosa-comun-con-restos-de-ninos-de-hace-600-anos-en-el-norte-de-peru\/#breadcrumb"},"inLanguage":"es","potentialAction":[{"@type":"ReadAction","target":["https:\/\/www.sonoraenequipo.com.mx\/hallan-fosa-comun-con-restos-de-ninos-de-hace-600-anos-en-el-norte-de-peru\/"]}]},{"@type":"ImageObject","inLanguage":"es","@id":"https:\/\/www.sonoraenequipo.com.mx\/hallan-fosa-comun-con-restos-de-ninos-de-hace-600-anos-en-el-norte-de-peru\/#primaryimage","url":"https:\/\/www.sonoraenequipo.com.mx\/storage\/2024\/10\/restos-peru.jpg","contentUrl":"https:\/\/www.sonoraenequipo.com.mx\/storage\/2024\/10\/restos-peru.jpg","width":600,"height":337,"caption":"Imagen. Reuters"},{"@type":"BreadcrumbList","@id":"https:\/\/www.sonoraenequipo.com.mx\/hallan-fosa-comun-con-restos-de-ninos-de-hace-600-anos-en-el-norte-de-peru\/#breadcrumb","itemListElement":[{"@type":"ListItem","position":1,"name":"Portada","item":"https:\/\/www.sonoraenequipo.com.mx\/"},{"@type":"ListItem","position":2,"name":"Hallan fosa com\u00fan con restos de ni\u00f1os de hace 600 a\u00f1os en el norte de Per\u00fa"}]},{"@type":"WebSite","@id":"https:\/\/www.sonoraenequipo.com.mx\/#website","url":"https:\/\/www.sonoraenequipo.com.mx\/","name":"Sonora en Equipo.","description":"Diario en l\u00ednea con Noticias desde Hermosillo, Sonora","publisher":{"@id":"https:\/\/www.sonoraenequipo.com.mx\/#organization"},"potentialAction":[{"@type":"SearchAction","target":{"@type":"EntryPoint","urlTemplate":"https:\/\/www.sonoraenequipo.com.mx\/?s={search_term_string}"},"query-input":{"@type":"PropertyValueSpecification","valueRequired":true,"valueName":"search_term_string"}}],"inLanguage":"es"},{"@type":"Organization","@id":"https:\/\/www.sonoraenequipo.com.mx\/#organization","name":"Sonoraenequipo.com.mx","url":"https:\/\/www.sonoraenequipo.com.mx\/","logo":{"@type":"ImageObject","inLanguage":"es","@id":"https:\/\/www.sonoraenequipo.com.mx\/#\/schema\/logo\/image\/","url":"https:\/\/www.sonoraenequipo.com.mx\/storage\/2019\/01\/sonoraenequipo_opt.png","contentUrl":"https:\/\/www.sonoraenequipo.com.mx\/storage\/2019\/01\/sonoraenequipo_opt.png","width":375,"height":125,"caption":"Sonoraenequipo.com.mx"},"image":{"@id":"https:\/\/www.sonoraenequipo.com.mx\/#\/schema\/logo\/image\/"},"sameAs":["https:\/\/www.facebook.com\/SonoraEE\/","https:\/\/x.com\/sonoraenequipo","https:\/\/www.youtube.com\/channel\/UC338nW-lPEYmJQs4ZABQ1SQ"]},{"@type":"Person","@id":"https:\/\/www.sonoraenequipo.com.mx\/#\/schema\/person\/50102df0fb23a8fa9e8effad8fa81386","name":"enequipo","image":{"@type":"ImageObject","inLanguage":"es","@id":"https:\/\/www.sonoraenequipo.com.mx\/#\/schema\/person\/image\/","url":"https:\/\/secure.gravatar.com\/avatar\/049821681b589dabc0bc20695993ccebb09f5b5d4d790cd9251b97faac7c652b?s=96&d=blank&r=g","contentUrl":"https:\/\/secure.gravatar.com\/avatar\/049821681b589dabc0bc20695993ccebb09f5b5d4d790cd9251b97faac7c652b?s=96&d=blank&r=g","caption":"enequipo"},"sameAs":["https:\/\/www.facebook.com\/SonoraEE"]}]}},"jetpack_featured_media_url":"https:\/\/www.sonoraenequipo.com.mx\/storage\/2024\/10\/restos-peru.jpg","_links":{"self":[{"href":"https:\/\/www.sonoraenequipo.com.mx\/api\/wp\/v2\/posts\/200718","targetHints":{"allow":["GET"]}}],"collection":[{"href":"https:\/\/www.sonoraenequipo.com.mx\/api\/wp\/v2\/posts"}],"about":[{"href":"https:\/\/www.sonoraenequipo.com.mx\/api\/wp\/v2\/types\/post"}],"author":[{"embeddable":true,"href":"https:\/\/www.sonoraenequipo.com.mx\/api\/wp\/v2\/users\/1"}],"replies":[{"embeddable":true,"href":"https:\/\/www.sonoraenequipo.com.mx\/api\/wp\/v2\/comments?post=200718"}],"version-history":[{"count":1,"href":"https:\/\/www.sonoraenequipo.com.mx\/api\/wp\/v2\/posts\/200718\/revisions"}],"predecessor-version":[{"id":200720,"href":"https:\/\/www.sonoraenequipo.com.mx\/api\/wp\/v2\/posts\/200718\/revisions\/200720"}],"wp:featuredmedia":[{"embeddable":true,"href":"https:\/\/www.sonoraenequipo.com.mx\/api\/wp\/v2\/media\/200719"}],"wp:attachment":[{"href":"https:\/\/www.sonoraenequipo.com.mx\/api\/wp\/v2\/media?parent=200718"}],"wp:term":[{"taxonomy":"category","embeddable":true,"href":"https:\/\/www.sonoraenequipo.com.mx\/api\/wp\/v2\/categories?post=200718"},{"taxonomy":"post_tag","embeddable":true,"href":"https:\/\/www.sonoraenequipo.com.mx\/api\/wp\/v2\/tags?post=200718"}],"curies":[{"name":"wp","href":"https:\/\/api.w.org\/{rel}","templated":true}]}}