{"id":200722,"date":"2024-10-06T12:40:28","date_gmt":"2024-10-06T19:40:28","guid":{"rendered":"https:\/\/www.sonoraenequipo.com.mx\/?p=200722"},"modified":"2024-10-06T12:40:28","modified_gmt":"2024-10-06T19:40:28","slug":"realiza-gobierno-de-sonora-jornada-para-el-bienestar-en-rosario-tesopaco","status":"publish","type":"post","link":"https:\/\/www.sonoraenequipo.com.mx\/realiza-gobierno-de-sonora-jornada-para-el-bienestar-en-rosario-tesopaco\/","title":{"rendered":"Realiza Gobierno de Sonora Jornada para el Bienestar en Rosario Tesopaco"},"content":{"rendered":"<p><strong>ROSARIO TESOPACO, SONORA, MX.<\/strong><strong> \u0336 \u0336\u00a0 <\/strong>Con el prop\u00f3sito de acercar m\u00e1s de 50 tr\u00e1mites y servicios a las familias de Rosario Tesopaco, el Gobierno de Sonora, a trav\u00e9s de la Secretar\u00eda de Desarrollo Social (Sedesson), en coordinaci\u00f3n con m\u00e1s de 15 dependencias, brind\u00f3 un total de mil 990 atenciones durante la Jornada Para el Bienestar y la Justicia Social.<\/p>\n<p>&nbsp;<\/p>\n<p>&nbsp;<\/p>\n<p>&nbsp;<\/p>\n<p>En esta entrega, 549 personas fueron atendidas con tr\u00e1mites y servicios gratuitos por parte de dependencias como Sedesson, Seguridad P\u00fablica, Secretar\u00eda de Salud, Icatson, CFE, ISC, Registro Civil, Cedes, Isaam, Becas y Cr\u00e9dito Educativo, direcciones municipales, entre otras.<\/p>\n<p>&nbsp;<\/p>\n<p>&nbsp;<\/p>\n<p>&nbsp;<\/p>\n<p>Gracias a este esfuerzo conjunto, las personas beneficiarias recibieron atenci\u00f3n m\u00e9dica preventiva, actas de nacimiento gratuitas, equipo ortop\u00e9dico, apoyos alimentarios, \u00e1rboles end\u00e9micos, regularizaci\u00f3n en servicio el\u00e9ctrico, y m\u00e1s.<\/p>\n<p>&nbsp;<\/p>\n<p>&nbsp;<\/p>\n<p>&nbsp;<\/p>\n<p>Como parte de estos beneficios se incluyeron m\u00f3dulos informativos como el de programas sociales Sedesson, convocatoria de becas, mejoramiento de vivienda, acercamiento a la lectura, prevenci\u00f3n del delito e igualdad de g\u00e9nero.<\/p>\n<p>&nbsp;<\/p>\n<p>&nbsp;<\/p>\n<p>&nbsp;<\/p>\n<p>Con estas acciones se refrenda el compromiso del gobernador de Sonora, Alfonso Durazo Monta\u00f1o, para continuar trabajando a ras de suelo, garantizando que todos los servicios lleguen a las comunidades que m\u00e1s lo necesitan.<\/p>\n<p><strong>Fecha de publicaci\u00f3n 6 de octubre de 2024\/<\/strong><\/p>\n","protected":false},"excerpt":{"rendered":"<p>ROSARIO TESOPACO, SONORA, MX. \u0336 \u0336\u00a0 Con el prop\u00f3sito de acercar m\u00e1s de 50 tr\u00e1mites&#8230;<\/p>\n","protected":false},"author":1,"featured_media":200723,"comment_status":"open","ping_status":"open","sticky":false,"template":"","format":"standard","meta":{"_monsterinsights_skip_tracking":false,"_monsterinsights_sitenote_active":false,"_monsterinsights_sitenote_note":"","_monsterinsights_sitenote_category":0,"footnotes":""},"categories":[22],"tags":[3094,94,3215],"class_list":["post"],"yoast_head":" \n<title>Sonora en Equipo. Realiza Gobierno de Sonora Jornada para el Bienestar en Rosario Tesopaco Sonora<\/title>\n<meta name=\"description\" content=\"ROSARIO TESOPACO, SONORA, MX. \u0336 \u0336\u00a0 Con el prop\u00f3sito de acercar m\u00e1s de 50 tr\u00e1mites y servicios a las familias de Rosario Tesopaco, el Gobierno de Sonora, a En Sonora en Equipo publicamos toda la informaci\u00f3n de Sonora, M\u00e9xico y el Mundo de manera oportuna y busca que la libertad de expresi\u00f3n sea real. Visita nuestro medio informativo publicado desde Hermosillo, Sonora. %\" \/>\n<meta name=\"robots\" content=\"index, follow, max-snippet:-1, max-image-preview:large, max-video-preview:-1\" \/>\n<link rel=\"canonical\" href=\"https:\/\/www.sonoraenequipo.com.mx\/realiza-gobierno-de-sonora-jornada-para-el-bienestar-en-rosario-tesopaco\/\" \/>\n<meta property=\"og:locale\" content=\"es_ES\" \/>\n<meta property=\"og:type\" content=\"article\" \/>\n<meta property=\"og:title\" content=\"Sonora en Equipo. Realiza Gobierno de Sonora Jornada para el Bienestar en Rosario Tesopaco Sonora\" \/>\n<meta property=\"og:description\" content=\"ROSARIO TESOPACO, SONORA, MX. \u0336 \u0336\u00a0 Con el prop\u00f3sito de acercar m\u00e1s de 50 tr\u00e1mites y servicios a las familias de Rosario Tesopaco, el Gobierno de Sonora, a En Sonora en Equipo publicamos toda la informaci\u00f3n de Sonora, M\u00e9xico y el Mundo de manera oportuna y busca que la libertad de expresi\u00f3n sea real. Visita nuestro medio informativo publicado desde Hermosillo, Sonora. %\" \/>\n<meta property=\"og:url\" content=\"https:\/\/www.sonoraenequipo.com.mx\/realiza-gobierno-de-sonora-jornada-para-el-bienestar-en-rosario-tesopaco\/\" \/>\n<meta property=\"og:site_name\" content=\"Sonora en Equipo.\" \/>\n<meta property=\"article:publisher\" content=\"https:\/\/www.facebook.com\/SonoraEE\/\" \/>\n<meta property=\"article:author\" content=\"https:\/\/www.facebook.com\/SonoraEE\" \/>\n<meta property=\"article:published_time\" content=\"2024-10-06T19:40:28+00:00\" \/>\n<meta property=\"og:image\" content=\"https:\/\/www.sonoraenequipo.com.mx\/storage\/2024\/10\/jornada-bienestar-rosario.jpg\" \/>\n\t<meta property=\"og:image:width\" content=\"600\" \/>\n\t<meta property=\"og:image:height\" content=\"450\" \/>\n\t<meta property=\"og:image:type\" content=\"image\/jpeg\" \/>\n<meta name=\"author\" content=\"enequipo\" \/>\n<meta name=\"twitter:card\" content=\"summary_large_image\" \/>\n<meta name=\"twitter:creator\" content=\"@sonoraenequipo\" \/>\n<meta name=\"twitter:site\" content=\"@sonoraenequipo\" \/>\n<meta name=\"twitter:label1\" content=\"Escrito por\" \/>\n\t<meta name=\"twitter:data1\" content=\"enequipo\" \/>\n\t<meta name=\"twitter:label2\" content=\"Tiempo de lectura\" \/>\n\t<meta name=\"twitter:data2\" content=\"1 minuto\" \/>\n<script type=\"application\/ld+json\" class=\"yoast-schema-graph\">{\"@context\":\"https:\/\/schema.org\",\"@graph\":[{\"@type\":\"Article\",\"@id\":\"https:\/\/www.sonoraenequipo.com.mx\/realiza-gobierno-de-sonora-jornada-para-el-bienestar-en-rosario-tesopaco\/#article\",\"isPartOf\":{\"@id\":\"https:\/\/www.sonoraenequipo.com.mx\/realiza-gobierno-de-sonora-jornada-para-el-bienestar-en-rosario-tesopaco\/\"},\"author\":{\"name\":\"enequipo\",\"@id\":\"https:\/\/www.sonoraenequipo.com.mx\/#\/schema\/person\/50102df0fb23a8fa9e8effad8fa81386\"},\"headline\":\"Realiza Gobierno de Sonora Jornada para el Bienestar en Rosario Tesopaco\",\"datePublished\":\"2024-10-06T19:40:28+00:00\",\"mainEntityOfPage\":{\"@id\":\"https:\/\/www.sonoraenequipo.com.mx\/realiza-gobierno-de-sonora-jornada-para-el-bienestar-en-rosario-tesopaco\/\"},\"wordCount\":239,\"commentCount\":0,\"publisher\":{\"@id\":\"https:\/\/www.sonoraenequipo.com.mx\/#organization\"},\"image\":{\"@id\":\"https:\/\/www.sonoraenequipo.com.mx\/realiza-gobierno-de-sonora-jornada-para-el-bienestar-en-rosario-tesopaco\/#primaryimage\"},\"thumbnailUrl\":\"https:\/\/www.sonoraenequipo.com.mx\/storage\/2024\/10\/jornada-bienestar-rosario.jpg\",\"keywords\":[\"bienestar\",\"jornada\",\"rosario\"],\"articleSection\":[\"Sonora\"],\"inLanguage\":\"es\",\"potentialAction\":[{\"@type\":\"CommentAction\",\"name\":\"Comment\",\"target\":[\"https:\/\/www.sonoraenequipo.com.mx\/realiza-gobierno-de-sonora-jornada-para-el-bienestar-en-rosario-tesopaco\/#respond\"]}]},{\"@type\":\"WebPage\",\"@id\":\"https:\/\/www.sonoraenequipo.com.mx\/realiza-gobierno-de-sonora-jornada-para-el-bienestar-en-rosario-tesopaco\/\",\"url\":\"https:\/\/www.sonoraenequipo.com.mx\/realiza-gobierno-de-sonora-jornada-para-el-bienestar-en-rosario-tesopaco\/\",\"name\":\"Sonora en Equipo. Realiza Gobierno de Sonora Jornada para el Bienestar en Rosario Tesopaco Sonora\",\"isPartOf\":{\"@id\":\"https:\/\/www.sonoraenequipo.com.mx\/#website\"},\"primaryImageOfPage\":{\"@id\":\"https:\/\/www.sonoraenequipo.com.mx\/realiza-gobierno-de-sonora-jornada-para-el-bienestar-en-rosario-tesopaco\/#primaryimage\"},\"image\":{\"@id\":\"https:\/\/www.sonoraenequipo.com.mx\/realiza-gobierno-de-sonora-jornada-para-el-bienestar-en-rosario-tesopaco\/#primaryimage\"},\"thumbnailUrl\":\"https:\/\/www.sonoraenequipo.com.mx\/storage\/2024\/10\/jornada-bienestar-rosario.jpg\",\"datePublished\":\"2024-10-06T19:40:28+00:00\",\"description\":\"ROSARIO TESOPACO, SONORA, MX. \u0336 \u0336\u00a0 Con el prop\u00f3sito de acercar m\u00e1s de 50 tr\u00e1mites y servicios a las familias de Rosario Tesopaco, el Gobierno de Sonora, a En Sonora en Equipo publicamos toda la informaci\u00f3n de Sonora, M\u00e9xico y el Mundo de manera oportuna y busca que la libertad de expresi\u00f3n sea real. Visita nuestro medio informativo publicado desde Hermosillo, Sonora. %\",\"breadcrumb\":{\"@id\":\"https:\/\/www.sonoraenequipo.com.mx\/realiza-gobierno-de-sonora-jornada-para-el-bienestar-en-rosario-tesopaco\/#breadcrumb\"},\"inLanguage\":\"es\",\"potentialAction\":[{\"@type\":\"ReadAction\",\"target\":[\"https:\/\/www.sonoraenequipo.com.mx\/realiza-gobierno-de-sonora-jornada-para-el-bienestar-en-rosario-tesopaco\/\"]}]},{\"@type\":\"ImageObject\",\"inLanguage\":\"es\",\"@id\":\"https:\/\/www.sonoraenequipo.com.mx\/realiza-gobierno-de-sonora-jornada-para-el-bienestar-en-rosario-tesopaco\/#primaryimage\",\"url\":\"https:\/\/www.sonoraenequipo.com.mx\/storage\/2024\/10\/jornada-bienestar-rosario.jpg\",\"contentUrl\":\"https:\/\/www.sonoraenequipo.com.mx\/storage\/2024\/10\/jornada-bienestar-rosario.jpg\",\"width\":600,\"height\":450},{\"@type\":\"BreadcrumbList\",\"@id\":\"https:\/\/www.sonoraenequipo.com.mx\/realiza-gobierno-de-sonora-jornada-para-el-bienestar-en-rosario-tesopaco\/#breadcrumb\",\"itemListElement\":[{\"@type\":\"ListItem\",\"position\":1,\"name\":\"Portada\",\"item\":\"https:\/\/www.sonoraenequipo.com.mx\/\"},{\"@type\":\"ListItem\",\"position\":2,\"name\":\"Realiza Gobierno de Sonora Jornada para el Bienestar en Rosario Tesopaco\"}]},{\"@type\":\"WebSite\",\"@id\":\"https:\/\/www.sonoraenequipo.com.mx\/#website\",\"url\":\"https:\/\/www.sonoraenequipo.com.mx\/\",\"name\":\"Sonora en Equipo.\",\"description\":\"Diario en l\u00ednea con Noticias desde Hermosillo, Sonora\",\"publisher\":{\"@id\":\"https:\/\/www.sonoraenequipo.com.mx\/#organization\"},\"potentialAction\":[{\"@type\":\"SearchAction\",\"target\":{\"@type\":\"EntryPoint\",\"urlTemplate\":\"https:\/\/www.sonoraenequipo.com.mx\/?s={search_term_string}\"},\"query-input\":{\"@type\":\"PropertyValueSpecification\",\"valueRequired\":true,\"valueName\":\"search_term_string\"}}],\"inLanguage\":\"es\"},{\"@type\":\"Organization\",\"@id\":\"https:\/\/www.sonoraenequipo.com.mx\/#organization\",\"name\":\"Sonoraenequipo.com.mx\",\"url\":\"https:\/\/www.sonoraenequipo.com.mx\/\",\"logo\":{\"@type\":\"ImageObject\",\"inLanguage\":\"es\",\"@id\":\"https:\/\/www.sonoraenequipo.com.mx\/#\/schema\/logo\/image\/\",\"url\":\"https:\/\/www.sonoraenequipo.com.mx\/storage\/2019\/01\/sonoraenequipo_opt.png\",\"contentUrl\":\"https:\/\/www.sonoraenequipo.com.mx\/storage\/2019\/01\/sonoraenequipo_opt.png\",\"width\":375,\"height\":125,\"caption\":\"Sonoraenequipo.com.mx\"},\"image\":{\"@id\":\"https:\/\/www.sonoraenequipo.com.mx\/#\/schema\/logo\/image\/\"},\"sameAs\":[\"https:\/\/www.facebook.com\/SonoraEE\/\",\"https:\/\/x.com\/sonoraenequipo\",\"https:\/\/www.youtube.com\/channel\/UC338nW-lPEYmJQs4ZABQ1SQ\"]},{\"@type\":\"Person\",\"@id\":\"https:\/\/www.sonoraenequipo.com.mx\/#\/schema\/person\/50102df0fb23a8fa9e8effad8fa81386\",\"name\":\"enequipo\",\"image\":{\"@type\":\"ImageObject\",\"inLanguage\":\"es\",\"@id\":\"https:\/\/www.sonoraenequipo.com.mx\/#\/schema\/person\/image\/\",\"url\":\"https:\/\/secure.gravatar.com\/avatar\/049821681b589dabc0bc20695993ccebb09f5b5d4d790cd9251b97faac7c652b?s=96&d=blank&r=g\",\"contentUrl\":\"https:\/\/secure.gravatar.com\/avatar\/049821681b589dabc0bc20695993ccebb09f5b5d4d790cd9251b97faac7c652b?s=96&d=blank&r=g\",\"caption\":\"enequipo\"},\"sameAs\":[\"https:\/\/www.facebook.com\/SonoraEE\"]}]}<\/script>\n ","yoast_head_json":{"title":"Sonora en Equipo. Realiza Gobierno de Sonora Jornada para el Bienestar en Rosario Tesopaco Sonora","description":"ROSARIO TESOPACO, SONORA, MX. \u0336 \u0336\u00a0 Con el prop\u00f3sito de acercar m\u00e1s de 50 tr\u00e1mites y servicios a las familias de Rosario Tesopaco, el Gobierno de Sonora, a En Sonora en Equipo publicamos toda la informaci\u00f3n de Sonora, M\u00e9xico y el Mundo de manera oportuna y busca que la libertad de expresi\u00f3n sea real. Visita nuestro medio informativo publicado desde Hermosillo, Sonora. %","robots":{"index":"index","follow":"follow","max-snippet":"max-snippet:-1","max-image-preview":"max-image-preview:large","max-video-preview":"max-video-preview:-1"},"canonical":"https:\/\/www.sonoraenequipo.com.mx\/realiza-gobierno-de-sonora-jornada-para-el-bienestar-en-rosario-tesopaco\/","og_locale":"es_ES","og_type":"article","og_title":"Sonora en Equipo. Realiza Gobierno de Sonora Jornada para el Bienestar en Rosario Tesopaco Sonora","og_description":"ROSARIO TESOPACO, SONORA, MX. \u0336 \u0336\u00a0 Con el prop\u00f3sito de acercar m\u00e1s de 50 tr\u00e1mites y servicios a las familias de Rosario Tesopaco, el Gobierno de Sonora, a En Sonora en Equipo publicamos toda la informaci\u00f3n de Sonora, M\u00e9xico y el Mundo de manera oportuna y busca que la libertad de expresi\u00f3n sea real. Visita nuestro medio informativo publicado desde Hermosillo, Sonora. %","og_url":"https:\/\/www.sonoraenequipo.com.mx\/realiza-gobierno-de-sonora-jornada-para-el-bienestar-en-rosario-tesopaco\/","og_site_name":"Sonora en Equipo.","article_publisher":"https:\/\/www.facebook.com\/SonoraEE\/","article_author":"https:\/\/www.facebook.com\/SonoraEE","article_published_time":"2024-10-06T19:40:28+00:00","og_image":[{"width":600,"height":450,"url":"https:\/\/www.sonoraenequipo.com.mx\/storage\/2024\/10\/jornada-bienestar-rosario.jpg","type":"image\/jpeg"}],"author":"enequipo","twitter_card":"summary_large_image","twitter_creator":"@sonoraenequipo","twitter_site":"@sonoraenequipo","twitter_misc":{"Escrito por":"enequipo","Tiempo de lectura":"1 minuto"},"schema":{"@context":"https:\/\/schema.org","@graph":[{"@type":"Article","@id":"https:\/\/www.sonoraenequipo.com.mx\/realiza-gobierno-de-sonora-jornada-para-el-bienestar-en-rosario-tesopaco\/#article","isPartOf":{"@id":"https:\/\/www.sonoraenequipo.com.mx\/realiza-gobierno-de-sonora-jornada-para-el-bienestar-en-rosario-tesopaco\/"},"author":{"name":"enequipo","@id":"https:\/\/www.sonoraenequipo.com.mx\/#\/schema\/person\/50102df0fb23a8fa9e8effad8fa81386"},"headline":"Realiza Gobierno de Sonora Jornada para el Bienestar en Rosario Tesopaco","datePublished":"2024-10-06T19:40:28+00:00","mainEntityOfPage":{"@id":"https:\/\/www.sonoraenequipo.com.mx\/realiza-gobierno-de-sonora-jornada-para-el-bienestar-en-rosario-tesopaco\/"},"wordCount":239,"commentCount":0,"publisher":{"@id":"https:\/\/www.sonoraenequipo.com.mx\/#organization"},"image":{"@id":"https:\/\/www.sonoraenequipo.com.mx\/realiza-gobierno-de-sonora-jornada-para-el-bienestar-en-rosario-tesopaco\/#primaryimage"},"thumbnailUrl":"https:\/\/www.sonoraenequipo.com.mx\/storage\/2024\/10\/jornada-bienestar-rosario.jpg","keywords":["bienestar","jornada","rosario"],"articleSection":["Sonora"],"inLanguage":"es","potentialAction":[{"@type":"CommentAction","name":"Comment","target":["https:\/\/www.sonoraenequipo.com.mx\/realiza-gobierno-de-sonora-jornada-para-el-bienestar-en-rosario-tesopaco\/#respond"]}]},{"@type":"WebPage","@id":"https:\/\/www.sonoraenequipo.com.mx\/realiza-gobierno-de-sonora-jornada-para-el-bienestar-en-rosario-tesopaco\/","url":"https:\/\/www.sonoraenequipo.com.mx\/realiza-gobierno-de-sonora-jornada-para-el-bienestar-en-rosario-tesopaco\/","name":"Sonora en Equipo. Realiza Gobierno de Sonora Jornada para el Bienestar en Rosario Tesopaco Sonora","isPartOf":{"@id":"https:\/\/www.sonoraenequipo.com.mx\/#website"},"primaryImageOfPage":{"@id":"https:\/\/www.sonoraenequipo.com.mx\/realiza-gobierno-de-sonora-jornada-para-el-bienestar-en-rosario-tesopaco\/#primaryimage"},"image":{"@id":"https:\/\/www.sonoraenequipo.com.mx\/realiza-gobierno-de-sonora-jornada-para-el-bienestar-en-rosario-tesopaco\/#primaryimage"},"thumbnailUrl":"https:\/\/www.sonoraenequipo.com.mx\/storage\/2024\/10\/jornada-bienestar-rosario.jpg","datePublished":"2024-10-06T19:40:28+00:00","description":"ROSARIO TESOPACO, SONORA, MX. \u0336 \u0336\u00a0 Con el prop\u00f3sito de acercar m\u00e1s de 50 tr\u00e1mites y servicios a las familias de Rosario Tesopaco, el Gobierno de Sonora, a En Sonora en Equipo publicamos toda la informaci\u00f3n de Sonora, M\u00e9xico y el Mundo de manera oportuna y busca que la libertad de expresi\u00f3n sea real. Visita nuestro medio informativo publicado desde Hermosillo, Sonora. %","breadcrumb":{"@id":"https:\/\/www.sonoraenequipo.com.mx\/realiza-gobierno-de-sonora-jornada-para-el-bienestar-en-rosario-tesopaco\/#breadcrumb"},"inLanguage":"es","potentialAction":[{"@type":"ReadAction","target":["https:\/\/www.sonoraenequipo.com.mx\/realiza-gobierno-de-sonora-jornada-para-el-bienestar-en-rosario-tesopaco\/"]}]},{"@type":"ImageObject","inLanguage":"es","@id":"https:\/\/www.sonoraenequipo.com.mx\/realiza-gobierno-de-sonora-jornada-para-el-bienestar-en-rosario-tesopaco\/#primaryimage","url":"https:\/\/www.sonoraenequipo.com.mx\/storage\/2024\/10\/jornada-bienestar-rosario.jpg","contentUrl":"https:\/\/www.sonoraenequipo.com.mx\/storage\/2024\/10\/jornada-bienestar-rosario.jpg","width":600,"height":450},{"@type":"BreadcrumbList","@id":"https:\/\/www.sonoraenequipo.com.mx\/realiza-gobierno-de-sonora-jornada-para-el-bienestar-en-rosario-tesopaco\/#breadcrumb","itemListElement":[{"@type":"ListItem","position":1,"name":"Portada","item":"https:\/\/www.sonoraenequipo.com.mx\/"},{"@type":"ListItem","position":2,"name":"Realiza Gobierno de Sonora Jornada para el Bienestar en Rosario Tesopaco"}]},{"@type":"WebSite","@id":"https:\/\/www.sonoraenequipo.com.mx\/#website","url":"https:\/\/www.sonoraenequipo.com.mx\/","name":"Sonora en Equipo.","description":"Diario en l\u00ednea con Noticias desde Hermosillo, Sonora","publisher":{"@id":"https:\/\/www.sonoraenequipo.com.mx\/#organization"},"potentialAction":[{"@type":"SearchAction","target":{"@type":"EntryPoint","urlTemplate":"https:\/\/www.sonoraenequipo.com.mx\/?s={search_term_string}"},"query-input":{"@type":"PropertyValueSpecification","valueRequired":true,"valueName":"search_term_string"}}],"inLanguage":"es"},{"@type":"Organization","@id":"https:\/\/www.sonoraenequipo.com.mx\/#organization","name":"Sonoraenequipo.com.mx","url":"https:\/\/www.sonoraenequipo.com.mx\/","logo":{"@type":"ImageObject","inLanguage":"es","@id":"https:\/\/www.sonoraenequipo.com.mx\/#\/schema\/logo\/image\/","url":"https:\/\/www.sonoraenequipo.com.mx\/storage\/2019\/01\/sonoraenequipo_opt.png","contentUrl":"https:\/\/www.sonoraenequipo.com.mx\/storage\/2019\/01\/sonoraenequipo_opt.png","width":375,"height":125,"caption":"Sonoraenequipo.com.mx"},"image":{"@id":"https:\/\/www.sonoraenequipo.com.mx\/#\/schema\/logo\/image\/"},"sameAs":["https:\/\/www.facebook.com\/SonoraEE\/","https:\/\/x.com\/sonoraenequipo","https:\/\/www.youtube.com\/channel\/UC338nW-lPEYmJQs4ZABQ1SQ"]},{"@type":"Person","@id":"https:\/\/www.sonoraenequipo.com.mx\/#\/schema\/person\/50102df0fb23a8fa9e8effad8fa81386","name":"enequipo","image":{"@type":"ImageObject","inLanguage":"es","@id":"https:\/\/www.sonoraenequipo.com.mx\/#\/schema\/person\/image\/","url":"https:\/\/secure.gravatar.com\/avatar\/049821681b589dabc0bc20695993ccebb09f5b5d4d790cd9251b97faac7c652b?s=96&d=blank&r=g","contentUrl":"https:\/\/secure.gravatar.com\/avatar\/049821681b589dabc0bc20695993ccebb09f5b5d4d790cd9251b97faac7c652b?s=96&d=blank&r=g","caption":"enequipo"},"sameAs":["https:\/\/www.facebook.com\/SonoraEE"]}]}},"jetpack_featured_media_url":"https:\/\/www.sonoraenequipo.com.mx\/storage\/2024\/10\/jornada-bienestar-rosario.jpg","_links":{"self":[{"href":"https:\/\/www.sonoraenequipo.com.mx\/api\/wp\/v2\/posts\/200722","targetHints":{"allow":["GET"]}}],"collection":[{"href":"https:\/\/www.sonoraenequipo.com.mx\/api\/wp\/v2\/posts"}],"about":[{"href":"https:\/\/www.sonoraenequipo.com.mx\/api\/wp\/v2\/types\/post"}],"author":[{"embeddable":true,"href":"https:\/\/www.sonoraenequipo.com.mx\/api\/wp\/v2\/users\/1"}],"replies":[{"embeddable":true,"href":"https:\/\/www.sonoraenequipo.com.mx\/api\/wp\/v2\/comments?post=200722"}],"version-history":[{"count":1,"href":"https:\/\/www.sonoraenequipo.com.mx\/api\/wp\/v2\/posts\/200722\/revisions"}],"predecessor-version":[{"id":200724,"href":"https:\/\/www.sonoraenequipo.com.mx\/api\/wp\/v2\/posts\/200722\/revisions\/200724"}],"wp:featuredmedia":[{"embeddable":true,"href":"https:\/\/www.sonoraenequipo.com.mx\/api\/wp\/v2\/media\/200723"}],"wp:attachment":[{"href":"https:\/\/www.sonoraenequipo.com.mx\/api\/wp\/v2\/media?parent=200722"}],"wp:term":[{"taxonomy":"category","embeddable":true,"href":"https:\/\/www.sonoraenequipo.com.mx\/api\/wp\/v2\/categories?post=200722"},{"taxonomy":"post_tag","embeddable":true,"href":"https:\/\/www.sonoraenequipo.com.mx\/api\/wp\/v2\/tags?post=200722"}],"curies":[{"name":"wp","href":"https:\/\/api.w.org\/{rel}","templated":true}]}}