{"id":200729,"date":"2024-10-06T14:45:21","date_gmt":"2024-10-06T21:45:21","guid":{"rendered":"https:\/\/www.sonoraenequipo.com.mx\/?p=200729"},"modified":"2024-10-06T14:56:37","modified_gmt":"2024-10-06T21:56:37","slug":"edmundo-gonzalez-dice-regresara-a-venezuela-para-asumir-como-presidente","status":"publish","type":"post","link":"https:\/\/www.sonoraenequipo.com.mx\/edmundo-gonzalez-dice-regresara-a-venezuela-para-asumir-como-presidente\/","title":{"rendered":"Edmundo Gonz\u00e1lez dice regresar\u00e1 a Venezuela \u201cpara asumir como presidente\u00bb"},"content":{"rendered":"<p><strong>MADRID, ESPA\u00d1A.<\/strong><strong> \u0336 \u0336&nbsp; <\/strong>El excandidato opositor Edmundo Gonz\u00e1lez Urrutia afirm\u00f3 este viernes que su salida de Venezuela es \u201cs\u00f3lo temporal\u201d y afirm\u00f3 que regresar\u00e1 al pa\u00eds sudamericano para tomar posesi\u00f3n del cargo como presidente electo.<\/p>\n<p>&nbsp;<\/p>\n<p>Durante su intervenci\u00f3n en un evento empresarial en Espa\u00f1a, en su primer discurso p\u00fablico desde que su llegada, pidi\u00f3, adem\u00e1s, una mayor presi\u00f3n de la comunidad internacional para lograr que se reconozcan los resultados de las elecciones presidenciales del 28 de julio.<\/p>\n<p>&nbsp;<\/p>\n<p>\u201cYo voy a regresar a Venezuela lo m\u00e1s pronto posible, cuando restauremos la democracia en nuestro pa\u00eds y el 10 de enero es la fecha que constitucionalmente est\u00e1 prevista para la toma de posesi\u00f3n, y yo aspiro que la voluntad popular de ocho millones de venezolanos se concrete ese d\u00eda\u201d, dijo.<\/p>\n<p>&nbsp;<\/p>\n<p>La oposici\u00f3n dice que el resultado de las elecciones del pasado 28 de julio fue manipulado a favor del actual presidente, Nicol\u00e1s Maduro, y que en realidad habr\u00eda perdido por un amplio margen frente a Gonz\u00e1lez.<\/p>\n<p>&nbsp;<\/p>\n<p>Gonz\u00e1lez huy\u00f3 a Espa\u00f1a en la semana en que las autoridades venezolanas emitieron una orden de detenci\u00f3n en su contra, acus\u00e1ndolo de conspiraci\u00f3n y otros delitos.<\/p>\n<p>&nbsp;<\/p>\n<p>El l\u00edder opositor reiter\u00f3 que se vio obligado a abandonar el pa\u00eds por \u201cpresiones inenarrables\u201d y amenazas extremas que tocaban \u201clo m\u00e1s cercano\u201d de su vida familiar, al tiempo que se refiri\u00f3 a la escalada en la represi\u00f3n que sufre su pa\u00eds.<\/p>\n<p>&nbsp;<\/p>\n<p>Edmundo Gonz\u00e1lez ha dicho anteriormente que el gobierno del presidente Nicol\u00e1s Maduro lo forz\u00f3 a firmar un documento que lo obligaba a reconocer la victoria del mandatario para garantizar su salvoconducto a Espa\u00f1a. Caracas niega las acusaciones e insiste en que posee supuestos audios de Gonz\u00e1lez que probar\u00edan que no hubo chantaje, como afirma la oposici\u00f3n.<\/p>\n<p>El embajador retirado de 75 a\u00f1os lleg\u00f3 a Espa\u00f1a el mes pasado tras solicitar asilo pol\u00edtico en la embajada de ese pa\u00eds. El Ministerio P\u00fablico de Venezuela lo investiga, entre otros delitos, por la publicaci\u00f3n de las actas electorales reunidas por la oposici\u00f3n.<\/p>\n<p>&nbsp;<\/p>\n<p>Las actas, presentadas por el Centro Carter ante la Organizaci\u00f3n de Estados Americanos, probar\u00edan que Gonz\u00e1lez gan\u00f3 las presidenciales venezolanas con el 67 % de los votos.<\/p>\n<p>&nbsp;<\/p>\n<p>M\u00e1s de dos meses despu\u00e9s de la elecci\u00f3n, la autoridad electoral que promulg\u00f3 la victoria de Maduro sigue sin divulgar los resultados desglosados, algo que ha sido cuestionado por decenas de pa\u00edses que no reconocen la victoria del mandatario.<\/p>\n<p>&nbsp;<\/p>\n<p>Experiencias terribles<\/p>\n<p>En su intervenci\u00f3n ante el Foro La Toja, Gonz\u00e1lez destac\u00f3 las \u201cexperiencias terribles\u201d que enfrentan sus compatriotas en Venezuela, producto del \u201cmiedo, del chantaje, la amenaza y la intimidaci\u00f3n, que conduce a la sociedad a mantener un forzado silencio y a mantener una actitud, solo en apariencia, indiferente ante lo que est\u00e1 ocurriendo\u201d.<\/p>\n<p>&nbsp;<\/p>\n<p>El excandidato presidencial, adem\u00e1s, mencion\u00f3 las dificultades que enfrentan los venezolanos para mantenerse informados ante la censura implementada en el pa\u00eds y reiter\u00f3 que espera recuperar la institucionalidad en Venezuela.<\/p>\n<p>&nbsp;<\/p>\n<p>Tambi\u00e9n manifest\u00f3 su deseo de que los miles de venezolanos que se han visto obligados a migrar \u201cencuentren en su propio pa\u00eds las condiciones necesarias para volver y construir un futuro\u201d.<\/p>\n<p>\u201cEsto solo es posible en democracia. Las inversiones florecen donde las instituciones son s\u00f3lidas, donde la ley prevalece, donde los derechos son respetados y donde los gobernantes son transparentes y responsables ante sus ciudadanos\u201d, dijo.<\/p>\n<p>&nbsp;<\/p>\n<p>A inicios del mes pasado, el Parlamento Europeo aprob\u00f3 una resoluci\u00f3n que reconoce a Gonz\u00e1lez Urrutia como presidente leg\u00edtimo y democr\u00e1ticamente elegido de Venezuela e inst\u00f3 a la Uni\u00f3n Europea a reconocerlo.<\/p>\n<p>&nbsp;<\/p>\n<p>El Alto Comisionado de Asuntos Exteriores de la UE, Josep Borrell, asegur\u00f3 este jueves que las actas originales de las elecciones presidenciales que conserv\u00f3 la oposici\u00f3n venezolana y que fueron mostradas por el Centro Carter en la Organizaci\u00f3n de Estados Americanos, reafirman la posici\u00f3n del bloque de no considerar a Maduro como mandatario electo.<\/p>\n<p><strong>Fecha de publicaci\u00f3n 6 de octubre de 2024\/<\/strong>&nbsp; <strong>VOA<\/strong><\/p>\n","protected":false},"excerpt":{"rendered":"<p>MADRID, ESPA\u00d1A. \u0336 \u0336&nbsp; El excandidato opositor Edmundo Gonz\u00e1lez Urrutia afirm\u00f3 este viernes que su&#8230;<\/p>\n","protected":false},"author":1,"featured_media":198905,"comment_status":"open","ping_status":"open","sticky":false,"template":"","format":"standard","meta":{"_monsterinsights_skip_tracking":false,"_monsterinsights_sitenote_active":false,"_monsterinsights_sitenote_note":"","_monsterinsights_sitenote_category":0,"footnotes":""},"categories":[3],"tags":[10240],"class_list":["post"],"yoast_head":" \n<title>Sonora en Equipo. Edmundo Gonz\u00e1lez dice regresar\u00e1 a Venezuela \u201cpara asumir como presidente&quot; MUNDO<\/title>\n<meta name=\"description\" content=\"MADRID, ESPA\u00d1A. \u0336 \u0336&nbsp; El excandidato opositor Edmundo Gonz\u00e1lez Urrutia afirm\u00f3 este viernes que su salida de Venezuela es \u201cs\u00f3lo temporal\u201d y afirm\u00f3 que En Sonora en Equipo publicamos toda la informaci\u00f3n de Sonora, M\u00e9xico y el Mundo de manera oportuna y busca que la libertad de expresi\u00f3n sea real. Visita nuestro medio informativo publicado desde Hermosillo, Sonora. %\" \/>\n<meta name=\"robots\" content=\"index, follow, max-snippet:-1, max-image-preview:large, max-video-preview:-1\" \/>\n<link rel=\"canonical\" href=\"https:\/\/www.sonoraenequipo.com.mx\/edmundo-gonzalez-dice-regresara-a-venezuela-para-asumir-como-presidente\/\" \/>\n<meta property=\"og:locale\" content=\"es_ES\" \/>\n<meta property=\"og:type\" content=\"article\" \/>\n<meta property=\"og:title\" content=\"Sonora en Equipo. Edmundo Gonz\u00e1lez dice regresar\u00e1 a Venezuela \u201cpara asumir como presidente&quot; MUNDO\" \/>\n<meta property=\"og:description\" content=\"MADRID, ESPA\u00d1A. \u0336 \u0336&nbsp; El excandidato opositor Edmundo Gonz\u00e1lez Urrutia afirm\u00f3 este viernes que su salida de Venezuela es \u201cs\u00f3lo temporal\u201d y afirm\u00f3 que En Sonora en Equipo publicamos toda la informaci\u00f3n de Sonora, M\u00e9xico y el Mundo de manera oportuna y busca que la libertad de expresi\u00f3n sea real. Visita nuestro medio informativo publicado desde Hermosillo, Sonora. %\" \/>\n<meta property=\"og:url\" content=\"https:\/\/www.sonoraenequipo.com.mx\/edmundo-gonzalez-dice-regresara-a-venezuela-para-asumir-como-presidente\/\" \/>\n<meta property=\"og:site_name\" content=\"Sonora en Equipo.\" \/>\n<meta property=\"article:publisher\" content=\"https:\/\/www.facebook.com\/SonoraEE\/\" \/>\n<meta property=\"article:author\" content=\"https:\/\/www.facebook.com\/SonoraEE\" \/>\n<meta property=\"article:published_time\" content=\"2024-10-06T21:45:21+00:00\" \/>\n<meta property=\"article:modified_time\" content=\"2024-10-06T21:56:37+00:00\" \/>\n<meta property=\"og:image\" content=\"https:\/\/www.sonoraenequipo.com.mx\/storage\/2024\/09\/edmundo-gonzalez.jpg\" \/>\n\t<meta property=\"og:image:width\" content=\"600\" \/>\n\t<meta property=\"og:image:height\" content=\"400\" \/>\n\t<meta property=\"og:image:type\" content=\"image\/jpeg\" \/>\n<meta name=\"author\" content=\"enequipo\" \/>\n<meta name=\"twitter:card\" content=\"summary_large_image\" \/>\n<meta name=\"twitter:creator\" content=\"@sonoraenequipo\" \/>\n<meta name=\"twitter:site\" content=\"@sonoraenequipo\" \/>\n<meta name=\"twitter:label1\" content=\"Escrito por\" \/>\n\t<meta name=\"twitter:data1\" content=\"enequipo\" \/>\n\t<meta name=\"twitter:label2\" content=\"Tiempo de lectura\" \/>\n\t<meta name=\"twitter:data2\" content=\"4 minutos\" \/>\n<script type=\"application\/ld+json\" class=\"yoast-schema-graph\">{\"@context\":\"https:\/\/schema.org\",\"@graph\":[{\"@type\":\"Article\",\"@id\":\"https:\/\/www.sonoraenequipo.com.mx\/edmundo-gonzalez-dice-regresara-a-venezuela-para-asumir-como-presidente\/#article\",\"isPartOf\":{\"@id\":\"https:\/\/www.sonoraenequipo.com.mx\/edmundo-gonzalez-dice-regresara-a-venezuela-para-asumir-como-presidente\/\"},\"author\":{\"name\":\"enequipo\",\"@id\":\"https:\/\/www.sonoraenequipo.com.mx\/#\/schema\/person\/50102df0fb23a8fa9e8effad8fa81386\"},\"headline\":\"Edmundo Gonz\u00e1lez dice regresar\u00e1 a Venezuela \u201cpara asumir como presidente\u00bb\",\"datePublished\":\"2024-10-06T21:45:21+00:00\",\"dateModified\":\"2024-10-06T21:56:37+00:00\",\"mainEntityOfPage\":{\"@id\":\"https:\/\/www.sonoraenequipo.com.mx\/edmundo-gonzalez-dice-regresara-a-venezuela-para-asumir-como-presidente\/\"},\"wordCount\":725,\"commentCount\":0,\"publisher\":{\"@id\":\"https:\/\/www.sonoraenequipo.com.mx\/#organization\"},\"image\":{\"@id\":\"https:\/\/www.sonoraenequipo.com.mx\/edmundo-gonzalez-dice-regresara-a-venezuela-para-asumir-como-presidente\/#primaryimage\"},\"thumbnailUrl\":\"https:\/\/www.sonoraenequipo.com.mx\/storage\/2024\/09\/edmundo-gonzalez.jpg\",\"keywords\":[\"edmundo gonzalez\"],\"articleSection\":[\"MUNDO\"],\"inLanguage\":\"es\",\"potentialAction\":[{\"@type\":\"CommentAction\",\"name\":\"Comment\",\"target\":[\"https:\/\/www.sonoraenequipo.com.mx\/edmundo-gonzalez-dice-regresara-a-venezuela-para-asumir-como-presidente\/#respond\"]}]},{\"@type\":\"WebPage\",\"@id\":\"https:\/\/www.sonoraenequipo.com.mx\/edmundo-gonzalez-dice-regresara-a-venezuela-para-asumir-como-presidente\/\",\"url\":\"https:\/\/www.sonoraenequipo.com.mx\/edmundo-gonzalez-dice-regresara-a-venezuela-para-asumir-como-presidente\/\",\"name\":\"Sonora en Equipo. Edmundo Gonz\u00e1lez dice regresar\u00e1 a Venezuela \u201cpara asumir como presidente\\\" MUNDO\",\"isPartOf\":{\"@id\":\"https:\/\/www.sonoraenequipo.com.mx\/#website\"},\"primaryImageOfPage\":{\"@id\":\"https:\/\/www.sonoraenequipo.com.mx\/edmundo-gonzalez-dice-regresara-a-venezuela-para-asumir-como-presidente\/#primaryimage\"},\"image\":{\"@id\":\"https:\/\/www.sonoraenequipo.com.mx\/edmundo-gonzalez-dice-regresara-a-venezuela-para-asumir-como-presidente\/#primaryimage\"},\"thumbnailUrl\":\"https:\/\/www.sonoraenequipo.com.mx\/storage\/2024\/09\/edmundo-gonzalez.jpg\",\"datePublished\":\"2024-10-06T21:45:21+00:00\",\"dateModified\":\"2024-10-06T21:56:37+00:00\",\"description\":\"MADRID, ESPA\u00d1A. \u0336 \u0336&nbsp; El excandidato opositor Edmundo Gonz\u00e1lez Urrutia afirm\u00f3 este viernes que su salida de Venezuela es \u201cs\u00f3lo temporal\u201d y afirm\u00f3 que En Sonora en Equipo publicamos toda la informaci\u00f3n de Sonora, M\u00e9xico y el Mundo de manera oportuna y busca que la libertad de expresi\u00f3n sea real. Visita nuestro medio informativo publicado desde Hermosillo, Sonora. %\",\"breadcrumb\":{\"@id\":\"https:\/\/www.sonoraenequipo.com.mx\/edmundo-gonzalez-dice-regresara-a-venezuela-para-asumir-como-presidente\/#breadcrumb\"},\"inLanguage\":\"es\",\"potentialAction\":[{\"@type\":\"ReadAction\",\"target\":[\"https:\/\/www.sonoraenequipo.com.mx\/edmundo-gonzalez-dice-regresara-a-venezuela-para-asumir-como-presidente\/\"]}]},{\"@type\":\"ImageObject\",\"inLanguage\":\"es\",\"@id\":\"https:\/\/www.sonoraenequipo.com.mx\/edmundo-gonzalez-dice-regresara-a-venezuela-para-asumir-como-presidente\/#primaryimage\",\"url\":\"https:\/\/www.sonoraenequipo.com.mx\/storage\/2024\/09\/edmundo-gonzalez.jpg\",\"contentUrl\":\"https:\/\/www.sonoraenequipo.com.mx\/storage\/2024\/09\/edmundo-gonzalez.jpg\",\"width\":600,\"height\":400,\"caption\":\"El pol\u00edtico opositor venezolano Antonio Ledezma (C) celebra con su esposa Mitzy Capriles despu\u00e9s de que los diputados espa\u00f1oles votaron a favor del reconocimiento por parte del Estado espa\u00f1ol de Edmundo Gonz\u00e1lez Urrutia como ganador de las elecciones venezolanas. Foto: AFP\"},{\"@type\":\"BreadcrumbList\",\"@id\":\"https:\/\/www.sonoraenequipo.com.mx\/edmundo-gonzalez-dice-regresara-a-venezuela-para-asumir-como-presidente\/#breadcrumb\",\"itemListElement\":[{\"@type\":\"ListItem\",\"position\":1,\"name\":\"Portada\",\"item\":\"https:\/\/www.sonoraenequipo.com.mx\/\"},{\"@type\":\"ListItem\",\"position\":2,\"name\":\"Edmundo Gonz\u00e1lez dice regresar\u00e1 a Venezuela \u201cpara asumir como presidente\u00bb\"}]},{\"@type\":\"WebSite\",\"@id\":\"https:\/\/www.sonoraenequipo.com.mx\/#website\",\"url\":\"https:\/\/www.sonoraenequipo.com.mx\/\",\"name\":\"Sonora en Equipo.\",\"description\":\"Diario en l\u00ednea con Noticias desde Hermosillo, Sonora\",\"publisher\":{\"@id\":\"https:\/\/www.sonoraenequipo.com.mx\/#organization\"},\"potentialAction\":[{\"@type\":\"SearchAction\",\"target\":{\"@type\":\"EntryPoint\",\"urlTemplate\":\"https:\/\/www.sonoraenequipo.com.mx\/?s={search_term_string}\"},\"query-input\":{\"@type\":\"PropertyValueSpecification\",\"valueRequired\":true,\"valueName\":\"search_term_string\"}}],\"inLanguage\":\"es\"},{\"@type\":\"Organization\",\"@id\":\"https:\/\/www.sonoraenequipo.com.mx\/#organization\",\"name\":\"Sonoraenequipo.com.mx\",\"url\":\"https:\/\/www.sonoraenequipo.com.mx\/\",\"logo\":{\"@type\":\"ImageObject\",\"inLanguage\":\"es\",\"@id\":\"https:\/\/www.sonoraenequipo.com.mx\/#\/schema\/logo\/image\/\",\"url\":\"https:\/\/www.sonoraenequipo.com.mx\/storage\/2019\/01\/sonoraenequipo_opt.png\",\"contentUrl\":\"https:\/\/www.sonoraenequipo.com.mx\/storage\/2019\/01\/sonoraenequipo_opt.png\",\"width\":375,\"height\":125,\"caption\":\"Sonoraenequipo.com.mx\"},\"image\":{\"@id\":\"https:\/\/www.sonoraenequipo.com.mx\/#\/schema\/logo\/image\/\"},\"sameAs\":[\"https:\/\/www.facebook.com\/SonoraEE\/\",\"https:\/\/x.com\/sonoraenequipo\",\"https:\/\/www.youtube.com\/channel\/UC338nW-lPEYmJQs4ZABQ1SQ\"]},{\"@type\":\"Person\",\"@id\":\"https:\/\/www.sonoraenequipo.com.mx\/#\/schema\/person\/50102df0fb23a8fa9e8effad8fa81386\",\"name\":\"enequipo\",\"image\":{\"@type\":\"ImageObject\",\"inLanguage\":\"es\",\"@id\":\"https:\/\/www.sonoraenequipo.com.mx\/#\/schema\/person\/image\/\",\"url\":\"https:\/\/secure.gravatar.com\/avatar\/049821681b589dabc0bc20695993ccebb09f5b5d4d790cd9251b97faac7c652b?s=96&d=blank&r=g\",\"contentUrl\":\"https:\/\/secure.gravatar.com\/avatar\/049821681b589dabc0bc20695993ccebb09f5b5d4d790cd9251b97faac7c652b?s=96&d=blank&r=g\",\"caption\":\"enequipo\"},\"sameAs\":[\"https:\/\/www.facebook.com\/SonoraEE\"]}]}<\/script>\n ","yoast_head_json":{"title":"Sonora en Equipo. Edmundo Gonz\u00e1lez dice regresar\u00e1 a Venezuela \u201cpara asumir como presidente\" MUNDO","description":"MADRID, ESPA\u00d1A. \u0336 \u0336&nbsp; El excandidato opositor Edmundo Gonz\u00e1lez Urrutia afirm\u00f3 este viernes que su salida de Venezuela es \u201cs\u00f3lo temporal\u201d y afirm\u00f3 que En Sonora en Equipo publicamos toda la informaci\u00f3n de Sonora, M\u00e9xico y el Mundo de manera oportuna y busca que la libertad de expresi\u00f3n sea real. Visita nuestro medio informativo publicado desde Hermosillo, Sonora. %","robots":{"index":"index","follow":"follow","max-snippet":"max-snippet:-1","max-image-preview":"max-image-preview:large","max-video-preview":"max-video-preview:-1"},"canonical":"https:\/\/www.sonoraenequipo.com.mx\/edmundo-gonzalez-dice-regresara-a-venezuela-para-asumir-como-presidente\/","og_locale":"es_ES","og_type":"article","og_title":"Sonora en Equipo. Edmundo Gonz\u00e1lez dice regresar\u00e1 a Venezuela \u201cpara asumir como presidente\" MUNDO","og_description":"MADRID, ESPA\u00d1A. \u0336 \u0336&nbsp; El excandidato opositor Edmundo Gonz\u00e1lez Urrutia afirm\u00f3 este viernes que su salida de Venezuela es \u201cs\u00f3lo temporal\u201d y afirm\u00f3 que En Sonora en Equipo publicamos toda la informaci\u00f3n de Sonora, M\u00e9xico y el Mundo de manera oportuna y busca que la libertad de expresi\u00f3n sea real. Visita nuestro medio informativo publicado desde Hermosillo, Sonora. %","og_url":"https:\/\/www.sonoraenequipo.com.mx\/edmundo-gonzalez-dice-regresara-a-venezuela-para-asumir-como-presidente\/","og_site_name":"Sonora en Equipo.","article_publisher":"https:\/\/www.facebook.com\/SonoraEE\/","article_author":"https:\/\/www.facebook.com\/SonoraEE","article_published_time":"2024-10-06T21:45:21+00:00","article_modified_time":"2024-10-06T21:56:37+00:00","og_image":[{"width":600,"height":400,"url":"https:\/\/www.sonoraenequipo.com.mx\/storage\/2024\/09\/edmundo-gonzalez.jpg","type":"image\/jpeg"}],"author":"enequipo","twitter_card":"summary_large_image","twitter_creator":"@sonoraenequipo","twitter_site":"@sonoraenequipo","twitter_misc":{"Escrito por":"enequipo","Tiempo de lectura":"4 minutos"},"schema":{"@context":"https:\/\/schema.org","@graph":[{"@type":"Article","@id":"https:\/\/www.sonoraenequipo.com.mx\/edmundo-gonzalez-dice-regresara-a-venezuela-para-asumir-como-presidente\/#article","isPartOf":{"@id":"https:\/\/www.sonoraenequipo.com.mx\/edmundo-gonzalez-dice-regresara-a-venezuela-para-asumir-como-presidente\/"},"author":{"name":"enequipo","@id":"https:\/\/www.sonoraenequipo.com.mx\/#\/schema\/person\/50102df0fb23a8fa9e8effad8fa81386"},"headline":"Edmundo Gonz\u00e1lez dice regresar\u00e1 a Venezuela \u201cpara asumir como presidente\u00bb","datePublished":"2024-10-06T21:45:21+00:00","dateModified":"2024-10-06T21:56:37+00:00","mainEntityOfPage":{"@id":"https:\/\/www.sonoraenequipo.com.mx\/edmundo-gonzalez-dice-regresara-a-venezuela-para-asumir-como-presidente\/"},"wordCount":725,"commentCount":0,"publisher":{"@id":"https:\/\/www.sonoraenequipo.com.mx\/#organization"},"image":{"@id":"https:\/\/www.sonoraenequipo.com.mx\/edmundo-gonzalez-dice-regresara-a-venezuela-para-asumir-como-presidente\/#primaryimage"},"thumbnailUrl":"https:\/\/www.sonoraenequipo.com.mx\/storage\/2024\/09\/edmundo-gonzalez.jpg","keywords":["edmundo gonzalez"],"articleSection":["MUNDO"],"inLanguage":"es","potentialAction":[{"@type":"CommentAction","name":"Comment","target":["https:\/\/www.sonoraenequipo.com.mx\/edmundo-gonzalez-dice-regresara-a-venezuela-para-asumir-como-presidente\/#respond"]}]},{"@type":"WebPage","@id":"https:\/\/www.sonoraenequipo.com.mx\/edmundo-gonzalez-dice-regresara-a-venezuela-para-asumir-como-presidente\/","url":"https:\/\/www.sonoraenequipo.com.mx\/edmundo-gonzalez-dice-regresara-a-venezuela-para-asumir-como-presidente\/","name":"Sonora en Equipo. Edmundo Gonz\u00e1lez dice regresar\u00e1 a Venezuela \u201cpara asumir como presidente\" MUNDO","isPartOf":{"@id":"https:\/\/www.sonoraenequipo.com.mx\/#website"},"primaryImageOfPage":{"@id":"https:\/\/www.sonoraenequipo.com.mx\/edmundo-gonzalez-dice-regresara-a-venezuela-para-asumir-como-presidente\/#primaryimage"},"image":{"@id":"https:\/\/www.sonoraenequipo.com.mx\/edmundo-gonzalez-dice-regresara-a-venezuela-para-asumir-como-presidente\/#primaryimage"},"thumbnailUrl":"https:\/\/www.sonoraenequipo.com.mx\/storage\/2024\/09\/edmundo-gonzalez.jpg","datePublished":"2024-10-06T21:45:21+00:00","dateModified":"2024-10-06T21:56:37+00:00","description":"MADRID, ESPA\u00d1A. \u0336 \u0336&nbsp; El excandidato opositor Edmundo Gonz\u00e1lez Urrutia afirm\u00f3 este viernes que su salida de Venezuela es \u201cs\u00f3lo temporal\u201d y afirm\u00f3 que En Sonora en Equipo publicamos toda la informaci\u00f3n de Sonora, M\u00e9xico y el Mundo de manera oportuna y busca que la libertad de expresi\u00f3n sea real. Visita nuestro medio informativo publicado desde Hermosillo, Sonora. %","breadcrumb":{"@id":"https:\/\/www.sonoraenequipo.com.mx\/edmundo-gonzalez-dice-regresara-a-venezuela-para-asumir-como-presidente\/#breadcrumb"},"inLanguage":"es","potentialAction":[{"@type":"ReadAction","target":["https:\/\/www.sonoraenequipo.com.mx\/edmundo-gonzalez-dice-regresara-a-venezuela-para-asumir-como-presidente\/"]}]},{"@type":"ImageObject","inLanguage":"es","@id":"https:\/\/www.sonoraenequipo.com.mx\/edmundo-gonzalez-dice-regresara-a-venezuela-para-asumir-como-presidente\/#primaryimage","url":"https:\/\/www.sonoraenequipo.com.mx\/storage\/2024\/09\/edmundo-gonzalez.jpg","contentUrl":"https:\/\/www.sonoraenequipo.com.mx\/storage\/2024\/09\/edmundo-gonzalez.jpg","width":600,"height":400,"caption":"El pol\u00edtico opositor venezolano Antonio Ledezma (C) celebra con su esposa Mitzy Capriles despu\u00e9s de que los diputados espa\u00f1oles votaron a favor del reconocimiento por parte del Estado espa\u00f1ol de Edmundo Gonz\u00e1lez Urrutia como ganador de las elecciones venezolanas. Foto: AFP"},{"@type":"BreadcrumbList","@id":"https:\/\/www.sonoraenequipo.com.mx\/edmundo-gonzalez-dice-regresara-a-venezuela-para-asumir-como-presidente\/#breadcrumb","itemListElement":[{"@type":"ListItem","position":1,"name":"Portada","item":"https:\/\/www.sonoraenequipo.com.mx\/"},{"@type":"ListItem","position":2,"name":"Edmundo Gonz\u00e1lez dice regresar\u00e1 a Venezuela \u201cpara asumir como presidente\u00bb"}]},{"@type":"WebSite","@id":"https:\/\/www.sonoraenequipo.com.mx\/#website","url":"https:\/\/www.sonoraenequipo.com.mx\/","name":"Sonora en Equipo.","description":"Diario en l\u00ednea con Noticias desde Hermosillo, Sonora","publisher":{"@id":"https:\/\/www.sonoraenequipo.com.mx\/#organization"},"potentialAction":[{"@type":"SearchAction","target":{"@type":"EntryPoint","urlTemplate":"https:\/\/www.sonoraenequipo.com.mx\/?s={search_term_string}"},"query-input":{"@type":"PropertyValueSpecification","valueRequired":true,"valueName":"search_term_string"}}],"inLanguage":"es"},{"@type":"Organization","@id":"https:\/\/www.sonoraenequipo.com.mx\/#organization","name":"Sonoraenequipo.com.mx","url":"https:\/\/www.sonoraenequipo.com.mx\/","logo":{"@type":"ImageObject","inLanguage":"es","@id":"https:\/\/www.sonoraenequipo.com.mx\/#\/schema\/logo\/image\/","url":"https:\/\/www.sonoraenequipo.com.mx\/storage\/2019\/01\/sonoraenequipo_opt.png","contentUrl":"https:\/\/www.sonoraenequipo.com.mx\/storage\/2019\/01\/sonoraenequipo_opt.png","width":375,"height":125,"caption":"Sonoraenequipo.com.mx"},"image":{"@id":"https:\/\/www.sonoraenequipo.com.mx\/#\/schema\/logo\/image\/"},"sameAs":["https:\/\/www.facebook.com\/SonoraEE\/","https:\/\/x.com\/sonoraenequipo","https:\/\/www.youtube.com\/channel\/UC338nW-lPEYmJQs4ZABQ1SQ"]},{"@type":"Person","@id":"https:\/\/www.sonoraenequipo.com.mx\/#\/schema\/person\/50102df0fb23a8fa9e8effad8fa81386","name":"enequipo","image":{"@type":"ImageObject","inLanguage":"es","@id":"https:\/\/www.sonoraenequipo.com.mx\/#\/schema\/person\/image\/","url":"https:\/\/secure.gravatar.com\/avatar\/049821681b589dabc0bc20695993ccebb09f5b5d4d790cd9251b97faac7c652b?s=96&d=blank&r=g","contentUrl":"https:\/\/secure.gravatar.com\/avatar\/049821681b589dabc0bc20695993ccebb09f5b5d4d790cd9251b97faac7c652b?s=96&d=blank&r=g","caption":"enequipo"},"sameAs":["https:\/\/www.facebook.com\/SonoraEE"]}]}},"jetpack_featured_media_url":"https:\/\/www.sonoraenequipo.com.mx\/storage\/2024\/09\/edmundo-gonzalez.jpg","_links":{"self":[{"href":"https:\/\/www.sonoraenequipo.com.mx\/api\/wp\/v2\/posts\/200729","targetHints":{"allow":["GET"]}}],"collection":[{"href":"https:\/\/www.sonoraenequipo.com.mx\/api\/wp\/v2\/posts"}],"about":[{"href":"https:\/\/www.sonoraenequipo.com.mx\/api\/wp\/v2\/types\/post"}],"author":[{"embeddable":true,"href":"https:\/\/www.sonoraenequipo.com.mx\/api\/wp\/v2\/users\/1"}],"replies":[{"embeddable":true,"href":"https:\/\/www.sonoraenequipo.com.mx\/api\/wp\/v2\/comments?post=200729"}],"version-history":[{"count":2,"href":"https:\/\/www.sonoraenequipo.com.mx\/api\/wp\/v2\/posts\/200729\/revisions"}],"predecessor-version":[{"id":200731,"href":"https:\/\/www.sonoraenequipo.com.mx\/api\/wp\/v2\/posts\/200729\/revisions\/200731"}],"wp:featuredmedia":[{"embeddable":true,"href":"https:\/\/www.sonoraenequipo.com.mx\/api\/wp\/v2\/media\/198905"}],"wp:attachment":[{"href":"https:\/\/www.sonoraenequipo.com.mx\/api\/wp\/v2\/media?parent=200729"}],"wp:term":[{"taxonomy":"category","embeddable":true,"href":"https:\/\/www.sonoraenequipo.com.mx\/api\/wp\/v2\/categories?post=200729"},{"taxonomy":"post_tag","embeddable":true,"href":"https:\/\/www.sonoraenequipo.com.mx\/api\/wp\/v2\/tags?post=200729"}],"curies":[{"name":"wp","href":"https:\/\/api.w.org\/{rel}","templated":true}]}}