{"id":200736,"date":"2024-10-06T15:18:27","date_gmt":"2024-10-06T22:18:27","guid":{"rendered":"https:\/\/www.sonoraenequipo.com.mx\/?p=200736"},"modified":"2024-10-06T15:19:33","modified_gmt":"2024-10-06T22:19:33","slug":"se-suman-tono-astiazaran-y-patty-ruibal-a-corre-conmigo-2024","status":"publish","type":"post","link":"https:\/\/www.sonoraenequipo.com.mx\/se-suman-tono-astiazaran-y-patty-ruibal-a-corre-conmigo-2024\/","title":{"rendered":"Se suman To\u00f1o Astiazar\u00e1n y Patty Ruibal a Corre Conmigo 2024"},"content":{"rendered":"<p><strong>HERMOSILLO, SONORA, MX.<\/strong> \u2014El presidente municipal Antonio Astiazar\u00e1n y su esposa Patricia Ruibal, presidenta de DIF Hermosillo, participaron en la onceava carrera \u00abCorre Conmigo\u00bb que inici\u00f3 en el Parque La Ruina y promovi\u00f3 la inclusi\u00f3n a favor de personas con discapacidad.<\/p>\n<p><img loading=\"lazy\" decoding=\"async\" class=\"x-left\" src=\"https:\/\/attachment.outlook.live.net\/owa\/MSA%3Amarkazazli%40hotmail.com\/service.svc\/s\/GetAttachmentThumbnail?id=AQMkADAwATZiZmYAZC04NzZhLTE1MTYtMDACLTAwCgBGAAADmdlmBEGYVUmVkMOA5nWbhAcAwZUFOIy660ik0CAq%2BX5AVwAAAgEMAAAAwZUFOIy660ik0CAq%2BX5AVwAHqMuvgAAAAAESABAAaitFBkNMTkC5Ofu78FK0kQ%3D%3D&amp;thumbnailType=2&amp;isc=1&amp;token=eyJhbGciOiJSUzI1NiIsImtpZCI6IkU1RDJGMEY4REE5M0I2NzA5QzQzQTlFOEE2MTQzQzAzRDYyRjlBODAiLCJ0eXAiOiJKV1QiLCJ4NXQiOiI1ZEx3LU5xVHRuQ2NRNm5vcGhROEE5WXZtb0EifQ.eyJvcmlnaW4iOiJodHRwczovL291dGxvb2subGl2ZS5jb20iLCJ1YyI6ImI3YWM3NWQ2MDEwMDQ5MDE4YTlhOTA0ZjQzNzdjZDdmIiwidmVyIjoiRXhjaGFuZ2UuQ2FsbGJhY2suVjEiLCJhcHBjdHhzZW5kZXIiOiJPd2FEb3dubG9hZEA4NGRmOWU3Zi1lOWY2LTQwYWYtYjQzNS1hYWFhYWFhYWFhYWEiLCJpc3NyaW5nIjoiV1ciLCJhcHBjdHgiOiJ7XCJtc2V4Y2hwcm90XCI6XCJvd2FcIixcInB1aWRcIjpcIjE4OTk5NDU0Nzk3NzE0MTRcIixcInNjb3BlXCI6XCJPd2FEb3dubG9hZFwiLFwib2lkXCI6XCIwMDA2YmZmZC04NzZhLTE1MTYtMDAwMC0wMDAwMDAwMDAwMDBcIixcInByaW1hcnlzaWRcIjpcIlMtMS0yODI3LTQ0MjM2NS0yMjcxODc2Mzc0XCJ9IiwibmJmIjoxNzI4MjUyODg3LCJleHAiOjE3MjgyNTMxODcsImlzcyI6IjAwMDAwMDAyLTAwMDAtMGZmMS1jZTAwLTAwMDAwMDAwMDAwMEA4NGRmOWU3Zi1lOWY2LTQwYWYtYjQzNS1hYWFhYWFhYWFhYWEiLCJhdWQiOiIwMDAwMDAwMi0wMDAwLTBmZjEtY2UwMC0wMDAwMDAwMDAwMDAvYXR0YWNobWVudC5vdXRsb29rLmxpdmUubmV0QDg0ZGY5ZTdmLWU5ZjYtNDBhZi1iNDM1LWFhYWFhYWFhYWFhYSIsImhhcHAiOiJvd2EifQ.m-g34xToC4dXvLZuG-C_TGCM94LpzQ5bWqhpLPYpcITv4rXEXIKuGJLZz9YoH2AQmVOLsCDp3EnN6Ye21Q-al_TKUHy75BHBA4m0wBtgIDzuGIReB0PzcGfymLjzHl4U9ozMffLHUG8zA4tj-HrQTf5m8uoZyQKKNFUIjhKxVdbDgTsjfIH_FBNE_R_deDthfCh9ZT_o_u_TGRVdKzLxMrVDWQVNzbjd4Yz-YGiNivMvpAoAhR7ptFcOSvvk2-KWUL3rM3BQ6sYwzk0Sof_mfsOQNyMuNaYQS8p5uqKOj6Cgebl1qMjSLjTs4NcGTnpkqetnmMUWDmzR4-E9ff494w&amp;X-OWA-CANARY=bdvoV_hp3ywAAAAAAAAAANB_SIpU5twYTCrCtltSbZuGFLzh82WCetdZ2Dz0_LefLhcyvovHSo8.&amp;owa=outlook.live.com&amp;scriptVer=20240927008.14&amp;clientId=BBE38B5B4C6A4557980052E8BCADF5AA&amp;animation=true\" alt=\"\" width=\"284\" height=\"321\"><\/p>\n<p>&nbsp;<\/p>\n<p>La participaci\u00f3n del Gobierno Municipal en esta carrera que organiza la Fundaci\u00f3n Corre Conmigo, simboliza el compromiso de la administraci\u00f3n encabezada por To\u00f1o Astiazar\u00e1n con las personas con discapacidad, para que puedan crecer en un entorno que no los deje al margen.<\/p>\n","protected":false},"excerpt":{"rendered":"<p>HERMOSILLO, SONORA, MX. \u2014El presidente municipal Antonio Astiazar\u00e1n y su esposa Patricia Ruibal, presidenta de&#8230;<\/p>\n","protected":false},"author":1,"featured_media":200737,"comment_status":"open","ping_status":"open","sticky":false,"template":"","format":"standard","meta":{"_monsterinsights_skip_tracking":false,"_monsterinsights_sitenote_active":false,"_monsterinsights_sitenote_note":"","_monsterinsights_sitenote_category":0,"footnotes":""},"categories":[4],"tags":[10339,10338],"class_list":["post"],"yoast_head":" \n<title>Sonora en Equipo. Se suman To\u00f1o Astiazar\u00e1n y Patty Ruibal a Corre Conmigo 2024 Municipios<\/title>\n<meta name=\"description\" content=\"HERMOSILLO, SONORA, MX. \u2014El presidente municipal Antonio Astiazar\u00e1n y su esposa Patricia Ruibal, presidenta de DIF Hermosillo, participaron en la onceava En Sonora en Equipo publicamos toda la informaci\u00f3n de Sonora, M\u00e9xico y el Mundo de manera oportuna y busca que la libertad de expresi\u00f3n sea real. Visita nuestro medio informativo publicado desde Hermosillo, Sonora. %\" \/>\n<meta name=\"robots\" content=\"index, follow, max-snippet:-1, max-image-preview:large, max-video-preview:-1\" \/>\n<link rel=\"canonical\" href=\"https:\/\/www.sonoraenequipo.com.mx\/se-suman-tono-astiazaran-y-patty-ruibal-a-corre-conmigo-2024\/\" \/>\n<meta property=\"og:locale\" content=\"es_ES\" \/>\n<meta property=\"og:type\" content=\"article\" \/>\n<meta property=\"og:title\" content=\"Sonora en Equipo. Se suman To\u00f1o Astiazar\u00e1n y Patty Ruibal a Corre Conmigo 2024 Municipios\" \/>\n<meta property=\"og:description\" content=\"HERMOSILLO, SONORA, MX. \u2014El presidente municipal Antonio Astiazar\u00e1n y su esposa Patricia Ruibal, presidenta de DIF Hermosillo, participaron en la onceava En Sonora en Equipo publicamos toda la informaci\u00f3n de Sonora, M\u00e9xico y el Mundo de manera oportuna y busca que la libertad de expresi\u00f3n sea real. Visita nuestro medio informativo publicado desde Hermosillo, Sonora. %\" \/>\n<meta property=\"og:url\" content=\"https:\/\/www.sonoraenequipo.com.mx\/se-suman-tono-astiazaran-y-patty-ruibal-a-corre-conmigo-2024\/\" \/>\n<meta property=\"og:site_name\" content=\"Sonora en Equipo.\" \/>\n<meta property=\"article:publisher\" content=\"https:\/\/www.facebook.com\/SonoraEE\/\" \/>\n<meta property=\"article:author\" content=\"https:\/\/www.facebook.com\/SonoraEE\" \/>\n<meta property=\"article:published_time\" content=\"2024-10-06T22:18:27+00:00\" \/>\n<meta property=\"article:modified_time\" content=\"2024-10-06T22:19:33+00:00\" \/>\n<meta property=\"og:image\" content=\"https:\/\/www.sonoraenequipo.com.mx\/storage\/2024\/10\/corre-conmigo-tono.jpg\" \/>\n\t<meta property=\"og:image:width\" content=\"600\" \/>\n\t<meta property=\"og:image:height\" content=\"477\" \/>\n\t<meta property=\"og:image:type\" content=\"image\/jpeg\" \/>\n<meta name=\"author\" content=\"enequipo\" \/>\n<meta name=\"twitter:card\" content=\"summary_large_image\" \/>\n<meta name=\"twitter:creator\" content=\"@sonoraenequipo\" \/>\n<meta name=\"twitter:site\" content=\"@sonoraenequipo\" \/>\n<meta name=\"twitter:label1\" content=\"Escrito por\" \/>\n\t<meta name=\"twitter:data1\" content=\"enequipo\" \/>\n<script type=\"application\/ld+json\" class=\"yoast-schema-graph\">{\"@context\":\"https:\/\/schema.org\",\"@graph\":[{\"@type\":\"Article\",\"@id\":\"https:\/\/www.sonoraenequipo.com.mx\/se-suman-tono-astiazaran-y-patty-ruibal-a-corre-conmigo-2024\/#article\",\"isPartOf\":{\"@id\":\"https:\/\/www.sonoraenequipo.com.mx\/se-suman-tono-astiazaran-y-patty-ruibal-a-corre-conmigo-2024\/\"},\"author\":{\"name\":\"enequipo\",\"@id\":\"https:\/\/www.sonoraenequipo.com.mx\/#\/schema\/person\/50102df0fb23a8fa9e8effad8fa81386\"},\"headline\":\"Se suman To\u00f1o Astiazar\u00e1n y Patty Ruibal a Corre Conmigo 2024\",\"datePublished\":\"2024-10-06T22:18:27+00:00\",\"dateModified\":\"2024-10-06T22:19:33+00:00\",\"mainEntityOfPage\":{\"@id\":\"https:\/\/www.sonoraenequipo.com.mx\/se-suman-tono-astiazaran-y-patty-ruibal-a-corre-conmigo-2024\/\"},\"wordCount\":103,\"commentCount\":0,\"publisher\":{\"@id\":\"https:\/\/www.sonoraenequipo.com.mx\/#organization\"},\"image\":{\"@id\":\"https:\/\/www.sonoraenequipo.com.mx\/se-suman-tono-astiazaran-y-patty-ruibal-a-corre-conmigo-2024\/#primaryimage\"},\"thumbnailUrl\":\"https:\/\/www.sonoraenequipo.com.mx\/storage\/2024\/10\/corre-conmigo-tono.jpg\",\"keywords\":[\"conmigo\",\"to\u00f1o.corre\"],\"articleSection\":[\"Municipios\"],\"inLanguage\":\"es\",\"potentialAction\":[{\"@type\":\"CommentAction\",\"name\":\"Comment\",\"target\":[\"https:\/\/www.sonoraenequipo.com.mx\/se-suman-tono-astiazaran-y-patty-ruibal-a-corre-conmigo-2024\/#respond\"]}]},{\"@type\":\"WebPage\",\"@id\":\"https:\/\/www.sonoraenequipo.com.mx\/se-suman-tono-astiazaran-y-patty-ruibal-a-corre-conmigo-2024\/\",\"url\":\"https:\/\/www.sonoraenequipo.com.mx\/se-suman-tono-astiazaran-y-patty-ruibal-a-corre-conmigo-2024\/\",\"name\":\"Sonora en Equipo. Se suman To\u00f1o Astiazar\u00e1n y Patty Ruibal a Corre Conmigo 2024 Municipios\",\"isPartOf\":{\"@id\":\"https:\/\/www.sonoraenequipo.com.mx\/#website\"},\"primaryImageOfPage\":{\"@id\":\"https:\/\/www.sonoraenequipo.com.mx\/se-suman-tono-astiazaran-y-patty-ruibal-a-corre-conmigo-2024\/#primaryimage\"},\"image\":{\"@id\":\"https:\/\/www.sonoraenequipo.com.mx\/se-suman-tono-astiazaran-y-patty-ruibal-a-corre-conmigo-2024\/#primaryimage\"},\"thumbnailUrl\":\"https:\/\/www.sonoraenequipo.com.mx\/storage\/2024\/10\/corre-conmigo-tono.jpg\",\"datePublished\":\"2024-10-06T22:18:27+00:00\",\"dateModified\":\"2024-10-06T22:19:33+00:00\",\"description\":\"HERMOSILLO, SONORA, MX. \u2014El presidente municipal Antonio Astiazar\u00e1n y su esposa Patricia Ruibal, presidenta de DIF Hermosillo, participaron en la onceava En Sonora en Equipo publicamos toda la informaci\u00f3n de Sonora, M\u00e9xico y el Mundo de manera oportuna y busca que la libertad de expresi\u00f3n sea real. Visita nuestro medio informativo publicado desde Hermosillo, Sonora. %\",\"breadcrumb\":{\"@id\":\"https:\/\/www.sonoraenequipo.com.mx\/se-suman-tono-astiazaran-y-patty-ruibal-a-corre-conmigo-2024\/#breadcrumb\"},\"inLanguage\":\"es\",\"potentialAction\":[{\"@type\":\"ReadAction\",\"target\":[\"https:\/\/www.sonoraenequipo.com.mx\/se-suman-tono-astiazaran-y-patty-ruibal-a-corre-conmigo-2024\/\"]}]},{\"@type\":\"ImageObject\",\"inLanguage\":\"es\",\"@id\":\"https:\/\/www.sonoraenequipo.com.mx\/se-suman-tono-astiazaran-y-patty-ruibal-a-corre-conmigo-2024\/#primaryimage\",\"url\":\"https:\/\/www.sonoraenequipo.com.mx\/storage\/2024\/10\/corre-conmigo-tono.jpg\",\"contentUrl\":\"https:\/\/www.sonoraenequipo.com.mx\/storage\/2024\/10\/corre-conmigo-tono.jpg\",\"width\":600,\"height\":477},{\"@type\":\"BreadcrumbList\",\"@id\":\"https:\/\/www.sonoraenequipo.com.mx\/se-suman-tono-astiazaran-y-patty-ruibal-a-corre-conmigo-2024\/#breadcrumb\",\"itemListElement\":[{\"@type\":\"ListItem\",\"position\":1,\"name\":\"Portada\",\"item\":\"https:\/\/www.sonoraenequipo.com.mx\/\"},{\"@type\":\"ListItem\",\"position\":2,\"name\":\"Se suman To\u00f1o Astiazar\u00e1n y Patty Ruibal a Corre Conmigo 2024\"}]},{\"@type\":\"WebSite\",\"@id\":\"https:\/\/www.sonoraenequipo.com.mx\/#website\",\"url\":\"https:\/\/www.sonoraenequipo.com.mx\/\",\"name\":\"Sonora en Equipo.\",\"description\":\"Diario en l\u00ednea con Noticias desde Hermosillo, Sonora\",\"publisher\":{\"@id\":\"https:\/\/www.sonoraenequipo.com.mx\/#organization\"},\"potentialAction\":[{\"@type\":\"SearchAction\",\"target\":{\"@type\":\"EntryPoint\",\"urlTemplate\":\"https:\/\/www.sonoraenequipo.com.mx\/?s={search_term_string}\"},\"query-input\":{\"@type\":\"PropertyValueSpecification\",\"valueRequired\":true,\"valueName\":\"search_term_string\"}}],\"inLanguage\":\"es\"},{\"@type\":\"Organization\",\"@id\":\"https:\/\/www.sonoraenequipo.com.mx\/#organization\",\"name\":\"Sonoraenequipo.com.mx\",\"url\":\"https:\/\/www.sonoraenequipo.com.mx\/\",\"logo\":{\"@type\":\"ImageObject\",\"inLanguage\":\"es\",\"@id\":\"https:\/\/www.sonoraenequipo.com.mx\/#\/schema\/logo\/image\/\",\"url\":\"https:\/\/www.sonoraenequipo.com.mx\/storage\/2019\/01\/sonoraenequipo_opt.png\",\"contentUrl\":\"https:\/\/www.sonoraenequipo.com.mx\/storage\/2019\/01\/sonoraenequipo_opt.png\",\"width\":375,\"height\":125,\"caption\":\"Sonoraenequipo.com.mx\"},\"image\":{\"@id\":\"https:\/\/www.sonoraenequipo.com.mx\/#\/schema\/logo\/image\/\"},\"sameAs\":[\"https:\/\/www.facebook.com\/SonoraEE\/\",\"https:\/\/x.com\/sonoraenequipo\",\"https:\/\/www.youtube.com\/channel\/UC338nW-lPEYmJQs4ZABQ1SQ\"]},{\"@type\":\"Person\",\"@id\":\"https:\/\/www.sonoraenequipo.com.mx\/#\/schema\/person\/50102df0fb23a8fa9e8effad8fa81386\",\"name\":\"enequipo\",\"image\":{\"@type\":\"ImageObject\",\"inLanguage\":\"es\",\"@id\":\"https:\/\/www.sonoraenequipo.com.mx\/#\/schema\/person\/image\/\",\"url\":\"https:\/\/secure.gravatar.com\/avatar\/049821681b589dabc0bc20695993ccebb09f5b5d4d790cd9251b97faac7c652b?s=96&d=blank&r=g\",\"contentUrl\":\"https:\/\/secure.gravatar.com\/avatar\/049821681b589dabc0bc20695993ccebb09f5b5d4d790cd9251b97faac7c652b?s=96&d=blank&r=g\",\"caption\":\"enequipo\"},\"sameAs\":[\"https:\/\/www.facebook.com\/SonoraEE\"]}]}<\/script>\n ","yoast_head_json":{"title":"Sonora en Equipo. Se suman To\u00f1o Astiazar\u00e1n y Patty Ruibal a Corre Conmigo 2024 Municipios","description":"HERMOSILLO, SONORA, MX. \u2014El presidente municipal Antonio Astiazar\u00e1n y su esposa Patricia Ruibal, presidenta de DIF Hermosillo, participaron en la onceava En Sonora en Equipo publicamos toda la informaci\u00f3n de Sonora, M\u00e9xico y el Mundo de manera oportuna y busca que la libertad de expresi\u00f3n sea real. Visita nuestro medio informativo publicado desde Hermosillo, Sonora. %","robots":{"index":"index","follow":"follow","max-snippet":"max-snippet:-1","max-image-preview":"max-image-preview:large","max-video-preview":"max-video-preview:-1"},"canonical":"https:\/\/www.sonoraenequipo.com.mx\/se-suman-tono-astiazaran-y-patty-ruibal-a-corre-conmigo-2024\/","og_locale":"es_ES","og_type":"article","og_title":"Sonora en Equipo. Se suman To\u00f1o Astiazar\u00e1n y Patty Ruibal a Corre Conmigo 2024 Municipios","og_description":"HERMOSILLO, SONORA, MX. \u2014El presidente municipal Antonio Astiazar\u00e1n y su esposa Patricia Ruibal, presidenta de DIF Hermosillo, participaron en la onceava En Sonora en Equipo publicamos toda la informaci\u00f3n de Sonora, M\u00e9xico y el Mundo de manera oportuna y busca que la libertad de expresi\u00f3n sea real. Visita nuestro medio informativo publicado desde Hermosillo, Sonora. %","og_url":"https:\/\/www.sonoraenequipo.com.mx\/se-suman-tono-astiazaran-y-patty-ruibal-a-corre-conmigo-2024\/","og_site_name":"Sonora en Equipo.","article_publisher":"https:\/\/www.facebook.com\/SonoraEE\/","article_author":"https:\/\/www.facebook.com\/SonoraEE","article_published_time":"2024-10-06T22:18:27+00:00","article_modified_time":"2024-10-06T22:19:33+00:00","og_image":[{"width":600,"height":477,"url":"https:\/\/www.sonoraenequipo.com.mx\/storage\/2024\/10\/corre-conmigo-tono.jpg","type":"image\/jpeg"}],"author":"enequipo","twitter_card":"summary_large_image","twitter_creator":"@sonoraenequipo","twitter_site":"@sonoraenequipo","twitter_misc":{"Escrito por":"enequipo"},"schema":{"@context":"https:\/\/schema.org","@graph":[{"@type":"Article","@id":"https:\/\/www.sonoraenequipo.com.mx\/se-suman-tono-astiazaran-y-patty-ruibal-a-corre-conmigo-2024\/#article","isPartOf":{"@id":"https:\/\/www.sonoraenequipo.com.mx\/se-suman-tono-astiazaran-y-patty-ruibal-a-corre-conmigo-2024\/"},"author":{"name":"enequipo","@id":"https:\/\/www.sonoraenequipo.com.mx\/#\/schema\/person\/50102df0fb23a8fa9e8effad8fa81386"},"headline":"Se suman To\u00f1o Astiazar\u00e1n y Patty Ruibal a Corre Conmigo 2024","datePublished":"2024-10-06T22:18:27+00:00","dateModified":"2024-10-06T22:19:33+00:00","mainEntityOfPage":{"@id":"https:\/\/www.sonoraenequipo.com.mx\/se-suman-tono-astiazaran-y-patty-ruibal-a-corre-conmigo-2024\/"},"wordCount":103,"commentCount":0,"publisher":{"@id":"https:\/\/www.sonoraenequipo.com.mx\/#organization"},"image":{"@id":"https:\/\/www.sonoraenequipo.com.mx\/se-suman-tono-astiazaran-y-patty-ruibal-a-corre-conmigo-2024\/#primaryimage"},"thumbnailUrl":"https:\/\/www.sonoraenequipo.com.mx\/storage\/2024\/10\/corre-conmigo-tono.jpg","keywords":["conmigo","to\u00f1o.corre"],"articleSection":["Municipios"],"inLanguage":"es","potentialAction":[{"@type":"CommentAction","name":"Comment","target":["https:\/\/www.sonoraenequipo.com.mx\/se-suman-tono-astiazaran-y-patty-ruibal-a-corre-conmigo-2024\/#respond"]}]},{"@type":"WebPage","@id":"https:\/\/www.sonoraenequipo.com.mx\/se-suman-tono-astiazaran-y-patty-ruibal-a-corre-conmigo-2024\/","url":"https:\/\/www.sonoraenequipo.com.mx\/se-suman-tono-astiazaran-y-patty-ruibal-a-corre-conmigo-2024\/","name":"Sonora en Equipo. Se suman To\u00f1o Astiazar\u00e1n y Patty Ruibal a Corre Conmigo 2024 Municipios","isPartOf":{"@id":"https:\/\/www.sonoraenequipo.com.mx\/#website"},"primaryImageOfPage":{"@id":"https:\/\/www.sonoraenequipo.com.mx\/se-suman-tono-astiazaran-y-patty-ruibal-a-corre-conmigo-2024\/#primaryimage"},"image":{"@id":"https:\/\/www.sonoraenequipo.com.mx\/se-suman-tono-astiazaran-y-patty-ruibal-a-corre-conmigo-2024\/#primaryimage"},"thumbnailUrl":"https:\/\/www.sonoraenequipo.com.mx\/storage\/2024\/10\/corre-conmigo-tono.jpg","datePublished":"2024-10-06T22:18:27+00:00","dateModified":"2024-10-06T22:19:33+00:00","description":"HERMOSILLO, SONORA, MX. \u2014El presidente municipal Antonio Astiazar\u00e1n y su esposa Patricia Ruibal, presidenta de DIF Hermosillo, participaron en la onceava En Sonora en Equipo publicamos toda la informaci\u00f3n de Sonora, M\u00e9xico y el Mundo de manera oportuna y busca que la libertad de expresi\u00f3n sea real. Visita nuestro medio informativo publicado desde Hermosillo, Sonora. %","breadcrumb":{"@id":"https:\/\/www.sonoraenequipo.com.mx\/se-suman-tono-astiazaran-y-patty-ruibal-a-corre-conmigo-2024\/#breadcrumb"},"inLanguage":"es","potentialAction":[{"@type":"ReadAction","target":["https:\/\/www.sonoraenequipo.com.mx\/se-suman-tono-astiazaran-y-patty-ruibal-a-corre-conmigo-2024\/"]}]},{"@type":"ImageObject","inLanguage":"es","@id":"https:\/\/www.sonoraenequipo.com.mx\/se-suman-tono-astiazaran-y-patty-ruibal-a-corre-conmigo-2024\/#primaryimage","url":"https:\/\/www.sonoraenequipo.com.mx\/storage\/2024\/10\/corre-conmigo-tono.jpg","contentUrl":"https:\/\/www.sonoraenequipo.com.mx\/storage\/2024\/10\/corre-conmigo-tono.jpg","width":600,"height":477},{"@type":"BreadcrumbList","@id":"https:\/\/www.sonoraenequipo.com.mx\/se-suman-tono-astiazaran-y-patty-ruibal-a-corre-conmigo-2024\/#breadcrumb","itemListElement":[{"@type":"ListItem","position":1,"name":"Portada","item":"https:\/\/www.sonoraenequipo.com.mx\/"},{"@type":"ListItem","position":2,"name":"Se suman To\u00f1o Astiazar\u00e1n y Patty Ruibal a Corre Conmigo 2024"}]},{"@type":"WebSite","@id":"https:\/\/www.sonoraenequipo.com.mx\/#website","url":"https:\/\/www.sonoraenequipo.com.mx\/","name":"Sonora en Equipo.","description":"Diario en l\u00ednea con Noticias desde Hermosillo, Sonora","publisher":{"@id":"https:\/\/www.sonoraenequipo.com.mx\/#organization"},"potentialAction":[{"@type":"SearchAction","target":{"@type":"EntryPoint","urlTemplate":"https:\/\/www.sonoraenequipo.com.mx\/?s={search_term_string}"},"query-input":{"@type":"PropertyValueSpecification","valueRequired":true,"valueName":"search_term_string"}}],"inLanguage":"es"},{"@type":"Organization","@id":"https:\/\/www.sonoraenequipo.com.mx\/#organization","name":"Sonoraenequipo.com.mx","url":"https:\/\/www.sonoraenequipo.com.mx\/","logo":{"@type":"ImageObject","inLanguage":"es","@id":"https:\/\/www.sonoraenequipo.com.mx\/#\/schema\/logo\/image\/","url":"https:\/\/www.sonoraenequipo.com.mx\/storage\/2019\/01\/sonoraenequipo_opt.png","contentUrl":"https:\/\/www.sonoraenequipo.com.mx\/storage\/2019\/01\/sonoraenequipo_opt.png","width":375,"height":125,"caption":"Sonoraenequipo.com.mx"},"image":{"@id":"https:\/\/www.sonoraenequipo.com.mx\/#\/schema\/logo\/image\/"},"sameAs":["https:\/\/www.facebook.com\/SonoraEE\/","https:\/\/x.com\/sonoraenequipo","https:\/\/www.youtube.com\/channel\/UC338nW-lPEYmJQs4ZABQ1SQ"]},{"@type":"Person","@id":"https:\/\/www.sonoraenequipo.com.mx\/#\/schema\/person\/50102df0fb23a8fa9e8effad8fa81386","name":"enequipo","image":{"@type":"ImageObject","inLanguage":"es","@id":"https:\/\/www.sonoraenequipo.com.mx\/#\/schema\/person\/image\/","url":"https:\/\/secure.gravatar.com\/avatar\/049821681b589dabc0bc20695993ccebb09f5b5d4d790cd9251b97faac7c652b?s=96&d=blank&r=g","contentUrl":"https:\/\/secure.gravatar.com\/avatar\/049821681b589dabc0bc20695993ccebb09f5b5d4d790cd9251b97faac7c652b?s=96&d=blank&r=g","caption":"enequipo"},"sameAs":["https:\/\/www.facebook.com\/SonoraEE"]}]}},"jetpack_featured_media_url":"https:\/\/www.sonoraenequipo.com.mx\/storage\/2024\/10\/corre-conmigo-tono.jpg","_links":{"self":[{"href":"https:\/\/www.sonoraenequipo.com.mx\/api\/wp\/v2\/posts\/200736","targetHints":{"allow":["GET"]}}],"collection":[{"href":"https:\/\/www.sonoraenequipo.com.mx\/api\/wp\/v2\/posts"}],"about":[{"href":"https:\/\/www.sonoraenequipo.com.mx\/api\/wp\/v2\/types\/post"}],"author":[{"embeddable":true,"href":"https:\/\/www.sonoraenequipo.com.mx\/api\/wp\/v2\/users\/1"}],"replies":[{"embeddable":true,"href":"https:\/\/www.sonoraenequipo.com.mx\/api\/wp\/v2\/comments?post=200736"}],"version-history":[{"count":2,"href":"https:\/\/www.sonoraenequipo.com.mx\/api\/wp\/v2\/posts\/200736\/revisions"}],"predecessor-version":[{"id":200739,"href":"https:\/\/www.sonoraenequipo.com.mx\/api\/wp\/v2\/posts\/200736\/revisions\/200739"}],"wp:featuredmedia":[{"embeddable":true,"href":"https:\/\/www.sonoraenequipo.com.mx\/api\/wp\/v2\/media\/200737"}],"wp:attachment":[{"href":"https:\/\/www.sonoraenequipo.com.mx\/api\/wp\/v2\/media?parent=200736"}],"wp:term":[{"taxonomy":"category","embeddable":true,"href":"https:\/\/www.sonoraenequipo.com.mx\/api\/wp\/v2\/categories?post=200736"},{"taxonomy":"post_tag","embeddable":true,"href":"https:\/\/www.sonoraenequipo.com.mx\/api\/wp\/v2\/tags?post=200736"}],"curies":[{"name":"wp","href":"https:\/\/api.w.org\/{rel}","templated":true}]}}