{"id":200749,"date":"2024-10-05T20:11:00","date_gmt":"2024-10-06T03:11:00","guid":{"rendered":"https:\/\/www.sonoraenequipo.com.mx\/?p=200749"},"modified":"2024-10-06T16:32:13","modified_gmt":"2024-10-06T23:32:13","slug":"murio-a-los-99-anos-la-diputada-y-figura-de-la-izquierda-mexicana-ifigenia","status":"publish","type":"post","link":"https:\/\/www.sonoraenequipo.com.mx\/murio-a-los-99-anos-la-diputada-y-figura-de-la-izquierda-mexicana-ifigenia\/","title":{"rendered":"Muri\u00f3 a los 99 a\u00f1os, la diputada y figura de la izquierda mexicana, Ifigenia Mart\u00ednez"},"content":{"rendered":"<p><strong>CIUDAD DE M\u00c9XICO. MX. \u2014<\/strong> Ifigenia Mart\u00ednez, destacada figura de la izquierda mexicana y presidenta de la Mesa Directiva de la C\u00e1mara de Diputados, falleci\u00f3 a los 99 a\u00f1os de edad la noche de este viernes.<\/p>\n<p> <\/p>\n<p>Apenas, el pasado 1 de octubre, entreg\u00f3 la banda presidencial a Claudia Sheinbaum. Fue economista, diplom\u00e1tica y pol\u00edtica, nacida el 16 de junio de 1925 en la Ciudad de M\u00e9xico.<\/p>\n<p>La noticia de su fallecimiento fue confirmada por Ricardo Monreal, quien expres\u00f3 su pesar a trav\u00e9s de su cuenta de X.<\/p>\n<blockquote class=\"twitter-tweet\" data-width=\"550\" data-dnt=\"true\">\n<p lang=\"es\" dir=\"ltr\">Con profunda tristeza comunico el sensible fallecimiento de la maestra Ifigenia Mart\u00ednez y Hern\u00e1ndez, presidenta de la C\u00e1mara de Diputados, informaci\u00f3n que me ha confirmado su familia. Que descanse en paz tan extraordinaria mujer y sus seres queridos encuentren pronta resignaci\u00f3n <a href=\"https:\/\/t.co\/o8ipnYoDJx\">pic.twitter.com\/o8ipnYoDJx<\/a><\/p>\n<p>&mdash; Ricardo Monreal A. (@RicardoMonrealA) <a href=\"https:\/\/twitter.com\/RicardoMonrealA\/status\/1842783257126916265?ref_src=twsrc%5Etfw\">October 6, 2024<\/a><\/p><\/blockquote>\n<p><script async src=\"https:\/\/platform.twitter.com\/widgets.js\" charset=\"utf-8\"><\/script><\/p>\n<p><em><strong>\u201cQue descanse en paz tan extraordinaria mujer\u201d,<\/strong><\/em> escribi\u00f3 el senador.<\/p>\n<p>Ifigenia Mart\u00ednez fue una de las fundadoras del Partido de la Revoluci\u00f3n Democr\u00e1tica (PRD) junto a Cuauht\u00e9moc C\u00e1rdenas y Porfirio Mu\u00f1oz Ledo, y posteriormente se afili\u00f3 a Morena, partido en el que tuvo un papel destacado hasta el final de su vida.<\/p>\n<p>El 28 de agosto de este a\u00f1o, Morena la eligi\u00f3 como presidenta de la Mesa Directiva de la C\u00e1mara de Diputados, desde donde ejerci\u00f3 sus \u00faltimas funciones pol\u00edticas.<\/p>\n<p>La presidenta de M\u00e9xico, Claudia Sheinbaum, tambi\u00e9n lament\u00f3 la muerte de Mart\u00ednez en sus redes sociales, recordando el momento en que recibi\u00f3 la banda presidencial de sus manos.<\/p>\n<p>\u201cHoy nos dej\u00f3. Le env\u00edo a su familia, compa\u00f1eros y amigos todo mi cari\u00f1o y solidaridad. Hasta siempre querida maestra Ifigenia\u201d, escribi\u00f3 Sheinbaum.<\/p>\n<blockquote class=\"twitter-tweet\" data-width=\"550\" data-dnt=\"true\">\n<p lang=\"es\" dir=\"ltr\">El 2 de junio vot\u00e9 por Ifigenia Martinez, una mujer consecuente y de convicciones. El 1 de octubre recib\u00ed la banda presidencial de sus manos. Hoy nos dej\u00f3. Le env\u00edo a su familia, compa\u00f1er@s y amig@s todo mi cari\u00f1o y solidaridad. Hasta siempre querida maestra Ifigenia. <a href=\"https:\/\/t.co\/7EsDkT2S8s\">pic.twitter.com\/7EsDkT2S8s<\/a><\/p>\n<p>&mdash; Claudia Sheinbaum Pardo (@Claudiashein) <a href=\"https:\/\/twitter.com\/Claudiashein\/status\/1842784666363040117?ref_src=twsrc%5Etfw\">October 6, 2024<\/a><\/p><\/blockquote>\n<p><script async src=\"https:\/\/platform.twitter.com\/widgets.js\" charset=\"utf-8\"><\/script><\/p>\n<p>Nohem\u00ed Luna, coordinadora del PAN, calific\u00f3 a Mart\u00ednez como una \u201cdestacada pol\u00edtica, economista, catedr\u00e1tica y diplom\u00e1tica mexicana\u201d.<\/p>\n<p>Mario Delgado, secretario de Educaci\u00f3n P\u00fablica, destac\u00f3 la vida de la maestra dedicada \u201ca la construcci\u00f3n de un M\u00e9xico m\u00e1s justo y democr\u00e1tico\u201d.<\/p>\n<p>Jos\u00e9 Antonio Meade resalt\u00f3 su legado en la ense\u00f1anza de la econom\u00eda, la participaci\u00f3n pol\u00edtica de la mujer y su compromiso con el servicio p\u00fablico.<\/p>\n<p>Seg\u00fan el perfil oficial de la C\u00e1mara de Diputados, la diputada Mar\u00eda Guadalupe Morales Rubio ser\u00e1 quien ocupe el puesto de suplente en la presidencia de la Mesa Directiva tras el fallecimiento de Mart\u00ednez.<\/p>\n<p>PUBLICADO EL 06 DE OCTUBRE DE 2024 Con informaci\u00f3n de AP)<\/p>\n","protected":false},"excerpt":{"rendered":"<p>CIUDAD DE M\u00c9XICO. MX. \u2014 Ifigenia Mart\u00ednez, destacada figura de la izquierda mexicana y presidenta&#8230;<\/p>\n","protected":false},"author":1,"featured_media":200750,"comment_status":"open","ping_status":"open","sticky":false,"template":"","format":"standard","meta":{"_monsterinsights_skip_tracking":false,"_monsterinsights_sitenote_active":false,"_monsterinsights_sitenote_note":"","_monsterinsights_sitenote_category":0,"footnotes":""},"categories":[5],"tags":[],"class_list":["post"],"yoast_head":" \n<title>Sonora en Equipo. Muri\u00f3 a los 99 a\u00f1os, la diputada y figura de la izquierda mexicana, Ifigenia Mart\u00ednez Rep\u00fablica<\/title>\n<meta name=\"description\" content=\"CIUDAD DE M\u00c9XICO. MX. \u2014 Ifigenia Mart\u00ednez, destacada figura de la izquierda mexicana y presidenta de la Mesa Directiva de la C\u00e1mara de Diputados, falleci\u00f3 En Sonora en Equipo publicamos toda la informaci\u00f3n de Sonora, M\u00e9xico y el Mundo de manera oportuna y busca que la libertad de expresi\u00f3n sea real. Visita nuestro medio informativo publicado desde Hermosillo, Sonora. %\" \/>\n<meta name=\"robots\" content=\"index, follow, max-snippet:-1, max-image-preview:large, max-video-preview:-1\" \/>\n<link rel=\"canonical\" href=\"https:\/\/www.sonoraenequipo.com.mx\/murio-a-los-99-anos-la-diputada-y-figura-de-la-izquierda-mexicana-ifigenia\/\" \/>\n<meta property=\"og:locale\" content=\"es_ES\" \/>\n<meta property=\"og:type\" content=\"article\" \/>\n<meta property=\"og:title\" content=\"Sonora en Equipo. Muri\u00f3 a los 99 a\u00f1os, la diputada y figura de la izquierda mexicana, Ifigenia Mart\u00ednez Rep\u00fablica\" \/>\n<meta property=\"og:description\" content=\"CIUDAD DE M\u00c9XICO. MX. \u2014 Ifigenia Mart\u00ednez, destacada figura de la izquierda mexicana y presidenta de la Mesa Directiva de la C\u00e1mara de Diputados, falleci\u00f3 En Sonora en Equipo publicamos toda la informaci\u00f3n de Sonora, M\u00e9xico y el Mundo de manera oportuna y busca que la libertad de expresi\u00f3n sea real. Visita nuestro medio informativo publicado desde Hermosillo, Sonora. %\" \/>\n<meta property=\"og:url\" content=\"https:\/\/www.sonoraenequipo.com.mx\/murio-a-los-99-anos-la-diputada-y-figura-de-la-izquierda-mexicana-ifigenia\/\" \/>\n<meta property=\"og:site_name\" content=\"Sonora en Equipo.\" \/>\n<meta property=\"article:publisher\" content=\"https:\/\/www.facebook.com\/SonoraEE\/\" \/>\n<meta property=\"article:author\" content=\"https:\/\/www.facebook.com\/SonoraEE\" \/>\n<meta property=\"article:published_time\" content=\"2024-10-06T03:11:00+00:00\" \/>\n<meta property=\"article:modified_time\" content=\"2024-10-06T23:32:13+00:00\" \/>\n<meta property=\"og:image\" content=\"https:\/\/www.sonoraenequipo.com.mx\/storage\/2024\/10\/ifigenia_martinez-min-2.jpg\" \/>\n\t<meta property=\"og:image:width\" content=\"1280\" \/>\n\t<meta property=\"og:image:height\" content=\"720\" \/>\n\t<meta property=\"og:image:type\" content=\"image\/jpeg\" \/>\n<meta name=\"author\" content=\"enequipo\" \/>\n<meta name=\"twitter:card\" content=\"summary_large_image\" \/>\n<meta name=\"twitter:creator\" content=\"@sonoraenequipo\" \/>\n<meta name=\"twitter:site\" content=\"@sonoraenequipo\" \/>\n<meta name=\"twitter:label1\" content=\"Escrito por\" \/>\n\t<meta name=\"twitter:data1\" content=\"enequipo\" \/>\n\t<meta name=\"twitter:label2\" content=\"Tiempo de lectura\" \/>\n\t<meta name=\"twitter:data2\" content=\"2 minutos\" \/>\n<script type=\"application\/ld+json\" class=\"yoast-schema-graph\">{\"@context\":\"https:\/\/schema.org\",\"@graph\":[{\"@type\":\"Article\",\"@id\":\"https:\/\/www.sonoraenequipo.com.mx\/murio-a-los-99-anos-la-diputada-y-figura-de-la-izquierda-mexicana-ifigenia\/#article\",\"isPartOf\":{\"@id\":\"https:\/\/www.sonoraenequipo.com.mx\/murio-a-los-99-anos-la-diputada-y-figura-de-la-izquierda-mexicana-ifigenia\/\"},\"author\":{\"name\":\"enequipo\",\"@id\":\"https:\/\/www.sonoraenequipo.com.mx\/#\/schema\/person\/50102df0fb23a8fa9e8effad8fa81386\"},\"headline\":\"Muri\u00f3 a los 99 a\u00f1os, la diputada y figura de la izquierda mexicana, Ifigenia Mart\u00ednez\",\"datePublished\":\"2024-10-06T03:11:00+00:00\",\"dateModified\":\"2024-10-06T23:32:13+00:00\",\"mainEntityOfPage\":{\"@id\":\"https:\/\/www.sonoraenequipo.com.mx\/murio-a-los-99-anos-la-diputada-y-figura-de-la-izquierda-mexicana-ifigenia\/\"},\"wordCount\":389,\"commentCount\":0,\"publisher\":{\"@id\":\"https:\/\/www.sonoraenequipo.com.mx\/#organization\"},\"image\":{\"@id\":\"https:\/\/www.sonoraenequipo.com.mx\/murio-a-los-99-anos-la-diputada-y-figura-de-la-izquierda-mexicana-ifigenia\/#primaryimage\"},\"thumbnailUrl\":\"https:\/\/www.sonoraenequipo.com.mx\/storage\/2024\/10\/ifigenia_martinez-min-2.jpg\",\"articleSection\":[\"Rep\u00fablica\"],\"inLanguage\":\"es\",\"potentialAction\":[{\"@type\":\"CommentAction\",\"name\":\"Comment\",\"target\":[\"https:\/\/www.sonoraenequipo.com.mx\/murio-a-los-99-anos-la-diputada-y-figura-de-la-izquierda-mexicana-ifigenia\/#respond\"]}]},{\"@type\":\"WebPage\",\"@id\":\"https:\/\/www.sonoraenequipo.com.mx\/murio-a-los-99-anos-la-diputada-y-figura-de-la-izquierda-mexicana-ifigenia\/\",\"url\":\"https:\/\/www.sonoraenequipo.com.mx\/murio-a-los-99-anos-la-diputada-y-figura-de-la-izquierda-mexicana-ifigenia\/\",\"name\":\"Sonora en Equipo. Muri\u00f3 a los 99 a\u00f1os, la diputada y figura de la izquierda mexicana, Ifigenia Mart\u00ednez Rep\u00fablica\",\"isPartOf\":{\"@id\":\"https:\/\/www.sonoraenequipo.com.mx\/#website\"},\"primaryImageOfPage\":{\"@id\":\"https:\/\/www.sonoraenequipo.com.mx\/murio-a-los-99-anos-la-diputada-y-figura-de-la-izquierda-mexicana-ifigenia\/#primaryimage\"},\"image\":{\"@id\":\"https:\/\/www.sonoraenequipo.com.mx\/murio-a-los-99-anos-la-diputada-y-figura-de-la-izquierda-mexicana-ifigenia\/#primaryimage\"},\"thumbnailUrl\":\"https:\/\/www.sonoraenequipo.com.mx\/storage\/2024\/10\/ifigenia_martinez-min-2.jpg\",\"datePublished\":\"2024-10-06T03:11:00+00:00\",\"dateModified\":\"2024-10-06T23:32:13+00:00\",\"description\":\"CIUDAD DE M\u00c9XICO. MX. \u2014 Ifigenia Mart\u00ednez, destacada figura de la izquierda mexicana y presidenta de la Mesa Directiva de la C\u00e1mara de Diputados, falleci\u00f3 En Sonora en Equipo publicamos toda la informaci\u00f3n de Sonora, M\u00e9xico y el Mundo de manera oportuna y busca que la libertad de expresi\u00f3n sea real. Visita nuestro medio informativo publicado desde Hermosillo, Sonora. %\",\"breadcrumb\":{\"@id\":\"https:\/\/www.sonoraenequipo.com.mx\/murio-a-los-99-anos-la-diputada-y-figura-de-la-izquierda-mexicana-ifigenia\/#breadcrumb\"},\"inLanguage\":\"es\",\"potentialAction\":[{\"@type\":\"ReadAction\",\"target\":[\"https:\/\/www.sonoraenequipo.com.mx\/murio-a-los-99-anos-la-diputada-y-figura-de-la-izquierda-mexicana-ifigenia\/\"]}]},{\"@type\":\"ImageObject\",\"inLanguage\":\"es\",\"@id\":\"https:\/\/www.sonoraenequipo.com.mx\/murio-a-los-99-anos-la-diputada-y-figura-de-la-izquierda-mexicana-ifigenia\/#primaryimage\",\"url\":\"https:\/\/www.sonoraenequipo.com.mx\/storage\/2024\/10\/ifigenia_martinez-min-2.jpg\",\"contentUrl\":\"https:\/\/www.sonoraenequipo.com.mx\/storage\/2024\/10\/ifigenia_martinez-min-2.jpg\",\"width\":1280,\"height\":720},{\"@type\":\"BreadcrumbList\",\"@id\":\"https:\/\/www.sonoraenequipo.com.mx\/murio-a-los-99-anos-la-diputada-y-figura-de-la-izquierda-mexicana-ifigenia\/#breadcrumb\",\"itemListElement\":[{\"@type\":\"ListItem\",\"position\":1,\"name\":\"Portada\",\"item\":\"https:\/\/www.sonoraenequipo.com.mx\/\"},{\"@type\":\"ListItem\",\"position\":2,\"name\":\"Muri\u00f3 a los 99 a\u00f1os, la diputada y figura de la izquierda mexicana, Ifigenia Mart\u00ednez\"}]},{\"@type\":\"WebSite\",\"@id\":\"https:\/\/www.sonoraenequipo.com.mx\/#website\",\"url\":\"https:\/\/www.sonoraenequipo.com.mx\/\",\"name\":\"Sonora en Equipo.\",\"description\":\"Diario en l\u00ednea con Noticias desde Hermosillo, Sonora\",\"publisher\":{\"@id\":\"https:\/\/www.sonoraenequipo.com.mx\/#organization\"},\"potentialAction\":[{\"@type\":\"SearchAction\",\"target\":{\"@type\":\"EntryPoint\",\"urlTemplate\":\"https:\/\/www.sonoraenequipo.com.mx\/?s={search_term_string}\"},\"query-input\":{\"@type\":\"PropertyValueSpecification\",\"valueRequired\":true,\"valueName\":\"search_term_string\"}}],\"inLanguage\":\"es\"},{\"@type\":\"Organization\",\"@id\":\"https:\/\/www.sonoraenequipo.com.mx\/#organization\",\"name\":\"Sonoraenequipo.com.mx\",\"url\":\"https:\/\/www.sonoraenequipo.com.mx\/\",\"logo\":{\"@type\":\"ImageObject\",\"inLanguage\":\"es\",\"@id\":\"https:\/\/www.sonoraenequipo.com.mx\/#\/schema\/logo\/image\/\",\"url\":\"https:\/\/www.sonoraenequipo.com.mx\/storage\/2019\/01\/sonoraenequipo_opt.png\",\"contentUrl\":\"https:\/\/www.sonoraenequipo.com.mx\/storage\/2019\/01\/sonoraenequipo_opt.png\",\"width\":375,\"height\":125,\"caption\":\"Sonoraenequipo.com.mx\"},\"image\":{\"@id\":\"https:\/\/www.sonoraenequipo.com.mx\/#\/schema\/logo\/image\/\"},\"sameAs\":[\"https:\/\/www.facebook.com\/SonoraEE\/\",\"https:\/\/x.com\/sonoraenequipo\",\"https:\/\/www.youtube.com\/channel\/UC338nW-lPEYmJQs4ZABQ1SQ\"]},{\"@type\":\"Person\",\"@id\":\"https:\/\/www.sonoraenequipo.com.mx\/#\/schema\/person\/50102df0fb23a8fa9e8effad8fa81386\",\"name\":\"enequipo\",\"image\":{\"@type\":\"ImageObject\",\"inLanguage\":\"es\",\"@id\":\"https:\/\/www.sonoraenequipo.com.mx\/#\/schema\/person\/image\/\",\"url\":\"https:\/\/secure.gravatar.com\/avatar\/049821681b589dabc0bc20695993ccebb09f5b5d4d790cd9251b97faac7c652b?s=96&d=blank&r=g\",\"contentUrl\":\"https:\/\/secure.gravatar.com\/avatar\/049821681b589dabc0bc20695993ccebb09f5b5d4d790cd9251b97faac7c652b?s=96&d=blank&r=g\",\"caption\":\"enequipo\"},\"sameAs\":[\"https:\/\/www.facebook.com\/SonoraEE\"]}]}<\/script>\n ","yoast_head_json":{"title":"Sonora en Equipo. Muri\u00f3 a los 99 a\u00f1os, la diputada y figura de la izquierda mexicana, Ifigenia Mart\u00ednez Rep\u00fablica","description":"CIUDAD DE M\u00c9XICO. MX. \u2014 Ifigenia Mart\u00ednez, destacada figura de la izquierda mexicana y presidenta de la Mesa Directiva de la C\u00e1mara de Diputados, falleci\u00f3 En Sonora en Equipo publicamos toda la informaci\u00f3n de Sonora, M\u00e9xico y el Mundo de manera oportuna y busca que la libertad de expresi\u00f3n sea real. Visita nuestro medio informativo publicado desde Hermosillo, Sonora. %","robots":{"index":"index","follow":"follow","max-snippet":"max-snippet:-1","max-image-preview":"max-image-preview:large","max-video-preview":"max-video-preview:-1"},"canonical":"https:\/\/www.sonoraenequipo.com.mx\/murio-a-los-99-anos-la-diputada-y-figura-de-la-izquierda-mexicana-ifigenia\/","og_locale":"es_ES","og_type":"article","og_title":"Sonora en Equipo. Muri\u00f3 a los 99 a\u00f1os, la diputada y figura de la izquierda mexicana, Ifigenia Mart\u00ednez Rep\u00fablica","og_description":"CIUDAD DE M\u00c9XICO. MX. \u2014 Ifigenia Mart\u00ednez, destacada figura de la izquierda mexicana y presidenta de la Mesa Directiva de la C\u00e1mara de Diputados, falleci\u00f3 En Sonora en Equipo publicamos toda la informaci\u00f3n de Sonora, M\u00e9xico y el Mundo de manera oportuna y busca que la libertad de expresi\u00f3n sea real. Visita nuestro medio informativo publicado desde Hermosillo, Sonora. %","og_url":"https:\/\/www.sonoraenequipo.com.mx\/murio-a-los-99-anos-la-diputada-y-figura-de-la-izquierda-mexicana-ifigenia\/","og_site_name":"Sonora en Equipo.","article_publisher":"https:\/\/www.facebook.com\/SonoraEE\/","article_author":"https:\/\/www.facebook.com\/SonoraEE","article_published_time":"2024-10-06T03:11:00+00:00","article_modified_time":"2024-10-06T23:32:13+00:00","og_image":[{"width":1280,"height":720,"url":"https:\/\/www.sonoraenequipo.com.mx\/storage\/2024\/10\/ifigenia_martinez-min-2.jpg","type":"image\/jpeg"}],"author":"enequipo","twitter_card":"summary_large_image","twitter_creator":"@sonoraenequipo","twitter_site":"@sonoraenequipo","twitter_misc":{"Escrito por":"enequipo","Tiempo de lectura":"2 minutos"},"schema":{"@context":"https:\/\/schema.org","@graph":[{"@type":"Article","@id":"https:\/\/www.sonoraenequipo.com.mx\/murio-a-los-99-anos-la-diputada-y-figura-de-la-izquierda-mexicana-ifigenia\/#article","isPartOf":{"@id":"https:\/\/www.sonoraenequipo.com.mx\/murio-a-los-99-anos-la-diputada-y-figura-de-la-izquierda-mexicana-ifigenia\/"},"author":{"name":"enequipo","@id":"https:\/\/www.sonoraenequipo.com.mx\/#\/schema\/person\/50102df0fb23a8fa9e8effad8fa81386"},"headline":"Muri\u00f3 a los 99 a\u00f1os, la diputada y figura de la izquierda mexicana, Ifigenia Mart\u00ednez","datePublished":"2024-10-06T03:11:00+00:00","dateModified":"2024-10-06T23:32:13+00:00","mainEntityOfPage":{"@id":"https:\/\/www.sonoraenequipo.com.mx\/murio-a-los-99-anos-la-diputada-y-figura-de-la-izquierda-mexicana-ifigenia\/"},"wordCount":389,"commentCount":0,"publisher":{"@id":"https:\/\/www.sonoraenequipo.com.mx\/#organization"},"image":{"@id":"https:\/\/www.sonoraenequipo.com.mx\/murio-a-los-99-anos-la-diputada-y-figura-de-la-izquierda-mexicana-ifigenia\/#primaryimage"},"thumbnailUrl":"https:\/\/www.sonoraenequipo.com.mx\/storage\/2024\/10\/ifigenia_martinez-min-2.jpg","articleSection":["Rep\u00fablica"],"inLanguage":"es","potentialAction":[{"@type":"CommentAction","name":"Comment","target":["https:\/\/www.sonoraenequipo.com.mx\/murio-a-los-99-anos-la-diputada-y-figura-de-la-izquierda-mexicana-ifigenia\/#respond"]}]},{"@type":"WebPage","@id":"https:\/\/www.sonoraenequipo.com.mx\/murio-a-los-99-anos-la-diputada-y-figura-de-la-izquierda-mexicana-ifigenia\/","url":"https:\/\/www.sonoraenequipo.com.mx\/murio-a-los-99-anos-la-diputada-y-figura-de-la-izquierda-mexicana-ifigenia\/","name":"Sonora en Equipo. Muri\u00f3 a los 99 a\u00f1os, la diputada y figura de la izquierda mexicana, Ifigenia Mart\u00ednez Rep\u00fablica","isPartOf":{"@id":"https:\/\/www.sonoraenequipo.com.mx\/#website"},"primaryImageOfPage":{"@id":"https:\/\/www.sonoraenequipo.com.mx\/murio-a-los-99-anos-la-diputada-y-figura-de-la-izquierda-mexicana-ifigenia\/#primaryimage"},"image":{"@id":"https:\/\/www.sonoraenequipo.com.mx\/murio-a-los-99-anos-la-diputada-y-figura-de-la-izquierda-mexicana-ifigenia\/#primaryimage"},"thumbnailUrl":"https:\/\/www.sonoraenequipo.com.mx\/storage\/2024\/10\/ifigenia_martinez-min-2.jpg","datePublished":"2024-10-06T03:11:00+00:00","dateModified":"2024-10-06T23:32:13+00:00","description":"CIUDAD DE M\u00c9XICO. MX. \u2014 Ifigenia Mart\u00ednez, destacada figura de la izquierda mexicana y presidenta de la Mesa Directiva de la C\u00e1mara de Diputados, falleci\u00f3 En Sonora en Equipo publicamos toda la informaci\u00f3n de Sonora, M\u00e9xico y el Mundo de manera oportuna y busca que la libertad de expresi\u00f3n sea real. Visita nuestro medio informativo publicado desde Hermosillo, Sonora. %","breadcrumb":{"@id":"https:\/\/www.sonoraenequipo.com.mx\/murio-a-los-99-anos-la-diputada-y-figura-de-la-izquierda-mexicana-ifigenia\/#breadcrumb"},"inLanguage":"es","potentialAction":[{"@type":"ReadAction","target":["https:\/\/www.sonoraenequipo.com.mx\/murio-a-los-99-anos-la-diputada-y-figura-de-la-izquierda-mexicana-ifigenia\/"]}]},{"@type":"ImageObject","inLanguage":"es","@id":"https:\/\/www.sonoraenequipo.com.mx\/murio-a-los-99-anos-la-diputada-y-figura-de-la-izquierda-mexicana-ifigenia\/#primaryimage","url":"https:\/\/www.sonoraenequipo.com.mx\/storage\/2024\/10\/ifigenia_martinez-min-2.jpg","contentUrl":"https:\/\/www.sonoraenequipo.com.mx\/storage\/2024\/10\/ifigenia_martinez-min-2.jpg","width":1280,"height":720},{"@type":"BreadcrumbList","@id":"https:\/\/www.sonoraenequipo.com.mx\/murio-a-los-99-anos-la-diputada-y-figura-de-la-izquierda-mexicana-ifigenia\/#breadcrumb","itemListElement":[{"@type":"ListItem","position":1,"name":"Portada","item":"https:\/\/www.sonoraenequipo.com.mx\/"},{"@type":"ListItem","position":2,"name":"Muri\u00f3 a los 99 a\u00f1os, la diputada y figura de la izquierda mexicana, Ifigenia Mart\u00ednez"}]},{"@type":"WebSite","@id":"https:\/\/www.sonoraenequipo.com.mx\/#website","url":"https:\/\/www.sonoraenequipo.com.mx\/","name":"Sonora en Equipo.","description":"Diario en l\u00ednea con Noticias desde Hermosillo, Sonora","publisher":{"@id":"https:\/\/www.sonoraenequipo.com.mx\/#organization"},"potentialAction":[{"@type":"SearchAction","target":{"@type":"EntryPoint","urlTemplate":"https:\/\/www.sonoraenequipo.com.mx\/?s={search_term_string}"},"query-input":{"@type":"PropertyValueSpecification","valueRequired":true,"valueName":"search_term_string"}}],"inLanguage":"es"},{"@type":"Organization","@id":"https:\/\/www.sonoraenequipo.com.mx\/#organization","name":"Sonoraenequipo.com.mx","url":"https:\/\/www.sonoraenequipo.com.mx\/","logo":{"@type":"ImageObject","inLanguage":"es","@id":"https:\/\/www.sonoraenequipo.com.mx\/#\/schema\/logo\/image\/","url":"https:\/\/www.sonoraenequipo.com.mx\/storage\/2019\/01\/sonoraenequipo_opt.png","contentUrl":"https:\/\/www.sonoraenequipo.com.mx\/storage\/2019\/01\/sonoraenequipo_opt.png","width":375,"height":125,"caption":"Sonoraenequipo.com.mx"},"image":{"@id":"https:\/\/www.sonoraenequipo.com.mx\/#\/schema\/logo\/image\/"},"sameAs":["https:\/\/www.facebook.com\/SonoraEE\/","https:\/\/x.com\/sonoraenequipo","https:\/\/www.youtube.com\/channel\/UC338nW-lPEYmJQs4ZABQ1SQ"]},{"@type":"Person","@id":"https:\/\/www.sonoraenequipo.com.mx\/#\/schema\/person\/50102df0fb23a8fa9e8effad8fa81386","name":"enequipo","image":{"@type":"ImageObject","inLanguage":"es","@id":"https:\/\/www.sonoraenequipo.com.mx\/#\/schema\/person\/image\/","url":"https:\/\/secure.gravatar.com\/avatar\/049821681b589dabc0bc20695993ccebb09f5b5d4d790cd9251b97faac7c652b?s=96&d=blank&r=g","contentUrl":"https:\/\/secure.gravatar.com\/avatar\/049821681b589dabc0bc20695993ccebb09f5b5d4d790cd9251b97faac7c652b?s=96&d=blank&r=g","caption":"enequipo"},"sameAs":["https:\/\/www.facebook.com\/SonoraEE"]}]}},"jetpack_featured_media_url":"https:\/\/www.sonoraenequipo.com.mx\/storage\/2024\/10\/ifigenia_martinez-min-2.jpg","_links":{"self":[{"href":"https:\/\/www.sonoraenequipo.com.mx\/api\/wp\/v2\/posts\/200749","targetHints":{"allow":["GET"]}}],"collection":[{"href":"https:\/\/www.sonoraenequipo.com.mx\/api\/wp\/v2\/posts"}],"about":[{"href":"https:\/\/www.sonoraenequipo.com.mx\/api\/wp\/v2\/types\/post"}],"author":[{"embeddable":true,"href":"https:\/\/www.sonoraenequipo.com.mx\/api\/wp\/v2\/users\/1"}],"replies":[{"embeddable":true,"href":"https:\/\/www.sonoraenequipo.com.mx\/api\/wp\/v2\/comments?post=200749"}],"version-history":[{"count":2,"href":"https:\/\/www.sonoraenequipo.com.mx\/api\/wp\/v2\/posts\/200749\/revisions"}],"predecessor-version":[{"id":200752,"href":"https:\/\/www.sonoraenequipo.com.mx\/api\/wp\/v2\/posts\/200749\/revisions\/200752"}],"wp:featuredmedia":[{"embeddable":true,"href":"https:\/\/www.sonoraenequipo.com.mx\/api\/wp\/v2\/media\/200750"}],"wp:attachment":[{"href":"https:\/\/www.sonoraenequipo.com.mx\/api\/wp\/v2\/media?parent=200749"}],"wp:term":[{"taxonomy":"category","embeddable":true,"href":"https:\/\/www.sonoraenequipo.com.mx\/api\/wp\/v2\/categories?post=200749"},{"taxonomy":"post_tag","embeddable":true,"href":"https:\/\/www.sonoraenequipo.com.mx\/api\/wp\/v2\/tags?post=200749"}],"curies":[{"name":"wp","href":"https:\/\/api.w.org\/{rel}","templated":true}]}}