{"id":200759,"date":"2024-10-05T21:29:41","date_gmt":"2024-10-06T04:29:41","guid":{"rendered":"https:\/\/www.sonoraenequipo.com.mx\/?p=200759"},"modified":"2024-10-06T17:35:09","modified_gmt":"2024-10-07T00:35:09","slug":"los-libaneses-de-todo-el-mundo-temen-por-su-patria-y-sus-seres-queridos-a-medida-que-aumenta-la-violencia","status":"publish","type":"post","link":"https:\/\/www.sonoraenequipo.com.mx\/los-libaneses-de-todo-el-mundo-temen-por-su-patria-y-sus-seres-queridos-a-medida-que-aumenta-la-violencia\/","title":{"rendered":"Los libaneses de todo el mundo temen por su patria y sus seres queridos a medida que aumenta la violencia"},"content":{"rendered":"<p><strong>L\u00cdBANO.\u2014<\/strong>&nbsp; Fue hace un a\u00f1o cuando Jomana Siddiqui visit\u00f3 el L\u00edbano, donde naci\u00f3 su padre y ahora est\u00e1 enterrado. Planeaba volver all\u00ed pronto; Esta vez, pens\u00f3, se llevar\u00eda a sus dos hijas adolescentes.<\/p>\n<p>&nbsp;<\/p>\n<p>&nbsp;<\/p>\n<p> <\/p>\n<p>En cambio, Siddiqui, que vive en California, ahora se preocupa por sus parientes all\u00ed. Mientras observa desde lejos la violencia y la reciente escalada de la campa\u00f1a militar de Israel contra Hezbol\u00e1 en el L\u00edbano, Siddiqui piensa en las personas que conoci\u00f3 durante su visita, la amabilidad y la generosidad que encontr\u00f3.<\/p>\n<p>&nbsp;<\/p>\n<p>&nbsp;<\/p>\n<p>Piensa en la tumba de su padre: cu\u00e1ndo, o si, podr\u00e1 volver a visitarla. Su voz se quiebra por la emoci\u00f3n. Ha sido desgarrador, dijo.<\/p>\n<p>&nbsp;<\/p>\n<p>&nbsp;<\/p>\n<p><em><strong>\u00abEs como la historia universal del pueblo liban\u00e9s\u00bb<\/strong><\/em>, dijo.<strong><em> \u00abTienen que seguir saliendo y no saber cu\u00e1ndo pueden volver\u00bb.<\/em><\/strong><\/p>\n<p>&nbsp;<\/p>\n<p>&nbsp;<\/p>\n<p>Desde Estados Unidos hasta Sud\u00e1frica, Chipre, Brasil y m\u00e1s all\u00e1, muchos miembros de la vasta y extensa di\u00e1spora del L\u00edbano est\u00e1n lidiando con las ondas de la violencia, afligidos, atenazados por el miedo por sus seres queridos y por su patria, tratando de encontrar formas de ayudar.<\/p>\n<p>&nbsp;<\/p>\n<p>&nbsp;<\/p>\n<p>&nbsp;<\/p>\n<p>Unos 1.400 libaneses, entre civiles y combatientes del grupo extremista Hezbol\u00e1, han muerto y unos 1,2 millones han sido expulsados de sus hogares desde que Israel intensific\u00f3 sus ataques a finales de septiembre, diciendo que su objetivo es alejar a Hezbol\u00e1 de la frontera compartida entre ambos pa\u00edses.<\/p>\n<p>&nbsp;<\/p>\n<p>&nbsp;<\/p>\n<p>Para Lina Kayat, que se mud\u00f3 a Sud\u00e1frica hace casi 36 a\u00f1os pero todav\u00eda tiene una gran familia en el L\u00edbano, la violencia y las tensiones all\u00ed tienen ecos de cap\u00edtulos turbulentos anteriores.<\/p>\n<p>&nbsp;<\/p>\n<p>&nbsp;<\/p>\n<p>\u00abVivimos una guerra civil durante mucho tiempo; Ten\u00eda como siete a\u00f1os\u00bb, dijo. \u00abSe siente como si la historia se repitiera. &#8230; Es la inc\u00f3gnita de qui\u00e9n va a ser el pr\u00f3ximo en ser asesinado\u00bb.<\/p>\n<p>&nbsp;<\/p>\n<p>&nbsp;<\/p>\n<p>Kayat, que vive en la ciudad costera sudafricana de Durban, habla a diario con su familia, incluidas su madre y su hermana.<\/p>\n<p>&nbsp;<\/p>\n<p>&nbsp;<\/p>\n<p><em><strong>\u00abEst\u00e1n muy asustados y muy preocupados por lo que va a pasar\u00bb,<\/strong> <\/em>dijo.<\/p>\n<p>&nbsp;<\/p>\n<p>&nbsp;<\/p>\n<p>Un hombre corre para ponerse a cubierto mientras el humo se eleva en el fondo tras un ataque a\u00e9reo israel\u00ed en Dahiyeh, Beirut, L\u00edbano, el viernes 4 de octubre de 2024. (AP Foto\/Hassan Ammar)<\/p>\n<p>&nbsp;<\/p>\n<p>&nbsp;<\/p>\n<p>&nbsp;<\/p>\n<p>&nbsp;<\/p>\n<p>Generaciones de libaneses han lidiado entre irse en busca de mejores oportunidades o escapar de varios momentos de tumulto \u2014desde una guerra civil de 15 a\u00f1os hasta ocupaciones militares, bombardeos y asesinatos pol\u00edticos\u2014 o quedarse en un L\u00edbano que, a pesar de sus numerosas cicatrices, conserva su atractivo para muchos. El L\u00edbano, hogar de m\u00faltiples grupos religiosos, incluidos cristianos y musulmanes sun\u00edes y chi\u00edtas, se enorgullece de sus grandes comunidades de emigrantes, que incluyen empresarios exitosos y celebridades de ascendencia libanesa.<\/p>\n<p>&nbsp;<\/p>\n<p>&nbsp;<\/p>\n<p>&nbsp;<\/p>\n<p>La actual escalada militar se desarrolla en medio de temores de que los combates puedan extenderse en la regi\u00f3n y se produce cuando la guerra entre Israel y Hamas en Gaza se acerca a la sombr\u00eda marca de un a\u00f1o.<\/p>\n<p>&nbsp;<\/p>\n<p>&nbsp;<\/p>\n<p>&nbsp;<\/p>\n<p><em><strong>\u00abLo que est\u00e1 sucediendo en la cima de Gaza es casi demasiado para soportar\u00bb,<\/strong><\/em> dijo James Zogby, presidente del Instituto \u00c1rabe Americano, con sede en Washington D.C.<\/p>\n<p>&nbsp;<\/p>\n<p>&nbsp;<\/p>\n<p><em><strong>\u00abCasi te enferma f\u00edsicamente solo tratando de comprender el alcance del trauma\u00bb<\/strong><\/em>, agreg\u00f3 Zogby, cuyo padre naci\u00f3 en el L\u00edbano.<\/p>\n<p>&nbsp;<\/p>\n<p>&nbsp;<\/p>\n<p>El L\u00edbano ya hab\u00eda estado al l\u00edmite y luchando bajo el peso de un colapso econ\u00f3mico, las consecuencias de una explosi\u00f3n portuaria masiva en 2020 y otras crisis. Lleva dos a\u00f1os sin presidente.<\/p>\n<p>&nbsp;<\/p>\n<p>&nbsp;<\/p>\n<p>Las personas cargan su equipaje mientras cruzan a Siria a pie, a trav\u00e9s de un cr\u00e1ter causado por los ataques a\u00e9reos israel\u00edes que buscan bloquear la carretera Beirut-Damasco en el cruce de Masnaa, en el este del valle de Bekaa, L\u00edb<\/p>\n<p>&nbsp;<\/p>\n<p>PUBLICADO EL 06 DE OCTUBRE DE 2024 Con informaci\u00f3n de redes sociales\/AP)<\/p>\n","protected":false},"excerpt":{"rendered":"<p>L\u00cdBANO.\u2014&nbsp; Fue hace un a\u00f1o cuando Jomana Siddiqui visit\u00f3 el L\u00edbano, donde naci\u00f3 su padre&#8230;<\/p>\n","protected":false},"author":1,"featured_media":200746,"comment_status":"open","ping_status":"open","sticky":false,"template":"","format":"standard","meta":{"_monsterinsights_skip_tracking":false,"_monsterinsights_sitenote_active":false,"_monsterinsights_sitenote_note":"","_monsterinsights_sitenote_category":0,"footnotes":""},"categories":[3],"tags":[],"class_list":["post"],"yoast_head":" \n<title>Sonora en Equipo. Los libaneses de todo el mundo temen por su patria y sus seres queridos a medida que aumenta la violencia MUNDO<\/title>\n<meta name=\"description\" content=\"L\u00cdBANO.\u2014&nbsp; Fue hace un a\u00f1o cuando Jomana Siddiqui visit\u00f3 el L\u00edbano, donde naci\u00f3 su padre y ahora est\u00e1 enterrado. Planeaba volver all\u00ed pronto; Esta En Sonora en Equipo publicamos toda la informaci\u00f3n de Sonora, M\u00e9xico y el Mundo de manera oportuna y busca que la libertad de expresi\u00f3n sea real. Visita nuestro medio informativo publicado desde Hermosillo, Sonora. %\" \/>\n<meta name=\"robots\" content=\"index, follow, max-snippet:-1, max-image-preview:large, max-video-preview:-1\" \/>\n<link rel=\"canonical\" href=\"https:\/\/www.sonoraenequipo.com.mx\/los-libaneses-de-todo-el-mundo-temen-por-su-patria-y-sus-seres-queridos-a-medida-que-aumenta-la-violencia\/\" \/>\n<meta property=\"og:locale\" content=\"es_ES\" \/>\n<meta property=\"og:type\" content=\"article\" \/>\n<meta property=\"og:title\" content=\"Sonora en Equipo. Los libaneses de todo el mundo temen por su patria y sus seres queridos a medida que aumenta la violencia MUNDO\" \/>\n<meta property=\"og:description\" content=\"L\u00cdBANO.\u2014&nbsp; Fue hace un a\u00f1o cuando Jomana Siddiqui visit\u00f3 el L\u00edbano, donde naci\u00f3 su padre y ahora est\u00e1 enterrado. Planeaba volver all\u00ed pronto; Esta En Sonora en Equipo publicamos toda la informaci\u00f3n de Sonora, M\u00e9xico y el Mundo de manera oportuna y busca que la libertad de expresi\u00f3n sea real. Visita nuestro medio informativo publicado desde Hermosillo, Sonora. %\" \/>\n<meta property=\"og:url\" content=\"https:\/\/www.sonoraenequipo.com.mx\/los-libaneses-de-todo-el-mundo-temen-por-su-patria-y-sus-seres-queridos-a-medida-que-aumenta-la-violencia\/\" \/>\n<meta property=\"og:site_name\" content=\"Sonora en Equipo.\" \/>\n<meta property=\"article:publisher\" content=\"https:\/\/www.facebook.com\/SonoraEE\/\" \/>\n<meta property=\"article:author\" content=\"https:\/\/www.facebook.com\/SonoraEE\" \/>\n<meta property=\"article:published_time\" content=\"2024-10-06T04:29:41+00:00\" \/>\n<meta property=\"article:modified_time\" content=\"2024-10-07T00:35:09+00:00\" \/>\n<meta property=\"og:image\" content=\"https:\/\/www.sonoraenequipo.com.mx\/storage\/2024\/10\/ataque-a-mezquita-min.jpg\" \/>\n\t<meta property=\"og:image:width\" content=\"900\" \/>\n\t<meta property=\"og:image:height\" content=\"600\" \/>\n\t<meta property=\"og:image:type\" content=\"image\/jpeg\" \/>\n<meta name=\"author\" content=\"enequipo\" \/>\n<meta name=\"twitter:card\" content=\"summary_large_image\" \/>\n<meta name=\"twitter:creator\" content=\"@sonoraenequipo\" \/>\n<meta name=\"twitter:site\" content=\"@sonoraenequipo\" \/>\n<meta name=\"twitter:label1\" content=\"Escrito por\" \/>\n\t<meta name=\"twitter:data1\" content=\"enequipo\" \/>\n\t<meta name=\"twitter:label2\" content=\"Tiempo de lectura\" \/>\n\t<meta name=\"twitter:data2\" content=\"3 minutos\" \/>\n<script type=\"application\/ld+json\" class=\"yoast-schema-graph\">{\"@context\":\"https:\/\/schema.org\",\"@graph\":[{\"@type\":\"Article\",\"@id\":\"https:\/\/www.sonoraenequipo.com.mx\/los-libaneses-de-todo-el-mundo-temen-por-su-patria-y-sus-seres-queridos-a-medida-que-aumenta-la-violencia\/#article\",\"isPartOf\":{\"@id\":\"https:\/\/www.sonoraenequipo.com.mx\/los-libaneses-de-todo-el-mundo-temen-por-su-patria-y-sus-seres-queridos-a-medida-que-aumenta-la-violencia\/\"},\"author\":{\"name\":\"enequipo\",\"@id\":\"https:\/\/www.sonoraenequipo.com.mx\/#\/schema\/person\/50102df0fb23a8fa9e8effad8fa81386\"},\"headline\":\"Los libaneses de todo el mundo temen por su patria y sus seres queridos a medida que aumenta la violencia\",\"datePublished\":\"2024-10-06T04:29:41+00:00\",\"dateModified\":\"2024-10-07T00:35:09+00:00\",\"mainEntityOfPage\":{\"@id\":\"https:\/\/www.sonoraenequipo.com.mx\/los-libaneses-de-todo-el-mundo-temen-por-su-patria-y-sus-seres-queridos-a-medida-que-aumenta-la-violencia\/\"},\"wordCount\":719,\"commentCount\":0,\"publisher\":{\"@id\":\"https:\/\/www.sonoraenequipo.com.mx\/#organization\"},\"image\":{\"@id\":\"https:\/\/www.sonoraenequipo.com.mx\/los-libaneses-de-todo-el-mundo-temen-por-su-patria-y-sus-seres-queridos-a-medida-que-aumenta-la-violencia\/#primaryimage\"},\"thumbnailUrl\":\"https:\/\/www.sonoraenequipo.com.mx\/storage\/2024\/10\/ataque-a-mezquita-min.jpg\",\"articleSection\":[\"MUNDO\"],\"inLanguage\":\"es\",\"potentialAction\":[{\"@type\":\"CommentAction\",\"name\":\"Comment\",\"target\":[\"https:\/\/www.sonoraenequipo.com.mx\/los-libaneses-de-todo-el-mundo-temen-por-su-patria-y-sus-seres-queridos-a-medida-que-aumenta-la-violencia\/#respond\"]}]},{\"@type\":\"WebPage\",\"@id\":\"https:\/\/www.sonoraenequipo.com.mx\/los-libaneses-de-todo-el-mundo-temen-por-su-patria-y-sus-seres-queridos-a-medida-que-aumenta-la-violencia\/\",\"url\":\"https:\/\/www.sonoraenequipo.com.mx\/los-libaneses-de-todo-el-mundo-temen-por-su-patria-y-sus-seres-queridos-a-medida-que-aumenta-la-violencia\/\",\"name\":\"Sonora en Equipo. Los libaneses de todo el mundo temen por su patria y sus seres queridos a medida que aumenta la violencia MUNDO\",\"isPartOf\":{\"@id\":\"https:\/\/www.sonoraenequipo.com.mx\/#website\"},\"primaryImageOfPage\":{\"@id\":\"https:\/\/www.sonoraenequipo.com.mx\/los-libaneses-de-todo-el-mundo-temen-por-su-patria-y-sus-seres-queridos-a-medida-que-aumenta-la-violencia\/#primaryimage\"},\"image\":{\"@id\":\"https:\/\/www.sonoraenequipo.com.mx\/los-libaneses-de-todo-el-mundo-temen-por-su-patria-y-sus-seres-queridos-a-medida-que-aumenta-la-violencia\/#primaryimage\"},\"thumbnailUrl\":\"https:\/\/www.sonoraenequipo.com.mx\/storage\/2024\/10\/ataque-a-mezquita-min.jpg\",\"datePublished\":\"2024-10-06T04:29:41+00:00\",\"dateModified\":\"2024-10-07T00:35:09+00:00\",\"description\":\"L\u00cdBANO.\u2014&nbsp; Fue hace un a\u00f1o cuando Jomana Siddiqui visit\u00f3 el L\u00edbano, donde naci\u00f3 su padre y ahora est\u00e1 enterrado. Planeaba volver all\u00ed pronto; Esta En Sonora en Equipo publicamos toda la informaci\u00f3n de Sonora, M\u00e9xico y el Mundo de manera oportuna y busca que la libertad de expresi\u00f3n sea real. Visita nuestro medio informativo publicado desde Hermosillo, Sonora. %\",\"breadcrumb\":{\"@id\":\"https:\/\/www.sonoraenequipo.com.mx\/los-libaneses-de-todo-el-mundo-temen-por-su-patria-y-sus-seres-queridos-a-medida-que-aumenta-la-violencia\/#breadcrumb\"},\"inLanguage\":\"es\",\"potentialAction\":[{\"@type\":\"ReadAction\",\"target\":[\"https:\/\/www.sonoraenequipo.com.mx\/los-libaneses-de-todo-el-mundo-temen-por-su-patria-y-sus-seres-queridos-a-medida-que-aumenta-la-violencia\/\"]}]},{\"@type\":\"ImageObject\",\"inLanguage\":\"es\",\"@id\":\"https:\/\/www.sonoraenequipo.com.mx\/los-libaneses-de-todo-el-mundo-temen-por-su-patria-y-sus-seres-queridos-a-medida-que-aumenta-la-violencia\/#primaryimage\",\"url\":\"https:\/\/www.sonoraenequipo.com.mx\/storage\/2024\/10\/ataque-a-mezquita-min.jpg\",\"contentUrl\":\"https:\/\/www.sonoraenequipo.com.mx\/storage\/2024\/10\/ataque-a-mezquita-min.jpg\",\"width\":900,\"height\":600},{\"@type\":\"BreadcrumbList\",\"@id\":\"https:\/\/www.sonoraenequipo.com.mx\/los-libaneses-de-todo-el-mundo-temen-por-su-patria-y-sus-seres-queridos-a-medida-que-aumenta-la-violencia\/#breadcrumb\",\"itemListElement\":[{\"@type\":\"ListItem\",\"position\":1,\"name\":\"Portada\",\"item\":\"https:\/\/www.sonoraenequipo.com.mx\/\"},{\"@type\":\"ListItem\",\"position\":2,\"name\":\"Los libaneses de todo el mundo temen por su patria y sus seres queridos a medida que aumenta la violencia\"}]},{\"@type\":\"WebSite\",\"@id\":\"https:\/\/www.sonoraenequipo.com.mx\/#website\",\"url\":\"https:\/\/www.sonoraenequipo.com.mx\/\",\"name\":\"Sonora en Equipo.\",\"description\":\"Diario en l\u00ednea con Noticias desde Hermosillo, Sonora\",\"publisher\":{\"@id\":\"https:\/\/www.sonoraenequipo.com.mx\/#organization\"},\"potentialAction\":[{\"@type\":\"SearchAction\",\"target\":{\"@type\":\"EntryPoint\",\"urlTemplate\":\"https:\/\/www.sonoraenequipo.com.mx\/?s={search_term_string}\"},\"query-input\":{\"@type\":\"PropertyValueSpecification\",\"valueRequired\":true,\"valueName\":\"search_term_string\"}}],\"inLanguage\":\"es\"},{\"@type\":\"Organization\",\"@id\":\"https:\/\/www.sonoraenequipo.com.mx\/#organization\",\"name\":\"Sonoraenequipo.com.mx\",\"url\":\"https:\/\/www.sonoraenequipo.com.mx\/\",\"logo\":{\"@type\":\"ImageObject\",\"inLanguage\":\"es\",\"@id\":\"https:\/\/www.sonoraenequipo.com.mx\/#\/schema\/logo\/image\/\",\"url\":\"https:\/\/www.sonoraenequipo.com.mx\/storage\/2019\/01\/sonoraenequipo_opt.png\",\"contentUrl\":\"https:\/\/www.sonoraenequipo.com.mx\/storage\/2019\/01\/sonoraenequipo_opt.png\",\"width\":375,\"height\":125,\"caption\":\"Sonoraenequipo.com.mx\"},\"image\":{\"@id\":\"https:\/\/www.sonoraenequipo.com.mx\/#\/schema\/logo\/image\/\"},\"sameAs\":[\"https:\/\/www.facebook.com\/SonoraEE\/\",\"https:\/\/x.com\/sonoraenequipo\",\"https:\/\/www.youtube.com\/channel\/UC338nW-lPEYmJQs4ZABQ1SQ\"]},{\"@type\":\"Person\",\"@id\":\"https:\/\/www.sonoraenequipo.com.mx\/#\/schema\/person\/50102df0fb23a8fa9e8effad8fa81386\",\"name\":\"enequipo\",\"image\":{\"@type\":\"ImageObject\",\"inLanguage\":\"es\",\"@id\":\"https:\/\/www.sonoraenequipo.com.mx\/#\/schema\/person\/image\/\",\"url\":\"https:\/\/secure.gravatar.com\/avatar\/049821681b589dabc0bc20695993ccebb09f5b5d4d790cd9251b97faac7c652b?s=96&d=blank&r=g\",\"contentUrl\":\"https:\/\/secure.gravatar.com\/avatar\/049821681b589dabc0bc20695993ccebb09f5b5d4d790cd9251b97faac7c652b?s=96&d=blank&r=g\",\"caption\":\"enequipo\"},\"sameAs\":[\"https:\/\/www.facebook.com\/SonoraEE\"]}]}<\/script>\n ","yoast_head_json":{"title":"Sonora en Equipo. Los libaneses de todo el mundo temen por su patria y sus seres queridos a medida que aumenta la violencia MUNDO","description":"L\u00cdBANO.\u2014&nbsp; Fue hace un a\u00f1o cuando Jomana Siddiqui visit\u00f3 el L\u00edbano, donde naci\u00f3 su padre y ahora est\u00e1 enterrado. Planeaba volver all\u00ed pronto; Esta En Sonora en Equipo publicamos toda la informaci\u00f3n de Sonora, M\u00e9xico y el Mundo de manera oportuna y busca que la libertad de expresi\u00f3n sea real. Visita nuestro medio informativo publicado desde Hermosillo, Sonora. %","robots":{"index":"index","follow":"follow","max-snippet":"max-snippet:-1","max-image-preview":"max-image-preview:large","max-video-preview":"max-video-preview:-1"},"canonical":"https:\/\/www.sonoraenequipo.com.mx\/los-libaneses-de-todo-el-mundo-temen-por-su-patria-y-sus-seres-queridos-a-medida-que-aumenta-la-violencia\/","og_locale":"es_ES","og_type":"article","og_title":"Sonora en Equipo. Los libaneses de todo el mundo temen por su patria y sus seres queridos a medida que aumenta la violencia MUNDO","og_description":"L\u00cdBANO.\u2014&nbsp; Fue hace un a\u00f1o cuando Jomana Siddiqui visit\u00f3 el L\u00edbano, donde naci\u00f3 su padre y ahora est\u00e1 enterrado. Planeaba volver all\u00ed pronto; Esta En Sonora en Equipo publicamos toda la informaci\u00f3n de Sonora, M\u00e9xico y el Mundo de manera oportuna y busca que la libertad de expresi\u00f3n sea real. Visita nuestro medio informativo publicado desde Hermosillo, Sonora. %","og_url":"https:\/\/www.sonoraenequipo.com.mx\/los-libaneses-de-todo-el-mundo-temen-por-su-patria-y-sus-seres-queridos-a-medida-que-aumenta-la-violencia\/","og_site_name":"Sonora en Equipo.","article_publisher":"https:\/\/www.facebook.com\/SonoraEE\/","article_author":"https:\/\/www.facebook.com\/SonoraEE","article_published_time":"2024-10-06T04:29:41+00:00","article_modified_time":"2024-10-07T00:35:09+00:00","og_image":[{"width":900,"height":600,"url":"https:\/\/www.sonoraenequipo.com.mx\/storage\/2024\/10\/ataque-a-mezquita-min.jpg","type":"image\/jpeg"}],"author":"enequipo","twitter_card":"summary_large_image","twitter_creator":"@sonoraenequipo","twitter_site":"@sonoraenequipo","twitter_misc":{"Escrito por":"enequipo","Tiempo de lectura":"3 minutos"},"schema":{"@context":"https:\/\/schema.org","@graph":[{"@type":"Article","@id":"https:\/\/www.sonoraenequipo.com.mx\/los-libaneses-de-todo-el-mundo-temen-por-su-patria-y-sus-seres-queridos-a-medida-que-aumenta-la-violencia\/#article","isPartOf":{"@id":"https:\/\/www.sonoraenequipo.com.mx\/los-libaneses-de-todo-el-mundo-temen-por-su-patria-y-sus-seres-queridos-a-medida-que-aumenta-la-violencia\/"},"author":{"name":"enequipo","@id":"https:\/\/www.sonoraenequipo.com.mx\/#\/schema\/person\/50102df0fb23a8fa9e8effad8fa81386"},"headline":"Los libaneses de todo el mundo temen por su patria y sus seres queridos a medida que aumenta la violencia","datePublished":"2024-10-06T04:29:41+00:00","dateModified":"2024-10-07T00:35:09+00:00","mainEntityOfPage":{"@id":"https:\/\/www.sonoraenequipo.com.mx\/los-libaneses-de-todo-el-mundo-temen-por-su-patria-y-sus-seres-queridos-a-medida-que-aumenta-la-violencia\/"},"wordCount":719,"commentCount":0,"publisher":{"@id":"https:\/\/www.sonoraenequipo.com.mx\/#organization"},"image":{"@id":"https:\/\/www.sonoraenequipo.com.mx\/los-libaneses-de-todo-el-mundo-temen-por-su-patria-y-sus-seres-queridos-a-medida-que-aumenta-la-violencia\/#primaryimage"},"thumbnailUrl":"https:\/\/www.sonoraenequipo.com.mx\/storage\/2024\/10\/ataque-a-mezquita-min.jpg","articleSection":["MUNDO"],"inLanguage":"es","potentialAction":[{"@type":"CommentAction","name":"Comment","target":["https:\/\/www.sonoraenequipo.com.mx\/los-libaneses-de-todo-el-mundo-temen-por-su-patria-y-sus-seres-queridos-a-medida-que-aumenta-la-violencia\/#respond"]}]},{"@type":"WebPage","@id":"https:\/\/www.sonoraenequipo.com.mx\/los-libaneses-de-todo-el-mundo-temen-por-su-patria-y-sus-seres-queridos-a-medida-que-aumenta-la-violencia\/","url":"https:\/\/www.sonoraenequipo.com.mx\/los-libaneses-de-todo-el-mundo-temen-por-su-patria-y-sus-seres-queridos-a-medida-que-aumenta-la-violencia\/","name":"Sonora en Equipo. Los libaneses de todo el mundo temen por su patria y sus seres queridos a medida que aumenta la violencia MUNDO","isPartOf":{"@id":"https:\/\/www.sonoraenequipo.com.mx\/#website"},"primaryImageOfPage":{"@id":"https:\/\/www.sonoraenequipo.com.mx\/los-libaneses-de-todo-el-mundo-temen-por-su-patria-y-sus-seres-queridos-a-medida-que-aumenta-la-violencia\/#primaryimage"},"image":{"@id":"https:\/\/www.sonoraenequipo.com.mx\/los-libaneses-de-todo-el-mundo-temen-por-su-patria-y-sus-seres-queridos-a-medida-que-aumenta-la-violencia\/#primaryimage"},"thumbnailUrl":"https:\/\/www.sonoraenequipo.com.mx\/storage\/2024\/10\/ataque-a-mezquita-min.jpg","datePublished":"2024-10-06T04:29:41+00:00","dateModified":"2024-10-07T00:35:09+00:00","description":"L\u00cdBANO.\u2014&nbsp; Fue hace un a\u00f1o cuando Jomana Siddiqui visit\u00f3 el L\u00edbano, donde naci\u00f3 su padre y ahora est\u00e1 enterrado. Planeaba volver all\u00ed pronto; Esta En Sonora en Equipo publicamos toda la informaci\u00f3n de Sonora, M\u00e9xico y el Mundo de manera oportuna y busca que la libertad de expresi\u00f3n sea real. Visita nuestro medio informativo publicado desde Hermosillo, Sonora. %","breadcrumb":{"@id":"https:\/\/www.sonoraenequipo.com.mx\/los-libaneses-de-todo-el-mundo-temen-por-su-patria-y-sus-seres-queridos-a-medida-que-aumenta-la-violencia\/#breadcrumb"},"inLanguage":"es","potentialAction":[{"@type":"ReadAction","target":["https:\/\/www.sonoraenequipo.com.mx\/los-libaneses-de-todo-el-mundo-temen-por-su-patria-y-sus-seres-queridos-a-medida-que-aumenta-la-violencia\/"]}]},{"@type":"ImageObject","inLanguage":"es","@id":"https:\/\/www.sonoraenequipo.com.mx\/los-libaneses-de-todo-el-mundo-temen-por-su-patria-y-sus-seres-queridos-a-medida-que-aumenta-la-violencia\/#primaryimage","url":"https:\/\/www.sonoraenequipo.com.mx\/storage\/2024\/10\/ataque-a-mezquita-min.jpg","contentUrl":"https:\/\/www.sonoraenequipo.com.mx\/storage\/2024\/10\/ataque-a-mezquita-min.jpg","width":900,"height":600},{"@type":"BreadcrumbList","@id":"https:\/\/www.sonoraenequipo.com.mx\/los-libaneses-de-todo-el-mundo-temen-por-su-patria-y-sus-seres-queridos-a-medida-que-aumenta-la-violencia\/#breadcrumb","itemListElement":[{"@type":"ListItem","position":1,"name":"Portada","item":"https:\/\/www.sonoraenequipo.com.mx\/"},{"@type":"ListItem","position":2,"name":"Los libaneses de todo el mundo temen por su patria y sus seres queridos a medida que aumenta la violencia"}]},{"@type":"WebSite","@id":"https:\/\/www.sonoraenequipo.com.mx\/#website","url":"https:\/\/www.sonoraenequipo.com.mx\/","name":"Sonora en Equipo.","description":"Diario en l\u00ednea con Noticias desde Hermosillo, Sonora","publisher":{"@id":"https:\/\/www.sonoraenequipo.com.mx\/#organization"},"potentialAction":[{"@type":"SearchAction","target":{"@type":"EntryPoint","urlTemplate":"https:\/\/www.sonoraenequipo.com.mx\/?s={search_term_string}"},"query-input":{"@type":"PropertyValueSpecification","valueRequired":true,"valueName":"search_term_string"}}],"inLanguage":"es"},{"@type":"Organization","@id":"https:\/\/www.sonoraenequipo.com.mx\/#organization","name":"Sonoraenequipo.com.mx","url":"https:\/\/www.sonoraenequipo.com.mx\/","logo":{"@type":"ImageObject","inLanguage":"es","@id":"https:\/\/www.sonoraenequipo.com.mx\/#\/schema\/logo\/image\/","url":"https:\/\/www.sonoraenequipo.com.mx\/storage\/2019\/01\/sonoraenequipo_opt.png","contentUrl":"https:\/\/www.sonoraenequipo.com.mx\/storage\/2019\/01\/sonoraenequipo_opt.png","width":375,"height":125,"caption":"Sonoraenequipo.com.mx"},"image":{"@id":"https:\/\/www.sonoraenequipo.com.mx\/#\/schema\/logo\/image\/"},"sameAs":["https:\/\/www.facebook.com\/SonoraEE\/","https:\/\/x.com\/sonoraenequipo","https:\/\/www.youtube.com\/channel\/UC338nW-lPEYmJQs4ZABQ1SQ"]},{"@type":"Person","@id":"https:\/\/www.sonoraenequipo.com.mx\/#\/schema\/person\/50102df0fb23a8fa9e8effad8fa81386","name":"enequipo","image":{"@type":"ImageObject","inLanguage":"es","@id":"https:\/\/www.sonoraenequipo.com.mx\/#\/schema\/person\/image\/","url":"https:\/\/secure.gravatar.com\/avatar\/049821681b589dabc0bc20695993ccebb09f5b5d4d790cd9251b97faac7c652b?s=96&d=blank&r=g","contentUrl":"https:\/\/secure.gravatar.com\/avatar\/049821681b589dabc0bc20695993ccebb09f5b5d4d790cd9251b97faac7c652b?s=96&d=blank&r=g","caption":"enequipo"},"sameAs":["https:\/\/www.facebook.com\/SonoraEE"]}]}},"jetpack_featured_media_url":"https:\/\/www.sonoraenequipo.com.mx\/storage\/2024\/10\/ataque-a-mezquita-min.jpg","_links":{"self":[{"href":"https:\/\/www.sonoraenequipo.com.mx\/api\/wp\/v2\/posts\/200759","targetHints":{"allow":["GET"]}}],"collection":[{"href":"https:\/\/www.sonoraenequipo.com.mx\/api\/wp\/v2\/posts"}],"about":[{"href":"https:\/\/www.sonoraenequipo.com.mx\/api\/wp\/v2\/types\/post"}],"author":[{"embeddable":true,"href":"https:\/\/www.sonoraenequipo.com.mx\/api\/wp\/v2\/users\/1"}],"replies":[{"embeddable":true,"href":"https:\/\/www.sonoraenequipo.com.mx\/api\/wp\/v2\/comments?post=200759"}],"version-history":[{"count":2,"href":"https:\/\/www.sonoraenequipo.com.mx\/api\/wp\/v2\/posts\/200759\/revisions"}],"predecessor-version":[{"id":200761,"href":"https:\/\/www.sonoraenequipo.com.mx\/api\/wp\/v2\/posts\/200759\/revisions\/200761"}],"wp:featuredmedia":[{"embeddable":true,"href":"https:\/\/www.sonoraenequipo.com.mx\/api\/wp\/v2\/media\/200746"}],"wp:attachment":[{"href":"https:\/\/www.sonoraenequipo.com.mx\/api\/wp\/v2\/media?parent=200759"}],"wp:term":[{"taxonomy":"category","embeddable":true,"href":"https:\/\/www.sonoraenequipo.com.mx\/api\/wp\/v2\/categories?post=200759"},{"taxonomy":"post_tag","embeddable":true,"href":"https:\/\/www.sonoraenequipo.com.mx\/api\/wp\/v2\/tags?post=200759"}],"curies":[{"name":"wp","href":"https:\/\/api.w.org\/{rel}","templated":true}]}}