{"id":200767,"date":"2024-10-06T20:22:22","date_gmt":"2024-10-07T03:22:22","guid":{"rendered":"https:\/\/www.sonoraenequipo.com.mx\/?p=200767"},"modified":"2024-10-07T08:44:43","modified_gmt":"2024-10-07T15:44:43","slug":"a-6-dias-de-haber-tomado-protesta-como-alcalde-de-chilpancingo-es-asesinado-alejandro-arcos","status":"publish","type":"post","link":"https:\/\/www.sonoraenequipo.com.mx\/a-6-dias-de-haber-tomado-protesta-como-alcalde-de-chilpancingo-es-asesinado-alejandro-arcos\/","title":{"rendered":"A 6 d\u00edas de haber tomado protesta como alcalde de Chilpancingo, es asesinado Alejandro Arcos"},"content":{"rendered":"<p><strong>CHILPANCINGO, GUERRERO. MX. \u2014<\/strong> Alejandro Arcos Catal\u00e1n, quien recientemente hab\u00eda asumido el cargo como alcalde de Chilpancingo el pasado 1 de octubre, fue asesinado pese a contar con protecci\u00f3n de la Guardia Nacional. Este ataque se suma a una creciente ola de violencia que ha sacudido a las autoridades locales en Guerrero.<\/p>\n<p>&nbsp;<\/p>\n<p>&nbsp;<\/p>\n<p>&nbsp;<\/p>\n<p> <br \/>\nEl dirigente nacional del PRI, Alejandro Moreno, confirm\u00f3 el asesinato a trav\u00e9s de sus redes sociales, lamentando la p\u00e9rdida del alcalde y registrando el reciente homicidio de Francisco Tapia, secretario del Ayuntamiento.<\/p>\n<blockquote class=\"twitter-tweet\" data-width=\"550\" data-dnt=\"true\">\n<p lang=\"es\" dir=\"ltr\">Condenamos en\u00e9rgicamente el asesinato de Alejandro Arcos, presidente municipal de Chilpancingo, Guerrero.<\/p>\n<p>Exigimos justicia por este cobarde crimen. \u00a1Basta ya de violencia e impunidad! Las y los guerrerenses no merecen vivir con miedo.<\/p>\n<p>Nuestra solidaridad y m\u00e1s sentidas\u2026<\/p>\n<p>&mdash; PRI (@PRI_Nacional) <a href=\"https:\/\/twitter.com\/PRI_Nacional\/status\/1843129553088061704?ref_src=twsrc%5Etfw\">October 7, 2024<\/a><\/p><\/blockquote>\n<p><script async src=\"https:\/\/platform.twitter.com\/widgets.js\" charset=\"utf-8\"><\/script><\/p>\n<p><em><strong>\u201cFuncionarios j\u00f3venes y honestos, comprometidos con el progreso de su comunidad, han sido v\u00edctimas de la violencia\u201d,<\/strong><\/em> expres\u00f3 Moreno.<\/p>\n<p>&nbsp;<\/p>\n<h3>Investigaci\u00f3n en curso<\/h3>\n<p>&nbsp;<\/p>\n<p>&nbsp;<\/p>\n<p>La Fiscal\u00eda General del Estado de Guerrero inform\u00f3 que se ha iniciado una investigaci\u00f3n por homicidio calificado contra quienes resultan responsables.<\/p>\n<p>&nbsp;<\/p>\n<p>&nbsp;<\/p>\n<p>Aunque las autoridades han mantenido un hermetismo respecto a los detalles del crimen, se report\u00f3 que cerca de las 6:00 de la tarde del lunes 2 de octubre fueron hallados restos humanos en la colonia Villas del Roble.<\/p>\n<blockquote class=\"twitter-tweet\" data-width=\"550\" data-dnt=\"true\">\n<p lang=\"es\" dir=\"ltr\">Han asesinado a nuestro alcalde de Chilpancingo, Alejandro Arcos, y hace apenas tres d\u00edas al secretario de este mismo Ayuntamiento, Francisco Tapia. <br \/>Llevaban menos de una semana en el cargo. Funcionarios j\u00f3venes y honestos que buscaban progreso para su comunidad. <br \/>Nuestro p\u00e9same\u2026<\/p>\n<p>&mdash; Alejandro Moreno (@alitomorenoc) <a href=\"https:\/\/twitter.com\/alitomorenoc\/status\/1843122781199704197?ref_src=twsrc%5Etfw\">October 7, 2024<\/a><\/p><\/blockquote>\n<p><script async src=\"https:\/\/platform.twitter.com\/widgets.js\" charset=\"utf-8\"><\/script><\/p>\n<p>&nbsp;<\/p>\n<p>Entre los restos se encontr\u00f3 una cabeza cercenada sobre una camioneta Volkswagen Robust, lo que inicialmente gener\u00f3 confusi\u00f3n sobre la identidad de la v\u00edctima, pero m\u00e1s tarde se confirm\u00f3 que se trataba del alcalde.<\/p>\n<p>&nbsp;<\/p>\n<p>&nbsp;<\/p>\n<p>Tras el hallazgo, se intensificaron los operativos de seguridad en varias colonias de Chilpancingo, con la presencia de la Guardia Nacional y la Polic\u00eda Estatal. Los habitantes de la ciudad han mostrado preocupaci\u00f3n ante la creciente inseguridad que afecta a las autoridades locales, sumada al temor por las posibles represalias.<\/p>\n<p>&nbsp;<\/p>\n<p>&nbsp;<\/p>\n<h3>Una carrera pol\u00edtica marcada por la violencia<\/h3>\n<p>&nbsp;<\/p>\n<p>&nbsp;<\/p>\n<p>Alejandro Arcos hab\u00eda participado en tres elecciones para la alcald\u00eda de Chilpancingo antes de finalmente ganar en las elecciones de junio pasado, donde venci\u00f3 al candidato de Morena, Jorge Salgado Parra, por un estrecho margen de votos. Sin embargo, su gesti\u00f3n fue truncada apenas unos d\u00edas despu\u00e9s de asumir el cargo.<\/p>\n<p>&nbsp;<\/p>\n<p>&nbsp;<\/p>\n<p>Este asesinato sigue al de Francisco Gonzalo Tapia Guti\u00e9rrez, secretario general del Ayuntamiento, quien fue ultimado a balazos el jueves pasado en pleno centro de la ciudad.<\/p>\n<p>&nbsp;<\/p>\n<p>&nbsp;<\/p>\n<p>Adem\u00e1s, el 27 de septiembre, otro funcionario de alto perfil, Ulises \u201cN\u201d, coordinador de la Unidad de Fuerzas Especiales de la Polic\u00eda Estatal, tambi\u00e9n fue asesinado, en lo que parec\u00eda ser un nuevo cap\u00edtulo de la escalada de violencia en el estado.<\/p>\n<p>&nbsp;<\/p>\n<p>&nbsp;<\/p>\n<p>PUBLICADO EL 06 DE OCTUBRE DE 2024 Con informaci\u00f3n de medios nacionales)<\/p>\n","protected":false},"excerpt":{"rendered":"<p>CHILPANCINGO, GUERRERO. MX. \u2014 Alejandro Arcos Catal\u00e1n, quien recientemente hab\u00eda asumido el cargo como alcalde&#8230;<\/p>\n","protected":false},"author":1,"featured_media":200769,"comment_status":"open","ping_status":"open","sticky":false,"template":"","format":"standard","meta":{"_monsterinsights_skip_tracking":false,"_monsterinsights_sitenote_active":false,"_monsterinsights_sitenote_note":"","_monsterinsights_sitenote_category":0,"footnotes":""},"categories":[5],"tags":[],"class_list":["post"],"yoast_head":" \n<title>Sonora en Equipo. A 6 d\u00edas de haber tomado protesta como alcalde de Chilpancingo, es asesinado Alejandro Arcos Rep\u00fablica<\/title>\n<meta name=\"description\" content=\"CHILPANCINGO, GUERRERO. MX. \u2014 Alejandro Arcos Catal\u00e1n, quien recientemente hab\u00eda asumido el cargo como alcalde de Chilpancingo el pasado 1 de octubre, fue En Sonora en Equipo publicamos toda la informaci\u00f3n de Sonora, M\u00e9xico y el Mundo de manera oportuna y busca que la libertad de expresi\u00f3n sea real. Visita nuestro medio informativo publicado desde Hermosillo, Sonora. %\" \/>\n<meta name=\"robots\" content=\"index, follow, max-snippet:-1, max-image-preview:large, max-video-preview:-1\" \/>\n<link rel=\"canonical\" href=\"https:\/\/www.sonoraenequipo.com.mx\/a-6-dias-de-haber-tomado-protesta-como-alcalde-de-chilpancingo-es-asesinado-alejandro-arcos\/\" \/>\n<meta property=\"og:locale\" content=\"es_ES\" \/>\n<meta property=\"og:type\" content=\"article\" \/>\n<meta property=\"og:title\" content=\"Sonora en Equipo. A 6 d\u00edas de haber tomado protesta como alcalde de Chilpancingo, es asesinado Alejandro Arcos Rep\u00fablica\" \/>\n<meta property=\"og:description\" content=\"CHILPANCINGO, GUERRERO. MX. \u2014 Alejandro Arcos Catal\u00e1n, quien recientemente hab\u00eda asumido el cargo como alcalde de Chilpancingo el pasado 1 de octubre, fue En Sonora en Equipo publicamos toda la informaci\u00f3n de Sonora, M\u00e9xico y el Mundo de manera oportuna y busca que la libertad de expresi\u00f3n sea real. Visita nuestro medio informativo publicado desde Hermosillo, Sonora. %\" \/>\n<meta property=\"og:url\" content=\"https:\/\/www.sonoraenequipo.com.mx\/a-6-dias-de-haber-tomado-protesta-como-alcalde-de-chilpancingo-es-asesinado-alejandro-arcos\/\" \/>\n<meta property=\"og:site_name\" content=\"Sonora en Equipo.\" \/>\n<meta property=\"article:publisher\" content=\"https:\/\/www.facebook.com\/SonoraEE\/\" \/>\n<meta property=\"article:author\" content=\"https:\/\/www.facebook.com\/SonoraEE\" \/>\n<meta property=\"article:published_time\" content=\"2024-10-07T03:22:22+00:00\" \/>\n<meta property=\"article:modified_time\" content=\"2024-10-07T15:44:43+00:00\" \/>\n<meta property=\"og:image\" content=\"https:\/\/www.sonoraenequipo.com.mx\/storage\/2024\/10\/alejandro-arcos-pres.-mpal-de-Chilpancingo-Gro.-jpg-min.jpg\" \/>\n\t<meta property=\"og:image:width\" content=\"900\" \/>\n\t<meta property=\"og:image:height\" content=\"525\" \/>\n\t<meta property=\"og:image:type\" content=\"image\/jpeg\" \/>\n<meta name=\"author\" content=\"enequipo\" \/>\n<meta name=\"twitter:card\" content=\"summary_large_image\" \/>\n<meta name=\"twitter:creator\" content=\"@sonoraenequipo\" \/>\n<meta name=\"twitter:site\" content=\"@sonoraenequipo\" \/>\n<meta name=\"twitter:label1\" content=\"Escrito por\" \/>\n\t<meta name=\"twitter:data1\" content=\"enequipo\" \/>\n\t<meta name=\"twitter:label2\" content=\"Tiempo de lectura\" \/>\n\t<meta name=\"twitter:data2\" content=\"2 minutos\" \/>\n<script type=\"application\/ld+json\" class=\"yoast-schema-graph\">{\"@context\":\"https:\/\/schema.org\",\"@graph\":[{\"@type\":\"Article\",\"@id\":\"https:\/\/www.sonoraenequipo.com.mx\/a-6-dias-de-haber-tomado-protesta-como-alcalde-de-chilpancingo-es-asesinado-alejandro-arcos\/#article\",\"isPartOf\":{\"@id\":\"https:\/\/www.sonoraenequipo.com.mx\/a-6-dias-de-haber-tomado-protesta-como-alcalde-de-chilpancingo-es-asesinado-alejandro-arcos\/\"},\"author\":{\"name\":\"enequipo\",\"@id\":\"https:\/\/www.sonoraenequipo.com.mx\/#\/schema\/person\/50102df0fb23a8fa9e8effad8fa81386\"},\"headline\":\"A 6 d\u00edas de haber tomado protesta como alcalde de Chilpancingo, es asesinado Alejandro Arcos\",\"datePublished\":\"2024-10-07T03:22:22+00:00\",\"dateModified\":\"2024-10-07T15:44:43+00:00\",\"mainEntityOfPage\":{\"@id\":\"https:\/\/www.sonoraenequipo.com.mx\/a-6-dias-de-haber-tomado-protesta-como-alcalde-de-chilpancingo-es-asesinado-alejandro-arcos\/\"},\"wordCount\":456,\"commentCount\":0,\"publisher\":{\"@id\":\"https:\/\/www.sonoraenequipo.com.mx\/#organization\"},\"image\":{\"@id\":\"https:\/\/www.sonoraenequipo.com.mx\/a-6-dias-de-haber-tomado-protesta-como-alcalde-de-chilpancingo-es-asesinado-alejandro-arcos\/#primaryimage\"},\"thumbnailUrl\":\"https:\/\/www.sonoraenequipo.com.mx\/storage\/2024\/10\/alejandro-arcos-pres.-mpal-de-Chilpancingo-Gro.-jpg-min.jpg\",\"articleSection\":[\"Rep\u00fablica\"],\"inLanguage\":\"es\",\"potentialAction\":[{\"@type\":\"CommentAction\",\"name\":\"Comment\",\"target\":[\"https:\/\/www.sonoraenequipo.com.mx\/a-6-dias-de-haber-tomado-protesta-como-alcalde-de-chilpancingo-es-asesinado-alejandro-arcos\/#respond\"]}]},{\"@type\":\"WebPage\",\"@id\":\"https:\/\/www.sonoraenequipo.com.mx\/a-6-dias-de-haber-tomado-protesta-como-alcalde-de-chilpancingo-es-asesinado-alejandro-arcos\/\",\"url\":\"https:\/\/www.sonoraenequipo.com.mx\/a-6-dias-de-haber-tomado-protesta-como-alcalde-de-chilpancingo-es-asesinado-alejandro-arcos\/\",\"name\":\"Sonora en Equipo. A 6 d\u00edas de haber tomado protesta como alcalde de Chilpancingo, es asesinado Alejandro Arcos Rep\u00fablica\",\"isPartOf\":{\"@id\":\"https:\/\/www.sonoraenequipo.com.mx\/#website\"},\"primaryImageOfPage\":{\"@id\":\"https:\/\/www.sonoraenequipo.com.mx\/a-6-dias-de-haber-tomado-protesta-como-alcalde-de-chilpancingo-es-asesinado-alejandro-arcos\/#primaryimage\"},\"image\":{\"@id\":\"https:\/\/www.sonoraenequipo.com.mx\/a-6-dias-de-haber-tomado-protesta-como-alcalde-de-chilpancingo-es-asesinado-alejandro-arcos\/#primaryimage\"},\"thumbnailUrl\":\"https:\/\/www.sonoraenequipo.com.mx\/storage\/2024\/10\/alejandro-arcos-pres.-mpal-de-Chilpancingo-Gro.-jpg-min.jpg\",\"datePublished\":\"2024-10-07T03:22:22+00:00\",\"dateModified\":\"2024-10-07T15:44:43+00:00\",\"description\":\"CHILPANCINGO, GUERRERO. MX. \u2014 Alejandro Arcos Catal\u00e1n, quien recientemente hab\u00eda asumido el cargo como alcalde de Chilpancingo el pasado 1 de octubre, fue En Sonora en Equipo publicamos toda la informaci\u00f3n de Sonora, M\u00e9xico y el Mundo de manera oportuna y busca que la libertad de expresi\u00f3n sea real. Visita nuestro medio informativo publicado desde Hermosillo, Sonora. %\",\"breadcrumb\":{\"@id\":\"https:\/\/www.sonoraenequipo.com.mx\/a-6-dias-de-haber-tomado-protesta-como-alcalde-de-chilpancingo-es-asesinado-alejandro-arcos\/#breadcrumb\"},\"inLanguage\":\"es\",\"potentialAction\":[{\"@type\":\"ReadAction\",\"target\":[\"https:\/\/www.sonoraenequipo.com.mx\/a-6-dias-de-haber-tomado-protesta-como-alcalde-de-chilpancingo-es-asesinado-alejandro-arcos\/\"]}]},{\"@type\":\"ImageObject\",\"inLanguage\":\"es\",\"@id\":\"https:\/\/www.sonoraenequipo.com.mx\/a-6-dias-de-haber-tomado-protesta-como-alcalde-de-chilpancingo-es-asesinado-alejandro-arcos\/#primaryimage\",\"url\":\"https:\/\/www.sonoraenequipo.com.mx\/storage\/2024\/10\/alejandro-arcos-pres.-mpal-de-Chilpancingo-Gro.-jpg-min.jpg\",\"contentUrl\":\"https:\/\/www.sonoraenequipo.com.mx\/storage\/2024\/10\/alejandro-arcos-pres.-mpal-de-Chilpancingo-Gro.-jpg-min.jpg\",\"width\":900,\"height\":525},{\"@type\":\"BreadcrumbList\",\"@id\":\"https:\/\/www.sonoraenequipo.com.mx\/a-6-dias-de-haber-tomado-protesta-como-alcalde-de-chilpancingo-es-asesinado-alejandro-arcos\/#breadcrumb\",\"itemListElement\":[{\"@type\":\"ListItem\",\"position\":1,\"name\":\"Portada\",\"item\":\"https:\/\/www.sonoraenequipo.com.mx\/\"},{\"@type\":\"ListItem\",\"position\":2,\"name\":\"A 6 d\u00edas de haber tomado protesta como alcalde de Chilpancingo, es asesinado Alejandro Arcos\"}]},{\"@type\":\"WebSite\",\"@id\":\"https:\/\/www.sonoraenequipo.com.mx\/#website\",\"url\":\"https:\/\/www.sonoraenequipo.com.mx\/\",\"name\":\"Sonora en Equipo.\",\"description\":\"Diario en l\u00ednea con Noticias desde Hermosillo, Sonora\",\"publisher\":{\"@id\":\"https:\/\/www.sonoraenequipo.com.mx\/#organization\"},\"potentialAction\":[{\"@type\":\"SearchAction\",\"target\":{\"@type\":\"EntryPoint\",\"urlTemplate\":\"https:\/\/www.sonoraenequipo.com.mx\/?s={search_term_string}\"},\"query-input\":{\"@type\":\"PropertyValueSpecification\",\"valueRequired\":true,\"valueName\":\"search_term_string\"}}],\"inLanguage\":\"es\"},{\"@type\":\"Organization\",\"@id\":\"https:\/\/www.sonoraenequipo.com.mx\/#organization\",\"name\":\"Sonoraenequipo.com.mx\",\"url\":\"https:\/\/www.sonoraenequipo.com.mx\/\",\"logo\":{\"@type\":\"ImageObject\",\"inLanguage\":\"es\",\"@id\":\"https:\/\/www.sonoraenequipo.com.mx\/#\/schema\/logo\/image\/\",\"url\":\"https:\/\/www.sonoraenequipo.com.mx\/storage\/2019\/01\/sonoraenequipo_opt.png\",\"contentUrl\":\"https:\/\/www.sonoraenequipo.com.mx\/storage\/2019\/01\/sonoraenequipo_opt.png\",\"width\":375,\"height\":125,\"caption\":\"Sonoraenequipo.com.mx\"},\"image\":{\"@id\":\"https:\/\/www.sonoraenequipo.com.mx\/#\/schema\/logo\/image\/\"},\"sameAs\":[\"https:\/\/www.facebook.com\/SonoraEE\/\",\"https:\/\/x.com\/sonoraenequipo\",\"https:\/\/www.youtube.com\/channel\/UC338nW-lPEYmJQs4ZABQ1SQ\"]},{\"@type\":\"Person\",\"@id\":\"https:\/\/www.sonoraenequipo.com.mx\/#\/schema\/person\/50102df0fb23a8fa9e8effad8fa81386\",\"name\":\"enequipo\",\"image\":{\"@type\":\"ImageObject\",\"inLanguage\":\"es\",\"@id\":\"https:\/\/www.sonoraenequipo.com.mx\/#\/schema\/person\/image\/\",\"url\":\"https:\/\/secure.gravatar.com\/avatar\/049821681b589dabc0bc20695993ccebb09f5b5d4d790cd9251b97faac7c652b?s=96&d=blank&r=g\",\"contentUrl\":\"https:\/\/secure.gravatar.com\/avatar\/049821681b589dabc0bc20695993ccebb09f5b5d4d790cd9251b97faac7c652b?s=96&d=blank&r=g\",\"caption\":\"enequipo\"},\"sameAs\":[\"https:\/\/www.facebook.com\/SonoraEE\"]}]}<\/script>\n ","yoast_head_json":{"title":"Sonora en Equipo. A 6 d\u00edas de haber tomado protesta como alcalde de Chilpancingo, es asesinado Alejandro Arcos Rep\u00fablica","description":"CHILPANCINGO, GUERRERO. MX. \u2014 Alejandro Arcos Catal\u00e1n, quien recientemente hab\u00eda asumido el cargo como alcalde de Chilpancingo el pasado 1 de octubre, fue En Sonora en Equipo publicamos toda la informaci\u00f3n de Sonora, M\u00e9xico y el Mundo de manera oportuna y busca que la libertad de expresi\u00f3n sea real. Visita nuestro medio informativo publicado desde Hermosillo, Sonora. %","robots":{"index":"index","follow":"follow","max-snippet":"max-snippet:-1","max-image-preview":"max-image-preview:large","max-video-preview":"max-video-preview:-1"},"canonical":"https:\/\/www.sonoraenequipo.com.mx\/a-6-dias-de-haber-tomado-protesta-como-alcalde-de-chilpancingo-es-asesinado-alejandro-arcos\/","og_locale":"es_ES","og_type":"article","og_title":"Sonora en Equipo. A 6 d\u00edas de haber tomado protesta como alcalde de Chilpancingo, es asesinado Alejandro Arcos Rep\u00fablica","og_description":"CHILPANCINGO, GUERRERO. MX. \u2014 Alejandro Arcos Catal\u00e1n, quien recientemente hab\u00eda asumido el cargo como alcalde de Chilpancingo el pasado 1 de octubre, fue En Sonora en Equipo publicamos toda la informaci\u00f3n de Sonora, M\u00e9xico y el Mundo de manera oportuna y busca que la libertad de expresi\u00f3n sea real. Visita nuestro medio informativo publicado desde Hermosillo, Sonora. %","og_url":"https:\/\/www.sonoraenequipo.com.mx\/a-6-dias-de-haber-tomado-protesta-como-alcalde-de-chilpancingo-es-asesinado-alejandro-arcos\/","og_site_name":"Sonora en Equipo.","article_publisher":"https:\/\/www.facebook.com\/SonoraEE\/","article_author":"https:\/\/www.facebook.com\/SonoraEE","article_published_time":"2024-10-07T03:22:22+00:00","article_modified_time":"2024-10-07T15:44:43+00:00","og_image":[{"width":900,"height":525,"url":"https:\/\/www.sonoraenequipo.com.mx\/storage\/2024\/10\/alejandro-arcos-pres.-mpal-de-Chilpancingo-Gro.-jpg-min.jpg","type":"image\/jpeg"}],"author":"enequipo","twitter_card":"summary_large_image","twitter_creator":"@sonoraenequipo","twitter_site":"@sonoraenequipo","twitter_misc":{"Escrito por":"enequipo","Tiempo de lectura":"2 minutos"},"schema":{"@context":"https:\/\/schema.org","@graph":[{"@type":"Article","@id":"https:\/\/www.sonoraenequipo.com.mx\/a-6-dias-de-haber-tomado-protesta-como-alcalde-de-chilpancingo-es-asesinado-alejandro-arcos\/#article","isPartOf":{"@id":"https:\/\/www.sonoraenequipo.com.mx\/a-6-dias-de-haber-tomado-protesta-como-alcalde-de-chilpancingo-es-asesinado-alejandro-arcos\/"},"author":{"name":"enequipo","@id":"https:\/\/www.sonoraenequipo.com.mx\/#\/schema\/person\/50102df0fb23a8fa9e8effad8fa81386"},"headline":"A 6 d\u00edas de haber tomado protesta como alcalde de Chilpancingo, es asesinado Alejandro Arcos","datePublished":"2024-10-07T03:22:22+00:00","dateModified":"2024-10-07T15:44:43+00:00","mainEntityOfPage":{"@id":"https:\/\/www.sonoraenequipo.com.mx\/a-6-dias-de-haber-tomado-protesta-como-alcalde-de-chilpancingo-es-asesinado-alejandro-arcos\/"},"wordCount":456,"commentCount":0,"publisher":{"@id":"https:\/\/www.sonoraenequipo.com.mx\/#organization"},"image":{"@id":"https:\/\/www.sonoraenequipo.com.mx\/a-6-dias-de-haber-tomado-protesta-como-alcalde-de-chilpancingo-es-asesinado-alejandro-arcos\/#primaryimage"},"thumbnailUrl":"https:\/\/www.sonoraenequipo.com.mx\/storage\/2024\/10\/alejandro-arcos-pres.-mpal-de-Chilpancingo-Gro.-jpg-min.jpg","articleSection":["Rep\u00fablica"],"inLanguage":"es","potentialAction":[{"@type":"CommentAction","name":"Comment","target":["https:\/\/www.sonoraenequipo.com.mx\/a-6-dias-de-haber-tomado-protesta-como-alcalde-de-chilpancingo-es-asesinado-alejandro-arcos\/#respond"]}]},{"@type":"WebPage","@id":"https:\/\/www.sonoraenequipo.com.mx\/a-6-dias-de-haber-tomado-protesta-como-alcalde-de-chilpancingo-es-asesinado-alejandro-arcos\/","url":"https:\/\/www.sonoraenequipo.com.mx\/a-6-dias-de-haber-tomado-protesta-como-alcalde-de-chilpancingo-es-asesinado-alejandro-arcos\/","name":"Sonora en Equipo. A 6 d\u00edas de haber tomado protesta como alcalde de Chilpancingo, es asesinado Alejandro Arcos Rep\u00fablica","isPartOf":{"@id":"https:\/\/www.sonoraenequipo.com.mx\/#website"},"primaryImageOfPage":{"@id":"https:\/\/www.sonoraenequipo.com.mx\/a-6-dias-de-haber-tomado-protesta-como-alcalde-de-chilpancingo-es-asesinado-alejandro-arcos\/#primaryimage"},"image":{"@id":"https:\/\/www.sonoraenequipo.com.mx\/a-6-dias-de-haber-tomado-protesta-como-alcalde-de-chilpancingo-es-asesinado-alejandro-arcos\/#primaryimage"},"thumbnailUrl":"https:\/\/www.sonoraenequipo.com.mx\/storage\/2024\/10\/alejandro-arcos-pres.-mpal-de-Chilpancingo-Gro.-jpg-min.jpg","datePublished":"2024-10-07T03:22:22+00:00","dateModified":"2024-10-07T15:44:43+00:00","description":"CHILPANCINGO, GUERRERO. MX. \u2014 Alejandro Arcos Catal\u00e1n, quien recientemente hab\u00eda asumido el cargo como alcalde de Chilpancingo el pasado 1 de octubre, fue En Sonora en Equipo publicamos toda la informaci\u00f3n de Sonora, M\u00e9xico y el Mundo de manera oportuna y busca que la libertad de expresi\u00f3n sea real. Visita nuestro medio informativo publicado desde Hermosillo, Sonora. %","breadcrumb":{"@id":"https:\/\/www.sonoraenequipo.com.mx\/a-6-dias-de-haber-tomado-protesta-como-alcalde-de-chilpancingo-es-asesinado-alejandro-arcos\/#breadcrumb"},"inLanguage":"es","potentialAction":[{"@type":"ReadAction","target":["https:\/\/www.sonoraenequipo.com.mx\/a-6-dias-de-haber-tomado-protesta-como-alcalde-de-chilpancingo-es-asesinado-alejandro-arcos\/"]}]},{"@type":"ImageObject","inLanguage":"es","@id":"https:\/\/www.sonoraenequipo.com.mx\/a-6-dias-de-haber-tomado-protesta-como-alcalde-de-chilpancingo-es-asesinado-alejandro-arcos\/#primaryimage","url":"https:\/\/www.sonoraenequipo.com.mx\/storage\/2024\/10\/alejandro-arcos-pres.-mpal-de-Chilpancingo-Gro.-jpg-min.jpg","contentUrl":"https:\/\/www.sonoraenequipo.com.mx\/storage\/2024\/10\/alejandro-arcos-pres.-mpal-de-Chilpancingo-Gro.-jpg-min.jpg","width":900,"height":525},{"@type":"BreadcrumbList","@id":"https:\/\/www.sonoraenequipo.com.mx\/a-6-dias-de-haber-tomado-protesta-como-alcalde-de-chilpancingo-es-asesinado-alejandro-arcos\/#breadcrumb","itemListElement":[{"@type":"ListItem","position":1,"name":"Portada","item":"https:\/\/www.sonoraenequipo.com.mx\/"},{"@type":"ListItem","position":2,"name":"A 6 d\u00edas de haber tomado protesta como alcalde de Chilpancingo, es asesinado Alejandro Arcos"}]},{"@type":"WebSite","@id":"https:\/\/www.sonoraenequipo.com.mx\/#website","url":"https:\/\/www.sonoraenequipo.com.mx\/","name":"Sonora en Equipo.","description":"Diario en l\u00ednea con Noticias desde Hermosillo, Sonora","publisher":{"@id":"https:\/\/www.sonoraenequipo.com.mx\/#organization"},"potentialAction":[{"@type":"SearchAction","target":{"@type":"EntryPoint","urlTemplate":"https:\/\/www.sonoraenequipo.com.mx\/?s={search_term_string}"},"query-input":{"@type":"PropertyValueSpecification","valueRequired":true,"valueName":"search_term_string"}}],"inLanguage":"es"},{"@type":"Organization","@id":"https:\/\/www.sonoraenequipo.com.mx\/#organization","name":"Sonoraenequipo.com.mx","url":"https:\/\/www.sonoraenequipo.com.mx\/","logo":{"@type":"ImageObject","inLanguage":"es","@id":"https:\/\/www.sonoraenequipo.com.mx\/#\/schema\/logo\/image\/","url":"https:\/\/www.sonoraenequipo.com.mx\/storage\/2019\/01\/sonoraenequipo_opt.png","contentUrl":"https:\/\/www.sonoraenequipo.com.mx\/storage\/2019\/01\/sonoraenequipo_opt.png","width":375,"height":125,"caption":"Sonoraenequipo.com.mx"},"image":{"@id":"https:\/\/www.sonoraenequipo.com.mx\/#\/schema\/logo\/image\/"},"sameAs":["https:\/\/www.facebook.com\/SonoraEE\/","https:\/\/x.com\/sonoraenequipo","https:\/\/www.youtube.com\/channel\/UC338nW-lPEYmJQs4ZABQ1SQ"]},{"@type":"Person","@id":"https:\/\/www.sonoraenequipo.com.mx\/#\/schema\/person\/50102df0fb23a8fa9e8effad8fa81386","name":"enequipo","image":{"@type":"ImageObject","inLanguage":"es","@id":"https:\/\/www.sonoraenequipo.com.mx\/#\/schema\/person\/image\/","url":"https:\/\/secure.gravatar.com\/avatar\/049821681b589dabc0bc20695993ccebb09f5b5d4d790cd9251b97faac7c652b?s=96&d=blank&r=g","contentUrl":"https:\/\/secure.gravatar.com\/avatar\/049821681b589dabc0bc20695993ccebb09f5b5d4d790cd9251b97faac7c652b?s=96&d=blank&r=g","caption":"enequipo"},"sameAs":["https:\/\/www.facebook.com\/SonoraEE"]}]}},"jetpack_featured_media_url":"https:\/\/www.sonoraenequipo.com.mx\/storage\/2024\/10\/alejandro-arcos-pres.-mpal-de-Chilpancingo-Gro.-jpg-min.jpg","_links":{"self":[{"href":"https:\/\/www.sonoraenequipo.com.mx\/api\/wp\/v2\/posts\/200767","targetHints":{"allow":["GET"]}}],"collection":[{"href":"https:\/\/www.sonoraenequipo.com.mx\/api\/wp\/v2\/posts"}],"about":[{"href":"https:\/\/www.sonoraenequipo.com.mx\/api\/wp\/v2\/types\/post"}],"author":[{"embeddable":true,"href":"https:\/\/www.sonoraenequipo.com.mx\/api\/wp\/v2\/users\/1"}],"replies":[{"embeddable":true,"href":"https:\/\/www.sonoraenequipo.com.mx\/api\/wp\/v2\/comments?post=200767"}],"version-history":[{"count":1,"href":"https:\/\/www.sonoraenequipo.com.mx\/api\/wp\/v2\/posts\/200767\/revisions"}],"predecessor-version":[{"id":200778,"href":"https:\/\/www.sonoraenequipo.com.mx\/api\/wp\/v2\/posts\/200767\/revisions\/200778"}],"wp:featuredmedia":[{"embeddable":true,"href":"https:\/\/www.sonoraenequipo.com.mx\/api\/wp\/v2\/media\/200769"}],"wp:attachment":[{"href":"https:\/\/www.sonoraenequipo.com.mx\/api\/wp\/v2\/media?parent=200767"}],"wp:term":[{"taxonomy":"category","embeddable":true,"href":"https:\/\/www.sonoraenequipo.com.mx\/api\/wp\/v2\/categories?post=200767"},{"taxonomy":"post_tag","embeddable":true,"href":"https:\/\/www.sonoraenequipo.com.mx\/api\/wp\/v2\/tags?post=200767"}],"curies":[{"name":"wp","href":"https:\/\/api.w.org\/{rel}","templated":true}]}}