{"id":200780,"date":"2024-10-06T19:54:58","date_gmt":"2024-10-07T02:54:58","guid":{"rendered":"https:\/\/www.sonoraenequipo.com.mx\/?p=200780"},"modified":"2024-10-07T08:51:46","modified_gmt":"2024-10-07T15:51:46","slug":"sre-busca-la-liberacion-de-marinos-mexicanos-retenidos-en-el-mar-rojo","status":"publish","type":"post","link":"https:\/\/www.sonoraenequipo.com.mx\/sre-busca-la-liberacion-de-marinos-mexicanos-retenidos-en-el-mar-rojo\/","title":{"rendered":"SRE busca la liberaci\u00f3n de marinos mexicanos retenidos en el Mar Rojo"},"content":{"rendered":"<p><strong>CIUDAD DE M\u00c9XICO. MX.\u2014<\/strong> La Secretar\u00eda de Relaciones Exteriores (SRE) inform\u00f3 en un comunicado que est\u00e1 redoblando sus esfuerzos diplom\u00e1ticos para asegurar la liberaci\u00f3n de Arturo Zacar\u00edas y Marcos G\u00f3mez Jerez, dos marinos mexicanos retenidos desde noviembre del a\u00f1o pasado en el buque \u201cGalaxy Leader\u201d en el Mar Rojo.<\/p>\n<p>&nbsp;<\/p>\n<p>&nbsp;<\/p>\n<p> <br \/>\nEn el documento se inform\u00f3 que la SRE ha mantenido un contacto constante con los familiares de los marinos, asegur\u00e1ndoles que ambos se encuentran en buen estado de salud y fuera de peligro.<\/p>\n<p>&nbsp;<\/p>\n<p>&nbsp;<\/p>\n<p>La Canciller\u00eda ha ofrecido todo el apoyo necesario a las familias y ha reafirmado su compromiso de continuar con todas las gestiones posibles para lograr la pronta liberaci\u00f3n y repatriaci\u00f3n de los marinos.<\/p>\n<blockquote class=\"twitter-tweet\" data-width=\"550\" data-dnt=\"true\">\n<p lang=\"es\" dir=\"ltr\">NOTA INFORMATIVA. \u201cLa SRE informa sobre seguimiento de connacionales retenidos en el buque Galaxy Leader\u201d.<a href=\"https:\/\/t.co\/RUYWxejNOR\">https:\/\/t.co\/RUYWxejNOR<\/a> <a href=\"https:\/\/t.co\/ao19pf92xX\">pic.twitter.com\/ao19pf92xX<\/a><\/p>\n<p>&mdash; Relaciones Exteriores (@SRE_mx) <a href=\"https:\/\/twitter.com\/SRE_mx\/status\/1843052734406418486?ref_src=twsrc%5Etfw\">October 6, 2024<\/a><\/p><\/blockquote>\n<p><script async src=\"https:\/\/platform.twitter.com\/widgets.js\" charset=\"utf-8\"><\/script><\/p>\n<p>&nbsp;<\/p>\n<p>&nbsp;<\/p>\n<p>&nbsp;<\/p>\n<p>&nbsp;<\/p>\n<p>Adem\u00e1s, se ha establecido una comunicaci\u00f3n estrecha con el embajador de M\u00e9xico en Arabia Saudita, quien tambi\u00e9n es concurrente ante Yemen, para que contin\u00fae brindando apoyo y acompa\u00f1amiento a los familiares, utilizando todos los canales diplom\u00e1ticos disponibles para asegurar el regreso de los marinos a M\u00e9xico.<\/p>\n<p>&nbsp;<\/p>\n<p>&nbsp;<\/p>\n<p>PUBLICADO EL 06 DE OCTUBRE DE 2024 Con informaci\u00f3n de AP)<\/p>\n","protected":false},"excerpt":{"rendered":"<p>CIUDAD DE M\u00c9XICO. MX.\u2014 La Secretar\u00eda de Relaciones Exteriores (SRE) inform\u00f3 en un comunicado que&#8230;<\/p>\n","protected":false},"author":1,"featured_media":200772,"comment_status":"open","ping_status":"open","sticky":false,"template":"","format":"standard","meta":{"_monsterinsights_skip_tracking":false,"_monsterinsights_sitenote_active":false,"_monsterinsights_sitenote_note":"","_monsterinsights_sitenote_category":0,"footnotes":""},"categories":[3],"tags":[],"class_list":["post"],"yoast_head":" \n<title>Sonora en Equipo. SRE busca la liberaci\u00f3n de marinos mexicanos retenidos en el Mar Rojo MUNDO<\/title>\n<meta name=\"description\" content=\"CIUDAD DE M\u00c9XICO. MX.\u2014 La Secretar\u00eda de Relaciones Exteriores (SRE) inform\u00f3 en un comunicado que est\u00e1 redoblando sus esfuerzos diplom\u00e1ticos para asegurar En Sonora en Equipo publicamos toda la informaci\u00f3n de Sonora, M\u00e9xico y el Mundo de manera oportuna y busca que la libertad de expresi\u00f3n sea real. Visita nuestro medio informativo publicado desde Hermosillo, Sonora. %\" \/>\n<meta name=\"robots\" content=\"index, follow, max-snippet:-1, max-image-preview:large, max-video-preview:-1\" \/>\n<link rel=\"canonical\" href=\"https:\/\/www.sonoraenequipo.com.mx\/sre-busca-la-liberacion-de-marinos-mexicanos-retenidos-en-el-mar-rojo\/\" \/>\n<meta property=\"og:locale\" content=\"es_ES\" \/>\n<meta property=\"og:type\" content=\"article\" \/>\n<meta property=\"og:title\" content=\"Sonora en Equipo. SRE busca la liberaci\u00f3n de marinos mexicanos retenidos en el Mar Rojo MUNDO\" \/>\n<meta property=\"og:description\" content=\"CIUDAD DE M\u00c9XICO. MX.\u2014 La Secretar\u00eda de Relaciones Exteriores (SRE) inform\u00f3 en un comunicado que est\u00e1 redoblando sus esfuerzos diplom\u00e1ticos para asegurar En Sonora en Equipo publicamos toda la informaci\u00f3n de Sonora, M\u00e9xico y el Mundo de manera oportuna y busca que la libertad de expresi\u00f3n sea real. Visita nuestro medio informativo publicado desde Hermosillo, Sonora. %\" \/>\n<meta property=\"og:url\" content=\"https:\/\/www.sonoraenequipo.com.mx\/sre-busca-la-liberacion-de-marinos-mexicanos-retenidos-en-el-mar-rojo\/\" \/>\n<meta property=\"og:site_name\" content=\"Sonora en Equipo.\" \/>\n<meta property=\"article:publisher\" content=\"https:\/\/www.facebook.com\/SonoraEE\/\" \/>\n<meta property=\"article:author\" content=\"https:\/\/www.facebook.com\/SonoraEE\" \/>\n<meta property=\"article:published_time\" content=\"2024-10-07T02:54:58+00:00\" \/>\n<meta property=\"article:modified_time\" content=\"2024-10-07T15:51:46+00:00\" \/>\n<meta property=\"og:image\" content=\"https:\/\/www.sonoraenequipo.com.mx\/storage\/2024\/10\/buque-Galaxy-Leader-retenido-en-el-Mar-Rojo-min.jpg\" \/>\n\t<meta property=\"og:image:width\" content=\"900\" \/>\n\t<meta property=\"og:image:height\" content=\"599\" \/>\n\t<meta property=\"og:image:type\" content=\"image\/jpeg\" \/>\n<meta name=\"author\" content=\"enequipo\" \/>\n<meta name=\"twitter:card\" content=\"summary_large_image\" \/>\n<meta name=\"twitter:creator\" content=\"@sonoraenequipo\" \/>\n<meta name=\"twitter:site\" content=\"@sonoraenequipo\" \/>\n<meta name=\"twitter:label1\" content=\"Escrito por\" \/>\n\t<meta name=\"twitter:data1\" content=\"enequipo\" \/>\n\t<meta name=\"twitter:label2\" content=\"Tiempo de lectura\" \/>\n\t<meta name=\"twitter:data2\" content=\"1 minuto\" \/>\n<script type=\"application\/ld+json\" class=\"yoast-schema-graph\">{\"@context\":\"https:\/\/schema.org\",\"@graph\":[{\"@type\":\"Article\",\"@id\":\"https:\/\/www.sonoraenequipo.com.mx\/sre-busca-la-liberacion-de-marinos-mexicanos-retenidos-en-el-mar-rojo\/#article\",\"isPartOf\":{\"@id\":\"https:\/\/www.sonoraenequipo.com.mx\/sre-busca-la-liberacion-de-marinos-mexicanos-retenidos-en-el-mar-rojo\/\"},\"author\":{\"name\":\"enequipo\",\"@id\":\"https:\/\/www.sonoraenequipo.com.mx\/#\/schema\/person\/50102df0fb23a8fa9e8effad8fa81386\"},\"headline\":\"SRE busca la liberaci\u00f3n de marinos mexicanos retenidos en el Mar Rojo\",\"datePublished\":\"2024-10-07T02:54:58+00:00\",\"dateModified\":\"2024-10-07T15:51:46+00:00\",\"mainEntityOfPage\":{\"@id\":\"https:\/\/www.sonoraenequipo.com.mx\/sre-busca-la-liberacion-de-marinos-mexicanos-retenidos-en-el-mar-rojo\/\"},\"wordCount\":219,\"commentCount\":0,\"publisher\":{\"@id\":\"https:\/\/www.sonoraenequipo.com.mx\/#organization\"},\"image\":{\"@id\":\"https:\/\/www.sonoraenequipo.com.mx\/sre-busca-la-liberacion-de-marinos-mexicanos-retenidos-en-el-mar-rojo\/#primaryimage\"},\"thumbnailUrl\":\"https:\/\/www.sonoraenequipo.com.mx\/storage\/2024\/10\/buque-Galaxy-Leader-retenido-en-el-Mar-Rojo-min.jpg\",\"articleSection\":[\"MUNDO\"],\"inLanguage\":\"es\",\"potentialAction\":[{\"@type\":\"CommentAction\",\"name\":\"Comment\",\"target\":[\"https:\/\/www.sonoraenequipo.com.mx\/sre-busca-la-liberacion-de-marinos-mexicanos-retenidos-en-el-mar-rojo\/#respond\"]}]},{\"@type\":\"WebPage\",\"@id\":\"https:\/\/www.sonoraenequipo.com.mx\/sre-busca-la-liberacion-de-marinos-mexicanos-retenidos-en-el-mar-rojo\/\",\"url\":\"https:\/\/www.sonoraenequipo.com.mx\/sre-busca-la-liberacion-de-marinos-mexicanos-retenidos-en-el-mar-rojo\/\",\"name\":\"Sonora en Equipo. SRE busca la liberaci\u00f3n de marinos mexicanos retenidos en el Mar Rojo MUNDO\",\"isPartOf\":{\"@id\":\"https:\/\/www.sonoraenequipo.com.mx\/#website\"},\"primaryImageOfPage\":{\"@id\":\"https:\/\/www.sonoraenequipo.com.mx\/sre-busca-la-liberacion-de-marinos-mexicanos-retenidos-en-el-mar-rojo\/#primaryimage\"},\"image\":{\"@id\":\"https:\/\/www.sonoraenequipo.com.mx\/sre-busca-la-liberacion-de-marinos-mexicanos-retenidos-en-el-mar-rojo\/#primaryimage\"},\"thumbnailUrl\":\"https:\/\/www.sonoraenequipo.com.mx\/storage\/2024\/10\/buque-Galaxy-Leader-retenido-en-el-Mar-Rojo-min.jpg\",\"datePublished\":\"2024-10-07T02:54:58+00:00\",\"dateModified\":\"2024-10-07T15:51:46+00:00\",\"description\":\"CIUDAD DE M\u00c9XICO. MX.\u2014 La Secretar\u00eda de Relaciones Exteriores (SRE) inform\u00f3 en un comunicado que est\u00e1 redoblando sus esfuerzos diplom\u00e1ticos para asegurar En Sonora en Equipo publicamos toda la informaci\u00f3n de Sonora, M\u00e9xico y el Mundo de manera oportuna y busca que la libertad de expresi\u00f3n sea real. Visita nuestro medio informativo publicado desde Hermosillo, Sonora. %\",\"breadcrumb\":{\"@id\":\"https:\/\/www.sonoraenequipo.com.mx\/sre-busca-la-liberacion-de-marinos-mexicanos-retenidos-en-el-mar-rojo\/#breadcrumb\"},\"inLanguage\":\"es\",\"potentialAction\":[{\"@type\":\"ReadAction\",\"target\":[\"https:\/\/www.sonoraenequipo.com.mx\/sre-busca-la-liberacion-de-marinos-mexicanos-retenidos-en-el-mar-rojo\/\"]}]},{\"@type\":\"ImageObject\",\"inLanguage\":\"es\",\"@id\":\"https:\/\/www.sonoraenequipo.com.mx\/sre-busca-la-liberacion-de-marinos-mexicanos-retenidos-en-el-mar-rojo\/#primaryimage\",\"url\":\"https:\/\/www.sonoraenequipo.com.mx\/storage\/2024\/10\/buque-Galaxy-Leader-retenido-en-el-Mar-Rojo-min.jpg\",\"contentUrl\":\"https:\/\/www.sonoraenequipo.com.mx\/storage\/2024\/10\/buque-Galaxy-Leader-retenido-en-el-Mar-Rojo-min.jpg\",\"width\":900,\"height\":599},{\"@type\":\"BreadcrumbList\",\"@id\":\"https:\/\/www.sonoraenequipo.com.mx\/sre-busca-la-liberacion-de-marinos-mexicanos-retenidos-en-el-mar-rojo\/#breadcrumb\",\"itemListElement\":[{\"@type\":\"ListItem\",\"position\":1,\"name\":\"Portada\",\"item\":\"https:\/\/www.sonoraenequipo.com.mx\/\"},{\"@type\":\"ListItem\",\"position\":2,\"name\":\"SRE busca la liberaci\u00f3n de marinos mexicanos retenidos en el Mar Rojo\"}]},{\"@type\":\"WebSite\",\"@id\":\"https:\/\/www.sonoraenequipo.com.mx\/#website\",\"url\":\"https:\/\/www.sonoraenequipo.com.mx\/\",\"name\":\"Sonora en Equipo.\",\"description\":\"Diario en l\u00ednea con Noticias desde Hermosillo, Sonora\",\"publisher\":{\"@id\":\"https:\/\/www.sonoraenequipo.com.mx\/#organization\"},\"potentialAction\":[{\"@type\":\"SearchAction\",\"target\":{\"@type\":\"EntryPoint\",\"urlTemplate\":\"https:\/\/www.sonoraenequipo.com.mx\/?s={search_term_string}\"},\"query-input\":{\"@type\":\"PropertyValueSpecification\",\"valueRequired\":true,\"valueName\":\"search_term_string\"}}],\"inLanguage\":\"es\"},{\"@type\":\"Organization\",\"@id\":\"https:\/\/www.sonoraenequipo.com.mx\/#organization\",\"name\":\"Sonoraenequipo.com.mx\",\"url\":\"https:\/\/www.sonoraenequipo.com.mx\/\",\"logo\":{\"@type\":\"ImageObject\",\"inLanguage\":\"es\",\"@id\":\"https:\/\/www.sonoraenequipo.com.mx\/#\/schema\/logo\/image\/\",\"url\":\"https:\/\/www.sonoraenequipo.com.mx\/storage\/2019\/01\/sonoraenequipo_opt.png\",\"contentUrl\":\"https:\/\/www.sonoraenequipo.com.mx\/storage\/2019\/01\/sonoraenequipo_opt.png\",\"width\":375,\"height\":125,\"caption\":\"Sonoraenequipo.com.mx\"},\"image\":{\"@id\":\"https:\/\/www.sonoraenequipo.com.mx\/#\/schema\/logo\/image\/\"},\"sameAs\":[\"https:\/\/www.facebook.com\/SonoraEE\/\",\"https:\/\/x.com\/sonoraenequipo\",\"https:\/\/www.youtube.com\/channel\/UC338nW-lPEYmJQs4ZABQ1SQ\"]},{\"@type\":\"Person\",\"@id\":\"https:\/\/www.sonoraenequipo.com.mx\/#\/schema\/person\/50102df0fb23a8fa9e8effad8fa81386\",\"name\":\"enequipo\",\"image\":{\"@type\":\"ImageObject\",\"inLanguage\":\"es\",\"@id\":\"https:\/\/www.sonoraenequipo.com.mx\/#\/schema\/person\/image\/\",\"url\":\"https:\/\/secure.gravatar.com\/avatar\/049821681b589dabc0bc20695993ccebb09f5b5d4d790cd9251b97faac7c652b?s=96&d=blank&r=g\",\"contentUrl\":\"https:\/\/secure.gravatar.com\/avatar\/049821681b589dabc0bc20695993ccebb09f5b5d4d790cd9251b97faac7c652b?s=96&d=blank&r=g\",\"caption\":\"enequipo\"},\"sameAs\":[\"https:\/\/www.facebook.com\/SonoraEE\"]}]}<\/script>\n ","yoast_head_json":{"title":"Sonora en Equipo. SRE busca la liberaci\u00f3n de marinos mexicanos retenidos en el Mar Rojo MUNDO","description":"CIUDAD DE M\u00c9XICO. MX.\u2014 La Secretar\u00eda de Relaciones Exteriores (SRE) inform\u00f3 en un comunicado que est\u00e1 redoblando sus esfuerzos diplom\u00e1ticos para asegurar En Sonora en Equipo publicamos toda la informaci\u00f3n de Sonora, M\u00e9xico y el Mundo de manera oportuna y busca que la libertad de expresi\u00f3n sea real. Visita nuestro medio informativo publicado desde Hermosillo, Sonora. %","robots":{"index":"index","follow":"follow","max-snippet":"max-snippet:-1","max-image-preview":"max-image-preview:large","max-video-preview":"max-video-preview:-1"},"canonical":"https:\/\/www.sonoraenequipo.com.mx\/sre-busca-la-liberacion-de-marinos-mexicanos-retenidos-en-el-mar-rojo\/","og_locale":"es_ES","og_type":"article","og_title":"Sonora en Equipo. SRE busca la liberaci\u00f3n de marinos mexicanos retenidos en el Mar Rojo MUNDO","og_description":"CIUDAD DE M\u00c9XICO. MX.\u2014 La Secretar\u00eda de Relaciones Exteriores (SRE) inform\u00f3 en un comunicado que est\u00e1 redoblando sus esfuerzos diplom\u00e1ticos para asegurar En Sonora en Equipo publicamos toda la informaci\u00f3n de Sonora, M\u00e9xico y el Mundo de manera oportuna y busca que la libertad de expresi\u00f3n sea real. Visita nuestro medio informativo publicado desde Hermosillo, Sonora. %","og_url":"https:\/\/www.sonoraenequipo.com.mx\/sre-busca-la-liberacion-de-marinos-mexicanos-retenidos-en-el-mar-rojo\/","og_site_name":"Sonora en Equipo.","article_publisher":"https:\/\/www.facebook.com\/SonoraEE\/","article_author":"https:\/\/www.facebook.com\/SonoraEE","article_published_time":"2024-10-07T02:54:58+00:00","article_modified_time":"2024-10-07T15:51:46+00:00","og_image":[{"width":900,"height":599,"url":"https:\/\/www.sonoraenequipo.com.mx\/storage\/2024\/10\/buque-Galaxy-Leader-retenido-en-el-Mar-Rojo-min.jpg","type":"image\/jpeg"}],"author":"enequipo","twitter_card":"summary_large_image","twitter_creator":"@sonoraenequipo","twitter_site":"@sonoraenequipo","twitter_misc":{"Escrito por":"enequipo","Tiempo de lectura":"1 minuto"},"schema":{"@context":"https:\/\/schema.org","@graph":[{"@type":"Article","@id":"https:\/\/www.sonoraenequipo.com.mx\/sre-busca-la-liberacion-de-marinos-mexicanos-retenidos-en-el-mar-rojo\/#article","isPartOf":{"@id":"https:\/\/www.sonoraenequipo.com.mx\/sre-busca-la-liberacion-de-marinos-mexicanos-retenidos-en-el-mar-rojo\/"},"author":{"name":"enequipo","@id":"https:\/\/www.sonoraenequipo.com.mx\/#\/schema\/person\/50102df0fb23a8fa9e8effad8fa81386"},"headline":"SRE busca la liberaci\u00f3n de marinos mexicanos retenidos en el Mar Rojo","datePublished":"2024-10-07T02:54:58+00:00","dateModified":"2024-10-07T15:51:46+00:00","mainEntityOfPage":{"@id":"https:\/\/www.sonoraenequipo.com.mx\/sre-busca-la-liberacion-de-marinos-mexicanos-retenidos-en-el-mar-rojo\/"},"wordCount":219,"commentCount":0,"publisher":{"@id":"https:\/\/www.sonoraenequipo.com.mx\/#organization"},"image":{"@id":"https:\/\/www.sonoraenequipo.com.mx\/sre-busca-la-liberacion-de-marinos-mexicanos-retenidos-en-el-mar-rojo\/#primaryimage"},"thumbnailUrl":"https:\/\/www.sonoraenequipo.com.mx\/storage\/2024\/10\/buque-Galaxy-Leader-retenido-en-el-Mar-Rojo-min.jpg","articleSection":["MUNDO"],"inLanguage":"es","potentialAction":[{"@type":"CommentAction","name":"Comment","target":["https:\/\/www.sonoraenequipo.com.mx\/sre-busca-la-liberacion-de-marinos-mexicanos-retenidos-en-el-mar-rojo\/#respond"]}]},{"@type":"WebPage","@id":"https:\/\/www.sonoraenequipo.com.mx\/sre-busca-la-liberacion-de-marinos-mexicanos-retenidos-en-el-mar-rojo\/","url":"https:\/\/www.sonoraenequipo.com.mx\/sre-busca-la-liberacion-de-marinos-mexicanos-retenidos-en-el-mar-rojo\/","name":"Sonora en Equipo. SRE busca la liberaci\u00f3n de marinos mexicanos retenidos en el Mar Rojo MUNDO","isPartOf":{"@id":"https:\/\/www.sonoraenequipo.com.mx\/#website"},"primaryImageOfPage":{"@id":"https:\/\/www.sonoraenequipo.com.mx\/sre-busca-la-liberacion-de-marinos-mexicanos-retenidos-en-el-mar-rojo\/#primaryimage"},"image":{"@id":"https:\/\/www.sonoraenequipo.com.mx\/sre-busca-la-liberacion-de-marinos-mexicanos-retenidos-en-el-mar-rojo\/#primaryimage"},"thumbnailUrl":"https:\/\/www.sonoraenequipo.com.mx\/storage\/2024\/10\/buque-Galaxy-Leader-retenido-en-el-Mar-Rojo-min.jpg","datePublished":"2024-10-07T02:54:58+00:00","dateModified":"2024-10-07T15:51:46+00:00","description":"CIUDAD DE M\u00c9XICO. MX.\u2014 La Secretar\u00eda de Relaciones Exteriores (SRE) inform\u00f3 en un comunicado que est\u00e1 redoblando sus esfuerzos diplom\u00e1ticos para asegurar En Sonora en Equipo publicamos toda la informaci\u00f3n de Sonora, M\u00e9xico y el Mundo de manera oportuna y busca que la libertad de expresi\u00f3n sea real. Visita nuestro medio informativo publicado desde Hermosillo, Sonora. %","breadcrumb":{"@id":"https:\/\/www.sonoraenequipo.com.mx\/sre-busca-la-liberacion-de-marinos-mexicanos-retenidos-en-el-mar-rojo\/#breadcrumb"},"inLanguage":"es","potentialAction":[{"@type":"ReadAction","target":["https:\/\/www.sonoraenequipo.com.mx\/sre-busca-la-liberacion-de-marinos-mexicanos-retenidos-en-el-mar-rojo\/"]}]},{"@type":"ImageObject","inLanguage":"es","@id":"https:\/\/www.sonoraenequipo.com.mx\/sre-busca-la-liberacion-de-marinos-mexicanos-retenidos-en-el-mar-rojo\/#primaryimage","url":"https:\/\/www.sonoraenequipo.com.mx\/storage\/2024\/10\/buque-Galaxy-Leader-retenido-en-el-Mar-Rojo-min.jpg","contentUrl":"https:\/\/www.sonoraenequipo.com.mx\/storage\/2024\/10\/buque-Galaxy-Leader-retenido-en-el-Mar-Rojo-min.jpg","width":900,"height":599},{"@type":"BreadcrumbList","@id":"https:\/\/www.sonoraenequipo.com.mx\/sre-busca-la-liberacion-de-marinos-mexicanos-retenidos-en-el-mar-rojo\/#breadcrumb","itemListElement":[{"@type":"ListItem","position":1,"name":"Portada","item":"https:\/\/www.sonoraenequipo.com.mx\/"},{"@type":"ListItem","position":2,"name":"SRE busca la liberaci\u00f3n de marinos mexicanos retenidos en el Mar Rojo"}]},{"@type":"WebSite","@id":"https:\/\/www.sonoraenequipo.com.mx\/#website","url":"https:\/\/www.sonoraenequipo.com.mx\/","name":"Sonora en Equipo.","description":"Diario en l\u00ednea con Noticias desde Hermosillo, Sonora","publisher":{"@id":"https:\/\/www.sonoraenequipo.com.mx\/#organization"},"potentialAction":[{"@type":"SearchAction","target":{"@type":"EntryPoint","urlTemplate":"https:\/\/www.sonoraenequipo.com.mx\/?s={search_term_string}"},"query-input":{"@type":"PropertyValueSpecification","valueRequired":true,"valueName":"search_term_string"}}],"inLanguage":"es"},{"@type":"Organization","@id":"https:\/\/www.sonoraenequipo.com.mx\/#organization","name":"Sonoraenequipo.com.mx","url":"https:\/\/www.sonoraenequipo.com.mx\/","logo":{"@type":"ImageObject","inLanguage":"es","@id":"https:\/\/www.sonoraenequipo.com.mx\/#\/schema\/logo\/image\/","url":"https:\/\/www.sonoraenequipo.com.mx\/storage\/2019\/01\/sonoraenequipo_opt.png","contentUrl":"https:\/\/www.sonoraenequipo.com.mx\/storage\/2019\/01\/sonoraenequipo_opt.png","width":375,"height":125,"caption":"Sonoraenequipo.com.mx"},"image":{"@id":"https:\/\/www.sonoraenequipo.com.mx\/#\/schema\/logo\/image\/"},"sameAs":["https:\/\/www.facebook.com\/SonoraEE\/","https:\/\/x.com\/sonoraenequipo","https:\/\/www.youtube.com\/channel\/UC338nW-lPEYmJQs4ZABQ1SQ"]},{"@type":"Person","@id":"https:\/\/www.sonoraenequipo.com.mx\/#\/schema\/person\/50102df0fb23a8fa9e8effad8fa81386","name":"enequipo","image":{"@type":"ImageObject","inLanguage":"es","@id":"https:\/\/www.sonoraenequipo.com.mx\/#\/schema\/person\/image\/","url":"https:\/\/secure.gravatar.com\/avatar\/049821681b589dabc0bc20695993ccebb09f5b5d4d790cd9251b97faac7c652b?s=96&d=blank&r=g","contentUrl":"https:\/\/secure.gravatar.com\/avatar\/049821681b589dabc0bc20695993ccebb09f5b5d4d790cd9251b97faac7c652b?s=96&d=blank&r=g","caption":"enequipo"},"sameAs":["https:\/\/www.facebook.com\/SonoraEE"]}]}},"jetpack_featured_media_url":"https:\/\/www.sonoraenequipo.com.mx\/storage\/2024\/10\/buque-Galaxy-Leader-retenido-en-el-Mar-Rojo-min.jpg","_links":{"self":[{"href":"https:\/\/www.sonoraenequipo.com.mx\/api\/wp\/v2\/posts\/200780","targetHints":{"allow":["GET"]}}],"collection":[{"href":"https:\/\/www.sonoraenequipo.com.mx\/api\/wp\/v2\/posts"}],"about":[{"href":"https:\/\/www.sonoraenequipo.com.mx\/api\/wp\/v2\/types\/post"}],"author":[{"embeddable":true,"href":"https:\/\/www.sonoraenequipo.com.mx\/api\/wp\/v2\/users\/1"}],"replies":[{"embeddable":true,"href":"https:\/\/www.sonoraenequipo.com.mx\/api\/wp\/v2\/comments?post=200780"}],"version-history":[{"count":1,"href":"https:\/\/www.sonoraenequipo.com.mx\/api\/wp\/v2\/posts\/200780\/revisions"}],"predecessor-version":[{"id":200781,"href":"https:\/\/www.sonoraenequipo.com.mx\/api\/wp\/v2\/posts\/200780\/revisions\/200781"}],"wp:featuredmedia":[{"embeddable":true,"href":"https:\/\/www.sonoraenequipo.com.mx\/api\/wp\/v2\/media\/200772"}],"wp:attachment":[{"href":"https:\/\/www.sonoraenequipo.com.mx\/api\/wp\/v2\/media?parent=200780"}],"wp:term":[{"taxonomy":"category","embeddable":true,"href":"https:\/\/www.sonoraenequipo.com.mx\/api\/wp\/v2\/categories?post=200780"},{"taxonomy":"post_tag","embeddable":true,"href":"https:\/\/www.sonoraenequipo.com.mx\/api\/wp\/v2\/tags?post=200780"}],"curies":[{"name":"wp","href":"https:\/\/api.w.org\/{rel}","templated":true}]}}