{"id":200782,"date":"2024-10-06T18:24:06","date_gmt":"2024-10-07T01:24:06","guid":{"rendered":"https:\/\/www.sonoraenequipo.com.mx\/?p=200782"},"modified":"2024-10-07T09:03:48","modified_gmt":"2024-10-07T16:03:48","slug":"ex-dirigente-del-pri-se-separa-del-partido-por-diferencias-con-alejandro-moreno-alito","status":"publish","type":"post","link":"https:\/\/www.sonoraenequipo.com.mx\/ex-dirigente-del-pri-se-separa-del-partido-por-diferencias-con-alejandro-moreno-alito\/","title":{"rendered":"Ex dirigente del PRI se separa del partido por diferencias con Alejandro Moreno \u00abAlito\u00bb"},"content":{"rendered":"<p><strong>CIUDAD DE M\u00c9XICO. MX.\u2014<\/strong> Manlio Fabio Beltrones, exl\u00edder nacional del Partido Revolucionario Institucional (PRI) anunci\u00f3 su separaci\u00f3n definitiva del partido luego de la ratificaci\u00f3n de Alejandro Moreno, conocido como \u00abAlito\u00bb, como dirigente del partido.<\/p>\n<p>&nbsp;<\/p>\n<p>&nbsp;<\/p>\n<p>&nbsp;<\/p>\n<p> <\/p>\n<p>Beltrones, quien tambi\u00e9n fue gobernador de Sonora y senador, expres\u00f3 su descontento con la reelecci\u00f3n de Moreno y las decisiones tomadas por algunos magistrados del Tribunal Electoral del Poder Judicial de la Federaci\u00f3n (Tepjf).<\/p>\n<p>&nbsp;<\/p>\n<p>&nbsp;<\/p>\n<p>A trav\u00e9s de un mensaje en sus redes sociales, Beltrones cuestion\u00f3 la legalidad de la resoluci\u00f3n que permiti\u00f3 a Moreno mantenerse al frente del PRI, se\u00f1alando que dicha acci\u00f3n es contraria a los principios democr\u00e1ticos que el partido sol\u00eda representar.<\/p>\n<p>&nbsp;<\/p>\n<p>&nbsp;<\/p>\n<p><em><strong>\u00abEl PRI ha perdido su rumbo y se ha desviado de los ideales de inclusi\u00f3n, renovaci\u00f3n y justicia social. Por lo tanto, decidi\u00f3 deslindarme de la dirigencia del partido, que hoy se orienta \u00fanicamente a perpetuar un liderazgo personalista\u00bb<\/strong><\/em>, coment\u00f3 Beltrones en su mensaje.<\/p>\n<p>&nbsp;<\/p>\n<p>&nbsp;<\/p>\n<p>El pol\u00edtico sonorense agreg\u00f3 que la decisi\u00f3n del Tribunal pone al partido en una situaci\u00f3n de vulnerabilidad, ya que deja su futuro en manos de una sola persona.<\/p>\n<p>&nbsp;<\/p>\n<p>&nbsp;<\/p>\n<p>Adem\u00e1s, afirm\u00f3 que esta reelecci\u00f3n podr\u00eda agravar las divisiones internas del PRI, alejando a\u00fan m\u00e1s al partido de sus militantes y de su base ideol\u00f3gica.<\/p>\n<p>&nbsp;<\/p>\n<p>&nbsp;<\/p>\n<p>D\u00edas antes, Beltrones ya hab\u00eda sido excluido del grupo parlamentario del PRI en el Senado, tras una decisi\u00f3n de la bancada que nombr\u00f3 a Manuel A\u00f1orve como su nuevo coordinador.<\/p>\n<p>&nbsp;<\/p>\n<p>&nbsp;<\/p>\n<p>La dirigencia del partido argument\u00f3 que las acciones de Beltrones \u00abatentaban contra la unidad del PRI\u00bb, y le otorg\u00f3 la libertad de unirse a cualquier otra bancada parlamentaria.<\/p>\n<p>&nbsp;<\/p>\n<p>&nbsp;<\/p>\n<p>Con este distanciamiento, Beltrones se a pesar de una carrera de m\u00e1s de cinco d\u00e9cadas dentro del PRI, durante las cuales ocuparon posiciones clave en la pol\u00edtica nacional.<\/p>\n<p>&nbsp;<\/p>\n<p>&nbsp;<\/p>\n<p>PUBLICADO EL 06 DE OCTUBRE DE 2024 Con informaci\u00f3n de redes sociales)<\/p>\n","protected":false},"excerpt":{"rendered":"<p>CIUDAD DE M\u00c9XICO. MX.\u2014 Manlio Fabio Beltrones, exl\u00edder nacional del Partido Revolucionario Institucional (PRI) anunci\u00f3&#8230;<\/p>\n","protected":false},"author":1,"featured_media":200771,"comment_status":"open","ping_status":"open","sticky":false,"template":"","format":"standard","meta":{"_monsterinsights_skip_tracking":false,"_monsterinsights_sitenote_active":false,"_monsterinsights_sitenote_note":"","_monsterinsights_sitenote_category":0,"footnotes":""},"categories":[5],"tags":[],"class_list":["post"],"yoast_head":" \n<title>Sonora en Equipo. Ex dirigente del PRI se separa del partido por diferencias con Alejandro Moreno &quot;Alito&quot; Rep\u00fablica<\/title>\n<meta name=\"description\" content=\"CIUDAD DE M\u00c9XICO. MX.\u2014 Manlio Fabio Beltrones, exl\u00edder nacional del Partido Revolucionario Institucional (PRI) anunci\u00f3 su separaci\u00f3n definitiva del En Sonora en Equipo publicamos toda la informaci\u00f3n de Sonora, M\u00e9xico y el Mundo de manera oportuna y busca que la libertad de expresi\u00f3n sea real. Visita nuestro medio informativo publicado desde Hermosillo, Sonora. %\" \/>\n<meta name=\"robots\" content=\"index, follow, max-snippet:-1, max-image-preview:large, max-video-preview:-1\" \/>\n<link rel=\"canonical\" href=\"https:\/\/www.sonoraenequipo.com.mx\/ex-dirigente-del-pri-se-separa-del-partido-por-diferencias-con-alejandro-moreno-alito\/\" \/>\n<meta property=\"og:locale\" content=\"es_ES\" \/>\n<meta property=\"og:type\" content=\"article\" \/>\n<meta property=\"og:title\" content=\"Sonora en Equipo. Ex dirigente del PRI se separa del partido por diferencias con Alejandro Moreno &quot;Alito&quot; Rep\u00fablica\" \/>\n<meta property=\"og:description\" content=\"CIUDAD DE M\u00c9XICO. MX.\u2014 Manlio Fabio Beltrones, exl\u00edder nacional del Partido Revolucionario Institucional (PRI) anunci\u00f3 su separaci\u00f3n definitiva del En Sonora en Equipo publicamos toda la informaci\u00f3n de Sonora, M\u00e9xico y el Mundo de manera oportuna y busca que la libertad de expresi\u00f3n sea real. Visita nuestro medio informativo publicado desde Hermosillo, Sonora. %\" \/>\n<meta property=\"og:url\" content=\"https:\/\/www.sonoraenequipo.com.mx\/ex-dirigente-del-pri-se-separa-del-partido-por-diferencias-con-alejandro-moreno-alito\/\" \/>\n<meta property=\"og:site_name\" content=\"Sonora en Equipo.\" \/>\n<meta property=\"article:publisher\" content=\"https:\/\/www.facebook.com\/SonoraEE\/\" \/>\n<meta property=\"article:author\" content=\"https:\/\/www.facebook.com\/SonoraEE\" \/>\n<meta property=\"article:published_time\" content=\"2024-10-07T01:24:06+00:00\" \/>\n<meta property=\"article:modified_time\" content=\"2024-10-07T16:03:48+00:00\" \/>\n<meta property=\"og:image\" content=\"https:\/\/www.sonoraenequipo.com.mx\/storage\/2024\/10\/beltrones-renuncia-al-pri-min.jpg\" \/>\n\t<meta property=\"og:image:width\" content=\"900\" \/>\n\t<meta property=\"og:image:height\" content=\"503\" \/>\n\t<meta property=\"og:image:type\" content=\"image\/jpeg\" \/>\n<meta name=\"author\" content=\"enequipo\" \/>\n<meta name=\"twitter:card\" content=\"summary_large_image\" \/>\n<meta name=\"twitter:creator\" content=\"@sonoraenequipo\" \/>\n<meta name=\"twitter:site\" content=\"@sonoraenequipo\" \/>\n<meta name=\"twitter:label1\" content=\"Escrito por\" \/>\n\t<meta name=\"twitter:data1\" content=\"enequipo\" \/>\n\t<meta name=\"twitter:label2\" content=\"Tiempo de lectura\" \/>\n\t<meta name=\"twitter:data2\" content=\"2 minutos\" \/>\n<script type=\"application\/ld+json\" class=\"yoast-schema-graph\">{\"@context\":\"https:\/\/schema.org\",\"@graph\":[{\"@type\":\"Article\",\"@id\":\"https:\/\/www.sonoraenequipo.com.mx\/ex-dirigente-del-pri-se-separa-del-partido-por-diferencias-con-alejandro-moreno-alito\/#article\",\"isPartOf\":{\"@id\":\"https:\/\/www.sonoraenequipo.com.mx\/ex-dirigente-del-pri-se-separa-del-partido-por-diferencias-con-alejandro-moreno-alito\/\"},\"author\":{\"name\":\"enequipo\",\"@id\":\"https:\/\/www.sonoraenequipo.com.mx\/#\/schema\/person\/50102df0fb23a8fa9e8effad8fa81386\"},\"headline\":\"Ex dirigente del PRI se separa del partido por diferencias con Alejandro Moreno \u00abAlito\u00bb\",\"datePublished\":\"2024-10-07T01:24:06+00:00\",\"dateModified\":\"2024-10-07T16:03:48+00:00\",\"mainEntityOfPage\":{\"@id\":\"https:\/\/www.sonoraenequipo.com.mx\/ex-dirigente-del-pri-se-separa-del-partido-por-diferencias-con-alejandro-moreno-alito\/\"},\"wordCount\":366,\"commentCount\":0,\"publisher\":{\"@id\":\"https:\/\/www.sonoraenequipo.com.mx\/#organization\"},\"image\":{\"@id\":\"https:\/\/www.sonoraenequipo.com.mx\/ex-dirigente-del-pri-se-separa-del-partido-por-diferencias-con-alejandro-moreno-alito\/#primaryimage\"},\"thumbnailUrl\":\"https:\/\/www.sonoraenequipo.com.mx\/storage\/2024\/10\/beltrones-renuncia-al-pri-min.jpg\",\"articleSection\":[\"Rep\u00fablica\"],\"inLanguage\":\"es\",\"potentialAction\":[{\"@type\":\"CommentAction\",\"name\":\"Comment\",\"target\":[\"https:\/\/www.sonoraenequipo.com.mx\/ex-dirigente-del-pri-se-separa-del-partido-por-diferencias-con-alejandro-moreno-alito\/#respond\"]}]},{\"@type\":\"WebPage\",\"@id\":\"https:\/\/www.sonoraenequipo.com.mx\/ex-dirigente-del-pri-se-separa-del-partido-por-diferencias-con-alejandro-moreno-alito\/\",\"url\":\"https:\/\/www.sonoraenequipo.com.mx\/ex-dirigente-del-pri-se-separa-del-partido-por-diferencias-con-alejandro-moreno-alito\/\",\"name\":\"Sonora en Equipo. Ex dirigente del PRI se separa del partido por diferencias con Alejandro Moreno \\\"Alito\\\" Rep\u00fablica\",\"isPartOf\":{\"@id\":\"https:\/\/www.sonoraenequipo.com.mx\/#website\"},\"primaryImageOfPage\":{\"@id\":\"https:\/\/www.sonoraenequipo.com.mx\/ex-dirigente-del-pri-se-separa-del-partido-por-diferencias-con-alejandro-moreno-alito\/#primaryimage\"},\"image\":{\"@id\":\"https:\/\/www.sonoraenequipo.com.mx\/ex-dirigente-del-pri-se-separa-del-partido-por-diferencias-con-alejandro-moreno-alito\/#primaryimage\"},\"thumbnailUrl\":\"https:\/\/www.sonoraenequipo.com.mx\/storage\/2024\/10\/beltrones-renuncia-al-pri-min.jpg\",\"datePublished\":\"2024-10-07T01:24:06+00:00\",\"dateModified\":\"2024-10-07T16:03:48+00:00\",\"description\":\"CIUDAD DE M\u00c9XICO. MX.\u2014 Manlio Fabio Beltrones, exl\u00edder nacional del Partido Revolucionario Institucional (PRI) anunci\u00f3 su separaci\u00f3n definitiva del En Sonora en Equipo publicamos toda la informaci\u00f3n de Sonora, M\u00e9xico y el Mundo de manera oportuna y busca que la libertad de expresi\u00f3n sea real. Visita nuestro medio informativo publicado desde Hermosillo, Sonora. %\",\"breadcrumb\":{\"@id\":\"https:\/\/www.sonoraenequipo.com.mx\/ex-dirigente-del-pri-se-separa-del-partido-por-diferencias-con-alejandro-moreno-alito\/#breadcrumb\"},\"inLanguage\":\"es\",\"potentialAction\":[{\"@type\":\"ReadAction\",\"target\":[\"https:\/\/www.sonoraenequipo.com.mx\/ex-dirigente-del-pri-se-separa-del-partido-por-diferencias-con-alejandro-moreno-alito\/\"]}]},{\"@type\":\"ImageObject\",\"inLanguage\":\"es\",\"@id\":\"https:\/\/www.sonoraenequipo.com.mx\/ex-dirigente-del-pri-se-separa-del-partido-por-diferencias-con-alejandro-moreno-alito\/#primaryimage\",\"url\":\"https:\/\/www.sonoraenequipo.com.mx\/storage\/2024\/10\/beltrones-renuncia-al-pri-min.jpg\",\"contentUrl\":\"https:\/\/www.sonoraenequipo.com.mx\/storage\/2024\/10\/beltrones-renuncia-al-pri-min.jpg\",\"width\":900,\"height\":503},{\"@type\":\"BreadcrumbList\",\"@id\":\"https:\/\/www.sonoraenequipo.com.mx\/ex-dirigente-del-pri-se-separa-del-partido-por-diferencias-con-alejandro-moreno-alito\/#breadcrumb\",\"itemListElement\":[{\"@type\":\"ListItem\",\"position\":1,\"name\":\"Portada\",\"item\":\"https:\/\/www.sonoraenequipo.com.mx\/\"},{\"@type\":\"ListItem\",\"position\":2,\"name\":\"Ex dirigente del PRI se separa del partido por diferencias con Alejandro Moreno \u00abAlito\u00bb\"}]},{\"@type\":\"WebSite\",\"@id\":\"https:\/\/www.sonoraenequipo.com.mx\/#website\",\"url\":\"https:\/\/www.sonoraenequipo.com.mx\/\",\"name\":\"Sonora en Equipo.\",\"description\":\"Diario en l\u00ednea con Noticias desde Hermosillo, Sonora\",\"publisher\":{\"@id\":\"https:\/\/www.sonoraenequipo.com.mx\/#organization\"},\"potentialAction\":[{\"@type\":\"SearchAction\",\"target\":{\"@type\":\"EntryPoint\",\"urlTemplate\":\"https:\/\/www.sonoraenequipo.com.mx\/?s={search_term_string}\"},\"query-input\":{\"@type\":\"PropertyValueSpecification\",\"valueRequired\":true,\"valueName\":\"search_term_string\"}}],\"inLanguage\":\"es\"},{\"@type\":\"Organization\",\"@id\":\"https:\/\/www.sonoraenequipo.com.mx\/#organization\",\"name\":\"Sonoraenequipo.com.mx\",\"url\":\"https:\/\/www.sonoraenequipo.com.mx\/\",\"logo\":{\"@type\":\"ImageObject\",\"inLanguage\":\"es\",\"@id\":\"https:\/\/www.sonoraenequipo.com.mx\/#\/schema\/logo\/image\/\",\"url\":\"https:\/\/www.sonoraenequipo.com.mx\/storage\/2019\/01\/sonoraenequipo_opt.png\",\"contentUrl\":\"https:\/\/www.sonoraenequipo.com.mx\/storage\/2019\/01\/sonoraenequipo_opt.png\",\"width\":375,\"height\":125,\"caption\":\"Sonoraenequipo.com.mx\"},\"image\":{\"@id\":\"https:\/\/www.sonoraenequipo.com.mx\/#\/schema\/logo\/image\/\"},\"sameAs\":[\"https:\/\/www.facebook.com\/SonoraEE\/\",\"https:\/\/x.com\/sonoraenequipo\",\"https:\/\/www.youtube.com\/channel\/UC338nW-lPEYmJQs4ZABQ1SQ\"]},{\"@type\":\"Person\",\"@id\":\"https:\/\/www.sonoraenequipo.com.mx\/#\/schema\/person\/50102df0fb23a8fa9e8effad8fa81386\",\"name\":\"enequipo\",\"image\":{\"@type\":\"ImageObject\",\"inLanguage\":\"es\",\"@id\":\"https:\/\/www.sonoraenequipo.com.mx\/#\/schema\/person\/image\/\",\"url\":\"https:\/\/secure.gravatar.com\/avatar\/049821681b589dabc0bc20695993ccebb09f5b5d4d790cd9251b97faac7c652b?s=96&d=blank&r=g\",\"contentUrl\":\"https:\/\/secure.gravatar.com\/avatar\/049821681b589dabc0bc20695993ccebb09f5b5d4d790cd9251b97faac7c652b?s=96&d=blank&r=g\",\"caption\":\"enequipo\"},\"sameAs\":[\"https:\/\/www.facebook.com\/SonoraEE\"]}]}<\/script>\n ","yoast_head_json":{"title":"Sonora en Equipo. Ex dirigente del PRI se separa del partido por diferencias con Alejandro Moreno \"Alito\" Rep\u00fablica","description":"CIUDAD DE M\u00c9XICO. MX.\u2014 Manlio Fabio Beltrones, exl\u00edder nacional del Partido Revolucionario Institucional (PRI) anunci\u00f3 su separaci\u00f3n definitiva del En Sonora en Equipo publicamos toda la informaci\u00f3n de Sonora, M\u00e9xico y el Mundo de manera oportuna y busca que la libertad de expresi\u00f3n sea real. Visita nuestro medio informativo publicado desde Hermosillo, Sonora. %","robots":{"index":"index","follow":"follow","max-snippet":"max-snippet:-1","max-image-preview":"max-image-preview:large","max-video-preview":"max-video-preview:-1"},"canonical":"https:\/\/www.sonoraenequipo.com.mx\/ex-dirigente-del-pri-se-separa-del-partido-por-diferencias-con-alejandro-moreno-alito\/","og_locale":"es_ES","og_type":"article","og_title":"Sonora en Equipo. Ex dirigente del PRI se separa del partido por diferencias con Alejandro Moreno \"Alito\" Rep\u00fablica","og_description":"CIUDAD DE M\u00c9XICO. MX.\u2014 Manlio Fabio Beltrones, exl\u00edder nacional del Partido Revolucionario Institucional (PRI) anunci\u00f3 su separaci\u00f3n definitiva del En Sonora en Equipo publicamos toda la informaci\u00f3n de Sonora, M\u00e9xico y el Mundo de manera oportuna y busca que la libertad de expresi\u00f3n sea real. Visita nuestro medio informativo publicado desde Hermosillo, Sonora. %","og_url":"https:\/\/www.sonoraenequipo.com.mx\/ex-dirigente-del-pri-se-separa-del-partido-por-diferencias-con-alejandro-moreno-alito\/","og_site_name":"Sonora en Equipo.","article_publisher":"https:\/\/www.facebook.com\/SonoraEE\/","article_author":"https:\/\/www.facebook.com\/SonoraEE","article_published_time":"2024-10-07T01:24:06+00:00","article_modified_time":"2024-10-07T16:03:48+00:00","og_image":[{"width":900,"height":503,"url":"https:\/\/www.sonoraenequipo.com.mx\/storage\/2024\/10\/beltrones-renuncia-al-pri-min.jpg","type":"image\/jpeg"}],"author":"enequipo","twitter_card":"summary_large_image","twitter_creator":"@sonoraenequipo","twitter_site":"@sonoraenequipo","twitter_misc":{"Escrito por":"enequipo","Tiempo de lectura":"2 minutos"},"schema":{"@context":"https:\/\/schema.org","@graph":[{"@type":"Article","@id":"https:\/\/www.sonoraenequipo.com.mx\/ex-dirigente-del-pri-se-separa-del-partido-por-diferencias-con-alejandro-moreno-alito\/#article","isPartOf":{"@id":"https:\/\/www.sonoraenequipo.com.mx\/ex-dirigente-del-pri-se-separa-del-partido-por-diferencias-con-alejandro-moreno-alito\/"},"author":{"name":"enequipo","@id":"https:\/\/www.sonoraenequipo.com.mx\/#\/schema\/person\/50102df0fb23a8fa9e8effad8fa81386"},"headline":"Ex dirigente del PRI se separa del partido por diferencias con Alejandro Moreno \u00abAlito\u00bb","datePublished":"2024-10-07T01:24:06+00:00","dateModified":"2024-10-07T16:03:48+00:00","mainEntityOfPage":{"@id":"https:\/\/www.sonoraenequipo.com.mx\/ex-dirigente-del-pri-se-separa-del-partido-por-diferencias-con-alejandro-moreno-alito\/"},"wordCount":366,"commentCount":0,"publisher":{"@id":"https:\/\/www.sonoraenequipo.com.mx\/#organization"},"image":{"@id":"https:\/\/www.sonoraenequipo.com.mx\/ex-dirigente-del-pri-se-separa-del-partido-por-diferencias-con-alejandro-moreno-alito\/#primaryimage"},"thumbnailUrl":"https:\/\/www.sonoraenequipo.com.mx\/storage\/2024\/10\/beltrones-renuncia-al-pri-min.jpg","articleSection":["Rep\u00fablica"],"inLanguage":"es","potentialAction":[{"@type":"CommentAction","name":"Comment","target":["https:\/\/www.sonoraenequipo.com.mx\/ex-dirigente-del-pri-se-separa-del-partido-por-diferencias-con-alejandro-moreno-alito\/#respond"]}]},{"@type":"WebPage","@id":"https:\/\/www.sonoraenequipo.com.mx\/ex-dirigente-del-pri-se-separa-del-partido-por-diferencias-con-alejandro-moreno-alito\/","url":"https:\/\/www.sonoraenequipo.com.mx\/ex-dirigente-del-pri-se-separa-del-partido-por-diferencias-con-alejandro-moreno-alito\/","name":"Sonora en Equipo. Ex dirigente del PRI se separa del partido por diferencias con Alejandro Moreno \"Alito\" Rep\u00fablica","isPartOf":{"@id":"https:\/\/www.sonoraenequipo.com.mx\/#website"},"primaryImageOfPage":{"@id":"https:\/\/www.sonoraenequipo.com.mx\/ex-dirigente-del-pri-se-separa-del-partido-por-diferencias-con-alejandro-moreno-alito\/#primaryimage"},"image":{"@id":"https:\/\/www.sonoraenequipo.com.mx\/ex-dirigente-del-pri-se-separa-del-partido-por-diferencias-con-alejandro-moreno-alito\/#primaryimage"},"thumbnailUrl":"https:\/\/www.sonoraenequipo.com.mx\/storage\/2024\/10\/beltrones-renuncia-al-pri-min.jpg","datePublished":"2024-10-07T01:24:06+00:00","dateModified":"2024-10-07T16:03:48+00:00","description":"CIUDAD DE M\u00c9XICO. MX.\u2014 Manlio Fabio Beltrones, exl\u00edder nacional del Partido Revolucionario Institucional (PRI) anunci\u00f3 su separaci\u00f3n definitiva del En Sonora en Equipo publicamos toda la informaci\u00f3n de Sonora, M\u00e9xico y el Mundo de manera oportuna y busca que la libertad de expresi\u00f3n sea real. Visita nuestro medio informativo publicado desde Hermosillo, Sonora. %","breadcrumb":{"@id":"https:\/\/www.sonoraenequipo.com.mx\/ex-dirigente-del-pri-se-separa-del-partido-por-diferencias-con-alejandro-moreno-alito\/#breadcrumb"},"inLanguage":"es","potentialAction":[{"@type":"ReadAction","target":["https:\/\/www.sonoraenequipo.com.mx\/ex-dirigente-del-pri-se-separa-del-partido-por-diferencias-con-alejandro-moreno-alito\/"]}]},{"@type":"ImageObject","inLanguage":"es","@id":"https:\/\/www.sonoraenequipo.com.mx\/ex-dirigente-del-pri-se-separa-del-partido-por-diferencias-con-alejandro-moreno-alito\/#primaryimage","url":"https:\/\/www.sonoraenequipo.com.mx\/storage\/2024\/10\/beltrones-renuncia-al-pri-min.jpg","contentUrl":"https:\/\/www.sonoraenequipo.com.mx\/storage\/2024\/10\/beltrones-renuncia-al-pri-min.jpg","width":900,"height":503},{"@type":"BreadcrumbList","@id":"https:\/\/www.sonoraenequipo.com.mx\/ex-dirigente-del-pri-se-separa-del-partido-por-diferencias-con-alejandro-moreno-alito\/#breadcrumb","itemListElement":[{"@type":"ListItem","position":1,"name":"Portada","item":"https:\/\/www.sonoraenequipo.com.mx\/"},{"@type":"ListItem","position":2,"name":"Ex dirigente del PRI se separa del partido por diferencias con Alejandro Moreno \u00abAlito\u00bb"}]},{"@type":"WebSite","@id":"https:\/\/www.sonoraenequipo.com.mx\/#website","url":"https:\/\/www.sonoraenequipo.com.mx\/","name":"Sonora en Equipo.","description":"Diario en l\u00ednea con Noticias desde Hermosillo, Sonora","publisher":{"@id":"https:\/\/www.sonoraenequipo.com.mx\/#organization"},"potentialAction":[{"@type":"SearchAction","target":{"@type":"EntryPoint","urlTemplate":"https:\/\/www.sonoraenequipo.com.mx\/?s={search_term_string}"},"query-input":{"@type":"PropertyValueSpecification","valueRequired":true,"valueName":"search_term_string"}}],"inLanguage":"es"},{"@type":"Organization","@id":"https:\/\/www.sonoraenequipo.com.mx\/#organization","name":"Sonoraenequipo.com.mx","url":"https:\/\/www.sonoraenequipo.com.mx\/","logo":{"@type":"ImageObject","inLanguage":"es","@id":"https:\/\/www.sonoraenequipo.com.mx\/#\/schema\/logo\/image\/","url":"https:\/\/www.sonoraenequipo.com.mx\/storage\/2019\/01\/sonoraenequipo_opt.png","contentUrl":"https:\/\/www.sonoraenequipo.com.mx\/storage\/2019\/01\/sonoraenequipo_opt.png","width":375,"height":125,"caption":"Sonoraenequipo.com.mx"},"image":{"@id":"https:\/\/www.sonoraenequipo.com.mx\/#\/schema\/logo\/image\/"},"sameAs":["https:\/\/www.facebook.com\/SonoraEE\/","https:\/\/x.com\/sonoraenequipo","https:\/\/www.youtube.com\/channel\/UC338nW-lPEYmJQs4ZABQ1SQ"]},{"@type":"Person","@id":"https:\/\/www.sonoraenequipo.com.mx\/#\/schema\/person\/50102df0fb23a8fa9e8effad8fa81386","name":"enequipo","image":{"@type":"ImageObject","inLanguage":"es","@id":"https:\/\/www.sonoraenequipo.com.mx\/#\/schema\/person\/image\/","url":"https:\/\/secure.gravatar.com\/avatar\/049821681b589dabc0bc20695993ccebb09f5b5d4d790cd9251b97faac7c652b?s=96&d=blank&r=g","contentUrl":"https:\/\/secure.gravatar.com\/avatar\/049821681b589dabc0bc20695993ccebb09f5b5d4d790cd9251b97faac7c652b?s=96&d=blank&r=g","caption":"enequipo"},"sameAs":["https:\/\/www.facebook.com\/SonoraEE"]}]}},"jetpack_featured_media_url":"https:\/\/www.sonoraenequipo.com.mx\/storage\/2024\/10\/beltrones-renuncia-al-pri-min.jpg","_links":{"self":[{"href":"https:\/\/www.sonoraenequipo.com.mx\/api\/wp\/v2\/posts\/200782","targetHints":{"allow":["GET"]}}],"collection":[{"href":"https:\/\/www.sonoraenequipo.com.mx\/api\/wp\/v2\/posts"}],"about":[{"href":"https:\/\/www.sonoraenequipo.com.mx\/api\/wp\/v2\/types\/post"}],"author":[{"embeddable":true,"href":"https:\/\/www.sonoraenequipo.com.mx\/api\/wp\/v2\/users\/1"}],"replies":[{"embeddable":true,"href":"https:\/\/www.sonoraenequipo.com.mx\/api\/wp\/v2\/comments?post=200782"}],"version-history":[{"count":1,"href":"https:\/\/www.sonoraenequipo.com.mx\/api\/wp\/v2\/posts\/200782\/revisions"}],"predecessor-version":[{"id":200783,"href":"https:\/\/www.sonoraenequipo.com.mx\/api\/wp\/v2\/posts\/200782\/revisions\/200783"}],"wp:featuredmedia":[{"embeddable":true,"href":"https:\/\/www.sonoraenequipo.com.mx\/api\/wp\/v2\/media\/200771"}],"wp:attachment":[{"href":"https:\/\/www.sonoraenequipo.com.mx\/api\/wp\/v2\/media?parent=200782"}],"wp:term":[{"taxonomy":"category","embeddable":true,"href":"https:\/\/www.sonoraenequipo.com.mx\/api\/wp\/v2\/categories?post=200782"},{"taxonomy":"post_tag","embeddable":true,"href":"https:\/\/www.sonoraenequipo.com.mx\/api\/wp\/v2\/tags?post=200782"}],"curies":[{"name":"wp","href":"https:\/\/api.w.org\/{rel}","templated":true}]}}