{"id":200808,"date":"2024-10-07T07:05:22","date_gmt":"2024-10-07T14:05:22","guid":{"rendered":"https:\/\/www.sonoraenequipo.com.mx\/?p=200808"},"modified":"2024-10-07T12:04:22","modified_gmt":"2024-10-07T19:04:22","slug":"temor-por-la-escasez-de-azucar-dispara-su-precio","status":"publish","type":"post","link":"https:\/\/www.sonoraenequipo.com.mx\/temor-por-la-escasez-de-azucar-dispara-su-precio\/","title":{"rendered":"Temor por la escasez de az\u00facar dispara su precio"},"content":{"rendered":"<p><strong>ESTADOS UNIDOS. \u2014<\/strong> Todos los productos que integran al \u00edndice de precios de alimentos de la FAO subieron durante el noveno mes del a\u00f1o, afectados principalmente por las condiciones clim\u00e1ticas adversas<\/p>\n<p>&nbsp;<\/p>\n<p>&nbsp;<\/p>\n<p>&nbsp;<\/p>\n<p> <br \/>\nLa preocupaci\u00f3n por la escasez de disponibilidad mundial de az\u00facar para la pr\u00f3xima temporada 2024-2025, dispar\u00f3 el \u00edndice de precios de este producto en la Organizaci\u00f3n de las Naciones Unidas para la Alimentaci\u00f3n y la Agricultura (FAO) en septiembre a 125.7 puntos.<\/p>\n<p>&nbsp;<\/p>\n<p>&nbsp;<\/p>\n<p>La cifra representa un aumento del 10.4 por ciento comparado con agosto, pero 22.7 por ciento debajo del nivel de hace un a\u00f1o, seg\u00fan estad\u00edsticas publicadas este viernes.<\/p>\n<p>&nbsp;<\/p>\n<p>&nbsp;<\/p>\n<p>&nbsp;<\/p>\n<p>\u201cEl empeoramiento de las perspectivas para las cosechas en Brasil, debido al tiempo seco prolongado y a los incendios que da\u00f1aron los campos de ca\u00f1a de az\u00facar a finales de agosto, fueron los principales impulsores del aumento de los precios mundiales del az\u00facar\u201d, explic\u00f3 la FAO en un comunicado,<\/p>\n<p>&nbsp;<\/p>\n<p>&nbsp;<\/p>\n<p>Agreg\u00f3 que la preocupaci\u00f3n de que la disponibilidad de az\u00facar para la exportaci\u00f3n de la India pudiera verse afectada por la decisi\u00f3n del Gobierno de levantar las restricciones al uso de la ca\u00f1a de az\u00facar para la producci\u00f3n de etanol, tambi\u00e9n contribuy\u00f3 al aumento general de los precios mundiales del az\u00facar.<\/p>\n<p>&nbsp;<\/p>\n<p>&nbsp;<\/p>\n<p>&nbsp;<\/p>\n<h3>\n\u00bfQu\u00e9 otros productos de la FAO subieron de precio?<\/h3>\n<p>&nbsp;<\/p>\n<p>&nbsp;<\/p>\n<p>Todos los productos que integran al \u00edndice de precios de alimentos de la FAO subieron durante el noveno mes del a\u00f1o, afectados principalmente por las condiciones clim\u00e1ticas adversas que ponen en riesgo el abasto de la creciente demanda mundial.<\/p>\n<p>&nbsp;<\/p>\n<p>&nbsp;<\/p>\n<p>El \u00edndice estuvo 2.1 por ciento arriba al valor del mismo mes del 2023, pero un 22.4 por ciento menor a su m\u00e1ximo de 160.3 puntos de marzo de 2022.<\/p>\n<p>&nbsp;<\/p>\n<p>&nbsp;<\/p>\n<p>Las cotizaciones de todos los productos b\u00e1sicos incluidos en el \u00edndice subieron con alzas que oscilaron entre el 0.4 por ciento en el caso del \u00edndice del precio de la carne y el 10.4 por ciento en el \u00edndice del precio del az\u00facar, esto respecto al mes de agosto.<\/p>\n<p>&nbsp;<\/p>\n<p>&nbsp;<\/p>\n<p>Las condiciones meteorol\u00f3gicas desfavorables en pa\u00edses exportadores clave provocaron el alza en los precios del trigo en septiembre; los precios del ma\u00edz tambi\u00e9n aumentaron respecto al mes anterior, impulsados por los bajos niveles de agua en el r\u00edo Madeira en Brasil y el r\u00edo Misisipi en Estados Unidos, junto a una fuerte demanda interna en Brasil y s\u00f3lidas exportaciones en Argentina.<\/p>\n<p>&nbsp;<\/p>\n<p>&nbsp;<\/p>\n<p>El \u00edndice de aceites vegetales de la FAO subi\u00f3 4.6 por ciento en septiembre respecto a agosto y se ubic\u00f3 en 142.4 puntos, el nivel m\u00e1s alto desde principios de 2023. El aumento constante de los precios se debi\u00f3 al aumento de las cotizaciones de los aceites de palma, soja, girasol y colza.<\/p>\n<p>&nbsp;<\/p>\n<p>&nbsp;<\/p>\n<p>&nbsp;<\/p>\n<h3>Precios de los productos l\u00e1cteos continuaron aumentando<\/h3>\n<p>&nbsp;<\/p>\n<p>&nbsp;<\/p>\n<p>El \u00edndice de estos productos repunt\u00f3 3.8 por ciento en septiembre y se ubic\u00f3 en 136.3 puntos, 21.7 por ciento m\u00e1s que su valor de un a\u00f1o atr\u00e1s.<\/p>\n<p>&nbsp;<\/p>\n<p>&nbsp;<\/p>\n<p>La FAO explic\u00f3 que esto se debi\u00f3 al alza de los precios de todos los productos l\u00e1cteos, pero m\u00e1s de la leche entera en polvo ante fuerte demanda de importaciones en Asia y los precios de la mantequilla hilaron 11 meses consecutivos al alza ante una s\u00f3lida demanda de importaciones y demanda interna en Europa Occidental.<\/p>\n<p>&nbsp;<\/p>\n<p>&nbsp;<\/p>\n<p>&nbsp;<\/p>\n<p>PUBLICADO EL 07 DE OCTUBRE DE 2024 Con informaci\u00f3n de Agencias)<\/p>\n","protected":false},"excerpt":{"rendered":"<p>ESTADOS UNIDOS. \u2014 Todos los productos que integran al \u00edndice de precios de alimentos de&#8230;<\/p>\n","protected":false},"author":1,"featured_media":200776,"comment_status":"open","ping_status":"open","sticky":false,"template":"","format":"standard","meta":{"_monsterinsights_skip_tracking":false,"_monsterinsights_sitenote_active":false,"_monsterinsights_sitenote_note":"","_monsterinsights_sitenote_category":0,"footnotes":""},"categories":[3],"tags":[],"class_list":["post"],"yoast_head":" \n<title>Sonora en Equipo. Temor por la escasez de az\u00facar dispara su precio MUNDO<\/title>\n<meta name=\"description\" content=\"ESTADOS UNIDOS. \u2014 Todos los productos que integran al \u00edndice de precios de alimentos de la FAO subieron durante el noveno mes del a\u00f1o, afectados En Sonora en Equipo publicamos toda la informaci\u00f3n de Sonora, M\u00e9xico y el Mundo de manera oportuna y busca que la libertad de expresi\u00f3n sea real. Visita nuestro medio informativo publicado desde Hermosillo, Sonora. %\" \/>\n<meta name=\"robots\" content=\"index, follow, max-snippet:-1, max-image-preview:large, max-video-preview:-1\" \/>\n<link rel=\"canonical\" href=\"https:\/\/www.sonoraenequipo.com.mx\/temor-por-la-escasez-de-azucar-dispara-su-precio\/\" \/>\n<meta property=\"og:locale\" content=\"es_ES\" \/>\n<meta property=\"og:type\" content=\"article\" \/>\n<meta property=\"og:title\" content=\"Sonora en Equipo. Temor por la escasez de az\u00facar dispara su precio MUNDO\" \/>\n<meta property=\"og:description\" content=\"ESTADOS UNIDOS. \u2014 Todos los productos que integran al \u00edndice de precios de alimentos de la FAO subieron durante el noveno mes del a\u00f1o, afectados En Sonora en Equipo publicamos toda la informaci\u00f3n de Sonora, M\u00e9xico y el Mundo de manera oportuna y busca que la libertad de expresi\u00f3n sea real. Visita nuestro medio informativo publicado desde Hermosillo, Sonora. %\" \/>\n<meta property=\"og:url\" content=\"https:\/\/www.sonoraenequipo.com.mx\/temor-por-la-escasez-de-azucar-dispara-su-precio\/\" \/>\n<meta property=\"og:site_name\" content=\"Sonora en Equipo.\" \/>\n<meta property=\"article:publisher\" content=\"https:\/\/www.facebook.com\/SonoraEE\/\" \/>\n<meta property=\"article:author\" content=\"https:\/\/www.facebook.com\/SonoraEE\" \/>\n<meta property=\"article:published_time\" content=\"2024-10-07T14:05:22+00:00\" \/>\n<meta property=\"article:modified_time\" content=\"2024-10-07T19:04:22+00:00\" \/>\n<meta property=\"og:image\" content=\"https:\/\/www.sonoraenequipo.com.mx\/storage\/2024\/10\/sxucar-min.jpg\" \/>\n\t<meta property=\"og:image:width\" content=\"1152\" \/>\n\t<meta property=\"og:image:height\" content=\"648\" \/>\n\t<meta property=\"og:image:type\" content=\"image\/jpeg\" \/>\n<meta name=\"author\" content=\"enequipo\" \/>\n<meta name=\"twitter:card\" content=\"summary_large_image\" \/>\n<meta name=\"twitter:creator\" content=\"@sonoraenequipo\" \/>\n<meta name=\"twitter:site\" content=\"@sonoraenequipo\" \/>\n<meta name=\"twitter:label1\" content=\"Escrito por\" \/>\n\t<meta name=\"twitter:data1\" content=\"enequipo\" \/>\n\t<meta name=\"twitter:label2\" content=\"Tiempo de lectura\" \/>\n\t<meta name=\"twitter:data2\" content=\"3 minutos\" \/>\n<script type=\"application\/ld+json\" class=\"yoast-schema-graph\">{\"@context\":\"https:\/\/schema.org\",\"@graph\":[{\"@type\":\"Article\",\"@id\":\"https:\/\/www.sonoraenequipo.com.mx\/temor-por-la-escasez-de-azucar-dispara-su-precio\/#article\",\"isPartOf\":{\"@id\":\"https:\/\/www.sonoraenequipo.com.mx\/temor-por-la-escasez-de-azucar-dispara-su-precio\/\"},\"author\":{\"name\":\"enequipo\",\"@id\":\"https:\/\/www.sonoraenequipo.com.mx\/#\/schema\/person\/50102df0fb23a8fa9e8effad8fa81386\"},\"headline\":\"Temor por la escasez de az\u00facar dispara su precio\",\"datePublished\":\"2024-10-07T14:05:22+00:00\",\"dateModified\":\"2024-10-07T19:04:22+00:00\",\"mainEntityOfPage\":{\"@id\":\"https:\/\/www.sonoraenequipo.com.mx\/temor-por-la-escasez-de-azucar-dispara-su-precio\/\"},\"wordCount\":611,\"commentCount\":0,\"publisher\":{\"@id\":\"https:\/\/www.sonoraenequipo.com.mx\/#organization\"},\"image\":{\"@id\":\"https:\/\/www.sonoraenequipo.com.mx\/temor-por-la-escasez-de-azucar-dispara-su-precio\/#primaryimage\"},\"thumbnailUrl\":\"https:\/\/www.sonoraenequipo.com.mx\/storage\/2024\/10\/sxucar-min.jpg\",\"articleSection\":[\"MUNDO\"],\"inLanguage\":\"es\",\"potentialAction\":[{\"@type\":\"CommentAction\",\"name\":\"Comment\",\"target\":[\"https:\/\/www.sonoraenequipo.com.mx\/temor-por-la-escasez-de-azucar-dispara-su-precio\/#respond\"]}]},{\"@type\":\"WebPage\",\"@id\":\"https:\/\/www.sonoraenequipo.com.mx\/temor-por-la-escasez-de-azucar-dispara-su-precio\/\",\"url\":\"https:\/\/www.sonoraenequipo.com.mx\/temor-por-la-escasez-de-azucar-dispara-su-precio\/\",\"name\":\"Sonora en Equipo. Temor por la escasez de az\u00facar dispara su precio MUNDO\",\"isPartOf\":{\"@id\":\"https:\/\/www.sonoraenequipo.com.mx\/#website\"},\"primaryImageOfPage\":{\"@id\":\"https:\/\/www.sonoraenequipo.com.mx\/temor-por-la-escasez-de-azucar-dispara-su-precio\/#primaryimage\"},\"image\":{\"@id\":\"https:\/\/www.sonoraenequipo.com.mx\/temor-por-la-escasez-de-azucar-dispara-su-precio\/#primaryimage\"},\"thumbnailUrl\":\"https:\/\/www.sonoraenequipo.com.mx\/storage\/2024\/10\/sxucar-min.jpg\",\"datePublished\":\"2024-10-07T14:05:22+00:00\",\"dateModified\":\"2024-10-07T19:04:22+00:00\",\"description\":\"ESTADOS UNIDOS. \u2014 Todos los productos que integran al \u00edndice de precios de alimentos de la FAO subieron durante el noveno mes del a\u00f1o, afectados En Sonora en Equipo publicamos toda la informaci\u00f3n de Sonora, M\u00e9xico y el Mundo de manera oportuna y busca que la libertad de expresi\u00f3n sea real. Visita nuestro medio informativo publicado desde Hermosillo, Sonora. %\",\"breadcrumb\":{\"@id\":\"https:\/\/www.sonoraenequipo.com.mx\/temor-por-la-escasez-de-azucar-dispara-su-precio\/#breadcrumb\"},\"inLanguage\":\"es\",\"potentialAction\":[{\"@type\":\"ReadAction\",\"target\":[\"https:\/\/www.sonoraenequipo.com.mx\/temor-por-la-escasez-de-azucar-dispara-su-precio\/\"]}]},{\"@type\":\"ImageObject\",\"inLanguage\":\"es\",\"@id\":\"https:\/\/www.sonoraenequipo.com.mx\/temor-por-la-escasez-de-azucar-dispara-su-precio\/#primaryimage\",\"url\":\"https:\/\/www.sonoraenequipo.com.mx\/storage\/2024\/10\/sxucar-min.jpg\",\"contentUrl\":\"https:\/\/www.sonoraenequipo.com.mx\/storage\/2024\/10\/sxucar-min.jpg\",\"width\":1152,\"height\":648},{\"@type\":\"BreadcrumbList\",\"@id\":\"https:\/\/www.sonoraenequipo.com.mx\/temor-por-la-escasez-de-azucar-dispara-su-precio\/#breadcrumb\",\"itemListElement\":[{\"@type\":\"ListItem\",\"position\":1,\"name\":\"Portada\",\"item\":\"https:\/\/www.sonoraenequipo.com.mx\/\"},{\"@type\":\"ListItem\",\"position\":2,\"name\":\"Temor por la escasez de az\u00facar dispara su precio\"}]},{\"@type\":\"WebSite\",\"@id\":\"https:\/\/www.sonoraenequipo.com.mx\/#website\",\"url\":\"https:\/\/www.sonoraenequipo.com.mx\/\",\"name\":\"Sonora en Equipo.\",\"description\":\"Diario en l\u00ednea con Noticias desde Hermosillo, Sonora\",\"publisher\":{\"@id\":\"https:\/\/www.sonoraenequipo.com.mx\/#organization\"},\"potentialAction\":[{\"@type\":\"SearchAction\",\"target\":{\"@type\":\"EntryPoint\",\"urlTemplate\":\"https:\/\/www.sonoraenequipo.com.mx\/?s={search_term_string}\"},\"query-input\":{\"@type\":\"PropertyValueSpecification\",\"valueRequired\":true,\"valueName\":\"search_term_string\"}}],\"inLanguage\":\"es\"},{\"@type\":\"Organization\",\"@id\":\"https:\/\/www.sonoraenequipo.com.mx\/#organization\",\"name\":\"Sonoraenequipo.com.mx\",\"url\":\"https:\/\/www.sonoraenequipo.com.mx\/\",\"logo\":{\"@type\":\"ImageObject\",\"inLanguage\":\"es\",\"@id\":\"https:\/\/www.sonoraenequipo.com.mx\/#\/schema\/logo\/image\/\",\"url\":\"https:\/\/www.sonoraenequipo.com.mx\/storage\/2019\/01\/sonoraenequipo_opt.png\",\"contentUrl\":\"https:\/\/www.sonoraenequipo.com.mx\/storage\/2019\/01\/sonoraenequipo_opt.png\",\"width\":375,\"height\":125,\"caption\":\"Sonoraenequipo.com.mx\"},\"image\":{\"@id\":\"https:\/\/www.sonoraenequipo.com.mx\/#\/schema\/logo\/image\/\"},\"sameAs\":[\"https:\/\/www.facebook.com\/SonoraEE\/\",\"https:\/\/x.com\/sonoraenequipo\",\"https:\/\/www.youtube.com\/channel\/UC338nW-lPEYmJQs4ZABQ1SQ\"]},{\"@type\":\"Person\",\"@id\":\"https:\/\/www.sonoraenequipo.com.mx\/#\/schema\/person\/50102df0fb23a8fa9e8effad8fa81386\",\"name\":\"enequipo\",\"image\":{\"@type\":\"ImageObject\",\"inLanguage\":\"es\",\"@id\":\"https:\/\/www.sonoraenequipo.com.mx\/#\/schema\/person\/image\/\",\"url\":\"https:\/\/secure.gravatar.com\/avatar\/049821681b589dabc0bc20695993ccebb09f5b5d4d790cd9251b97faac7c652b?s=96&d=blank&r=g\",\"contentUrl\":\"https:\/\/secure.gravatar.com\/avatar\/049821681b589dabc0bc20695993ccebb09f5b5d4d790cd9251b97faac7c652b?s=96&d=blank&r=g\",\"caption\":\"enequipo\"},\"sameAs\":[\"https:\/\/www.facebook.com\/SonoraEE\"]}]}<\/script>\n ","yoast_head_json":{"title":"Sonora en Equipo. Temor por la escasez de az\u00facar dispara su precio MUNDO","description":"ESTADOS UNIDOS. \u2014 Todos los productos que integran al \u00edndice de precios de alimentos de la FAO subieron durante el noveno mes del a\u00f1o, afectados En Sonora en Equipo publicamos toda la informaci\u00f3n de Sonora, M\u00e9xico y el Mundo de manera oportuna y busca que la libertad de expresi\u00f3n sea real. Visita nuestro medio informativo publicado desde Hermosillo, Sonora. %","robots":{"index":"index","follow":"follow","max-snippet":"max-snippet:-1","max-image-preview":"max-image-preview:large","max-video-preview":"max-video-preview:-1"},"canonical":"https:\/\/www.sonoraenequipo.com.mx\/temor-por-la-escasez-de-azucar-dispara-su-precio\/","og_locale":"es_ES","og_type":"article","og_title":"Sonora en Equipo. Temor por la escasez de az\u00facar dispara su precio MUNDO","og_description":"ESTADOS UNIDOS. \u2014 Todos los productos que integran al \u00edndice de precios de alimentos de la FAO subieron durante el noveno mes del a\u00f1o, afectados En Sonora en Equipo publicamos toda la informaci\u00f3n de Sonora, M\u00e9xico y el Mundo de manera oportuna y busca que la libertad de expresi\u00f3n sea real. Visita nuestro medio informativo publicado desde Hermosillo, Sonora. %","og_url":"https:\/\/www.sonoraenequipo.com.mx\/temor-por-la-escasez-de-azucar-dispara-su-precio\/","og_site_name":"Sonora en Equipo.","article_publisher":"https:\/\/www.facebook.com\/SonoraEE\/","article_author":"https:\/\/www.facebook.com\/SonoraEE","article_published_time":"2024-10-07T14:05:22+00:00","article_modified_time":"2024-10-07T19:04:22+00:00","og_image":[{"width":1152,"height":648,"url":"https:\/\/www.sonoraenequipo.com.mx\/storage\/2024\/10\/sxucar-min.jpg","type":"image\/jpeg"}],"author":"enequipo","twitter_card":"summary_large_image","twitter_creator":"@sonoraenequipo","twitter_site":"@sonoraenequipo","twitter_misc":{"Escrito por":"enequipo","Tiempo de lectura":"3 minutos"},"schema":{"@context":"https:\/\/schema.org","@graph":[{"@type":"Article","@id":"https:\/\/www.sonoraenequipo.com.mx\/temor-por-la-escasez-de-azucar-dispara-su-precio\/#article","isPartOf":{"@id":"https:\/\/www.sonoraenequipo.com.mx\/temor-por-la-escasez-de-azucar-dispara-su-precio\/"},"author":{"name":"enequipo","@id":"https:\/\/www.sonoraenequipo.com.mx\/#\/schema\/person\/50102df0fb23a8fa9e8effad8fa81386"},"headline":"Temor por la escasez de az\u00facar dispara su precio","datePublished":"2024-10-07T14:05:22+00:00","dateModified":"2024-10-07T19:04:22+00:00","mainEntityOfPage":{"@id":"https:\/\/www.sonoraenequipo.com.mx\/temor-por-la-escasez-de-azucar-dispara-su-precio\/"},"wordCount":611,"commentCount":0,"publisher":{"@id":"https:\/\/www.sonoraenequipo.com.mx\/#organization"},"image":{"@id":"https:\/\/www.sonoraenequipo.com.mx\/temor-por-la-escasez-de-azucar-dispara-su-precio\/#primaryimage"},"thumbnailUrl":"https:\/\/www.sonoraenequipo.com.mx\/storage\/2024\/10\/sxucar-min.jpg","articleSection":["MUNDO"],"inLanguage":"es","potentialAction":[{"@type":"CommentAction","name":"Comment","target":["https:\/\/www.sonoraenequipo.com.mx\/temor-por-la-escasez-de-azucar-dispara-su-precio\/#respond"]}]},{"@type":"WebPage","@id":"https:\/\/www.sonoraenequipo.com.mx\/temor-por-la-escasez-de-azucar-dispara-su-precio\/","url":"https:\/\/www.sonoraenequipo.com.mx\/temor-por-la-escasez-de-azucar-dispara-su-precio\/","name":"Sonora en Equipo. Temor por la escasez de az\u00facar dispara su precio MUNDO","isPartOf":{"@id":"https:\/\/www.sonoraenequipo.com.mx\/#website"},"primaryImageOfPage":{"@id":"https:\/\/www.sonoraenequipo.com.mx\/temor-por-la-escasez-de-azucar-dispara-su-precio\/#primaryimage"},"image":{"@id":"https:\/\/www.sonoraenequipo.com.mx\/temor-por-la-escasez-de-azucar-dispara-su-precio\/#primaryimage"},"thumbnailUrl":"https:\/\/www.sonoraenequipo.com.mx\/storage\/2024\/10\/sxucar-min.jpg","datePublished":"2024-10-07T14:05:22+00:00","dateModified":"2024-10-07T19:04:22+00:00","description":"ESTADOS UNIDOS. \u2014 Todos los productos que integran al \u00edndice de precios de alimentos de la FAO subieron durante el noveno mes del a\u00f1o, afectados En Sonora en Equipo publicamos toda la informaci\u00f3n de Sonora, M\u00e9xico y el Mundo de manera oportuna y busca que la libertad de expresi\u00f3n sea real. Visita nuestro medio informativo publicado desde Hermosillo, Sonora. %","breadcrumb":{"@id":"https:\/\/www.sonoraenequipo.com.mx\/temor-por-la-escasez-de-azucar-dispara-su-precio\/#breadcrumb"},"inLanguage":"es","potentialAction":[{"@type":"ReadAction","target":["https:\/\/www.sonoraenequipo.com.mx\/temor-por-la-escasez-de-azucar-dispara-su-precio\/"]}]},{"@type":"ImageObject","inLanguage":"es","@id":"https:\/\/www.sonoraenequipo.com.mx\/temor-por-la-escasez-de-azucar-dispara-su-precio\/#primaryimage","url":"https:\/\/www.sonoraenequipo.com.mx\/storage\/2024\/10\/sxucar-min.jpg","contentUrl":"https:\/\/www.sonoraenequipo.com.mx\/storage\/2024\/10\/sxucar-min.jpg","width":1152,"height":648},{"@type":"BreadcrumbList","@id":"https:\/\/www.sonoraenequipo.com.mx\/temor-por-la-escasez-de-azucar-dispara-su-precio\/#breadcrumb","itemListElement":[{"@type":"ListItem","position":1,"name":"Portada","item":"https:\/\/www.sonoraenequipo.com.mx\/"},{"@type":"ListItem","position":2,"name":"Temor por la escasez de az\u00facar dispara su precio"}]},{"@type":"WebSite","@id":"https:\/\/www.sonoraenequipo.com.mx\/#website","url":"https:\/\/www.sonoraenequipo.com.mx\/","name":"Sonora en Equipo.","description":"Diario en l\u00ednea con Noticias desde Hermosillo, Sonora","publisher":{"@id":"https:\/\/www.sonoraenequipo.com.mx\/#organization"},"potentialAction":[{"@type":"SearchAction","target":{"@type":"EntryPoint","urlTemplate":"https:\/\/www.sonoraenequipo.com.mx\/?s={search_term_string}"},"query-input":{"@type":"PropertyValueSpecification","valueRequired":true,"valueName":"search_term_string"}}],"inLanguage":"es"},{"@type":"Organization","@id":"https:\/\/www.sonoraenequipo.com.mx\/#organization","name":"Sonoraenequipo.com.mx","url":"https:\/\/www.sonoraenequipo.com.mx\/","logo":{"@type":"ImageObject","inLanguage":"es","@id":"https:\/\/www.sonoraenequipo.com.mx\/#\/schema\/logo\/image\/","url":"https:\/\/www.sonoraenequipo.com.mx\/storage\/2019\/01\/sonoraenequipo_opt.png","contentUrl":"https:\/\/www.sonoraenequipo.com.mx\/storage\/2019\/01\/sonoraenequipo_opt.png","width":375,"height":125,"caption":"Sonoraenequipo.com.mx"},"image":{"@id":"https:\/\/www.sonoraenequipo.com.mx\/#\/schema\/logo\/image\/"},"sameAs":["https:\/\/www.facebook.com\/SonoraEE\/","https:\/\/x.com\/sonoraenequipo","https:\/\/www.youtube.com\/channel\/UC338nW-lPEYmJQs4ZABQ1SQ"]},{"@type":"Person","@id":"https:\/\/www.sonoraenequipo.com.mx\/#\/schema\/person\/50102df0fb23a8fa9e8effad8fa81386","name":"enequipo","image":{"@type":"ImageObject","inLanguage":"es","@id":"https:\/\/www.sonoraenequipo.com.mx\/#\/schema\/person\/image\/","url":"https:\/\/secure.gravatar.com\/avatar\/049821681b589dabc0bc20695993ccebb09f5b5d4d790cd9251b97faac7c652b?s=96&d=blank&r=g","contentUrl":"https:\/\/secure.gravatar.com\/avatar\/049821681b589dabc0bc20695993ccebb09f5b5d4d790cd9251b97faac7c652b?s=96&d=blank&r=g","caption":"enequipo"},"sameAs":["https:\/\/www.facebook.com\/SonoraEE"]}]}},"jetpack_featured_media_url":"https:\/\/www.sonoraenequipo.com.mx\/storage\/2024\/10\/sxucar-min.jpg","_links":{"self":[{"href":"https:\/\/www.sonoraenequipo.com.mx\/api\/wp\/v2\/posts\/200808","targetHints":{"allow":["GET"]}}],"collection":[{"href":"https:\/\/www.sonoraenequipo.com.mx\/api\/wp\/v2\/posts"}],"about":[{"href":"https:\/\/www.sonoraenequipo.com.mx\/api\/wp\/v2\/types\/post"}],"author":[{"embeddable":true,"href":"https:\/\/www.sonoraenequipo.com.mx\/api\/wp\/v2\/users\/1"}],"replies":[{"embeddable":true,"href":"https:\/\/www.sonoraenequipo.com.mx\/api\/wp\/v2\/comments?post=200808"}],"version-history":[{"count":1,"href":"https:\/\/www.sonoraenequipo.com.mx\/api\/wp\/v2\/posts\/200808\/revisions"}],"predecessor-version":[{"id":200809,"href":"https:\/\/www.sonoraenequipo.com.mx\/api\/wp\/v2\/posts\/200808\/revisions\/200809"}],"wp:featuredmedia":[{"embeddable":true,"href":"https:\/\/www.sonoraenequipo.com.mx\/api\/wp\/v2\/media\/200776"}],"wp:attachment":[{"href":"https:\/\/www.sonoraenequipo.com.mx\/api\/wp\/v2\/media?parent=200808"}],"wp:term":[{"taxonomy":"category","embeddable":true,"href":"https:\/\/www.sonoraenequipo.com.mx\/api\/wp\/v2\/categories?post=200808"},{"taxonomy":"post_tag","embeddable":true,"href":"https:\/\/www.sonoraenequipo.com.mx\/api\/wp\/v2\/tags?post=200808"}],"curies":[{"name":"wp","href":"https:\/\/api.w.org\/{rel}","templated":true}]}}