{"id":200854,"date":"2024-10-07T09:17:05","date_gmt":"2024-10-07T16:17:05","guid":{"rendered":"https:\/\/www.sonoraenequipo.com.mx\/?p=200854"},"modified":"2024-10-07T17:58:55","modified_gmt":"2024-10-08T00:58:55","slug":"envia-sheinbaum-iniciativas-al-congreso-sobre-eleccion-de-jueces","status":"publish","type":"post","link":"https:\/\/www.sonoraenequipo.com.mx\/envia-sheinbaum-iniciativas-al-congreso-sobre-eleccion-de-jueces\/","title":{"rendered":"Env\u00eda Sheinbaum iniciativas al Congreso sobre elecci\u00f3n de jueces"},"content":{"rendered":"<p><strong>CIUDAD DE M\u00c9XICO. MX. \u2014<\/strong> La presidenta Claudia Sheinbaum Pardo anunci\u00f3 que hoy enviar\u00e1 al Congreso de la Uni\u00f3n dos iniciativas de reforma que completan la reforma al Poder Judicial presentada por el expresidente Andr\u00e9s Manuel L\u00f3pez Obrador, misma que ya fue discutida y aprobada.<\/p>\n<p>&nbsp;<\/p>\n<p>&nbsp;<\/p>\n<p>&nbsp;<\/p>\n<p> <br \/>\nEn la conferencia ma\u00f1anera del pueblo, indic\u00f3 que estas iniciativas son para la modificaci\u00f3n a la Ley General de Procedimientos Electorales y Medios de Impugnaci\u00f3n en la elecci\u00f3n de jueces, magistrados y ministros, as\u00ed como tambi\u00e9n apunt\u00f3 que con ellas se busca clarificar c\u00f3mo se desarrollar\u00e1 dichas elecciones.<\/p>\n<p>&nbsp;<\/p>\n<p>&nbsp;<\/p>\n<p>&nbsp;<\/p>\n<p>\u201cEstamos enviando el d\u00eda de hoy al Congreso de la Uni\u00f3n para la modificaci\u00f3n a la Ley General de Procedimientos Electorales y Medios de Impugnaci\u00f3n para la elecci\u00f3n de jueces, magistrados y ministros. Consideramos que era importante enviar esta ley o estas leyes secundarias que clarifiquen c\u00f3mo se desarrolla la elecci\u00f3n. Entonces, est\u00e1n enviando el d\u00eda de hoy para su aprobaci\u00f3n en C\u00e1mara de Diputados y C\u00e1mara de Senadores\u201d, explic\u00f3.<\/p>\n<p>&nbsp;<\/p>\n<p>&nbsp;<\/p>\n<h3>\nIniciativas garantizan las etapas del proceso electoral<\/h3>\n<p>&nbsp;<\/p>\n<p>&nbsp;<\/p>\n<p>Por su parte, Ernestina Godoy Ramos, consejera jur\u00eddica del Ejecutivo Federal, declar\u00f3 que las reformas presentadas por la mandataria federal tienen como objetivo garantizar los derechos rectores en cada una de las etapas del proceso electoral y con ello, dar legalidad, certeza, imparcialidad, objetividad y transparencia.<\/p>\n<p>&nbsp;<\/p>\n<p>&nbsp;<\/p>\n<p>&nbsp;<\/p>\n<p><em><strong>\u201cVamos a elegir a los ministros de la Suprema Corte de Justicia, a magistrados del tribunal electoral, esta vez, los que se encuentran vacantes, a los magistrados del tribunal electoral, a los magistrados de los tribunales colegiados de circuito y tribunales colegiados de apelaci\u00f3n, a los jueces integrantes de los juzgados de distrito del Poder Judicial de la Federaci\u00f3n, y personas magistradas y jueces de los poderes judiciales estatales\u201d<\/strong><\/em>, coment\u00f3.<\/p>\n<p>&nbsp;<\/p>\n<p>&nbsp;<\/p>\n<p>&nbsp;<\/p>\n<p>Godoy Ramos indic\u00f3 que en cuanto a la convocatoria y postulaci\u00f3n de candidaturas, dijo que el Senado de la Rep\u00fablica es quien emitir\u00e1 la convocatoria general a los tres poderes de la uni\u00f3n para integrar el listado de las candidaturas.<\/p>\n<p>&nbsp;<\/p>\n<p>&nbsp;<\/p>\n<p><strong><em>\u201cEl plazo para inscribirse en la convocatoria, los comit\u00e9s publicar\u00e1n la lista de las personas aspirantes que hayan reunido todos los requisitos constitucionales de elegibilidad. Los comit\u00e9s proceder\u00e1n a calificar la idoneidad de los perfiles para desempe\u00f1ar el cargo. Para ello, podr\u00e1n tomar en cuenta perfil curricular, as\u00ed profesionales y acad\u00e9micos, entre otros, los que determine cada comit\u00e9 para valorar su honestidad y buena fama p\u00fablica\u201d<\/em><\/strong>, agreg\u00f3.<\/p>\n<p>&nbsp;<\/p>\n<p>&nbsp;<\/p>\n<p>&nbsp;<\/p>\n<p>&nbsp;<\/p>\n<p>Sobre la tarea del Instituto Nacional Electoral (INE) en dicho proceso, la consejera jur\u00eddica coment\u00f3,<strong><em> \u201cle corresponde aprobar el modelo de la boleta, la documentaci\u00f3n, y materiales electorales, garantizar el tiempo que corresponde al estado en radio y televisi\u00f3n, y emitir reglas y pautas para garantizar este derecho. Tambi\u00e9n le corresponde organizar y desarrollar foros de debate entre las personas candidatas, y establecer las bases para que las instituciones del sector p\u00fablico, privado, o social, brinden espacios de manera gratuita, garantizar condiciones de equidad\u201d.<\/em><\/strong><\/p>\n<p>&nbsp;<\/p>\n<p>&nbsp;<\/p>\n<p>&nbsp;<\/p>\n<p>PUBLICADO EL 07 DE OCTUBRE DE 2024 Con informaci\u00f3n de Conferencia presidencial)<\/p>\n","protected":false},"excerpt":{"rendered":"<p>CIUDAD DE M\u00c9XICO. MX. \u2014 La presidenta Claudia Sheinbaum Pardo anunci\u00f3 que hoy enviar\u00e1 al&#8230;<\/p>\n","protected":false},"author":1,"featured_media":200855,"comment_status":"open","ping_status":"open","sticky":false,"template":"","format":"standard","meta":{"_monsterinsights_skip_tracking":false,"_monsterinsights_sitenote_active":false,"_monsterinsights_sitenote_note":"","_monsterinsights_sitenote_category":0,"footnotes":""},"categories":[5],"tags":[],"class_list":["post"],"yoast_head":" \n<title>Sonora en Equipo. Env\u00eda Sheinbaum iniciativas al Congreso sobre elecci\u00f3n de jueces Rep\u00fablica<\/title>\n<meta name=\"description\" content=\"CIUDAD DE M\u00c9XICO. MX. \u2014 La presidenta Claudia Sheinbaum Pardo anunci\u00f3 que hoy enviar\u00e1 al Congreso de la Uni\u00f3n dos iniciativas de reforma que completan la En Sonora en Equipo publicamos toda la informaci\u00f3n de Sonora, M\u00e9xico y el Mundo de manera oportuna y busca que la libertad de expresi\u00f3n sea real. Visita nuestro medio informativo publicado desde Hermosillo, Sonora. %\" \/>\n<meta name=\"robots\" content=\"index, follow, max-snippet:-1, max-image-preview:large, max-video-preview:-1\" \/>\n<link rel=\"canonical\" href=\"https:\/\/www.sonoraenequipo.com.mx\/envia-sheinbaum-iniciativas-al-congreso-sobre-eleccion-de-jueces\/\" \/>\n<meta property=\"og:locale\" content=\"es_ES\" \/>\n<meta property=\"og:type\" content=\"article\" \/>\n<meta property=\"og:title\" content=\"Sonora en Equipo. Env\u00eda Sheinbaum iniciativas al Congreso sobre elecci\u00f3n de jueces Rep\u00fablica\" \/>\n<meta property=\"og:description\" content=\"CIUDAD DE M\u00c9XICO. MX. \u2014 La presidenta Claudia Sheinbaum Pardo anunci\u00f3 que hoy enviar\u00e1 al Congreso de la Uni\u00f3n dos iniciativas de reforma que completan la En Sonora en Equipo publicamos toda la informaci\u00f3n de Sonora, M\u00e9xico y el Mundo de manera oportuna y busca que la libertad de expresi\u00f3n sea real. Visita nuestro medio informativo publicado desde Hermosillo, Sonora. %\" \/>\n<meta property=\"og:url\" content=\"https:\/\/www.sonoraenequipo.com.mx\/envia-sheinbaum-iniciativas-al-congreso-sobre-eleccion-de-jueces\/\" \/>\n<meta property=\"og:site_name\" content=\"Sonora en Equipo.\" \/>\n<meta property=\"article:publisher\" content=\"https:\/\/www.facebook.com\/SonoraEE\/\" \/>\n<meta property=\"article:author\" content=\"https:\/\/www.facebook.com\/SonoraEE\" \/>\n<meta property=\"article:published_time\" content=\"2024-10-07T16:17:05+00:00\" \/>\n<meta property=\"article:modified_time\" content=\"2024-10-08T00:58:55+00:00\" \/>\n<meta property=\"og:image\" content=\"https:\/\/www.sonoraenequipo.com.mx\/storage\/2024\/10\/sheinbaum.claudia.poderjudicial-min.jpg\" \/>\n\t<meta property=\"og:image:width\" content=\"900\" \/>\n\t<meta property=\"og:image:height\" content=\"571\" \/>\n\t<meta property=\"og:image:type\" content=\"image\/jpeg\" \/>\n<meta name=\"author\" content=\"enequipo\" \/>\n<meta name=\"twitter:card\" content=\"summary_large_image\" \/>\n<meta name=\"twitter:creator\" content=\"@sonoraenequipo\" \/>\n<meta name=\"twitter:site\" content=\"@sonoraenequipo\" \/>\n<meta name=\"twitter:label1\" content=\"Escrito por\" \/>\n\t<meta name=\"twitter:data1\" content=\"enequipo\" \/>\n\t<meta name=\"twitter:label2\" content=\"Tiempo de lectura\" \/>\n\t<meta name=\"twitter:data2\" content=\"3 minutos\" \/>\n<script type=\"application\/ld+json\" class=\"yoast-schema-graph\">{\"@context\":\"https:\/\/schema.org\",\"@graph\":[{\"@type\":\"Article\",\"@id\":\"https:\/\/www.sonoraenequipo.com.mx\/envia-sheinbaum-iniciativas-al-congreso-sobre-eleccion-de-jueces\/#article\",\"isPartOf\":{\"@id\":\"https:\/\/www.sonoraenequipo.com.mx\/envia-sheinbaum-iniciativas-al-congreso-sobre-eleccion-de-jueces\/\"},\"author\":{\"name\":\"enequipo\",\"@id\":\"https:\/\/www.sonoraenequipo.com.mx\/#\/schema\/person\/50102df0fb23a8fa9e8effad8fa81386\"},\"headline\":\"Env\u00eda Sheinbaum iniciativas al Congreso sobre elecci\u00f3n de jueces\",\"datePublished\":\"2024-10-07T16:17:05+00:00\",\"dateModified\":\"2024-10-08T00:58:55+00:00\",\"mainEntityOfPage\":{\"@id\":\"https:\/\/www.sonoraenequipo.com.mx\/envia-sheinbaum-iniciativas-al-congreso-sobre-eleccion-de-jueces\/\"},\"wordCount\":564,\"commentCount\":0,\"publisher\":{\"@id\":\"https:\/\/www.sonoraenequipo.com.mx\/#organization\"},\"image\":{\"@id\":\"https:\/\/www.sonoraenequipo.com.mx\/envia-sheinbaum-iniciativas-al-congreso-sobre-eleccion-de-jueces\/#primaryimage\"},\"thumbnailUrl\":\"https:\/\/www.sonoraenequipo.com.mx\/storage\/2024\/10\/sheinbaum.claudia.poderjudicial-min.jpg\",\"articleSection\":[\"Rep\u00fablica\"],\"inLanguage\":\"es\",\"potentialAction\":[{\"@type\":\"CommentAction\",\"name\":\"Comment\",\"target\":[\"https:\/\/www.sonoraenequipo.com.mx\/envia-sheinbaum-iniciativas-al-congreso-sobre-eleccion-de-jueces\/#respond\"]}]},{\"@type\":\"WebPage\",\"@id\":\"https:\/\/www.sonoraenequipo.com.mx\/envia-sheinbaum-iniciativas-al-congreso-sobre-eleccion-de-jueces\/\",\"url\":\"https:\/\/www.sonoraenequipo.com.mx\/envia-sheinbaum-iniciativas-al-congreso-sobre-eleccion-de-jueces\/\",\"name\":\"Sonora en Equipo. Env\u00eda Sheinbaum iniciativas al Congreso sobre elecci\u00f3n de jueces Rep\u00fablica\",\"isPartOf\":{\"@id\":\"https:\/\/www.sonoraenequipo.com.mx\/#website\"},\"primaryImageOfPage\":{\"@id\":\"https:\/\/www.sonoraenequipo.com.mx\/envia-sheinbaum-iniciativas-al-congreso-sobre-eleccion-de-jueces\/#primaryimage\"},\"image\":{\"@id\":\"https:\/\/www.sonoraenequipo.com.mx\/envia-sheinbaum-iniciativas-al-congreso-sobre-eleccion-de-jueces\/#primaryimage\"},\"thumbnailUrl\":\"https:\/\/www.sonoraenequipo.com.mx\/storage\/2024\/10\/sheinbaum.claudia.poderjudicial-min.jpg\",\"datePublished\":\"2024-10-07T16:17:05+00:00\",\"dateModified\":\"2024-10-08T00:58:55+00:00\",\"description\":\"CIUDAD DE M\u00c9XICO. MX. \u2014 La presidenta Claudia Sheinbaum Pardo anunci\u00f3 que hoy enviar\u00e1 al Congreso de la Uni\u00f3n dos iniciativas de reforma que completan la En Sonora en Equipo publicamos toda la informaci\u00f3n de Sonora, M\u00e9xico y el Mundo de manera oportuna y busca que la libertad de expresi\u00f3n sea real. Visita nuestro medio informativo publicado desde Hermosillo, Sonora. %\",\"breadcrumb\":{\"@id\":\"https:\/\/www.sonoraenequipo.com.mx\/envia-sheinbaum-iniciativas-al-congreso-sobre-eleccion-de-jueces\/#breadcrumb\"},\"inLanguage\":\"es\",\"potentialAction\":[{\"@type\":\"ReadAction\",\"target\":[\"https:\/\/www.sonoraenequipo.com.mx\/envia-sheinbaum-iniciativas-al-congreso-sobre-eleccion-de-jueces\/\"]}]},{\"@type\":\"ImageObject\",\"inLanguage\":\"es\",\"@id\":\"https:\/\/www.sonoraenequipo.com.mx\/envia-sheinbaum-iniciativas-al-congreso-sobre-eleccion-de-jueces\/#primaryimage\",\"url\":\"https:\/\/www.sonoraenequipo.com.mx\/storage\/2024\/10\/sheinbaum.claudia.poderjudicial-min.jpg\",\"contentUrl\":\"https:\/\/www.sonoraenequipo.com.mx\/storage\/2024\/10\/sheinbaum.claudia.poderjudicial-min.jpg\",\"width\":900,\"height\":571},{\"@type\":\"BreadcrumbList\",\"@id\":\"https:\/\/www.sonoraenequipo.com.mx\/envia-sheinbaum-iniciativas-al-congreso-sobre-eleccion-de-jueces\/#breadcrumb\",\"itemListElement\":[{\"@type\":\"ListItem\",\"position\":1,\"name\":\"Portada\",\"item\":\"https:\/\/www.sonoraenequipo.com.mx\/\"},{\"@type\":\"ListItem\",\"position\":2,\"name\":\"Env\u00eda Sheinbaum iniciativas al Congreso sobre elecci\u00f3n de jueces\"}]},{\"@type\":\"WebSite\",\"@id\":\"https:\/\/www.sonoraenequipo.com.mx\/#website\",\"url\":\"https:\/\/www.sonoraenequipo.com.mx\/\",\"name\":\"Sonora en Equipo.\",\"description\":\"Diario en l\u00ednea con Noticias desde Hermosillo, Sonora\",\"publisher\":{\"@id\":\"https:\/\/www.sonoraenequipo.com.mx\/#organization\"},\"potentialAction\":[{\"@type\":\"SearchAction\",\"target\":{\"@type\":\"EntryPoint\",\"urlTemplate\":\"https:\/\/www.sonoraenequipo.com.mx\/?s={search_term_string}\"},\"query-input\":{\"@type\":\"PropertyValueSpecification\",\"valueRequired\":true,\"valueName\":\"search_term_string\"}}],\"inLanguage\":\"es\"},{\"@type\":\"Organization\",\"@id\":\"https:\/\/www.sonoraenequipo.com.mx\/#organization\",\"name\":\"Sonoraenequipo.com.mx\",\"url\":\"https:\/\/www.sonoraenequipo.com.mx\/\",\"logo\":{\"@type\":\"ImageObject\",\"inLanguage\":\"es\",\"@id\":\"https:\/\/www.sonoraenequipo.com.mx\/#\/schema\/logo\/image\/\",\"url\":\"https:\/\/www.sonoraenequipo.com.mx\/storage\/2019\/01\/sonoraenequipo_opt.png\",\"contentUrl\":\"https:\/\/www.sonoraenequipo.com.mx\/storage\/2019\/01\/sonoraenequipo_opt.png\",\"width\":375,\"height\":125,\"caption\":\"Sonoraenequipo.com.mx\"},\"image\":{\"@id\":\"https:\/\/www.sonoraenequipo.com.mx\/#\/schema\/logo\/image\/\"},\"sameAs\":[\"https:\/\/www.facebook.com\/SonoraEE\/\",\"https:\/\/x.com\/sonoraenequipo\",\"https:\/\/www.youtube.com\/channel\/UC338nW-lPEYmJQs4ZABQ1SQ\"]},{\"@type\":\"Person\",\"@id\":\"https:\/\/www.sonoraenequipo.com.mx\/#\/schema\/person\/50102df0fb23a8fa9e8effad8fa81386\",\"name\":\"enequipo\",\"image\":{\"@type\":\"ImageObject\",\"inLanguage\":\"es\",\"@id\":\"https:\/\/www.sonoraenequipo.com.mx\/#\/schema\/person\/image\/\",\"url\":\"https:\/\/secure.gravatar.com\/avatar\/049821681b589dabc0bc20695993ccebb09f5b5d4d790cd9251b97faac7c652b?s=96&d=blank&r=g\",\"contentUrl\":\"https:\/\/secure.gravatar.com\/avatar\/049821681b589dabc0bc20695993ccebb09f5b5d4d790cd9251b97faac7c652b?s=96&d=blank&r=g\",\"caption\":\"enequipo\"},\"sameAs\":[\"https:\/\/www.facebook.com\/SonoraEE\"]}]}<\/script>\n ","yoast_head_json":{"title":"Sonora en Equipo. Env\u00eda Sheinbaum iniciativas al Congreso sobre elecci\u00f3n de jueces Rep\u00fablica","description":"CIUDAD DE M\u00c9XICO. MX. \u2014 La presidenta Claudia Sheinbaum Pardo anunci\u00f3 que hoy enviar\u00e1 al Congreso de la Uni\u00f3n dos iniciativas de reforma que completan la En Sonora en Equipo publicamos toda la informaci\u00f3n de Sonora, M\u00e9xico y el Mundo de manera oportuna y busca que la libertad de expresi\u00f3n sea real. Visita nuestro medio informativo publicado desde Hermosillo, Sonora. %","robots":{"index":"index","follow":"follow","max-snippet":"max-snippet:-1","max-image-preview":"max-image-preview:large","max-video-preview":"max-video-preview:-1"},"canonical":"https:\/\/www.sonoraenequipo.com.mx\/envia-sheinbaum-iniciativas-al-congreso-sobre-eleccion-de-jueces\/","og_locale":"es_ES","og_type":"article","og_title":"Sonora en Equipo. Env\u00eda Sheinbaum iniciativas al Congreso sobre elecci\u00f3n de jueces Rep\u00fablica","og_description":"CIUDAD DE M\u00c9XICO. MX. \u2014 La presidenta Claudia Sheinbaum Pardo anunci\u00f3 que hoy enviar\u00e1 al Congreso de la Uni\u00f3n dos iniciativas de reforma que completan la En Sonora en Equipo publicamos toda la informaci\u00f3n de Sonora, M\u00e9xico y el Mundo de manera oportuna y busca que la libertad de expresi\u00f3n sea real. Visita nuestro medio informativo publicado desde Hermosillo, Sonora. %","og_url":"https:\/\/www.sonoraenequipo.com.mx\/envia-sheinbaum-iniciativas-al-congreso-sobre-eleccion-de-jueces\/","og_site_name":"Sonora en Equipo.","article_publisher":"https:\/\/www.facebook.com\/SonoraEE\/","article_author":"https:\/\/www.facebook.com\/SonoraEE","article_published_time":"2024-10-07T16:17:05+00:00","article_modified_time":"2024-10-08T00:58:55+00:00","og_image":[{"width":900,"height":571,"url":"https:\/\/www.sonoraenequipo.com.mx\/storage\/2024\/10\/sheinbaum.claudia.poderjudicial-min.jpg","type":"image\/jpeg"}],"author":"enequipo","twitter_card":"summary_large_image","twitter_creator":"@sonoraenequipo","twitter_site":"@sonoraenequipo","twitter_misc":{"Escrito por":"enequipo","Tiempo de lectura":"3 minutos"},"schema":{"@context":"https:\/\/schema.org","@graph":[{"@type":"Article","@id":"https:\/\/www.sonoraenequipo.com.mx\/envia-sheinbaum-iniciativas-al-congreso-sobre-eleccion-de-jueces\/#article","isPartOf":{"@id":"https:\/\/www.sonoraenequipo.com.mx\/envia-sheinbaum-iniciativas-al-congreso-sobre-eleccion-de-jueces\/"},"author":{"name":"enequipo","@id":"https:\/\/www.sonoraenequipo.com.mx\/#\/schema\/person\/50102df0fb23a8fa9e8effad8fa81386"},"headline":"Env\u00eda Sheinbaum iniciativas al Congreso sobre elecci\u00f3n de jueces","datePublished":"2024-10-07T16:17:05+00:00","dateModified":"2024-10-08T00:58:55+00:00","mainEntityOfPage":{"@id":"https:\/\/www.sonoraenequipo.com.mx\/envia-sheinbaum-iniciativas-al-congreso-sobre-eleccion-de-jueces\/"},"wordCount":564,"commentCount":0,"publisher":{"@id":"https:\/\/www.sonoraenequipo.com.mx\/#organization"},"image":{"@id":"https:\/\/www.sonoraenequipo.com.mx\/envia-sheinbaum-iniciativas-al-congreso-sobre-eleccion-de-jueces\/#primaryimage"},"thumbnailUrl":"https:\/\/www.sonoraenequipo.com.mx\/storage\/2024\/10\/sheinbaum.claudia.poderjudicial-min.jpg","articleSection":["Rep\u00fablica"],"inLanguage":"es","potentialAction":[{"@type":"CommentAction","name":"Comment","target":["https:\/\/www.sonoraenequipo.com.mx\/envia-sheinbaum-iniciativas-al-congreso-sobre-eleccion-de-jueces\/#respond"]}]},{"@type":"WebPage","@id":"https:\/\/www.sonoraenequipo.com.mx\/envia-sheinbaum-iniciativas-al-congreso-sobre-eleccion-de-jueces\/","url":"https:\/\/www.sonoraenequipo.com.mx\/envia-sheinbaum-iniciativas-al-congreso-sobre-eleccion-de-jueces\/","name":"Sonora en Equipo. Env\u00eda Sheinbaum iniciativas al Congreso sobre elecci\u00f3n de jueces Rep\u00fablica","isPartOf":{"@id":"https:\/\/www.sonoraenequipo.com.mx\/#website"},"primaryImageOfPage":{"@id":"https:\/\/www.sonoraenequipo.com.mx\/envia-sheinbaum-iniciativas-al-congreso-sobre-eleccion-de-jueces\/#primaryimage"},"image":{"@id":"https:\/\/www.sonoraenequipo.com.mx\/envia-sheinbaum-iniciativas-al-congreso-sobre-eleccion-de-jueces\/#primaryimage"},"thumbnailUrl":"https:\/\/www.sonoraenequipo.com.mx\/storage\/2024\/10\/sheinbaum.claudia.poderjudicial-min.jpg","datePublished":"2024-10-07T16:17:05+00:00","dateModified":"2024-10-08T00:58:55+00:00","description":"CIUDAD DE M\u00c9XICO. MX. \u2014 La presidenta Claudia Sheinbaum Pardo anunci\u00f3 que hoy enviar\u00e1 al Congreso de la Uni\u00f3n dos iniciativas de reforma que completan la En Sonora en Equipo publicamos toda la informaci\u00f3n de Sonora, M\u00e9xico y el Mundo de manera oportuna y busca que la libertad de expresi\u00f3n sea real. Visita nuestro medio informativo publicado desde Hermosillo, Sonora. %","breadcrumb":{"@id":"https:\/\/www.sonoraenequipo.com.mx\/envia-sheinbaum-iniciativas-al-congreso-sobre-eleccion-de-jueces\/#breadcrumb"},"inLanguage":"es","potentialAction":[{"@type":"ReadAction","target":["https:\/\/www.sonoraenequipo.com.mx\/envia-sheinbaum-iniciativas-al-congreso-sobre-eleccion-de-jueces\/"]}]},{"@type":"ImageObject","inLanguage":"es","@id":"https:\/\/www.sonoraenequipo.com.mx\/envia-sheinbaum-iniciativas-al-congreso-sobre-eleccion-de-jueces\/#primaryimage","url":"https:\/\/www.sonoraenequipo.com.mx\/storage\/2024\/10\/sheinbaum.claudia.poderjudicial-min.jpg","contentUrl":"https:\/\/www.sonoraenequipo.com.mx\/storage\/2024\/10\/sheinbaum.claudia.poderjudicial-min.jpg","width":900,"height":571},{"@type":"BreadcrumbList","@id":"https:\/\/www.sonoraenequipo.com.mx\/envia-sheinbaum-iniciativas-al-congreso-sobre-eleccion-de-jueces\/#breadcrumb","itemListElement":[{"@type":"ListItem","position":1,"name":"Portada","item":"https:\/\/www.sonoraenequipo.com.mx\/"},{"@type":"ListItem","position":2,"name":"Env\u00eda Sheinbaum iniciativas al Congreso sobre elecci\u00f3n de jueces"}]},{"@type":"WebSite","@id":"https:\/\/www.sonoraenequipo.com.mx\/#website","url":"https:\/\/www.sonoraenequipo.com.mx\/","name":"Sonora en Equipo.","description":"Diario en l\u00ednea con Noticias desde Hermosillo, Sonora","publisher":{"@id":"https:\/\/www.sonoraenequipo.com.mx\/#organization"},"potentialAction":[{"@type":"SearchAction","target":{"@type":"EntryPoint","urlTemplate":"https:\/\/www.sonoraenequipo.com.mx\/?s={search_term_string}"},"query-input":{"@type":"PropertyValueSpecification","valueRequired":true,"valueName":"search_term_string"}}],"inLanguage":"es"},{"@type":"Organization","@id":"https:\/\/www.sonoraenequipo.com.mx\/#organization","name":"Sonoraenequipo.com.mx","url":"https:\/\/www.sonoraenequipo.com.mx\/","logo":{"@type":"ImageObject","inLanguage":"es","@id":"https:\/\/www.sonoraenequipo.com.mx\/#\/schema\/logo\/image\/","url":"https:\/\/www.sonoraenequipo.com.mx\/storage\/2019\/01\/sonoraenequipo_opt.png","contentUrl":"https:\/\/www.sonoraenequipo.com.mx\/storage\/2019\/01\/sonoraenequipo_opt.png","width":375,"height":125,"caption":"Sonoraenequipo.com.mx"},"image":{"@id":"https:\/\/www.sonoraenequipo.com.mx\/#\/schema\/logo\/image\/"},"sameAs":["https:\/\/www.facebook.com\/SonoraEE\/","https:\/\/x.com\/sonoraenequipo","https:\/\/www.youtube.com\/channel\/UC338nW-lPEYmJQs4ZABQ1SQ"]},{"@type":"Person","@id":"https:\/\/www.sonoraenequipo.com.mx\/#\/schema\/person\/50102df0fb23a8fa9e8effad8fa81386","name":"enequipo","image":{"@type":"ImageObject","inLanguage":"es","@id":"https:\/\/www.sonoraenequipo.com.mx\/#\/schema\/person\/image\/","url":"https:\/\/secure.gravatar.com\/avatar\/049821681b589dabc0bc20695993ccebb09f5b5d4d790cd9251b97faac7c652b?s=96&d=blank&r=g","contentUrl":"https:\/\/secure.gravatar.com\/avatar\/049821681b589dabc0bc20695993ccebb09f5b5d4d790cd9251b97faac7c652b?s=96&d=blank&r=g","caption":"enequipo"},"sameAs":["https:\/\/www.facebook.com\/SonoraEE"]}]}},"jetpack_featured_media_url":"https:\/\/www.sonoraenequipo.com.mx\/storage\/2024\/10\/sheinbaum.claudia.poderjudicial-min.jpg","_links":{"self":[{"href":"https:\/\/www.sonoraenequipo.com.mx\/api\/wp\/v2\/posts\/200854","targetHints":{"allow":["GET"]}}],"collection":[{"href":"https:\/\/www.sonoraenequipo.com.mx\/api\/wp\/v2\/posts"}],"about":[{"href":"https:\/\/www.sonoraenequipo.com.mx\/api\/wp\/v2\/types\/post"}],"author":[{"embeddable":true,"href":"https:\/\/www.sonoraenequipo.com.mx\/api\/wp\/v2\/users\/1"}],"replies":[{"embeddable":true,"href":"https:\/\/www.sonoraenequipo.com.mx\/api\/wp\/v2\/comments?post=200854"}],"version-history":[{"count":1,"href":"https:\/\/www.sonoraenequipo.com.mx\/api\/wp\/v2\/posts\/200854\/revisions"}],"predecessor-version":[{"id":200856,"href":"https:\/\/www.sonoraenequipo.com.mx\/api\/wp\/v2\/posts\/200854\/revisions\/200856"}],"wp:featuredmedia":[{"embeddable":true,"href":"https:\/\/www.sonoraenequipo.com.mx\/api\/wp\/v2\/media\/200855"}],"wp:attachment":[{"href":"https:\/\/www.sonoraenequipo.com.mx\/api\/wp\/v2\/media?parent=200854"}],"wp:term":[{"taxonomy":"category","embeddable":true,"href":"https:\/\/www.sonoraenequipo.com.mx\/api\/wp\/v2\/categories?post=200854"},{"taxonomy":"post_tag","embeddable":true,"href":"https:\/\/www.sonoraenequipo.com.mx\/api\/wp\/v2\/tags?post=200854"}],"curies":[{"name":"wp","href":"https:\/\/api.w.org\/{rel}","templated":true}]}}