{"id":200874,"date":"2024-10-06T18:41:24","date_gmt":"2024-10-07T01:41:24","guid":{"rendered":"https:\/\/www.sonoraenequipo.com.mx\/?p=200874"},"modified":"2024-10-07T20:03:05","modified_gmt":"2024-10-08T03:03:05","slug":"la-ssp-sonora-ubica-y-deshabilita-antena-de-radiocomunicacion-de-operacion-clandestina-en-la-cienaga","status":"publish","type":"post","link":"https:\/\/www.sonoraenequipo.com.mx\/la-ssp-sonora-ubica-y-deshabilita-antena-de-radiocomunicacion-de-operacion-clandestina-en-la-cienaga\/","title":{"rendered":"La SSP Sonora ubica y deshabilita antena de radiocomunicaci\u00f3n de operaci\u00f3n clandestina en La Ci\u00e9naga"},"content":{"rendered":"<p><strong>PITIQUITO, SONORA. MX.<\/strong> \u2014 La Secretar\u00eda de Seguridad P\u00fablica, a trav\u00e9s de elementos de la Polic\u00eda Estatal adscritos a la base operativa \u00abLa Ci\u00e9nega\u00bb, en Pitiquito, detect\u00f3 y destruy\u00f3 una antena de radiocomunicaci\u00f3n clandestina utilizada por grupos delictivos que operan en la regi\u00f3n.<\/p>\n<p>&nbsp;<\/p>\n<p>&nbsp;<\/p>\n<p>&nbsp;<\/p>\n<p> <\/p>\n<p>La localizaci\u00f3n y destrucci\u00f3n de la antena forma parte de un esfuerzo que se ha implementado en la Ci\u00e9nega donde recientemente se estableci\u00f3 una base operativa de la Polic\u00eda Estatal.<\/p>\n<p>&nbsp;<\/p>\n<p>&nbsp;<\/p>\n<p>&nbsp;<\/p>\n<p><img loading=\"lazy\" decoding=\"async\" class=\"x-none size-full \" src=\"https:\/\/www.sonoraenequipo.com.mx\/storage\/2024\/10\/inmobilizan-antenas-min.jpg\" alt=\"\" width=\"900\" height=\"418\"><\/p>\n<p>&nbsp;<\/p>\n<p>Lo anterior, despu\u00e9s de una intervenci\u00f3n de inteligencia en donde agentes estatales detuvieron a ocho personas, que al parecer explotaban y extra\u00edan materiales de una mina, que operaba de manera clandestina.<\/p>\n<p>&nbsp;<\/p>\n<p>&nbsp;<\/p>\n<p>La Secretar\u00eda de Seguridad P\u00fablica reitera su compromiso de fortalecer los operativos en zonas cr\u00edticas del estado, colaborando con las corporaciones policiales de los tres niveles de gobierno para garantizar la paz y tranquilidad en Sonora.<\/p>\n<p>&nbsp;<\/p>\n<p>&nbsp;<\/p>\n<p>PUBLICADO EL 06 DE OCTUBRE DE 2024 Con informaci\u00f3n de GOBSON&nbsp;1024037)<\/p>\n","protected":false},"excerpt":{"rendered":"<p>PITIQUITO, SONORA. MX. \u2014 La Secretar\u00eda de Seguridad P\u00fablica, a trav\u00e9s de elementos de la&#8230;<\/p>\n","protected":false},"author":1,"featured_media":200878,"comment_status":"open","ping_status":"open","sticky":false,"template":"","format":"standard","meta":{"_monsterinsights_skip_tracking":false,"_monsterinsights_sitenote_active":false,"_monsterinsights_sitenote_note":"","_monsterinsights_sitenote_category":0,"footnotes":""},"categories":[22],"tags":[],"class_list":["post"],"yoast_head":" \n<title>Sonora en Equipo. La SSP Sonora ubica y deshabilita antena de radiocomunicaci\u00f3n de operaci\u00f3n clandestina en La Ci\u00e9naga Sonora<\/title>\n<meta name=\"description\" content=\"PITIQUITO, SONORA. MX. \u2014 La Secretar\u00eda de Seguridad P\u00fablica, a trav\u00e9s de elementos de la Polic\u00eda Estatal adscritos a la base operativa &quot;La Ci\u00e9nega&quot;, en En Sonora en Equipo publicamos toda la informaci\u00f3n de Sonora, M\u00e9xico y el Mundo de manera oportuna y busca que la libertad de expresi\u00f3n sea real. Visita nuestro medio informativo publicado desde Hermosillo, Sonora. %\" \/>\n<meta name=\"robots\" content=\"index, follow, max-snippet:-1, max-image-preview:large, max-video-preview:-1\" \/>\n<link rel=\"canonical\" href=\"https:\/\/www.sonoraenequipo.com.mx\/la-ssp-sonora-ubica-y-deshabilita-antena-de-radiocomunicacion-de-operacion-clandestina-en-la-cienaga\/\" \/>\n<meta property=\"og:locale\" content=\"es_ES\" \/>\n<meta property=\"og:type\" content=\"article\" \/>\n<meta property=\"og:title\" content=\"Sonora en Equipo. La SSP Sonora ubica y deshabilita antena de radiocomunicaci\u00f3n de operaci\u00f3n clandestina en La Ci\u00e9naga Sonora\" \/>\n<meta property=\"og:description\" content=\"PITIQUITO, SONORA. MX. \u2014 La Secretar\u00eda de Seguridad P\u00fablica, a trav\u00e9s de elementos de la Polic\u00eda Estatal adscritos a la base operativa &quot;La Ci\u00e9nega&quot;, en En Sonora en Equipo publicamos toda la informaci\u00f3n de Sonora, M\u00e9xico y el Mundo de manera oportuna y busca que la libertad de expresi\u00f3n sea real. Visita nuestro medio informativo publicado desde Hermosillo, Sonora. %\" \/>\n<meta property=\"og:url\" content=\"https:\/\/www.sonoraenequipo.com.mx\/la-ssp-sonora-ubica-y-deshabilita-antena-de-radiocomunicacion-de-operacion-clandestina-en-la-cienaga\/\" \/>\n<meta property=\"og:site_name\" content=\"Sonora en Equipo.\" \/>\n<meta property=\"article:publisher\" content=\"https:\/\/www.facebook.com\/SonoraEE\/\" \/>\n<meta property=\"article:author\" content=\"https:\/\/www.facebook.com\/SonoraEE\" \/>\n<meta property=\"article:published_time\" content=\"2024-10-07T01:41:24+00:00\" \/>\n<meta property=\"article:modified_time\" content=\"2024-10-08T03:03:05+00:00\" \/>\n<meta property=\"og:image\" content=\"https:\/\/www.sonoraenequipo.com.mx\/storage\/2024\/10\/quitando-antenas-de-radio.jpg-min.jpg\" \/>\n\t<meta property=\"og:image:width\" content=\"800\" \/>\n\t<meta property=\"og:image:height\" content=\"600\" \/>\n\t<meta property=\"og:image:type\" content=\"image\/jpeg\" \/>\n<meta name=\"author\" content=\"enequipo\" \/>\n<meta name=\"twitter:card\" content=\"summary_large_image\" \/>\n<meta name=\"twitter:creator\" content=\"@sonoraenequipo\" \/>\n<meta name=\"twitter:site\" content=\"@sonoraenequipo\" \/>\n<meta name=\"twitter:label1\" content=\"Escrito por\" \/>\n\t<meta name=\"twitter:data1\" content=\"enequipo\" \/>\n\t<meta name=\"twitter:label2\" content=\"Tiempo de lectura\" \/>\n\t<meta name=\"twitter:data2\" content=\"1 minuto\" \/>\n<script type=\"application\/ld+json\" class=\"yoast-schema-graph\">{\"@context\":\"https:\/\/schema.org\",\"@graph\":[{\"@type\":\"Article\",\"@id\":\"https:\/\/www.sonoraenequipo.com.mx\/la-ssp-sonora-ubica-y-deshabilita-antena-de-radiocomunicacion-de-operacion-clandestina-en-la-cienaga\/#article\",\"isPartOf\":{\"@id\":\"https:\/\/www.sonoraenequipo.com.mx\/la-ssp-sonora-ubica-y-deshabilita-antena-de-radiocomunicacion-de-operacion-clandestina-en-la-cienaga\/\"},\"author\":{\"name\":\"enequipo\",\"@id\":\"https:\/\/www.sonoraenequipo.com.mx\/#\/schema\/person\/50102df0fb23a8fa9e8effad8fa81386\"},\"headline\":\"La SSP Sonora ubica y deshabilita antena de radiocomunicaci\u00f3n de operaci\u00f3n clandestina en La Ci\u00e9naga\",\"datePublished\":\"2024-10-07T01:41:24+00:00\",\"dateModified\":\"2024-10-08T03:03:05+00:00\",\"mainEntityOfPage\":{\"@id\":\"https:\/\/www.sonoraenequipo.com.mx\/la-ssp-sonora-ubica-y-deshabilita-antena-de-radiocomunicacion-de-operacion-clandestina-en-la-cienaga\/\"},\"wordCount\":196,\"commentCount\":0,\"publisher\":{\"@id\":\"https:\/\/www.sonoraenequipo.com.mx\/#organization\"},\"image\":{\"@id\":\"https:\/\/www.sonoraenequipo.com.mx\/la-ssp-sonora-ubica-y-deshabilita-antena-de-radiocomunicacion-de-operacion-clandestina-en-la-cienaga\/#primaryimage\"},\"thumbnailUrl\":\"https:\/\/www.sonoraenequipo.com.mx\/storage\/2024\/10\/quitando-antenas-de-radio.jpg-min.jpg\",\"articleSection\":[\"Sonora\"],\"inLanguage\":\"es\",\"potentialAction\":[{\"@type\":\"CommentAction\",\"name\":\"Comment\",\"target\":[\"https:\/\/www.sonoraenequipo.com.mx\/la-ssp-sonora-ubica-y-deshabilita-antena-de-radiocomunicacion-de-operacion-clandestina-en-la-cienaga\/#respond\"]}]},{\"@type\":\"WebPage\",\"@id\":\"https:\/\/www.sonoraenequipo.com.mx\/la-ssp-sonora-ubica-y-deshabilita-antena-de-radiocomunicacion-de-operacion-clandestina-en-la-cienaga\/\",\"url\":\"https:\/\/www.sonoraenequipo.com.mx\/la-ssp-sonora-ubica-y-deshabilita-antena-de-radiocomunicacion-de-operacion-clandestina-en-la-cienaga\/\",\"name\":\"Sonora en Equipo. La SSP Sonora ubica y deshabilita antena de radiocomunicaci\u00f3n de operaci\u00f3n clandestina en La Ci\u00e9naga Sonora\",\"isPartOf\":{\"@id\":\"https:\/\/www.sonoraenequipo.com.mx\/#website\"},\"primaryImageOfPage\":{\"@id\":\"https:\/\/www.sonoraenequipo.com.mx\/la-ssp-sonora-ubica-y-deshabilita-antena-de-radiocomunicacion-de-operacion-clandestina-en-la-cienaga\/#primaryimage\"},\"image\":{\"@id\":\"https:\/\/www.sonoraenequipo.com.mx\/la-ssp-sonora-ubica-y-deshabilita-antena-de-radiocomunicacion-de-operacion-clandestina-en-la-cienaga\/#primaryimage\"},\"thumbnailUrl\":\"https:\/\/www.sonoraenequipo.com.mx\/storage\/2024\/10\/quitando-antenas-de-radio.jpg-min.jpg\",\"datePublished\":\"2024-10-07T01:41:24+00:00\",\"dateModified\":\"2024-10-08T03:03:05+00:00\",\"description\":\"PITIQUITO, SONORA. MX. \u2014 La Secretar\u00eda de Seguridad P\u00fablica, a trav\u00e9s de elementos de la Polic\u00eda Estatal adscritos a la base operativa \\\"La Ci\u00e9nega\\\", en En Sonora en Equipo publicamos toda la informaci\u00f3n de Sonora, M\u00e9xico y el Mundo de manera oportuna y busca que la libertad de expresi\u00f3n sea real. Visita nuestro medio informativo publicado desde Hermosillo, Sonora. %\",\"breadcrumb\":{\"@id\":\"https:\/\/www.sonoraenequipo.com.mx\/la-ssp-sonora-ubica-y-deshabilita-antena-de-radiocomunicacion-de-operacion-clandestina-en-la-cienaga\/#breadcrumb\"},\"inLanguage\":\"es\",\"potentialAction\":[{\"@type\":\"ReadAction\",\"target\":[\"https:\/\/www.sonoraenequipo.com.mx\/la-ssp-sonora-ubica-y-deshabilita-antena-de-radiocomunicacion-de-operacion-clandestina-en-la-cienaga\/\"]}]},{\"@type\":\"ImageObject\",\"inLanguage\":\"es\",\"@id\":\"https:\/\/www.sonoraenequipo.com.mx\/la-ssp-sonora-ubica-y-deshabilita-antena-de-radiocomunicacion-de-operacion-clandestina-en-la-cienaga\/#primaryimage\",\"url\":\"https:\/\/www.sonoraenequipo.com.mx\/storage\/2024\/10\/quitando-antenas-de-radio.jpg-min.jpg\",\"contentUrl\":\"https:\/\/www.sonoraenequipo.com.mx\/storage\/2024\/10\/quitando-antenas-de-radio.jpg-min.jpg\",\"width\":800,\"height\":600},{\"@type\":\"BreadcrumbList\",\"@id\":\"https:\/\/www.sonoraenequipo.com.mx\/la-ssp-sonora-ubica-y-deshabilita-antena-de-radiocomunicacion-de-operacion-clandestina-en-la-cienaga\/#breadcrumb\",\"itemListElement\":[{\"@type\":\"ListItem\",\"position\":1,\"name\":\"Portada\",\"item\":\"https:\/\/www.sonoraenequipo.com.mx\/\"},{\"@type\":\"ListItem\",\"position\":2,\"name\":\"La SSP Sonora ubica y deshabilita antena de radiocomunicaci\u00f3n de operaci\u00f3n clandestina en La Ci\u00e9naga\"}]},{\"@type\":\"WebSite\",\"@id\":\"https:\/\/www.sonoraenequipo.com.mx\/#website\",\"url\":\"https:\/\/www.sonoraenequipo.com.mx\/\",\"name\":\"Sonora en Equipo.\",\"description\":\"Diario en l\u00ednea con Noticias desde Hermosillo, Sonora\",\"publisher\":{\"@id\":\"https:\/\/www.sonoraenequipo.com.mx\/#organization\"},\"potentialAction\":[{\"@type\":\"SearchAction\",\"target\":{\"@type\":\"EntryPoint\",\"urlTemplate\":\"https:\/\/www.sonoraenequipo.com.mx\/?s={search_term_string}\"},\"query-input\":{\"@type\":\"PropertyValueSpecification\",\"valueRequired\":true,\"valueName\":\"search_term_string\"}}],\"inLanguage\":\"es\"},{\"@type\":\"Organization\",\"@id\":\"https:\/\/www.sonoraenequipo.com.mx\/#organization\",\"name\":\"Sonoraenequipo.com.mx\",\"url\":\"https:\/\/www.sonoraenequipo.com.mx\/\",\"logo\":{\"@type\":\"ImageObject\",\"inLanguage\":\"es\",\"@id\":\"https:\/\/www.sonoraenequipo.com.mx\/#\/schema\/logo\/image\/\",\"url\":\"https:\/\/www.sonoraenequipo.com.mx\/storage\/2019\/01\/sonoraenequipo_opt.png\",\"contentUrl\":\"https:\/\/www.sonoraenequipo.com.mx\/storage\/2019\/01\/sonoraenequipo_opt.png\",\"width\":375,\"height\":125,\"caption\":\"Sonoraenequipo.com.mx\"},\"image\":{\"@id\":\"https:\/\/www.sonoraenequipo.com.mx\/#\/schema\/logo\/image\/\"},\"sameAs\":[\"https:\/\/www.facebook.com\/SonoraEE\/\",\"https:\/\/x.com\/sonoraenequipo\",\"https:\/\/www.youtube.com\/channel\/UC338nW-lPEYmJQs4ZABQ1SQ\"]},{\"@type\":\"Person\",\"@id\":\"https:\/\/www.sonoraenequipo.com.mx\/#\/schema\/person\/50102df0fb23a8fa9e8effad8fa81386\",\"name\":\"enequipo\",\"image\":{\"@type\":\"ImageObject\",\"inLanguage\":\"es\",\"@id\":\"https:\/\/www.sonoraenequipo.com.mx\/#\/schema\/person\/image\/\",\"url\":\"https:\/\/secure.gravatar.com\/avatar\/049821681b589dabc0bc20695993ccebb09f5b5d4d790cd9251b97faac7c652b?s=96&d=blank&r=g\",\"contentUrl\":\"https:\/\/secure.gravatar.com\/avatar\/049821681b589dabc0bc20695993ccebb09f5b5d4d790cd9251b97faac7c652b?s=96&d=blank&r=g\",\"caption\":\"enequipo\"},\"sameAs\":[\"https:\/\/www.facebook.com\/SonoraEE\"]}]}<\/script>\n ","yoast_head_json":{"title":"Sonora en Equipo. La SSP Sonora ubica y deshabilita antena de radiocomunicaci\u00f3n de operaci\u00f3n clandestina en La Ci\u00e9naga Sonora","description":"PITIQUITO, SONORA. MX. \u2014 La Secretar\u00eda de Seguridad P\u00fablica, a trav\u00e9s de elementos de la Polic\u00eda Estatal adscritos a la base operativa \"La Ci\u00e9nega\", en En Sonora en Equipo publicamos toda la informaci\u00f3n de Sonora, M\u00e9xico y el Mundo de manera oportuna y busca que la libertad de expresi\u00f3n sea real. Visita nuestro medio informativo publicado desde Hermosillo, Sonora. %","robots":{"index":"index","follow":"follow","max-snippet":"max-snippet:-1","max-image-preview":"max-image-preview:large","max-video-preview":"max-video-preview:-1"},"canonical":"https:\/\/www.sonoraenequipo.com.mx\/la-ssp-sonora-ubica-y-deshabilita-antena-de-radiocomunicacion-de-operacion-clandestina-en-la-cienaga\/","og_locale":"es_ES","og_type":"article","og_title":"Sonora en Equipo. La SSP Sonora ubica y deshabilita antena de radiocomunicaci\u00f3n de operaci\u00f3n clandestina en La Ci\u00e9naga Sonora","og_description":"PITIQUITO, SONORA. MX. \u2014 La Secretar\u00eda de Seguridad P\u00fablica, a trav\u00e9s de elementos de la Polic\u00eda Estatal adscritos a la base operativa \"La Ci\u00e9nega\", en En Sonora en Equipo publicamos toda la informaci\u00f3n de Sonora, M\u00e9xico y el Mundo de manera oportuna y busca que la libertad de expresi\u00f3n sea real. Visita nuestro medio informativo publicado desde Hermosillo, Sonora. %","og_url":"https:\/\/www.sonoraenequipo.com.mx\/la-ssp-sonora-ubica-y-deshabilita-antena-de-radiocomunicacion-de-operacion-clandestina-en-la-cienaga\/","og_site_name":"Sonora en Equipo.","article_publisher":"https:\/\/www.facebook.com\/SonoraEE\/","article_author":"https:\/\/www.facebook.com\/SonoraEE","article_published_time":"2024-10-07T01:41:24+00:00","article_modified_time":"2024-10-08T03:03:05+00:00","og_image":[{"width":800,"height":600,"url":"https:\/\/www.sonoraenequipo.com.mx\/storage\/2024\/10\/quitando-antenas-de-radio.jpg-min.jpg","type":"image\/jpeg"}],"author":"enequipo","twitter_card":"summary_large_image","twitter_creator":"@sonoraenequipo","twitter_site":"@sonoraenequipo","twitter_misc":{"Escrito por":"enequipo","Tiempo de lectura":"1 minuto"},"schema":{"@context":"https:\/\/schema.org","@graph":[{"@type":"Article","@id":"https:\/\/www.sonoraenequipo.com.mx\/la-ssp-sonora-ubica-y-deshabilita-antena-de-radiocomunicacion-de-operacion-clandestina-en-la-cienaga\/#article","isPartOf":{"@id":"https:\/\/www.sonoraenequipo.com.mx\/la-ssp-sonora-ubica-y-deshabilita-antena-de-radiocomunicacion-de-operacion-clandestina-en-la-cienaga\/"},"author":{"name":"enequipo","@id":"https:\/\/www.sonoraenequipo.com.mx\/#\/schema\/person\/50102df0fb23a8fa9e8effad8fa81386"},"headline":"La SSP Sonora ubica y deshabilita antena de radiocomunicaci\u00f3n de operaci\u00f3n clandestina en La Ci\u00e9naga","datePublished":"2024-10-07T01:41:24+00:00","dateModified":"2024-10-08T03:03:05+00:00","mainEntityOfPage":{"@id":"https:\/\/www.sonoraenequipo.com.mx\/la-ssp-sonora-ubica-y-deshabilita-antena-de-radiocomunicacion-de-operacion-clandestina-en-la-cienaga\/"},"wordCount":196,"commentCount":0,"publisher":{"@id":"https:\/\/www.sonoraenequipo.com.mx\/#organization"},"image":{"@id":"https:\/\/www.sonoraenequipo.com.mx\/la-ssp-sonora-ubica-y-deshabilita-antena-de-radiocomunicacion-de-operacion-clandestina-en-la-cienaga\/#primaryimage"},"thumbnailUrl":"https:\/\/www.sonoraenequipo.com.mx\/storage\/2024\/10\/quitando-antenas-de-radio.jpg-min.jpg","articleSection":["Sonora"],"inLanguage":"es","potentialAction":[{"@type":"CommentAction","name":"Comment","target":["https:\/\/www.sonoraenequipo.com.mx\/la-ssp-sonora-ubica-y-deshabilita-antena-de-radiocomunicacion-de-operacion-clandestina-en-la-cienaga\/#respond"]}]},{"@type":"WebPage","@id":"https:\/\/www.sonoraenequipo.com.mx\/la-ssp-sonora-ubica-y-deshabilita-antena-de-radiocomunicacion-de-operacion-clandestina-en-la-cienaga\/","url":"https:\/\/www.sonoraenequipo.com.mx\/la-ssp-sonora-ubica-y-deshabilita-antena-de-radiocomunicacion-de-operacion-clandestina-en-la-cienaga\/","name":"Sonora en Equipo. La SSP Sonora ubica y deshabilita antena de radiocomunicaci\u00f3n de operaci\u00f3n clandestina en La Ci\u00e9naga Sonora","isPartOf":{"@id":"https:\/\/www.sonoraenequipo.com.mx\/#website"},"primaryImageOfPage":{"@id":"https:\/\/www.sonoraenequipo.com.mx\/la-ssp-sonora-ubica-y-deshabilita-antena-de-radiocomunicacion-de-operacion-clandestina-en-la-cienaga\/#primaryimage"},"image":{"@id":"https:\/\/www.sonoraenequipo.com.mx\/la-ssp-sonora-ubica-y-deshabilita-antena-de-radiocomunicacion-de-operacion-clandestina-en-la-cienaga\/#primaryimage"},"thumbnailUrl":"https:\/\/www.sonoraenequipo.com.mx\/storage\/2024\/10\/quitando-antenas-de-radio.jpg-min.jpg","datePublished":"2024-10-07T01:41:24+00:00","dateModified":"2024-10-08T03:03:05+00:00","description":"PITIQUITO, SONORA. MX. \u2014 La Secretar\u00eda de Seguridad P\u00fablica, a trav\u00e9s de elementos de la Polic\u00eda Estatal adscritos a la base operativa \"La Ci\u00e9nega\", en En Sonora en Equipo publicamos toda la informaci\u00f3n de Sonora, M\u00e9xico y el Mundo de manera oportuna y busca que la libertad de expresi\u00f3n sea real. Visita nuestro medio informativo publicado desde Hermosillo, Sonora. %","breadcrumb":{"@id":"https:\/\/www.sonoraenequipo.com.mx\/la-ssp-sonora-ubica-y-deshabilita-antena-de-radiocomunicacion-de-operacion-clandestina-en-la-cienaga\/#breadcrumb"},"inLanguage":"es","potentialAction":[{"@type":"ReadAction","target":["https:\/\/www.sonoraenequipo.com.mx\/la-ssp-sonora-ubica-y-deshabilita-antena-de-radiocomunicacion-de-operacion-clandestina-en-la-cienaga\/"]}]},{"@type":"ImageObject","inLanguage":"es","@id":"https:\/\/www.sonoraenequipo.com.mx\/la-ssp-sonora-ubica-y-deshabilita-antena-de-radiocomunicacion-de-operacion-clandestina-en-la-cienaga\/#primaryimage","url":"https:\/\/www.sonoraenequipo.com.mx\/storage\/2024\/10\/quitando-antenas-de-radio.jpg-min.jpg","contentUrl":"https:\/\/www.sonoraenequipo.com.mx\/storage\/2024\/10\/quitando-antenas-de-radio.jpg-min.jpg","width":800,"height":600},{"@type":"BreadcrumbList","@id":"https:\/\/www.sonoraenequipo.com.mx\/la-ssp-sonora-ubica-y-deshabilita-antena-de-radiocomunicacion-de-operacion-clandestina-en-la-cienaga\/#breadcrumb","itemListElement":[{"@type":"ListItem","position":1,"name":"Portada","item":"https:\/\/www.sonoraenequipo.com.mx\/"},{"@type":"ListItem","position":2,"name":"La SSP Sonora ubica y deshabilita antena de radiocomunicaci\u00f3n de operaci\u00f3n clandestina en La Ci\u00e9naga"}]},{"@type":"WebSite","@id":"https:\/\/www.sonoraenequipo.com.mx\/#website","url":"https:\/\/www.sonoraenequipo.com.mx\/","name":"Sonora en Equipo.","description":"Diario en l\u00ednea con Noticias desde Hermosillo, Sonora","publisher":{"@id":"https:\/\/www.sonoraenequipo.com.mx\/#organization"},"potentialAction":[{"@type":"SearchAction","target":{"@type":"EntryPoint","urlTemplate":"https:\/\/www.sonoraenequipo.com.mx\/?s={search_term_string}"},"query-input":{"@type":"PropertyValueSpecification","valueRequired":true,"valueName":"search_term_string"}}],"inLanguage":"es"},{"@type":"Organization","@id":"https:\/\/www.sonoraenequipo.com.mx\/#organization","name":"Sonoraenequipo.com.mx","url":"https:\/\/www.sonoraenequipo.com.mx\/","logo":{"@type":"ImageObject","inLanguage":"es","@id":"https:\/\/www.sonoraenequipo.com.mx\/#\/schema\/logo\/image\/","url":"https:\/\/www.sonoraenequipo.com.mx\/storage\/2019\/01\/sonoraenequipo_opt.png","contentUrl":"https:\/\/www.sonoraenequipo.com.mx\/storage\/2019\/01\/sonoraenequipo_opt.png","width":375,"height":125,"caption":"Sonoraenequipo.com.mx"},"image":{"@id":"https:\/\/www.sonoraenequipo.com.mx\/#\/schema\/logo\/image\/"},"sameAs":["https:\/\/www.facebook.com\/SonoraEE\/","https:\/\/x.com\/sonoraenequipo","https:\/\/www.youtube.com\/channel\/UC338nW-lPEYmJQs4ZABQ1SQ"]},{"@type":"Person","@id":"https:\/\/www.sonoraenequipo.com.mx\/#\/schema\/person\/50102df0fb23a8fa9e8effad8fa81386","name":"enequipo","image":{"@type":"ImageObject","inLanguage":"es","@id":"https:\/\/www.sonoraenequipo.com.mx\/#\/schema\/person\/image\/","url":"https:\/\/secure.gravatar.com\/avatar\/049821681b589dabc0bc20695993ccebb09f5b5d4d790cd9251b97faac7c652b?s=96&d=blank&r=g","contentUrl":"https:\/\/secure.gravatar.com\/avatar\/049821681b589dabc0bc20695993ccebb09f5b5d4d790cd9251b97faac7c652b?s=96&d=blank&r=g","caption":"enequipo"},"sameAs":["https:\/\/www.facebook.com\/SonoraEE"]}]}},"jetpack_featured_media_url":"https:\/\/www.sonoraenequipo.com.mx\/storage\/2024\/10\/quitando-antenas-de-radio.jpg-min.jpg","_links":{"self":[{"href":"https:\/\/www.sonoraenequipo.com.mx\/api\/wp\/v2\/posts\/200874","targetHints":{"allow":["GET"]}}],"collection":[{"href":"https:\/\/www.sonoraenequipo.com.mx\/api\/wp\/v2\/posts"}],"about":[{"href":"https:\/\/www.sonoraenequipo.com.mx\/api\/wp\/v2\/types\/post"}],"author":[{"embeddable":true,"href":"https:\/\/www.sonoraenequipo.com.mx\/api\/wp\/v2\/users\/1"}],"replies":[{"embeddable":true,"href":"https:\/\/www.sonoraenequipo.com.mx\/api\/wp\/v2\/comments?post=200874"}],"version-history":[{"count":2,"href":"https:\/\/www.sonoraenequipo.com.mx\/api\/wp\/v2\/posts\/200874\/revisions"}],"predecessor-version":[{"id":200880,"href":"https:\/\/www.sonoraenequipo.com.mx\/api\/wp\/v2\/posts\/200874\/revisions\/200880"}],"wp:featuredmedia":[{"embeddable":true,"href":"https:\/\/www.sonoraenequipo.com.mx\/api\/wp\/v2\/media\/200878"}],"wp:attachment":[{"href":"https:\/\/www.sonoraenequipo.com.mx\/api\/wp\/v2\/media?parent=200874"}],"wp:term":[{"taxonomy":"category","embeddable":true,"href":"https:\/\/www.sonoraenequipo.com.mx\/api\/wp\/v2\/categories?post=200874"},{"taxonomy":"post_tag","embeddable":true,"href":"https:\/\/www.sonoraenequipo.com.mx\/api\/wp\/v2\/tags?post=200874"}],"curies":[{"name":"wp","href":"https:\/\/api.w.org\/{rel}","templated":true}]}}