{"id":201090,"date":"2024-10-09T15:01:44","date_gmt":"2024-10-09T22:01:44","guid":{"rendered":"https:\/\/www.sonoraenequipo.com.mx\/?p=201090"},"modified":"2024-10-09T15:17:09","modified_gmt":"2024-10-09T22:17:09","slug":"tampa-comienza-a-sentir-los-vientos-y-las-lluvias-de-milton","status":"publish","type":"post","link":"https:\/\/www.sonoraenequipo.com.mx\/tampa-comienza-a-sentir-los-vientos-y-las-lluvias-de-milton\/","title":{"rendered":"Tampa comienza a sentir los vientos y lluvias de Milton"},"content":{"rendered":"<p>El hurac\u00e1n Milton ya dejaba sentir sus lluvias y fuertes vientos en la bah\u00eda de Tampa mientras avanzaba hacia la costa oeste de Florida, que podr\u00eda ser azotada por marejadas cicl\u00f3nicas potencialmente catastr\u00f3ficas, por lo que las autoridades instaron a los residentes a evacuar o refugiarse lo m\u00e1s pronto posible.<\/p>\n<p>&nbsp;<\/p>\n<p>El Centro Nacional de Huracanes (NHC por sus siglas en ingl\u00e9s) se\u00f1al\u00f3 que no se sabe exactamente d\u00f3nde tocar\u00e1 tierra firme el centro de Milton el mi\u00e9rcoles por la noche debido a que la trayectoria de la tormenta podr\u00eda \u201cmoverse\u00bb, pero afirm\u00f3 que toda la regi\u00f3n de la bah\u00eda de Tampa y zonas en el sur corren un grave riesgo.<\/p>\n<p>&nbsp;<\/p>\n<p>Millones de personas a lo largo de una franja de m\u00e1s de 483 kil\u00f3metros de costa ten\u00edan \u00f3rdenes de evacuaci\u00f3n, y las autoridades emitieron advertencias cada vez m\u00e1s graves durante la ma\u00f1ana a medida que se acerca la tormenta.<\/p>\n<p>&nbsp;<\/p>\n<p>\u00abEl agua va a buscar la manera de c\u00f3mo entrar y ese es el peligro que tenemos y por eso es que algunas \u00f3rdenes de evacuaci\u00f3n ya han sido emitidas, mandatorias, para algunas porciones de la costa oeste de la Florida y le pedimos a las personas que por favor lo tomen muy en serio y se preparen\u00bb, dijo a la Voz de Am\u00e9rica Mar\u00eda Torres, meteor\u00f3loga y oficial de comunicaciones del NHC.<\/p>\n<p>Milton ha fluctuado en su intensidad a medida que se acerca a Florida, pero era una poderosa tormenta de categor\u00eda 4 el mi\u00e9rcoles al mediod\u00eda y se tiene previsto que siga siendo un hurac\u00e1n de categor\u00eda 3 o mayor cuando su v\u00f3rtice toque tierra firme y luego azote el centro del estado, se\u00f1alaron meteor\u00f3logos.<\/p>\n<p>&nbsp;<\/p>\n<p>La bah\u00eda de Tampa, hogar de m\u00e1s de 3 millones de personas, no ha recibido el impacto directo de un gran hurac\u00e1n en m\u00e1s de un siglo.<\/p>\n<p>&nbsp;<\/p>\n<p>El mi\u00e9rcoles a mediod\u00eda, Milton se ubicaba a 260 kil\u00f3metros al suroeste de Tampa y ten\u00eda vientos m\u00e1ximos sostenidos de 230 kil\u00f3metros por hora, inform\u00f3 el NHC. Se mov\u00eda hacia el noreste a 28 km\/h. Seguir\u00eda con fuerza de hurac\u00e1n mientras cruza Florida \u2014incluida la poblada regi\u00f3n de Orlando\u2014 hasta el jueves.<\/p>\n<p>&nbsp;<\/p>\n<p>\u00abMilton tiene el potencial de ser uno de los huracanes m\u00e1s destructivos registrados en el centro-oeste de Florida\u00bb, dijo el Centro Nacional de Huracanes de Estados Unidos.<\/p>\n<p>&nbsp;<\/p>\n<p>Tornados<\/p>\n<p>El mi\u00e9rcoles se registraron alertas de tornados en zonas del centro y el sur de Florida.<\/p>\n<p>&nbsp;<\/p>\n<p>Un tornado se registr\u00f3 por la ma\u00f1ana en la escasamente poblada zona de los Everglades y cruz\u00f3 la autopista interestatal 75. Otro aparente tornado azot\u00f3 Fort Myers, arrancando ramas de los \u00e1rboles y destrozando la marquesina de una gasolinera.<\/p>\n<p>&nbsp;<\/p>\n<p>\u00abEstamos ya viendo que en el sur de la Florida hemos tenido algunos avisos de tornado porque hay mucha inestabilidad en la zona. Le pedimos a las personas que se preparen, esto hay que cogerlo en serio y que est\u00e9n seguro en las pr\u00f3ximas horas y en el d\u00eda de ma\u00f1ana\u00bb, dijo la meteor\u00f3loga Torres a la VOA.<\/p>\n<p>&nbsp;<\/p>\n<p>Miles de autos que hu\u00edan atascaron las autopistas de Florida antes de la tormenta, pero el tiempo para evacuar se acababa el mi\u00e9rcoles. La alcaldesa de Tampa, Jane Castor, advirti\u00f3 que una marejada cicl\u00f3nica de 4,5 metros podr\u00eda tragarse una casa entera.<\/p>\n<p>&nbsp;<\/p>\n<p>\u201cAs\u00ed que si est\u00e1s ah\u00ed dentro, b\u00e1sicamente ese es tu ata\u00fad\u201d, dijo.<\/p>\n<p>&nbsp;<\/p>\n<p>Milton avanza hacia poblaciones a\u00fan afectadas por el paso del hurac\u00e1n Helene hace dos semanas, que inund\u00f3 calles y viviendas en el oeste de Florida dentro de un destructivo recorrido que dej\u00f3 al menos 230 muertos en el sur de Estados Unidos.<\/p>\n<p>Las autoridades han emitido \u00f3rdenes de evacuaci\u00f3n para 11 condados de Florida con una poblaci\u00f3n total de 5,9 millones de personas, seg\u00fan estimaciones del Censo de Estados Unidos.<\/p>\n<p>&nbsp;<\/p>\n<p>Las autoridades han advertido que cualquiera que se quede atr\u00e1s debe valerse por s\u00ed mismo, ya que no se espera que los trabajadores de emergencias arriesguen sus vidas intentando hacer rescates en el apogeo de la tormenta.<\/p>\n<p>&nbsp;<\/p>\n<p>Alrededor del 2,8 % del Producto Interno Bruto de Estados Unidos est\u00e1 en la trayectoria directa de Milton, dijo Ryan Sweet, de Oxford Economics. Las aerol\u00edneas y las empresas energ\u00e9ticas se encontraban entre las compa\u00f1\u00edas que empezaron a interrumpir sus operaciones en Florida mientras se preparaban para las perturbaciones.<\/p>\n<p>&nbsp;<\/p>\n<p>Grandes parques tem\u00e1ticos de Florida, como Disney World, Universal Studios y SeaWorld, ten\u00edan previsto cerrar sus puertas a \u00faltima hora del mi\u00e9rcoles.<\/p>\n<p>&nbsp;<\/p>\n<p>Las casas rodantes, las residencias de ancianos y de personas necesitadas de asistencia tuvieron que ser evacuadas.<\/p>\n<p>&nbsp;<\/p>\n<p>El denso tr\u00e1fico de autos atasc\u00f3 las carreteras que salen de Tampa el martes, mientras cerca del 17 % de las casi 8.000 gasolineras de Florida se hab\u00edan quedado sin combustible, seg\u00fan el rastreador de mercados de combustible GasBuddy.<\/p>\n<p>El gobernador DeSantis inst\u00f3 a los residentes de Florida a prestar atenci\u00f3n a los informes de los meteor\u00f3logos y a cumplir las \u00f3rdenes de evacuaci\u00f3n locales.<\/p>\n<p>&nbsp;<\/p>\n<p>El gobernador dijo que Florida se dispone a activar 8.000 miembros de la Guardia Nacional para ayudar con las consecuencias de Milton.<\/p>\n<p>&nbsp;<\/p>\n<p>Decenas de refugios de emergencia est\u00e1n listos para las personas que los necesitan, y un lugar en Florida tiene capacidad para 10.000 personas, seg\u00fan el gobernador. Sin embargo, DeSantis dijo que los refugios est\u00e1n \u00abdise\u00f1ados para ser un refugio de \u00faltimo recurso\u00bb.<\/p>\n<p>El gobernador DeSantis inst\u00f3 a los residentes de Florida a prestar atenci\u00f3n a los informes de los meteor\u00f3logos y a cumplir las \u00f3rdenes de evacuaci\u00f3n locales.<\/p>\n<p>&nbsp;<\/p>\n<p>El gobernador dijo que Florida se dispone a activar 8.000 miembros de la Guardia Nacional para ayudar con las consecuencias de Milton.<\/p>\n<p>&nbsp;<\/p>\n<p>Decenas de refugios de emergencia est\u00e1n listos para las personas que los necesitan, y un lugar en Florida tiene capacidad para 10.000 personas, seg\u00fan el gobernador. Sin embargo, DeSantis dijo que los refugios est\u00e1n \u00abdise\u00f1ados para ser un refugio de \u00faltimo recurso\u00bb.<\/p>\n<p><strong>Fecha de publicaci\u00f3n mi\u00e9rcoles 9 de octubre de 2024\/<\/strong>&nbsp; &nbsp;<strong>VOA<\/strong><\/p>\n<p>[Con informaci\u00f3n de Reuters y The Associated Press]<\/p>\n","protected":false},"excerpt":{"rendered":"<p>El hurac\u00e1n Milton ya dejaba sentir sus lluvias y fuertes vientos en la bah\u00eda de&#8230;<\/p>\n","protected":false},"author":1,"featured_media":201091,"comment_status":"open","ping_status":"open","sticky":false,"template":"","format":"standard","meta":{"_monsterinsights_skip_tracking":false,"_monsterinsights_sitenote_active":false,"_monsterinsights_sitenote_note":"","_monsterinsights_sitenote_category":0,"footnotes":""},"categories":[3],"tags":[10349],"class_list":["post"],"yoast_head":" \n<title>Sonora en Equipo. Tampa comienza a sentir los vientos y lluvias de Milton MUNDO<\/title>\n<meta name=\"description\" content=\"El hurac\u00e1n Milton ya dejaba sentir sus lluvias y fuertes vientos en la bah\u00eda de Tampa mientras avanzaba hacia la costa oeste de Florida, que podr\u00eda ser En Sonora en Equipo publicamos toda la informaci\u00f3n de Sonora, M\u00e9xico y el Mundo de manera oportuna y busca que la libertad de expresi\u00f3n sea real. Visita nuestro medio informativo publicado desde Hermosillo, Sonora. %\" \/>\n<meta name=\"robots\" content=\"index, follow, max-snippet:-1, max-image-preview:large, max-video-preview:-1\" \/>\n<link rel=\"canonical\" href=\"https:\/\/www.sonoraenequipo.com.mx\/tampa-comienza-a-sentir-los-vientos-y-las-lluvias-de-milton\/\" \/>\n<meta property=\"og:locale\" content=\"es_ES\" \/>\n<meta property=\"og:type\" content=\"article\" \/>\n<meta property=\"og:title\" content=\"Sonora en Equipo. Tampa comienza a sentir los vientos y lluvias de Milton MUNDO\" \/>\n<meta property=\"og:description\" content=\"El hurac\u00e1n Milton ya dejaba sentir sus lluvias y fuertes vientos en la bah\u00eda de Tampa mientras avanzaba hacia la costa oeste de Florida, que podr\u00eda ser En Sonora en Equipo publicamos toda la informaci\u00f3n de Sonora, M\u00e9xico y el Mundo de manera oportuna y busca que la libertad de expresi\u00f3n sea real. Visita nuestro medio informativo publicado desde Hermosillo, Sonora. %\" \/>\n<meta property=\"og:url\" content=\"https:\/\/www.sonoraenequipo.com.mx\/tampa-comienza-a-sentir-los-vientos-y-las-lluvias-de-milton\/\" \/>\n<meta property=\"og:site_name\" content=\"Sonora en Equipo.\" \/>\n<meta property=\"article:publisher\" content=\"https:\/\/www.facebook.com\/SonoraEE\/\" \/>\n<meta property=\"article:author\" content=\"https:\/\/www.facebook.com\/SonoraEE\" \/>\n<meta property=\"article:published_time\" content=\"2024-10-09T22:01:44+00:00\" \/>\n<meta property=\"article:modified_time\" content=\"2024-10-09T22:17:09+00:00\" \/>\n<meta property=\"og:image\" content=\"https:\/\/www.sonoraenequipo.com.mx\/storage\/2024\/10\/milton-track.jpg\" \/>\n\t<meta property=\"og:image:width\" content=\"600\" \/>\n\t<meta property=\"og:image:height\" content=\"433\" \/>\n\t<meta property=\"og:image:type\" content=\"image\/jpeg\" \/>\n<meta name=\"author\" content=\"enequipo\" \/>\n<meta name=\"twitter:card\" content=\"summary_large_image\" \/>\n<meta name=\"twitter:creator\" content=\"@sonoraenequipo\" \/>\n<meta name=\"twitter:site\" content=\"@sonoraenequipo\" \/>\n<meta name=\"twitter:label1\" content=\"Escrito por\" \/>\n\t<meta name=\"twitter:data1\" content=\"enequipo\" \/>\n\t<meta name=\"twitter:label2\" content=\"Tiempo de lectura\" \/>\n\t<meta name=\"twitter:data2\" content=\"5 minutos\" \/>\n<script type=\"application\/ld+json\" class=\"yoast-schema-graph\">{\"@context\":\"https:\/\/schema.org\",\"@graph\":[{\"@type\":\"Article\",\"@id\":\"https:\/\/www.sonoraenequipo.com.mx\/tampa-comienza-a-sentir-los-vientos-y-las-lluvias-de-milton\/#article\",\"isPartOf\":{\"@id\":\"https:\/\/www.sonoraenequipo.com.mx\/tampa-comienza-a-sentir-los-vientos-y-las-lluvias-de-milton\/\"},\"author\":{\"name\":\"enequipo\",\"@id\":\"https:\/\/www.sonoraenequipo.com.mx\/#\/schema\/person\/50102df0fb23a8fa9e8effad8fa81386\"},\"headline\":\"Tampa comienza a sentir los vientos y lluvias de Milton\",\"datePublished\":\"2024-10-09T22:01:44+00:00\",\"dateModified\":\"2024-10-09T22:17:09+00:00\",\"mainEntityOfPage\":{\"@id\":\"https:\/\/www.sonoraenequipo.com.mx\/tampa-comienza-a-sentir-los-vientos-y-las-lluvias-de-milton\/\"},\"wordCount\":1086,\"commentCount\":0,\"publisher\":{\"@id\":\"https:\/\/www.sonoraenequipo.com.mx\/#organization\"},\"image\":{\"@id\":\"https:\/\/www.sonoraenequipo.com.mx\/tampa-comienza-a-sentir-los-vientos-y-las-lluvias-de-milton\/#primaryimage\"},\"thumbnailUrl\":\"https:\/\/www.sonoraenequipo.com.mx\/storage\/2024\/10\/milton-track.jpg\",\"keywords\":[\"huracan Milton\"],\"articleSection\":[\"MUNDO\"],\"inLanguage\":\"es\",\"potentialAction\":[{\"@type\":\"CommentAction\",\"name\":\"Comment\",\"target\":[\"https:\/\/www.sonoraenequipo.com.mx\/tampa-comienza-a-sentir-los-vientos-y-las-lluvias-de-milton\/#respond\"]}]},{\"@type\":\"WebPage\",\"@id\":\"https:\/\/www.sonoraenequipo.com.mx\/tampa-comienza-a-sentir-los-vientos-y-las-lluvias-de-milton\/\",\"url\":\"https:\/\/www.sonoraenequipo.com.mx\/tampa-comienza-a-sentir-los-vientos-y-las-lluvias-de-milton\/\",\"name\":\"Sonora en Equipo. Tampa comienza a sentir los vientos y lluvias de Milton MUNDO\",\"isPartOf\":{\"@id\":\"https:\/\/www.sonoraenequipo.com.mx\/#website\"},\"primaryImageOfPage\":{\"@id\":\"https:\/\/www.sonoraenequipo.com.mx\/tampa-comienza-a-sentir-los-vientos-y-las-lluvias-de-milton\/#primaryimage\"},\"image\":{\"@id\":\"https:\/\/www.sonoraenequipo.com.mx\/tampa-comienza-a-sentir-los-vientos-y-las-lluvias-de-milton\/#primaryimage\"},\"thumbnailUrl\":\"https:\/\/www.sonoraenequipo.com.mx\/storage\/2024\/10\/milton-track.jpg\",\"datePublished\":\"2024-10-09T22:01:44+00:00\",\"dateModified\":\"2024-10-09T22:17:09+00:00\",\"description\":\"El hurac\u00e1n Milton ya dejaba sentir sus lluvias y fuertes vientos en la bah\u00eda de Tampa mientras avanzaba hacia la costa oeste de Florida, que podr\u00eda ser En Sonora en Equipo publicamos toda la informaci\u00f3n de Sonora, M\u00e9xico y el Mundo de manera oportuna y busca que la libertad de expresi\u00f3n sea real. Visita nuestro medio informativo publicado desde Hermosillo, Sonora. %\",\"breadcrumb\":{\"@id\":\"https:\/\/www.sonoraenequipo.com.mx\/tampa-comienza-a-sentir-los-vientos-y-las-lluvias-de-milton\/#breadcrumb\"},\"inLanguage\":\"es\",\"potentialAction\":[{\"@type\":\"ReadAction\",\"target\":[\"https:\/\/www.sonoraenequipo.com.mx\/tampa-comienza-a-sentir-los-vientos-y-las-lluvias-de-milton\/\"]}]},{\"@type\":\"ImageObject\",\"inLanguage\":\"es\",\"@id\":\"https:\/\/www.sonoraenequipo.com.mx\/tampa-comienza-a-sentir-los-vientos-y-las-lluvias-de-milton\/#primaryimage\",\"url\":\"https:\/\/www.sonoraenequipo.com.mx\/storage\/2024\/10\/milton-track.jpg\",\"contentUrl\":\"https:\/\/www.sonoraenequipo.com.mx\/storage\/2024\/10\/milton-track.jpg\",\"width\":600,\"height\":433,\"caption\":\"Imagen NHC\"},{\"@type\":\"BreadcrumbList\",\"@id\":\"https:\/\/www.sonoraenequipo.com.mx\/tampa-comienza-a-sentir-los-vientos-y-las-lluvias-de-milton\/#breadcrumb\",\"itemListElement\":[{\"@type\":\"ListItem\",\"position\":1,\"name\":\"Portada\",\"item\":\"https:\/\/www.sonoraenequipo.com.mx\/\"},{\"@type\":\"ListItem\",\"position\":2,\"name\":\"Tampa comienza a sentir los vientos y lluvias de Milton\"}]},{\"@type\":\"WebSite\",\"@id\":\"https:\/\/www.sonoraenequipo.com.mx\/#website\",\"url\":\"https:\/\/www.sonoraenequipo.com.mx\/\",\"name\":\"Sonora en Equipo.\",\"description\":\"Diario en l\u00ednea con Noticias desde Hermosillo, Sonora\",\"publisher\":{\"@id\":\"https:\/\/www.sonoraenequipo.com.mx\/#organization\"},\"potentialAction\":[{\"@type\":\"SearchAction\",\"target\":{\"@type\":\"EntryPoint\",\"urlTemplate\":\"https:\/\/www.sonoraenequipo.com.mx\/?s={search_term_string}\"},\"query-input\":{\"@type\":\"PropertyValueSpecification\",\"valueRequired\":true,\"valueName\":\"search_term_string\"}}],\"inLanguage\":\"es\"},{\"@type\":\"Organization\",\"@id\":\"https:\/\/www.sonoraenequipo.com.mx\/#organization\",\"name\":\"Sonoraenequipo.com.mx\",\"url\":\"https:\/\/www.sonoraenequipo.com.mx\/\",\"logo\":{\"@type\":\"ImageObject\",\"inLanguage\":\"es\",\"@id\":\"https:\/\/www.sonoraenequipo.com.mx\/#\/schema\/logo\/image\/\",\"url\":\"https:\/\/www.sonoraenequipo.com.mx\/storage\/2019\/01\/sonoraenequipo_opt.png\",\"contentUrl\":\"https:\/\/www.sonoraenequipo.com.mx\/storage\/2019\/01\/sonoraenequipo_opt.png\",\"width\":375,\"height\":125,\"caption\":\"Sonoraenequipo.com.mx\"},\"image\":{\"@id\":\"https:\/\/www.sonoraenequipo.com.mx\/#\/schema\/logo\/image\/\"},\"sameAs\":[\"https:\/\/www.facebook.com\/SonoraEE\/\",\"https:\/\/x.com\/sonoraenequipo\",\"https:\/\/www.youtube.com\/channel\/UC338nW-lPEYmJQs4ZABQ1SQ\"]},{\"@type\":\"Person\",\"@id\":\"https:\/\/www.sonoraenequipo.com.mx\/#\/schema\/person\/50102df0fb23a8fa9e8effad8fa81386\",\"name\":\"enequipo\",\"image\":{\"@type\":\"ImageObject\",\"inLanguage\":\"es\",\"@id\":\"https:\/\/www.sonoraenequipo.com.mx\/#\/schema\/person\/image\/\",\"url\":\"https:\/\/secure.gravatar.com\/avatar\/049821681b589dabc0bc20695993ccebb09f5b5d4d790cd9251b97faac7c652b?s=96&d=blank&r=g\",\"contentUrl\":\"https:\/\/secure.gravatar.com\/avatar\/049821681b589dabc0bc20695993ccebb09f5b5d4d790cd9251b97faac7c652b?s=96&d=blank&r=g\",\"caption\":\"enequipo\"},\"sameAs\":[\"https:\/\/www.facebook.com\/SonoraEE\"]}]}<\/script>\n ","yoast_head_json":{"title":"Sonora en Equipo. Tampa comienza a sentir los vientos y lluvias de Milton MUNDO","description":"El hurac\u00e1n Milton ya dejaba sentir sus lluvias y fuertes vientos en la bah\u00eda de Tampa mientras avanzaba hacia la costa oeste de Florida, que podr\u00eda ser En Sonora en Equipo publicamos toda la informaci\u00f3n de Sonora, M\u00e9xico y el Mundo de manera oportuna y busca que la libertad de expresi\u00f3n sea real. Visita nuestro medio informativo publicado desde Hermosillo, Sonora. %","robots":{"index":"index","follow":"follow","max-snippet":"max-snippet:-1","max-image-preview":"max-image-preview:large","max-video-preview":"max-video-preview:-1"},"canonical":"https:\/\/www.sonoraenequipo.com.mx\/tampa-comienza-a-sentir-los-vientos-y-las-lluvias-de-milton\/","og_locale":"es_ES","og_type":"article","og_title":"Sonora en Equipo. Tampa comienza a sentir los vientos y lluvias de Milton MUNDO","og_description":"El hurac\u00e1n Milton ya dejaba sentir sus lluvias y fuertes vientos en la bah\u00eda de Tampa mientras avanzaba hacia la costa oeste de Florida, que podr\u00eda ser En Sonora en Equipo publicamos toda la informaci\u00f3n de Sonora, M\u00e9xico y el Mundo de manera oportuna y busca que la libertad de expresi\u00f3n sea real. Visita nuestro medio informativo publicado desde Hermosillo, Sonora. %","og_url":"https:\/\/www.sonoraenequipo.com.mx\/tampa-comienza-a-sentir-los-vientos-y-las-lluvias-de-milton\/","og_site_name":"Sonora en Equipo.","article_publisher":"https:\/\/www.facebook.com\/SonoraEE\/","article_author":"https:\/\/www.facebook.com\/SonoraEE","article_published_time":"2024-10-09T22:01:44+00:00","article_modified_time":"2024-10-09T22:17:09+00:00","og_image":[{"width":600,"height":433,"url":"https:\/\/www.sonoraenequipo.com.mx\/storage\/2024\/10\/milton-track.jpg","type":"image\/jpeg"}],"author":"enequipo","twitter_card":"summary_large_image","twitter_creator":"@sonoraenequipo","twitter_site":"@sonoraenequipo","twitter_misc":{"Escrito por":"enequipo","Tiempo de lectura":"5 minutos"},"schema":{"@context":"https:\/\/schema.org","@graph":[{"@type":"Article","@id":"https:\/\/www.sonoraenequipo.com.mx\/tampa-comienza-a-sentir-los-vientos-y-las-lluvias-de-milton\/#article","isPartOf":{"@id":"https:\/\/www.sonoraenequipo.com.mx\/tampa-comienza-a-sentir-los-vientos-y-las-lluvias-de-milton\/"},"author":{"name":"enequipo","@id":"https:\/\/www.sonoraenequipo.com.mx\/#\/schema\/person\/50102df0fb23a8fa9e8effad8fa81386"},"headline":"Tampa comienza a sentir los vientos y lluvias de Milton","datePublished":"2024-10-09T22:01:44+00:00","dateModified":"2024-10-09T22:17:09+00:00","mainEntityOfPage":{"@id":"https:\/\/www.sonoraenequipo.com.mx\/tampa-comienza-a-sentir-los-vientos-y-las-lluvias-de-milton\/"},"wordCount":1086,"commentCount":0,"publisher":{"@id":"https:\/\/www.sonoraenequipo.com.mx\/#organization"},"image":{"@id":"https:\/\/www.sonoraenequipo.com.mx\/tampa-comienza-a-sentir-los-vientos-y-las-lluvias-de-milton\/#primaryimage"},"thumbnailUrl":"https:\/\/www.sonoraenequipo.com.mx\/storage\/2024\/10\/milton-track.jpg","keywords":["huracan Milton"],"articleSection":["MUNDO"],"inLanguage":"es","potentialAction":[{"@type":"CommentAction","name":"Comment","target":["https:\/\/www.sonoraenequipo.com.mx\/tampa-comienza-a-sentir-los-vientos-y-las-lluvias-de-milton\/#respond"]}]},{"@type":"WebPage","@id":"https:\/\/www.sonoraenequipo.com.mx\/tampa-comienza-a-sentir-los-vientos-y-las-lluvias-de-milton\/","url":"https:\/\/www.sonoraenequipo.com.mx\/tampa-comienza-a-sentir-los-vientos-y-las-lluvias-de-milton\/","name":"Sonora en Equipo. Tampa comienza a sentir los vientos y lluvias de Milton MUNDO","isPartOf":{"@id":"https:\/\/www.sonoraenequipo.com.mx\/#website"},"primaryImageOfPage":{"@id":"https:\/\/www.sonoraenequipo.com.mx\/tampa-comienza-a-sentir-los-vientos-y-las-lluvias-de-milton\/#primaryimage"},"image":{"@id":"https:\/\/www.sonoraenequipo.com.mx\/tampa-comienza-a-sentir-los-vientos-y-las-lluvias-de-milton\/#primaryimage"},"thumbnailUrl":"https:\/\/www.sonoraenequipo.com.mx\/storage\/2024\/10\/milton-track.jpg","datePublished":"2024-10-09T22:01:44+00:00","dateModified":"2024-10-09T22:17:09+00:00","description":"El hurac\u00e1n Milton ya dejaba sentir sus lluvias y fuertes vientos en la bah\u00eda de Tampa mientras avanzaba hacia la costa oeste de Florida, que podr\u00eda ser En Sonora en Equipo publicamos toda la informaci\u00f3n de Sonora, M\u00e9xico y el Mundo de manera oportuna y busca que la libertad de expresi\u00f3n sea real. Visita nuestro medio informativo publicado desde Hermosillo, Sonora. %","breadcrumb":{"@id":"https:\/\/www.sonoraenequipo.com.mx\/tampa-comienza-a-sentir-los-vientos-y-las-lluvias-de-milton\/#breadcrumb"},"inLanguage":"es","potentialAction":[{"@type":"ReadAction","target":["https:\/\/www.sonoraenequipo.com.mx\/tampa-comienza-a-sentir-los-vientos-y-las-lluvias-de-milton\/"]}]},{"@type":"ImageObject","inLanguage":"es","@id":"https:\/\/www.sonoraenequipo.com.mx\/tampa-comienza-a-sentir-los-vientos-y-las-lluvias-de-milton\/#primaryimage","url":"https:\/\/www.sonoraenequipo.com.mx\/storage\/2024\/10\/milton-track.jpg","contentUrl":"https:\/\/www.sonoraenequipo.com.mx\/storage\/2024\/10\/milton-track.jpg","width":600,"height":433,"caption":"Imagen NHC"},{"@type":"BreadcrumbList","@id":"https:\/\/www.sonoraenequipo.com.mx\/tampa-comienza-a-sentir-los-vientos-y-las-lluvias-de-milton\/#breadcrumb","itemListElement":[{"@type":"ListItem","position":1,"name":"Portada","item":"https:\/\/www.sonoraenequipo.com.mx\/"},{"@type":"ListItem","position":2,"name":"Tampa comienza a sentir los vientos y lluvias de Milton"}]},{"@type":"WebSite","@id":"https:\/\/www.sonoraenequipo.com.mx\/#website","url":"https:\/\/www.sonoraenequipo.com.mx\/","name":"Sonora en Equipo.","description":"Diario en l\u00ednea con Noticias desde Hermosillo, Sonora","publisher":{"@id":"https:\/\/www.sonoraenequipo.com.mx\/#organization"},"potentialAction":[{"@type":"SearchAction","target":{"@type":"EntryPoint","urlTemplate":"https:\/\/www.sonoraenequipo.com.mx\/?s={search_term_string}"},"query-input":{"@type":"PropertyValueSpecification","valueRequired":true,"valueName":"search_term_string"}}],"inLanguage":"es"},{"@type":"Organization","@id":"https:\/\/www.sonoraenequipo.com.mx\/#organization","name":"Sonoraenequipo.com.mx","url":"https:\/\/www.sonoraenequipo.com.mx\/","logo":{"@type":"ImageObject","inLanguage":"es","@id":"https:\/\/www.sonoraenequipo.com.mx\/#\/schema\/logo\/image\/","url":"https:\/\/www.sonoraenequipo.com.mx\/storage\/2019\/01\/sonoraenequipo_opt.png","contentUrl":"https:\/\/www.sonoraenequipo.com.mx\/storage\/2019\/01\/sonoraenequipo_opt.png","width":375,"height":125,"caption":"Sonoraenequipo.com.mx"},"image":{"@id":"https:\/\/www.sonoraenequipo.com.mx\/#\/schema\/logo\/image\/"},"sameAs":["https:\/\/www.facebook.com\/SonoraEE\/","https:\/\/x.com\/sonoraenequipo","https:\/\/www.youtube.com\/channel\/UC338nW-lPEYmJQs4ZABQ1SQ"]},{"@type":"Person","@id":"https:\/\/www.sonoraenequipo.com.mx\/#\/schema\/person\/50102df0fb23a8fa9e8effad8fa81386","name":"enequipo","image":{"@type":"ImageObject","inLanguage":"es","@id":"https:\/\/www.sonoraenequipo.com.mx\/#\/schema\/person\/image\/","url":"https:\/\/secure.gravatar.com\/avatar\/049821681b589dabc0bc20695993ccebb09f5b5d4d790cd9251b97faac7c652b?s=96&d=blank&r=g","contentUrl":"https:\/\/secure.gravatar.com\/avatar\/049821681b589dabc0bc20695993ccebb09f5b5d4d790cd9251b97faac7c652b?s=96&d=blank&r=g","caption":"enequipo"},"sameAs":["https:\/\/www.facebook.com\/SonoraEE"]}]}},"jetpack_featured_media_url":"https:\/\/www.sonoraenequipo.com.mx\/storage\/2024\/10\/milton-track.jpg","_links":{"self":[{"href":"https:\/\/www.sonoraenequipo.com.mx\/api\/wp\/v2\/posts\/201090","targetHints":{"allow":["GET"]}}],"collection":[{"href":"https:\/\/www.sonoraenequipo.com.mx\/api\/wp\/v2\/posts"}],"about":[{"href":"https:\/\/www.sonoraenequipo.com.mx\/api\/wp\/v2\/types\/post"}],"author":[{"embeddable":true,"href":"https:\/\/www.sonoraenequipo.com.mx\/api\/wp\/v2\/users\/1"}],"replies":[{"embeddable":true,"href":"https:\/\/www.sonoraenequipo.com.mx\/api\/wp\/v2\/comments?post=201090"}],"version-history":[{"count":2,"href":"https:\/\/www.sonoraenequipo.com.mx\/api\/wp\/v2\/posts\/201090\/revisions"}],"predecessor-version":[{"id":201095,"href":"https:\/\/www.sonoraenequipo.com.mx\/api\/wp\/v2\/posts\/201090\/revisions\/201095"}],"wp:featuredmedia":[{"embeddable":true,"href":"https:\/\/www.sonoraenequipo.com.mx\/api\/wp\/v2\/media\/201091"}],"wp:attachment":[{"href":"https:\/\/www.sonoraenequipo.com.mx\/api\/wp\/v2\/media?parent=201090"}],"wp:term":[{"taxonomy":"category","embeddable":true,"href":"https:\/\/www.sonoraenequipo.com.mx\/api\/wp\/v2\/categories?post=201090"},{"taxonomy":"post_tag","embeddable":true,"href":"https:\/\/www.sonoraenequipo.com.mx\/api\/wp\/v2\/tags?post=201090"}],"curies":[{"name":"wp","href":"https:\/\/api.w.org\/{rel}","templated":true}]}}