{"id":201099,"date":"2024-10-09T16:11:28","date_gmt":"2024-10-09T23:11:28","guid":{"rendered":"https:\/\/www.sonoraenequipo.com.mx\/?p=201099"},"modified":"2024-10-09T16:11:28","modified_gmt":"2024-10-09T23:11:28","slug":"inaugura-sec-espacios-academicos-de-primer-nivel-en-la-universidad-tecnologica-del-sur-de-sonora","status":"publish","type":"post","link":"https:\/\/www.sonoraenequipo.com.mx\/inaugura-sec-espacios-academicos-de-primer-nivel-en-la-universidad-tecnologica-del-sur-de-sonora\/","title":{"rendered":"Inaugura SEC espacios acad\u00e9micos de primer nivel en la Universidad Tecnol\u00f3gica del Sur de Sonora"},"content":{"rendered":"<p><strong>CAJEME, SONORA, MX.<\/strong><strong> \u0336 \u0336\u00a0 <\/strong>Como parte del compromiso del Gobierno de Sonora de fortalecer la educaci\u00f3n de forma permanente, se inauguraron espacios acad\u00e9micos innovadores y de primer nivel en la Universidad Tecnol\u00f3gica del Sur de Sonora (UTS), potenciando la competitividad de su alumnado.<\/p>\n<p>&nbsp;<\/p>\n<p>El secretario de Educaci\u00f3n y Cultura, Froyl\u00e1n G\u00e1mez Gamboa, inaugur\u00f3 y supervis\u00f3 las instalaciones del Laboratorio Digital, el Laboratorio CASIO, la Oficina de Enlace \u201cHecho en Sonora\u201d, la Sala de Ex\u00e1menes Profesionales y la Incubadora, Patentamiento y Registro de Marca.<\/p>\n<p>&nbsp;<\/p>\n<p>Acompa\u00f1ado del rector de la UTS, Sergio Pablo Mariscal Alvarado, destac\u00f3 la visi\u00f3n del gobernador Alfonso Durazo para posicionar al sistema educativo sonorense como uno de los mejores a nivel nacional e internacional.<\/p>\n<p>&nbsp;<\/p>\n<p>En este sentido, precis\u00f3 que los proyectos que se desarrollan a trav\u00e9s del Laboratorio Digital contribuyen a los objetivos del Plan Estatal de Desarrollo y en el cumplimiento de la meta del mandatario respecto a la digitalizaci\u00f3n del 80% de los servicios que ofrece el Gobierno de Sonora al concluir su gesti\u00f3n.<\/p>\n<p>&nbsp;<\/p>\n<p>Por su parte, Mariscal Alvarado precis\u00f3 que, a trav\u00e9s de la apertura de estas nuevas \u00e1reas y espacios funcionales, se fortalece el proceso de ense\u00f1anza-aprendizaje y las competencias profesionales que los estudiantes reciben a trav\u00e9s de los 15 programas educativos que se imparten en la instituci\u00f3n, los cuales responden a las necesidades de los sectores productivo y social.<\/p>\n<p>&nbsp;<\/p>\n<p>Las autoridades educativas visitaron las distintas instalaciones que se inauguraron, donde estudiantes y personal docente explicaron con detalle cada uno de los proyectos y acciones que se realizan en los mismos.<\/p>\n<p><strong>Fecha de publicaci\u00f3n mi\u00e9rcoles 9 de octubre de 2024\/<\/strong><\/p>\n","protected":false},"excerpt":{"rendered":"<p>CAJEME, SONORA, MX. \u0336 \u0336\u00a0 Como parte del compromiso del Gobierno de Sonora de fortalecer&#8230;<\/p>\n","protected":false},"author":1,"featured_media":195477,"comment_status":"open","ping_status":"open","sticky":false,"template":"","format":"standard","meta":{"_monsterinsights_skip_tracking":false,"_monsterinsights_sitenote_active":false,"_monsterinsights_sitenote_note":"","_monsterinsights_sitenote_category":0,"footnotes":""},"categories":[22],"tags":[6578],"class_list":["post"],"yoast_head":" \n<title>Sonora en Equipo. Inaugura SEC espacios acad\u00e9micos de primer nivel en la Universidad Tecnol\u00f3gica del Sur de Sonora Sonora<\/title>\n<meta name=\"description\" content=\"CAJEME, SONORA, MX. \u0336 \u0336\u00a0 Como parte del compromiso del Gobierno de Sonora de fortalecer la educaci\u00f3n de forma permanente, se inauguraron espacios En Sonora en Equipo publicamos toda la informaci\u00f3n de Sonora, M\u00e9xico y el Mundo de manera oportuna y busca que la libertad de expresi\u00f3n sea real. Visita nuestro medio informativo publicado desde Hermosillo, Sonora. %\" \/>\n<meta name=\"robots\" content=\"index, follow, max-snippet:-1, max-image-preview:large, max-video-preview:-1\" \/>\n<link rel=\"canonical\" href=\"https:\/\/www.sonoraenequipo.com.mx\/inaugura-sec-espacios-academicos-de-primer-nivel-en-la-universidad-tecnologica-del-sur-de-sonora\/\" \/>\n<meta property=\"og:locale\" content=\"es_ES\" \/>\n<meta property=\"og:type\" content=\"article\" \/>\n<meta property=\"og:title\" content=\"Sonora en Equipo. Inaugura SEC espacios acad\u00e9micos de primer nivel en la Universidad Tecnol\u00f3gica del Sur de Sonora Sonora\" \/>\n<meta property=\"og:description\" content=\"CAJEME, SONORA, MX. \u0336 \u0336\u00a0 Como parte del compromiso del Gobierno de Sonora de fortalecer la educaci\u00f3n de forma permanente, se inauguraron espacios En Sonora en Equipo publicamos toda la informaci\u00f3n de Sonora, M\u00e9xico y el Mundo de manera oportuna y busca que la libertad de expresi\u00f3n sea real. Visita nuestro medio informativo publicado desde Hermosillo, Sonora. %\" \/>\n<meta property=\"og:url\" content=\"https:\/\/www.sonoraenequipo.com.mx\/inaugura-sec-espacios-academicos-de-primer-nivel-en-la-universidad-tecnologica-del-sur-de-sonora\/\" \/>\n<meta property=\"og:site_name\" content=\"Sonora en Equipo.\" \/>\n<meta property=\"article:publisher\" content=\"https:\/\/www.facebook.com\/SonoraEE\/\" \/>\n<meta property=\"article:author\" content=\"https:\/\/www.facebook.com\/SonoraEE\" \/>\n<meta property=\"article:published_time\" content=\"2024-10-09T23:11:28+00:00\" \/>\n<meta property=\"og:image\" content=\"https:\/\/www.sonoraenequipo.com.mx\/storage\/2024\/07\/uts.jpg\" \/>\n\t<meta property=\"og:image:width\" content=\"600\" \/>\n\t<meta property=\"og:image:height\" content=\"450\" \/>\n\t<meta property=\"og:image:type\" content=\"image\/jpeg\" \/>\n<meta name=\"author\" content=\"enequipo\" \/>\n<meta name=\"twitter:card\" content=\"summary_large_image\" \/>\n<meta name=\"twitter:creator\" content=\"@sonoraenequipo\" \/>\n<meta name=\"twitter:site\" content=\"@sonoraenequipo\" \/>\n<meta name=\"twitter:label1\" content=\"Escrito por\" \/>\n\t<meta name=\"twitter:data1\" content=\"enequipo\" \/>\n\t<meta name=\"twitter:label2\" content=\"Tiempo de lectura\" \/>\n\t<meta name=\"twitter:data2\" content=\"1 minuto\" \/>\n<script type=\"application\/ld+json\" class=\"yoast-schema-graph\">{\"@context\":\"https:\/\/schema.org\",\"@graph\":[{\"@type\":\"Article\",\"@id\":\"https:\/\/www.sonoraenequipo.com.mx\/inaugura-sec-espacios-academicos-de-primer-nivel-en-la-universidad-tecnologica-del-sur-de-sonora\/#article\",\"isPartOf\":{\"@id\":\"https:\/\/www.sonoraenequipo.com.mx\/inaugura-sec-espacios-academicos-de-primer-nivel-en-la-universidad-tecnologica-del-sur-de-sonora\/\"},\"author\":{\"name\":\"enequipo\",\"@id\":\"https:\/\/www.sonoraenequipo.com.mx\/#\/schema\/person\/50102df0fb23a8fa9e8effad8fa81386\"},\"headline\":\"Inaugura SEC espacios acad\u00e9micos de primer nivel en la Universidad Tecnol\u00f3gica del Sur de Sonora\",\"datePublished\":\"2024-10-09T23:11:28+00:00\",\"mainEntityOfPage\":{\"@id\":\"https:\/\/www.sonoraenequipo.com.mx\/inaugura-sec-espacios-academicos-de-primer-nivel-en-la-universidad-tecnologica-del-sur-de-sonora\/\"},\"wordCount\":301,\"commentCount\":0,\"publisher\":{\"@id\":\"https:\/\/www.sonoraenequipo.com.mx\/#organization\"},\"image\":{\"@id\":\"https:\/\/www.sonoraenequipo.com.mx\/inaugura-sec-espacios-academicos-de-primer-nivel-en-la-universidad-tecnologica-del-sur-de-sonora\/#primaryimage\"},\"thumbnailUrl\":\"https:\/\/www.sonoraenequipo.com.mx\/storage\/2024\/07\/uts.jpg\",\"keywords\":[\"UTS\"],\"articleSection\":[\"Sonora\"],\"inLanguage\":\"es\",\"potentialAction\":[{\"@type\":\"CommentAction\",\"name\":\"Comment\",\"target\":[\"https:\/\/www.sonoraenequipo.com.mx\/inaugura-sec-espacios-academicos-de-primer-nivel-en-la-universidad-tecnologica-del-sur-de-sonora\/#respond\"]}]},{\"@type\":\"WebPage\",\"@id\":\"https:\/\/www.sonoraenequipo.com.mx\/inaugura-sec-espacios-academicos-de-primer-nivel-en-la-universidad-tecnologica-del-sur-de-sonora\/\",\"url\":\"https:\/\/www.sonoraenequipo.com.mx\/inaugura-sec-espacios-academicos-de-primer-nivel-en-la-universidad-tecnologica-del-sur-de-sonora\/\",\"name\":\"Sonora en Equipo. Inaugura SEC espacios acad\u00e9micos de primer nivel en la Universidad Tecnol\u00f3gica del Sur de Sonora Sonora\",\"isPartOf\":{\"@id\":\"https:\/\/www.sonoraenequipo.com.mx\/#website\"},\"primaryImageOfPage\":{\"@id\":\"https:\/\/www.sonoraenequipo.com.mx\/inaugura-sec-espacios-academicos-de-primer-nivel-en-la-universidad-tecnologica-del-sur-de-sonora\/#primaryimage\"},\"image\":{\"@id\":\"https:\/\/www.sonoraenequipo.com.mx\/inaugura-sec-espacios-academicos-de-primer-nivel-en-la-universidad-tecnologica-del-sur-de-sonora\/#primaryimage\"},\"thumbnailUrl\":\"https:\/\/www.sonoraenequipo.com.mx\/storage\/2024\/07\/uts.jpg\",\"datePublished\":\"2024-10-09T23:11:28+00:00\",\"description\":\"CAJEME, SONORA, MX. \u0336 \u0336\u00a0 Como parte del compromiso del Gobierno de Sonora de fortalecer la educaci\u00f3n de forma permanente, se inauguraron espacios En Sonora en Equipo publicamos toda la informaci\u00f3n de Sonora, M\u00e9xico y el Mundo de manera oportuna y busca que la libertad de expresi\u00f3n sea real. Visita nuestro medio informativo publicado desde Hermosillo, Sonora. %\",\"breadcrumb\":{\"@id\":\"https:\/\/www.sonoraenequipo.com.mx\/inaugura-sec-espacios-academicos-de-primer-nivel-en-la-universidad-tecnologica-del-sur-de-sonora\/#breadcrumb\"},\"inLanguage\":\"es\",\"potentialAction\":[{\"@type\":\"ReadAction\",\"target\":[\"https:\/\/www.sonoraenequipo.com.mx\/inaugura-sec-espacios-academicos-de-primer-nivel-en-la-universidad-tecnologica-del-sur-de-sonora\/\"]}]},{\"@type\":\"ImageObject\",\"inLanguage\":\"es\",\"@id\":\"https:\/\/www.sonoraenequipo.com.mx\/inaugura-sec-espacios-academicos-de-primer-nivel-en-la-universidad-tecnologica-del-sur-de-sonora\/#primaryimage\",\"url\":\"https:\/\/www.sonoraenequipo.com.mx\/storage\/2024\/07\/uts.jpg\",\"contentUrl\":\"https:\/\/www.sonoraenequipo.com.mx\/storage\/2024\/07\/uts.jpg\",\"width\":600,\"height\":450},{\"@type\":\"BreadcrumbList\",\"@id\":\"https:\/\/www.sonoraenequipo.com.mx\/inaugura-sec-espacios-academicos-de-primer-nivel-en-la-universidad-tecnologica-del-sur-de-sonora\/#breadcrumb\",\"itemListElement\":[{\"@type\":\"ListItem\",\"position\":1,\"name\":\"Portada\",\"item\":\"https:\/\/www.sonoraenequipo.com.mx\/\"},{\"@type\":\"ListItem\",\"position\":2,\"name\":\"Inaugura SEC espacios acad\u00e9micos de primer nivel en la Universidad Tecnol\u00f3gica del Sur de Sonora\"}]},{\"@type\":\"WebSite\",\"@id\":\"https:\/\/www.sonoraenequipo.com.mx\/#website\",\"url\":\"https:\/\/www.sonoraenequipo.com.mx\/\",\"name\":\"Sonora en Equipo.\",\"description\":\"Diario en l\u00ednea con Noticias desde Hermosillo, Sonora\",\"publisher\":{\"@id\":\"https:\/\/www.sonoraenequipo.com.mx\/#organization\"},\"potentialAction\":[{\"@type\":\"SearchAction\",\"target\":{\"@type\":\"EntryPoint\",\"urlTemplate\":\"https:\/\/www.sonoraenequipo.com.mx\/?s={search_term_string}\"},\"query-input\":{\"@type\":\"PropertyValueSpecification\",\"valueRequired\":true,\"valueName\":\"search_term_string\"}}],\"inLanguage\":\"es\"},{\"@type\":\"Organization\",\"@id\":\"https:\/\/www.sonoraenequipo.com.mx\/#organization\",\"name\":\"Sonoraenequipo.com.mx\",\"url\":\"https:\/\/www.sonoraenequipo.com.mx\/\",\"logo\":{\"@type\":\"ImageObject\",\"inLanguage\":\"es\",\"@id\":\"https:\/\/www.sonoraenequipo.com.mx\/#\/schema\/logo\/image\/\",\"url\":\"https:\/\/www.sonoraenequipo.com.mx\/storage\/2019\/01\/sonoraenequipo_opt.png\",\"contentUrl\":\"https:\/\/www.sonoraenequipo.com.mx\/storage\/2019\/01\/sonoraenequipo_opt.png\",\"width\":375,\"height\":125,\"caption\":\"Sonoraenequipo.com.mx\"},\"image\":{\"@id\":\"https:\/\/www.sonoraenequipo.com.mx\/#\/schema\/logo\/image\/\"},\"sameAs\":[\"https:\/\/www.facebook.com\/SonoraEE\/\",\"https:\/\/x.com\/sonoraenequipo\",\"https:\/\/www.youtube.com\/channel\/UC338nW-lPEYmJQs4ZABQ1SQ\"]},{\"@type\":\"Person\",\"@id\":\"https:\/\/www.sonoraenequipo.com.mx\/#\/schema\/person\/50102df0fb23a8fa9e8effad8fa81386\",\"name\":\"enequipo\",\"image\":{\"@type\":\"ImageObject\",\"inLanguage\":\"es\",\"@id\":\"https:\/\/www.sonoraenequipo.com.mx\/#\/schema\/person\/image\/\",\"url\":\"https:\/\/secure.gravatar.com\/avatar\/049821681b589dabc0bc20695993ccebb09f5b5d4d790cd9251b97faac7c652b?s=96&d=blank&r=g\",\"contentUrl\":\"https:\/\/secure.gravatar.com\/avatar\/049821681b589dabc0bc20695993ccebb09f5b5d4d790cd9251b97faac7c652b?s=96&d=blank&r=g\",\"caption\":\"enequipo\"},\"sameAs\":[\"https:\/\/www.facebook.com\/SonoraEE\"]}]}<\/script>\n ","yoast_head_json":{"title":"Sonora en Equipo. Inaugura SEC espacios acad\u00e9micos de primer nivel en la Universidad Tecnol\u00f3gica del Sur de Sonora Sonora","description":"CAJEME, SONORA, MX. \u0336 \u0336\u00a0 Como parte del compromiso del Gobierno de Sonora de fortalecer la educaci\u00f3n de forma permanente, se inauguraron espacios En Sonora en Equipo publicamos toda la informaci\u00f3n de Sonora, M\u00e9xico y el Mundo de manera oportuna y busca que la libertad de expresi\u00f3n sea real. Visita nuestro medio informativo publicado desde Hermosillo, Sonora. %","robots":{"index":"index","follow":"follow","max-snippet":"max-snippet:-1","max-image-preview":"max-image-preview:large","max-video-preview":"max-video-preview:-1"},"canonical":"https:\/\/www.sonoraenequipo.com.mx\/inaugura-sec-espacios-academicos-de-primer-nivel-en-la-universidad-tecnologica-del-sur-de-sonora\/","og_locale":"es_ES","og_type":"article","og_title":"Sonora en Equipo. Inaugura SEC espacios acad\u00e9micos de primer nivel en la Universidad Tecnol\u00f3gica del Sur de Sonora Sonora","og_description":"CAJEME, SONORA, MX. \u0336 \u0336\u00a0 Como parte del compromiso del Gobierno de Sonora de fortalecer la educaci\u00f3n de forma permanente, se inauguraron espacios En Sonora en Equipo publicamos toda la informaci\u00f3n de Sonora, M\u00e9xico y el Mundo de manera oportuna y busca que la libertad de expresi\u00f3n sea real. Visita nuestro medio informativo publicado desde Hermosillo, Sonora. %","og_url":"https:\/\/www.sonoraenequipo.com.mx\/inaugura-sec-espacios-academicos-de-primer-nivel-en-la-universidad-tecnologica-del-sur-de-sonora\/","og_site_name":"Sonora en Equipo.","article_publisher":"https:\/\/www.facebook.com\/SonoraEE\/","article_author":"https:\/\/www.facebook.com\/SonoraEE","article_published_time":"2024-10-09T23:11:28+00:00","og_image":[{"width":600,"height":450,"url":"https:\/\/www.sonoraenequipo.com.mx\/storage\/2024\/07\/uts.jpg","type":"image\/jpeg"}],"author":"enequipo","twitter_card":"summary_large_image","twitter_creator":"@sonoraenequipo","twitter_site":"@sonoraenequipo","twitter_misc":{"Escrito por":"enequipo","Tiempo de lectura":"1 minuto"},"schema":{"@context":"https:\/\/schema.org","@graph":[{"@type":"Article","@id":"https:\/\/www.sonoraenequipo.com.mx\/inaugura-sec-espacios-academicos-de-primer-nivel-en-la-universidad-tecnologica-del-sur-de-sonora\/#article","isPartOf":{"@id":"https:\/\/www.sonoraenequipo.com.mx\/inaugura-sec-espacios-academicos-de-primer-nivel-en-la-universidad-tecnologica-del-sur-de-sonora\/"},"author":{"name":"enequipo","@id":"https:\/\/www.sonoraenequipo.com.mx\/#\/schema\/person\/50102df0fb23a8fa9e8effad8fa81386"},"headline":"Inaugura SEC espacios acad\u00e9micos de primer nivel en la Universidad Tecnol\u00f3gica del Sur de Sonora","datePublished":"2024-10-09T23:11:28+00:00","mainEntityOfPage":{"@id":"https:\/\/www.sonoraenequipo.com.mx\/inaugura-sec-espacios-academicos-de-primer-nivel-en-la-universidad-tecnologica-del-sur-de-sonora\/"},"wordCount":301,"commentCount":0,"publisher":{"@id":"https:\/\/www.sonoraenequipo.com.mx\/#organization"},"image":{"@id":"https:\/\/www.sonoraenequipo.com.mx\/inaugura-sec-espacios-academicos-de-primer-nivel-en-la-universidad-tecnologica-del-sur-de-sonora\/#primaryimage"},"thumbnailUrl":"https:\/\/www.sonoraenequipo.com.mx\/storage\/2024\/07\/uts.jpg","keywords":["UTS"],"articleSection":["Sonora"],"inLanguage":"es","potentialAction":[{"@type":"CommentAction","name":"Comment","target":["https:\/\/www.sonoraenequipo.com.mx\/inaugura-sec-espacios-academicos-de-primer-nivel-en-la-universidad-tecnologica-del-sur-de-sonora\/#respond"]}]},{"@type":"WebPage","@id":"https:\/\/www.sonoraenequipo.com.mx\/inaugura-sec-espacios-academicos-de-primer-nivel-en-la-universidad-tecnologica-del-sur-de-sonora\/","url":"https:\/\/www.sonoraenequipo.com.mx\/inaugura-sec-espacios-academicos-de-primer-nivel-en-la-universidad-tecnologica-del-sur-de-sonora\/","name":"Sonora en Equipo. Inaugura SEC espacios acad\u00e9micos de primer nivel en la Universidad Tecnol\u00f3gica del Sur de Sonora Sonora","isPartOf":{"@id":"https:\/\/www.sonoraenequipo.com.mx\/#website"},"primaryImageOfPage":{"@id":"https:\/\/www.sonoraenequipo.com.mx\/inaugura-sec-espacios-academicos-de-primer-nivel-en-la-universidad-tecnologica-del-sur-de-sonora\/#primaryimage"},"image":{"@id":"https:\/\/www.sonoraenequipo.com.mx\/inaugura-sec-espacios-academicos-de-primer-nivel-en-la-universidad-tecnologica-del-sur-de-sonora\/#primaryimage"},"thumbnailUrl":"https:\/\/www.sonoraenequipo.com.mx\/storage\/2024\/07\/uts.jpg","datePublished":"2024-10-09T23:11:28+00:00","description":"CAJEME, SONORA, MX. \u0336 \u0336\u00a0 Como parte del compromiso del Gobierno de Sonora de fortalecer la educaci\u00f3n de forma permanente, se inauguraron espacios En Sonora en Equipo publicamos toda la informaci\u00f3n de Sonora, M\u00e9xico y el Mundo de manera oportuna y busca que la libertad de expresi\u00f3n sea real. Visita nuestro medio informativo publicado desde Hermosillo, Sonora. %","breadcrumb":{"@id":"https:\/\/www.sonoraenequipo.com.mx\/inaugura-sec-espacios-academicos-de-primer-nivel-en-la-universidad-tecnologica-del-sur-de-sonora\/#breadcrumb"},"inLanguage":"es","potentialAction":[{"@type":"ReadAction","target":["https:\/\/www.sonoraenequipo.com.mx\/inaugura-sec-espacios-academicos-de-primer-nivel-en-la-universidad-tecnologica-del-sur-de-sonora\/"]}]},{"@type":"ImageObject","inLanguage":"es","@id":"https:\/\/www.sonoraenequipo.com.mx\/inaugura-sec-espacios-academicos-de-primer-nivel-en-la-universidad-tecnologica-del-sur-de-sonora\/#primaryimage","url":"https:\/\/www.sonoraenequipo.com.mx\/storage\/2024\/07\/uts.jpg","contentUrl":"https:\/\/www.sonoraenequipo.com.mx\/storage\/2024\/07\/uts.jpg","width":600,"height":450},{"@type":"BreadcrumbList","@id":"https:\/\/www.sonoraenequipo.com.mx\/inaugura-sec-espacios-academicos-de-primer-nivel-en-la-universidad-tecnologica-del-sur-de-sonora\/#breadcrumb","itemListElement":[{"@type":"ListItem","position":1,"name":"Portada","item":"https:\/\/www.sonoraenequipo.com.mx\/"},{"@type":"ListItem","position":2,"name":"Inaugura SEC espacios acad\u00e9micos de primer nivel en la Universidad Tecnol\u00f3gica del Sur de Sonora"}]},{"@type":"WebSite","@id":"https:\/\/www.sonoraenequipo.com.mx\/#website","url":"https:\/\/www.sonoraenequipo.com.mx\/","name":"Sonora en Equipo.","description":"Diario en l\u00ednea con Noticias desde Hermosillo, Sonora","publisher":{"@id":"https:\/\/www.sonoraenequipo.com.mx\/#organization"},"potentialAction":[{"@type":"SearchAction","target":{"@type":"EntryPoint","urlTemplate":"https:\/\/www.sonoraenequipo.com.mx\/?s={search_term_string}"},"query-input":{"@type":"PropertyValueSpecification","valueRequired":true,"valueName":"search_term_string"}}],"inLanguage":"es"},{"@type":"Organization","@id":"https:\/\/www.sonoraenequipo.com.mx\/#organization","name":"Sonoraenequipo.com.mx","url":"https:\/\/www.sonoraenequipo.com.mx\/","logo":{"@type":"ImageObject","inLanguage":"es","@id":"https:\/\/www.sonoraenequipo.com.mx\/#\/schema\/logo\/image\/","url":"https:\/\/www.sonoraenequipo.com.mx\/storage\/2019\/01\/sonoraenequipo_opt.png","contentUrl":"https:\/\/www.sonoraenequipo.com.mx\/storage\/2019\/01\/sonoraenequipo_opt.png","width":375,"height":125,"caption":"Sonoraenequipo.com.mx"},"image":{"@id":"https:\/\/www.sonoraenequipo.com.mx\/#\/schema\/logo\/image\/"},"sameAs":["https:\/\/www.facebook.com\/SonoraEE\/","https:\/\/x.com\/sonoraenequipo","https:\/\/www.youtube.com\/channel\/UC338nW-lPEYmJQs4ZABQ1SQ"]},{"@type":"Person","@id":"https:\/\/www.sonoraenequipo.com.mx\/#\/schema\/person\/50102df0fb23a8fa9e8effad8fa81386","name":"enequipo","image":{"@type":"ImageObject","inLanguage":"es","@id":"https:\/\/www.sonoraenequipo.com.mx\/#\/schema\/person\/image\/","url":"https:\/\/secure.gravatar.com\/avatar\/049821681b589dabc0bc20695993ccebb09f5b5d4d790cd9251b97faac7c652b?s=96&d=blank&r=g","contentUrl":"https:\/\/secure.gravatar.com\/avatar\/049821681b589dabc0bc20695993ccebb09f5b5d4d790cd9251b97faac7c652b?s=96&d=blank&r=g","caption":"enequipo"},"sameAs":["https:\/\/www.facebook.com\/SonoraEE"]}]}},"jetpack_featured_media_url":"https:\/\/www.sonoraenequipo.com.mx\/storage\/2024\/07\/uts.jpg","_links":{"self":[{"href":"https:\/\/www.sonoraenequipo.com.mx\/api\/wp\/v2\/posts\/201099","targetHints":{"allow":["GET"]}}],"collection":[{"href":"https:\/\/www.sonoraenequipo.com.mx\/api\/wp\/v2\/posts"}],"about":[{"href":"https:\/\/www.sonoraenequipo.com.mx\/api\/wp\/v2\/types\/post"}],"author":[{"embeddable":true,"href":"https:\/\/www.sonoraenequipo.com.mx\/api\/wp\/v2\/users\/1"}],"replies":[{"embeddable":true,"href":"https:\/\/www.sonoraenequipo.com.mx\/api\/wp\/v2\/comments?post=201099"}],"version-history":[{"count":1,"href":"https:\/\/www.sonoraenequipo.com.mx\/api\/wp\/v2\/posts\/201099\/revisions"}],"predecessor-version":[{"id":201100,"href":"https:\/\/www.sonoraenequipo.com.mx\/api\/wp\/v2\/posts\/201099\/revisions\/201100"}],"wp:featuredmedia":[{"embeddable":true,"href":"https:\/\/www.sonoraenequipo.com.mx\/api\/wp\/v2\/media\/195477"}],"wp:attachment":[{"href":"https:\/\/www.sonoraenequipo.com.mx\/api\/wp\/v2\/media?parent=201099"}],"wp:term":[{"taxonomy":"category","embeddable":true,"href":"https:\/\/www.sonoraenequipo.com.mx\/api\/wp\/v2\/categories?post=201099"},{"taxonomy":"post_tag","embeddable":true,"href":"https:\/\/www.sonoraenequipo.com.mx\/api\/wp\/v2\/tags?post=201099"}],"curies":[{"name":"wp","href":"https:\/\/api.w.org\/{rel}","templated":true}]}}