{"id":201102,"date":"2024-10-09T16:19:37","date_gmt":"2024-10-09T23:19:37","guid":{"rendered":"https:\/\/www.sonoraenequipo.com.mx\/?p=201102"},"modified":"2024-10-09T16:19:37","modified_gmt":"2024-10-09T23:19:37","slug":"anuncia-antonio-astiazaran-tercer-festival-del-globo-gratuito-para-familias","status":"publish","type":"post","link":"https:\/\/www.sonoraenequipo.com.mx\/anuncia-antonio-astiazaran-tercer-festival-del-globo-gratuito-para-familias\/","title":{"rendered":"Anuncia Antonio Astiazar\u00e1n Tercer Festival del Globo gratuito para familias"},"content":{"rendered":"<p><strong>HERMOSILLO, SONORA, MX.<\/strong> \u2014 El presidente municipal de Hermosillo, Antonio Astiazar\u00e1n confirm\u00f3 que continuar\u00e1 promoviendo actividades de talla internacional, como el Tercer Festival del Globo, que promueve la sana convivencia familiar.<\/p>\n<p>&nbsp;<\/p>\n<p>\u201cTendremos el pr\u00f3ximo 19 y 20 de octubre la tercera edici\u00f3n del Festival del Globo en nuestra ciudad y aprovecho para hacer una invitaci\u00f3n a la gente por conducto de ustedes para que nos acompa\u00f1en a este gran evento. Tendremos m\u00fasica, tendremos actividades familiares y por supuesto paseos que, a diferencia de las otras ediciones, en esta ocasi\u00f3n ser\u00e1n sin cobro\u201d, inform\u00f3.<\/p>\n<p>&nbsp;<\/p>\n<p>Acompa\u00f1ado por Gertie Agraz Boeneker y Fernanda Cisneros Rodr\u00edguez, directora general y directora de desarrollo tur\u00edstico de la Agencia Municipal de Desarrollo Econ\u00f3mico (AMDE), respectivamente, To\u00f1o Astiazar\u00e1n detall\u00f3 que este evento se realizar\u00e1 en el estacionamiento de la Expo Gan Sonora.<\/p>\n<p>&nbsp;<\/p>\n<p>Habr\u00e1 vuelos libres en globos aerost\u00e1ticos, los cuales despegar\u00e1n del complejo campestre Econatura a partir de las 6:00 horas, mientras que los vuelos anclados ser\u00e1n en un \u00e1rea de Expo Gan, entre las 20:30 y las 21:00 horas, en ambos casos esta la posibilidad de cambios en los horarios, dependiendo de las condiciones clim\u00e1ticas, explic\u00f3 Fernanda Cisneros.<\/p>\n<p>&nbsp;<\/p>\n<p>La experiencia preparada para las personas asistentes concluir\u00e1 en ambos d\u00edas con espect\u00e1culos musicales gratuitos, el s\u00e1bado 19 de octubre a cargo del grupo Tropical\u00edsimo Apache a partir de las 22:00 horas y el domingo 20 de octubre con la Sonora Dinamita de las 20:00 horas en adelante, informaron.<\/p>\n<p>&nbsp;<\/p>\n<p>El repertorio de actividades del festival empezar\u00e1 a las 17:00 horas en Expo Gan, e incluir\u00e1n din\u00e1micas divertidas para ni\u00f1as y ni\u00f1os, corredor gastron\u00f3mico, bazar emprendedor y presentaciones de artistas de la localidad, anunciaron.<\/p>\n<p>&nbsp;<\/p>\n<p>Antonio Astiazar\u00e1n y sus colaboradoras invitaron a quienes tengan inter\u00e9s en abordar alguno de los globos aerost\u00e1ticos a que est\u00e9n pendientes de las redes sociales oficiales del Ayuntamiento de Hermosillo, ya que en \u00e9stas se difundir\u00e1n las din\u00e1micas mediante las cuales se distribuir\u00e1n los boletos. La entrada al festival, conciertos y dem\u00e1s amenidades ser\u00e1n con entrada libre.<\/p>\n<p><strong>Fecha de publicaci\u00f3n mi\u00e9rcoles 9 de octubre de 2024\/<\/strong><\/p>\n","protected":false},"excerpt":{"rendered":"<p>HERMOSILLO, SONORA, MX. \u2014 El presidente municipal de Hermosillo, Antonio Astiazar\u00e1n confirm\u00f3 que continuar\u00e1 promoviendo&#8230;<\/p>\n","protected":false},"author":1,"featured_media":201107,"comment_status":"open","ping_status":"open","sticky":false,"template":"","format":"standard","meta":{"_monsterinsights_skip_tracking":false,"_monsterinsights_sitenote_active":false,"_monsterinsights_sitenote_note":"","_monsterinsights_sitenote_category":0,"footnotes":""},"categories":[1],"tags":[],"class_list":["post"],"yoast_head":" \n<title>Sonora en Equipo. Anuncia Antonio Astiazar\u00e1n Tercer Festival del Globo gratuito para familias<\/title>\n<meta name=\"description\" content=\"HERMOSILLO, SONORA, MX. \u2014 El presidente municipal de Hermosillo, Antonio Astiazar\u00e1n confirm\u00f3 que continuar\u00e1 promoviendo actividades de talla En Sonora en Equipo publicamos toda la informaci\u00f3n de Sonora, M\u00e9xico y el Mundo de manera oportuna y busca que la libertad de expresi\u00f3n sea real. Visita nuestro medio informativo publicado desde Hermosillo, Sonora. %\" \/>\n<meta name=\"robots\" content=\"index, follow, max-snippet:-1, max-image-preview:large, max-video-preview:-1\" \/>\n<link rel=\"canonical\" href=\"https:\/\/www.sonoraenequipo.com.mx\/anuncia-antonio-astiazaran-tercer-festival-del-globo-gratuito-para-familias\/\" \/>\n<meta property=\"og:locale\" content=\"es_ES\" \/>\n<meta property=\"og:type\" content=\"article\" \/>\n<meta property=\"og:title\" content=\"Sonora en Equipo. Anuncia Antonio Astiazar\u00e1n Tercer Festival del Globo gratuito para familias\" \/>\n<meta property=\"og:description\" content=\"HERMOSILLO, SONORA, MX. \u2014 El presidente municipal de Hermosillo, Antonio Astiazar\u00e1n confirm\u00f3 que continuar\u00e1 promoviendo actividades de talla En Sonora en Equipo publicamos toda la informaci\u00f3n de Sonora, M\u00e9xico y el Mundo de manera oportuna y busca que la libertad de expresi\u00f3n sea real. Visita nuestro medio informativo publicado desde Hermosillo, Sonora. %\" \/>\n<meta property=\"og:url\" content=\"https:\/\/www.sonoraenequipo.com.mx\/anuncia-antonio-astiazaran-tercer-festival-del-globo-gratuito-para-familias\/\" \/>\n<meta property=\"og:site_name\" content=\"Sonora en Equipo.\" \/>\n<meta property=\"article:publisher\" content=\"https:\/\/www.facebook.com\/SonoraEE\/\" \/>\n<meta property=\"article:author\" content=\"https:\/\/www.facebook.com\/SonoraEE\" \/>\n<meta property=\"article:published_time\" content=\"2024-10-09T23:19:37+00:00\" \/>\n<meta property=\"og:image\" content=\"https:\/\/www.sonoraenequipo.com.mx\/storage\/2024\/10\/tono-globo.jpg\" \/>\n\t<meta property=\"og:image:width\" content=\"600\" \/>\n\t<meta property=\"og:image:height\" content=\"528\" \/>\n\t<meta property=\"og:image:type\" content=\"image\/jpeg\" \/>\n<meta name=\"author\" content=\"enequipo\" \/>\n<meta name=\"twitter:card\" content=\"summary_large_image\" \/>\n<meta name=\"twitter:creator\" content=\"@sonoraenequipo\" \/>\n<meta name=\"twitter:site\" content=\"@sonoraenequipo\" \/>\n<meta name=\"twitter:label1\" content=\"Escrito por\" \/>\n\t<meta name=\"twitter:data1\" content=\"enequipo\" \/>\n\t<meta name=\"twitter:label2\" content=\"Tiempo de lectura\" \/>\n\t<meta name=\"twitter:data2\" content=\"2 minutos\" \/>\n<script type=\"application\/ld+json\" class=\"yoast-schema-graph\">{\"@context\":\"https:\/\/schema.org\",\"@graph\":[{\"@type\":\"Article\",\"@id\":\"https:\/\/www.sonoraenequipo.com.mx\/anuncia-antonio-astiazaran-tercer-festival-del-globo-gratuito-para-familias\/#article\",\"isPartOf\":{\"@id\":\"https:\/\/www.sonoraenequipo.com.mx\/anuncia-antonio-astiazaran-tercer-festival-del-globo-gratuito-para-familias\/\"},\"author\":{\"name\":\"enequipo\",\"@id\":\"https:\/\/www.sonoraenequipo.com.mx\/#\/schema\/person\/50102df0fb23a8fa9e8effad8fa81386\"},\"headline\":\"Anuncia Antonio Astiazar\u00e1n Tercer Festival del Globo gratuito para familias\",\"datePublished\":\"2024-10-09T23:19:37+00:00\",\"mainEntityOfPage\":{\"@id\":\"https:\/\/www.sonoraenequipo.com.mx\/anuncia-antonio-astiazaran-tercer-festival-del-globo-gratuito-para-familias\/\"},\"wordCount\":382,\"commentCount\":0,\"publisher\":{\"@id\":\"https:\/\/www.sonoraenequipo.com.mx\/#organization\"},\"image\":{\"@id\":\"https:\/\/www.sonoraenequipo.com.mx\/anuncia-antonio-astiazaran-tercer-festival-del-globo-gratuito-para-familias\/#primaryimage\"},\"thumbnailUrl\":\"https:\/\/www.sonoraenequipo.com.mx\/storage\/2024\/10\/tono-globo.jpg\",\"articleSection\":[\"Sin categorizar\"],\"inLanguage\":\"es\",\"potentialAction\":[{\"@type\":\"CommentAction\",\"name\":\"Comment\",\"target\":[\"https:\/\/www.sonoraenequipo.com.mx\/anuncia-antonio-astiazaran-tercer-festival-del-globo-gratuito-para-familias\/#respond\"]}]},{\"@type\":\"WebPage\",\"@id\":\"https:\/\/www.sonoraenequipo.com.mx\/anuncia-antonio-astiazaran-tercer-festival-del-globo-gratuito-para-familias\/\",\"url\":\"https:\/\/www.sonoraenequipo.com.mx\/anuncia-antonio-astiazaran-tercer-festival-del-globo-gratuito-para-familias\/\",\"name\":\"Sonora en Equipo. Anuncia Antonio Astiazar\u00e1n Tercer Festival del Globo gratuito para familias\",\"isPartOf\":{\"@id\":\"https:\/\/www.sonoraenequipo.com.mx\/#website\"},\"primaryImageOfPage\":{\"@id\":\"https:\/\/www.sonoraenequipo.com.mx\/anuncia-antonio-astiazaran-tercer-festival-del-globo-gratuito-para-familias\/#primaryimage\"},\"image\":{\"@id\":\"https:\/\/www.sonoraenequipo.com.mx\/anuncia-antonio-astiazaran-tercer-festival-del-globo-gratuito-para-familias\/#primaryimage\"},\"thumbnailUrl\":\"https:\/\/www.sonoraenequipo.com.mx\/storage\/2024\/10\/tono-globo.jpg\",\"datePublished\":\"2024-10-09T23:19:37+00:00\",\"description\":\"HERMOSILLO, SONORA, MX. \u2014 El presidente municipal de Hermosillo, Antonio Astiazar\u00e1n confirm\u00f3 que continuar\u00e1 promoviendo actividades de talla En Sonora en Equipo publicamos toda la informaci\u00f3n de Sonora, M\u00e9xico y el Mundo de manera oportuna y busca que la libertad de expresi\u00f3n sea real. Visita nuestro medio informativo publicado desde Hermosillo, Sonora. %\",\"breadcrumb\":{\"@id\":\"https:\/\/www.sonoraenequipo.com.mx\/anuncia-antonio-astiazaran-tercer-festival-del-globo-gratuito-para-familias\/#breadcrumb\"},\"inLanguage\":\"es\",\"potentialAction\":[{\"@type\":\"ReadAction\",\"target\":[\"https:\/\/www.sonoraenequipo.com.mx\/anuncia-antonio-astiazaran-tercer-festival-del-globo-gratuito-para-familias\/\"]}]},{\"@type\":\"ImageObject\",\"inLanguage\":\"es\",\"@id\":\"https:\/\/www.sonoraenequipo.com.mx\/anuncia-antonio-astiazaran-tercer-festival-del-globo-gratuito-para-familias\/#primaryimage\",\"url\":\"https:\/\/www.sonoraenequipo.com.mx\/storage\/2024\/10\/tono-globo.jpg\",\"contentUrl\":\"https:\/\/www.sonoraenequipo.com.mx\/storage\/2024\/10\/tono-globo.jpg\",\"width\":600,\"height\":528},{\"@type\":\"BreadcrumbList\",\"@id\":\"https:\/\/www.sonoraenequipo.com.mx\/anuncia-antonio-astiazaran-tercer-festival-del-globo-gratuito-para-familias\/#breadcrumb\",\"itemListElement\":[{\"@type\":\"ListItem\",\"position\":1,\"name\":\"Portada\",\"item\":\"https:\/\/www.sonoraenequipo.com.mx\/\"},{\"@type\":\"ListItem\",\"position\":2,\"name\":\"Anuncia Antonio Astiazar\u00e1n Tercer Festival del Globo gratuito para familias\"}]},{\"@type\":\"WebSite\",\"@id\":\"https:\/\/www.sonoraenequipo.com.mx\/#website\",\"url\":\"https:\/\/www.sonoraenequipo.com.mx\/\",\"name\":\"Sonora en Equipo.\",\"description\":\"Diario en l\u00ednea con Noticias desde Hermosillo, Sonora\",\"publisher\":{\"@id\":\"https:\/\/www.sonoraenequipo.com.mx\/#organization\"},\"potentialAction\":[{\"@type\":\"SearchAction\",\"target\":{\"@type\":\"EntryPoint\",\"urlTemplate\":\"https:\/\/www.sonoraenequipo.com.mx\/?s={search_term_string}\"},\"query-input\":{\"@type\":\"PropertyValueSpecification\",\"valueRequired\":true,\"valueName\":\"search_term_string\"}}],\"inLanguage\":\"es\"},{\"@type\":\"Organization\",\"@id\":\"https:\/\/www.sonoraenequipo.com.mx\/#organization\",\"name\":\"Sonoraenequipo.com.mx\",\"url\":\"https:\/\/www.sonoraenequipo.com.mx\/\",\"logo\":{\"@type\":\"ImageObject\",\"inLanguage\":\"es\",\"@id\":\"https:\/\/www.sonoraenequipo.com.mx\/#\/schema\/logo\/image\/\",\"url\":\"https:\/\/www.sonoraenequipo.com.mx\/storage\/2019\/01\/sonoraenequipo_opt.png\",\"contentUrl\":\"https:\/\/www.sonoraenequipo.com.mx\/storage\/2019\/01\/sonoraenequipo_opt.png\",\"width\":375,\"height\":125,\"caption\":\"Sonoraenequipo.com.mx\"},\"image\":{\"@id\":\"https:\/\/www.sonoraenequipo.com.mx\/#\/schema\/logo\/image\/\"},\"sameAs\":[\"https:\/\/www.facebook.com\/SonoraEE\/\",\"https:\/\/x.com\/sonoraenequipo\",\"https:\/\/www.youtube.com\/channel\/UC338nW-lPEYmJQs4ZABQ1SQ\"]},{\"@type\":\"Person\",\"@id\":\"https:\/\/www.sonoraenequipo.com.mx\/#\/schema\/person\/50102df0fb23a8fa9e8effad8fa81386\",\"name\":\"enequipo\",\"image\":{\"@type\":\"ImageObject\",\"inLanguage\":\"es\",\"@id\":\"https:\/\/www.sonoraenequipo.com.mx\/#\/schema\/person\/image\/\",\"url\":\"https:\/\/secure.gravatar.com\/avatar\/049821681b589dabc0bc20695993ccebb09f5b5d4d790cd9251b97faac7c652b?s=96&d=blank&r=g\",\"contentUrl\":\"https:\/\/secure.gravatar.com\/avatar\/049821681b589dabc0bc20695993ccebb09f5b5d4d790cd9251b97faac7c652b?s=96&d=blank&r=g\",\"caption\":\"enequipo\"},\"sameAs\":[\"https:\/\/www.facebook.com\/SonoraEE\"]}]}<\/script>\n ","yoast_head_json":{"title":"Sonora en Equipo. Anuncia Antonio Astiazar\u00e1n Tercer Festival del Globo gratuito para familias","description":"HERMOSILLO, SONORA, MX. \u2014 El presidente municipal de Hermosillo, Antonio Astiazar\u00e1n confirm\u00f3 que continuar\u00e1 promoviendo actividades de talla En Sonora en Equipo publicamos toda la informaci\u00f3n de Sonora, M\u00e9xico y el Mundo de manera oportuna y busca que la libertad de expresi\u00f3n sea real. Visita nuestro medio informativo publicado desde Hermosillo, Sonora. %","robots":{"index":"index","follow":"follow","max-snippet":"max-snippet:-1","max-image-preview":"max-image-preview:large","max-video-preview":"max-video-preview:-1"},"canonical":"https:\/\/www.sonoraenequipo.com.mx\/anuncia-antonio-astiazaran-tercer-festival-del-globo-gratuito-para-familias\/","og_locale":"es_ES","og_type":"article","og_title":"Sonora en Equipo. Anuncia Antonio Astiazar\u00e1n Tercer Festival del Globo gratuito para familias","og_description":"HERMOSILLO, SONORA, MX. \u2014 El presidente municipal de Hermosillo, Antonio Astiazar\u00e1n confirm\u00f3 que continuar\u00e1 promoviendo actividades de talla En Sonora en Equipo publicamos toda la informaci\u00f3n de Sonora, M\u00e9xico y el Mundo de manera oportuna y busca que la libertad de expresi\u00f3n sea real. Visita nuestro medio informativo publicado desde Hermosillo, Sonora. %","og_url":"https:\/\/www.sonoraenequipo.com.mx\/anuncia-antonio-astiazaran-tercer-festival-del-globo-gratuito-para-familias\/","og_site_name":"Sonora en Equipo.","article_publisher":"https:\/\/www.facebook.com\/SonoraEE\/","article_author":"https:\/\/www.facebook.com\/SonoraEE","article_published_time":"2024-10-09T23:19:37+00:00","og_image":[{"width":600,"height":528,"url":"https:\/\/www.sonoraenequipo.com.mx\/storage\/2024\/10\/tono-globo.jpg","type":"image\/jpeg"}],"author":"enequipo","twitter_card":"summary_large_image","twitter_creator":"@sonoraenequipo","twitter_site":"@sonoraenequipo","twitter_misc":{"Escrito por":"enequipo","Tiempo de lectura":"2 minutos"},"schema":{"@context":"https:\/\/schema.org","@graph":[{"@type":"Article","@id":"https:\/\/www.sonoraenequipo.com.mx\/anuncia-antonio-astiazaran-tercer-festival-del-globo-gratuito-para-familias\/#article","isPartOf":{"@id":"https:\/\/www.sonoraenequipo.com.mx\/anuncia-antonio-astiazaran-tercer-festival-del-globo-gratuito-para-familias\/"},"author":{"name":"enequipo","@id":"https:\/\/www.sonoraenequipo.com.mx\/#\/schema\/person\/50102df0fb23a8fa9e8effad8fa81386"},"headline":"Anuncia Antonio Astiazar\u00e1n Tercer Festival del Globo gratuito para familias","datePublished":"2024-10-09T23:19:37+00:00","mainEntityOfPage":{"@id":"https:\/\/www.sonoraenequipo.com.mx\/anuncia-antonio-astiazaran-tercer-festival-del-globo-gratuito-para-familias\/"},"wordCount":382,"commentCount":0,"publisher":{"@id":"https:\/\/www.sonoraenequipo.com.mx\/#organization"},"image":{"@id":"https:\/\/www.sonoraenequipo.com.mx\/anuncia-antonio-astiazaran-tercer-festival-del-globo-gratuito-para-familias\/#primaryimage"},"thumbnailUrl":"https:\/\/www.sonoraenequipo.com.mx\/storage\/2024\/10\/tono-globo.jpg","articleSection":["Sin categorizar"],"inLanguage":"es","potentialAction":[{"@type":"CommentAction","name":"Comment","target":["https:\/\/www.sonoraenequipo.com.mx\/anuncia-antonio-astiazaran-tercer-festival-del-globo-gratuito-para-familias\/#respond"]}]},{"@type":"WebPage","@id":"https:\/\/www.sonoraenequipo.com.mx\/anuncia-antonio-astiazaran-tercer-festival-del-globo-gratuito-para-familias\/","url":"https:\/\/www.sonoraenequipo.com.mx\/anuncia-antonio-astiazaran-tercer-festival-del-globo-gratuito-para-familias\/","name":"Sonora en Equipo. Anuncia Antonio Astiazar\u00e1n Tercer Festival del Globo gratuito para familias","isPartOf":{"@id":"https:\/\/www.sonoraenequipo.com.mx\/#website"},"primaryImageOfPage":{"@id":"https:\/\/www.sonoraenequipo.com.mx\/anuncia-antonio-astiazaran-tercer-festival-del-globo-gratuito-para-familias\/#primaryimage"},"image":{"@id":"https:\/\/www.sonoraenequipo.com.mx\/anuncia-antonio-astiazaran-tercer-festival-del-globo-gratuito-para-familias\/#primaryimage"},"thumbnailUrl":"https:\/\/www.sonoraenequipo.com.mx\/storage\/2024\/10\/tono-globo.jpg","datePublished":"2024-10-09T23:19:37+00:00","description":"HERMOSILLO, SONORA, MX. \u2014 El presidente municipal de Hermosillo, Antonio Astiazar\u00e1n confirm\u00f3 que continuar\u00e1 promoviendo actividades de talla En Sonora en Equipo publicamos toda la informaci\u00f3n de Sonora, M\u00e9xico y el Mundo de manera oportuna y busca que la libertad de expresi\u00f3n sea real. Visita nuestro medio informativo publicado desde Hermosillo, Sonora. %","breadcrumb":{"@id":"https:\/\/www.sonoraenequipo.com.mx\/anuncia-antonio-astiazaran-tercer-festival-del-globo-gratuito-para-familias\/#breadcrumb"},"inLanguage":"es","potentialAction":[{"@type":"ReadAction","target":["https:\/\/www.sonoraenequipo.com.mx\/anuncia-antonio-astiazaran-tercer-festival-del-globo-gratuito-para-familias\/"]}]},{"@type":"ImageObject","inLanguage":"es","@id":"https:\/\/www.sonoraenequipo.com.mx\/anuncia-antonio-astiazaran-tercer-festival-del-globo-gratuito-para-familias\/#primaryimage","url":"https:\/\/www.sonoraenequipo.com.mx\/storage\/2024\/10\/tono-globo.jpg","contentUrl":"https:\/\/www.sonoraenequipo.com.mx\/storage\/2024\/10\/tono-globo.jpg","width":600,"height":528},{"@type":"BreadcrumbList","@id":"https:\/\/www.sonoraenequipo.com.mx\/anuncia-antonio-astiazaran-tercer-festival-del-globo-gratuito-para-familias\/#breadcrumb","itemListElement":[{"@type":"ListItem","position":1,"name":"Portada","item":"https:\/\/www.sonoraenequipo.com.mx\/"},{"@type":"ListItem","position":2,"name":"Anuncia Antonio Astiazar\u00e1n Tercer Festival del Globo gratuito para familias"}]},{"@type":"WebSite","@id":"https:\/\/www.sonoraenequipo.com.mx\/#website","url":"https:\/\/www.sonoraenequipo.com.mx\/","name":"Sonora en Equipo.","description":"Diario en l\u00ednea con Noticias desde Hermosillo, Sonora","publisher":{"@id":"https:\/\/www.sonoraenequipo.com.mx\/#organization"},"potentialAction":[{"@type":"SearchAction","target":{"@type":"EntryPoint","urlTemplate":"https:\/\/www.sonoraenequipo.com.mx\/?s={search_term_string}"},"query-input":{"@type":"PropertyValueSpecification","valueRequired":true,"valueName":"search_term_string"}}],"inLanguage":"es"},{"@type":"Organization","@id":"https:\/\/www.sonoraenequipo.com.mx\/#organization","name":"Sonoraenequipo.com.mx","url":"https:\/\/www.sonoraenequipo.com.mx\/","logo":{"@type":"ImageObject","inLanguage":"es","@id":"https:\/\/www.sonoraenequipo.com.mx\/#\/schema\/logo\/image\/","url":"https:\/\/www.sonoraenequipo.com.mx\/storage\/2019\/01\/sonoraenequipo_opt.png","contentUrl":"https:\/\/www.sonoraenequipo.com.mx\/storage\/2019\/01\/sonoraenequipo_opt.png","width":375,"height":125,"caption":"Sonoraenequipo.com.mx"},"image":{"@id":"https:\/\/www.sonoraenequipo.com.mx\/#\/schema\/logo\/image\/"},"sameAs":["https:\/\/www.facebook.com\/SonoraEE\/","https:\/\/x.com\/sonoraenequipo","https:\/\/www.youtube.com\/channel\/UC338nW-lPEYmJQs4ZABQ1SQ"]},{"@type":"Person","@id":"https:\/\/www.sonoraenequipo.com.mx\/#\/schema\/person\/50102df0fb23a8fa9e8effad8fa81386","name":"enequipo","image":{"@type":"ImageObject","inLanguage":"es","@id":"https:\/\/www.sonoraenequipo.com.mx\/#\/schema\/person\/image\/","url":"https:\/\/secure.gravatar.com\/avatar\/049821681b589dabc0bc20695993ccebb09f5b5d4d790cd9251b97faac7c652b?s=96&d=blank&r=g","contentUrl":"https:\/\/secure.gravatar.com\/avatar\/049821681b589dabc0bc20695993ccebb09f5b5d4d790cd9251b97faac7c652b?s=96&d=blank&r=g","caption":"enequipo"},"sameAs":["https:\/\/www.facebook.com\/SonoraEE"]}]}},"jetpack_featured_media_url":"https:\/\/www.sonoraenequipo.com.mx\/storage\/2024\/10\/tono-globo.jpg","_links":{"self":[{"href":"https:\/\/www.sonoraenequipo.com.mx\/api\/wp\/v2\/posts\/201102","targetHints":{"allow":["GET"]}}],"collection":[{"href":"https:\/\/www.sonoraenequipo.com.mx\/api\/wp\/v2\/posts"}],"about":[{"href":"https:\/\/www.sonoraenequipo.com.mx\/api\/wp\/v2\/types\/post"}],"author":[{"embeddable":true,"href":"https:\/\/www.sonoraenequipo.com.mx\/api\/wp\/v2\/users\/1"}],"replies":[{"embeddable":true,"href":"https:\/\/www.sonoraenequipo.com.mx\/api\/wp\/v2\/comments?post=201102"}],"version-history":[{"count":1,"href":"https:\/\/www.sonoraenequipo.com.mx\/api\/wp\/v2\/posts\/201102\/revisions"}],"predecessor-version":[{"id":201108,"href":"https:\/\/www.sonoraenequipo.com.mx\/api\/wp\/v2\/posts\/201102\/revisions\/201108"}],"wp:featuredmedia":[{"embeddable":true,"href":"https:\/\/www.sonoraenequipo.com.mx\/api\/wp\/v2\/media\/201107"}],"wp:attachment":[{"href":"https:\/\/www.sonoraenequipo.com.mx\/api\/wp\/v2\/media?parent=201102"}],"wp:term":[{"taxonomy":"category","embeddable":true,"href":"https:\/\/www.sonoraenequipo.com.mx\/api\/wp\/v2\/categories?post=201102"},{"taxonomy":"post_tag","embeddable":true,"href":"https:\/\/www.sonoraenequipo.com.mx\/api\/wp\/v2\/tags?post=201102"}],"curies":[{"name":"wp","href":"https:\/\/api.w.org\/{rel}","templated":true}]}}