{"id":201135,"date":"2024-10-09T18:42:02","date_gmt":"2024-10-10T01:42:02","guid":{"rendered":"https:\/\/www.sonoraenequipo.com.mx\/?p=201135"},"modified":"2024-10-09T18:42:02","modified_gmt":"2024-10-10T01:42:02","slug":"congreso-de-sonora-busca-fortalecer-la-calidad-de-vida-de-los-pueblos-originarios-y-la-educacion","status":"publish","type":"post","link":"https:\/\/www.sonoraenequipo.com.mx\/congreso-de-sonora-busca-fortalecer-la-calidad-de-vida-de-los-pueblos-originarios-y-la-educacion\/","title":{"rendered":"Congreso de Sonora busca fortalecer la calidad de vida de los pueblos originarios y la educaci\u00f3n"},"content":{"rendered":"<p><strong>HERMOSILLO, SONORA, MX.<\/strong> \u2014 Para dar tr\u00e1mite al proceso legislativo este d\u00eda quedaron formalmente instaladas las comisiones de Asuntos Ind\u00edgenas y de Educaci\u00f3n y Cultura, que presiden los diputados Pr\u00f3spero Valenzuela M\u00fa\u00f1er (Morena) y C\u00e9sar Adalberto Salazar L\u00f3pez (NAS), respectivamente.<\/p>\n<p>&nbsp;<\/p>\n<p>&nbsp;<\/p>\n<p>&nbsp;<\/p>\n<p>Con la presencia de autoridades locales y federales en materia de asuntos ind\u00edgenas, y tradicionales de los pueblos originarios del sur del estado, el diputado Valenzuela M\u00fa\u00f1er invit\u00f3 tanto a las y los integrantes de los grupos \u00e9tnicos del estado como a sus compa\u00f1eras y compa\u00f1eros de la legislatura a trabajar en equipo para llevar mayores beneficios a las comunidades originarias.<\/p>\n<p>&nbsp;<\/p>\n<p>&nbsp;<\/p>\n<p>&nbsp;<\/p>\n<p>A la reuni\u00f3n lo acompa\u00f1aron las diputadas Claudia Zulema Bours Corral (PVEM), Rebeca Irene Silva Gallardo (NA), Jazm\u00edn Guadalupe G\u00f3mez Liz\u00e1rraga (PT) y el diputado Jes\u00fas Tadeo Mend\u00edvil Valenzuela (Morena), quienes mostraron su disposici\u00f3n de trabajar en favor de quienes m\u00e1s lo necesitan en las diversas regiones de la entidad.<\/p>\n<p>&nbsp;<\/p>\n<p>&nbsp;<\/p>\n<p>&nbsp;<\/p>\n<p>Se instala la Comisi\u00f3n de Educaci\u00f3n y Cultura<\/p>\n<p>&nbsp;<\/p>\n<p>&nbsp;<\/p>\n<p>&nbsp;<\/p>\n<p>Al declarar instalada la Comisi\u00f3n de Educaci\u00f3n y Cultura, el diputado Salazar L\u00f3pez junto a autoridades de diferentes niveles del sistema educativo, representantes sindicales; legisladoras y legisladores, se comprometieron a fortalecer el sector de la educaci\u00f3n y la cultura mediante un enfoque integral.<\/p>\n<p>&nbsp;<\/p>\n<p>&nbsp;<\/p>\n<p>&nbsp;<\/p>\n<p>El legislador hizo entrega a los integrantes de la comisi\u00f3n de un paquete de iniciativas pendientes para su an\u00e1lisis y revisi\u00f3n, y destac\u00f3 que se dar\u00e1 tr\u00e1mite a los asuntos que les sean turnados en materia de educaci\u00f3n y cultura a trav\u00e9s de estrategias que impulsen una educaci\u00f3n m\u00e1s equitativa y de calidad para todos.<\/p>\n<p>&nbsp;<\/p>\n<p>&nbsp;<\/p>\n<p>&nbsp;<\/p>\n<p>En la reuni\u00f3n estuvieron presentes las diputadas Mar\u00eda Eduwiges Espinoza Tapia (Morena), Jazm\u00edn Guadalupe G\u00f3mez Liz\u00e1rraga (PT), Deni Gast\u00e9lum Barreras (Morena) y los diputados Ra\u00fal Gonz\u00e1lez De la Vega (PS) y Omar Francisco Del Valle Colosio (PVEM).<\/p>\n<p>El Congreso de Sonora busca fortalecer la calidad de vida de los pueblos originarios y la educaci\u00f3n.<\/p>\n<p><strong>Fecha de publicaci\u00f3n mi\u00e9rcoles 9 de octubre de 2024\/<\/strong><\/p>\n","protected":false},"excerpt":{"rendered":"<p>HERMOSILLO, SONORA, MX. \u2014 Para dar tr\u00e1mite al proceso legislativo este d\u00eda quedaron formalmente instaladas&#8230;<\/p>\n","protected":false},"author":1,"featured_media":201137,"comment_status":"open","ping_status":"open","sticky":false,"template":"","format":"standard","meta":{"_monsterinsights_skip_tracking":false,"_monsterinsights_sitenote_active":false,"_monsterinsights_sitenote_note":"","_monsterinsights_sitenote_category":0,"footnotes":""},"categories":[3281],"tags":[1248,15],"class_list":["post"],"yoast_head":" \n<title>Sonora en Equipo. Congreso de Sonora busca fortalecer la calidad de vida de los pueblos originarios y la educaci\u00f3n Congreso<\/title>\n<meta name=\"description\" content=\"HERMOSILLO, SONORA, MX. \u2014 Para dar tr\u00e1mite al proceso legislativo este d\u00eda quedaron formalmente instaladas las comisiones de Asuntos Ind\u00edgenas y de En Sonora en Equipo publicamos toda la informaci\u00f3n de Sonora, M\u00e9xico y el Mundo de manera oportuna y busca que la libertad de expresi\u00f3n sea real. Visita nuestro medio informativo publicado desde Hermosillo, Sonora. %\" \/>\n<meta name=\"robots\" content=\"index, follow, max-snippet:-1, max-image-preview:large, max-video-preview:-1\" \/>\n<link rel=\"canonical\" href=\"https:\/\/www.sonoraenequipo.com.mx\/congreso-de-sonora-busca-fortalecer-la-calidad-de-vida-de-los-pueblos-originarios-y-la-educacion\/\" \/>\n<meta property=\"og:locale\" content=\"es_ES\" \/>\n<meta property=\"og:type\" content=\"article\" \/>\n<meta property=\"og:title\" content=\"Sonora en Equipo. Congreso de Sonora busca fortalecer la calidad de vida de los pueblos originarios y la educaci\u00f3n Congreso\" \/>\n<meta property=\"og:description\" content=\"HERMOSILLO, SONORA, MX. \u2014 Para dar tr\u00e1mite al proceso legislativo este d\u00eda quedaron formalmente instaladas las comisiones de Asuntos Ind\u00edgenas y de En Sonora en Equipo publicamos toda la informaci\u00f3n de Sonora, M\u00e9xico y el Mundo de manera oportuna y busca que la libertad de expresi\u00f3n sea real. Visita nuestro medio informativo publicado desde Hermosillo, Sonora. %\" \/>\n<meta property=\"og:url\" content=\"https:\/\/www.sonoraenequipo.com.mx\/congreso-de-sonora-busca-fortalecer-la-calidad-de-vida-de-los-pueblos-originarios-y-la-educacion\/\" \/>\n<meta property=\"og:site_name\" content=\"Sonora en Equipo.\" \/>\n<meta property=\"article:publisher\" content=\"https:\/\/www.facebook.com\/SonoraEE\/\" \/>\n<meta property=\"article:author\" content=\"https:\/\/www.facebook.com\/SonoraEE\" \/>\n<meta property=\"article:published_time\" content=\"2024-10-10T01:42:02+00:00\" \/>\n<meta property=\"og:image\" content=\"https:\/\/www.sonoraenequipo.com.mx\/storage\/2024\/10\/congreso-pueblos-indigenas.jpg\" \/>\n\t<meta property=\"og:image:width\" content=\"800\" \/>\n\t<meta property=\"og:image:height\" content=\"600\" \/>\n\t<meta property=\"og:image:type\" content=\"image\/jpeg\" \/>\n<meta name=\"author\" content=\"enequipo\" \/>\n<meta name=\"twitter:card\" content=\"summary_large_image\" \/>\n<meta name=\"twitter:creator\" content=\"@sonoraenequipo\" \/>\n<meta name=\"twitter:site\" content=\"@sonoraenequipo\" \/>\n<meta name=\"twitter:label1\" content=\"Escrito por\" \/>\n\t<meta name=\"twitter:data1\" content=\"enequipo\" \/>\n\t<meta name=\"twitter:label2\" content=\"Tiempo de lectura\" \/>\n\t<meta name=\"twitter:data2\" content=\"2 minutos\" \/>\n<script type=\"application\/ld+json\" class=\"yoast-schema-graph\">{\"@context\":\"https:\/\/schema.org\",\"@graph\":[{\"@type\":\"Article\",\"@id\":\"https:\/\/www.sonoraenequipo.com.mx\/congreso-de-sonora-busca-fortalecer-la-calidad-de-vida-de-los-pueblos-originarios-y-la-educacion\/#article\",\"isPartOf\":{\"@id\":\"https:\/\/www.sonoraenequipo.com.mx\/congreso-de-sonora-busca-fortalecer-la-calidad-de-vida-de-los-pueblos-originarios-y-la-educacion\/\"},\"author\":{\"name\":\"enequipo\",\"@id\":\"https:\/\/www.sonoraenequipo.com.mx\/#\/schema\/person\/50102df0fb23a8fa9e8effad8fa81386\"},\"headline\":\"Congreso de Sonora busca fortalecer la calidad de vida de los pueblos originarios y la educaci\u00f3n\",\"datePublished\":\"2024-10-10T01:42:02+00:00\",\"mainEntityOfPage\":{\"@id\":\"https:\/\/www.sonoraenequipo.com.mx\/congreso-de-sonora-busca-fortalecer-la-calidad-de-vida-de-los-pueblos-originarios-y-la-educacion\/\"},\"wordCount\":398,\"commentCount\":0,\"publisher\":{\"@id\":\"https:\/\/www.sonoraenequipo.com.mx\/#organization\"},\"image\":{\"@id\":\"https:\/\/www.sonoraenequipo.com.mx\/congreso-de-sonora-busca-fortalecer-la-calidad-de-vida-de-los-pueblos-originarios-y-la-educacion\/#primaryimage\"},\"thumbnailUrl\":\"https:\/\/www.sonoraenequipo.com.mx\/storage\/2024\/10\/congreso-pueblos-indigenas.jpg\",\"keywords\":[\"CONGRESO\",\"Sonora\"],\"articleSection\":[\"Congreso\"],\"inLanguage\":\"es\",\"potentialAction\":[{\"@type\":\"CommentAction\",\"name\":\"Comment\",\"target\":[\"https:\/\/www.sonoraenequipo.com.mx\/congreso-de-sonora-busca-fortalecer-la-calidad-de-vida-de-los-pueblos-originarios-y-la-educacion\/#respond\"]}]},{\"@type\":\"WebPage\",\"@id\":\"https:\/\/www.sonoraenequipo.com.mx\/congreso-de-sonora-busca-fortalecer-la-calidad-de-vida-de-los-pueblos-originarios-y-la-educacion\/\",\"url\":\"https:\/\/www.sonoraenequipo.com.mx\/congreso-de-sonora-busca-fortalecer-la-calidad-de-vida-de-los-pueblos-originarios-y-la-educacion\/\",\"name\":\"Sonora en Equipo. Congreso de Sonora busca fortalecer la calidad de vida de los pueblos originarios y la educaci\u00f3n Congreso\",\"isPartOf\":{\"@id\":\"https:\/\/www.sonoraenequipo.com.mx\/#website\"},\"primaryImageOfPage\":{\"@id\":\"https:\/\/www.sonoraenequipo.com.mx\/congreso-de-sonora-busca-fortalecer-la-calidad-de-vida-de-los-pueblos-originarios-y-la-educacion\/#primaryimage\"},\"image\":{\"@id\":\"https:\/\/www.sonoraenequipo.com.mx\/congreso-de-sonora-busca-fortalecer-la-calidad-de-vida-de-los-pueblos-originarios-y-la-educacion\/#primaryimage\"},\"thumbnailUrl\":\"https:\/\/www.sonoraenequipo.com.mx\/storage\/2024\/10\/congreso-pueblos-indigenas.jpg\",\"datePublished\":\"2024-10-10T01:42:02+00:00\",\"description\":\"HERMOSILLO, SONORA, MX. \u2014 Para dar tr\u00e1mite al proceso legislativo este d\u00eda quedaron formalmente instaladas las comisiones de Asuntos Ind\u00edgenas y de En Sonora en Equipo publicamos toda la informaci\u00f3n de Sonora, M\u00e9xico y el Mundo de manera oportuna y busca que la libertad de expresi\u00f3n sea real. Visita nuestro medio informativo publicado desde Hermosillo, Sonora. %\",\"breadcrumb\":{\"@id\":\"https:\/\/www.sonoraenequipo.com.mx\/congreso-de-sonora-busca-fortalecer-la-calidad-de-vida-de-los-pueblos-originarios-y-la-educacion\/#breadcrumb\"},\"inLanguage\":\"es\",\"potentialAction\":[{\"@type\":\"ReadAction\",\"target\":[\"https:\/\/www.sonoraenequipo.com.mx\/congreso-de-sonora-busca-fortalecer-la-calidad-de-vida-de-los-pueblos-originarios-y-la-educacion\/\"]}]},{\"@type\":\"ImageObject\",\"inLanguage\":\"es\",\"@id\":\"https:\/\/www.sonoraenequipo.com.mx\/congreso-de-sonora-busca-fortalecer-la-calidad-de-vida-de-los-pueblos-originarios-y-la-educacion\/#primaryimage\",\"url\":\"https:\/\/www.sonoraenequipo.com.mx\/storage\/2024\/10\/congreso-pueblos-indigenas.jpg\",\"contentUrl\":\"https:\/\/www.sonoraenequipo.com.mx\/storage\/2024\/10\/congreso-pueblos-indigenas.jpg\",\"width\":800,\"height\":600},{\"@type\":\"BreadcrumbList\",\"@id\":\"https:\/\/www.sonoraenequipo.com.mx\/congreso-de-sonora-busca-fortalecer-la-calidad-de-vida-de-los-pueblos-originarios-y-la-educacion\/#breadcrumb\",\"itemListElement\":[{\"@type\":\"ListItem\",\"position\":1,\"name\":\"Portada\",\"item\":\"https:\/\/www.sonoraenequipo.com.mx\/\"},{\"@type\":\"ListItem\",\"position\":2,\"name\":\"Congreso de Sonora busca fortalecer la calidad de vida de los pueblos originarios y la educaci\u00f3n\"}]},{\"@type\":\"WebSite\",\"@id\":\"https:\/\/www.sonoraenequipo.com.mx\/#website\",\"url\":\"https:\/\/www.sonoraenequipo.com.mx\/\",\"name\":\"Sonora en Equipo.\",\"description\":\"Diario en l\u00ednea con Noticias desde Hermosillo, Sonora\",\"publisher\":{\"@id\":\"https:\/\/www.sonoraenequipo.com.mx\/#organization\"},\"potentialAction\":[{\"@type\":\"SearchAction\",\"target\":{\"@type\":\"EntryPoint\",\"urlTemplate\":\"https:\/\/www.sonoraenequipo.com.mx\/?s={search_term_string}\"},\"query-input\":{\"@type\":\"PropertyValueSpecification\",\"valueRequired\":true,\"valueName\":\"search_term_string\"}}],\"inLanguage\":\"es\"},{\"@type\":\"Organization\",\"@id\":\"https:\/\/www.sonoraenequipo.com.mx\/#organization\",\"name\":\"Sonoraenequipo.com.mx\",\"url\":\"https:\/\/www.sonoraenequipo.com.mx\/\",\"logo\":{\"@type\":\"ImageObject\",\"inLanguage\":\"es\",\"@id\":\"https:\/\/www.sonoraenequipo.com.mx\/#\/schema\/logo\/image\/\",\"url\":\"https:\/\/www.sonoraenequipo.com.mx\/storage\/2019\/01\/sonoraenequipo_opt.png\",\"contentUrl\":\"https:\/\/www.sonoraenequipo.com.mx\/storage\/2019\/01\/sonoraenequipo_opt.png\",\"width\":375,\"height\":125,\"caption\":\"Sonoraenequipo.com.mx\"},\"image\":{\"@id\":\"https:\/\/www.sonoraenequipo.com.mx\/#\/schema\/logo\/image\/\"},\"sameAs\":[\"https:\/\/www.facebook.com\/SonoraEE\/\",\"https:\/\/x.com\/sonoraenequipo\",\"https:\/\/www.youtube.com\/channel\/UC338nW-lPEYmJQs4ZABQ1SQ\"]},{\"@type\":\"Person\",\"@id\":\"https:\/\/www.sonoraenequipo.com.mx\/#\/schema\/person\/50102df0fb23a8fa9e8effad8fa81386\",\"name\":\"enequipo\",\"image\":{\"@type\":\"ImageObject\",\"inLanguage\":\"es\",\"@id\":\"https:\/\/www.sonoraenequipo.com.mx\/#\/schema\/person\/image\/\",\"url\":\"https:\/\/secure.gravatar.com\/avatar\/049821681b589dabc0bc20695993ccebb09f5b5d4d790cd9251b97faac7c652b?s=96&d=blank&r=g\",\"contentUrl\":\"https:\/\/secure.gravatar.com\/avatar\/049821681b589dabc0bc20695993ccebb09f5b5d4d790cd9251b97faac7c652b?s=96&d=blank&r=g\",\"caption\":\"enequipo\"},\"sameAs\":[\"https:\/\/www.facebook.com\/SonoraEE\"]}]}<\/script>\n ","yoast_head_json":{"title":"Sonora en Equipo. Congreso de Sonora busca fortalecer la calidad de vida de los pueblos originarios y la educaci\u00f3n Congreso","description":"HERMOSILLO, SONORA, MX. \u2014 Para dar tr\u00e1mite al proceso legislativo este d\u00eda quedaron formalmente instaladas las comisiones de Asuntos Ind\u00edgenas y de En Sonora en Equipo publicamos toda la informaci\u00f3n de Sonora, M\u00e9xico y el Mundo de manera oportuna y busca que la libertad de expresi\u00f3n sea real. Visita nuestro medio informativo publicado desde Hermosillo, Sonora. %","robots":{"index":"index","follow":"follow","max-snippet":"max-snippet:-1","max-image-preview":"max-image-preview:large","max-video-preview":"max-video-preview:-1"},"canonical":"https:\/\/www.sonoraenequipo.com.mx\/congreso-de-sonora-busca-fortalecer-la-calidad-de-vida-de-los-pueblos-originarios-y-la-educacion\/","og_locale":"es_ES","og_type":"article","og_title":"Sonora en Equipo. Congreso de Sonora busca fortalecer la calidad de vida de los pueblos originarios y la educaci\u00f3n Congreso","og_description":"HERMOSILLO, SONORA, MX. \u2014 Para dar tr\u00e1mite al proceso legislativo este d\u00eda quedaron formalmente instaladas las comisiones de Asuntos Ind\u00edgenas y de En Sonora en Equipo publicamos toda la informaci\u00f3n de Sonora, M\u00e9xico y el Mundo de manera oportuna y busca que la libertad de expresi\u00f3n sea real. Visita nuestro medio informativo publicado desde Hermosillo, Sonora. %","og_url":"https:\/\/www.sonoraenequipo.com.mx\/congreso-de-sonora-busca-fortalecer-la-calidad-de-vida-de-los-pueblos-originarios-y-la-educacion\/","og_site_name":"Sonora en Equipo.","article_publisher":"https:\/\/www.facebook.com\/SonoraEE\/","article_author":"https:\/\/www.facebook.com\/SonoraEE","article_published_time":"2024-10-10T01:42:02+00:00","og_image":[{"width":800,"height":600,"url":"https:\/\/www.sonoraenequipo.com.mx\/storage\/2024\/10\/congreso-pueblos-indigenas.jpg","type":"image\/jpeg"}],"author":"enequipo","twitter_card":"summary_large_image","twitter_creator":"@sonoraenequipo","twitter_site":"@sonoraenequipo","twitter_misc":{"Escrito por":"enequipo","Tiempo de lectura":"2 minutos"},"schema":{"@context":"https:\/\/schema.org","@graph":[{"@type":"Article","@id":"https:\/\/www.sonoraenequipo.com.mx\/congreso-de-sonora-busca-fortalecer-la-calidad-de-vida-de-los-pueblos-originarios-y-la-educacion\/#article","isPartOf":{"@id":"https:\/\/www.sonoraenequipo.com.mx\/congreso-de-sonora-busca-fortalecer-la-calidad-de-vida-de-los-pueblos-originarios-y-la-educacion\/"},"author":{"name":"enequipo","@id":"https:\/\/www.sonoraenequipo.com.mx\/#\/schema\/person\/50102df0fb23a8fa9e8effad8fa81386"},"headline":"Congreso de Sonora busca fortalecer la calidad de vida de los pueblos originarios y la educaci\u00f3n","datePublished":"2024-10-10T01:42:02+00:00","mainEntityOfPage":{"@id":"https:\/\/www.sonoraenequipo.com.mx\/congreso-de-sonora-busca-fortalecer-la-calidad-de-vida-de-los-pueblos-originarios-y-la-educacion\/"},"wordCount":398,"commentCount":0,"publisher":{"@id":"https:\/\/www.sonoraenequipo.com.mx\/#organization"},"image":{"@id":"https:\/\/www.sonoraenequipo.com.mx\/congreso-de-sonora-busca-fortalecer-la-calidad-de-vida-de-los-pueblos-originarios-y-la-educacion\/#primaryimage"},"thumbnailUrl":"https:\/\/www.sonoraenequipo.com.mx\/storage\/2024\/10\/congreso-pueblos-indigenas.jpg","keywords":["CONGRESO","Sonora"],"articleSection":["Congreso"],"inLanguage":"es","potentialAction":[{"@type":"CommentAction","name":"Comment","target":["https:\/\/www.sonoraenequipo.com.mx\/congreso-de-sonora-busca-fortalecer-la-calidad-de-vida-de-los-pueblos-originarios-y-la-educacion\/#respond"]}]},{"@type":"WebPage","@id":"https:\/\/www.sonoraenequipo.com.mx\/congreso-de-sonora-busca-fortalecer-la-calidad-de-vida-de-los-pueblos-originarios-y-la-educacion\/","url":"https:\/\/www.sonoraenequipo.com.mx\/congreso-de-sonora-busca-fortalecer-la-calidad-de-vida-de-los-pueblos-originarios-y-la-educacion\/","name":"Sonora en Equipo. Congreso de Sonora busca fortalecer la calidad de vida de los pueblos originarios y la educaci\u00f3n Congreso","isPartOf":{"@id":"https:\/\/www.sonoraenequipo.com.mx\/#website"},"primaryImageOfPage":{"@id":"https:\/\/www.sonoraenequipo.com.mx\/congreso-de-sonora-busca-fortalecer-la-calidad-de-vida-de-los-pueblos-originarios-y-la-educacion\/#primaryimage"},"image":{"@id":"https:\/\/www.sonoraenequipo.com.mx\/congreso-de-sonora-busca-fortalecer-la-calidad-de-vida-de-los-pueblos-originarios-y-la-educacion\/#primaryimage"},"thumbnailUrl":"https:\/\/www.sonoraenequipo.com.mx\/storage\/2024\/10\/congreso-pueblos-indigenas.jpg","datePublished":"2024-10-10T01:42:02+00:00","description":"HERMOSILLO, SONORA, MX. \u2014 Para dar tr\u00e1mite al proceso legislativo este d\u00eda quedaron formalmente instaladas las comisiones de Asuntos Ind\u00edgenas y de En Sonora en Equipo publicamos toda la informaci\u00f3n de Sonora, M\u00e9xico y el Mundo de manera oportuna y busca que la libertad de expresi\u00f3n sea real. Visita nuestro medio informativo publicado desde Hermosillo, Sonora. %","breadcrumb":{"@id":"https:\/\/www.sonoraenequipo.com.mx\/congreso-de-sonora-busca-fortalecer-la-calidad-de-vida-de-los-pueblos-originarios-y-la-educacion\/#breadcrumb"},"inLanguage":"es","potentialAction":[{"@type":"ReadAction","target":["https:\/\/www.sonoraenequipo.com.mx\/congreso-de-sonora-busca-fortalecer-la-calidad-de-vida-de-los-pueblos-originarios-y-la-educacion\/"]}]},{"@type":"ImageObject","inLanguage":"es","@id":"https:\/\/www.sonoraenequipo.com.mx\/congreso-de-sonora-busca-fortalecer-la-calidad-de-vida-de-los-pueblos-originarios-y-la-educacion\/#primaryimage","url":"https:\/\/www.sonoraenequipo.com.mx\/storage\/2024\/10\/congreso-pueblos-indigenas.jpg","contentUrl":"https:\/\/www.sonoraenequipo.com.mx\/storage\/2024\/10\/congreso-pueblos-indigenas.jpg","width":800,"height":600},{"@type":"BreadcrumbList","@id":"https:\/\/www.sonoraenequipo.com.mx\/congreso-de-sonora-busca-fortalecer-la-calidad-de-vida-de-los-pueblos-originarios-y-la-educacion\/#breadcrumb","itemListElement":[{"@type":"ListItem","position":1,"name":"Portada","item":"https:\/\/www.sonoraenequipo.com.mx\/"},{"@type":"ListItem","position":2,"name":"Congreso de Sonora busca fortalecer la calidad de vida de los pueblos originarios y la educaci\u00f3n"}]},{"@type":"WebSite","@id":"https:\/\/www.sonoraenequipo.com.mx\/#website","url":"https:\/\/www.sonoraenequipo.com.mx\/","name":"Sonora en Equipo.","description":"Diario en l\u00ednea con Noticias desde Hermosillo, Sonora","publisher":{"@id":"https:\/\/www.sonoraenequipo.com.mx\/#organization"},"potentialAction":[{"@type":"SearchAction","target":{"@type":"EntryPoint","urlTemplate":"https:\/\/www.sonoraenequipo.com.mx\/?s={search_term_string}"},"query-input":{"@type":"PropertyValueSpecification","valueRequired":true,"valueName":"search_term_string"}}],"inLanguage":"es"},{"@type":"Organization","@id":"https:\/\/www.sonoraenequipo.com.mx\/#organization","name":"Sonoraenequipo.com.mx","url":"https:\/\/www.sonoraenequipo.com.mx\/","logo":{"@type":"ImageObject","inLanguage":"es","@id":"https:\/\/www.sonoraenequipo.com.mx\/#\/schema\/logo\/image\/","url":"https:\/\/www.sonoraenequipo.com.mx\/storage\/2019\/01\/sonoraenequipo_opt.png","contentUrl":"https:\/\/www.sonoraenequipo.com.mx\/storage\/2019\/01\/sonoraenequipo_opt.png","width":375,"height":125,"caption":"Sonoraenequipo.com.mx"},"image":{"@id":"https:\/\/www.sonoraenequipo.com.mx\/#\/schema\/logo\/image\/"},"sameAs":["https:\/\/www.facebook.com\/SonoraEE\/","https:\/\/x.com\/sonoraenequipo","https:\/\/www.youtube.com\/channel\/UC338nW-lPEYmJQs4ZABQ1SQ"]},{"@type":"Person","@id":"https:\/\/www.sonoraenequipo.com.mx\/#\/schema\/person\/50102df0fb23a8fa9e8effad8fa81386","name":"enequipo","image":{"@type":"ImageObject","inLanguage":"es","@id":"https:\/\/www.sonoraenequipo.com.mx\/#\/schema\/person\/image\/","url":"https:\/\/secure.gravatar.com\/avatar\/049821681b589dabc0bc20695993ccebb09f5b5d4d790cd9251b97faac7c652b?s=96&d=blank&r=g","contentUrl":"https:\/\/secure.gravatar.com\/avatar\/049821681b589dabc0bc20695993ccebb09f5b5d4d790cd9251b97faac7c652b?s=96&d=blank&r=g","caption":"enequipo"},"sameAs":["https:\/\/www.facebook.com\/SonoraEE"]}]}},"jetpack_featured_media_url":"https:\/\/www.sonoraenequipo.com.mx\/storage\/2024\/10\/congreso-pueblos-indigenas.jpg","_links":{"self":[{"href":"https:\/\/www.sonoraenequipo.com.mx\/api\/wp\/v2\/posts\/201135","targetHints":{"allow":["GET"]}}],"collection":[{"href":"https:\/\/www.sonoraenequipo.com.mx\/api\/wp\/v2\/posts"}],"about":[{"href":"https:\/\/www.sonoraenequipo.com.mx\/api\/wp\/v2\/types\/post"}],"author":[{"embeddable":true,"href":"https:\/\/www.sonoraenequipo.com.mx\/api\/wp\/v2\/users\/1"}],"replies":[{"embeddable":true,"href":"https:\/\/www.sonoraenequipo.com.mx\/api\/wp\/v2\/comments?post=201135"}],"version-history":[{"count":1,"href":"https:\/\/www.sonoraenequipo.com.mx\/api\/wp\/v2\/posts\/201135\/revisions"}],"predecessor-version":[{"id":201139,"href":"https:\/\/www.sonoraenequipo.com.mx\/api\/wp\/v2\/posts\/201135\/revisions\/201139"}],"wp:featuredmedia":[{"embeddable":true,"href":"https:\/\/www.sonoraenequipo.com.mx\/api\/wp\/v2\/media\/201137"}],"wp:attachment":[{"href":"https:\/\/www.sonoraenequipo.com.mx\/api\/wp\/v2\/media?parent=201135"}],"wp:term":[{"taxonomy":"category","embeddable":true,"href":"https:\/\/www.sonoraenequipo.com.mx\/api\/wp\/v2\/categories?post=201135"},{"taxonomy":"post_tag","embeddable":true,"href":"https:\/\/www.sonoraenequipo.com.mx\/api\/wp\/v2\/tags?post=201135"}],"curies":[{"name":"wp","href":"https:\/\/api.w.org\/{rel}","templated":true}]}}