{"id":201144,"date":"2024-10-10T10:21:25","date_gmt":"2024-10-10T17:21:25","guid":{"rendered":"https:\/\/www.sonoraenequipo.com.mx\/?p=201144"},"modified":"2024-10-10T10:21:25","modified_gmt":"2024-10-10T17:21:25","slug":"presenta-ong-estrategias-para-fortalecer-la-seguridad-publica-en-sonora","status":"publish","type":"post","link":"https:\/\/www.sonoraenequipo.com.mx\/presenta-ong-estrategias-para-fortalecer-la-seguridad-publica-en-sonora\/","title":{"rendered":"Presenta ONG estrategias para fortalecer la seguridad p\u00fablica en Sonora"},"content":{"rendered":"<p><strong>HERMOSILLO, SONORA, MX.<\/strong> \u2014 Orlando Camacho, director general de la organizaci\u00f3n no\u00a0 gubernamental (ONG( M\u00e9xico SOS, fundada por Alejandro Mart\u00ed tras el secuestro y asesinato de su hijo, present\u00f3 el pasado lunes 7 de octubre en un conversatorio organizado por el Consejo INCIDE en colaboraci\u00f3n con Sonora Global, una propuesta enfocada en la participaci\u00f3n ciudadana para mejorar la seguridad p\u00fablica en Sonora.<\/p>\n<p>&nbsp;<\/p>\n<p>Durante su intervenci\u00f3n, Camacho destac\u00f3 que uno de los principales desaf\u00edos actuales es la relaci\u00f3n tensa entre los ciudadanos y las fuerzas de seguridad. Subray\u00f3 que para revertir esta situaci\u00f3n es esencial fomentar una colaboraci\u00f3n activa entre la ciudadan\u00eda y las autoridades.<\/p>\n<p><img loading=\"lazy\" decoding=\"async\" class=\"size-full  x-center\" src=\"https:\/\/www.sonoraenequipo.com.mx\/storage\/2024\/10\/incide2.jpg\" alt=\"\" width=\"800\" height=\"258\" \/><\/p>\n<p>&nbsp;<\/p>\n<p>Camacho explic\u00f3 que este enfoque refleja el modelo de trabajo de M\u00e9xico SOS, una organizaci\u00f3n que ha impulsado la creaci\u00f3n y reforma de leyes para fortalecer la seguridad p\u00fablica a nivel nacional. Entre los temas discutidos en la reuni\u00f3n se destacaron: la seguridad en la industria minera, el funcionamiento de las \u00abMesas Ciudadanas\u00bb promovidas por M\u00e9xico SOS, el impacto de las redes sociales en la juventud en relaci\u00f3n con la seguridad, y la necesidad de mejorar el seguimiento a los fideicomisos destinados a este rubro y reforzar las medidas preventivas. Adem\u00e1s, Camacho subray\u00f3 que el deterioro del n\u00facleo familiar, como c\u00e9lula fundamental de la sociedad, ha contribuido al aumento de la delincuencia, convirti\u00e9ndose en un terreno f\u00e9rtil para su proliferaci\u00f3n.<\/p>\n<p>&nbsp;<\/p>\n<p>Arturo Fern\u00e1ndez, presidente de Sonora Global, manifest\u00f3 su satisfacci\u00f3n por el desarrollo del conversatorio, resaltando la relevancia de estos espacios de di\u00e1logo para avanzar en la seguridad p\u00fablica mediante la cooperaci\u00f3n entre sociedad y gobierno. Por su parte, Guillermo Moreno, presidente de INCIDE, enfatiz\u00f3 la importancia de generar condiciones que propicien la creaci\u00f3n de empleos, derivados de la diversificaci\u00f3n productiva y la relocalizaci\u00f3n de empresas, como parte de los esfuerzos para transformar Sonora en un entorno m\u00e1s seguro y pr\u00f3spero.<\/p>\n<p>&nbsp;<\/p>\n<p>Este encuentro reafirma el compromiso de los sectores sociales y empresariales de Sonora con la construcci\u00f3n de un futuro m\u00e1s seguro y colaborativo.<\/p>\n<p><strong>Fecha de publicaci\u00f3n jueves 10 de octubre de 2024\/<\/strong><\/p>\n","protected":false},"excerpt":{"rendered":"<p>HERMOSILLO, SONORA, MX. \u2014 Orlando Camacho, director general de la organizaci\u00f3n no\u00a0 gubernamental (ONG( M\u00e9xico&#8230;<\/p>\n","protected":false},"author":1,"featured_media":0,"comment_status":"open","ping_status":"open","sticky":false,"template":"","format":"standard","meta":{"_monsterinsights_skip_tracking":false,"_monsterinsights_sitenote_active":false,"_monsterinsights_sitenote_note":"","_monsterinsights_sitenote_category":0,"footnotes":""},"categories":[22],"tags":[53,10350],"class_list":["post"],"yoast_head":" \n<title>Sonora en Equipo. Presenta ONG estrategias para fortalecer la seguridad p\u00fablica en Sonora Sonora<\/title>\n<meta name=\"description\" content=\"HERMOSILLO, SONORA, MX. \u2014 Orlando Camacho, director general de la organizaci\u00f3n no\u00a0 gubernamental (ONG( M\u00e9xico SOS, fundada por Alejandro Mart\u00ed tras el En Sonora en Equipo publicamos toda la informaci\u00f3n de Sonora, M\u00e9xico y el Mundo de manera oportuna y busca que la libertad de expresi\u00f3n sea real. Visita nuestro medio informativo publicado desde Hermosillo, Sonora. %\" \/>\n<meta name=\"robots\" content=\"index, follow, max-snippet:-1, max-image-preview:large, max-video-preview:-1\" \/>\n<link rel=\"canonical\" href=\"https:\/\/www.sonoraenequipo.com.mx\/presenta-ong-estrategias-para-fortalecer-la-seguridad-publica-en-sonora\/\" \/>\n<meta property=\"og:locale\" content=\"es_ES\" \/>\n<meta property=\"og:type\" content=\"article\" \/>\n<meta property=\"og:title\" content=\"Sonora en Equipo. Presenta ONG estrategias para fortalecer la seguridad p\u00fablica en Sonora Sonora\" \/>\n<meta property=\"og:description\" content=\"HERMOSILLO, SONORA, MX. \u2014 Orlando Camacho, director general de la organizaci\u00f3n no\u00a0 gubernamental (ONG( M\u00e9xico SOS, fundada por Alejandro Mart\u00ed tras el En Sonora en Equipo publicamos toda la informaci\u00f3n de Sonora, M\u00e9xico y el Mundo de manera oportuna y busca que la libertad de expresi\u00f3n sea real. Visita nuestro medio informativo publicado desde Hermosillo, Sonora. %\" \/>\n<meta property=\"og:url\" content=\"https:\/\/www.sonoraenequipo.com.mx\/presenta-ong-estrategias-para-fortalecer-la-seguridad-publica-en-sonora\/\" \/>\n<meta property=\"og:site_name\" content=\"Sonora en Equipo.\" \/>\n<meta property=\"article:publisher\" content=\"https:\/\/www.facebook.com\/SonoraEE\/\" \/>\n<meta property=\"article:author\" content=\"https:\/\/www.facebook.com\/SonoraEE\" \/>\n<meta property=\"article:published_time\" content=\"2024-10-10T17:21:25+00:00\" \/>\n<meta property=\"og:image\" content=\"https:\/\/www.sonoraenequipo.com.mx\/storage\/2024\/10\/incide.jpg\" \/>\n\t<meta property=\"og:image:width\" content=\"600\" \/>\n\t<meta property=\"og:image:height\" content=\"400\" \/>\n\t<meta property=\"og:image:type\" content=\"image\/jpeg\" \/>\n<meta name=\"author\" content=\"enequipo\" \/>\n<meta name=\"twitter:card\" content=\"summary_large_image\" \/>\n<meta name=\"twitter:creator\" content=\"@sonoraenequipo\" \/>\n<meta name=\"twitter:site\" content=\"@sonoraenequipo\" \/>\n<meta name=\"twitter:label1\" content=\"Escrito por\" \/>\n\t<meta name=\"twitter:data1\" content=\"enequipo\" \/>\n\t<meta name=\"twitter:label2\" content=\"Tiempo de lectura\" \/>\n\t<meta name=\"twitter:data2\" content=\"2 minutos\" \/>\n<script type=\"application\/ld+json\" class=\"yoast-schema-graph\">{\"@context\":\"https:\/\/schema.org\",\"@graph\":[{\"@type\":\"Article\",\"@id\":\"https:\/\/www.sonoraenequipo.com.mx\/presenta-ong-estrategias-para-fortalecer-la-seguridad-publica-en-sonora\/#article\",\"isPartOf\":{\"@id\":\"https:\/\/www.sonoraenequipo.com.mx\/presenta-ong-estrategias-para-fortalecer-la-seguridad-publica-en-sonora\/\"},\"author\":{\"name\":\"enequipo\",\"@id\":\"https:\/\/www.sonoraenequipo.com.mx\/#\/schema\/person\/50102df0fb23a8fa9e8effad8fa81386\"},\"headline\":\"Presenta ONG estrategias para fortalecer la seguridad p\u00fablica en Sonora\",\"datePublished\":\"2024-10-10T17:21:25+00:00\",\"mainEntityOfPage\":{\"@id\":\"https:\/\/www.sonoraenequipo.com.mx\/presenta-ong-estrategias-para-fortalecer-la-seguridad-publica-en-sonora\/\"},\"wordCount\":384,\"commentCount\":0,\"publisher\":{\"@id\":\"https:\/\/www.sonoraenequipo.com.mx\/#organization\"},\"image\":{\"@id\":\"https:\/\/www.sonoraenequipo.com.mx\/presenta-ong-estrategias-para-fortalecer-la-seguridad-publica-en-sonora\/#primaryimage\"},\"thumbnailUrl\":\"https:\/\/www.sonoraenequipo.com.mx\/storage\/2024\/10\/incide2.jpg\",\"keywords\":[\"mexico\",\"sos\"],\"articleSection\":[\"Sonora\"],\"inLanguage\":\"es\",\"potentialAction\":[{\"@type\":\"CommentAction\",\"name\":\"Comment\",\"target\":[\"https:\/\/www.sonoraenequipo.com.mx\/presenta-ong-estrategias-para-fortalecer-la-seguridad-publica-en-sonora\/#respond\"]}]},{\"@type\":\"WebPage\",\"@id\":\"https:\/\/www.sonoraenequipo.com.mx\/presenta-ong-estrategias-para-fortalecer-la-seguridad-publica-en-sonora\/\",\"url\":\"https:\/\/www.sonoraenequipo.com.mx\/presenta-ong-estrategias-para-fortalecer-la-seguridad-publica-en-sonora\/\",\"name\":\"Sonora en Equipo. Presenta ONG estrategias para fortalecer la seguridad p\u00fablica en Sonora Sonora\",\"isPartOf\":{\"@id\":\"https:\/\/www.sonoraenequipo.com.mx\/#website\"},\"primaryImageOfPage\":{\"@id\":\"https:\/\/www.sonoraenequipo.com.mx\/presenta-ong-estrategias-para-fortalecer-la-seguridad-publica-en-sonora\/#primaryimage\"},\"image\":{\"@id\":\"https:\/\/www.sonoraenequipo.com.mx\/presenta-ong-estrategias-para-fortalecer-la-seguridad-publica-en-sonora\/#primaryimage\"},\"thumbnailUrl\":\"https:\/\/www.sonoraenequipo.com.mx\/storage\/2024\/10\/incide2.jpg\",\"datePublished\":\"2024-10-10T17:21:25+00:00\",\"description\":\"HERMOSILLO, SONORA, MX. \u2014 Orlando Camacho, director general de la organizaci\u00f3n no\u00a0 gubernamental (ONG( M\u00e9xico SOS, fundada por Alejandro Mart\u00ed tras el En Sonora en Equipo publicamos toda la informaci\u00f3n de Sonora, M\u00e9xico y el Mundo de manera oportuna y busca que la libertad de expresi\u00f3n sea real. Visita nuestro medio informativo publicado desde Hermosillo, Sonora. %\",\"breadcrumb\":{\"@id\":\"https:\/\/www.sonoraenequipo.com.mx\/presenta-ong-estrategias-para-fortalecer-la-seguridad-publica-en-sonora\/#breadcrumb\"},\"inLanguage\":\"es\",\"potentialAction\":[{\"@type\":\"ReadAction\",\"target\":[\"https:\/\/www.sonoraenequipo.com.mx\/presenta-ong-estrategias-para-fortalecer-la-seguridad-publica-en-sonora\/\"]}]},{\"@type\":\"ImageObject\",\"inLanguage\":\"es\",\"@id\":\"https:\/\/www.sonoraenequipo.com.mx\/presenta-ong-estrategias-para-fortalecer-la-seguridad-publica-en-sonora\/#primaryimage\",\"url\":\"https:\/\/www.sonoraenequipo.com.mx\/storage\/2024\/10\/incide2.jpg\",\"contentUrl\":\"https:\/\/www.sonoraenequipo.com.mx\/storage\/2024\/10\/incide2.jpg\",\"width\":800,\"height\":258},{\"@type\":\"BreadcrumbList\",\"@id\":\"https:\/\/www.sonoraenequipo.com.mx\/presenta-ong-estrategias-para-fortalecer-la-seguridad-publica-en-sonora\/#breadcrumb\",\"itemListElement\":[{\"@type\":\"ListItem\",\"position\":1,\"name\":\"Portada\",\"item\":\"https:\/\/www.sonoraenequipo.com.mx\/\"},{\"@type\":\"ListItem\",\"position\":2,\"name\":\"Presenta ONG estrategias para fortalecer la seguridad p\u00fablica en Sonora\"}]},{\"@type\":\"WebSite\",\"@id\":\"https:\/\/www.sonoraenequipo.com.mx\/#website\",\"url\":\"https:\/\/www.sonoraenequipo.com.mx\/\",\"name\":\"Sonora en Equipo.\",\"description\":\"Diario en l\u00ednea con Noticias desde Hermosillo, Sonora\",\"publisher\":{\"@id\":\"https:\/\/www.sonoraenequipo.com.mx\/#organization\"},\"potentialAction\":[{\"@type\":\"SearchAction\",\"target\":{\"@type\":\"EntryPoint\",\"urlTemplate\":\"https:\/\/www.sonoraenequipo.com.mx\/?s={search_term_string}\"},\"query-input\":{\"@type\":\"PropertyValueSpecification\",\"valueRequired\":true,\"valueName\":\"search_term_string\"}}],\"inLanguage\":\"es\"},{\"@type\":\"Organization\",\"@id\":\"https:\/\/www.sonoraenequipo.com.mx\/#organization\",\"name\":\"Sonoraenequipo.com.mx\",\"url\":\"https:\/\/www.sonoraenequipo.com.mx\/\",\"logo\":{\"@type\":\"ImageObject\",\"inLanguage\":\"es\",\"@id\":\"https:\/\/www.sonoraenequipo.com.mx\/#\/schema\/logo\/image\/\",\"url\":\"https:\/\/www.sonoraenequipo.com.mx\/storage\/2019\/01\/sonoraenequipo_opt.png\",\"contentUrl\":\"https:\/\/www.sonoraenequipo.com.mx\/storage\/2019\/01\/sonoraenequipo_opt.png\",\"width\":375,\"height\":125,\"caption\":\"Sonoraenequipo.com.mx\"},\"image\":{\"@id\":\"https:\/\/www.sonoraenequipo.com.mx\/#\/schema\/logo\/image\/\"},\"sameAs\":[\"https:\/\/www.facebook.com\/SonoraEE\/\",\"https:\/\/x.com\/sonoraenequipo\",\"https:\/\/www.youtube.com\/channel\/UC338nW-lPEYmJQs4ZABQ1SQ\"]},{\"@type\":\"Person\",\"@id\":\"https:\/\/www.sonoraenequipo.com.mx\/#\/schema\/person\/50102df0fb23a8fa9e8effad8fa81386\",\"name\":\"enequipo\",\"image\":{\"@type\":\"ImageObject\",\"inLanguage\":\"es\",\"@id\":\"https:\/\/www.sonoraenequipo.com.mx\/#\/schema\/person\/image\/\",\"url\":\"https:\/\/secure.gravatar.com\/avatar\/049821681b589dabc0bc20695993ccebb09f5b5d4d790cd9251b97faac7c652b?s=96&d=blank&r=g\",\"contentUrl\":\"https:\/\/secure.gravatar.com\/avatar\/049821681b589dabc0bc20695993ccebb09f5b5d4d790cd9251b97faac7c652b?s=96&d=blank&r=g\",\"caption\":\"enequipo\"},\"sameAs\":[\"https:\/\/www.facebook.com\/SonoraEE\"]}]}<\/script>\n ","yoast_head_json":{"title":"Sonora en Equipo. Presenta ONG estrategias para fortalecer la seguridad p\u00fablica en Sonora Sonora","description":"HERMOSILLO, SONORA, MX. \u2014 Orlando Camacho, director general de la organizaci\u00f3n no\u00a0 gubernamental (ONG( M\u00e9xico SOS, fundada por Alejandro Mart\u00ed tras el En Sonora en Equipo publicamos toda la informaci\u00f3n de Sonora, M\u00e9xico y el Mundo de manera oportuna y busca que la libertad de expresi\u00f3n sea real. Visita nuestro medio informativo publicado desde Hermosillo, Sonora. %","robots":{"index":"index","follow":"follow","max-snippet":"max-snippet:-1","max-image-preview":"max-image-preview:large","max-video-preview":"max-video-preview:-1"},"canonical":"https:\/\/www.sonoraenequipo.com.mx\/presenta-ong-estrategias-para-fortalecer-la-seguridad-publica-en-sonora\/","og_locale":"es_ES","og_type":"article","og_title":"Sonora en Equipo. Presenta ONG estrategias para fortalecer la seguridad p\u00fablica en Sonora Sonora","og_description":"HERMOSILLO, SONORA, MX. \u2014 Orlando Camacho, director general de la organizaci\u00f3n no\u00a0 gubernamental (ONG( M\u00e9xico SOS, fundada por Alejandro Mart\u00ed tras el En Sonora en Equipo publicamos toda la informaci\u00f3n de Sonora, M\u00e9xico y el Mundo de manera oportuna y busca que la libertad de expresi\u00f3n sea real. Visita nuestro medio informativo publicado desde Hermosillo, Sonora. %","og_url":"https:\/\/www.sonoraenequipo.com.mx\/presenta-ong-estrategias-para-fortalecer-la-seguridad-publica-en-sonora\/","og_site_name":"Sonora en Equipo.","article_publisher":"https:\/\/www.facebook.com\/SonoraEE\/","article_author":"https:\/\/www.facebook.com\/SonoraEE","article_published_time":"2024-10-10T17:21:25+00:00","og_image":[{"width":600,"height":400,"url":"https:\/\/www.sonoraenequipo.com.mx\/storage\/2024\/10\/incide.jpg","type":"image\/jpeg"}],"author":"enequipo","twitter_card":"summary_large_image","twitter_creator":"@sonoraenequipo","twitter_site":"@sonoraenequipo","twitter_misc":{"Escrito por":"enequipo","Tiempo de lectura":"2 minutos"},"schema":{"@context":"https:\/\/schema.org","@graph":[{"@type":"Article","@id":"https:\/\/www.sonoraenequipo.com.mx\/presenta-ong-estrategias-para-fortalecer-la-seguridad-publica-en-sonora\/#article","isPartOf":{"@id":"https:\/\/www.sonoraenequipo.com.mx\/presenta-ong-estrategias-para-fortalecer-la-seguridad-publica-en-sonora\/"},"author":{"name":"enequipo","@id":"https:\/\/www.sonoraenequipo.com.mx\/#\/schema\/person\/50102df0fb23a8fa9e8effad8fa81386"},"headline":"Presenta ONG estrategias para fortalecer la seguridad p\u00fablica en Sonora","datePublished":"2024-10-10T17:21:25+00:00","mainEntityOfPage":{"@id":"https:\/\/www.sonoraenequipo.com.mx\/presenta-ong-estrategias-para-fortalecer-la-seguridad-publica-en-sonora\/"},"wordCount":384,"commentCount":0,"publisher":{"@id":"https:\/\/www.sonoraenequipo.com.mx\/#organization"},"image":{"@id":"https:\/\/www.sonoraenequipo.com.mx\/presenta-ong-estrategias-para-fortalecer-la-seguridad-publica-en-sonora\/#primaryimage"},"thumbnailUrl":"https:\/\/www.sonoraenequipo.com.mx\/storage\/2024\/10\/incide2.jpg","keywords":["mexico","sos"],"articleSection":["Sonora"],"inLanguage":"es","potentialAction":[{"@type":"CommentAction","name":"Comment","target":["https:\/\/www.sonoraenequipo.com.mx\/presenta-ong-estrategias-para-fortalecer-la-seguridad-publica-en-sonora\/#respond"]}]},{"@type":"WebPage","@id":"https:\/\/www.sonoraenequipo.com.mx\/presenta-ong-estrategias-para-fortalecer-la-seguridad-publica-en-sonora\/","url":"https:\/\/www.sonoraenequipo.com.mx\/presenta-ong-estrategias-para-fortalecer-la-seguridad-publica-en-sonora\/","name":"Sonora en Equipo. Presenta ONG estrategias para fortalecer la seguridad p\u00fablica en Sonora Sonora","isPartOf":{"@id":"https:\/\/www.sonoraenequipo.com.mx\/#website"},"primaryImageOfPage":{"@id":"https:\/\/www.sonoraenequipo.com.mx\/presenta-ong-estrategias-para-fortalecer-la-seguridad-publica-en-sonora\/#primaryimage"},"image":{"@id":"https:\/\/www.sonoraenequipo.com.mx\/presenta-ong-estrategias-para-fortalecer-la-seguridad-publica-en-sonora\/#primaryimage"},"thumbnailUrl":"https:\/\/www.sonoraenequipo.com.mx\/storage\/2024\/10\/incide2.jpg","datePublished":"2024-10-10T17:21:25+00:00","description":"HERMOSILLO, SONORA, MX. \u2014 Orlando Camacho, director general de la organizaci\u00f3n no\u00a0 gubernamental (ONG( M\u00e9xico SOS, fundada por Alejandro Mart\u00ed tras el En Sonora en Equipo publicamos toda la informaci\u00f3n de Sonora, M\u00e9xico y el Mundo de manera oportuna y busca que la libertad de expresi\u00f3n sea real. Visita nuestro medio informativo publicado desde Hermosillo, Sonora. %","breadcrumb":{"@id":"https:\/\/www.sonoraenequipo.com.mx\/presenta-ong-estrategias-para-fortalecer-la-seguridad-publica-en-sonora\/#breadcrumb"},"inLanguage":"es","potentialAction":[{"@type":"ReadAction","target":["https:\/\/www.sonoraenequipo.com.mx\/presenta-ong-estrategias-para-fortalecer-la-seguridad-publica-en-sonora\/"]}]},{"@type":"ImageObject","inLanguage":"es","@id":"https:\/\/www.sonoraenequipo.com.mx\/presenta-ong-estrategias-para-fortalecer-la-seguridad-publica-en-sonora\/#primaryimage","url":"https:\/\/www.sonoraenequipo.com.mx\/storage\/2024\/10\/incide2.jpg","contentUrl":"https:\/\/www.sonoraenequipo.com.mx\/storage\/2024\/10\/incide2.jpg","width":800,"height":258},{"@type":"BreadcrumbList","@id":"https:\/\/www.sonoraenequipo.com.mx\/presenta-ong-estrategias-para-fortalecer-la-seguridad-publica-en-sonora\/#breadcrumb","itemListElement":[{"@type":"ListItem","position":1,"name":"Portada","item":"https:\/\/www.sonoraenequipo.com.mx\/"},{"@type":"ListItem","position":2,"name":"Presenta ONG estrategias para fortalecer la seguridad p\u00fablica en Sonora"}]},{"@type":"WebSite","@id":"https:\/\/www.sonoraenequipo.com.mx\/#website","url":"https:\/\/www.sonoraenequipo.com.mx\/","name":"Sonora en Equipo.","description":"Diario en l\u00ednea con Noticias desde Hermosillo, Sonora","publisher":{"@id":"https:\/\/www.sonoraenequipo.com.mx\/#organization"},"potentialAction":[{"@type":"SearchAction","target":{"@type":"EntryPoint","urlTemplate":"https:\/\/www.sonoraenequipo.com.mx\/?s={search_term_string}"},"query-input":{"@type":"PropertyValueSpecification","valueRequired":true,"valueName":"search_term_string"}}],"inLanguage":"es"},{"@type":"Organization","@id":"https:\/\/www.sonoraenequipo.com.mx\/#organization","name":"Sonoraenequipo.com.mx","url":"https:\/\/www.sonoraenequipo.com.mx\/","logo":{"@type":"ImageObject","inLanguage":"es","@id":"https:\/\/www.sonoraenequipo.com.mx\/#\/schema\/logo\/image\/","url":"https:\/\/www.sonoraenequipo.com.mx\/storage\/2019\/01\/sonoraenequipo_opt.png","contentUrl":"https:\/\/www.sonoraenequipo.com.mx\/storage\/2019\/01\/sonoraenequipo_opt.png","width":375,"height":125,"caption":"Sonoraenequipo.com.mx"},"image":{"@id":"https:\/\/www.sonoraenequipo.com.mx\/#\/schema\/logo\/image\/"},"sameAs":["https:\/\/www.facebook.com\/SonoraEE\/","https:\/\/x.com\/sonoraenequipo","https:\/\/www.youtube.com\/channel\/UC338nW-lPEYmJQs4ZABQ1SQ"]},{"@type":"Person","@id":"https:\/\/www.sonoraenequipo.com.mx\/#\/schema\/person\/50102df0fb23a8fa9e8effad8fa81386","name":"enequipo","image":{"@type":"ImageObject","inLanguage":"es","@id":"https:\/\/www.sonoraenequipo.com.mx\/#\/schema\/person\/image\/","url":"https:\/\/secure.gravatar.com\/avatar\/049821681b589dabc0bc20695993ccebb09f5b5d4d790cd9251b97faac7c652b?s=96&d=blank&r=g","contentUrl":"https:\/\/secure.gravatar.com\/avatar\/049821681b589dabc0bc20695993ccebb09f5b5d4d790cd9251b97faac7c652b?s=96&d=blank&r=g","caption":"enequipo"},"sameAs":["https:\/\/www.facebook.com\/SonoraEE"]}]}},"jetpack_featured_media_url":"","_links":{"self":[{"href":"https:\/\/www.sonoraenequipo.com.mx\/api\/wp\/v2\/posts\/201144","targetHints":{"allow":["GET"]}}],"collection":[{"href":"https:\/\/www.sonoraenequipo.com.mx\/api\/wp\/v2\/posts"}],"about":[{"href":"https:\/\/www.sonoraenequipo.com.mx\/api\/wp\/v2\/types\/post"}],"author":[{"embeddable":true,"href":"https:\/\/www.sonoraenequipo.com.mx\/api\/wp\/v2\/users\/1"}],"replies":[{"embeddable":true,"href":"https:\/\/www.sonoraenequipo.com.mx\/api\/wp\/v2\/comments?post=201144"}],"version-history":[{"count":1,"href":"https:\/\/www.sonoraenequipo.com.mx\/api\/wp\/v2\/posts\/201144\/revisions"}],"predecessor-version":[{"id":201147,"href":"https:\/\/www.sonoraenequipo.com.mx\/api\/wp\/v2\/posts\/201144\/revisions\/201147"}],"wp:attachment":[{"href":"https:\/\/www.sonoraenequipo.com.mx\/api\/wp\/v2\/media?parent=201144"}],"wp:term":[{"taxonomy":"category","embeddable":true,"href":"https:\/\/www.sonoraenequipo.com.mx\/api\/wp\/v2\/categories?post=201144"},{"taxonomy":"post_tag","embeddable":true,"href":"https:\/\/www.sonoraenequipo.com.mx\/api\/wp\/v2\/tags?post=201144"}],"curies":[{"name":"wp","href":"https:\/\/api.w.org\/{rel}","templated":true}]}}