{"id":201151,"date":"2024-10-09T19:52:56","date_gmt":"2024-10-10T02:52:56","guid":{"rendered":"https:\/\/www.sonoraenequipo.com.mx\/?p=201151"},"modified":"2024-10-10T11:35:08","modified_gmt":"2024-10-10T18:35:08","slug":"propone-la-diputada-iris-sanchez-chiu-fortalecer-a-sonora-como-el-corazon-minero-de-mexico","status":"publish","type":"post","link":"https:\/\/www.sonoraenequipo.com.mx\/propone-la-diputada-iris-sanchez-chiu-fortalecer-a-sonora-como-el-corazon-minero-de-mexico\/","title":{"rendered":"Propone la diputada Iris S\u00e1nchez Chiu fortalecer a Sonora como El Coraz\u00f3n Minero de M\u00e9xico"},"content":{"rendered":"<p><b>HERMOSILLO, SONORA. MX.\u2014 <\/b>En el marco de la instalaci\u00f3n de la Comisi\u00f3n de Miner\u00eda en el Senado de la Rep\u00fablica, la diputada Iris S\u00e1nchez Chiu (PRI) propuso en una mesa de di\u00e1logo con el gremio minero de M\u00e9xico y sonorense fortalecer y promover a Sonora como \u201cEl Coraz\u00f3n Minero de M\u00e9xico\u201d, en la b\u00fasqueda de mejores condiciones para la industria minera en la entidad, as\u00ed como la gesti\u00f3n de recursos, as\u00ed como la creaci\u00f3n de la primera Secretar\u00eda de Miner\u00eda.<\/p>\n<p>&nbsp;<\/p>\n<p>&nbsp;<\/p>\n<p>&nbsp;<\/p>\n<p> <\/p>\n<p>La mesa fue convocada en la Ciudad de M\u00e9xico por la senadora Lorenia Valles Sampedro (Morena), presidenta de la Comisi\u00f3n de Miner\u00eda en la c\u00e1mara alta, en donde asistieron representantes mineros del pa\u00eds y del estado. Ah\u00ed, la diputada Iris S\u00e1nchez Chiu expuso la importancia de elevar la Direcci\u00f3n de Miner\u00eda del Gobierno de Sonora, a rango de secretar\u00eda, al ser Sonora el estado m\u00e1s minero del pa\u00eds.<\/p>\n<p>&nbsp;<\/p>\n<p>&nbsp;<\/p>\n<p>&nbsp;<\/p>\n<p>La legisladora pri\u00edsta subray\u00f3 que es necesario trabajar en equipo y sin distinci\u00f3n de ideolog\u00edas pol\u00edticas para brindar herramientas al sector que genera el 21.3 por ciento del Producto Interno Bruto a nuestro estado, seg\u00fan cifras oficiales, que arroja una derrama econ\u00f3mica de m\u00e1s de 170 mil millones de pesos y genera 155 mil empleos; convirti\u00e9ndose as\u00ed en l\u00edder a nivel nacional sobre otros estados mineros con un 33.81 por ciento de la producci\u00f3n total nacional sobre Chihuahua, Durango, Zacatecas y Guerrero.<\/p>\n<p>&nbsp;<\/p>\n<p>&nbsp;<\/p>\n<p>&nbsp;<\/p>\n<p><em><strong>\u201cLa senadora Lorenia Valles y yo somos representantes de grupos parlamentarios diferentes. Yo, en el Congreso de Sonora, y ella, en el Senado de la Rep\u00fablica. Pero las coincidencias deben ser m\u00e1s importantes para encontrar soluciones en cada uno de los espacios que representamos como legisladoras; nos toca un gran camino por recorrer, una gran \u00e1rea de oportunidad para Sonora\u201d,<\/strong><\/em> declar\u00f3.<\/p>\n<p>&nbsp;<\/p>\n<p>&nbsp;<\/p>\n<p>&nbsp;<\/p>\n<p>S\u00e1nchez Chiu indic\u00f3 que se trata de un compromiso social con las familias sonorenses que viven en 28 municipios en donde la miner\u00eda es su principal actividad econ\u00f3mica, con su forma de vida, y toda la infraestructura minera que hace que estos municipios se mantengan con vida.<\/p>\n<p>&nbsp;<\/p>\n<p>&nbsp;<\/p>\n<p>&nbsp;<\/p>\n<p>Asimismo, se refiri\u00f3 a la preocupaci\u00f3n del gremio minero sobre la amenaza que implica la nueva Ley Minera federal, en la que se plantea la posible prohibici\u00f3n de la miner\u00eda a cielo abierto, lo que traer\u00eda consecuencias econ\u00f3micas graves para Sonora, ya que m\u00e1s del 80 por ciento de las minas en la entidad son a cielo abierto, de las cuales se genera m\u00e1s del 89% de la producci\u00f3n del estado.<\/p>\n<p>&nbsp;<\/p>\n<p>&nbsp;<\/p>\n<p>&nbsp;<\/p>\n<p>Tambi\u00e9n enfatiz\u00f3 que la miner\u00eda actual consume s\u00f3lo el 0.3 por ciento del agua disponible en el pa\u00eds y recicla m\u00e1s del 65% del recurso que utiliza en toda su operaci\u00f3n, por lo que es una de las actividades industriales con mayor n\u00famero de certificaciones nacionales e internacionales de cumplimiento ambiental.<\/p>\n<p>&nbsp;<\/p>\n<p>&nbsp;<\/p>\n<p>&nbsp;<\/p>\n<p>Por este motivo, organismos, asociaciones, c\u00e1maras, cl\u00faster, y especialistas en el sector minero han buscado ser escuchados para advertir tal situaci\u00f3n que podr\u00eda colapsar la industria en la entidad y en el pa\u00eds. Ante este escenario, Iris S\u00e1nchez Chiu, en su calidad de presidenta de la Comisi\u00f3n de Miner\u00eda en el Congreso local, sostuvo su compromiso de escuchar todas las voces en busca de acuerdos necesarios para proteger este sector productivo y, adem\u00e1s, promover de la mano del gremio minero la importancia de Sonora como \u201cEl Coraz\u00f3n Minero de M\u00e9xico\u201d.<\/p>\n<p>&nbsp;<\/p>\n<p>&nbsp;<\/p>\n<p>&nbsp;<\/p>\n<p>Por \u00faltimo, atendi\u00f3 otra observaci\u00f3n de integrantes del gremio minero, respecto a que los estudiantes que egresan de las universidades en Sonora con carreras relacionadas con la miner\u00eda no salen con conocimientos suficientes que requiere la industria. Al respecto, se\u00f1al\u00f3 que tambi\u00e9n es necesario adecuar a la realidad planes de estudios de las universidades que preparan el capital humano del principal productor minero del pa\u00eds.<\/p>\n<p>&nbsp;<\/p>\n<p>&nbsp;<\/p>\n<p>&nbsp;<\/p>\n<p>En la mesa de di\u00e1logo presidida por la senadora Lorenia Valles Sampedro, estuvieron representantes de la C\u00e1mara Minera de M\u00e9xico, del Colegio de Ingenieros de Minas Metalurgistas y Ge\u00f3logos de M\u00e9xico, A.C., AIMMGM Sonora, Cl\u00faster Minero de Sonora y Chihuahua, Miner\u00eda Siglo XXI, Mujeres WIM de M\u00e9xico, Asociaci\u00f3n Mineros de Sonora, A.C. Comisi\u00f3n de Desarrollo Comunitario y Derechos Humanos de Grupo M\u00e9xico, entre otros.<\/p>\n<p>&nbsp;<\/p>\n<p>&nbsp;<\/p>\n<p>&nbsp;<\/p>\n<p>PUBLICADO EL 09 DE OCTUBRE DE 2024 Con informaci\u00f3n de CONGRESO DE SONORA)<\/p>\n","protected":false},"excerpt":{"rendered":"<p>HERMOSILLO, SONORA. MX.\u2014 En el marco de la instalaci\u00f3n de la Comisi\u00f3n de Miner\u00eda en&#8230;<\/p>\n","protected":false},"author":1,"featured_media":201159,"comment_status":"open","ping_status":"open","sticky":false,"template":"","format":"standard","meta":{"_monsterinsights_skip_tracking":false,"_monsterinsights_sitenote_active":false,"_monsterinsights_sitenote_note":"","_monsterinsights_sitenote_category":0,"footnotes":""},"categories":[3281],"tags":[],"class_list":["post"],"yoast_head":" \n<title>Sonora en Equipo. Propone la diputada Iris S\u00e1nchez Chiu fortalecer a Sonora como El Coraz\u00f3n Minero de M\u00e9xico Congreso<\/title>\n<meta name=\"description\" content=\"HERMOSILLO, SONORA. MX.\u2014 En el marco de la instalaci\u00f3n de la Comisi\u00f3n de Miner\u00eda en el Senado de la Rep\u00fablica, la diputada Iris S\u00e1nchez Chiu (PRI) propuso En Sonora en Equipo publicamos toda la informaci\u00f3n de Sonora, M\u00e9xico y el Mundo de manera oportuna y busca que la libertad de expresi\u00f3n sea real. Visita nuestro medio informativo publicado desde Hermosillo, Sonora. %\" \/>\n<meta name=\"robots\" content=\"index, follow, max-snippet:-1, max-image-preview:large, max-video-preview:-1\" \/>\n<link rel=\"canonical\" href=\"https:\/\/www.sonoraenequipo.com.mx\/propone-la-diputada-iris-sanchez-chiu-fortalecer-a-sonora-como-el-corazon-minero-de-mexico\/\" \/>\n<meta property=\"og:locale\" content=\"es_ES\" \/>\n<meta property=\"og:type\" content=\"article\" \/>\n<meta property=\"og:title\" content=\"Sonora en Equipo. Propone la diputada Iris S\u00e1nchez Chiu fortalecer a Sonora como El Coraz\u00f3n Minero de M\u00e9xico Congreso\" \/>\n<meta property=\"og:description\" content=\"HERMOSILLO, SONORA. MX.\u2014 En el marco de la instalaci\u00f3n de la Comisi\u00f3n de Miner\u00eda en el Senado de la Rep\u00fablica, la diputada Iris S\u00e1nchez Chiu (PRI) propuso En Sonora en Equipo publicamos toda la informaci\u00f3n de Sonora, M\u00e9xico y el Mundo de manera oportuna y busca que la libertad de expresi\u00f3n sea real. Visita nuestro medio informativo publicado desde Hermosillo, Sonora. %\" \/>\n<meta property=\"og:url\" content=\"https:\/\/www.sonoraenequipo.com.mx\/propone-la-diputada-iris-sanchez-chiu-fortalecer-a-sonora-como-el-corazon-minero-de-mexico\/\" \/>\n<meta property=\"og:site_name\" content=\"Sonora en Equipo.\" \/>\n<meta property=\"article:publisher\" content=\"https:\/\/www.facebook.com\/SonoraEE\/\" \/>\n<meta property=\"article:author\" content=\"https:\/\/www.facebook.com\/SonoraEE\" \/>\n<meta property=\"article:published_time\" content=\"2024-10-10T02:52:56+00:00\" \/>\n<meta property=\"article:modified_time\" content=\"2024-10-10T18:35:08+00:00\" \/>\n<meta property=\"og:image\" content=\"https:\/\/www.sonoraenequipo.com.mx\/storage\/2024\/10\/congresistas-min.jpg\" \/>\n\t<meta property=\"og:image:width\" content=\"900\" \/>\n\t<meta property=\"og:image:height\" content=\"506\" \/>\n\t<meta property=\"og:image:type\" content=\"image\/jpeg\" \/>\n<meta name=\"author\" content=\"enequipo\" \/>\n<meta name=\"twitter:card\" content=\"summary_large_image\" \/>\n<meta name=\"twitter:creator\" content=\"@sonoraenequipo\" \/>\n<meta name=\"twitter:site\" content=\"@sonoraenequipo\" \/>\n<meta name=\"twitter:label1\" content=\"Escrito por\" \/>\n\t<meta name=\"twitter:data1\" content=\"enequipo\" \/>\n\t<meta name=\"twitter:label2\" content=\"Tiempo de lectura\" \/>\n\t<meta name=\"twitter:data2\" content=\"4 minutos\" \/>\n<script type=\"application\/ld+json\" class=\"yoast-schema-graph\">{\"@context\":\"https:\/\/schema.org\",\"@graph\":[{\"@type\":\"Article\",\"@id\":\"https:\/\/www.sonoraenequipo.com.mx\/propone-la-diputada-iris-sanchez-chiu-fortalecer-a-sonora-como-el-corazon-minero-de-mexico\/#article\",\"isPartOf\":{\"@id\":\"https:\/\/www.sonoraenequipo.com.mx\/propone-la-diputada-iris-sanchez-chiu-fortalecer-a-sonora-como-el-corazon-minero-de-mexico\/\"},\"author\":{\"name\":\"enequipo\",\"@id\":\"https:\/\/www.sonoraenequipo.com.mx\/#\/schema\/person\/50102df0fb23a8fa9e8effad8fa81386\"},\"headline\":\"Propone la diputada Iris S\u00e1nchez Chiu fortalecer a Sonora como El Coraz\u00f3n Minero de M\u00e9xico\",\"datePublished\":\"2024-10-10T02:52:56+00:00\",\"dateModified\":\"2024-10-10T18:35:08+00:00\",\"mainEntityOfPage\":{\"@id\":\"https:\/\/www.sonoraenequipo.com.mx\/propone-la-diputada-iris-sanchez-chiu-fortalecer-a-sonora-como-el-corazon-minero-de-mexico\/\"},\"wordCount\":814,\"commentCount\":0,\"publisher\":{\"@id\":\"https:\/\/www.sonoraenequipo.com.mx\/#organization\"},\"image\":{\"@id\":\"https:\/\/www.sonoraenequipo.com.mx\/propone-la-diputada-iris-sanchez-chiu-fortalecer-a-sonora-como-el-corazon-minero-de-mexico\/#primaryimage\"},\"thumbnailUrl\":\"https:\/\/www.sonoraenequipo.com.mx\/storage\/2024\/10\/congresistas-min.jpg\",\"articleSection\":[\"Congreso\"],\"inLanguage\":\"es\",\"potentialAction\":[{\"@type\":\"CommentAction\",\"name\":\"Comment\",\"target\":[\"https:\/\/www.sonoraenequipo.com.mx\/propone-la-diputada-iris-sanchez-chiu-fortalecer-a-sonora-como-el-corazon-minero-de-mexico\/#respond\"]}]},{\"@type\":\"WebPage\",\"@id\":\"https:\/\/www.sonoraenequipo.com.mx\/propone-la-diputada-iris-sanchez-chiu-fortalecer-a-sonora-como-el-corazon-minero-de-mexico\/\",\"url\":\"https:\/\/www.sonoraenequipo.com.mx\/propone-la-diputada-iris-sanchez-chiu-fortalecer-a-sonora-como-el-corazon-minero-de-mexico\/\",\"name\":\"Sonora en Equipo. Propone la diputada Iris S\u00e1nchez Chiu fortalecer a Sonora como El Coraz\u00f3n Minero de M\u00e9xico Congreso\",\"isPartOf\":{\"@id\":\"https:\/\/www.sonoraenequipo.com.mx\/#website\"},\"primaryImageOfPage\":{\"@id\":\"https:\/\/www.sonoraenequipo.com.mx\/propone-la-diputada-iris-sanchez-chiu-fortalecer-a-sonora-como-el-corazon-minero-de-mexico\/#primaryimage\"},\"image\":{\"@id\":\"https:\/\/www.sonoraenequipo.com.mx\/propone-la-diputada-iris-sanchez-chiu-fortalecer-a-sonora-como-el-corazon-minero-de-mexico\/#primaryimage\"},\"thumbnailUrl\":\"https:\/\/www.sonoraenequipo.com.mx\/storage\/2024\/10\/congresistas-min.jpg\",\"datePublished\":\"2024-10-10T02:52:56+00:00\",\"dateModified\":\"2024-10-10T18:35:08+00:00\",\"description\":\"HERMOSILLO, SONORA. MX.\u2014 En el marco de la instalaci\u00f3n de la Comisi\u00f3n de Miner\u00eda en el Senado de la Rep\u00fablica, la diputada Iris S\u00e1nchez Chiu (PRI) propuso En Sonora en Equipo publicamos toda la informaci\u00f3n de Sonora, M\u00e9xico y el Mundo de manera oportuna y busca que la libertad de expresi\u00f3n sea real. Visita nuestro medio informativo publicado desde Hermosillo, Sonora. %\",\"breadcrumb\":{\"@id\":\"https:\/\/www.sonoraenequipo.com.mx\/propone-la-diputada-iris-sanchez-chiu-fortalecer-a-sonora-como-el-corazon-minero-de-mexico\/#breadcrumb\"},\"inLanguage\":\"es\",\"potentialAction\":[{\"@type\":\"ReadAction\",\"target\":[\"https:\/\/www.sonoraenequipo.com.mx\/propone-la-diputada-iris-sanchez-chiu-fortalecer-a-sonora-como-el-corazon-minero-de-mexico\/\"]}]},{\"@type\":\"ImageObject\",\"inLanguage\":\"es\",\"@id\":\"https:\/\/www.sonoraenequipo.com.mx\/propone-la-diputada-iris-sanchez-chiu-fortalecer-a-sonora-como-el-corazon-minero-de-mexico\/#primaryimage\",\"url\":\"https:\/\/www.sonoraenequipo.com.mx\/storage\/2024\/10\/congresistas-min.jpg\",\"contentUrl\":\"https:\/\/www.sonoraenequipo.com.mx\/storage\/2024\/10\/congresistas-min.jpg\",\"width\":900,\"height\":506},{\"@type\":\"BreadcrumbList\",\"@id\":\"https:\/\/www.sonoraenequipo.com.mx\/propone-la-diputada-iris-sanchez-chiu-fortalecer-a-sonora-como-el-corazon-minero-de-mexico\/#breadcrumb\",\"itemListElement\":[{\"@type\":\"ListItem\",\"position\":1,\"name\":\"Portada\",\"item\":\"https:\/\/www.sonoraenequipo.com.mx\/\"},{\"@type\":\"ListItem\",\"position\":2,\"name\":\"Propone la diputada Iris S\u00e1nchez Chiu fortalecer a Sonora como El Coraz\u00f3n Minero de M\u00e9xico\"}]},{\"@type\":\"WebSite\",\"@id\":\"https:\/\/www.sonoraenequipo.com.mx\/#website\",\"url\":\"https:\/\/www.sonoraenequipo.com.mx\/\",\"name\":\"Sonora en Equipo.\",\"description\":\"Diario en l\u00ednea con Noticias desde Hermosillo, Sonora\",\"publisher\":{\"@id\":\"https:\/\/www.sonoraenequipo.com.mx\/#organization\"},\"potentialAction\":[{\"@type\":\"SearchAction\",\"target\":{\"@type\":\"EntryPoint\",\"urlTemplate\":\"https:\/\/www.sonoraenequipo.com.mx\/?s={search_term_string}\"},\"query-input\":{\"@type\":\"PropertyValueSpecification\",\"valueRequired\":true,\"valueName\":\"search_term_string\"}}],\"inLanguage\":\"es\"},{\"@type\":\"Organization\",\"@id\":\"https:\/\/www.sonoraenequipo.com.mx\/#organization\",\"name\":\"Sonoraenequipo.com.mx\",\"url\":\"https:\/\/www.sonoraenequipo.com.mx\/\",\"logo\":{\"@type\":\"ImageObject\",\"inLanguage\":\"es\",\"@id\":\"https:\/\/www.sonoraenequipo.com.mx\/#\/schema\/logo\/image\/\",\"url\":\"https:\/\/www.sonoraenequipo.com.mx\/storage\/2019\/01\/sonoraenequipo_opt.png\",\"contentUrl\":\"https:\/\/www.sonoraenequipo.com.mx\/storage\/2019\/01\/sonoraenequipo_opt.png\",\"width\":375,\"height\":125,\"caption\":\"Sonoraenequipo.com.mx\"},\"image\":{\"@id\":\"https:\/\/www.sonoraenequipo.com.mx\/#\/schema\/logo\/image\/\"},\"sameAs\":[\"https:\/\/www.facebook.com\/SonoraEE\/\",\"https:\/\/x.com\/sonoraenequipo\",\"https:\/\/www.youtube.com\/channel\/UC338nW-lPEYmJQs4ZABQ1SQ\"]},{\"@type\":\"Person\",\"@id\":\"https:\/\/www.sonoraenequipo.com.mx\/#\/schema\/person\/50102df0fb23a8fa9e8effad8fa81386\",\"name\":\"enequipo\",\"image\":{\"@type\":\"ImageObject\",\"inLanguage\":\"es\",\"@id\":\"https:\/\/www.sonoraenequipo.com.mx\/#\/schema\/person\/image\/\",\"url\":\"https:\/\/secure.gravatar.com\/avatar\/049821681b589dabc0bc20695993ccebb09f5b5d4d790cd9251b97faac7c652b?s=96&d=blank&r=g\",\"contentUrl\":\"https:\/\/secure.gravatar.com\/avatar\/049821681b589dabc0bc20695993ccebb09f5b5d4d790cd9251b97faac7c652b?s=96&d=blank&r=g\",\"caption\":\"enequipo\"},\"sameAs\":[\"https:\/\/www.facebook.com\/SonoraEE\"]}]}<\/script>\n ","yoast_head_json":{"title":"Sonora en Equipo. Propone la diputada Iris S\u00e1nchez Chiu fortalecer a Sonora como El Coraz\u00f3n Minero de M\u00e9xico Congreso","description":"HERMOSILLO, SONORA. MX.\u2014 En el marco de la instalaci\u00f3n de la Comisi\u00f3n de Miner\u00eda en el Senado de la Rep\u00fablica, la diputada Iris S\u00e1nchez Chiu (PRI) propuso En Sonora en Equipo publicamos toda la informaci\u00f3n de Sonora, M\u00e9xico y el Mundo de manera oportuna y busca que la libertad de expresi\u00f3n sea real. Visita nuestro medio informativo publicado desde Hermosillo, Sonora. %","robots":{"index":"index","follow":"follow","max-snippet":"max-snippet:-1","max-image-preview":"max-image-preview:large","max-video-preview":"max-video-preview:-1"},"canonical":"https:\/\/www.sonoraenequipo.com.mx\/propone-la-diputada-iris-sanchez-chiu-fortalecer-a-sonora-como-el-corazon-minero-de-mexico\/","og_locale":"es_ES","og_type":"article","og_title":"Sonora en Equipo. Propone la diputada Iris S\u00e1nchez Chiu fortalecer a Sonora como El Coraz\u00f3n Minero de M\u00e9xico Congreso","og_description":"HERMOSILLO, SONORA. MX.\u2014 En el marco de la instalaci\u00f3n de la Comisi\u00f3n de Miner\u00eda en el Senado de la Rep\u00fablica, la diputada Iris S\u00e1nchez Chiu (PRI) propuso En Sonora en Equipo publicamos toda la informaci\u00f3n de Sonora, M\u00e9xico y el Mundo de manera oportuna y busca que la libertad de expresi\u00f3n sea real. Visita nuestro medio informativo publicado desde Hermosillo, Sonora. %","og_url":"https:\/\/www.sonoraenequipo.com.mx\/propone-la-diputada-iris-sanchez-chiu-fortalecer-a-sonora-como-el-corazon-minero-de-mexico\/","og_site_name":"Sonora en Equipo.","article_publisher":"https:\/\/www.facebook.com\/SonoraEE\/","article_author":"https:\/\/www.facebook.com\/SonoraEE","article_published_time":"2024-10-10T02:52:56+00:00","article_modified_time":"2024-10-10T18:35:08+00:00","og_image":[{"width":900,"height":506,"url":"https:\/\/www.sonoraenequipo.com.mx\/storage\/2024\/10\/congresistas-min.jpg","type":"image\/jpeg"}],"author":"enequipo","twitter_card":"summary_large_image","twitter_creator":"@sonoraenequipo","twitter_site":"@sonoraenequipo","twitter_misc":{"Escrito por":"enequipo","Tiempo de lectura":"4 minutos"},"schema":{"@context":"https:\/\/schema.org","@graph":[{"@type":"Article","@id":"https:\/\/www.sonoraenequipo.com.mx\/propone-la-diputada-iris-sanchez-chiu-fortalecer-a-sonora-como-el-corazon-minero-de-mexico\/#article","isPartOf":{"@id":"https:\/\/www.sonoraenequipo.com.mx\/propone-la-diputada-iris-sanchez-chiu-fortalecer-a-sonora-como-el-corazon-minero-de-mexico\/"},"author":{"name":"enequipo","@id":"https:\/\/www.sonoraenequipo.com.mx\/#\/schema\/person\/50102df0fb23a8fa9e8effad8fa81386"},"headline":"Propone la diputada Iris S\u00e1nchez Chiu fortalecer a Sonora como El Coraz\u00f3n Minero de M\u00e9xico","datePublished":"2024-10-10T02:52:56+00:00","dateModified":"2024-10-10T18:35:08+00:00","mainEntityOfPage":{"@id":"https:\/\/www.sonoraenequipo.com.mx\/propone-la-diputada-iris-sanchez-chiu-fortalecer-a-sonora-como-el-corazon-minero-de-mexico\/"},"wordCount":814,"commentCount":0,"publisher":{"@id":"https:\/\/www.sonoraenequipo.com.mx\/#organization"},"image":{"@id":"https:\/\/www.sonoraenequipo.com.mx\/propone-la-diputada-iris-sanchez-chiu-fortalecer-a-sonora-como-el-corazon-minero-de-mexico\/#primaryimage"},"thumbnailUrl":"https:\/\/www.sonoraenequipo.com.mx\/storage\/2024\/10\/congresistas-min.jpg","articleSection":["Congreso"],"inLanguage":"es","potentialAction":[{"@type":"CommentAction","name":"Comment","target":["https:\/\/www.sonoraenequipo.com.mx\/propone-la-diputada-iris-sanchez-chiu-fortalecer-a-sonora-como-el-corazon-minero-de-mexico\/#respond"]}]},{"@type":"WebPage","@id":"https:\/\/www.sonoraenequipo.com.mx\/propone-la-diputada-iris-sanchez-chiu-fortalecer-a-sonora-como-el-corazon-minero-de-mexico\/","url":"https:\/\/www.sonoraenequipo.com.mx\/propone-la-diputada-iris-sanchez-chiu-fortalecer-a-sonora-como-el-corazon-minero-de-mexico\/","name":"Sonora en Equipo. Propone la diputada Iris S\u00e1nchez Chiu fortalecer a Sonora como El Coraz\u00f3n Minero de M\u00e9xico Congreso","isPartOf":{"@id":"https:\/\/www.sonoraenequipo.com.mx\/#website"},"primaryImageOfPage":{"@id":"https:\/\/www.sonoraenequipo.com.mx\/propone-la-diputada-iris-sanchez-chiu-fortalecer-a-sonora-como-el-corazon-minero-de-mexico\/#primaryimage"},"image":{"@id":"https:\/\/www.sonoraenequipo.com.mx\/propone-la-diputada-iris-sanchez-chiu-fortalecer-a-sonora-como-el-corazon-minero-de-mexico\/#primaryimage"},"thumbnailUrl":"https:\/\/www.sonoraenequipo.com.mx\/storage\/2024\/10\/congresistas-min.jpg","datePublished":"2024-10-10T02:52:56+00:00","dateModified":"2024-10-10T18:35:08+00:00","description":"HERMOSILLO, SONORA. MX.\u2014 En el marco de la instalaci\u00f3n de la Comisi\u00f3n de Miner\u00eda en el Senado de la Rep\u00fablica, la diputada Iris S\u00e1nchez Chiu (PRI) propuso En Sonora en Equipo publicamos toda la informaci\u00f3n de Sonora, M\u00e9xico y el Mundo de manera oportuna y busca que la libertad de expresi\u00f3n sea real. Visita nuestro medio informativo publicado desde Hermosillo, Sonora. %","breadcrumb":{"@id":"https:\/\/www.sonoraenequipo.com.mx\/propone-la-diputada-iris-sanchez-chiu-fortalecer-a-sonora-como-el-corazon-minero-de-mexico\/#breadcrumb"},"inLanguage":"es","potentialAction":[{"@type":"ReadAction","target":["https:\/\/www.sonoraenequipo.com.mx\/propone-la-diputada-iris-sanchez-chiu-fortalecer-a-sonora-como-el-corazon-minero-de-mexico\/"]}]},{"@type":"ImageObject","inLanguage":"es","@id":"https:\/\/www.sonoraenequipo.com.mx\/propone-la-diputada-iris-sanchez-chiu-fortalecer-a-sonora-como-el-corazon-minero-de-mexico\/#primaryimage","url":"https:\/\/www.sonoraenequipo.com.mx\/storage\/2024\/10\/congresistas-min.jpg","contentUrl":"https:\/\/www.sonoraenequipo.com.mx\/storage\/2024\/10\/congresistas-min.jpg","width":900,"height":506},{"@type":"BreadcrumbList","@id":"https:\/\/www.sonoraenequipo.com.mx\/propone-la-diputada-iris-sanchez-chiu-fortalecer-a-sonora-como-el-corazon-minero-de-mexico\/#breadcrumb","itemListElement":[{"@type":"ListItem","position":1,"name":"Portada","item":"https:\/\/www.sonoraenequipo.com.mx\/"},{"@type":"ListItem","position":2,"name":"Propone la diputada Iris S\u00e1nchez Chiu fortalecer a Sonora como El Coraz\u00f3n Minero de M\u00e9xico"}]},{"@type":"WebSite","@id":"https:\/\/www.sonoraenequipo.com.mx\/#website","url":"https:\/\/www.sonoraenequipo.com.mx\/","name":"Sonora en Equipo.","description":"Diario en l\u00ednea con Noticias desde Hermosillo, Sonora","publisher":{"@id":"https:\/\/www.sonoraenequipo.com.mx\/#organization"},"potentialAction":[{"@type":"SearchAction","target":{"@type":"EntryPoint","urlTemplate":"https:\/\/www.sonoraenequipo.com.mx\/?s={search_term_string}"},"query-input":{"@type":"PropertyValueSpecification","valueRequired":true,"valueName":"search_term_string"}}],"inLanguage":"es"},{"@type":"Organization","@id":"https:\/\/www.sonoraenequipo.com.mx\/#organization","name":"Sonoraenequipo.com.mx","url":"https:\/\/www.sonoraenequipo.com.mx\/","logo":{"@type":"ImageObject","inLanguage":"es","@id":"https:\/\/www.sonoraenequipo.com.mx\/#\/schema\/logo\/image\/","url":"https:\/\/www.sonoraenequipo.com.mx\/storage\/2019\/01\/sonoraenequipo_opt.png","contentUrl":"https:\/\/www.sonoraenequipo.com.mx\/storage\/2019\/01\/sonoraenequipo_opt.png","width":375,"height":125,"caption":"Sonoraenequipo.com.mx"},"image":{"@id":"https:\/\/www.sonoraenequipo.com.mx\/#\/schema\/logo\/image\/"},"sameAs":["https:\/\/www.facebook.com\/SonoraEE\/","https:\/\/x.com\/sonoraenequipo","https:\/\/www.youtube.com\/channel\/UC338nW-lPEYmJQs4ZABQ1SQ"]},{"@type":"Person","@id":"https:\/\/www.sonoraenequipo.com.mx\/#\/schema\/person\/50102df0fb23a8fa9e8effad8fa81386","name":"enequipo","image":{"@type":"ImageObject","inLanguage":"es","@id":"https:\/\/www.sonoraenequipo.com.mx\/#\/schema\/person\/image\/","url":"https:\/\/secure.gravatar.com\/avatar\/049821681b589dabc0bc20695993ccebb09f5b5d4d790cd9251b97faac7c652b?s=96&d=blank&r=g","contentUrl":"https:\/\/secure.gravatar.com\/avatar\/049821681b589dabc0bc20695993ccebb09f5b5d4d790cd9251b97faac7c652b?s=96&d=blank&r=g","caption":"enequipo"},"sameAs":["https:\/\/www.facebook.com\/SonoraEE"]}]}},"jetpack_featured_media_url":"https:\/\/www.sonoraenequipo.com.mx\/storage\/2024\/10\/congresistas-min.jpg","_links":{"self":[{"href":"https:\/\/www.sonoraenequipo.com.mx\/api\/wp\/v2\/posts\/201151","targetHints":{"allow":["GET"]}}],"collection":[{"href":"https:\/\/www.sonoraenequipo.com.mx\/api\/wp\/v2\/posts"}],"about":[{"href":"https:\/\/www.sonoraenequipo.com.mx\/api\/wp\/v2\/types\/post"}],"author":[{"embeddable":true,"href":"https:\/\/www.sonoraenequipo.com.mx\/api\/wp\/v2\/users\/1"}],"replies":[{"embeddable":true,"href":"https:\/\/www.sonoraenequipo.com.mx\/api\/wp\/v2\/comments?post=201151"}],"version-history":[{"count":1,"href":"https:\/\/www.sonoraenequipo.com.mx\/api\/wp\/v2\/posts\/201151\/revisions"}],"predecessor-version":[{"id":201160,"href":"https:\/\/www.sonoraenequipo.com.mx\/api\/wp\/v2\/posts\/201151\/revisions\/201160"}],"wp:featuredmedia":[{"embeddable":true,"href":"https:\/\/www.sonoraenequipo.com.mx\/api\/wp\/v2\/media\/201159"}],"wp:attachment":[{"href":"https:\/\/www.sonoraenequipo.com.mx\/api\/wp\/v2\/media?parent=201151"}],"wp:term":[{"taxonomy":"category","embeddable":true,"href":"https:\/\/www.sonoraenequipo.com.mx\/api\/wp\/v2\/categories?post=201151"},{"taxonomy":"post_tag","embeddable":true,"href":"https:\/\/www.sonoraenequipo.com.mx\/api\/wp\/v2\/tags?post=201151"}],"curies":[{"name":"wp","href":"https:\/\/api.w.org\/{rel}","templated":true}]}}