{"id":201173,"date":"2024-10-10T15:12:47","date_gmt":"2024-10-10T22:12:47","guid":{"rendered":"https:\/\/www.sonoraenequipo.com.mx\/?p=201173"},"modified":"2024-10-10T15:12:47","modified_gmt":"2024-10-10T22:12:47","slug":"mexico-entre-los-peores-paises-en-derechos-de-los-trabajadores","status":"publish","type":"post","link":"https:\/\/www.sonoraenequipo.com.mx\/mexico-entre-los-peores-paises-en-derechos-de-los-trabajadores\/","title":{"rendered":"M\u00e9xico entre los peores pa\u00edses en derechos de los trabajadores"},"content":{"rendered":"<p><strong>CIUDAD DE M\u00c9XICO.<\/strong><strong> \u0336 \u0336\u00a0 <\/strong>De acuerdo con el \u00cdndice Global de los derechos de los trabajadores de la Confederaci\u00f3n Sindical Internacional (CSI), M\u00e9xico se coloca en el nivel cuatro (de cinco) en la clasificaci\u00f3n de pa\u00edses que violan los derechos de los trabajadores.<\/p>\n<p>&nbsp;<\/p>\n<p>De acuerdo con el reporte, el pa\u00eds presenta un retroceso en comparaci\u00f3n con el 2023, cuando se colocaba en el nivel n\u00famero tres.<\/p>\n<p>&nbsp;<\/p>\n<p>\u00bfCu\u00e1l es el margen de clasificaci\u00f3n?<\/p>\n<p>(1) Violaciones espor\u00e1dicas: En su mayor\u00eda se garantizan los derechos de los trabajadores; pueden sindicalizarse libremente y defender sus derechos ante el Gobierno y\/o las empresas.<\/p>\n<p>&nbsp;<\/p>\n<p>(2) Violaciones repetidas: Los derechos son m\u00e1s susceptibles de ser violentados. Algunos son objeto de ataque y se presenta ligera represi\u00f3n ante la lucha para conseguir mejores condiciones.<\/p>\n<p>&nbsp;<\/p>\n<p>(3) Violaciones regulares: Los empleadores ejercen violencia infiriendo en los derechos de los trabajadores. Existen deficiencias en las leyes que garantizan el cumplimiento de los mismos.<\/p>\n<p>&nbsp;<\/p>\n<p>(4) Violaciones Sistem\u00e1ticas: Los trabajadores son acallados por las empresas y Gobierno que exigen mejoras en sus condiciones laborales, poniendo en riesgo sus derechos e incluso su vida.<\/p>\n<p>&nbsp;<\/p>\n<p>(5) Derechos no garantizados: Son los peores pa\u00edses para trabajar. Aunque existen derechos establecidos en las leyes locales, no hay garant\u00eda para ellos. Generalmente expuesto a reg\u00edmenes autoritarios y explotaci\u00f3n laboral.<\/p>\n<p>&nbsp;<\/p>\n<p>(5+) Derechos no garantizados: La situaci\u00f3n sobre los derechos es similar al nivel 5; sin embargo, se relaciona con conflictos de Estado.<\/p>\n<p><strong>Fecha de publicaci\u00f3n jueves 10 de octubre de 2024\/<\/strong>\u00a0 \u00a0\u00a0Polls.Mx<\/p>\n","protected":false},"excerpt":{"rendered":"<p>CIUDAD DE M\u00c9XICO. \u0336 \u0336\u00a0 De acuerdo con el \u00cdndice Global de los derechos de&#8230;<\/p>\n","protected":false},"author":1,"featured_media":198338,"comment_status":"open","ping_status":"open","sticky":false,"template":"","format":"standard","meta":{"_monsterinsights_skip_tracking":false,"_monsterinsights_sitenote_active":false,"_monsterinsights_sitenote_note":"","_monsterinsights_sitenote_category":0,"footnotes":""},"categories":[6493],"tags":[96],"class_list":["post"],"yoast_head":" \n<title>Sonora en Equipo. M\u00e9xico entre los peores pa\u00edses en derechos de los trabajadores PALABRAS Y N\u00daMEROS<\/title>\n<meta name=\"description\" content=\"CIUDAD DE M\u00c9XICO. \u0336 \u0336\u00a0 De acuerdo con el \u00cdndice Global de los derechos de los trabajadores de la Confederaci\u00f3n Sindical Internacional (CSI), M\u00e9xico se En Sonora en Equipo publicamos toda la informaci\u00f3n de Sonora, M\u00e9xico y el Mundo de manera oportuna y busca que la libertad de expresi\u00f3n sea real. Visita nuestro medio informativo publicado desde Hermosillo, Sonora. %\" \/>\n<meta name=\"robots\" content=\"index, follow, max-snippet:-1, max-image-preview:large, max-video-preview:-1\" \/>\n<link rel=\"canonical\" href=\"https:\/\/www.sonoraenequipo.com.mx\/mexico-entre-los-peores-paises-en-derechos-de-los-trabajadores\/\" \/>\n<meta property=\"og:locale\" content=\"es_ES\" \/>\n<meta property=\"og:type\" content=\"article\" \/>\n<meta property=\"og:title\" content=\"Sonora en Equipo. M\u00e9xico entre los peores pa\u00edses en derechos de los trabajadores PALABRAS Y N\u00daMEROS\" \/>\n<meta property=\"og:description\" content=\"CIUDAD DE M\u00c9XICO. \u0336 \u0336\u00a0 De acuerdo con el \u00cdndice Global de los derechos de los trabajadores de la Confederaci\u00f3n Sindical Internacional (CSI), M\u00e9xico se En Sonora en Equipo publicamos toda la informaci\u00f3n de Sonora, M\u00e9xico y el Mundo de manera oportuna y busca que la libertad de expresi\u00f3n sea real. Visita nuestro medio informativo publicado desde Hermosillo, Sonora. %\" \/>\n<meta property=\"og:url\" content=\"https:\/\/www.sonoraenequipo.com.mx\/mexico-entre-los-peores-paises-en-derechos-de-los-trabajadores\/\" \/>\n<meta property=\"og:site_name\" content=\"Sonora en Equipo.\" \/>\n<meta property=\"article:publisher\" content=\"https:\/\/www.facebook.com\/SonoraEE\/\" \/>\n<meta property=\"article:author\" content=\"https:\/\/www.facebook.com\/SonoraEE\" \/>\n<meta property=\"article:published_time\" content=\"2024-10-10T22:12:47+00:00\" \/>\n<meta property=\"og:image\" content=\"https:\/\/www.sonoraenequipo.com.mx\/storage\/2024\/09\/trabajadores-poder-judicial.jpg\" \/>\n\t<meta property=\"og:image:width\" content=\"800\" \/>\n\t<meta property=\"og:image:height\" content=\"450\" \/>\n\t<meta property=\"og:image:type\" content=\"image\/jpeg\" \/>\n<meta name=\"author\" content=\"enequipo\" \/>\n<meta name=\"twitter:card\" content=\"summary_large_image\" \/>\n<meta name=\"twitter:creator\" content=\"@sonoraenequipo\" \/>\n<meta name=\"twitter:site\" content=\"@sonoraenequipo\" \/>\n<meta name=\"twitter:label1\" content=\"Escrito por\" \/>\n\t<meta name=\"twitter:data1\" content=\"enequipo\" \/>\n\t<meta name=\"twitter:label2\" content=\"Tiempo de lectura\" \/>\n\t<meta name=\"twitter:data2\" content=\"1 minuto\" \/>\n<script type=\"application\/ld+json\" class=\"yoast-schema-graph\">{\"@context\":\"https:\/\/schema.org\",\"@graph\":[{\"@type\":\"Article\",\"@id\":\"https:\/\/www.sonoraenequipo.com.mx\/mexico-entre-los-peores-paises-en-derechos-de-los-trabajadores\/#article\",\"isPartOf\":{\"@id\":\"https:\/\/www.sonoraenequipo.com.mx\/mexico-entre-los-peores-paises-en-derechos-de-los-trabajadores\/\"},\"author\":{\"name\":\"enequipo\",\"@id\":\"https:\/\/www.sonoraenequipo.com.mx\/#\/schema\/person\/50102df0fb23a8fa9e8effad8fa81386\"},\"headline\":\"M\u00e9xico entre los peores pa\u00edses en derechos de los trabajadores\",\"datePublished\":\"2024-10-10T22:12:47+00:00\",\"mainEntityOfPage\":{\"@id\":\"https:\/\/www.sonoraenequipo.com.mx\/mexico-entre-los-peores-paises-en-derechos-de-los-trabajadores\/\"},\"wordCount\":274,\"commentCount\":0,\"publisher\":{\"@id\":\"https:\/\/www.sonoraenequipo.com.mx\/#organization\"},\"image\":{\"@id\":\"https:\/\/www.sonoraenequipo.com.mx\/mexico-entre-los-peores-paises-en-derechos-de-los-trabajadores\/#primaryimage\"},\"thumbnailUrl\":\"https:\/\/www.sonoraenequipo.com.mx\/storage\/2024\/09\/trabajadores-poder-judicial.jpg\",\"keywords\":[\"trabajadores\"],\"articleSection\":[\"PALABRAS Y N\u00daMEROS\"],\"inLanguage\":\"es\",\"potentialAction\":[{\"@type\":\"CommentAction\",\"name\":\"Comment\",\"target\":[\"https:\/\/www.sonoraenequipo.com.mx\/mexico-entre-los-peores-paises-en-derechos-de-los-trabajadores\/#respond\"]}]},{\"@type\":\"WebPage\",\"@id\":\"https:\/\/www.sonoraenequipo.com.mx\/mexico-entre-los-peores-paises-en-derechos-de-los-trabajadores\/\",\"url\":\"https:\/\/www.sonoraenequipo.com.mx\/mexico-entre-los-peores-paises-en-derechos-de-los-trabajadores\/\",\"name\":\"Sonora en Equipo. M\u00e9xico entre los peores pa\u00edses en derechos de los trabajadores PALABRAS Y N\u00daMEROS\",\"isPartOf\":{\"@id\":\"https:\/\/www.sonoraenequipo.com.mx\/#website\"},\"primaryImageOfPage\":{\"@id\":\"https:\/\/www.sonoraenequipo.com.mx\/mexico-entre-los-peores-paises-en-derechos-de-los-trabajadores\/#primaryimage\"},\"image\":{\"@id\":\"https:\/\/www.sonoraenequipo.com.mx\/mexico-entre-los-peores-paises-en-derechos-de-los-trabajadores\/#primaryimage\"},\"thumbnailUrl\":\"https:\/\/www.sonoraenequipo.com.mx\/storage\/2024\/09\/trabajadores-poder-judicial.jpg\",\"datePublished\":\"2024-10-10T22:12:47+00:00\",\"description\":\"CIUDAD DE M\u00c9XICO. \u0336 \u0336\u00a0 De acuerdo con el \u00cdndice Global de los derechos de los trabajadores de la Confederaci\u00f3n Sindical Internacional (CSI), M\u00e9xico se En Sonora en Equipo publicamos toda la informaci\u00f3n de Sonora, M\u00e9xico y el Mundo de manera oportuna y busca que la libertad de expresi\u00f3n sea real. Visita nuestro medio informativo publicado desde Hermosillo, Sonora. %\",\"breadcrumb\":{\"@id\":\"https:\/\/www.sonoraenequipo.com.mx\/mexico-entre-los-peores-paises-en-derechos-de-los-trabajadores\/#breadcrumb\"},\"inLanguage\":\"es\",\"potentialAction\":[{\"@type\":\"ReadAction\",\"target\":[\"https:\/\/www.sonoraenequipo.com.mx\/mexico-entre-los-peores-paises-en-derechos-de-los-trabajadores\/\"]}]},{\"@type\":\"ImageObject\",\"inLanguage\":\"es\",\"@id\":\"https:\/\/www.sonoraenequipo.com.mx\/mexico-entre-los-peores-paises-en-derechos-de-los-trabajadores\/#primaryimage\",\"url\":\"https:\/\/www.sonoraenequipo.com.mx\/storage\/2024\/09\/trabajadores-poder-judicial.jpg\",\"contentUrl\":\"https:\/\/www.sonoraenequipo.com.mx\/storage\/2024\/09\/trabajadores-poder-judicial.jpg\",\"width\":800,\"height\":450,\"caption\":\"Foto: Cuarto Oscuro\"},{\"@type\":\"BreadcrumbList\",\"@id\":\"https:\/\/www.sonoraenequipo.com.mx\/mexico-entre-los-peores-paises-en-derechos-de-los-trabajadores\/#breadcrumb\",\"itemListElement\":[{\"@type\":\"ListItem\",\"position\":1,\"name\":\"Portada\",\"item\":\"https:\/\/www.sonoraenequipo.com.mx\/\"},{\"@type\":\"ListItem\",\"position\":2,\"name\":\"M\u00e9xico entre los peores pa\u00edses en derechos de los trabajadores\"}]},{\"@type\":\"WebSite\",\"@id\":\"https:\/\/www.sonoraenequipo.com.mx\/#website\",\"url\":\"https:\/\/www.sonoraenequipo.com.mx\/\",\"name\":\"Sonora en Equipo.\",\"description\":\"Diario en l\u00ednea con Noticias desde Hermosillo, Sonora\",\"publisher\":{\"@id\":\"https:\/\/www.sonoraenequipo.com.mx\/#organization\"},\"potentialAction\":[{\"@type\":\"SearchAction\",\"target\":{\"@type\":\"EntryPoint\",\"urlTemplate\":\"https:\/\/www.sonoraenequipo.com.mx\/?s={search_term_string}\"},\"query-input\":{\"@type\":\"PropertyValueSpecification\",\"valueRequired\":true,\"valueName\":\"search_term_string\"}}],\"inLanguage\":\"es\"},{\"@type\":\"Organization\",\"@id\":\"https:\/\/www.sonoraenequipo.com.mx\/#organization\",\"name\":\"Sonoraenequipo.com.mx\",\"url\":\"https:\/\/www.sonoraenequipo.com.mx\/\",\"logo\":{\"@type\":\"ImageObject\",\"inLanguage\":\"es\",\"@id\":\"https:\/\/www.sonoraenequipo.com.mx\/#\/schema\/logo\/image\/\",\"url\":\"https:\/\/www.sonoraenequipo.com.mx\/storage\/2019\/01\/sonoraenequipo_opt.png\",\"contentUrl\":\"https:\/\/www.sonoraenequipo.com.mx\/storage\/2019\/01\/sonoraenequipo_opt.png\",\"width\":375,\"height\":125,\"caption\":\"Sonoraenequipo.com.mx\"},\"image\":{\"@id\":\"https:\/\/www.sonoraenequipo.com.mx\/#\/schema\/logo\/image\/\"},\"sameAs\":[\"https:\/\/www.facebook.com\/SonoraEE\/\",\"https:\/\/x.com\/sonoraenequipo\",\"https:\/\/www.youtube.com\/channel\/UC338nW-lPEYmJQs4ZABQ1SQ\"]},{\"@type\":\"Person\",\"@id\":\"https:\/\/www.sonoraenequipo.com.mx\/#\/schema\/person\/50102df0fb23a8fa9e8effad8fa81386\",\"name\":\"enequipo\",\"image\":{\"@type\":\"ImageObject\",\"inLanguage\":\"es\",\"@id\":\"https:\/\/www.sonoraenequipo.com.mx\/#\/schema\/person\/image\/\",\"url\":\"https:\/\/secure.gravatar.com\/avatar\/049821681b589dabc0bc20695993ccebb09f5b5d4d790cd9251b97faac7c652b?s=96&d=blank&r=g\",\"contentUrl\":\"https:\/\/secure.gravatar.com\/avatar\/049821681b589dabc0bc20695993ccebb09f5b5d4d790cd9251b97faac7c652b?s=96&d=blank&r=g\",\"caption\":\"enequipo\"},\"sameAs\":[\"https:\/\/www.facebook.com\/SonoraEE\"]}]}<\/script>\n ","yoast_head_json":{"title":"Sonora en Equipo. M\u00e9xico entre los peores pa\u00edses en derechos de los trabajadores PALABRAS Y N\u00daMEROS","description":"CIUDAD DE M\u00c9XICO. \u0336 \u0336\u00a0 De acuerdo con el \u00cdndice Global de los derechos de los trabajadores de la Confederaci\u00f3n Sindical Internacional (CSI), M\u00e9xico se En Sonora en Equipo publicamos toda la informaci\u00f3n de Sonora, M\u00e9xico y el Mundo de manera oportuna y busca que la libertad de expresi\u00f3n sea real. Visita nuestro medio informativo publicado desde Hermosillo, Sonora. %","robots":{"index":"index","follow":"follow","max-snippet":"max-snippet:-1","max-image-preview":"max-image-preview:large","max-video-preview":"max-video-preview:-1"},"canonical":"https:\/\/www.sonoraenequipo.com.mx\/mexico-entre-los-peores-paises-en-derechos-de-los-trabajadores\/","og_locale":"es_ES","og_type":"article","og_title":"Sonora en Equipo. M\u00e9xico entre los peores pa\u00edses en derechos de los trabajadores PALABRAS Y N\u00daMEROS","og_description":"CIUDAD DE M\u00c9XICO. \u0336 \u0336\u00a0 De acuerdo con el \u00cdndice Global de los derechos de los trabajadores de la Confederaci\u00f3n Sindical Internacional (CSI), M\u00e9xico se En Sonora en Equipo publicamos toda la informaci\u00f3n de Sonora, M\u00e9xico y el Mundo de manera oportuna y busca que la libertad de expresi\u00f3n sea real. Visita nuestro medio informativo publicado desde Hermosillo, Sonora. %","og_url":"https:\/\/www.sonoraenequipo.com.mx\/mexico-entre-los-peores-paises-en-derechos-de-los-trabajadores\/","og_site_name":"Sonora en Equipo.","article_publisher":"https:\/\/www.facebook.com\/SonoraEE\/","article_author":"https:\/\/www.facebook.com\/SonoraEE","article_published_time":"2024-10-10T22:12:47+00:00","og_image":[{"width":800,"height":450,"url":"https:\/\/www.sonoraenequipo.com.mx\/storage\/2024\/09\/trabajadores-poder-judicial.jpg","type":"image\/jpeg"}],"author":"enequipo","twitter_card":"summary_large_image","twitter_creator":"@sonoraenequipo","twitter_site":"@sonoraenequipo","twitter_misc":{"Escrito por":"enequipo","Tiempo de lectura":"1 minuto"},"schema":{"@context":"https:\/\/schema.org","@graph":[{"@type":"Article","@id":"https:\/\/www.sonoraenequipo.com.mx\/mexico-entre-los-peores-paises-en-derechos-de-los-trabajadores\/#article","isPartOf":{"@id":"https:\/\/www.sonoraenequipo.com.mx\/mexico-entre-los-peores-paises-en-derechos-de-los-trabajadores\/"},"author":{"name":"enequipo","@id":"https:\/\/www.sonoraenequipo.com.mx\/#\/schema\/person\/50102df0fb23a8fa9e8effad8fa81386"},"headline":"M\u00e9xico entre los peores pa\u00edses en derechos de los trabajadores","datePublished":"2024-10-10T22:12:47+00:00","mainEntityOfPage":{"@id":"https:\/\/www.sonoraenequipo.com.mx\/mexico-entre-los-peores-paises-en-derechos-de-los-trabajadores\/"},"wordCount":274,"commentCount":0,"publisher":{"@id":"https:\/\/www.sonoraenequipo.com.mx\/#organization"},"image":{"@id":"https:\/\/www.sonoraenequipo.com.mx\/mexico-entre-los-peores-paises-en-derechos-de-los-trabajadores\/#primaryimage"},"thumbnailUrl":"https:\/\/www.sonoraenequipo.com.mx\/storage\/2024\/09\/trabajadores-poder-judicial.jpg","keywords":["trabajadores"],"articleSection":["PALABRAS Y N\u00daMEROS"],"inLanguage":"es","potentialAction":[{"@type":"CommentAction","name":"Comment","target":["https:\/\/www.sonoraenequipo.com.mx\/mexico-entre-los-peores-paises-en-derechos-de-los-trabajadores\/#respond"]}]},{"@type":"WebPage","@id":"https:\/\/www.sonoraenequipo.com.mx\/mexico-entre-los-peores-paises-en-derechos-de-los-trabajadores\/","url":"https:\/\/www.sonoraenequipo.com.mx\/mexico-entre-los-peores-paises-en-derechos-de-los-trabajadores\/","name":"Sonora en Equipo. M\u00e9xico entre los peores pa\u00edses en derechos de los trabajadores PALABRAS Y N\u00daMEROS","isPartOf":{"@id":"https:\/\/www.sonoraenequipo.com.mx\/#website"},"primaryImageOfPage":{"@id":"https:\/\/www.sonoraenequipo.com.mx\/mexico-entre-los-peores-paises-en-derechos-de-los-trabajadores\/#primaryimage"},"image":{"@id":"https:\/\/www.sonoraenequipo.com.mx\/mexico-entre-los-peores-paises-en-derechos-de-los-trabajadores\/#primaryimage"},"thumbnailUrl":"https:\/\/www.sonoraenequipo.com.mx\/storage\/2024\/09\/trabajadores-poder-judicial.jpg","datePublished":"2024-10-10T22:12:47+00:00","description":"CIUDAD DE M\u00c9XICO. \u0336 \u0336\u00a0 De acuerdo con el \u00cdndice Global de los derechos de los trabajadores de la Confederaci\u00f3n Sindical Internacional (CSI), M\u00e9xico se En Sonora en Equipo publicamos toda la informaci\u00f3n de Sonora, M\u00e9xico y el Mundo de manera oportuna y busca que la libertad de expresi\u00f3n sea real. Visita nuestro medio informativo publicado desde Hermosillo, Sonora. %","breadcrumb":{"@id":"https:\/\/www.sonoraenequipo.com.mx\/mexico-entre-los-peores-paises-en-derechos-de-los-trabajadores\/#breadcrumb"},"inLanguage":"es","potentialAction":[{"@type":"ReadAction","target":["https:\/\/www.sonoraenequipo.com.mx\/mexico-entre-los-peores-paises-en-derechos-de-los-trabajadores\/"]}]},{"@type":"ImageObject","inLanguage":"es","@id":"https:\/\/www.sonoraenequipo.com.mx\/mexico-entre-los-peores-paises-en-derechos-de-los-trabajadores\/#primaryimage","url":"https:\/\/www.sonoraenequipo.com.mx\/storage\/2024\/09\/trabajadores-poder-judicial.jpg","contentUrl":"https:\/\/www.sonoraenequipo.com.mx\/storage\/2024\/09\/trabajadores-poder-judicial.jpg","width":800,"height":450,"caption":"Foto: Cuarto Oscuro"},{"@type":"BreadcrumbList","@id":"https:\/\/www.sonoraenequipo.com.mx\/mexico-entre-los-peores-paises-en-derechos-de-los-trabajadores\/#breadcrumb","itemListElement":[{"@type":"ListItem","position":1,"name":"Portada","item":"https:\/\/www.sonoraenequipo.com.mx\/"},{"@type":"ListItem","position":2,"name":"M\u00e9xico entre los peores pa\u00edses en derechos de los trabajadores"}]},{"@type":"WebSite","@id":"https:\/\/www.sonoraenequipo.com.mx\/#website","url":"https:\/\/www.sonoraenequipo.com.mx\/","name":"Sonora en Equipo.","description":"Diario en l\u00ednea con Noticias desde Hermosillo, Sonora","publisher":{"@id":"https:\/\/www.sonoraenequipo.com.mx\/#organization"},"potentialAction":[{"@type":"SearchAction","target":{"@type":"EntryPoint","urlTemplate":"https:\/\/www.sonoraenequipo.com.mx\/?s={search_term_string}"},"query-input":{"@type":"PropertyValueSpecification","valueRequired":true,"valueName":"search_term_string"}}],"inLanguage":"es"},{"@type":"Organization","@id":"https:\/\/www.sonoraenequipo.com.mx\/#organization","name":"Sonoraenequipo.com.mx","url":"https:\/\/www.sonoraenequipo.com.mx\/","logo":{"@type":"ImageObject","inLanguage":"es","@id":"https:\/\/www.sonoraenequipo.com.mx\/#\/schema\/logo\/image\/","url":"https:\/\/www.sonoraenequipo.com.mx\/storage\/2019\/01\/sonoraenequipo_opt.png","contentUrl":"https:\/\/www.sonoraenequipo.com.mx\/storage\/2019\/01\/sonoraenequipo_opt.png","width":375,"height":125,"caption":"Sonoraenequipo.com.mx"},"image":{"@id":"https:\/\/www.sonoraenequipo.com.mx\/#\/schema\/logo\/image\/"},"sameAs":["https:\/\/www.facebook.com\/SonoraEE\/","https:\/\/x.com\/sonoraenequipo","https:\/\/www.youtube.com\/channel\/UC338nW-lPEYmJQs4ZABQ1SQ"]},{"@type":"Person","@id":"https:\/\/www.sonoraenequipo.com.mx\/#\/schema\/person\/50102df0fb23a8fa9e8effad8fa81386","name":"enequipo","image":{"@type":"ImageObject","inLanguage":"es","@id":"https:\/\/www.sonoraenequipo.com.mx\/#\/schema\/person\/image\/","url":"https:\/\/secure.gravatar.com\/avatar\/049821681b589dabc0bc20695993ccebb09f5b5d4d790cd9251b97faac7c652b?s=96&d=blank&r=g","contentUrl":"https:\/\/secure.gravatar.com\/avatar\/049821681b589dabc0bc20695993ccebb09f5b5d4d790cd9251b97faac7c652b?s=96&d=blank&r=g","caption":"enequipo"},"sameAs":["https:\/\/www.facebook.com\/SonoraEE"]}]}},"jetpack_featured_media_url":"https:\/\/www.sonoraenequipo.com.mx\/storage\/2024\/09\/trabajadores-poder-judicial.jpg","_links":{"self":[{"href":"https:\/\/www.sonoraenequipo.com.mx\/api\/wp\/v2\/posts\/201173","targetHints":{"allow":["GET"]}}],"collection":[{"href":"https:\/\/www.sonoraenequipo.com.mx\/api\/wp\/v2\/posts"}],"about":[{"href":"https:\/\/www.sonoraenequipo.com.mx\/api\/wp\/v2\/types\/post"}],"author":[{"embeddable":true,"href":"https:\/\/www.sonoraenequipo.com.mx\/api\/wp\/v2\/users\/1"}],"replies":[{"embeddable":true,"href":"https:\/\/www.sonoraenequipo.com.mx\/api\/wp\/v2\/comments?post=201173"}],"version-history":[{"count":1,"href":"https:\/\/www.sonoraenequipo.com.mx\/api\/wp\/v2\/posts\/201173\/revisions"}],"predecessor-version":[{"id":201176,"href":"https:\/\/www.sonoraenequipo.com.mx\/api\/wp\/v2\/posts\/201173\/revisions\/201176"}],"wp:featuredmedia":[{"embeddable":true,"href":"https:\/\/www.sonoraenequipo.com.mx\/api\/wp\/v2\/media\/198338"}],"wp:attachment":[{"href":"https:\/\/www.sonoraenequipo.com.mx\/api\/wp\/v2\/media?parent=201173"}],"wp:term":[{"taxonomy":"category","embeddable":true,"href":"https:\/\/www.sonoraenequipo.com.mx\/api\/wp\/v2\/categories?post=201173"},{"taxonomy":"post_tag","embeddable":true,"href":"https:\/\/www.sonoraenequipo.com.mx\/api\/wp\/v2\/tags?post=201173"}],"curies":[{"name":"wp","href":"https:\/\/api.w.org\/{rel}","templated":true}]}}