{"id":201178,"date":"2024-10-10T15:20:55","date_gmt":"2024-10-10T22:20:55","guid":{"rendered":"https:\/\/www.sonoraenequipo.com.mx\/?p=201178"},"modified":"2024-10-10T15:20:55","modified_gmt":"2024-10-10T22:20:55","slug":"encabeza-tono-astiazaran-asamblea-de-presupuesto-creces-en-san-bosco","status":"publish","type":"post","link":"https:\/\/www.sonoraenequipo.com.mx\/encabeza-tono-astiazaran-asamblea-de-presupuesto-creces-en-san-bosco\/","title":{"rendered":"Encabeza To\u00f1o Astiazar\u00e1n asamblea de Presupuesto CRECES en San Bosco"},"content":{"rendered":"<p><strong>HERMOSILLO, SONORA, MX.<\/strong> \u2014 El Presupuesto CRECES cumpli\u00f3 las expectativas con la rehabilitaci\u00f3n del parque en la colonia San Bosco, destac\u00f3 Jos\u00e9 Ram\u00f3n Mel\u00e9ndez, promotor deportivo que particip\u00f3 en la tercera edici\u00f3n de este programa impulsado por el presidente municipal Antonio Astiazar\u00e1n.<\/p>\n<p>&nbsp;<\/p>\n<p>El promotor deportivo de Cefor Bosco FC Ju\u00e1rez dio testimonio de los beneficios del Presupuesto CRECES como la rehabilitaron del campo de f\u00fatbol en la que entrenan m\u00e1s de 180 deportistas y en esta tercera edici\u00f3n buscar\u00e1n m\u00e1s mejoras para el parque San Bosco.<\/p>\n<p>&nbsp;<\/p>\n<p>\u201cCRECES vino a cambiar esto demasiado, ahorita est\u00e1n mis muchachos entrenando en unas instalaciones de primera como debe ser\u201d, detall\u00f3 sobre el parque.<\/p>\n<p>&nbsp;<\/p>\n<p>El presidente municipal Antonio Astiazar\u00e1n encabez\u00f3 la asamblea de la tercera edici\u00f3n del Presupuesto CRECES que este a\u00f1o contar\u00e1 con una bolsa de 80 millones de pesos para obras de zona, sector o ciudad una nueva modalidad que la ciudadan\u00eda podr\u00e1 votar.<\/p>\n<p>&nbsp;<\/p>\n<p>\u201cYo les quiero agradecer mucho a ustedes que est\u00e9n aqu\u00ed, participen y por supuesto que hagamos equipo. Vamos por una bolsa de 80 millones de pesos para seguir transformando nuestra ciudad\u201d, invit\u00f3.<\/p>\n<p>&nbsp;<\/p>\n<p>Durante la asamblea que tambi\u00e9n cont\u00f3 con la asistencia de Daniel Garc\u00eda, director de Participaci\u00f3n Ciudadana se present\u00f3 el cat\u00e1logo con las \u00e1reas de inversi\u00f3n disponibles junto con el presupuesto asignado para la creaci\u00f3n de proyectos que despu\u00e9s ser\u00e1n votados.<\/p>\n<p>&nbsp;<\/p>\n<p>El Gobierno Municipal invita a participar en Presupuesto CRECES 2024 cuyas asambleas se realizar\u00e1n hasta el 18 de octubre, para m\u00e1s informaci\u00f3n consultar el sitio <a href=\"https:\/\/presupuestocreces.hermosillo.gob.mx\">https:\/\/presupuestocreces.hermosillo.gob.mx<\/a>.<\/p>\n<p><strong>Fecha de publicaci\u00f3n jueves 10 de octubre de 2024\/<\/strong><\/p>\n","protected":false},"excerpt":{"rendered":"<p>HERMOSILLO, SONORA, MX. \u2014 El Presupuesto CRECES cumpli\u00f3 las expectativas con la rehabilitaci\u00f3n del parque&#8230;<\/p>\n","protected":false},"author":1,"featured_media":201179,"comment_status":"open","ping_status":"open","sticky":false,"template":"","format":"standard","meta":{"_monsterinsights_skip_tracking":false,"_monsterinsights_sitenote_active":false,"_monsterinsights_sitenote_note":"","_monsterinsights_sitenote_category":0,"footnotes":""},"categories":[4],"tags":[6209,25],"class_list":["post"],"yoast_head":" \n<title>Sonora en Equipo. Encabeza To\u00f1o Astiazar\u00e1n asamblea de Presupuesto CRECES en San Bosco Municipios<\/title>\n<meta name=\"description\" content=\"HERMOSILLO, SONORA, MX. \u2014 El Presupuesto CRECES cumpli\u00f3 las expectativas con la rehabilitaci\u00f3n del parque en la colonia San Bosco, destac\u00f3 Jos\u00e9 Ram\u00f3n En Sonora en Equipo publicamos toda la informaci\u00f3n de Sonora, M\u00e9xico y el Mundo de manera oportuna y busca que la libertad de expresi\u00f3n sea real. Visita nuestro medio informativo publicado desde Hermosillo, Sonora. %\" \/>\n<meta name=\"robots\" content=\"index, follow, max-snippet:-1, max-image-preview:large, max-video-preview:-1\" \/>\n<link rel=\"canonical\" href=\"https:\/\/www.sonoraenequipo.com.mx\/encabeza-tono-astiazaran-asamblea-de-presupuesto-creces-en-san-bosco\/\" \/>\n<meta property=\"og:locale\" content=\"es_ES\" \/>\n<meta property=\"og:type\" content=\"article\" \/>\n<meta property=\"og:title\" content=\"Sonora en Equipo. Encabeza To\u00f1o Astiazar\u00e1n asamblea de Presupuesto CRECES en San Bosco Municipios\" \/>\n<meta property=\"og:description\" content=\"HERMOSILLO, SONORA, MX. \u2014 El Presupuesto CRECES cumpli\u00f3 las expectativas con la rehabilitaci\u00f3n del parque en la colonia San Bosco, destac\u00f3 Jos\u00e9 Ram\u00f3n En Sonora en Equipo publicamos toda la informaci\u00f3n de Sonora, M\u00e9xico y el Mundo de manera oportuna y busca que la libertad de expresi\u00f3n sea real. Visita nuestro medio informativo publicado desde Hermosillo, Sonora. %\" \/>\n<meta property=\"og:url\" content=\"https:\/\/www.sonoraenequipo.com.mx\/encabeza-tono-astiazaran-asamblea-de-presupuesto-creces-en-san-bosco\/\" \/>\n<meta property=\"og:site_name\" content=\"Sonora en Equipo.\" \/>\n<meta property=\"article:publisher\" content=\"https:\/\/www.facebook.com\/SonoraEE\/\" \/>\n<meta property=\"article:author\" content=\"https:\/\/www.facebook.com\/SonoraEE\" \/>\n<meta property=\"article:published_time\" content=\"2024-10-10T22:20:55+00:00\" \/>\n<meta property=\"og:image\" content=\"https:\/\/www.sonoraenequipo.com.mx\/storage\/2024\/10\/tono-creces.jpg\" \/>\n\t<meta property=\"og:image:width\" content=\"600\" \/>\n\t<meta property=\"og:image:height\" content=\"400\" \/>\n\t<meta property=\"og:image:type\" content=\"image\/jpeg\" \/>\n<meta name=\"author\" content=\"enequipo\" \/>\n<meta name=\"twitter:card\" content=\"summary_large_image\" \/>\n<meta name=\"twitter:creator\" content=\"@sonoraenequipo\" \/>\n<meta name=\"twitter:site\" content=\"@sonoraenequipo\" \/>\n<meta name=\"twitter:label1\" content=\"Escrito por\" \/>\n\t<meta name=\"twitter:data1\" content=\"enequipo\" \/>\n\t<meta name=\"twitter:label2\" content=\"Tiempo de lectura\" \/>\n\t<meta name=\"twitter:data2\" content=\"1 minuto\" \/>\n<script type=\"application\/ld+json\" class=\"yoast-schema-graph\">{\"@context\":\"https:\/\/schema.org\",\"@graph\":[{\"@type\":\"Article\",\"@id\":\"https:\/\/www.sonoraenequipo.com.mx\/encabeza-tono-astiazaran-asamblea-de-presupuesto-creces-en-san-bosco\/#article\",\"isPartOf\":{\"@id\":\"https:\/\/www.sonoraenequipo.com.mx\/encabeza-tono-astiazaran-asamblea-de-presupuesto-creces-en-san-bosco\/\"},\"author\":{\"name\":\"enequipo\",\"@id\":\"https:\/\/www.sonoraenequipo.com.mx\/#\/schema\/person\/50102df0fb23a8fa9e8effad8fa81386\"},\"headline\":\"Encabeza To\u00f1o Astiazar\u00e1n asamblea de Presupuesto CRECES en San Bosco\",\"datePublished\":\"2024-10-10T22:20:55+00:00\",\"mainEntityOfPage\":{\"@id\":\"https:\/\/www.sonoraenequipo.com.mx\/encabeza-tono-astiazaran-asamblea-de-presupuesto-creces-en-san-bosco\/\"},\"wordCount\":301,\"commentCount\":0,\"publisher\":{\"@id\":\"https:\/\/www.sonoraenequipo.com.mx\/#organization\"},\"image\":{\"@id\":\"https:\/\/www.sonoraenequipo.com.mx\/encabeza-tono-astiazaran-asamblea-de-presupuesto-creces-en-san-bosco\/#primaryimage\"},\"thumbnailUrl\":\"https:\/\/www.sonoraenequipo.com.mx\/storage\/2024\/10\/tono-creces.jpg\",\"keywords\":[\"creces\",\"presupuesto\"],\"articleSection\":[\"Municipios\"],\"inLanguage\":\"es\",\"potentialAction\":[{\"@type\":\"CommentAction\",\"name\":\"Comment\",\"target\":[\"https:\/\/www.sonoraenequipo.com.mx\/encabeza-tono-astiazaran-asamblea-de-presupuesto-creces-en-san-bosco\/#respond\"]}]},{\"@type\":\"WebPage\",\"@id\":\"https:\/\/www.sonoraenequipo.com.mx\/encabeza-tono-astiazaran-asamblea-de-presupuesto-creces-en-san-bosco\/\",\"url\":\"https:\/\/www.sonoraenequipo.com.mx\/encabeza-tono-astiazaran-asamblea-de-presupuesto-creces-en-san-bosco\/\",\"name\":\"Sonora en Equipo. Encabeza To\u00f1o Astiazar\u00e1n asamblea de Presupuesto CRECES en San Bosco Municipios\",\"isPartOf\":{\"@id\":\"https:\/\/www.sonoraenequipo.com.mx\/#website\"},\"primaryImageOfPage\":{\"@id\":\"https:\/\/www.sonoraenequipo.com.mx\/encabeza-tono-astiazaran-asamblea-de-presupuesto-creces-en-san-bosco\/#primaryimage\"},\"image\":{\"@id\":\"https:\/\/www.sonoraenequipo.com.mx\/encabeza-tono-astiazaran-asamblea-de-presupuesto-creces-en-san-bosco\/#primaryimage\"},\"thumbnailUrl\":\"https:\/\/www.sonoraenequipo.com.mx\/storage\/2024\/10\/tono-creces.jpg\",\"datePublished\":\"2024-10-10T22:20:55+00:00\",\"description\":\"HERMOSILLO, SONORA, MX. \u2014 El Presupuesto CRECES cumpli\u00f3 las expectativas con la rehabilitaci\u00f3n del parque en la colonia San Bosco, destac\u00f3 Jos\u00e9 Ram\u00f3n En Sonora en Equipo publicamos toda la informaci\u00f3n de Sonora, M\u00e9xico y el Mundo de manera oportuna y busca que la libertad de expresi\u00f3n sea real. Visita nuestro medio informativo publicado desde Hermosillo, Sonora. %\",\"breadcrumb\":{\"@id\":\"https:\/\/www.sonoraenequipo.com.mx\/encabeza-tono-astiazaran-asamblea-de-presupuesto-creces-en-san-bosco\/#breadcrumb\"},\"inLanguage\":\"es\",\"potentialAction\":[{\"@type\":\"ReadAction\",\"target\":[\"https:\/\/www.sonoraenequipo.com.mx\/encabeza-tono-astiazaran-asamblea-de-presupuesto-creces-en-san-bosco\/\"]}]},{\"@type\":\"ImageObject\",\"inLanguage\":\"es\",\"@id\":\"https:\/\/www.sonoraenequipo.com.mx\/encabeza-tono-astiazaran-asamblea-de-presupuesto-creces-en-san-bosco\/#primaryimage\",\"url\":\"https:\/\/www.sonoraenequipo.com.mx\/storage\/2024\/10\/tono-creces.jpg\",\"contentUrl\":\"https:\/\/www.sonoraenequipo.com.mx\/storage\/2024\/10\/tono-creces.jpg\",\"width\":600,\"height\":400},{\"@type\":\"BreadcrumbList\",\"@id\":\"https:\/\/www.sonoraenequipo.com.mx\/encabeza-tono-astiazaran-asamblea-de-presupuesto-creces-en-san-bosco\/#breadcrumb\",\"itemListElement\":[{\"@type\":\"ListItem\",\"position\":1,\"name\":\"Portada\",\"item\":\"https:\/\/www.sonoraenequipo.com.mx\/\"},{\"@type\":\"ListItem\",\"position\":2,\"name\":\"Encabeza To\u00f1o Astiazar\u00e1n asamblea de Presupuesto CRECES en San Bosco\"}]},{\"@type\":\"WebSite\",\"@id\":\"https:\/\/www.sonoraenequipo.com.mx\/#website\",\"url\":\"https:\/\/www.sonoraenequipo.com.mx\/\",\"name\":\"Sonora en Equipo.\",\"description\":\"Diario en l\u00ednea con Noticias desde Hermosillo, Sonora\",\"publisher\":{\"@id\":\"https:\/\/www.sonoraenequipo.com.mx\/#organization\"},\"potentialAction\":[{\"@type\":\"SearchAction\",\"target\":{\"@type\":\"EntryPoint\",\"urlTemplate\":\"https:\/\/www.sonoraenequipo.com.mx\/?s={search_term_string}\"},\"query-input\":{\"@type\":\"PropertyValueSpecification\",\"valueRequired\":true,\"valueName\":\"search_term_string\"}}],\"inLanguage\":\"es\"},{\"@type\":\"Organization\",\"@id\":\"https:\/\/www.sonoraenequipo.com.mx\/#organization\",\"name\":\"Sonoraenequipo.com.mx\",\"url\":\"https:\/\/www.sonoraenequipo.com.mx\/\",\"logo\":{\"@type\":\"ImageObject\",\"inLanguage\":\"es\",\"@id\":\"https:\/\/www.sonoraenequipo.com.mx\/#\/schema\/logo\/image\/\",\"url\":\"https:\/\/www.sonoraenequipo.com.mx\/storage\/2019\/01\/sonoraenequipo_opt.png\",\"contentUrl\":\"https:\/\/www.sonoraenequipo.com.mx\/storage\/2019\/01\/sonoraenequipo_opt.png\",\"width\":375,\"height\":125,\"caption\":\"Sonoraenequipo.com.mx\"},\"image\":{\"@id\":\"https:\/\/www.sonoraenequipo.com.mx\/#\/schema\/logo\/image\/\"},\"sameAs\":[\"https:\/\/www.facebook.com\/SonoraEE\/\",\"https:\/\/x.com\/sonoraenequipo\",\"https:\/\/www.youtube.com\/channel\/UC338nW-lPEYmJQs4ZABQ1SQ\"]},{\"@type\":\"Person\",\"@id\":\"https:\/\/www.sonoraenequipo.com.mx\/#\/schema\/person\/50102df0fb23a8fa9e8effad8fa81386\",\"name\":\"enequipo\",\"image\":{\"@type\":\"ImageObject\",\"inLanguage\":\"es\",\"@id\":\"https:\/\/www.sonoraenequipo.com.mx\/#\/schema\/person\/image\/\",\"url\":\"https:\/\/secure.gravatar.com\/avatar\/049821681b589dabc0bc20695993ccebb09f5b5d4d790cd9251b97faac7c652b?s=96&d=blank&r=g\",\"contentUrl\":\"https:\/\/secure.gravatar.com\/avatar\/049821681b589dabc0bc20695993ccebb09f5b5d4d790cd9251b97faac7c652b?s=96&d=blank&r=g\",\"caption\":\"enequipo\"},\"sameAs\":[\"https:\/\/www.facebook.com\/SonoraEE\"]}]}<\/script>\n ","yoast_head_json":{"title":"Sonora en Equipo. Encabeza To\u00f1o Astiazar\u00e1n asamblea de Presupuesto CRECES en San Bosco Municipios","description":"HERMOSILLO, SONORA, MX. \u2014 El Presupuesto CRECES cumpli\u00f3 las expectativas con la rehabilitaci\u00f3n del parque en la colonia San Bosco, destac\u00f3 Jos\u00e9 Ram\u00f3n En Sonora en Equipo publicamos toda la informaci\u00f3n de Sonora, M\u00e9xico y el Mundo de manera oportuna y busca que la libertad de expresi\u00f3n sea real. Visita nuestro medio informativo publicado desde Hermosillo, Sonora. %","robots":{"index":"index","follow":"follow","max-snippet":"max-snippet:-1","max-image-preview":"max-image-preview:large","max-video-preview":"max-video-preview:-1"},"canonical":"https:\/\/www.sonoraenequipo.com.mx\/encabeza-tono-astiazaran-asamblea-de-presupuesto-creces-en-san-bosco\/","og_locale":"es_ES","og_type":"article","og_title":"Sonora en Equipo. Encabeza To\u00f1o Astiazar\u00e1n asamblea de Presupuesto CRECES en San Bosco Municipios","og_description":"HERMOSILLO, SONORA, MX. \u2014 El Presupuesto CRECES cumpli\u00f3 las expectativas con la rehabilitaci\u00f3n del parque en la colonia San Bosco, destac\u00f3 Jos\u00e9 Ram\u00f3n En Sonora en Equipo publicamos toda la informaci\u00f3n de Sonora, M\u00e9xico y el Mundo de manera oportuna y busca que la libertad de expresi\u00f3n sea real. Visita nuestro medio informativo publicado desde Hermosillo, Sonora. %","og_url":"https:\/\/www.sonoraenequipo.com.mx\/encabeza-tono-astiazaran-asamblea-de-presupuesto-creces-en-san-bosco\/","og_site_name":"Sonora en Equipo.","article_publisher":"https:\/\/www.facebook.com\/SonoraEE\/","article_author":"https:\/\/www.facebook.com\/SonoraEE","article_published_time":"2024-10-10T22:20:55+00:00","og_image":[{"width":600,"height":400,"url":"https:\/\/www.sonoraenequipo.com.mx\/storage\/2024\/10\/tono-creces.jpg","type":"image\/jpeg"}],"author":"enequipo","twitter_card":"summary_large_image","twitter_creator":"@sonoraenequipo","twitter_site":"@sonoraenequipo","twitter_misc":{"Escrito por":"enequipo","Tiempo de lectura":"1 minuto"},"schema":{"@context":"https:\/\/schema.org","@graph":[{"@type":"Article","@id":"https:\/\/www.sonoraenequipo.com.mx\/encabeza-tono-astiazaran-asamblea-de-presupuesto-creces-en-san-bosco\/#article","isPartOf":{"@id":"https:\/\/www.sonoraenequipo.com.mx\/encabeza-tono-astiazaran-asamblea-de-presupuesto-creces-en-san-bosco\/"},"author":{"name":"enequipo","@id":"https:\/\/www.sonoraenequipo.com.mx\/#\/schema\/person\/50102df0fb23a8fa9e8effad8fa81386"},"headline":"Encabeza To\u00f1o Astiazar\u00e1n asamblea de Presupuesto CRECES en San Bosco","datePublished":"2024-10-10T22:20:55+00:00","mainEntityOfPage":{"@id":"https:\/\/www.sonoraenequipo.com.mx\/encabeza-tono-astiazaran-asamblea-de-presupuesto-creces-en-san-bosco\/"},"wordCount":301,"commentCount":0,"publisher":{"@id":"https:\/\/www.sonoraenequipo.com.mx\/#organization"},"image":{"@id":"https:\/\/www.sonoraenequipo.com.mx\/encabeza-tono-astiazaran-asamblea-de-presupuesto-creces-en-san-bosco\/#primaryimage"},"thumbnailUrl":"https:\/\/www.sonoraenequipo.com.mx\/storage\/2024\/10\/tono-creces.jpg","keywords":["creces","presupuesto"],"articleSection":["Municipios"],"inLanguage":"es","potentialAction":[{"@type":"CommentAction","name":"Comment","target":["https:\/\/www.sonoraenequipo.com.mx\/encabeza-tono-astiazaran-asamblea-de-presupuesto-creces-en-san-bosco\/#respond"]}]},{"@type":"WebPage","@id":"https:\/\/www.sonoraenequipo.com.mx\/encabeza-tono-astiazaran-asamblea-de-presupuesto-creces-en-san-bosco\/","url":"https:\/\/www.sonoraenequipo.com.mx\/encabeza-tono-astiazaran-asamblea-de-presupuesto-creces-en-san-bosco\/","name":"Sonora en Equipo. Encabeza To\u00f1o Astiazar\u00e1n asamblea de Presupuesto CRECES en San Bosco Municipios","isPartOf":{"@id":"https:\/\/www.sonoraenequipo.com.mx\/#website"},"primaryImageOfPage":{"@id":"https:\/\/www.sonoraenequipo.com.mx\/encabeza-tono-astiazaran-asamblea-de-presupuesto-creces-en-san-bosco\/#primaryimage"},"image":{"@id":"https:\/\/www.sonoraenequipo.com.mx\/encabeza-tono-astiazaran-asamblea-de-presupuesto-creces-en-san-bosco\/#primaryimage"},"thumbnailUrl":"https:\/\/www.sonoraenequipo.com.mx\/storage\/2024\/10\/tono-creces.jpg","datePublished":"2024-10-10T22:20:55+00:00","description":"HERMOSILLO, SONORA, MX. \u2014 El Presupuesto CRECES cumpli\u00f3 las expectativas con la rehabilitaci\u00f3n del parque en la colonia San Bosco, destac\u00f3 Jos\u00e9 Ram\u00f3n En Sonora en Equipo publicamos toda la informaci\u00f3n de Sonora, M\u00e9xico y el Mundo de manera oportuna y busca que la libertad de expresi\u00f3n sea real. Visita nuestro medio informativo publicado desde Hermosillo, Sonora. %","breadcrumb":{"@id":"https:\/\/www.sonoraenequipo.com.mx\/encabeza-tono-astiazaran-asamblea-de-presupuesto-creces-en-san-bosco\/#breadcrumb"},"inLanguage":"es","potentialAction":[{"@type":"ReadAction","target":["https:\/\/www.sonoraenequipo.com.mx\/encabeza-tono-astiazaran-asamblea-de-presupuesto-creces-en-san-bosco\/"]}]},{"@type":"ImageObject","inLanguage":"es","@id":"https:\/\/www.sonoraenequipo.com.mx\/encabeza-tono-astiazaran-asamblea-de-presupuesto-creces-en-san-bosco\/#primaryimage","url":"https:\/\/www.sonoraenequipo.com.mx\/storage\/2024\/10\/tono-creces.jpg","contentUrl":"https:\/\/www.sonoraenequipo.com.mx\/storage\/2024\/10\/tono-creces.jpg","width":600,"height":400},{"@type":"BreadcrumbList","@id":"https:\/\/www.sonoraenequipo.com.mx\/encabeza-tono-astiazaran-asamblea-de-presupuesto-creces-en-san-bosco\/#breadcrumb","itemListElement":[{"@type":"ListItem","position":1,"name":"Portada","item":"https:\/\/www.sonoraenequipo.com.mx\/"},{"@type":"ListItem","position":2,"name":"Encabeza To\u00f1o Astiazar\u00e1n asamblea de Presupuesto CRECES en San Bosco"}]},{"@type":"WebSite","@id":"https:\/\/www.sonoraenequipo.com.mx\/#website","url":"https:\/\/www.sonoraenequipo.com.mx\/","name":"Sonora en Equipo.","description":"Diario en l\u00ednea con Noticias desde Hermosillo, Sonora","publisher":{"@id":"https:\/\/www.sonoraenequipo.com.mx\/#organization"},"potentialAction":[{"@type":"SearchAction","target":{"@type":"EntryPoint","urlTemplate":"https:\/\/www.sonoraenequipo.com.mx\/?s={search_term_string}"},"query-input":{"@type":"PropertyValueSpecification","valueRequired":true,"valueName":"search_term_string"}}],"inLanguage":"es"},{"@type":"Organization","@id":"https:\/\/www.sonoraenequipo.com.mx\/#organization","name":"Sonoraenequipo.com.mx","url":"https:\/\/www.sonoraenequipo.com.mx\/","logo":{"@type":"ImageObject","inLanguage":"es","@id":"https:\/\/www.sonoraenequipo.com.mx\/#\/schema\/logo\/image\/","url":"https:\/\/www.sonoraenequipo.com.mx\/storage\/2019\/01\/sonoraenequipo_opt.png","contentUrl":"https:\/\/www.sonoraenequipo.com.mx\/storage\/2019\/01\/sonoraenequipo_opt.png","width":375,"height":125,"caption":"Sonoraenequipo.com.mx"},"image":{"@id":"https:\/\/www.sonoraenequipo.com.mx\/#\/schema\/logo\/image\/"},"sameAs":["https:\/\/www.facebook.com\/SonoraEE\/","https:\/\/x.com\/sonoraenequipo","https:\/\/www.youtube.com\/channel\/UC338nW-lPEYmJQs4ZABQ1SQ"]},{"@type":"Person","@id":"https:\/\/www.sonoraenequipo.com.mx\/#\/schema\/person\/50102df0fb23a8fa9e8effad8fa81386","name":"enequipo","image":{"@type":"ImageObject","inLanguage":"es","@id":"https:\/\/www.sonoraenequipo.com.mx\/#\/schema\/person\/image\/","url":"https:\/\/secure.gravatar.com\/avatar\/049821681b589dabc0bc20695993ccebb09f5b5d4d790cd9251b97faac7c652b?s=96&d=blank&r=g","contentUrl":"https:\/\/secure.gravatar.com\/avatar\/049821681b589dabc0bc20695993ccebb09f5b5d4d790cd9251b97faac7c652b?s=96&d=blank&r=g","caption":"enequipo"},"sameAs":["https:\/\/www.facebook.com\/SonoraEE"]}]}},"jetpack_featured_media_url":"https:\/\/www.sonoraenequipo.com.mx\/storage\/2024\/10\/tono-creces.jpg","_links":{"self":[{"href":"https:\/\/www.sonoraenequipo.com.mx\/api\/wp\/v2\/posts\/201178","targetHints":{"allow":["GET"]}}],"collection":[{"href":"https:\/\/www.sonoraenequipo.com.mx\/api\/wp\/v2\/posts"}],"about":[{"href":"https:\/\/www.sonoraenequipo.com.mx\/api\/wp\/v2\/types\/post"}],"author":[{"embeddable":true,"href":"https:\/\/www.sonoraenequipo.com.mx\/api\/wp\/v2\/users\/1"}],"replies":[{"embeddable":true,"href":"https:\/\/www.sonoraenequipo.com.mx\/api\/wp\/v2\/comments?post=201178"}],"version-history":[{"count":1,"href":"https:\/\/www.sonoraenequipo.com.mx\/api\/wp\/v2\/posts\/201178\/revisions"}],"predecessor-version":[{"id":201180,"href":"https:\/\/www.sonoraenequipo.com.mx\/api\/wp\/v2\/posts\/201178\/revisions\/201180"}],"wp:featuredmedia":[{"embeddable":true,"href":"https:\/\/www.sonoraenequipo.com.mx\/api\/wp\/v2\/media\/201179"}],"wp:attachment":[{"href":"https:\/\/www.sonoraenequipo.com.mx\/api\/wp\/v2\/media?parent=201178"}],"wp:term":[{"taxonomy":"category","embeddable":true,"href":"https:\/\/www.sonoraenequipo.com.mx\/api\/wp\/v2\/categories?post=201178"},{"taxonomy":"post_tag","embeddable":true,"href":"https:\/\/www.sonoraenequipo.com.mx\/api\/wp\/v2\/tags?post=201178"}],"curies":[{"name":"wp","href":"https:\/\/api.w.org\/{rel}","templated":true}]}}