{"id":201193,"date":"2024-10-10T09:00:00","date_gmt":"2024-10-10T16:00:00","guid":{"rendered":"https:\/\/www.sonoraenequipo.com.mx\/?p=201193"},"modified":"2024-10-10T18:57:58","modified_gmt":"2024-10-11T01:57:58","slug":"despiden-a-conductor-de-noticias-en-bc-en-pleno-programa-acusan-presion-de-la-gobernadora-marina-avila","status":"publish","type":"post","link":"https:\/\/www.sonoraenequipo.com.mx\/despiden-a-conductor-de-noticias-en-bc-en-pleno-programa-acusan-presion-de-la-gobernadora-marina-avila\/","title":{"rendered":"Due\u00f1o de canal 66 de BC pide disculpas a conductor de Ciudadano 2.0 por despido al aire"},"content":{"rendered":"<p><strong>MEXICALI, BAJA CALIFORNIA. MX. \u2014<\/strong> Luis Arnoldo Cabada Alv\u00eddrez, due\u00f1o y director del canal 66 de Mexicali, Baja California, finalmente rompi\u00f3 el silencio y respondi\u00f3 a los miles de cr\u00edticas en su contra por haber despedido en plena transmisi\u00f3n en vivo al periodista Gustavo Macalpin.<\/p>\n<p><iframe loading=\"lazy\" title=\"Gustavo MACALPIN RESPONDE a GOBERNADORA de B.C. y DUE\u00d1O de CANAL 66\" width=\"640\" height=\"360\" src=\"https:\/\/www.youtube.com\/embed\/7iY-EYGsoE8?feature=oembed\" frameborder=\"0\" allow=\"accelerometer; autoplay; clipboard-write; encrypted-media; gyroscope; picture-in-picture; web-share\" referrerpolicy=\"strict-origin-when-cross-origin\" allowfullscreen><\/iframe><\/p>\n<p>En entrevista para Univisi\u00f3n, el hombre con experiencia de m\u00e1s de 40 a\u00f1os en el negocio de televisi\u00f3n reconoci\u00f3 que el encuentro ocurrido con el ahora exconductor del programa Ciudadano 2.0 pudo ocurrir en mejores t\u00e9rminos.<\/p>\n<p><em><strong>\u2015\u201d No<\/strong><\/em><em><strong>, lo pude haber hecho en privado y naturalmente es m\u00e1s sencillo, pero yo le fui a manifestar mi alegr\u00eda por su entrega de seis a\u00f1os y medio, le agradec\u00ed profundamente, pero claro que le dije que era su \u00faltimo d\u00eda\u201d,<\/strong><\/em> justific\u00f3.<\/p>\n<p>Asegur\u00f3 que, pese a la evidente sorpresa de Macalpin por su despido, \u00e9l sab\u00eda mejor que nadie las razones por las que decidi\u00f3 poner fin a su colaboraci\u00f3n.<\/p>\n<p><em><strong>\u201cEn los \u00faltimos meses dej\u00f3 de contestarme el tel\u00e9fono, dej\u00f3 de tener esa sinergia natural que necesitamos todo el equipo del \u00e1rea de informaci\u00f3n. Y bueno, yo s\u00ed realmente estaba muy inquieto\u201d,<\/strong><\/em> agreg\u00f3.<\/p>\n<p>Por otra parte, acus\u00f3 que Macalpin perdi\u00f3 inter\u00e9s al decidir dedicar m\u00e1s tiempo a sus redes sociales y solicitar que su programa \u00fanicamente fuera transmitido un d\u00eda a la semana.<\/p>\n<p><em><strong>\u201cTen\u00eda un muy peculiar estilo de informar, hacer s\u00e1tira de informaci\u00f3n y se le dejaba con toda actitud. Se acaba un ciclo de trabajo, el proyecto que \u00e9l encabezaba\u201d,<\/strong><\/em> expres\u00f3.<\/p>\n<p>Cabada ofrece disculpa: <em><strong>\u201cEstoy abierto a cualquier posibilidad\u201d<\/strong><\/em><\/p>\n<p>Cabe destacar que, durante la transmisi\u00f3n del programa Noticieros Contacto, dirigido por Francisco Garc\u00eda Villanueva \u2015compa\u00f1ero de Macalpin que mostr\u00f3 un evidente rechazo a la situaci\u00f3n\u2015, Cabada ofreci\u00f3 una disculpa p\u00fablica por su actuar.<\/p>\n<p><em><strong>\u201cPrimero, antes que nada, una sincera disculpa a nuestro auditorio y al conductor del programa, claro, por la poca forma sensible de abordar de manera p\u00fablica un tema que debi\u00f3 de ser en privado\u201d,<\/strong><\/em> expres\u00f3 v\u00eda telef\u00f3nica.<\/p>\n<blockquote class=\"twitter-tweet\" data-width=\"550\" data-dnt=\"true\">\n<p lang=\"es\" dir=\"ltr\">Luego de correr al aire al conductor <a href=\"https:\/\/twitter.com\/GustavoMacalpin?ref_src=twsrc%5Etfw\">@GustavoMacalpin<\/a> que brinc\u00f3 a la fama tras el lamentable episodio, el director del 66 de Mexicali argumenta:<br \/>\u201cLo pude hacer en privado pero quise manifestar la alegr\u00eda de sus a\u00f1os de trabajo\u201d<br \/>\u201cNo fue censura\u2026 era dif\u00edcil comercializar una\u2026 <a href=\"https:\/\/t.co\/OTkn8co1H9\">pic.twitter.com\/OTkn8co1H9<\/a><\/p>\n<p>&mdash; carolina rocha m (@carolina_rocha_) <a href=\"https:\/\/twitter.com\/carolina_rocha_\/status\/1844383904314102026?ref_src=twsrc%5Etfw\">October 10, 2024<\/a><\/p><\/blockquote>\n<p><script async src=\"https:\/\/platform.twitter.com\/widgets.js\" charset=\"utf-8\"><\/script><\/p>\n<p>Por otra parte, asegur\u00f3 que su decisi\u00f3n no obedeci\u00f3 a ning\u00fan tipo de censura o presi\u00f3n pol\u00edtica, por lo que durante su encuentro con Univisi\u00f3n apunt\u00f3 que no se encuentra cerrado a la posibilidad de volver a colaborar con Macalpin.<\/p>\n<p><strong>Fecha de publicaci\u00f3n jueves 10 de octubre de 2024\/<\/strong> redes sociales y medios nacionales)<\/p>\n","protected":false},"excerpt":{"rendered":"<p>MEXICALI, BAJA CALIFORNIA. MX. \u2014 Luis Arnoldo Cabada Alv\u00eddrez, due\u00f1o y director del canal 66&#8230;<\/p>\n","protected":false},"author":1,"featured_media":201194,"comment_status":"open","ping_status":"open","sticky":false,"template":"","format":"standard","meta":{"_monsterinsights_skip_tracking":false,"_monsterinsights_sitenote_active":false,"_monsterinsights_sitenote_note":"","_monsterinsights_sitenote_category":0,"footnotes":""},"categories":[2987],"tags":[10353],"class_list":["post"],"yoast_head":" \n<title>Sonora en Equipo. Due\u00f1o de canal 66 de BC pide disculpas a conductor de Ciudadano 2.0 por despido al aire Showbiz<\/title>\n<meta name=\"description\" content=\"MEXICALI, BAJA CALIFORNIA. MX. \u2014 Luis Arnoldo Cabada Alv\u00eddrez, due\u00f1o y director del canal 66 de Mexicali, Baja California, finalmente rompi\u00f3 el silencio y En Sonora en Equipo publicamos toda la informaci\u00f3n de Sonora, M\u00e9xico y el Mundo de manera oportuna y busca que la libertad de expresi\u00f3n sea real. Visita nuestro medio informativo publicado desde Hermosillo, Sonora. %\" \/>\n<meta name=\"robots\" content=\"index, follow, max-snippet:-1, max-image-preview:large, max-video-preview:-1\" \/>\n<link rel=\"canonical\" href=\"https:\/\/www.sonoraenequipo.com.mx\/despiden-a-conductor-de-noticias-en-bc-en-pleno-programa-acusan-presion-de-la-gobernadora-marina-avila\/\" \/>\n<meta property=\"og:locale\" content=\"es_ES\" \/>\n<meta property=\"og:type\" content=\"article\" \/>\n<meta property=\"og:title\" content=\"Sonora en Equipo. Due\u00f1o de canal 66 de BC pide disculpas a conductor de Ciudadano 2.0 por despido al aire Showbiz\" \/>\n<meta property=\"og:description\" content=\"MEXICALI, BAJA CALIFORNIA. MX. \u2014 Luis Arnoldo Cabada Alv\u00eddrez, due\u00f1o y director del canal 66 de Mexicali, Baja California, finalmente rompi\u00f3 el silencio y En Sonora en Equipo publicamos toda la informaci\u00f3n de Sonora, M\u00e9xico y el Mundo de manera oportuna y busca que la libertad de expresi\u00f3n sea real. Visita nuestro medio informativo publicado desde Hermosillo, Sonora. %\" \/>\n<meta property=\"og:url\" content=\"https:\/\/www.sonoraenequipo.com.mx\/despiden-a-conductor-de-noticias-en-bc-en-pleno-programa-acusan-presion-de-la-gobernadora-marina-avila\/\" \/>\n<meta property=\"og:site_name\" content=\"Sonora en Equipo.\" \/>\n<meta property=\"article:publisher\" content=\"https:\/\/www.facebook.com\/SonoraEE\/\" \/>\n<meta property=\"article:author\" content=\"https:\/\/www.facebook.com\/SonoraEE\" \/>\n<meta property=\"article:published_time\" content=\"2024-10-10T16:00:00+00:00\" \/>\n<meta property=\"article:modified_time\" content=\"2024-10-11T01:57:58+00:00\" \/>\n<meta property=\"og:image\" content=\"https:\/\/www.sonoraenequipo.com.mx\/storage\/2024\/10\/macalpin.jpg\" \/>\n\t<meta property=\"og:image:width\" content=\"600\" \/>\n\t<meta property=\"og:image:height\" content=\"338\" \/>\n\t<meta property=\"og:image:type\" content=\"image\/jpeg\" \/>\n<meta name=\"author\" content=\"enequipo\" \/>\n<meta name=\"twitter:card\" content=\"summary_large_image\" \/>\n<meta name=\"twitter:creator\" content=\"@sonoraenequipo\" \/>\n<meta name=\"twitter:site\" content=\"@sonoraenequipo\" \/>\n<meta name=\"twitter:label1\" content=\"Escrito por\" \/>\n\t<meta name=\"twitter:data1\" content=\"enequipo\" \/>\n\t<meta name=\"twitter:label2\" content=\"Tiempo de lectura\" \/>\n\t<meta name=\"twitter:data2\" content=\"2 minutos\" \/>\n<script type=\"application\/ld+json\" class=\"yoast-schema-graph\">{\"@context\":\"https:\/\/schema.org\",\"@graph\":[{\"@type\":\"Article\",\"@id\":\"https:\/\/www.sonoraenequipo.com.mx\/despiden-a-conductor-de-noticias-en-bc-en-pleno-programa-acusan-presion-de-la-gobernadora-marina-avila\/#article\",\"isPartOf\":{\"@id\":\"https:\/\/www.sonoraenequipo.com.mx\/despiden-a-conductor-de-noticias-en-bc-en-pleno-programa-acusan-presion-de-la-gobernadora-marina-avila\/\"},\"author\":{\"name\":\"enequipo\",\"@id\":\"https:\/\/www.sonoraenequipo.com.mx\/#\/schema\/person\/50102df0fb23a8fa9e8effad8fa81386\"},\"headline\":\"Due\u00f1o de canal 66 de BC pide disculpas a conductor de Ciudadano 2.0 por despido al aire\",\"datePublished\":\"2024-10-10T16:00:00+00:00\",\"dateModified\":\"2024-10-11T01:57:58+00:00\",\"mainEntityOfPage\":{\"@id\":\"https:\/\/www.sonoraenequipo.com.mx\/despiden-a-conductor-de-noticias-en-bc-en-pleno-programa-acusan-presion-de-la-gobernadora-marina-avila\/\"},\"wordCount\":437,\"commentCount\":0,\"publisher\":{\"@id\":\"https:\/\/www.sonoraenequipo.com.mx\/#organization\"},\"image\":{\"@id\":\"https:\/\/www.sonoraenequipo.com.mx\/despiden-a-conductor-de-noticias-en-bc-en-pleno-programa-acusan-presion-de-la-gobernadora-marina-avila\/#primaryimage\"},\"thumbnailUrl\":\"https:\/\/www.sonoraenequipo.com.mx\/storage\/2024\/10\/macalpin.jpg\",\"keywords\":[\"macalpin\"],\"articleSection\":[\"Showbiz\"],\"inLanguage\":\"es\",\"potentialAction\":[{\"@type\":\"CommentAction\",\"name\":\"Comment\",\"target\":[\"https:\/\/www.sonoraenequipo.com.mx\/despiden-a-conductor-de-noticias-en-bc-en-pleno-programa-acusan-presion-de-la-gobernadora-marina-avila\/#respond\"]}]},{\"@type\":\"WebPage\",\"@id\":\"https:\/\/www.sonoraenequipo.com.mx\/despiden-a-conductor-de-noticias-en-bc-en-pleno-programa-acusan-presion-de-la-gobernadora-marina-avila\/\",\"url\":\"https:\/\/www.sonoraenequipo.com.mx\/despiden-a-conductor-de-noticias-en-bc-en-pleno-programa-acusan-presion-de-la-gobernadora-marina-avila\/\",\"name\":\"Sonora en Equipo. Due\u00f1o de canal 66 de BC pide disculpas a conductor de Ciudadano 2.0 por despido al aire Showbiz\",\"isPartOf\":{\"@id\":\"https:\/\/www.sonoraenequipo.com.mx\/#website\"},\"primaryImageOfPage\":{\"@id\":\"https:\/\/www.sonoraenequipo.com.mx\/despiden-a-conductor-de-noticias-en-bc-en-pleno-programa-acusan-presion-de-la-gobernadora-marina-avila\/#primaryimage\"},\"image\":{\"@id\":\"https:\/\/www.sonoraenequipo.com.mx\/despiden-a-conductor-de-noticias-en-bc-en-pleno-programa-acusan-presion-de-la-gobernadora-marina-avila\/#primaryimage\"},\"thumbnailUrl\":\"https:\/\/www.sonoraenequipo.com.mx\/storage\/2024\/10\/macalpin.jpg\",\"datePublished\":\"2024-10-10T16:00:00+00:00\",\"dateModified\":\"2024-10-11T01:57:58+00:00\",\"description\":\"MEXICALI, BAJA CALIFORNIA. MX. \u2014 Luis Arnoldo Cabada Alv\u00eddrez, due\u00f1o y director del canal 66 de Mexicali, Baja California, finalmente rompi\u00f3 el silencio y En Sonora en Equipo publicamos toda la informaci\u00f3n de Sonora, M\u00e9xico y el Mundo de manera oportuna y busca que la libertad de expresi\u00f3n sea real. Visita nuestro medio informativo publicado desde Hermosillo, Sonora. %\",\"breadcrumb\":{\"@id\":\"https:\/\/www.sonoraenequipo.com.mx\/despiden-a-conductor-de-noticias-en-bc-en-pleno-programa-acusan-presion-de-la-gobernadora-marina-avila\/#breadcrumb\"},\"inLanguage\":\"es\",\"potentialAction\":[{\"@type\":\"ReadAction\",\"target\":[\"https:\/\/www.sonoraenequipo.com.mx\/despiden-a-conductor-de-noticias-en-bc-en-pleno-programa-acusan-presion-de-la-gobernadora-marina-avila\/\"]}]},{\"@type\":\"ImageObject\",\"inLanguage\":\"es\",\"@id\":\"https:\/\/www.sonoraenequipo.com.mx\/despiden-a-conductor-de-noticias-en-bc-en-pleno-programa-acusan-presion-de-la-gobernadora-marina-avila\/#primaryimage\",\"url\":\"https:\/\/www.sonoraenequipo.com.mx\/storage\/2024\/10\/macalpin.jpg\",\"contentUrl\":\"https:\/\/www.sonoraenequipo.com.mx\/storage\/2024\/10\/macalpin.jpg\",\"width\":600,\"height\":338},{\"@type\":\"BreadcrumbList\",\"@id\":\"https:\/\/www.sonoraenequipo.com.mx\/despiden-a-conductor-de-noticias-en-bc-en-pleno-programa-acusan-presion-de-la-gobernadora-marina-avila\/#breadcrumb\",\"itemListElement\":[{\"@type\":\"ListItem\",\"position\":1,\"name\":\"Portada\",\"item\":\"https:\/\/www.sonoraenequipo.com.mx\/\"},{\"@type\":\"ListItem\",\"position\":2,\"name\":\"Due\u00f1o de canal 66 de BC pide disculpas a conductor de Ciudadano 2.0 por despido al aire\"}]},{\"@type\":\"WebSite\",\"@id\":\"https:\/\/www.sonoraenequipo.com.mx\/#website\",\"url\":\"https:\/\/www.sonoraenequipo.com.mx\/\",\"name\":\"Sonora en Equipo.\",\"description\":\"Diario en l\u00ednea con Noticias desde Hermosillo, Sonora\",\"publisher\":{\"@id\":\"https:\/\/www.sonoraenequipo.com.mx\/#organization\"},\"potentialAction\":[{\"@type\":\"SearchAction\",\"target\":{\"@type\":\"EntryPoint\",\"urlTemplate\":\"https:\/\/www.sonoraenequipo.com.mx\/?s={search_term_string}\"},\"query-input\":{\"@type\":\"PropertyValueSpecification\",\"valueRequired\":true,\"valueName\":\"search_term_string\"}}],\"inLanguage\":\"es\"},{\"@type\":\"Organization\",\"@id\":\"https:\/\/www.sonoraenequipo.com.mx\/#organization\",\"name\":\"Sonoraenequipo.com.mx\",\"url\":\"https:\/\/www.sonoraenequipo.com.mx\/\",\"logo\":{\"@type\":\"ImageObject\",\"inLanguage\":\"es\",\"@id\":\"https:\/\/www.sonoraenequipo.com.mx\/#\/schema\/logo\/image\/\",\"url\":\"https:\/\/www.sonoraenequipo.com.mx\/storage\/2019\/01\/sonoraenequipo_opt.png\",\"contentUrl\":\"https:\/\/www.sonoraenequipo.com.mx\/storage\/2019\/01\/sonoraenequipo_opt.png\",\"width\":375,\"height\":125,\"caption\":\"Sonoraenequipo.com.mx\"},\"image\":{\"@id\":\"https:\/\/www.sonoraenequipo.com.mx\/#\/schema\/logo\/image\/\"},\"sameAs\":[\"https:\/\/www.facebook.com\/SonoraEE\/\",\"https:\/\/x.com\/sonoraenequipo\",\"https:\/\/www.youtube.com\/channel\/UC338nW-lPEYmJQs4ZABQ1SQ\"]},{\"@type\":\"Person\",\"@id\":\"https:\/\/www.sonoraenequipo.com.mx\/#\/schema\/person\/50102df0fb23a8fa9e8effad8fa81386\",\"name\":\"enequipo\",\"image\":{\"@type\":\"ImageObject\",\"inLanguage\":\"es\",\"@id\":\"https:\/\/www.sonoraenequipo.com.mx\/#\/schema\/person\/image\/\",\"url\":\"https:\/\/secure.gravatar.com\/avatar\/049821681b589dabc0bc20695993ccebb09f5b5d4d790cd9251b97faac7c652b?s=96&d=blank&r=g\",\"contentUrl\":\"https:\/\/secure.gravatar.com\/avatar\/049821681b589dabc0bc20695993ccebb09f5b5d4d790cd9251b97faac7c652b?s=96&d=blank&r=g\",\"caption\":\"enequipo\"},\"sameAs\":[\"https:\/\/www.facebook.com\/SonoraEE\"]}]}<\/script>\n ","yoast_head_json":{"title":"Sonora en Equipo. Due\u00f1o de canal 66 de BC pide disculpas a conductor de Ciudadano 2.0 por despido al aire Showbiz","description":"MEXICALI, BAJA CALIFORNIA. MX. \u2014 Luis Arnoldo Cabada Alv\u00eddrez, due\u00f1o y director del canal 66 de Mexicali, Baja California, finalmente rompi\u00f3 el silencio y En Sonora en Equipo publicamos toda la informaci\u00f3n de Sonora, M\u00e9xico y el Mundo de manera oportuna y busca que la libertad de expresi\u00f3n sea real. Visita nuestro medio informativo publicado desde Hermosillo, Sonora. %","robots":{"index":"index","follow":"follow","max-snippet":"max-snippet:-1","max-image-preview":"max-image-preview:large","max-video-preview":"max-video-preview:-1"},"canonical":"https:\/\/www.sonoraenequipo.com.mx\/despiden-a-conductor-de-noticias-en-bc-en-pleno-programa-acusan-presion-de-la-gobernadora-marina-avila\/","og_locale":"es_ES","og_type":"article","og_title":"Sonora en Equipo. Due\u00f1o de canal 66 de BC pide disculpas a conductor de Ciudadano 2.0 por despido al aire Showbiz","og_description":"MEXICALI, BAJA CALIFORNIA. MX. \u2014 Luis Arnoldo Cabada Alv\u00eddrez, due\u00f1o y director del canal 66 de Mexicali, Baja California, finalmente rompi\u00f3 el silencio y En Sonora en Equipo publicamos toda la informaci\u00f3n de Sonora, M\u00e9xico y el Mundo de manera oportuna y busca que la libertad de expresi\u00f3n sea real. Visita nuestro medio informativo publicado desde Hermosillo, Sonora. %","og_url":"https:\/\/www.sonoraenequipo.com.mx\/despiden-a-conductor-de-noticias-en-bc-en-pleno-programa-acusan-presion-de-la-gobernadora-marina-avila\/","og_site_name":"Sonora en Equipo.","article_publisher":"https:\/\/www.facebook.com\/SonoraEE\/","article_author":"https:\/\/www.facebook.com\/SonoraEE","article_published_time":"2024-10-10T16:00:00+00:00","article_modified_time":"2024-10-11T01:57:58+00:00","og_image":[{"width":600,"height":338,"url":"https:\/\/www.sonoraenequipo.com.mx\/storage\/2024\/10\/macalpin.jpg","type":"image\/jpeg"}],"author":"enequipo","twitter_card":"summary_large_image","twitter_creator":"@sonoraenequipo","twitter_site":"@sonoraenequipo","twitter_misc":{"Escrito por":"enequipo","Tiempo de lectura":"2 minutos"},"schema":{"@context":"https:\/\/schema.org","@graph":[{"@type":"Article","@id":"https:\/\/www.sonoraenequipo.com.mx\/despiden-a-conductor-de-noticias-en-bc-en-pleno-programa-acusan-presion-de-la-gobernadora-marina-avila\/#article","isPartOf":{"@id":"https:\/\/www.sonoraenequipo.com.mx\/despiden-a-conductor-de-noticias-en-bc-en-pleno-programa-acusan-presion-de-la-gobernadora-marina-avila\/"},"author":{"name":"enequipo","@id":"https:\/\/www.sonoraenequipo.com.mx\/#\/schema\/person\/50102df0fb23a8fa9e8effad8fa81386"},"headline":"Due\u00f1o de canal 66 de BC pide disculpas a conductor de Ciudadano 2.0 por despido al aire","datePublished":"2024-10-10T16:00:00+00:00","dateModified":"2024-10-11T01:57:58+00:00","mainEntityOfPage":{"@id":"https:\/\/www.sonoraenequipo.com.mx\/despiden-a-conductor-de-noticias-en-bc-en-pleno-programa-acusan-presion-de-la-gobernadora-marina-avila\/"},"wordCount":437,"commentCount":0,"publisher":{"@id":"https:\/\/www.sonoraenequipo.com.mx\/#organization"},"image":{"@id":"https:\/\/www.sonoraenequipo.com.mx\/despiden-a-conductor-de-noticias-en-bc-en-pleno-programa-acusan-presion-de-la-gobernadora-marina-avila\/#primaryimage"},"thumbnailUrl":"https:\/\/www.sonoraenequipo.com.mx\/storage\/2024\/10\/macalpin.jpg","keywords":["macalpin"],"articleSection":["Showbiz"],"inLanguage":"es","potentialAction":[{"@type":"CommentAction","name":"Comment","target":["https:\/\/www.sonoraenequipo.com.mx\/despiden-a-conductor-de-noticias-en-bc-en-pleno-programa-acusan-presion-de-la-gobernadora-marina-avila\/#respond"]}]},{"@type":"WebPage","@id":"https:\/\/www.sonoraenequipo.com.mx\/despiden-a-conductor-de-noticias-en-bc-en-pleno-programa-acusan-presion-de-la-gobernadora-marina-avila\/","url":"https:\/\/www.sonoraenequipo.com.mx\/despiden-a-conductor-de-noticias-en-bc-en-pleno-programa-acusan-presion-de-la-gobernadora-marina-avila\/","name":"Sonora en Equipo. Due\u00f1o de canal 66 de BC pide disculpas a conductor de Ciudadano 2.0 por despido al aire Showbiz","isPartOf":{"@id":"https:\/\/www.sonoraenequipo.com.mx\/#website"},"primaryImageOfPage":{"@id":"https:\/\/www.sonoraenequipo.com.mx\/despiden-a-conductor-de-noticias-en-bc-en-pleno-programa-acusan-presion-de-la-gobernadora-marina-avila\/#primaryimage"},"image":{"@id":"https:\/\/www.sonoraenequipo.com.mx\/despiden-a-conductor-de-noticias-en-bc-en-pleno-programa-acusan-presion-de-la-gobernadora-marina-avila\/#primaryimage"},"thumbnailUrl":"https:\/\/www.sonoraenequipo.com.mx\/storage\/2024\/10\/macalpin.jpg","datePublished":"2024-10-10T16:00:00+00:00","dateModified":"2024-10-11T01:57:58+00:00","description":"MEXICALI, BAJA CALIFORNIA. MX. \u2014 Luis Arnoldo Cabada Alv\u00eddrez, due\u00f1o y director del canal 66 de Mexicali, Baja California, finalmente rompi\u00f3 el silencio y En Sonora en Equipo publicamos toda la informaci\u00f3n de Sonora, M\u00e9xico y el Mundo de manera oportuna y busca que la libertad de expresi\u00f3n sea real. Visita nuestro medio informativo publicado desde Hermosillo, Sonora. %","breadcrumb":{"@id":"https:\/\/www.sonoraenequipo.com.mx\/despiden-a-conductor-de-noticias-en-bc-en-pleno-programa-acusan-presion-de-la-gobernadora-marina-avila\/#breadcrumb"},"inLanguage":"es","potentialAction":[{"@type":"ReadAction","target":["https:\/\/www.sonoraenequipo.com.mx\/despiden-a-conductor-de-noticias-en-bc-en-pleno-programa-acusan-presion-de-la-gobernadora-marina-avila\/"]}]},{"@type":"ImageObject","inLanguage":"es","@id":"https:\/\/www.sonoraenequipo.com.mx\/despiden-a-conductor-de-noticias-en-bc-en-pleno-programa-acusan-presion-de-la-gobernadora-marina-avila\/#primaryimage","url":"https:\/\/www.sonoraenequipo.com.mx\/storage\/2024\/10\/macalpin.jpg","contentUrl":"https:\/\/www.sonoraenequipo.com.mx\/storage\/2024\/10\/macalpin.jpg","width":600,"height":338},{"@type":"BreadcrumbList","@id":"https:\/\/www.sonoraenequipo.com.mx\/despiden-a-conductor-de-noticias-en-bc-en-pleno-programa-acusan-presion-de-la-gobernadora-marina-avila\/#breadcrumb","itemListElement":[{"@type":"ListItem","position":1,"name":"Portada","item":"https:\/\/www.sonoraenequipo.com.mx\/"},{"@type":"ListItem","position":2,"name":"Due\u00f1o de canal 66 de BC pide disculpas a conductor de Ciudadano 2.0 por despido al aire"}]},{"@type":"WebSite","@id":"https:\/\/www.sonoraenequipo.com.mx\/#website","url":"https:\/\/www.sonoraenequipo.com.mx\/","name":"Sonora en Equipo.","description":"Diario en l\u00ednea con Noticias desde Hermosillo, Sonora","publisher":{"@id":"https:\/\/www.sonoraenequipo.com.mx\/#organization"},"potentialAction":[{"@type":"SearchAction","target":{"@type":"EntryPoint","urlTemplate":"https:\/\/www.sonoraenequipo.com.mx\/?s={search_term_string}"},"query-input":{"@type":"PropertyValueSpecification","valueRequired":true,"valueName":"search_term_string"}}],"inLanguage":"es"},{"@type":"Organization","@id":"https:\/\/www.sonoraenequipo.com.mx\/#organization","name":"Sonoraenequipo.com.mx","url":"https:\/\/www.sonoraenequipo.com.mx\/","logo":{"@type":"ImageObject","inLanguage":"es","@id":"https:\/\/www.sonoraenequipo.com.mx\/#\/schema\/logo\/image\/","url":"https:\/\/www.sonoraenequipo.com.mx\/storage\/2019\/01\/sonoraenequipo_opt.png","contentUrl":"https:\/\/www.sonoraenequipo.com.mx\/storage\/2019\/01\/sonoraenequipo_opt.png","width":375,"height":125,"caption":"Sonoraenequipo.com.mx"},"image":{"@id":"https:\/\/www.sonoraenequipo.com.mx\/#\/schema\/logo\/image\/"},"sameAs":["https:\/\/www.facebook.com\/SonoraEE\/","https:\/\/x.com\/sonoraenequipo","https:\/\/www.youtube.com\/channel\/UC338nW-lPEYmJQs4ZABQ1SQ"]},{"@type":"Person","@id":"https:\/\/www.sonoraenequipo.com.mx\/#\/schema\/person\/50102df0fb23a8fa9e8effad8fa81386","name":"enequipo","image":{"@type":"ImageObject","inLanguage":"es","@id":"https:\/\/www.sonoraenequipo.com.mx\/#\/schema\/person\/image\/","url":"https:\/\/secure.gravatar.com\/avatar\/049821681b589dabc0bc20695993ccebb09f5b5d4d790cd9251b97faac7c652b?s=96&d=blank&r=g","contentUrl":"https:\/\/secure.gravatar.com\/avatar\/049821681b589dabc0bc20695993ccebb09f5b5d4d790cd9251b97faac7c652b?s=96&d=blank&r=g","caption":"enequipo"},"sameAs":["https:\/\/www.facebook.com\/SonoraEE"]}]}},"jetpack_featured_media_url":"https:\/\/www.sonoraenequipo.com.mx\/storage\/2024\/10\/macalpin.jpg","_links":{"self":[{"href":"https:\/\/www.sonoraenequipo.com.mx\/api\/wp\/v2\/posts\/201193","targetHints":{"allow":["GET"]}}],"collection":[{"href":"https:\/\/www.sonoraenequipo.com.mx\/api\/wp\/v2\/posts"}],"about":[{"href":"https:\/\/www.sonoraenequipo.com.mx\/api\/wp\/v2\/types\/post"}],"author":[{"embeddable":true,"href":"https:\/\/www.sonoraenequipo.com.mx\/api\/wp\/v2\/users\/1"}],"replies":[{"embeddable":true,"href":"https:\/\/www.sonoraenequipo.com.mx\/api\/wp\/v2\/comments?post=201193"}],"version-history":[{"count":6,"href":"https:\/\/www.sonoraenequipo.com.mx\/api\/wp\/v2\/posts\/201193\/revisions"}],"predecessor-version":[{"id":201203,"href":"https:\/\/www.sonoraenequipo.com.mx\/api\/wp\/v2\/posts\/201193\/revisions\/201203"}],"wp:featuredmedia":[{"embeddable":true,"href":"https:\/\/www.sonoraenequipo.com.mx\/api\/wp\/v2\/media\/201194"}],"wp:attachment":[{"href":"https:\/\/www.sonoraenequipo.com.mx\/api\/wp\/v2\/media?parent=201193"}],"wp:term":[{"taxonomy":"category","embeddable":true,"href":"https:\/\/www.sonoraenequipo.com.mx\/api\/wp\/v2\/categories?post=201193"},{"taxonomy":"post_tag","embeddable":true,"href":"https:\/\/www.sonoraenequipo.com.mx\/api\/wp\/v2\/tags?post=201193"}],"curies":[{"name":"wp","href":"https:\/\/api.w.org\/{rel}","templated":true}]}}