{"id":201337,"date":"2024-10-10T08:36:32","date_gmt":"2024-10-10T15:36:32","guid":{"rendered":"https:\/\/www.sonoraenequipo.com.mx\/?p=201337"},"modified":"2024-10-11T14:38:17","modified_gmt":"2024-10-11T21:38:17","slug":"senado-avala-reglas-para-eleccion-de-jueces-quitando-derecho-de-veto","status":"publish","type":"post","link":"https:\/\/www.sonoraenequipo.com.mx\/senado-avala-reglas-para-eleccion-de-jueces-quitando-derecho-de-veto\/","title":{"rendered":"Senado avala reglas para elecci\u00f3n de jueces quitando derecho de veto"},"content":{"rendered":"<p><strong>CIUDAD DE M\u00c9XICO. MX. \u2014<\/strong> Morena y sus aliados lograron aprobar en el Senado de la Rep\u00fablica las reformas a leyes secundarias que establecen las reglas de la elecci\u00f3n de 896 jueces, magistrados y ministros el 1 junio del 2025.<\/p>\n<p>&nbsp;<\/p>\n<p>&nbsp;<\/p>\n<p>&nbsp;<\/p>\n<p> <\/p>\n<p>Lo anterior se hizo con la eliminaci\u00f3n de una adici\u00f3n que propon\u00eda el \u201cderecho de veto\u201d en contra de candidatos a juzgadores por parte de los tres poderes.<\/p>\n<p>&nbsp;<\/p>\n<p>&nbsp;<\/p>\n<p>La reforma a la Ley General de Procedimientos e Instituciones Electorales y la Ley de Medios de Impugnaci\u00f3n, fue aprobada por 81 votos a favor y 40 en contra, fue avalada la reforma a la Ley General de Procedimientos e Instituciones Electorales y la Ley de Medios de Impugnaci\u00f3n.<\/p>\n<p>&nbsp;<\/p>\n<blockquote class=\"twitter-tweet\" data-width=\"550\" data-dnt=\"true\">\n<p lang=\"es\" dir=\"ltr\">\ud83d\udd34 Sesi\u00f3n de la C\u00e1mara de Senadores, del 10 de octubre de 2024. <a href=\"https:\/\/t.co\/12Evcjvraa\">https:\/\/t.co\/12Evcjvraa<\/a><\/p>\n<p>&mdash; Senado de M\u00e9xico (@senadomexicano) <a href=\"https:\/\/twitter.com\/senadomexicano\/status\/1844386264562245864?ref_src=twsrc%5Etfw\">October 10, 2024<\/a><\/p><\/blockquote>\n<p><script async src=\"https:\/\/platform.twitter.com\/widgets.js\" charset=\"utf-8\"><\/script><\/p>\n<p>&nbsp;<\/p>\n<p>En el proyecto se fijan las normas para la participaci\u00f3n de la ciudadan\u00eda en la renovaci\u00f3n de los Poderes Judiciales, ello mediante la convocatoria y postulaci\u00f3n de candidaturas; organizaci\u00f3n de la elecci\u00f3n; propaganda; encuestas y sondeos de opini\u00f3n; entre otros.<\/p>\n<p>&nbsp;<\/p>\n<p>&nbsp;<\/p>\n<p>Cabe recordar que Morena, ech\u00f3 para atr\u00e1s la modificaci\u00f3n que hab\u00eda incluido en la reforma de la presidente Claudia Sheinbaum, donde se otorgaba el derecho de veto en contra de candidatos a jueces, magistrados y ministros por parte de los tres poderes.<\/p>\n<p>&nbsp;<\/p>\n<p>&nbsp;<\/p>\n<p><em><strong>\u201cNo va a haber de ninguna manera ning\u00fan veto para ninguno de los aspirantes. Nosotros estamos a favor de que haya un proceso democr\u00e1tico electivo de jueces, ministros y magistrados\u201d<\/strong><\/em>, expuso el vicecoordinador de Morena, Ignacio Mier.<\/p>\n<p>&nbsp;<\/p>\n<p>&nbsp;<\/p>\n<p>Sheinbaum manifest\u00f3 su rechazo al veto de los poderes de la Uni\u00f3n a las listas de aspirantes a jueces, magistrados y ministros, que emitir\u00e1n los comit\u00e9s de evaluaci\u00f3n.<\/p>\n<p>&nbsp;<\/p>\n<p>&nbsp;<\/p>\n<p>&nbsp;<\/p>\n<p>PUBLICADO EL 11 DE OCTUBRE DE 2024 Con informaci\u00f3n de EE\/Senado de la Rep\u00fablica)<\/p>\n","protected":false},"excerpt":{"rendered":"<p>CIUDAD DE M\u00c9XICO. MX. \u2014 Morena y sus aliados lograron aprobar en el Senado de&#8230;<\/p>\n","protected":false},"author":1,"featured_media":201277,"comment_status":"open","ping_status":"open","sticky":false,"template":"","format":"standard","meta":{"_monsterinsights_skip_tracking":false,"_monsterinsights_sitenote_active":false,"_monsterinsights_sitenote_note":"","_monsterinsights_sitenote_category":0,"footnotes":""},"categories":[5],"tags":[],"class_list":["post"],"yoast_head":" \n<title>Sonora en Equipo. Senado avala reglas para elecci\u00f3n de jueces quitando derecho de veto Rep\u00fablica<\/title>\n<meta name=\"description\" content=\"CIUDAD DE M\u00c9XICO. MX. \u2014 Morena y sus aliados lograron aprobar en el Senado de la Rep\u00fablica las reformas a leyes secundarias que establecen las reglas de En Sonora en Equipo publicamos toda la informaci\u00f3n de Sonora, M\u00e9xico y el Mundo de manera oportuna y busca que la libertad de expresi\u00f3n sea real. Visita nuestro medio informativo publicado desde Hermosillo, Sonora. %\" \/>\n<meta name=\"robots\" content=\"index, follow, max-snippet:-1, max-image-preview:large, max-video-preview:-1\" \/>\n<link rel=\"canonical\" href=\"https:\/\/www.sonoraenequipo.com.mx\/senado-avala-reglas-para-eleccion-de-jueces-quitando-derecho-de-veto\/\" \/>\n<meta property=\"og:locale\" content=\"es_ES\" \/>\n<meta property=\"og:type\" content=\"article\" \/>\n<meta property=\"og:title\" content=\"Sonora en Equipo. Senado avala reglas para elecci\u00f3n de jueces quitando derecho de veto Rep\u00fablica\" \/>\n<meta property=\"og:description\" content=\"CIUDAD DE M\u00c9XICO. MX. \u2014 Morena y sus aliados lograron aprobar en el Senado de la Rep\u00fablica las reformas a leyes secundarias que establecen las reglas de En Sonora en Equipo publicamos toda la informaci\u00f3n de Sonora, M\u00e9xico y el Mundo de manera oportuna y busca que la libertad de expresi\u00f3n sea real. Visita nuestro medio informativo publicado desde Hermosillo, Sonora. %\" \/>\n<meta property=\"og:url\" content=\"https:\/\/www.sonoraenequipo.com.mx\/senado-avala-reglas-para-eleccion-de-jueces-quitando-derecho-de-veto\/\" \/>\n<meta property=\"og:site_name\" content=\"Sonora en Equipo.\" \/>\n<meta property=\"article:publisher\" content=\"https:\/\/www.facebook.com\/SonoraEE\/\" \/>\n<meta property=\"article:author\" content=\"https:\/\/www.facebook.com\/SonoraEE\" \/>\n<meta property=\"article:published_time\" content=\"2024-10-10T15:36:32+00:00\" \/>\n<meta property=\"article:modified_time\" content=\"2024-10-11T21:38:17+00:00\" \/>\n<meta property=\"og:image\" content=\"https:\/\/www.sonoraenequipo.com.mx\/storage\/2024\/10\/senado-de-la-Republica-min.jpg\" \/>\n\t<meta property=\"og:image:width\" content=\"900\" \/>\n\t<meta property=\"og:image:height\" content=\"506\" \/>\n\t<meta property=\"og:image:type\" content=\"image\/jpeg\" \/>\n<meta name=\"author\" content=\"enequipo\" \/>\n<meta name=\"twitter:card\" content=\"summary_large_image\" \/>\n<meta name=\"twitter:creator\" content=\"@sonoraenequipo\" \/>\n<meta name=\"twitter:site\" content=\"@sonoraenequipo\" \/>\n<meta name=\"twitter:label1\" content=\"Escrito por\" \/>\n\t<meta name=\"twitter:data1\" content=\"enequipo\" \/>\n\t<meta name=\"twitter:label2\" content=\"Tiempo de lectura\" \/>\n\t<meta name=\"twitter:data2\" content=\"2 minutos\" \/>\n<script type=\"application\/ld+json\" class=\"yoast-schema-graph\">{\"@context\":\"https:\/\/schema.org\",\"@graph\":[{\"@type\":\"Article\",\"@id\":\"https:\/\/www.sonoraenequipo.com.mx\/senado-avala-reglas-para-eleccion-de-jueces-quitando-derecho-de-veto\/#article\",\"isPartOf\":{\"@id\":\"https:\/\/www.sonoraenequipo.com.mx\/senado-avala-reglas-para-eleccion-de-jueces-quitando-derecho-de-veto\/\"},\"author\":{\"name\":\"enequipo\",\"@id\":\"https:\/\/www.sonoraenequipo.com.mx\/#\/schema\/person\/50102df0fb23a8fa9e8effad8fa81386\"},\"headline\":\"Senado avala reglas para elecci\u00f3n de jueces quitando derecho de veto\",\"datePublished\":\"2024-10-10T15:36:32+00:00\",\"dateModified\":\"2024-10-11T21:38:17+00:00\",\"mainEntityOfPage\":{\"@id\":\"https:\/\/www.sonoraenequipo.com.mx\/senado-avala-reglas-para-eleccion-de-jueces-quitando-derecho-de-veto\/\"},\"wordCount\":330,\"commentCount\":0,\"publisher\":{\"@id\":\"https:\/\/www.sonoraenequipo.com.mx\/#organization\"},\"image\":{\"@id\":\"https:\/\/www.sonoraenequipo.com.mx\/senado-avala-reglas-para-eleccion-de-jueces-quitando-derecho-de-veto\/#primaryimage\"},\"thumbnailUrl\":\"https:\/\/www.sonoraenequipo.com.mx\/storage\/2024\/10\/senado-de-la-Republica-min.jpg\",\"articleSection\":[\"Rep\u00fablica\"],\"inLanguage\":\"es\",\"potentialAction\":[{\"@type\":\"CommentAction\",\"name\":\"Comment\",\"target\":[\"https:\/\/www.sonoraenequipo.com.mx\/senado-avala-reglas-para-eleccion-de-jueces-quitando-derecho-de-veto\/#respond\"]}]},{\"@type\":\"WebPage\",\"@id\":\"https:\/\/www.sonoraenequipo.com.mx\/senado-avala-reglas-para-eleccion-de-jueces-quitando-derecho-de-veto\/\",\"url\":\"https:\/\/www.sonoraenequipo.com.mx\/senado-avala-reglas-para-eleccion-de-jueces-quitando-derecho-de-veto\/\",\"name\":\"Sonora en Equipo. Senado avala reglas para elecci\u00f3n de jueces quitando derecho de veto Rep\u00fablica\",\"isPartOf\":{\"@id\":\"https:\/\/www.sonoraenequipo.com.mx\/#website\"},\"primaryImageOfPage\":{\"@id\":\"https:\/\/www.sonoraenequipo.com.mx\/senado-avala-reglas-para-eleccion-de-jueces-quitando-derecho-de-veto\/#primaryimage\"},\"image\":{\"@id\":\"https:\/\/www.sonoraenequipo.com.mx\/senado-avala-reglas-para-eleccion-de-jueces-quitando-derecho-de-veto\/#primaryimage\"},\"thumbnailUrl\":\"https:\/\/www.sonoraenequipo.com.mx\/storage\/2024\/10\/senado-de-la-Republica-min.jpg\",\"datePublished\":\"2024-10-10T15:36:32+00:00\",\"dateModified\":\"2024-10-11T21:38:17+00:00\",\"description\":\"CIUDAD DE M\u00c9XICO. MX. \u2014 Morena y sus aliados lograron aprobar en el Senado de la Rep\u00fablica las reformas a leyes secundarias que establecen las reglas de En Sonora en Equipo publicamos toda la informaci\u00f3n de Sonora, M\u00e9xico y el Mundo de manera oportuna y busca que la libertad de expresi\u00f3n sea real. Visita nuestro medio informativo publicado desde Hermosillo, Sonora. %\",\"breadcrumb\":{\"@id\":\"https:\/\/www.sonoraenequipo.com.mx\/senado-avala-reglas-para-eleccion-de-jueces-quitando-derecho-de-veto\/#breadcrumb\"},\"inLanguage\":\"es\",\"potentialAction\":[{\"@type\":\"ReadAction\",\"target\":[\"https:\/\/www.sonoraenequipo.com.mx\/senado-avala-reglas-para-eleccion-de-jueces-quitando-derecho-de-veto\/\"]}]},{\"@type\":\"ImageObject\",\"inLanguage\":\"es\",\"@id\":\"https:\/\/www.sonoraenequipo.com.mx\/senado-avala-reglas-para-eleccion-de-jueces-quitando-derecho-de-veto\/#primaryimage\",\"url\":\"https:\/\/www.sonoraenequipo.com.mx\/storage\/2024\/10\/senado-de-la-Republica-min.jpg\",\"contentUrl\":\"https:\/\/www.sonoraenequipo.com.mx\/storage\/2024\/10\/senado-de-la-Republica-min.jpg\",\"width\":900,\"height\":506},{\"@type\":\"BreadcrumbList\",\"@id\":\"https:\/\/www.sonoraenequipo.com.mx\/senado-avala-reglas-para-eleccion-de-jueces-quitando-derecho-de-veto\/#breadcrumb\",\"itemListElement\":[{\"@type\":\"ListItem\",\"position\":1,\"name\":\"Portada\",\"item\":\"https:\/\/www.sonoraenequipo.com.mx\/\"},{\"@type\":\"ListItem\",\"position\":2,\"name\":\"Senado avala reglas para elecci\u00f3n de jueces quitando derecho de veto\"}]},{\"@type\":\"WebSite\",\"@id\":\"https:\/\/www.sonoraenequipo.com.mx\/#website\",\"url\":\"https:\/\/www.sonoraenequipo.com.mx\/\",\"name\":\"Sonora en Equipo.\",\"description\":\"Diario en l\u00ednea con Noticias desde Hermosillo, Sonora\",\"publisher\":{\"@id\":\"https:\/\/www.sonoraenequipo.com.mx\/#organization\"},\"potentialAction\":[{\"@type\":\"SearchAction\",\"target\":{\"@type\":\"EntryPoint\",\"urlTemplate\":\"https:\/\/www.sonoraenequipo.com.mx\/?s={search_term_string}\"},\"query-input\":{\"@type\":\"PropertyValueSpecification\",\"valueRequired\":true,\"valueName\":\"search_term_string\"}}],\"inLanguage\":\"es\"},{\"@type\":\"Organization\",\"@id\":\"https:\/\/www.sonoraenequipo.com.mx\/#organization\",\"name\":\"Sonoraenequipo.com.mx\",\"url\":\"https:\/\/www.sonoraenequipo.com.mx\/\",\"logo\":{\"@type\":\"ImageObject\",\"inLanguage\":\"es\",\"@id\":\"https:\/\/www.sonoraenequipo.com.mx\/#\/schema\/logo\/image\/\",\"url\":\"https:\/\/www.sonoraenequipo.com.mx\/storage\/2019\/01\/sonoraenequipo_opt.png\",\"contentUrl\":\"https:\/\/www.sonoraenequipo.com.mx\/storage\/2019\/01\/sonoraenequipo_opt.png\",\"width\":375,\"height\":125,\"caption\":\"Sonoraenequipo.com.mx\"},\"image\":{\"@id\":\"https:\/\/www.sonoraenequipo.com.mx\/#\/schema\/logo\/image\/\"},\"sameAs\":[\"https:\/\/www.facebook.com\/SonoraEE\/\",\"https:\/\/x.com\/sonoraenequipo\",\"https:\/\/www.youtube.com\/channel\/UC338nW-lPEYmJQs4ZABQ1SQ\"]},{\"@type\":\"Person\",\"@id\":\"https:\/\/www.sonoraenequipo.com.mx\/#\/schema\/person\/50102df0fb23a8fa9e8effad8fa81386\",\"name\":\"enequipo\",\"image\":{\"@type\":\"ImageObject\",\"inLanguage\":\"es\",\"@id\":\"https:\/\/www.sonoraenequipo.com.mx\/#\/schema\/person\/image\/\",\"url\":\"https:\/\/secure.gravatar.com\/avatar\/049821681b589dabc0bc20695993ccebb09f5b5d4d790cd9251b97faac7c652b?s=96&d=blank&r=g\",\"contentUrl\":\"https:\/\/secure.gravatar.com\/avatar\/049821681b589dabc0bc20695993ccebb09f5b5d4d790cd9251b97faac7c652b?s=96&d=blank&r=g\",\"caption\":\"enequipo\"},\"sameAs\":[\"https:\/\/www.facebook.com\/SonoraEE\"]}]}<\/script>\n ","yoast_head_json":{"title":"Sonora en Equipo. Senado avala reglas para elecci\u00f3n de jueces quitando derecho de veto Rep\u00fablica","description":"CIUDAD DE M\u00c9XICO. MX. \u2014 Morena y sus aliados lograron aprobar en el Senado de la Rep\u00fablica las reformas a leyes secundarias que establecen las reglas de En Sonora en Equipo publicamos toda la informaci\u00f3n de Sonora, M\u00e9xico y el Mundo de manera oportuna y busca que la libertad de expresi\u00f3n sea real. Visita nuestro medio informativo publicado desde Hermosillo, Sonora. %","robots":{"index":"index","follow":"follow","max-snippet":"max-snippet:-1","max-image-preview":"max-image-preview:large","max-video-preview":"max-video-preview:-1"},"canonical":"https:\/\/www.sonoraenequipo.com.mx\/senado-avala-reglas-para-eleccion-de-jueces-quitando-derecho-de-veto\/","og_locale":"es_ES","og_type":"article","og_title":"Sonora en Equipo. Senado avala reglas para elecci\u00f3n de jueces quitando derecho de veto Rep\u00fablica","og_description":"CIUDAD DE M\u00c9XICO. MX. \u2014 Morena y sus aliados lograron aprobar en el Senado de la Rep\u00fablica las reformas a leyes secundarias que establecen las reglas de En Sonora en Equipo publicamos toda la informaci\u00f3n de Sonora, M\u00e9xico y el Mundo de manera oportuna y busca que la libertad de expresi\u00f3n sea real. Visita nuestro medio informativo publicado desde Hermosillo, Sonora. %","og_url":"https:\/\/www.sonoraenequipo.com.mx\/senado-avala-reglas-para-eleccion-de-jueces-quitando-derecho-de-veto\/","og_site_name":"Sonora en Equipo.","article_publisher":"https:\/\/www.facebook.com\/SonoraEE\/","article_author":"https:\/\/www.facebook.com\/SonoraEE","article_published_time":"2024-10-10T15:36:32+00:00","article_modified_time":"2024-10-11T21:38:17+00:00","og_image":[{"width":900,"height":506,"url":"https:\/\/www.sonoraenequipo.com.mx\/storage\/2024\/10\/senado-de-la-Republica-min.jpg","type":"image\/jpeg"}],"author":"enequipo","twitter_card":"summary_large_image","twitter_creator":"@sonoraenequipo","twitter_site":"@sonoraenequipo","twitter_misc":{"Escrito por":"enequipo","Tiempo de lectura":"2 minutos"},"schema":{"@context":"https:\/\/schema.org","@graph":[{"@type":"Article","@id":"https:\/\/www.sonoraenequipo.com.mx\/senado-avala-reglas-para-eleccion-de-jueces-quitando-derecho-de-veto\/#article","isPartOf":{"@id":"https:\/\/www.sonoraenequipo.com.mx\/senado-avala-reglas-para-eleccion-de-jueces-quitando-derecho-de-veto\/"},"author":{"name":"enequipo","@id":"https:\/\/www.sonoraenequipo.com.mx\/#\/schema\/person\/50102df0fb23a8fa9e8effad8fa81386"},"headline":"Senado avala reglas para elecci\u00f3n de jueces quitando derecho de veto","datePublished":"2024-10-10T15:36:32+00:00","dateModified":"2024-10-11T21:38:17+00:00","mainEntityOfPage":{"@id":"https:\/\/www.sonoraenequipo.com.mx\/senado-avala-reglas-para-eleccion-de-jueces-quitando-derecho-de-veto\/"},"wordCount":330,"commentCount":0,"publisher":{"@id":"https:\/\/www.sonoraenequipo.com.mx\/#organization"},"image":{"@id":"https:\/\/www.sonoraenequipo.com.mx\/senado-avala-reglas-para-eleccion-de-jueces-quitando-derecho-de-veto\/#primaryimage"},"thumbnailUrl":"https:\/\/www.sonoraenequipo.com.mx\/storage\/2024\/10\/senado-de-la-Republica-min.jpg","articleSection":["Rep\u00fablica"],"inLanguage":"es","potentialAction":[{"@type":"CommentAction","name":"Comment","target":["https:\/\/www.sonoraenequipo.com.mx\/senado-avala-reglas-para-eleccion-de-jueces-quitando-derecho-de-veto\/#respond"]}]},{"@type":"WebPage","@id":"https:\/\/www.sonoraenequipo.com.mx\/senado-avala-reglas-para-eleccion-de-jueces-quitando-derecho-de-veto\/","url":"https:\/\/www.sonoraenequipo.com.mx\/senado-avala-reglas-para-eleccion-de-jueces-quitando-derecho-de-veto\/","name":"Sonora en Equipo. Senado avala reglas para elecci\u00f3n de jueces quitando derecho de veto Rep\u00fablica","isPartOf":{"@id":"https:\/\/www.sonoraenequipo.com.mx\/#website"},"primaryImageOfPage":{"@id":"https:\/\/www.sonoraenequipo.com.mx\/senado-avala-reglas-para-eleccion-de-jueces-quitando-derecho-de-veto\/#primaryimage"},"image":{"@id":"https:\/\/www.sonoraenequipo.com.mx\/senado-avala-reglas-para-eleccion-de-jueces-quitando-derecho-de-veto\/#primaryimage"},"thumbnailUrl":"https:\/\/www.sonoraenequipo.com.mx\/storage\/2024\/10\/senado-de-la-Republica-min.jpg","datePublished":"2024-10-10T15:36:32+00:00","dateModified":"2024-10-11T21:38:17+00:00","description":"CIUDAD DE M\u00c9XICO. MX. \u2014 Morena y sus aliados lograron aprobar en el Senado de la Rep\u00fablica las reformas a leyes secundarias que establecen las reglas de En Sonora en Equipo publicamos toda la informaci\u00f3n de Sonora, M\u00e9xico y el Mundo de manera oportuna y busca que la libertad de expresi\u00f3n sea real. Visita nuestro medio informativo publicado desde Hermosillo, Sonora. %","breadcrumb":{"@id":"https:\/\/www.sonoraenequipo.com.mx\/senado-avala-reglas-para-eleccion-de-jueces-quitando-derecho-de-veto\/#breadcrumb"},"inLanguage":"es","potentialAction":[{"@type":"ReadAction","target":["https:\/\/www.sonoraenequipo.com.mx\/senado-avala-reglas-para-eleccion-de-jueces-quitando-derecho-de-veto\/"]}]},{"@type":"ImageObject","inLanguage":"es","@id":"https:\/\/www.sonoraenequipo.com.mx\/senado-avala-reglas-para-eleccion-de-jueces-quitando-derecho-de-veto\/#primaryimage","url":"https:\/\/www.sonoraenequipo.com.mx\/storage\/2024\/10\/senado-de-la-Republica-min.jpg","contentUrl":"https:\/\/www.sonoraenequipo.com.mx\/storage\/2024\/10\/senado-de-la-Republica-min.jpg","width":900,"height":506},{"@type":"BreadcrumbList","@id":"https:\/\/www.sonoraenequipo.com.mx\/senado-avala-reglas-para-eleccion-de-jueces-quitando-derecho-de-veto\/#breadcrumb","itemListElement":[{"@type":"ListItem","position":1,"name":"Portada","item":"https:\/\/www.sonoraenequipo.com.mx\/"},{"@type":"ListItem","position":2,"name":"Senado avala reglas para elecci\u00f3n de jueces quitando derecho de veto"}]},{"@type":"WebSite","@id":"https:\/\/www.sonoraenequipo.com.mx\/#website","url":"https:\/\/www.sonoraenequipo.com.mx\/","name":"Sonora en Equipo.","description":"Diario en l\u00ednea con Noticias desde Hermosillo, Sonora","publisher":{"@id":"https:\/\/www.sonoraenequipo.com.mx\/#organization"},"potentialAction":[{"@type":"SearchAction","target":{"@type":"EntryPoint","urlTemplate":"https:\/\/www.sonoraenequipo.com.mx\/?s={search_term_string}"},"query-input":{"@type":"PropertyValueSpecification","valueRequired":true,"valueName":"search_term_string"}}],"inLanguage":"es"},{"@type":"Organization","@id":"https:\/\/www.sonoraenequipo.com.mx\/#organization","name":"Sonoraenequipo.com.mx","url":"https:\/\/www.sonoraenequipo.com.mx\/","logo":{"@type":"ImageObject","inLanguage":"es","@id":"https:\/\/www.sonoraenequipo.com.mx\/#\/schema\/logo\/image\/","url":"https:\/\/www.sonoraenequipo.com.mx\/storage\/2019\/01\/sonoraenequipo_opt.png","contentUrl":"https:\/\/www.sonoraenequipo.com.mx\/storage\/2019\/01\/sonoraenequipo_opt.png","width":375,"height":125,"caption":"Sonoraenequipo.com.mx"},"image":{"@id":"https:\/\/www.sonoraenequipo.com.mx\/#\/schema\/logo\/image\/"},"sameAs":["https:\/\/www.facebook.com\/SonoraEE\/","https:\/\/x.com\/sonoraenequipo","https:\/\/www.youtube.com\/channel\/UC338nW-lPEYmJQs4ZABQ1SQ"]},{"@type":"Person","@id":"https:\/\/www.sonoraenequipo.com.mx\/#\/schema\/person\/50102df0fb23a8fa9e8effad8fa81386","name":"enequipo","image":{"@type":"ImageObject","inLanguage":"es","@id":"https:\/\/www.sonoraenequipo.com.mx\/#\/schema\/person\/image\/","url":"https:\/\/secure.gravatar.com\/avatar\/049821681b589dabc0bc20695993ccebb09f5b5d4d790cd9251b97faac7c652b?s=96&d=blank&r=g","contentUrl":"https:\/\/secure.gravatar.com\/avatar\/049821681b589dabc0bc20695993ccebb09f5b5d4d790cd9251b97faac7c652b?s=96&d=blank&r=g","caption":"enequipo"},"sameAs":["https:\/\/www.facebook.com\/SonoraEE"]}]}},"jetpack_featured_media_url":"https:\/\/www.sonoraenequipo.com.mx\/storage\/2024\/10\/senado-de-la-Republica-min.jpg","_links":{"self":[{"href":"https:\/\/www.sonoraenequipo.com.mx\/api\/wp\/v2\/posts\/201337","targetHints":{"allow":["GET"]}}],"collection":[{"href":"https:\/\/www.sonoraenequipo.com.mx\/api\/wp\/v2\/posts"}],"about":[{"href":"https:\/\/www.sonoraenequipo.com.mx\/api\/wp\/v2\/types\/post"}],"author":[{"embeddable":true,"href":"https:\/\/www.sonoraenequipo.com.mx\/api\/wp\/v2\/users\/1"}],"replies":[{"embeddable":true,"href":"https:\/\/www.sonoraenequipo.com.mx\/api\/wp\/v2\/comments?post=201337"}],"version-history":[{"count":1,"href":"https:\/\/www.sonoraenequipo.com.mx\/api\/wp\/v2\/posts\/201337\/revisions"}],"predecessor-version":[{"id":201338,"href":"https:\/\/www.sonoraenequipo.com.mx\/api\/wp\/v2\/posts\/201337\/revisions\/201338"}],"wp:featuredmedia":[{"embeddable":true,"href":"https:\/\/www.sonoraenequipo.com.mx\/api\/wp\/v2\/media\/201277"}],"wp:attachment":[{"href":"https:\/\/www.sonoraenequipo.com.mx\/api\/wp\/v2\/media?parent=201337"}],"wp:term":[{"taxonomy":"category","embeddable":true,"href":"https:\/\/www.sonoraenequipo.com.mx\/api\/wp\/v2\/categories?post=201337"},{"taxonomy":"post_tag","embeddable":true,"href":"https:\/\/www.sonoraenequipo.com.mx\/api\/wp\/v2\/tags?post=201337"}],"curies":[{"name":"wp","href":"https:\/\/api.w.org\/{rel}","templated":true}]}}