{"id":201839,"date":"2024-10-01T22:01:30","date_gmt":"2024-10-02T05:01:30","guid":{"rendered":"https:\/\/www.sonoraenequipo.com.mx\/?p=201839"},"modified":"2024-10-16T21:23:22","modified_gmt":"2024-10-17T04:23:22","slug":"impulsa-staus-creacion-de-la-unidad-alternativa-universitaria","status":"publish","type":"post","link":"https:\/\/www.sonoraenequipo.com.mx\/impulsa-staus-creacion-de-la-unidad-alternativa-universitaria\/","title":{"rendered":"Impulsa Staus creaci\u00f3n de la Unidad Alternativa Universitaria"},"content":{"rendered":"<p><strong>HERMOSILLO, SONORA. MX. \u2014<\/strong>\u00a0 El Sindicato de Trabajadores Acad\u00e9micos de la Universidad de Sonora (Staus) organiza un proceso para seleccionar a las personas que conformar\u00e1n la Unidad Alternativa Universitaria.<\/p>\n<p> <\/p>\n<p>Vilma Cha, integrante del gremio, explic\u00f3 que esta unidad tiene como objetivo defender los intereses democr\u00e1ticos de estudiantes, trabajadores y acad\u00e9micos frente a las decisiones de las autoridades de la Universidad de Sonora.<\/p>\n<p><em><strong>\u00abNos hemos propuesto impulsar un proyecto alternativo para transformar nuestra instituci\u00f3n con base en los siguientes ejes: derecho a la educaci\u00f3n con inclusi\u00f3n, gratuidad y multiculturalidad; respeto irrestricto a la dignidad de las personas, con un enfoque de derechos humanos e igualdad sustantiva y de g\u00e9nero\u00bb<\/strong><\/em>, se\u00f1al\u00f3.<\/p>\n<p>Por su parte, Juan D\u00edaz Hilton, integrante del Staus, detall\u00f3 que quienes deseen formar parte de la Unidad Alternativa Universitaria deben enviar su solicitud y documentaci\u00f3n al correo <a href=\"http:\/\/coordinaci\u00f3nuau@gmail.com\"><strong>coordinaci\u00f3nuau@gmail.com<\/strong><\/a>, adem\u00e1s de que el formato de registro est\u00e1 disponible en <a href=\"http:\/\/www.uau.com.mx.\"><strong>www.uau.com.mx.<\/strong><\/a><\/p>\n<p><strong>\u00abEste ser\u00e1 un proceso abierto en el que se discutir\u00e1n las ideas para implementar este proyecto\u00bb,<\/strong> mencion\u00f3.<\/p>\n<p>La convocatoria cierra el 4 de octubre. Los aspirantes podr\u00e1n hacer campa\u00f1a del 7 al 28 de octubre. La votaci\u00f3n se realizar\u00e1 electr\u00f3nicamente desde las 08:00 horas del 29 de octubre hasta las 18:00 horas del 31 del mismo mes, a trav\u00e9s del Sistema de Consulta del Staus, al que tendr\u00e1 acceso la comunidad universitaria.<\/p>\n<p>Los resultados se publicar\u00e1n el <strong>31 de octubre a las 19:00 horas, y los elegidos tomar\u00e1n protesta el 4 de noviembre a las 12:00 horas.<\/strong><\/p>\n<p>PUBLICADO EL 07 DE OCTUBRE DE 2024 Con informaci\u00f3n de STAUS)<\/p>\n","protected":false},"excerpt":{"rendered":"<p>HERMOSILLO, SONORA. MX. \u2014\u00a0 El Sindicato de Trabajadores Acad\u00e9micos de la Universidad de Sonora (Staus)&#8230;<\/p>\n","protected":false},"author":1,"featured_media":201840,"comment_status":"open","ping_status":"open","sticky":false,"template":"","format":"standard","meta":{"_monsterinsights_skip_tracking":false,"_monsterinsights_sitenote_active":false,"_monsterinsights_sitenote_note":"","_monsterinsights_sitenote_category":0,"footnotes":""},"categories":[22],"tags":[],"class_list":["post"],"yoast_head":" \n<title>Sonora en Equipo. Impulsa Staus creaci\u00f3n de la Unidad Alternativa Universitaria Sonora<\/title>\n<meta name=\"description\" content=\"HERMOSILLO, SONORA. MX. \u2014\u00a0 El Sindicato de Trabajadores Acad\u00e9micos de la Universidad de Sonora (Staus) organiza un proceso para seleccionar a las personas En Sonora en Equipo publicamos toda la informaci\u00f3n de Sonora, M\u00e9xico y el Mundo de manera oportuna y busca que la libertad de expresi\u00f3n sea real. Visita nuestro medio informativo publicado desde Hermosillo, Sonora. %\" \/>\n<meta name=\"robots\" content=\"index, follow, max-snippet:-1, max-image-preview:large, max-video-preview:-1\" \/>\n<link rel=\"canonical\" href=\"https:\/\/www.sonoraenequipo.com.mx\/impulsa-staus-creacion-de-la-unidad-alternativa-universitaria\/\" \/>\n<meta property=\"og:locale\" content=\"es_ES\" \/>\n<meta property=\"og:type\" content=\"article\" \/>\n<meta property=\"og:title\" content=\"Sonora en Equipo. Impulsa Staus creaci\u00f3n de la Unidad Alternativa Universitaria Sonora\" \/>\n<meta property=\"og:description\" content=\"HERMOSILLO, SONORA. MX. \u2014\u00a0 El Sindicato de Trabajadores Acad\u00e9micos de la Universidad de Sonora (Staus) organiza un proceso para seleccionar a las personas En Sonora en Equipo publicamos toda la informaci\u00f3n de Sonora, M\u00e9xico y el Mundo de manera oportuna y busca que la libertad de expresi\u00f3n sea real. Visita nuestro medio informativo publicado desde Hermosillo, Sonora. %\" \/>\n<meta property=\"og:url\" content=\"https:\/\/www.sonoraenequipo.com.mx\/impulsa-staus-creacion-de-la-unidad-alternativa-universitaria\/\" \/>\n<meta property=\"og:site_name\" content=\"Sonora en Equipo.\" \/>\n<meta property=\"article:publisher\" content=\"https:\/\/www.facebook.com\/SonoraEE\/\" \/>\n<meta property=\"article:author\" content=\"https:\/\/www.facebook.com\/SonoraEE\" \/>\n<meta property=\"article:published_time\" content=\"2024-10-02T05:01:30+00:00\" \/>\n<meta property=\"article:modified_time\" content=\"2024-10-17T04:23:22+00:00\" \/>\n<meta property=\"og:image\" content=\"https:\/\/www.sonoraenequipo.com.mx\/storage\/2024\/10\/unidad-alternativa-universitaria-min.webp\" \/>\n\t<meta property=\"og:image:width\" content=\"940\" \/>\n\t<meta property=\"og:image:height\" content=\"492\" \/>\n\t<meta property=\"og:image:type\" content=\"image\/webp\" \/>\n<meta name=\"author\" content=\"enequipo\" \/>\n<meta name=\"twitter:card\" content=\"summary_large_image\" \/>\n<meta name=\"twitter:creator\" content=\"@sonoraenequipo\" \/>\n<meta name=\"twitter:site\" content=\"@sonoraenequipo\" \/>\n<meta name=\"twitter:label1\" content=\"Escrito por\" \/>\n\t<meta name=\"twitter:data1\" content=\"enequipo\" \/>\n\t<meta name=\"twitter:label2\" content=\"Tiempo de lectura\" \/>\n\t<meta name=\"twitter:data2\" content=\"1 minuto\" \/>\n<script type=\"application\/ld+json\" class=\"yoast-schema-graph\">{\"@context\":\"https:\/\/schema.org\",\"@graph\":[{\"@type\":\"Article\",\"@id\":\"https:\/\/www.sonoraenequipo.com.mx\/impulsa-staus-creacion-de-la-unidad-alternativa-universitaria\/#article\",\"isPartOf\":{\"@id\":\"https:\/\/www.sonoraenequipo.com.mx\/impulsa-staus-creacion-de-la-unidad-alternativa-universitaria\/\"},\"author\":{\"name\":\"enequipo\",\"@id\":\"https:\/\/www.sonoraenequipo.com.mx\/#\/schema\/person\/50102df0fb23a8fa9e8effad8fa81386\"},\"headline\":\"Impulsa Staus creaci\u00f3n de la Unidad Alternativa Universitaria\",\"datePublished\":\"2024-10-02T05:01:30+00:00\",\"dateModified\":\"2024-10-17T04:23:22+00:00\",\"mainEntityOfPage\":{\"@id\":\"https:\/\/www.sonoraenequipo.com.mx\/impulsa-staus-creacion-de-la-unidad-alternativa-universitaria\/\"},\"wordCount\":279,\"commentCount\":0,\"publisher\":{\"@id\":\"https:\/\/www.sonoraenequipo.com.mx\/#organization\"},\"image\":{\"@id\":\"https:\/\/www.sonoraenequipo.com.mx\/impulsa-staus-creacion-de-la-unidad-alternativa-universitaria\/#primaryimage\"},\"thumbnailUrl\":\"https:\/\/www.sonoraenequipo.com.mx\/storage\/2024\/10\/unidad-alternativa-universitaria-min.webp\",\"articleSection\":[\"Sonora\"],\"inLanguage\":\"es\",\"potentialAction\":[{\"@type\":\"CommentAction\",\"name\":\"Comment\",\"target\":[\"https:\/\/www.sonoraenequipo.com.mx\/impulsa-staus-creacion-de-la-unidad-alternativa-universitaria\/#respond\"]}]},{\"@type\":\"WebPage\",\"@id\":\"https:\/\/www.sonoraenequipo.com.mx\/impulsa-staus-creacion-de-la-unidad-alternativa-universitaria\/\",\"url\":\"https:\/\/www.sonoraenequipo.com.mx\/impulsa-staus-creacion-de-la-unidad-alternativa-universitaria\/\",\"name\":\"Sonora en Equipo. Impulsa Staus creaci\u00f3n de la Unidad Alternativa Universitaria Sonora\",\"isPartOf\":{\"@id\":\"https:\/\/www.sonoraenequipo.com.mx\/#website\"},\"primaryImageOfPage\":{\"@id\":\"https:\/\/www.sonoraenequipo.com.mx\/impulsa-staus-creacion-de-la-unidad-alternativa-universitaria\/#primaryimage\"},\"image\":{\"@id\":\"https:\/\/www.sonoraenequipo.com.mx\/impulsa-staus-creacion-de-la-unidad-alternativa-universitaria\/#primaryimage\"},\"thumbnailUrl\":\"https:\/\/www.sonoraenequipo.com.mx\/storage\/2024\/10\/unidad-alternativa-universitaria-min.webp\",\"datePublished\":\"2024-10-02T05:01:30+00:00\",\"dateModified\":\"2024-10-17T04:23:22+00:00\",\"description\":\"HERMOSILLO, SONORA. MX. \u2014\u00a0 El Sindicato de Trabajadores Acad\u00e9micos de la Universidad de Sonora (Staus) organiza un proceso para seleccionar a las personas En Sonora en Equipo publicamos toda la informaci\u00f3n de Sonora, M\u00e9xico y el Mundo de manera oportuna y busca que la libertad de expresi\u00f3n sea real. Visita nuestro medio informativo publicado desde Hermosillo, Sonora. %\",\"breadcrumb\":{\"@id\":\"https:\/\/www.sonoraenequipo.com.mx\/impulsa-staus-creacion-de-la-unidad-alternativa-universitaria\/#breadcrumb\"},\"inLanguage\":\"es\",\"potentialAction\":[{\"@type\":\"ReadAction\",\"target\":[\"https:\/\/www.sonoraenequipo.com.mx\/impulsa-staus-creacion-de-la-unidad-alternativa-universitaria\/\"]}]},{\"@type\":\"ImageObject\",\"inLanguage\":\"es\",\"@id\":\"https:\/\/www.sonoraenequipo.com.mx\/impulsa-staus-creacion-de-la-unidad-alternativa-universitaria\/#primaryimage\",\"url\":\"https:\/\/www.sonoraenequipo.com.mx\/storage\/2024\/10\/unidad-alternativa-universitaria-min.webp\",\"contentUrl\":\"https:\/\/www.sonoraenequipo.com.mx\/storage\/2024\/10\/unidad-alternativa-universitaria-min.webp\",\"width\":940,\"height\":492},{\"@type\":\"BreadcrumbList\",\"@id\":\"https:\/\/www.sonoraenequipo.com.mx\/impulsa-staus-creacion-de-la-unidad-alternativa-universitaria\/#breadcrumb\",\"itemListElement\":[{\"@type\":\"ListItem\",\"position\":1,\"name\":\"Portada\",\"item\":\"https:\/\/www.sonoraenequipo.com.mx\/\"},{\"@type\":\"ListItem\",\"position\":2,\"name\":\"Impulsa Staus creaci\u00f3n de la Unidad Alternativa Universitaria\"}]},{\"@type\":\"WebSite\",\"@id\":\"https:\/\/www.sonoraenequipo.com.mx\/#website\",\"url\":\"https:\/\/www.sonoraenequipo.com.mx\/\",\"name\":\"Sonora en Equipo.\",\"description\":\"Diario en l\u00ednea con Noticias desde Hermosillo, Sonora\",\"publisher\":{\"@id\":\"https:\/\/www.sonoraenequipo.com.mx\/#organization\"},\"potentialAction\":[{\"@type\":\"SearchAction\",\"target\":{\"@type\":\"EntryPoint\",\"urlTemplate\":\"https:\/\/www.sonoraenequipo.com.mx\/?s={search_term_string}\"},\"query-input\":{\"@type\":\"PropertyValueSpecification\",\"valueRequired\":true,\"valueName\":\"search_term_string\"}}],\"inLanguage\":\"es\"},{\"@type\":\"Organization\",\"@id\":\"https:\/\/www.sonoraenequipo.com.mx\/#organization\",\"name\":\"Sonoraenequipo.com.mx\",\"url\":\"https:\/\/www.sonoraenequipo.com.mx\/\",\"logo\":{\"@type\":\"ImageObject\",\"inLanguage\":\"es\",\"@id\":\"https:\/\/www.sonoraenequipo.com.mx\/#\/schema\/logo\/image\/\",\"url\":\"https:\/\/www.sonoraenequipo.com.mx\/storage\/2019\/01\/sonoraenequipo_opt.png\",\"contentUrl\":\"https:\/\/www.sonoraenequipo.com.mx\/storage\/2019\/01\/sonoraenequipo_opt.png\",\"width\":375,\"height\":125,\"caption\":\"Sonoraenequipo.com.mx\"},\"image\":{\"@id\":\"https:\/\/www.sonoraenequipo.com.mx\/#\/schema\/logo\/image\/\"},\"sameAs\":[\"https:\/\/www.facebook.com\/SonoraEE\/\",\"https:\/\/x.com\/sonoraenequipo\",\"https:\/\/www.youtube.com\/channel\/UC338nW-lPEYmJQs4ZABQ1SQ\"]},{\"@type\":\"Person\",\"@id\":\"https:\/\/www.sonoraenequipo.com.mx\/#\/schema\/person\/50102df0fb23a8fa9e8effad8fa81386\",\"name\":\"enequipo\",\"image\":{\"@type\":\"ImageObject\",\"inLanguage\":\"es\",\"@id\":\"https:\/\/www.sonoraenequipo.com.mx\/#\/schema\/person\/image\/\",\"url\":\"https:\/\/secure.gravatar.com\/avatar\/049821681b589dabc0bc20695993ccebb09f5b5d4d790cd9251b97faac7c652b?s=96&d=blank&r=g\",\"contentUrl\":\"https:\/\/secure.gravatar.com\/avatar\/049821681b589dabc0bc20695993ccebb09f5b5d4d790cd9251b97faac7c652b?s=96&d=blank&r=g\",\"caption\":\"enequipo\"},\"sameAs\":[\"https:\/\/www.facebook.com\/SonoraEE\"]}]}<\/script>\n ","yoast_head_json":{"title":"Sonora en Equipo. Impulsa Staus creaci\u00f3n de la Unidad Alternativa Universitaria Sonora","description":"HERMOSILLO, SONORA. MX. \u2014\u00a0 El Sindicato de Trabajadores Acad\u00e9micos de la Universidad de Sonora (Staus) organiza un proceso para seleccionar a las personas En Sonora en Equipo publicamos toda la informaci\u00f3n de Sonora, M\u00e9xico y el Mundo de manera oportuna y busca que la libertad de expresi\u00f3n sea real. Visita nuestro medio informativo publicado desde Hermosillo, Sonora. %","robots":{"index":"index","follow":"follow","max-snippet":"max-snippet:-1","max-image-preview":"max-image-preview:large","max-video-preview":"max-video-preview:-1"},"canonical":"https:\/\/www.sonoraenequipo.com.mx\/impulsa-staus-creacion-de-la-unidad-alternativa-universitaria\/","og_locale":"es_ES","og_type":"article","og_title":"Sonora en Equipo. Impulsa Staus creaci\u00f3n de la Unidad Alternativa Universitaria Sonora","og_description":"HERMOSILLO, SONORA. MX. \u2014\u00a0 El Sindicato de Trabajadores Acad\u00e9micos de la Universidad de Sonora (Staus) organiza un proceso para seleccionar a las personas En Sonora en Equipo publicamos toda la informaci\u00f3n de Sonora, M\u00e9xico y el Mundo de manera oportuna y busca que la libertad de expresi\u00f3n sea real. Visita nuestro medio informativo publicado desde Hermosillo, Sonora. %","og_url":"https:\/\/www.sonoraenequipo.com.mx\/impulsa-staus-creacion-de-la-unidad-alternativa-universitaria\/","og_site_name":"Sonora en Equipo.","article_publisher":"https:\/\/www.facebook.com\/SonoraEE\/","article_author":"https:\/\/www.facebook.com\/SonoraEE","article_published_time":"2024-10-02T05:01:30+00:00","article_modified_time":"2024-10-17T04:23:22+00:00","og_image":[{"width":940,"height":492,"url":"https:\/\/www.sonoraenequipo.com.mx\/storage\/2024\/10\/unidad-alternativa-universitaria-min.webp","type":"image\/webp"}],"author":"enequipo","twitter_card":"summary_large_image","twitter_creator":"@sonoraenequipo","twitter_site":"@sonoraenequipo","twitter_misc":{"Escrito por":"enequipo","Tiempo de lectura":"1 minuto"},"schema":{"@context":"https:\/\/schema.org","@graph":[{"@type":"Article","@id":"https:\/\/www.sonoraenequipo.com.mx\/impulsa-staus-creacion-de-la-unidad-alternativa-universitaria\/#article","isPartOf":{"@id":"https:\/\/www.sonoraenequipo.com.mx\/impulsa-staus-creacion-de-la-unidad-alternativa-universitaria\/"},"author":{"name":"enequipo","@id":"https:\/\/www.sonoraenequipo.com.mx\/#\/schema\/person\/50102df0fb23a8fa9e8effad8fa81386"},"headline":"Impulsa Staus creaci\u00f3n de la Unidad Alternativa Universitaria","datePublished":"2024-10-02T05:01:30+00:00","dateModified":"2024-10-17T04:23:22+00:00","mainEntityOfPage":{"@id":"https:\/\/www.sonoraenequipo.com.mx\/impulsa-staus-creacion-de-la-unidad-alternativa-universitaria\/"},"wordCount":279,"commentCount":0,"publisher":{"@id":"https:\/\/www.sonoraenequipo.com.mx\/#organization"},"image":{"@id":"https:\/\/www.sonoraenequipo.com.mx\/impulsa-staus-creacion-de-la-unidad-alternativa-universitaria\/#primaryimage"},"thumbnailUrl":"https:\/\/www.sonoraenequipo.com.mx\/storage\/2024\/10\/unidad-alternativa-universitaria-min.webp","articleSection":["Sonora"],"inLanguage":"es","potentialAction":[{"@type":"CommentAction","name":"Comment","target":["https:\/\/www.sonoraenequipo.com.mx\/impulsa-staus-creacion-de-la-unidad-alternativa-universitaria\/#respond"]}]},{"@type":"WebPage","@id":"https:\/\/www.sonoraenequipo.com.mx\/impulsa-staus-creacion-de-la-unidad-alternativa-universitaria\/","url":"https:\/\/www.sonoraenequipo.com.mx\/impulsa-staus-creacion-de-la-unidad-alternativa-universitaria\/","name":"Sonora en Equipo. Impulsa Staus creaci\u00f3n de la Unidad Alternativa Universitaria Sonora","isPartOf":{"@id":"https:\/\/www.sonoraenequipo.com.mx\/#website"},"primaryImageOfPage":{"@id":"https:\/\/www.sonoraenequipo.com.mx\/impulsa-staus-creacion-de-la-unidad-alternativa-universitaria\/#primaryimage"},"image":{"@id":"https:\/\/www.sonoraenequipo.com.mx\/impulsa-staus-creacion-de-la-unidad-alternativa-universitaria\/#primaryimage"},"thumbnailUrl":"https:\/\/www.sonoraenequipo.com.mx\/storage\/2024\/10\/unidad-alternativa-universitaria-min.webp","datePublished":"2024-10-02T05:01:30+00:00","dateModified":"2024-10-17T04:23:22+00:00","description":"HERMOSILLO, SONORA. MX. \u2014\u00a0 El Sindicato de Trabajadores Acad\u00e9micos de la Universidad de Sonora (Staus) organiza un proceso para seleccionar a las personas En Sonora en Equipo publicamos toda la informaci\u00f3n de Sonora, M\u00e9xico y el Mundo de manera oportuna y busca que la libertad de expresi\u00f3n sea real. Visita nuestro medio informativo publicado desde Hermosillo, Sonora. %","breadcrumb":{"@id":"https:\/\/www.sonoraenequipo.com.mx\/impulsa-staus-creacion-de-la-unidad-alternativa-universitaria\/#breadcrumb"},"inLanguage":"es","potentialAction":[{"@type":"ReadAction","target":["https:\/\/www.sonoraenequipo.com.mx\/impulsa-staus-creacion-de-la-unidad-alternativa-universitaria\/"]}]},{"@type":"ImageObject","inLanguage":"es","@id":"https:\/\/www.sonoraenequipo.com.mx\/impulsa-staus-creacion-de-la-unidad-alternativa-universitaria\/#primaryimage","url":"https:\/\/www.sonoraenequipo.com.mx\/storage\/2024\/10\/unidad-alternativa-universitaria-min.webp","contentUrl":"https:\/\/www.sonoraenequipo.com.mx\/storage\/2024\/10\/unidad-alternativa-universitaria-min.webp","width":940,"height":492},{"@type":"BreadcrumbList","@id":"https:\/\/www.sonoraenequipo.com.mx\/impulsa-staus-creacion-de-la-unidad-alternativa-universitaria\/#breadcrumb","itemListElement":[{"@type":"ListItem","position":1,"name":"Portada","item":"https:\/\/www.sonoraenequipo.com.mx\/"},{"@type":"ListItem","position":2,"name":"Impulsa Staus creaci\u00f3n de la Unidad Alternativa Universitaria"}]},{"@type":"WebSite","@id":"https:\/\/www.sonoraenequipo.com.mx\/#website","url":"https:\/\/www.sonoraenequipo.com.mx\/","name":"Sonora en Equipo.","description":"Diario en l\u00ednea con Noticias desde Hermosillo, Sonora","publisher":{"@id":"https:\/\/www.sonoraenequipo.com.mx\/#organization"},"potentialAction":[{"@type":"SearchAction","target":{"@type":"EntryPoint","urlTemplate":"https:\/\/www.sonoraenequipo.com.mx\/?s={search_term_string}"},"query-input":{"@type":"PropertyValueSpecification","valueRequired":true,"valueName":"search_term_string"}}],"inLanguage":"es"},{"@type":"Organization","@id":"https:\/\/www.sonoraenequipo.com.mx\/#organization","name":"Sonoraenequipo.com.mx","url":"https:\/\/www.sonoraenequipo.com.mx\/","logo":{"@type":"ImageObject","inLanguage":"es","@id":"https:\/\/www.sonoraenequipo.com.mx\/#\/schema\/logo\/image\/","url":"https:\/\/www.sonoraenequipo.com.mx\/storage\/2019\/01\/sonoraenequipo_opt.png","contentUrl":"https:\/\/www.sonoraenequipo.com.mx\/storage\/2019\/01\/sonoraenequipo_opt.png","width":375,"height":125,"caption":"Sonoraenequipo.com.mx"},"image":{"@id":"https:\/\/www.sonoraenequipo.com.mx\/#\/schema\/logo\/image\/"},"sameAs":["https:\/\/www.facebook.com\/SonoraEE\/","https:\/\/x.com\/sonoraenequipo","https:\/\/www.youtube.com\/channel\/UC338nW-lPEYmJQs4ZABQ1SQ"]},{"@type":"Person","@id":"https:\/\/www.sonoraenequipo.com.mx\/#\/schema\/person\/50102df0fb23a8fa9e8effad8fa81386","name":"enequipo","image":{"@type":"ImageObject","inLanguage":"es","@id":"https:\/\/www.sonoraenequipo.com.mx\/#\/schema\/person\/image\/","url":"https:\/\/secure.gravatar.com\/avatar\/049821681b589dabc0bc20695993ccebb09f5b5d4d790cd9251b97faac7c652b?s=96&d=blank&r=g","contentUrl":"https:\/\/secure.gravatar.com\/avatar\/049821681b589dabc0bc20695993ccebb09f5b5d4d790cd9251b97faac7c652b?s=96&d=blank&r=g","caption":"enequipo"},"sameAs":["https:\/\/www.facebook.com\/SonoraEE"]}]}},"jetpack_featured_media_url":"https:\/\/www.sonoraenequipo.com.mx\/storage\/2024\/10\/unidad-alternativa-universitaria-min.webp","_links":{"self":[{"href":"https:\/\/www.sonoraenequipo.com.mx\/api\/wp\/v2\/posts\/201839","targetHints":{"allow":["GET"]}}],"collection":[{"href":"https:\/\/www.sonoraenequipo.com.mx\/api\/wp\/v2\/posts"}],"about":[{"href":"https:\/\/www.sonoraenequipo.com.mx\/api\/wp\/v2\/types\/post"}],"author":[{"embeddable":true,"href":"https:\/\/www.sonoraenequipo.com.mx\/api\/wp\/v2\/users\/1"}],"replies":[{"embeddable":true,"href":"https:\/\/www.sonoraenequipo.com.mx\/api\/wp\/v2\/comments?post=201839"}],"version-history":[{"count":2,"href":"https:\/\/www.sonoraenequipo.com.mx\/api\/wp\/v2\/posts\/201839\/revisions"}],"predecessor-version":[{"id":201842,"href":"https:\/\/www.sonoraenequipo.com.mx\/api\/wp\/v2\/posts\/201839\/revisions\/201842"}],"wp:featuredmedia":[{"embeddable":true,"href":"https:\/\/www.sonoraenequipo.com.mx\/api\/wp\/v2\/media\/201840"}],"wp:attachment":[{"href":"https:\/\/www.sonoraenequipo.com.mx\/api\/wp\/v2\/media?parent=201839"}],"wp:term":[{"taxonomy":"category","embeddable":true,"href":"https:\/\/www.sonoraenequipo.com.mx\/api\/wp\/v2\/categories?post=201839"},{"taxonomy":"post_tag","embeddable":true,"href":"https:\/\/www.sonoraenequipo.com.mx\/api\/wp\/v2\/tags?post=201839"}],"curies":[{"name":"wp","href":"https:\/\/api.w.org\/{rel}","templated":true}]}}