{"id":202363,"date":"2024-10-22T19:11:02","date_gmt":"2024-10-23T02:11:02","guid":{"rendered":"https:\/\/www.sonoraenequipo.com.mx\/?p=202363"},"modified":"2024-10-22T19:11:02","modified_gmt":"2024-10-23T02:11:02","slug":"dotara-amde-a-comerciantes-de-hermosillo-de-herramientas-para-mejorar-su-actividad","status":"publish","type":"post","link":"https:\/\/www.sonoraenequipo.com.mx\/dotara-amde-a-comerciantes-de-hermosillo-de-herramientas-para-mejorar-su-actividad\/","title":{"rendered":"Dotar\u00e1 AMDE a comerciantes de Hermosillo de herramientas para mejorar su actividad"},"content":{"rendered":"<p><strong>HERMOSILLO, SONORA, MX.<\/strong> \u2014 La Agencia Municipal de Desarrollo Econ\u00f3mico (AMDE) y la Uni\u00f3n de Comerciantes de Hermosillo A.C. formalizaron un convenio mediante el cual las y los agremiados participar\u00e1n en los programas de capacitaci\u00f3n de la dependencia y promover\u00e1n actividades conjuntas que contribuyan al desarrollo econ\u00f3mico de la localidad.<\/p>\n<p>&nbsp;<\/p>\n<p>&nbsp;<\/p>\n<p>&nbsp;<\/p>\n<p>Gertie Agraz Boeneker, directora de la AMDE, recibi\u00f3 en las instalaciones de la agencia a Rub\u00e9n L\u00f3pez Peralta, presidente de la Uni\u00f3n de Comerciantes del Centro de Hermosillo, a quien manifest\u00f3 que la suma de esfuerzos con organizaciones de la sociedad civil para lograr objetivos en com\u00fan es muy importante en la administraci\u00f3n que encabeza Antonio Astiazar\u00e1n Guti\u00e9rrez.<\/p>\n<p>&nbsp;<\/p>\n<p>&nbsp;<\/p>\n<p>&nbsp;<\/p>\n<p>\u201cEstamos muy contentos el d\u00eda de hoy de formalizar esta alianza con la Uni\u00f3n de Comerciantes del Centro en Hermosillo con el objetivo de promover de manera conjunta proyectos de capacitaci\u00f3n y emprendimiento, organizar foros y compartir informaci\u00f3n relevante del sector que nos ayude a comunicar oportunamente los avances que tenemos con relaci\u00f3n a esta alianza\u201d, abund\u00f3 la funcionaria.<\/p>\n<p>&nbsp;<\/p>\n<p>&nbsp;<\/p>\n<p>&nbsp;<\/p>\n<p>Previo a firmar el convenio, el presidente de la Uni\u00f3n de Comerciantes revel\u00f3 que los agremiados reconocen a la capacitaci\u00f3n que ofrece el Gobierno Municipal a trav\u00e9s de la AMDE como un factor determinante para su crecimiento y la generaci\u00f3n de m\u00e1s fuentes de empleos formales en Hermosillo.<\/p>\n<p>&nbsp;<\/p>\n<p>&nbsp;<\/p>\n<p>&nbsp;<\/p>\n<p>Asistieron a este protocolo Omar Guti\u00e9rrez, director del Centro Municipal del Emprendedor y Marisol Sotres, administradora de la organizaci\u00f3n gremial, mientras que Lizeth Duarte, coordinadora de Capacitaci\u00f3n de la AMDE y el comerciante del centro Gerardo Mayboca, signaron el convenio en calidad de testigos.<\/p>\n<p>&nbsp;<\/p>\n<p>&nbsp;<\/p>\n<p>&nbsp;<\/p>\n<p>Durante el encuentro se inform\u00f3 que la m\u00e1s pr\u00f3xima actividad en el marco de esta colaboraci\u00f3n formal ser\u00e1 una nueva edici\u00f3n del programa de capacitaci\u00f3n a emprendedoras y emprendedores Fast Track, a celebrarse en noviembre.<\/p>\n<p>&nbsp;<\/p>\n<p>&nbsp;<\/p>\n<p>&nbsp;<\/p>\n<p>Dicha estrategia la \u00f3pera el Centro Municipal del Emprendedor para propiciar el crecimiento de nuevos negocios al proporcionar a los emprendedores participantes herramientas para establecerse o permanecer en el mercado de manera efectiva.<\/p>\n<p><strong>Fecha de publicaci\u00f3n martes 22 de octubre de 2024 \/<\/strong><\/p>\n","protected":false},"excerpt":{"rendered":"<p>HERMOSILLO, SONORA, MX. \u2014 La Agencia Municipal de Desarrollo Econ\u00f3mico (AMDE) y la Uni\u00f3n de&#8230;<\/p>\n","protected":false},"author":1,"featured_media":202364,"comment_status":"open","ping_status":"open","sticky":false,"template":"","format":"standard","meta":{"_monsterinsights_skip_tracking":false,"_monsterinsights_sitenote_active":false,"_monsterinsights_sitenote_note":"","_monsterinsights_sitenote_category":0,"footnotes":""},"categories":[4],"tags":[10000,6306,35],"class_list":["post"],"yoast_head":" \n<title>Sonora en Equipo. Dotar\u00e1 AMDE a comerciantes de Hermosillo de herramientas para mejorar su actividad Municipios<\/title>\n<meta name=\"description\" content=\"HERMOSILLO, SONORA, MX. \u2014 La Agencia Municipal de Desarrollo Econ\u00f3mico (AMDE) y la Uni\u00f3n de Comerciantes de Hermosillo A.C. formalizaron un convenio En Sonora en Equipo publicamos toda la informaci\u00f3n de Sonora, M\u00e9xico y el Mundo de manera oportuna y busca que la libertad de expresi\u00f3n sea real. Visita nuestro medio informativo publicado desde Hermosillo, Sonora. %\" \/>\n<meta name=\"robots\" content=\"index, follow, max-snippet:-1, max-image-preview:large, max-video-preview:-1\" \/>\n<link rel=\"canonical\" href=\"https:\/\/www.sonoraenequipo.com.mx\/dotara-amde-a-comerciantes-de-hermosillo-de-herramientas-para-mejorar-su-actividad\/\" \/>\n<meta property=\"og:locale\" content=\"es_ES\" \/>\n<meta property=\"og:type\" content=\"article\" \/>\n<meta property=\"og:title\" content=\"Sonora en Equipo. Dotar\u00e1 AMDE a comerciantes de Hermosillo de herramientas para mejorar su actividad Municipios\" \/>\n<meta property=\"og:description\" content=\"HERMOSILLO, SONORA, MX. \u2014 La Agencia Municipal de Desarrollo Econ\u00f3mico (AMDE) y la Uni\u00f3n de Comerciantes de Hermosillo A.C. formalizaron un convenio En Sonora en Equipo publicamos toda la informaci\u00f3n de Sonora, M\u00e9xico y el Mundo de manera oportuna y busca que la libertad de expresi\u00f3n sea real. Visita nuestro medio informativo publicado desde Hermosillo, Sonora. %\" \/>\n<meta property=\"og:url\" content=\"https:\/\/www.sonoraenequipo.com.mx\/dotara-amde-a-comerciantes-de-hermosillo-de-herramientas-para-mejorar-su-actividad\/\" \/>\n<meta property=\"og:site_name\" content=\"Sonora en Equipo.\" \/>\n<meta property=\"article:publisher\" content=\"https:\/\/www.facebook.com\/SonoraEE\/\" \/>\n<meta property=\"article:author\" content=\"https:\/\/www.facebook.com\/SonoraEE\" \/>\n<meta property=\"article:published_time\" content=\"2024-10-23T02:11:02+00:00\" \/>\n<meta property=\"og:image\" content=\"https:\/\/www.sonoraenequipo.com.mx\/storage\/2024\/10\/amde.jpg\" \/>\n\t<meta property=\"og:image:width\" content=\"600\" \/>\n\t<meta property=\"og:image:height\" content=\"429\" \/>\n\t<meta property=\"og:image:type\" content=\"image\/jpeg\" \/>\n<meta name=\"author\" content=\"enequipo\" \/>\n<meta name=\"twitter:card\" content=\"summary_large_image\" \/>\n<meta name=\"twitter:creator\" content=\"@sonoraenequipo\" \/>\n<meta name=\"twitter:site\" content=\"@sonoraenequipo\" \/>\n<meta name=\"twitter:label1\" content=\"Escrito por\" \/>\n\t<meta name=\"twitter:data1\" content=\"enequipo\" \/>\n\t<meta name=\"twitter:label2\" content=\"Tiempo de lectura\" \/>\n\t<meta name=\"twitter:data2\" content=\"2 minutos\" \/>\n<script type=\"application\/ld+json\" class=\"yoast-schema-graph\">{\"@context\":\"https:\/\/schema.org\",\"@graph\":[{\"@type\":\"Article\",\"@id\":\"https:\/\/www.sonoraenequipo.com.mx\/dotara-amde-a-comerciantes-de-hermosillo-de-herramientas-para-mejorar-su-actividad\/#article\",\"isPartOf\":{\"@id\":\"https:\/\/www.sonoraenequipo.com.mx\/dotara-amde-a-comerciantes-de-hermosillo-de-herramientas-para-mejorar-su-actividad\/\"},\"author\":{\"name\":\"enequipo\",\"@id\":\"https:\/\/www.sonoraenequipo.com.mx\/#\/schema\/person\/50102df0fb23a8fa9e8effad8fa81386\"},\"headline\":\"Dotar\u00e1 AMDE a comerciantes de Hermosillo de herramientas para mejorar su actividad\",\"datePublished\":\"2024-10-23T02:11:02+00:00\",\"mainEntityOfPage\":{\"@id\":\"https:\/\/www.sonoraenequipo.com.mx\/dotara-amde-a-comerciantes-de-hermosillo-de-herramientas-para-mejorar-su-actividad\/\"},\"wordCount\":396,\"commentCount\":0,\"publisher\":{\"@id\":\"https:\/\/www.sonoraenequipo.com.mx\/#organization\"},\"image\":{\"@id\":\"https:\/\/www.sonoraenequipo.com.mx\/dotara-amde-a-comerciantes-de-hermosillo-de-herramientas-para-mejorar-su-actividad\/#primaryimage\"},\"thumbnailUrl\":\"https:\/\/www.sonoraenequipo.com.mx\/storage\/2024\/10\/amde.jpg\",\"keywords\":[\"amde\",\"comerciantes\",\"hermosillo\"],\"articleSection\":[\"Municipios\"],\"inLanguage\":\"es\",\"potentialAction\":[{\"@type\":\"CommentAction\",\"name\":\"Comment\",\"target\":[\"https:\/\/www.sonoraenequipo.com.mx\/dotara-amde-a-comerciantes-de-hermosillo-de-herramientas-para-mejorar-su-actividad\/#respond\"]}]},{\"@type\":\"WebPage\",\"@id\":\"https:\/\/www.sonoraenequipo.com.mx\/dotara-amde-a-comerciantes-de-hermosillo-de-herramientas-para-mejorar-su-actividad\/\",\"url\":\"https:\/\/www.sonoraenequipo.com.mx\/dotara-amde-a-comerciantes-de-hermosillo-de-herramientas-para-mejorar-su-actividad\/\",\"name\":\"Sonora en Equipo. Dotar\u00e1 AMDE a comerciantes de Hermosillo de herramientas para mejorar su actividad Municipios\",\"isPartOf\":{\"@id\":\"https:\/\/www.sonoraenequipo.com.mx\/#website\"},\"primaryImageOfPage\":{\"@id\":\"https:\/\/www.sonoraenequipo.com.mx\/dotara-amde-a-comerciantes-de-hermosillo-de-herramientas-para-mejorar-su-actividad\/#primaryimage\"},\"image\":{\"@id\":\"https:\/\/www.sonoraenequipo.com.mx\/dotara-amde-a-comerciantes-de-hermosillo-de-herramientas-para-mejorar-su-actividad\/#primaryimage\"},\"thumbnailUrl\":\"https:\/\/www.sonoraenequipo.com.mx\/storage\/2024\/10\/amde.jpg\",\"datePublished\":\"2024-10-23T02:11:02+00:00\",\"description\":\"HERMOSILLO, SONORA, MX. \u2014 La Agencia Municipal de Desarrollo Econ\u00f3mico (AMDE) y la Uni\u00f3n de Comerciantes de Hermosillo A.C. formalizaron un convenio En Sonora en Equipo publicamos toda la informaci\u00f3n de Sonora, M\u00e9xico y el Mundo de manera oportuna y busca que la libertad de expresi\u00f3n sea real. Visita nuestro medio informativo publicado desde Hermosillo, Sonora. %\",\"breadcrumb\":{\"@id\":\"https:\/\/www.sonoraenequipo.com.mx\/dotara-amde-a-comerciantes-de-hermosillo-de-herramientas-para-mejorar-su-actividad\/#breadcrumb\"},\"inLanguage\":\"es\",\"potentialAction\":[{\"@type\":\"ReadAction\",\"target\":[\"https:\/\/www.sonoraenequipo.com.mx\/dotara-amde-a-comerciantes-de-hermosillo-de-herramientas-para-mejorar-su-actividad\/\"]}]},{\"@type\":\"ImageObject\",\"inLanguage\":\"es\",\"@id\":\"https:\/\/www.sonoraenequipo.com.mx\/dotara-amde-a-comerciantes-de-hermosillo-de-herramientas-para-mejorar-su-actividad\/#primaryimage\",\"url\":\"https:\/\/www.sonoraenequipo.com.mx\/storage\/2024\/10\/amde.jpg\",\"contentUrl\":\"https:\/\/www.sonoraenequipo.com.mx\/storage\/2024\/10\/amde.jpg\",\"width\":600,\"height\":429},{\"@type\":\"BreadcrumbList\",\"@id\":\"https:\/\/www.sonoraenequipo.com.mx\/dotara-amde-a-comerciantes-de-hermosillo-de-herramientas-para-mejorar-su-actividad\/#breadcrumb\",\"itemListElement\":[{\"@type\":\"ListItem\",\"position\":1,\"name\":\"Portada\",\"item\":\"https:\/\/www.sonoraenequipo.com.mx\/\"},{\"@type\":\"ListItem\",\"position\":2,\"name\":\"Dotar\u00e1 AMDE a comerciantes de Hermosillo de herramientas para mejorar su actividad\"}]},{\"@type\":\"WebSite\",\"@id\":\"https:\/\/www.sonoraenequipo.com.mx\/#website\",\"url\":\"https:\/\/www.sonoraenequipo.com.mx\/\",\"name\":\"Sonora en Equipo.\",\"description\":\"Diario en l\u00ednea con Noticias desde Hermosillo, Sonora\",\"publisher\":{\"@id\":\"https:\/\/www.sonoraenequipo.com.mx\/#organization\"},\"potentialAction\":[{\"@type\":\"SearchAction\",\"target\":{\"@type\":\"EntryPoint\",\"urlTemplate\":\"https:\/\/www.sonoraenequipo.com.mx\/?s={search_term_string}\"},\"query-input\":{\"@type\":\"PropertyValueSpecification\",\"valueRequired\":true,\"valueName\":\"search_term_string\"}}],\"inLanguage\":\"es\"},{\"@type\":\"Organization\",\"@id\":\"https:\/\/www.sonoraenequipo.com.mx\/#organization\",\"name\":\"Sonoraenequipo.com.mx\",\"url\":\"https:\/\/www.sonoraenequipo.com.mx\/\",\"logo\":{\"@type\":\"ImageObject\",\"inLanguage\":\"es\",\"@id\":\"https:\/\/www.sonoraenequipo.com.mx\/#\/schema\/logo\/image\/\",\"url\":\"https:\/\/www.sonoraenequipo.com.mx\/storage\/2019\/01\/sonoraenequipo_opt.png\",\"contentUrl\":\"https:\/\/www.sonoraenequipo.com.mx\/storage\/2019\/01\/sonoraenequipo_opt.png\",\"width\":375,\"height\":125,\"caption\":\"Sonoraenequipo.com.mx\"},\"image\":{\"@id\":\"https:\/\/www.sonoraenequipo.com.mx\/#\/schema\/logo\/image\/\"},\"sameAs\":[\"https:\/\/www.facebook.com\/SonoraEE\/\",\"https:\/\/x.com\/sonoraenequipo\",\"https:\/\/www.youtube.com\/channel\/UC338nW-lPEYmJQs4ZABQ1SQ\"]},{\"@type\":\"Person\",\"@id\":\"https:\/\/www.sonoraenequipo.com.mx\/#\/schema\/person\/50102df0fb23a8fa9e8effad8fa81386\",\"name\":\"enequipo\",\"image\":{\"@type\":\"ImageObject\",\"inLanguage\":\"es\",\"@id\":\"https:\/\/www.sonoraenequipo.com.mx\/#\/schema\/person\/image\/\",\"url\":\"https:\/\/secure.gravatar.com\/avatar\/049821681b589dabc0bc20695993ccebb09f5b5d4d790cd9251b97faac7c652b?s=96&d=blank&r=g\",\"contentUrl\":\"https:\/\/secure.gravatar.com\/avatar\/049821681b589dabc0bc20695993ccebb09f5b5d4d790cd9251b97faac7c652b?s=96&d=blank&r=g\",\"caption\":\"enequipo\"},\"sameAs\":[\"https:\/\/www.facebook.com\/SonoraEE\"]}]}<\/script>\n ","yoast_head_json":{"title":"Sonora en Equipo. Dotar\u00e1 AMDE a comerciantes de Hermosillo de herramientas para mejorar su actividad Municipios","description":"HERMOSILLO, SONORA, MX. \u2014 La Agencia Municipal de Desarrollo Econ\u00f3mico (AMDE) y la Uni\u00f3n de Comerciantes de Hermosillo A.C. formalizaron un convenio En Sonora en Equipo publicamos toda la informaci\u00f3n de Sonora, M\u00e9xico y el Mundo de manera oportuna y busca que la libertad de expresi\u00f3n sea real. Visita nuestro medio informativo publicado desde Hermosillo, Sonora. %","robots":{"index":"index","follow":"follow","max-snippet":"max-snippet:-1","max-image-preview":"max-image-preview:large","max-video-preview":"max-video-preview:-1"},"canonical":"https:\/\/www.sonoraenequipo.com.mx\/dotara-amde-a-comerciantes-de-hermosillo-de-herramientas-para-mejorar-su-actividad\/","og_locale":"es_ES","og_type":"article","og_title":"Sonora en Equipo. Dotar\u00e1 AMDE a comerciantes de Hermosillo de herramientas para mejorar su actividad Municipios","og_description":"HERMOSILLO, SONORA, MX. \u2014 La Agencia Municipal de Desarrollo Econ\u00f3mico (AMDE) y la Uni\u00f3n de Comerciantes de Hermosillo A.C. formalizaron un convenio En Sonora en Equipo publicamos toda la informaci\u00f3n de Sonora, M\u00e9xico y el Mundo de manera oportuna y busca que la libertad de expresi\u00f3n sea real. Visita nuestro medio informativo publicado desde Hermosillo, Sonora. %","og_url":"https:\/\/www.sonoraenequipo.com.mx\/dotara-amde-a-comerciantes-de-hermosillo-de-herramientas-para-mejorar-su-actividad\/","og_site_name":"Sonora en Equipo.","article_publisher":"https:\/\/www.facebook.com\/SonoraEE\/","article_author":"https:\/\/www.facebook.com\/SonoraEE","article_published_time":"2024-10-23T02:11:02+00:00","og_image":[{"width":600,"height":429,"url":"https:\/\/www.sonoraenequipo.com.mx\/storage\/2024\/10\/amde.jpg","type":"image\/jpeg"}],"author":"enequipo","twitter_card":"summary_large_image","twitter_creator":"@sonoraenequipo","twitter_site":"@sonoraenequipo","twitter_misc":{"Escrito por":"enequipo","Tiempo de lectura":"2 minutos"},"schema":{"@context":"https:\/\/schema.org","@graph":[{"@type":"Article","@id":"https:\/\/www.sonoraenequipo.com.mx\/dotara-amde-a-comerciantes-de-hermosillo-de-herramientas-para-mejorar-su-actividad\/#article","isPartOf":{"@id":"https:\/\/www.sonoraenequipo.com.mx\/dotara-amde-a-comerciantes-de-hermosillo-de-herramientas-para-mejorar-su-actividad\/"},"author":{"name":"enequipo","@id":"https:\/\/www.sonoraenequipo.com.mx\/#\/schema\/person\/50102df0fb23a8fa9e8effad8fa81386"},"headline":"Dotar\u00e1 AMDE a comerciantes de Hermosillo de herramientas para mejorar su actividad","datePublished":"2024-10-23T02:11:02+00:00","mainEntityOfPage":{"@id":"https:\/\/www.sonoraenequipo.com.mx\/dotara-amde-a-comerciantes-de-hermosillo-de-herramientas-para-mejorar-su-actividad\/"},"wordCount":396,"commentCount":0,"publisher":{"@id":"https:\/\/www.sonoraenequipo.com.mx\/#organization"},"image":{"@id":"https:\/\/www.sonoraenequipo.com.mx\/dotara-amde-a-comerciantes-de-hermosillo-de-herramientas-para-mejorar-su-actividad\/#primaryimage"},"thumbnailUrl":"https:\/\/www.sonoraenequipo.com.mx\/storage\/2024\/10\/amde.jpg","keywords":["amde","comerciantes","hermosillo"],"articleSection":["Municipios"],"inLanguage":"es","potentialAction":[{"@type":"CommentAction","name":"Comment","target":["https:\/\/www.sonoraenequipo.com.mx\/dotara-amde-a-comerciantes-de-hermosillo-de-herramientas-para-mejorar-su-actividad\/#respond"]}]},{"@type":"WebPage","@id":"https:\/\/www.sonoraenequipo.com.mx\/dotara-amde-a-comerciantes-de-hermosillo-de-herramientas-para-mejorar-su-actividad\/","url":"https:\/\/www.sonoraenequipo.com.mx\/dotara-amde-a-comerciantes-de-hermosillo-de-herramientas-para-mejorar-su-actividad\/","name":"Sonora en Equipo. Dotar\u00e1 AMDE a comerciantes de Hermosillo de herramientas para mejorar su actividad Municipios","isPartOf":{"@id":"https:\/\/www.sonoraenequipo.com.mx\/#website"},"primaryImageOfPage":{"@id":"https:\/\/www.sonoraenequipo.com.mx\/dotara-amde-a-comerciantes-de-hermosillo-de-herramientas-para-mejorar-su-actividad\/#primaryimage"},"image":{"@id":"https:\/\/www.sonoraenequipo.com.mx\/dotara-amde-a-comerciantes-de-hermosillo-de-herramientas-para-mejorar-su-actividad\/#primaryimage"},"thumbnailUrl":"https:\/\/www.sonoraenequipo.com.mx\/storage\/2024\/10\/amde.jpg","datePublished":"2024-10-23T02:11:02+00:00","description":"HERMOSILLO, SONORA, MX. \u2014 La Agencia Municipal de Desarrollo Econ\u00f3mico (AMDE) y la Uni\u00f3n de Comerciantes de Hermosillo A.C. formalizaron un convenio En Sonora en Equipo publicamos toda la informaci\u00f3n de Sonora, M\u00e9xico y el Mundo de manera oportuna y busca que la libertad de expresi\u00f3n sea real. Visita nuestro medio informativo publicado desde Hermosillo, Sonora. %","breadcrumb":{"@id":"https:\/\/www.sonoraenequipo.com.mx\/dotara-amde-a-comerciantes-de-hermosillo-de-herramientas-para-mejorar-su-actividad\/#breadcrumb"},"inLanguage":"es","potentialAction":[{"@type":"ReadAction","target":["https:\/\/www.sonoraenequipo.com.mx\/dotara-amde-a-comerciantes-de-hermosillo-de-herramientas-para-mejorar-su-actividad\/"]}]},{"@type":"ImageObject","inLanguage":"es","@id":"https:\/\/www.sonoraenequipo.com.mx\/dotara-amde-a-comerciantes-de-hermosillo-de-herramientas-para-mejorar-su-actividad\/#primaryimage","url":"https:\/\/www.sonoraenequipo.com.mx\/storage\/2024\/10\/amde.jpg","contentUrl":"https:\/\/www.sonoraenequipo.com.mx\/storage\/2024\/10\/amde.jpg","width":600,"height":429},{"@type":"BreadcrumbList","@id":"https:\/\/www.sonoraenequipo.com.mx\/dotara-amde-a-comerciantes-de-hermosillo-de-herramientas-para-mejorar-su-actividad\/#breadcrumb","itemListElement":[{"@type":"ListItem","position":1,"name":"Portada","item":"https:\/\/www.sonoraenequipo.com.mx\/"},{"@type":"ListItem","position":2,"name":"Dotar\u00e1 AMDE a comerciantes de Hermosillo de herramientas para mejorar su actividad"}]},{"@type":"WebSite","@id":"https:\/\/www.sonoraenequipo.com.mx\/#website","url":"https:\/\/www.sonoraenequipo.com.mx\/","name":"Sonora en Equipo.","description":"Diario en l\u00ednea con Noticias desde Hermosillo, Sonora","publisher":{"@id":"https:\/\/www.sonoraenequipo.com.mx\/#organization"},"potentialAction":[{"@type":"SearchAction","target":{"@type":"EntryPoint","urlTemplate":"https:\/\/www.sonoraenequipo.com.mx\/?s={search_term_string}"},"query-input":{"@type":"PropertyValueSpecification","valueRequired":true,"valueName":"search_term_string"}}],"inLanguage":"es"},{"@type":"Organization","@id":"https:\/\/www.sonoraenequipo.com.mx\/#organization","name":"Sonoraenequipo.com.mx","url":"https:\/\/www.sonoraenequipo.com.mx\/","logo":{"@type":"ImageObject","inLanguage":"es","@id":"https:\/\/www.sonoraenequipo.com.mx\/#\/schema\/logo\/image\/","url":"https:\/\/www.sonoraenequipo.com.mx\/storage\/2019\/01\/sonoraenequipo_opt.png","contentUrl":"https:\/\/www.sonoraenequipo.com.mx\/storage\/2019\/01\/sonoraenequipo_opt.png","width":375,"height":125,"caption":"Sonoraenequipo.com.mx"},"image":{"@id":"https:\/\/www.sonoraenequipo.com.mx\/#\/schema\/logo\/image\/"},"sameAs":["https:\/\/www.facebook.com\/SonoraEE\/","https:\/\/x.com\/sonoraenequipo","https:\/\/www.youtube.com\/channel\/UC338nW-lPEYmJQs4ZABQ1SQ"]},{"@type":"Person","@id":"https:\/\/www.sonoraenequipo.com.mx\/#\/schema\/person\/50102df0fb23a8fa9e8effad8fa81386","name":"enequipo","image":{"@type":"ImageObject","inLanguage":"es","@id":"https:\/\/www.sonoraenequipo.com.mx\/#\/schema\/person\/image\/","url":"https:\/\/secure.gravatar.com\/avatar\/049821681b589dabc0bc20695993ccebb09f5b5d4d790cd9251b97faac7c652b?s=96&d=blank&r=g","contentUrl":"https:\/\/secure.gravatar.com\/avatar\/049821681b589dabc0bc20695993ccebb09f5b5d4d790cd9251b97faac7c652b?s=96&d=blank&r=g","caption":"enequipo"},"sameAs":["https:\/\/www.facebook.com\/SonoraEE"]}]}},"jetpack_featured_media_url":"https:\/\/www.sonoraenequipo.com.mx\/storage\/2024\/10\/amde.jpg","_links":{"self":[{"href":"https:\/\/www.sonoraenequipo.com.mx\/api\/wp\/v2\/posts\/202363","targetHints":{"allow":["GET"]}}],"collection":[{"href":"https:\/\/www.sonoraenequipo.com.mx\/api\/wp\/v2\/posts"}],"about":[{"href":"https:\/\/www.sonoraenequipo.com.mx\/api\/wp\/v2\/types\/post"}],"author":[{"embeddable":true,"href":"https:\/\/www.sonoraenequipo.com.mx\/api\/wp\/v2\/users\/1"}],"replies":[{"embeddable":true,"href":"https:\/\/www.sonoraenequipo.com.mx\/api\/wp\/v2\/comments?post=202363"}],"version-history":[{"count":1,"href":"https:\/\/www.sonoraenequipo.com.mx\/api\/wp\/v2\/posts\/202363\/revisions"}],"predecessor-version":[{"id":202365,"href":"https:\/\/www.sonoraenequipo.com.mx\/api\/wp\/v2\/posts\/202363\/revisions\/202365"}],"wp:featuredmedia":[{"embeddable":true,"href":"https:\/\/www.sonoraenequipo.com.mx\/api\/wp\/v2\/media\/202364"}],"wp:attachment":[{"href":"https:\/\/www.sonoraenequipo.com.mx\/api\/wp\/v2\/media?parent=202363"}],"wp:term":[{"taxonomy":"category","embeddable":true,"href":"https:\/\/www.sonoraenequipo.com.mx\/api\/wp\/v2\/categories?post=202363"},{"taxonomy":"post_tag","embeddable":true,"href":"https:\/\/www.sonoraenequipo.com.mx\/api\/wp\/v2\/tags?post=202363"}],"curies":[{"name":"wp","href":"https:\/\/api.w.org\/{rel}","templated":true}]}}