{"id":202366,"date":"2024-10-22T19:22:24","date_gmt":"2024-10-23T02:22:24","guid":{"rendered":"https:\/\/www.sonoraenequipo.com.mx\/?p=202366"},"modified":"2024-10-22T19:22:24","modified_gmt":"2024-10-23T02:22:24","slug":"comparte-alcalde-lamarque-avances-en-seguridad-y-desarrollo-economico-con-empresarios-y-organismos-de-la-sociedad-civil-de-cajeme","status":"publish","type":"post","link":"https:\/\/www.sonoraenequipo.com.mx\/comparte-alcalde-lamarque-avances-en-seguridad-y-desarrollo-economico-con-empresarios-y-organismos-de-la-sociedad-civil-de-cajeme\/","title":{"rendered":"Comparte alcalde Lamarque avances en seguridad y desarrollo econ\u00f3mico con empresarios y organismos de la sociedad civil de Cajeme"},"content":{"rendered":"<p><strong>CAJEME, SONORA, MX.<\/strong><strong> \u0336 \u0336\u00a0 <\/strong>El Alcalde Javier Lamarque y su equipo se reunieron con representantes de c\u00e1maras empresariales y organizaciones civiles para discutir mejoras en seguridad, desarrollo econ\u00f3mico y social en Cajeme. Se destacaron logros en equipamiento de seguridad, reducci\u00f3n de delitos, aumento salarial para la polic\u00eda, certificaciones y acciones de prevenci\u00f3n del delito. Tambi\u00e9n se mencionaron inversiones de empresas como Kyungshin Corp. y Farmacias del Ahorro, as\u00ed como mejoras en el aeropuerto y en la regulaci\u00f3n municipal. Se acord\u00f3 continuar colaborando para hacer de Cajeme un lugar m\u00e1s seguro y atractivo para la inversi\u00f3n.<\/p>\n<p><strong>Fecha de publicaci\u00f3n martes 22 de octubre de 2024 \/<\/strong><\/p>\n","protected":false},"excerpt":{"rendered":"<p>CAJEME, SONORA, MX. \u0336 \u0336\u00a0 El Alcalde Javier Lamarque y su equipo se reunieron con&#8230;<\/p>\n","protected":false},"author":6,"featured_media":202367,"comment_status":"open","ping_status":"open","sticky":false,"template":"","format":"standard","meta":{"_monsterinsights_skip_tracking":false,"_monsterinsights_sitenote_active":false,"_monsterinsights_sitenote_note":"","_monsterinsights_sitenote_category":0,"footnotes":""},"categories":[4],"tags":[476,93,6511,170],"class_list":["post"],"yoast_head":" \n<title>Sonora en Equipo. Comparte alcalde Lamarque avances en seguridad y desarrollo econ\u00f3mico con empresarios y organismos de la sociedad civil de Cajeme Municipios<\/title>\n<meta name=\"description\" content=\"CAJEME, SONORA, MX. \u0336 \u0336\u00a0 El Alcalde Javier Lamarque y su equipo se reunieron con representantes de c\u00e1maras empresariales y organizaciones civiles para En Sonora en Equipo publicamos toda la informaci\u00f3n de Sonora, M\u00e9xico y el Mundo de manera oportuna y busca que la libertad de expresi\u00f3n sea real. Visita nuestro medio informativo publicado desde Hermosillo, Sonora. %\" \/>\n<meta name=\"robots\" content=\"index, follow, max-snippet:-1, max-image-preview:large, max-video-preview:-1\" \/>\n<link rel=\"canonical\" href=\"https:\/\/www.sonoraenequipo.com.mx\/comparte-alcalde-lamarque-avances-en-seguridad-y-desarrollo-economico-con-empresarios-y-organismos-de-la-sociedad-civil-de-cajeme\/\" \/>\n<meta property=\"og:locale\" content=\"es_ES\" \/>\n<meta property=\"og:type\" content=\"article\" \/>\n<meta property=\"og:title\" content=\"Sonora en Equipo. Comparte alcalde Lamarque avances en seguridad y desarrollo econ\u00f3mico con empresarios y organismos de la sociedad civil de Cajeme Municipios\" \/>\n<meta property=\"og:description\" content=\"CAJEME, SONORA, MX. \u0336 \u0336\u00a0 El Alcalde Javier Lamarque y su equipo se reunieron con representantes de c\u00e1maras empresariales y organizaciones civiles para En Sonora en Equipo publicamos toda la informaci\u00f3n de Sonora, M\u00e9xico y el Mundo de manera oportuna y busca que la libertad de expresi\u00f3n sea real. Visita nuestro medio informativo publicado desde Hermosillo, Sonora. %\" \/>\n<meta property=\"og:url\" content=\"https:\/\/www.sonoraenequipo.com.mx\/comparte-alcalde-lamarque-avances-en-seguridad-y-desarrollo-economico-con-empresarios-y-organismos-de-la-sociedad-civil-de-cajeme\/\" \/>\n<meta property=\"og:site_name\" content=\"Sonora en Equipo.\" \/>\n<meta property=\"article:publisher\" content=\"https:\/\/www.facebook.com\/SonoraEE\/\" \/>\n<meta property=\"article:published_time\" content=\"2024-10-23T02:22:24+00:00\" \/>\n<meta property=\"og:image\" content=\"https:\/\/www.sonoraenequipo.com.mx\/storage\/2024\/10\/lamarque-empresarios-osc.jpg\" \/>\n\t<meta property=\"og:image:width\" content=\"600\" \/>\n\t<meta property=\"og:image:height\" content=\"450\" \/>\n\t<meta property=\"og:image:type\" content=\"image\/jpeg\" \/>\n<meta name=\"author\" content=\"Nacho Bandin\" \/>\n<meta name=\"twitter:card\" content=\"summary_large_image\" \/>\n<meta name=\"twitter:creator\" content=\"@sonoraenequipo\" \/>\n<meta name=\"twitter:site\" content=\"@sonoraenequipo\" \/>\n<meta name=\"twitter:label1\" content=\"Escrito por\" \/>\n\t<meta name=\"twitter:data1\" content=\"Nacho Bandin\" \/>\n\t<meta name=\"twitter:label2\" content=\"Tiempo de lectura\" \/>\n\t<meta name=\"twitter:data2\" content=\"1 minuto\" \/>\n<script type=\"application\/ld+json\" class=\"yoast-schema-graph\">{\"@context\":\"https:\/\/schema.org\",\"@graph\":[{\"@type\":\"Article\",\"@id\":\"https:\/\/www.sonoraenequipo.com.mx\/comparte-alcalde-lamarque-avances-en-seguridad-y-desarrollo-economico-con-empresarios-y-organismos-de-la-sociedad-civil-de-cajeme\/#article\",\"isPartOf\":{\"@id\":\"https:\/\/www.sonoraenequipo.com.mx\/comparte-alcalde-lamarque-avances-en-seguridad-y-desarrollo-economico-con-empresarios-y-organismos-de-la-sociedad-civil-de-cajeme\/\"},\"author\":{\"name\":\"Nacho Bandin\",\"@id\":\"https:\/\/www.sonoraenequipo.com.mx\/#\/schema\/person\/fbd9952aca28efec00f1fb7fa9428cad\"},\"headline\":\"Comparte alcalde Lamarque avances en seguridad y desarrollo econ\u00f3mico con empresarios y organismos de la sociedad civil de Cajeme\",\"datePublished\":\"2024-10-23T02:22:24+00:00\",\"mainEntityOfPage\":{\"@id\":\"https:\/\/www.sonoraenequipo.com.mx\/comparte-alcalde-lamarque-avances-en-seguridad-y-desarrollo-economico-con-empresarios-y-organismos-de-la-sociedad-civil-de-cajeme\/\"},\"wordCount\":131,\"commentCount\":0,\"publisher\":{\"@id\":\"https:\/\/www.sonoraenequipo.com.mx\/#organization\"},\"image\":{\"@id\":\"https:\/\/www.sonoraenequipo.com.mx\/comparte-alcalde-lamarque-avances-en-seguridad-y-desarrollo-economico-con-empresarios-y-organismos-de-la-sociedad-civil-de-cajeme\/#primaryimage\"},\"thumbnailUrl\":\"https:\/\/www.sonoraenequipo.com.mx\/storage\/2024\/10\/lamarque-empresarios-osc.jpg\",\"keywords\":[\"Cajeme\",\"econom\u00eda\",\"lamarque\",\"Seguridad\"],\"articleSection\":[\"Municipios\"],\"inLanguage\":\"es\",\"potentialAction\":[{\"@type\":\"CommentAction\",\"name\":\"Comment\",\"target\":[\"https:\/\/www.sonoraenequipo.com.mx\/comparte-alcalde-lamarque-avances-en-seguridad-y-desarrollo-economico-con-empresarios-y-organismos-de-la-sociedad-civil-de-cajeme\/#respond\"]}]},{\"@type\":\"WebPage\",\"@id\":\"https:\/\/www.sonoraenequipo.com.mx\/comparte-alcalde-lamarque-avances-en-seguridad-y-desarrollo-economico-con-empresarios-y-organismos-de-la-sociedad-civil-de-cajeme\/\",\"url\":\"https:\/\/www.sonoraenequipo.com.mx\/comparte-alcalde-lamarque-avances-en-seguridad-y-desarrollo-economico-con-empresarios-y-organismos-de-la-sociedad-civil-de-cajeme\/\",\"name\":\"Sonora en Equipo. Comparte alcalde Lamarque avances en seguridad y desarrollo econ\u00f3mico con empresarios y organismos de la sociedad civil de Cajeme Municipios\",\"isPartOf\":{\"@id\":\"https:\/\/www.sonoraenequipo.com.mx\/#website\"},\"primaryImageOfPage\":{\"@id\":\"https:\/\/www.sonoraenequipo.com.mx\/comparte-alcalde-lamarque-avances-en-seguridad-y-desarrollo-economico-con-empresarios-y-organismos-de-la-sociedad-civil-de-cajeme\/#primaryimage\"},\"image\":{\"@id\":\"https:\/\/www.sonoraenequipo.com.mx\/comparte-alcalde-lamarque-avances-en-seguridad-y-desarrollo-economico-con-empresarios-y-organismos-de-la-sociedad-civil-de-cajeme\/#primaryimage\"},\"thumbnailUrl\":\"https:\/\/www.sonoraenequipo.com.mx\/storage\/2024\/10\/lamarque-empresarios-osc.jpg\",\"datePublished\":\"2024-10-23T02:22:24+00:00\",\"description\":\"CAJEME, SONORA, MX. \u0336 \u0336\u00a0 El Alcalde Javier Lamarque y su equipo se reunieron con representantes de c\u00e1maras empresariales y organizaciones civiles para En Sonora en Equipo publicamos toda la informaci\u00f3n de Sonora, M\u00e9xico y el Mundo de manera oportuna y busca que la libertad de expresi\u00f3n sea real. Visita nuestro medio informativo publicado desde Hermosillo, Sonora. %\",\"breadcrumb\":{\"@id\":\"https:\/\/www.sonoraenequipo.com.mx\/comparte-alcalde-lamarque-avances-en-seguridad-y-desarrollo-economico-con-empresarios-y-organismos-de-la-sociedad-civil-de-cajeme\/#breadcrumb\"},\"inLanguage\":\"es\",\"potentialAction\":[{\"@type\":\"ReadAction\",\"target\":[\"https:\/\/www.sonoraenequipo.com.mx\/comparte-alcalde-lamarque-avances-en-seguridad-y-desarrollo-economico-con-empresarios-y-organismos-de-la-sociedad-civil-de-cajeme\/\"]}]},{\"@type\":\"ImageObject\",\"inLanguage\":\"es\",\"@id\":\"https:\/\/www.sonoraenequipo.com.mx\/comparte-alcalde-lamarque-avances-en-seguridad-y-desarrollo-economico-con-empresarios-y-organismos-de-la-sociedad-civil-de-cajeme\/#primaryimage\",\"url\":\"https:\/\/www.sonoraenequipo.com.mx\/storage\/2024\/10\/lamarque-empresarios-osc.jpg\",\"contentUrl\":\"https:\/\/www.sonoraenequipo.com.mx\/storage\/2024\/10\/lamarque-empresarios-osc.jpg\",\"width\":600,\"height\":450},{\"@type\":\"BreadcrumbList\",\"@id\":\"https:\/\/www.sonoraenequipo.com.mx\/comparte-alcalde-lamarque-avances-en-seguridad-y-desarrollo-economico-con-empresarios-y-organismos-de-la-sociedad-civil-de-cajeme\/#breadcrumb\",\"itemListElement\":[{\"@type\":\"ListItem\",\"position\":1,\"name\":\"Portada\",\"item\":\"https:\/\/www.sonoraenequipo.com.mx\/\"},{\"@type\":\"ListItem\",\"position\":2,\"name\":\"Comparte alcalde Lamarque avances en seguridad y desarrollo econ\u00f3mico con empresarios y organismos de la sociedad civil de Cajeme\"}]},{\"@type\":\"WebSite\",\"@id\":\"https:\/\/www.sonoraenequipo.com.mx\/#website\",\"url\":\"https:\/\/www.sonoraenequipo.com.mx\/\",\"name\":\"Sonora en Equipo.\",\"description\":\"Diario en l\u00ednea con Noticias desde Hermosillo, Sonora\",\"publisher\":{\"@id\":\"https:\/\/www.sonoraenequipo.com.mx\/#organization\"},\"potentialAction\":[{\"@type\":\"SearchAction\",\"target\":{\"@type\":\"EntryPoint\",\"urlTemplate\":\"https:\/\/www.sonoraenequipo.com.mx\/?s={search_term_string}\"},\"query-input\":{\"@type\":\"PropertyValueSpecification\",\"valueRequired\":true,\"valueName\":\"search_term_string\"}}],\"inLanguage\":\"es\"},{\"@type\":\"Organization\",\"@id\":\"https:\/\/www.sonoraenequipo.com.mx\/#organization\",\"name\":\"Sonoraenequipo.com.mx\",\"url\":\"https:\/\/www.sonoraenequipo.com.mx\/\",\"logo\":{\"@type\":\"ImageObject\",\"inLanguage\":\"es\",\"@id\":\"https:\/\/www.sonoraenequipo.com.mx\/#\/schema\/logo\/image\/\",\"url\":\"https:\/\/www.sonoraenequipo.com.mx\/storage\/2019\/01\/sonoraenequipo_opt.png\",\"contentUrl\":\"https:\/\/www.sonoraenequipo.com.mx\/storage\/2019\/01\/sonoraenequipo_opt.png\",\"width\":375,\"height\":125,\"caption\":\"Sonoraenequipo.com.mx\"},\"image\":{\"@id\":\"https:\/\/www.sonoraenequipo.com.mx\/#\/schema\/logo\/image\/\"},\"sameAs\":[\"https:\/\/www.facebook.com\/SonoraEE\/\",\"https:\/\/x.com\/sonoraenequipo\",\"https:\/\/www.youtube.com\/channel\/UC338nW-lPEYmJQs4ZABQ1SQ\"]},{\"@type\":\"Person\",\"@id\":\"https:\/\/www.sonoraenequipo.com.mx\/#\/schema\/person\/fbd9952aca28efec00f1fb7fa9428cad\",\"name\":\"Nacho Bandin\",\"image\":{\"@type\":\"ImageObject\",\"inLanguage\":\"es\",\"@id\":\"https:\/\/www.sonoraenequipo.com.mx\/#\/schema\/person\/image\/\",\"url\":\"https:\/\/secure.gravatar.com\/avatar\/aa8b9910cb9aca6bb907bea274a87d80d1290d00069310f251740e3ee0bf15f1?s=96&d=blank&r=g\",\"contentUrl\":\"https:\/\/secure.gravatar.com\/avatar\/aa8b9910cb9aca6bb907bea274a87d80d1290d00069310f251740e3ee0bf15f1?s=96&d=blank&r=g\",\"caption\":\"Nacho Bandin\"},\"sameAs\":[\"http:\/\/sonoraenequipo.com.mx\"]}]}<\/script>\n ","yoast_head_json":{"title":"Sonora en Equipo. Comparte alcalde Lamarque avances en seguridad y desarrollo econ\u00f3mico con empresarios y organismos de la sociedad civil de Cajeme Municipios","description":"CAJEME, SONORA, MX. \u0336 \u0336\u00a0 El Alcalde Javier Lamarque y su equipo se reunieron con representantes de c\u00e1maras empresariales y organizaciones civiles para En Sonora en Equipo publicamos toda la informaci\u00f3n de Sonora, M\u00e9xico y el Mundo de manera oportuna y busca que la libertad de expresi\u00f3n sea real. Visita nuestro medio informativo publicado desde Hermosillo, Sonora. %","robots":{"index":"index","follow":"follow","max-snippet":"max-snippet:-1","max-image-preview":"max-image-preview:large","max-video-preview":"max-video-preview:-1"},"canonical":"https:\/\/www.sonoraenequipo.com.mx\/comparte-alcalde-lamarque-avances-en-seguridad-y-desarrollo-economico-con-empresarios-y-organismos-de-la-sociedad-civil-de-cajeme\/","og_locale":"es_ES","og_type":"article","og_title":"Sonora en Equipo. Comparte alcalde Lamarque avances en seguridad y desarrollo econ\u00f3mico con empresarios y organismos de la sociedad civil de Cajeme Municipios","og_description":"CAJEME, SONORA, MX. \u0336 \u0336\u00a0 El Alcalde Javier Lamarque y su equipo se reunieron con representantes de c\u00e1maras empresariales y organizaciones civiles para En Sonora en Equipo publicamos toda la informaci\u00f3n de Sonora, M\u00e9xico y el Mundo de manera oportuna y busca que la libertad de expresi\u00f3n sea real. Visita nuestro medio informativo publicado desde Hermosillo, Sonora. %","og_url":"https:\/\/www.sonoraenequipo.com.mx\/comparte-alcalde-lamarque-avances-en-seguridad-y-desarrollo-economico-con-empresarios-y-organismos-de-la-sociedad-civil-de-cajeme\/","og_site_name":"Sonora en Equipo.","article_publisher":"https:\/\/www.facebook.com\/SonoraEE\/","article_published_time":"2024-10-23T02:22:24+00:00","og_image":[{"width":600,"height":450,"url":"https:\/\/www.sonoraenequipo.com.mx\/storage\/2024\/10\/lamarque-empresarios-osc.jpg","type":"image\/jpeg"}],"author":"Nacho Bandin","twitter_card":"summary_large_image","twitter_creator":"@sonoraenequipo","twitter_site":"@sonoraenequipo","twitter_misc":{"Escrito por":"Nacho Bandin","Tiempo de lectura":"1 minuto"},"schema":{"@context":"https:\/\/schema.org","@graph":[{"@type":"Article","@id":"https:\/\/www.sonoraenequipo.com.mx\/comparte-alcalde-lamarque-avances-en-seguridad-y-desarrollo-economico-con-empresarios-y-organismos-de-la-sociedad-civil-de-cajeme\/#article","isPartOf":{"@id":"https:\/\/www.sonoraenequipo.com.mx\/comparte-alcalde-lamarque-avances-en-seguridad-y-desarrollo-economico-con-empresarios-y-organismos-de-la-sociedad-civil-de-cajeme\/"},"author":{"name":"Nacho Bandin","@id":"https:\/\/www.sonoraenequipo.com.mx\/#\/schema\/person\/fbd9952aca28efec00f1fb7fa9428cad"},"headline":"Comparte alcalde Lamarque avances en seguridad y desarrollo econ\u00f3mico con empresarios y organismos de la sociedad civil de Cajeme","datePublished":"2024-10-23T02:22:24+00:00","mainEntityOfPage":{"@id":"https:\/\/www.sonoraenequipo.com.mx\/comparte-alcalde-lamarque-avances-en-seguridad-y-desarrollo-economico-con-empresarios-y-organismos-de-la-sociedad-civil-de-cajeme\/"},"wordCount":131,"commentCount":0,"publisher":{"@id":"https:\/\/www.sonoraenequipo.com.mx\/#organization"},"image":{"@id":"https:\/\/www.sonoraenequipo.com.mx\/comparte-alcalde-lamarque-avances-en-seguridad-y-desarrollo-economico-con-empresarios-y-organismos-de-la-sociedad-civil-de-cajeme\/#primaryimage"},"thumbnailUrl":"https:\/\/www.sonoraenequipo.com.mx\/storage\/2024\/10\/lamarque-empresarios-osc.jpg","keywords":["Cajeme","econom\u00eda","lamarque","Seguridad"],"articleSection":["Municipios"],"inLanguage":"es","potentialAction":[{"@type":"CommentAction","name":"Comment","target":["https:\/\/www.sonoraenequipo.com.mx\/comparte-alcalde-lamarque-avances-en-seguridad-y-desarrollo-economico-con-empresarios-y-organismos-de-la-sociedad-civil-de-cajeme\/#respond"]}]},{"@type":"WebPage","@id":"https:\/\/www.sonoraenequipo.com.mx\/comparte-alcalde-lamarque-avances-en-seguridad-y-desarrollo-economico-con-empresarios-y-organismos-de-la-sociedad-civil-de-cajeme\/","url":"https:\/\/www.sonoraenequipo.com.mx\/comparte-alcalde-lamarque-avances-en-seguridad-y-desarrollo-economico-con-empresarios-y-organismos-de-la-sociedad-civil-de-cajeme\/","name":"Sonora en Equipo. Comparte alcalde Lamarque avances en seguridad y desarrollo econ\u00f3mico con empresarios y organismos de la sociedad civil de Cajeme Municipios","isPartOf":{"@id":"https:\/\/www.sonoraenequipo.com.mx\/#website"},"primaryImageOfPage":{"@id":"https:\/\/www.sonoraenequipo.com.mx\/comparte-alcalde-lamarque-avances-en-seguridad-y-desarrollo-economico-con-empresarios-y-organismos-de-la-sociedad-civil-de-cajeme\/#primaryimage"},"image":{"@id":"https:\/\/www.sonoraenequipo.com.mx\/comparte-alcalde-lamarque-avances-en-seguridad-y-desarrollo-economico-con-empresarios-y-organismos-de-la-sociedad-civil-de-cajeme\/#primaryimage"},"thumbnailUrl":"https:\/\/www.sonoraenequipo.com.mx\/storage\/2024\/10\/lamarque-empresarios-osc.jpg","datePublished":"2024-10-23T02:22:24+00:00","description":"CAJEME, SONORA, MX. \u0336 \u0336\u00a0 El Alcalde Javier Lamarque y su equipo se reunieron con representantes de c\u00e1maras empresariales y organizaciones civiles para En Sonora en Equipo publicamos toda la informaci\u00f3n de Sonora, M\u00e9xico y el Mundo de manera oportuna y busca que la libertad de expresi\u00f3n sea real. Visita nuestro medio informativo publicado desde Hermosillo, Sonora. %","breadcrumb":{"@id":"https:\/\/www.sonoraenequipo.com.mx\/comparte-alcalde-lamarque-avances-en-seguridad-y-desarrollo-economico-con-empresarios-y-organismos-de-la-sociedad-civil-de-cajeme\/#breadcrumb"},"inLanguage":"es","potentialAction":[{"@type":"ReadAction","target":["https:\/\/www.sonoraenequipo.com.mx\/comparte-alcalde-lamarque-avances-en-seguridad-y-desarrollo-economico-con-empresarios-y-organismos-de-la-sociedad-civil-de-cajeme\/"]}]},{"@type":"ImageObject","inLanguage":"es","@id":"https:\/\/www.sonoraenequipo.com.mx\/comparte-alcalde-lamarque-avances-en-seguridad-y-desarrollo-economico-con-empresarios-y-organismos-de-la-sociedad-civil-de-cajeme\/#primaryimage","url":"https:\/\/www.sonoraenequipo.com.mx\/storage\/2024\/10\/lamarque-empresarios-osc.jpg","contentUrl":"https:\/\/www.sonoraenequipo.com.mx\/storage\/2024\/10\/lamarque-empresarios-osc.jpg","width":600,"height":450},{"@type":"BreadcrumbList","@id":"https:\/\/www.sonoraenequipo.com.mx\/comparte-alcalde-lamarque-avances-en-seguridad-y-desarrollo-economico-con-empresarios-y-organismos-de-la-sociedad-civil-de-cajeme\/#breadcrumb","itemListElement":[{"@type":"ListItem","position":1,"name":"Portada","item":"https:\/\/www.sonoraenequipo.com.mx\/"},{"@type":"ListItem","position":2,"name":"Comparte alcalde Lamarque avances en seguridad y desarrollo econ\u00f3mico con empresarios y organismos de la sociedad civil de Cajeme"}]},{"@type":"WebSite","@id":"https:\/\/www.sonoraenequipo.com.mx\/#website","url":"https:\/\/www.sonoraenequipo.com.mx\/","name":"Sonora en Equipo.","description":"Diario en l\u00ednea con Noticias desde Hermosillo, Sonora","publisher":{"@id":"https:\/\/www.sonoraenequipo.com.mx\/#organization"},"potentialAction":[{"@type":"SearchAction","target":{"@type":"EntryPoint","urlTemplate":"https:\/\/www.sonoraenequipo.com.mx\/?s={search_term_string}"},"query-input":{"@type":"PropertyValueSpecification","valueRequired":true,"valueName":"search_term_string"}}],"inLanguage":"es"},{"@type":"Organization","@id":"https:\/\/www.sonoraenequipo.com.mx\/#organization","name":"Sonoraenequipo.com.mx","url":"https:\/\/www.sonoraenequipo.com.mx\/","logo":{"@type":"ImageObject","inLanguage":"es","@id":"https:\/\/www.sonoraenequipo.com.mx\/#\/schema\/logo\/image\/","url":"https:\/\/www.sonoraenequipo.com.mx\/storage\/2019\/01\/sonoraenequipo_opt.png","contentUrl":"https:\/\/www.sonoraenequipo.com.mx\/storage\/2019\/01\/sonoraenequipo_opt.png","width":375,"height":125,"caption":"Sonoraenequipo.com.mx"},"image":{"@id":"https:\/\/www.sonoraenequipo.com.mx\/#\/schema\/logo\/image\/"},"sameAs":["https:\/\/www.facebook.com\/SonoraEE\/","https:\/\/x.com\/sonoraenequipo","https:\/\/www.youtube.com\/channel\/UC338nW-lPEYmJQs4ZABQ1SQ"]},{"@type":"Person","@id":"https:\/\/www.sonoraenequipo.com.mx\/#\/schema\/person\/fbd9952aca28efec00f1fb7fa9428cad","name":"Nacho Bandin","image":{"@type":"ImageObject","inLanguage":"es","@id":"https:\/\/www.sonoraenequipo.com.mx\/#\/schema\/person\/image\/","url":"https:\/\/secure.gravatar.com\/avatar\/aa8b9910cb9aca6bb907bea274a87d80d1290d00069310f251740e3ee0bf15f1?s=96&d=blank&r=g","contentUrl":"https:\/\/secure.gravatar.com\/avatar\/aa8b9910cb9aca6bb907bea274a87d80d1290d00069310f251740e3ee0bf15f1?s=96&d=blank&r=g","caption":"Nacho Bandin"},"sameAs":["http:\/\/sonoraenequipo.com.mx"]}]}},"jetpack_featured_media_url":"https:\/\/www.sonoraenequipo.com.mx\/storage\/2024\/10\/lamarque-empresarios-osc.jpg","_links":{"self":[{"href":"https:\/\/www.sonoraenequipo.com.mx\/api\/wp\/v2\/posts\/202366","targetHints":{"allow":["GET"]}}],"collection":[{"href":"https:\/\/www.sonoraenequipo.com.mx\/api\/wp\/v2\/posts"}],"about":[{"href":"https:\/\/www.sonoraenequipo.com.mx\/api\/wp\/v2\/types\/post"}],"author":[{"embeddable":true,"href":"https:\/\/www.sonoraenequipo.com.mx\/api\/wp\/v2\/users\/6"}],"replies":[{"embeddable":true,"href":"https:\/\/www.sonoraenequipo.com.mx\/api\/wp\/v2\/comments?post=202366"}],"version-history":[{"count":1,"href":"https:\/\/www.sonoraenequipo.com.mx\/api\/wp\/v2\/posts\/202366\/revisions"}],"predecessor-version":[{"id":202368,"href":"https:\/\/www.sonoraenequipo.com.mx\/api\/wp\/v2\/posts\/202366\/revisions\/202368"}],"wp:featuredmedia":[{"embeddable":true,"href":"https:\/\/www.sonoraenequipo.com.mx\/api\/wp\/v2\/media\/202367"}],"wp:attachment":[{"href":"https:\/\/www.sonoraenequipo.com.mx\/api\/wp\/v2\/media?parent=202366"}],"wp:term":[{"taxonomy":"category","embeddable":true,"href":"https:\/\/www.sonoraenequipo.com.mx\/api\/wp\/v2\/categories?post=202366"},{"taxonomy":"post_tag","embeddable":true,"href":"https:\/\/www.sonoraenequipo.com.mx\/api\/wp\/v2\/tags?post=202366"}],"curies":[{"name":"wp","href":"https:\/\/api.w.org\/{rel}","templated":true}]}}