{"id":202382,"date":"2024-10-22T21:10:06","date_gmt":"2024-10-23T04:10:06","guid":{"rendered":"https:\/\/www.sonoraenequipo.com.mx\/?p=202382"},"modified":"2024-10-22T21:03:12","modified_gmt":"2024-10-23T04:03:12","slug":"en-marcha-campana-sobre-supuesto-desacato-de-la-presidenta-sheinbaum","status":"publish","type":"post","link":"https:\/\/www.sonoraenequipo.com.mx\/en-marcha-campana-sobre-supuesto-desacato-de-la-presidenta-sheinbaum\/","title":{"rendered":"En marcha, \u00abcampa\u00f1a\u00bb sobre supuesto desacato de la Presidenta: Sheinbaum"},"content":{"rendered":"<p><strong>CIUDAD DE M\u00c9XICO. MX. \u2014<\/strong> La presidenta Claudia Sheinbaum Pardo afirm\u00f3 este martes que est\u00e1 en marcha \u201cuna nueva campa\u00f1a\u201d para asegurar que en M\u00e9xico no hay estado de derecho. \u201cDe Garc\u00eda Luna ya nadie habla, ahora el gran tema es supuestamente el desacato de la presidenta de la Rep\u00fablica\u201d.<\/p>\n<p>&nbsp;<\/p>\n<p>&nbsp;<\/p>\n<p>  <\/p>\n<p>La mandataria dijo en su rueda de prensa que son los voceros de esa campa\u00f1a, jueces, magistrados y ministros del Poder Judicial, quienes en realidad est\u00e1n violando la ley.<\/p>\n<p>&nbsp;<\/p>\n<p>&nbsp;<\/p>\n<p>Sheinbaum Pardo reiter\u00f3 su rechazo a estar en desacato por la publicaci\u00f3n en el Diario Oficial de la Federaci\u00f3n (DOF) de la reforma constitucional en materia judicial. Enfatiz\u00f3 que quien desacata las normas es la jueza Nancy Ju\u00e1rez Salas, que en d\u00edas pasados concedi\u00f3 una suspensi\u00f3n en la que orden\u00f3 a la mandataria retirar la reforma del Poder Judicial del DOF, con lo que viol\u00f3 el art\u00edculo 61 de la Ley de Amparo, que se\u00f1ala expresamente que no proceden los amparos contra las reformas constitucionales.<\/p>\n<p>&nbsp;<\/p>\n<p>&nbsp;<\/p>\n<p>Sostuvo que la ley tiene art\u00edculos muy claros en los que no hay espacio para la interpretaci\u00f3n, como el mencionado.<\/p>\n<p>&nbsp;<\/p>\n<p>&nbsp;<\/p>\n<p><strong><em>\u201cEso lo sabe la jueza, lo que pasa es que buscan formas que no tienen que ver con la ley. Por eso digo, quien est\u00e1 violando la ley es ella, quien est\u00e1 violentando el estado de derecho es ella, nosotros estamos siguiendo la Constituci\u00f3n y la reforma constitucional tal como fue aprobada\u201d,<\/em><\/strong> dijo la mandataria, que agreg\u00f3 que ni ella ni su gobierno han sido notificados oficialmente de la orden dictada por Ju\u00e1rez Salas.<\/p>\n<p>&nbsp;<\/p>\n<p>&nbsp;<\/p>\n<p>&nbsp;<\/p>\n<p>Y luego de que ayer los ministros de la Suprema Corte de Justicia de la Naci\u00f3n rechazaron el proyecto de presupuesto que les present\u00f3 la presidente del organismo, la ministra Norma Pi\u00f1a, Sheinbaum Pardo afirm\u00f3 que el presupuesto del Poder Judicial ser\u00e1 presentado conforme lo que se\u00f1ala la Constituci\u00f3n.<\/p>\n<p>&nbsp;<\/p>\n<p>&nbsp;<\/p>\n<p>PUBLICADO EL 22 DE OCTUBRE DE 2024 Con informaci\u00f3n de GOBMEX)<\/p>\n","protected":false},"excerpt":{"rendered":"<p>CIUDAD DE M\u00c9XICO. MX. \u2014 La presidenta Claudia Sheinbaum Pardo afirm\u00f3 este martes que est\u00e1&#8230;<\/p>\n","protected":false},"author":1,"featured_media":202386,"comment_status":"open","ping_status":"open","sticky":false,"template":"","format":"standard","meta":{"_monsterinsights_skip_tracking":false,"_monsterinsights_sitenote_active":false,"_monsterinsights_sitenote_note":"","_monsterinsights_sitenote_category":0,"footnotes":""},"categories":[5],"tags":[],"class_list":["post"],"yoast_head":" \n<title>Sonora en Equipo. En marcha, &quot;campa\u00f1a&quot; sobre supuesto desacato de la Presidenta: Sheinbaum Rep\u00fablica<\/title>\n<meta name=\"description\" content=\"CIUDAD DE M\u00c9XICO. MX. \u2014 La presidenta Claudia Sheinbaum Pardo afirm\u00f3 este martes que est\u00e1 en marcha \u201cuna nueva campa\u00f1a\u201d para asegurar que en M\u00e9xico no hay En Sonora en Equipo publicamos toda la informaci\u00f3n de Sonora, M\u00e9xico y el Mundo de manera oportuna y busca que la libertad de expresi\u00f3n sea real. Visita nuestro medio informativo publicado desde Hermosillo, Sonora. %\" \/>\n<meta name=\"robots\" content=\"index, follow, max-snippet:-1, max-image-preview:large, max-video-preview:-1\" \/>\n<link rel=\"canonical\" href=\"https:\/\/www.sonoraenequipo.com.mx\/en-marcha-campana-sobre-supuesto-desacato-de-la-presidenta-sheinbaum\/\" \/>\n<meta property=\"og:locale\" content=\"es_ES\" \/>\n<meta property=\"og:type\" content=\"article\" \/>\n<meta property=\"og:title\" content=\"Sonora en Equipo. En marcha, &quot;campa\u00f1a&quot; sobre supuesto desacato de la Presidenta: Sheinbaum Rep\u00fablica\" \/>\n<meta property=\"og:description\" content=\"CIUDAD DE M\u00c9XICO. MX. \u2014 La presidenta Claudia Sheinbaum Pardo afirm\u00f3 este martes que est\u00e1 en marcha \u201cuna nueva campa\u00f1a\u201d para asegurar que en M\u00e9xico no hay En Sonora en Equipo publicamos toda la informaci\u00f3n de Sonora, M\u00e9xico y el Mundo de manera oportuna y busca que la libertad de expresi\u00f3n sea real. Visita nuestro medio informativo publicado desde Hermosillo, Sonora. %\" \/>\n<meta property=\"og:url\" content=\"https:\/\/www.sonoraenequipo.com.mx\/en-marcha-campana-sobre-supuesto-desacato-de-la-presidenta-sheinbaum\/\" \/>\n<meta property=\"og:site_name\" content=\"Sonora en Equipo.\" \/>\n<meta property=\"article:publisher\" content=\"https:\/\/www.facebook.com\/SonoraEE\/\" \/>\n<meta property=\"article:author\" content=\"https:\/\/www.facebook.com\/SonoraEE\" \/>\n<meta property=\"article:published_time\" content=\"2024-10-23T04:10:06+00:00\" \/>\n<meta property=\"og:image\" content=\"https:\/\/www.sonoraenequipo.com.mx\/storage\/2024\/10\/claudia-sheinbaum-2210.2024.jpg-min-1-min.jpeg\" \/>\n\t<meta property=\"og:image:width\" content=\"946\" \/>\n\t<meta property=\"og:image:height\" content=\"586\" \/>\n\t<meta property=\"og:image:type\" content=\"image\/jpeg\" \/>\n<meta name=\"author\" content=\"enequipo\" \/>\n<meta name=\"twitter:card\" content=\"summary_large_image\" \/>\n<meta name=\"twitter:creator\" content=\"@sonoraenequipo\" \/>\n<meta name=\"twitter:site\" content=\"@sonoraenequipo\" \/>\n<meta name=\"twitter:label1\" content=\"Escrito por\" \/>\n\t<meta name=\"twitter:data1\" content=\"enequipo\" \/>\n\t<meta name=\"twitter:label2\" content=\"Tiempo de lectura\" \/>\n\t<meta name=\"twitter:data2\" content=\"2 minutos\" \/>\n<script type=\"application\/ld+json\" class=\"yoast-schema-graph\">{\"@context\":\"https:\/\/schema.org\",\"@graph\":[{\"@type\":\"Article\",\"@id\":\"https:\/\/www.sonoraenequipo.com.mx\/en-marcha-campana-sobre-supuesto-desacato-de-la-presidenta-sheinbaum\/#article\",\"isPartOf\":{\"@id\":\"https:\/\/www.sonoraenequipo.com.mx\/en-marcha-campana-sobre-supuesto-desacato-de-la-presidenta-sheinbaum\/\"},\"author\":{\"name\":\"enequipo\",\"@id\":\"https:\/\/www.sonoraenequipo.com.mx\/#\/schema\/person\/50102df0fb23a8fa9e8effad8fa81386\"},\"headline\":\"En marcha, \u00abcampa\u00f1a\u00bb sobre supuesto desacato de la Presidenta: Sheinbaum\",\"datePublished\":\"2024-10-23T04:10:06+00:00\",\"mainEntityOfPage\":{\"@id\":\"https:\/\/www.sonoraenequipo.com.mx\/en-marcha-campana-sobre-supuesto-desacato-de-la-presidenta-sheinbaum\/\"},\"wordCount\":361,\"commentCount\":0,\"publisher\":{\"@id\":\"https:\/\/www.sonoraenequipo.com.mx\/#organization\"},\"image\":{\"@id\":\"https:\/\/www.sonoraenequipo.com.mx\/en-marcha-campana-sobre-supuesto-desacato-de-la-presidenta-sheinbaum\/#primaryimage\"},\"thumbnailUrl\":\"https:\/\/www.sonoraenequipo.com.mx\/storage\/2024\/10\/claudia-sheinbaum-2210.2024.jpg-min-1-min.jpeg\",\"articleSection\":[\"Rep\u00fablica\"],\"inLanguage\":\"es\",\"potentialAction\":[{\"@type\":\"CommentAction\",\"name\":\"Comment\",\"target\":[\"https:\/\/www.sonoraenequipo.com.mx\/en-marcha-campana-sobre-supuesto-desacato-de-la-presidenta-sheinbaum\/#respond\"]}]},{\"@type\":\"WebPage\",\"@id\":\"https:\/\/www.sonoraenequipo.com.mx\/en-marcha-campana-sobre-supuesto-desacato-de-la-presidenta-sheinbaum\/\",\"url\":\"https:\/\/www.sonoraenequipo.com.mx\/en-marcha-campana-sobre-supuesto-desacato-de-la-presidenta-sheinbaum\/\",\"name\":\"Sonora en Equipo. En marcha, \\\"campa\u00f1a\\\" sobre supuesto desacato de la Presidenta: Sheinbaum Rep\u00fablica\",\"isPartOf\":{\"@id\":\"https:\/\/www.sonoraenequipo.com.mx\/#website\"},\"primaryImageOfPage\":{\"@id\":\"https:\/\/www.sonoraenequipo.com.mx\/en-marcha-campana-sobre-supuesto-desacato-de-la-presidenta-sheinbaum\/#primaryimage\"},\"image\":{\"@id\":\"https:\/\/www.sonoraenequipo.com.mx\/en-marcha-campana-sobre-supuesto-desacato-de-la-presidenta-sheinbaum\/#primaryimage\"},\"thumbnailUrl\":\"https:\/\/www.sonoraenequipo.com.mx\/storage\/2024\/10\/claudia-sheinbaum-2210.2024.jpg-min-1-min.jpeg\",\"datePublished\":\"2024-10-23T04:10:06+00:00\",\"description\":\"CIUDAD DE M\u00c9XICO. MX. \u2014 La presidenta Claudia Sheinbaum Pardo afirm\u00f3 este martes que est\u00e1 en marcha \u201cuna nueva campa\u00f1a\u201d para asegurar que en M\u00e9xico no hay En Sonora en Equipo publicamos toda la informaci\u00f3n de Sonora, M\u00e9xico y el Mundo de manera oportuna y busca que la libertad de expresi\u00f3n sea real. Visita nuestro medio informativo publicado desde Hermosillo, Sonora. %\",\"breadcrumb\":{\"@id\":\"https:\/\/www.sonoraenequipo.com.mx\/en-marcha-campana-sobre-supuesto-desacato-de-la-presidenta-sheinbaum\/#breadcrumb\"},\"inLanguage\":\"es\",\"potentialAction\":[{\"@type\":\"ReadAction\",\"target\":[\"https:\/\/www.sonoraenequipo.com.mx\/en-marcha-campana-sobre-supuesto-desacato-de-la-presidenta-sheinbaum\/\"]}]},{\"@type\":\"ImageObject\",\"inLanguage\":\"es\",\"@id\":\"https:\/\/www.sonoraenequipo.com.mx\/en-marcha-campana-sobre-supuesto-desacato-de-la-presidenta-sheinbaum\/#primaryimage\",\"url\":\"https:\/\/www.sonoraenequipo.com.mx\/storage\/2024\/10\/claudia-sheinbaum-2210.2024.jpg-min-1-min.jpeg\",\"contentUrl\":\"https:\/\/www.sonoraenequipo.com.mx\/storage\/2024\/10\/claudia-sheinbaum-2210.2024.jpg-min-1-min.jpeg\",\"width\":946,\"height\":586},{\"@type\":\"BreadcrumbList\",\"@id\":\"https:\/\/www.sonoraenequipo.com.mx\/en-marcha-campana-sobre-supuesto-desacato-de-la-presidenta-sheinbaum\/#breadcrumb\",\"itemListElement\":[{\"@type\":\"ListItem\",\"position\":1,\"name\":\"Portada\",\"item\":\"https:\/\/www.sonoraenequipo.com.mx\/\"},{\"@type\":\"ListItem\",\"position\":2,\"name\":\"En marcha, \u00abcampa\u00f1a\u00bb sobre supuesto desacato de la Presidenta: Sheinbaum\"}]},{\"@type\":\"WebSite\",\"@id\":\"https:\/\/www.sonoraenequipo.com.mx\/#website\",\"url\":\"https:\/\/www.sonoraenequipo.com.mx\/\",\"name\":\"Sonora en Equipo.\",\"description\":\"Diario en l\u00ednea con Noticias desde Hermosillo, Sonora\",\"publisher\":{\"@id\":\"https:\/\/www.sonoraenequipo.com.mx\/#organization\"},\"potentialAction\":[{\"@type\":\"SearchAction\",\"target\":{\"@type\":\"EntryPoint\",\"urlTemplate\":\"https:\/\/www.sonoraenequipo.com.mx\/?s={search_term_string}\"},\"query-input\":{\"@type\":\"PropertyValueSpecification\",\"valueRequired\":true,\"valueName\":\"search_term_string\"}}],\"inLanguage\":\"es\"},{\"@type\":\"Organization\",\"@id\":\"https:\/\/www.sonoraenequipo.com.mx\/#organization\",\"name\":\"Sonoraenequipo.com.mx\",\"url\":\"https:\/\/www.sonoraenequipo.com.mx\/\",\"logo\":{\"@type\":\"ImageObject\",\"inLanguage\":\"es\",\"@id\":\"https:\/\/www.sonoraenequipo.com.mx\/#\/schema\/logo\/image\/\",\"url\":\"https:\/\/www.sonoraenequipo.com.mx\/storage\/2019\/01\/sonoraenequipo_opt.png\",\"contentUrl\":\"https:\/\/www.sonoraenequipo.com.mx\/storage\/2019\/01\/sonoraenequipo_opt.png\",\"width\":375,\"height\":125,\"caption\":\"Sonoraenequipo.com.mx\"},\"image\":{\"@id\":\"https:\/\/www.sonoraenequipo.com.mx\/#\/schema\/logo\/image\/\"},\"sameAs\":[\"https:\/\/www.facebook.com\/SonoraEE\/\",\"https:\/\/x.com\/sonoraenequipo\",\"https:\/\/www.youtube.com\/channel\/UC338nW-lPEYmJQs4ZABQ1SQ\"]},{\"@type\":\"Person\",\"@id\":\"https:\/\/www.sonoraenequipo.com.mx\/#\/schema\/person\/50102df0fb23a8fa9e8effad8fa81386\",\"name\":\"enequipo\",\"image\":{\"@type\":\"ImageObject\",\"inLanguage\":\"es\",\"@id\":\"https:\/\/www.sonoraenequipo.com.mx\/#\/schema\/person\/image\/\",\"url\":\"https:\/\/secure.gravatar.com\/avatar\/049821681b589dabc0bc20695993ccebb09f5b5d4d790cd9251b97faac7c652b?s=96&d=blank&r=g\",\"contentUrl\":\"https:\/\/secure.gravatar.com\/avatar\/049821681b589dabc0bc20695993ccebb09f5b5d4d790cd9251b97faac7c652b?s=96&d=blank&r=g\",\"caption\":\"enequipo\"},\"sameAs\":[\"https:\/\/www.facebook.com\/SonoraEE\"]}]}<\/script>\n ","yoast_head_json":{"title":"Sonora en Equipo. En marcha, \"campa\u00f1a\" sobre supuesto desacato de la Presidenta: Sheinbaum Rep\u00fablica","description":"CIUDAD DE M\u00c9XICO. MX. \u2014 La presidenta Claudia Sheinbaum Pardo afirm\u00f3 este martes que est\u00e1 en marcha \u201cuna nueva campa\u00f1a\u201d para asegurar que en M\u00e9xico no hay En Sonora en Equipo publicamos toda la informaci\u00f3n de Sonora, M\u00e9xico y el Mundo de manera oportuna y busca que la libertad de expresi\u00f3n sea real. Visita nuestro medio informativo publicado desde Hermosillo, Sonora. %","robots":{"index":"index","follow":"follow","max-snippet":"max-snippet:-1","max-image-preview":"max-image-preview:large","max-video-preview":"max-video-preview:-1"},"canonical":"https:\/\/www.sonoraenequipo.com.mx\/en-marcha-campana-sobre-supuesto-desacato-de-la-presidenta-sheinbaum\/","og_locale":"es_ES","og_type":"article","og_title":"Sonora en Equipo. En marcha, \"campa\u00f1a\" sobre supuesto desacato de la Presidenta: Sheinbaum Rep\u00fablica","og_description":"CIUDAD DE M\u00c9XICO. MX. \u2014 La presidenta Claudia Sheinbaum Pardo afirm\u00f3 este martes que est\u00e1 en marcha \u201cuna nueva campa\u00f1a\u201d para asegurar que en M\u00e9xico no hay En Sonora en Equipo publicamos toda la informaci\u00f3n de Sonora, M\u00e9xico y el Mundo de manera oportuna y busca que la libertad de expresi\u00f3n sea real. Visita nuestro medio informativo publicado desde Hermosillo, Sonora. %","og_url":"https:\/\/www.sonoraenequipo.com.mx\/en-marcha-campana-sobre-supuesto-desacato-de-la-presidenta-sheinbaum\/","og_site_name":"Sonora en Equipo.","article_publisher":"https:\/\/www.facebook.com\/SonoraEE\/","article_author":"https:\/\/www.facebook.com\/SonoraEE","article_published_time":"2024-10-23T04:10:06+00:00","og_image":[{"width":946,"height":586,"url":"https:\/\/www.sonoraenequipo.com.mx\/storage\/2024\/10\/claudia-sheinbaum-2210.2024.jpg-min-1-min.jpeg","type":"image\/jpeg"}],"author":"enequipo","twitter_card":"summary_large_image","twitter_creator":"@sonoraenequipo","twitter_site":"@sonoraenequipo","twitter_misc":{"Escrito por":"enequipo","Tiempo de lectura":"2 minutos"},"schema":{"@context":"https:\/\/schema.org","@graph":[{"@type":"Article","@id":"https:\/\/www.sonoraenequipo.com.mx\/en-marcha-campana-sobre-supuesto-desacato-de-la-presidenta-sheinbaum\/#article","isPartOf":{"@id":"https:\/\/www.sonoraenequipo.com.mx\/en-marcha-campana-sobre-supuesto-desacato-de-la-presidenta-sheinbaum\/"},"author":{"name":"enequipo","@id":"https:\/\/www.sonoraenequipo.com.mx\/#\/schema\/person\/50102df0fb23a8fa9e8effad8fa81386"},"headline":"En marcha, \u00abcampa\u00f1a\u00bb sobre supuesto desacato de la Presidenta: Sheinbaum","datePublished":"2024-10-23T04:10:06+00:00","mainEntityOfPage":{"@id":"https:\/\/www.sonoraenequipo.com.mx\/en-marcha-campana-sobre-supuesto-desacato-de-la-presidenta-sheinbaum\/"},"wordCount":361,"commentCount":0,"publisher":{"@id":"https:\/\/www.sonoraenequipo.com.mx\/#organization"},"image":{"@id":"https:\/\/www.sonoraenequipo.com.mx\/en-marcha-campana-sobre-supuesto-desacato-de-la-presidenta-sheinbaum\/#primaryimage"},"thumbnailUrl":"https:\/\/www.sonoraenequipo.com.mx\/storage\/2024\/10\/claudia-sheinbaum-2210.2024.jpg-min-1-min.jpeg","articleSection":["Rep\u00fablica"],"inLanguage":"es","potentialAction":[{"@type":"CommentAction","name":"Comment","target":["https:\/\/www.sonoraenequipo.com.mx\/en-marcha-campana-sobre-supuesto-desacato-de-la-presidenta-sheinbaum\/#respond"]}]},{"@type":"WebPage","@id":"https:\/\/www.sonoraenequipo.com.mx\/en-marcha-campana-sobre-supuesto-desacato-de-la-presidenta-sheinbaum\/","url":"https:\/\/www.sonoraenequipo.com.mx\/en-marcha-campana-sobre-supuesto-desacato-de-la-presidenta-sheinbaum\/","name":"Sonora en Equipo. En marcha, \"campa\u00f1a\" sobre supuesto desacato de la Presidenta: Sheinbaum Rep\u00fablica","isPartOf":{"@id":"https:\/\/www.sonoraenequipo.com.mx\/#website"},"primaryImageOfPage":{"@id":"https:\/\/www.sonoraenequipo.com.mx\/en-marcha-campana-sobre-supuesto-desacato-de-la-presidenta-sheinbaum\/#primaryimage"},"image":{"@id":"https:\/\/www.sonoraenequipo.com.mx\/en-marcha-campana-sobre-supuesto-desacato-de-la-presidenta-sheinbaum\/#primaryimage"},"thumbnailUrl":"https:\/\/www.sonoraenequipo.com.mx\/storage\/2024\/10\/claudia-sheinbaum-2210.2024.jpg-min-1-min.jpeg","datePublished":"2024-10-23T04:10:06+00:00","description":"CIUDAD DE M\u00c9XICO. MX. \u2014 La presidenta Claudia Sheinbaum Pardo afirm\u00f3 este martes que est\u00e1 en marcha \u201cuna nueva campa\u00f1a\u201d para asegurar que en M\u00e9xico no hay En Sonora en Equipo publicamos toda la informaci\u00f3n de Sonora, M\u00e9xico y el Mundo de manera oportuna y busca que la libertad de expresi\u00f3n sea real. Visita nuestro medio informativo publicado desde Hermosillo, Sonora. %","breadcrumb":{"@id":"https:\/\/www.sonoraenequipo.com.mx\/en-marcha-campana-sobre-supuesto-desacato-de-la-presidenta-sheinbaum\/#breadcrumb"},"inLanguage":"es","potentialAction":[{"@type":"ReadAction","target":["https:\/\/www.sonoraenequipo.com.mx\/en-marcha-campana-sobre-supuesto-desacato-de-la-presidenta-sheinbaum\/"]}]},{"@type":"ImageObject","inLanguage":"es","@id":"https:\/\/www.sonoraenequipo.com.mx\/en-marcha-campana-sobre-supuesto-desacato-de-la-presidenta-sheinbaum\/#primaryimage","url":"https:\/\/www.sonoraenequipo.com.mx\/storage\/2024\/10\/claudia-sheinbaum-2210.2024.jpg-min-1-min.jpeg","contentUrl":"https:\/\/www.sonoraenequipo.com.mx\/storage\/2024\/10\/claudia-sheinbaum-2210.2024.jpg-min-1-min.jpeg","width":946,"height":586},{"@type":"BreadcrumbList","@id":"https:\/\/www.sonoraenequipo.com.mx\/en-marcha-campana-sobre-supuesto-desacato-de-la-presidenta-sheinbaum\/#breadcrumb","itemListElement":[{"@type":"ListItem","position":1,"name":"Portada","item":"https:\/\/www.sonoraenequipo.com.mx\/"},{"@type":"ListItem","position":2,"name":"En marcha, \u00abcampa\u00f1a\u00bb sobre supuesto desacato de la Presidenta: Sheinbaum"}]},{"@type":"WebSite","@id":"https:\/\/www.sonoraenequipo.com.mx\/#website","url":"https:\/\/www.sonoraenequipo.com.mx\/","name":"Sonora en Equipo.","description":"Diario en l\u00ednea con Noticias desde Hermosillo, Sonora","publisher":{"@id":"https:\/\/www.sonoraenequipo.com.mx\/#organization"},"potentialAction":[{"@type":"SearchAction","target":{"@type":"EntryPoint","urlTemplate":"https:\/\/www.sonoraenequipo.com.mx\/?s={search_term_string}"},"query-input":{"@type":"PropertyValueSpecification","valueRequired":true,"valueName":"search_term_string"}}],"inLanguage":"es"},{"@type":"Organization","@id":"https:\/\/www.sonoraenequipo.com.mx\/#organization","name":"Sonoraenequipo.com.mx","url":"https:\/\/www.sonoraenequipo.com.mx\/","logo":{"@type":"ImageObject","inLanguage":"es","@id":"https:\/\/www.sonoraenequipo.com.mx\/#\/schema\/logo\/image\/","url":"https:\/\/www.sonoraenequipo.com.mx\/storage\/2019\/01\/sonoraenequipo_opt.png","contentUrl":"https:\/\/www.sonoraenequipo.com.mx\/storage\/2019\/01\/sonoraenequipo_opt.png","width":375,"height":125,"caption":"Sonoraenequipo.com.mx"},"image":{"@id":"https:\/\/www.sonoraenequipo.com.mx\/#\/schema\/logo\/image\/"},"sameAs":["https:\/\/www.facebook.com\/SonoraEE\/","https:\/\/x.com\/sonoraenequipo","https:\/\/www.youtube.com\/channel\/UC338nW-lPEYmJQs4ZABQ1SQ"]},{"@type":"Person","@id":"https:\/\/www.sonoraenequipo.com.mx\/#\/schema\/person\/50102df0fb23a8fa9e8effad8fa81386","name":"enequipo","image":{"@type":"ImageObject","inLanguage":"es","@id":"https:\/\/www.sonoraenequipo.com.mx\/#\/schema\/person\/image\/","url":"https:\/\/secure.gravatar.com\/avatar\/049821681b589dabc0bc20695993ccebb09f5b5d4d790cd9251b97faac7c652b?s=96&d=blank&r=g","contentUrl":"https:\/\/secure.gravatar.com\/avatar\/049821681b589dabc0bc20695993ccebb09f5b5d4d790cd9251b97faac7c652b?s=96&d=blank&r=g","caption":"enequipo"},"sameAs":["https:\/\/www.facebook.com\/SonoraEE"]}]}},"jetpack_featured_media_url":"https:\/\/www.sonoraenequipo.com.mx\/storage\/2024\/10\/claudia-sheinbaum-2210.2024.jpg-min-1-min.jpeg","_links":{"self":[{"href":"https:\/\/www.sonoraenequipo.com.mx\/api\/wp\/v2\/posts\/202382","targetHints":{"allow":["GET"]}}],"collection":[{"href":"https:\/\/www.sonoraenequipo.com.mx\/api\/wp\/v2\/posts"}],"about":[{"href":"https:\/\/www.sonoraenequipo.com.mx\/api\/wp\/v2\/types\/post"}],"author":[{"embeddable":true,"href":"https:\/\/www.sonoraenequipo.com.mx\/api\/wp\/v2\/users\/1"}],"replies":[{"embeddable":true,"href":"https:\/\/www.sonoraenequipo.com.mx\/api\/wp\/v2\/comments?post=202382"}],"version-history":[{"count":1,"href":"https:\/\/www.sonoraenequipo.com.mx\/api\/wp\/v2\/posts\/202382\/revisions"}],"predecessor-version":[{"id":202387,"href":"https:\/\/www.sonoraenequipo.com.mx\/api\/wp\/v2\/posts\/202382\/revisions\/202387"}],"wp:featuredmedia":[{"embeddable":true,"href":"https:\/\/www.sonoraenequipo.com.mx\/api\/wp\/v2\/media\/202386"}],"wp:attachment":[{"href":"https:\/\/www.sonoraenequipo.com.mx\/api\/wp\/v2\/media?parent=202382"}],"wp:term":[{"taxonomy":"category","embeddable":true,"href":"https:\/\/www.sonoraenequipo.com.mx\/api\/wp\/v2\/categories?post=202382"},{"taxonomy":"post_tag","embeddable":true,"href":"https:\/\/www.sonoraenequipo.com.mx\/api\/wp\/v2\/tags?post=202382"}],"curies":[{"name":"wp","href":"https:\/\/api.w.org\/{rel}","templated":true}]}}