{"id":202396,"date":"2024-10-23T08:53:00","date_gmt":"2024-10-23T15:53:00","guid":{"rendered":"https:\/\/www.sonoraenequipo.com.mx\/?p=202396"},"modified":"2024-10-23T12:53:48","modified_gmt":"2024-10-23T19:53:48","slug":"estudio-universitario-revela-el-impacto-de-la-mala-alimentacion-y-el-poder-de-la-avena-en-la-salud","status":"publish","type":"post","link":"https:\/\/www.sonoraenequipo.com.mx\/estudio-universitario-revela-el-impacto-de-la-mala-alimentacion-y-el-poder-de-la-avena-en-la-salud\/","title":{"rendered":"Estudio universitario revela el impacto de la mala alimentaci\u00f3n y el poder de la avena en la salud"},"content":{"rendered":"<p><strong>ESTADOS UNIDOS. \u2014<\/strong> La mala alimentaci\u00f3n es un problema creciente que afecta a millones de personas, donde el consumo de productos ultra procesados y poco nutritivos est\u00e1 asociado a una alarmante prevalencia de enfermedades cr\u00f3nicas. Seg\u00fan un estudio reciente de la Universidad de Harvard, el consumo regular de avena puede ser una forma efectiva y natural de reducir los niveles de az\u00facar en el cuerpo.<\/p>\n<p>&nbsp;<\/p>\n<p>&nbsp;<\/p>\n<p> <\/p>\n<p>&nbsp;<\/p>\n<p>&nbsp;<\/p>\n<p>La avena, en particular en su versi\u00f3n menos procesada como la avena integral, tiene un \u00edndice gluc\u00e9mico m\u00e1s bajo en comparaci\u00f3n con otros cereales como el arroz. Esto significa que su digesti\u00f3n es m\u00e1s lenta, lo que ayuda a evitar picos repentinos de glucosa en la sangre.<\/p>\n<p>&nbsp;<\/p>\n<p>&nbsp;<\/p>\n<p>&nbsp;<\/p>\n<h3>Un s\u00faper alimento para el coraz\u00f3n y el metabolismo<\/h3>\n<p>&nbsp;<\/p>\n<p>&nbsp;<\/p>\n<p>La avena contribuye significativamente a la salud del coraz\u00f3n. Los investigadores concluyeron que su consumo regular puede reducir los niveles de colesterol, ayudando as\u00ed a prevenir enfermedades cardiovasculares. Su alto contenido de fibra soluble no solo favorece la digesti\u00f3n, sino que tambi\u00e9n proporciona una mayor sensaci\u00f3n de saciedad, lo que puede ser \u00fatil para el control del peso corporal.<\/p>\n<p>&nbsp;<\/p>\n<p>&nbsp;<\/p>\n<p>&nbsp;<\/p>\n<p>Harvard recomienda incorporar avena en la alimentaci\u00f3n diaria de toda la familia como una opci\u00f3n saludable y nutritiva. Este cereal no solo contribuye al bienestar inmediato, sino que tambi\u00e9n reduce el riesgo de desarrollar enfermedades cr\u00f3nicas.<\/p>\n<p>&nbsp;<\/p>\n<p>&nbsp;<\/p>\n<p>El compromiso de Harvard con la investigaci\u00f3n contin\u00faa, buscando evidencias s\u00f3lidas sobre los beneficios de la avena y otros alimentos naturales, con el fin de promover una alimentaci\u00f3n equilibrada y mejorar la salud p\u00fablica en todo el mundo.<\/p>\n<p>&nbsp;<\/p>\n<p>&nbsp;<\/p>\n<p>&nbsp;<\/p>\n<p>PUBLICADO EL 23 DE OCTUBRE DE 2024 Con informaci\u00f3n EFE)<\/p>\n","protected":false},"excerpt":{"rendered":"<p>ESTADOS UNIDOS. \u2014 La mala alimentaci\u00f3n es un problema creciente que afecta a millones de&#8230;<\/p>\n","protected":false},"author":1,"featured_media":202397,"comment_status":"open","ping_status":"open","sticky":false,"template":"","format":"standard","meta":{"_monsterinsights_skip_tracking":false,"_monsterinsights_sitenote_active":false,"_monsterinsights_sitenote_note":"","_monsterinsights_sitenote_category":0,"footnotes":""},"categories":[3],"tags":[],"class_list":["post"],"yoast_head":" \n<title>Sonora en Equipo. Estudio universitario revela el impacto de la mala alimentaci\u00f3n y el poder de la avena en la salud MUNDO<\/title>\n<meta name=\"description\" content=\"ESTADOS UNIDOS. \u2014 La mala alimentaci\u00f3n es un problema creciente que afecta a millones de personas, donde el consumo de productos ultra procesados y poco En Sonora en Equipo publicamos toda la informaci\u00f3n de Sonora, M\u00e9xico y el Mundo de manera oportuna y busca que la libertad de expresi\u00f3n sea real. Visita nuestro medio informativo publicado desde Hermosillo, Sonora. %\" \/>\n<meta name=\"robots\" content=\"index, follow, max-snippet:-1, max-image-preview:large, max-video-preview:-1\" \/>\n<link rel=\"canonical\" href=\"https:\/\/www.sonoraenequipo.com.mx\/estudio-universitario-revela-el-impacto-de-la-mala-alimentacion-y-el-poder-de-la-avena-en-la-salud\/\" \/>\n<meta property=\"og:locale\" content=\"es_ES\" \/>\n<meta property=\"og:type\" content=\"article\" \/>\n<meta property=\"og:title\" content=\"Sonora en Equipo. Estudio universitario revela el impacto de la mala alimentaci\u00f3n y el poder de la avena en la salud MUNDO\" \/>\n<meta property=\"og:description\" content=\"ESTADOS UNIDOS. \u2014 La mala alimentaci\u00f3n es un problema creciente que afecta a millones de personas, donde el consumo de productos ultra procesados y poco En Sonora en Equipo publicamos toda la informaci\u00f3n de Sonora, M\u00e9xico y el Mundo de manera oportuna y busca que la libertad de expresi\u00f3n sea real. Visita nuestro medio informativo publicado desde Hermosillo, Sonora. %\" \/>\n<meta property=\"og:url\" content=\"https:\/\/www.sonoraenequipo.com.mx\/estudio-universitario-revela-el-impacto-de-la-mala-alimentacion-y-el-poder-de-la-avena-en-la-salud\/\" \/>\n<meta property=\"og:site_name\" content=\"Sonora en Equipo.\" \/>\n<meta property=\"article:publisher\" content=\"https:\/\/www.facebook.com\/SonoraEE\/\" \/>\n<meta property=\"article:author\" content=\"https:\/\/www.facebook.com\/SonoraEE\" \/>\n<meta property=\"article:published_time\" content=\"2024-10-23T15:53:00+00:00\" \/>\n<meta property=\"article:modified_time\" content=\"2024-10-23T19:53:48+00:00\" \/>\n<meta property=\"og:image\" content=\"https:\/\/www.sonoraenequipo.com.mx\/storage\/2024\/10\/avena-en-la-alimentacion-min.jpg\" \/>\n\t<meta property=\"og:image:width\" content=\"900\" \/>\n\t<meta property=\"og:image:height\" content=\"479\" \/>\n\t<meta property=\"og:image:type\" content=\"image\/jpeg\" \/>\n<meta name=\"author\" content=\"enequipo\" \/>\n<meta name=\"twitter:card\" content=\"summary_large_image\" \/>\n<meta name=\"twitter:creator\" content=\"@sonoraenequipo\" \/>\n<meta name=\"twitter:site\" content=\"@sonoraenequipo\" \/>\n<meta name=\"twitter:label1\" content=\"Escrito por\" \/>\n\t<meta name=\"twitter:data1\" content=\"enequipo\" \/>\n\t<meta name=\"twitter:label2\" content=\"Tiempo de lectura\" \/>\n\t<meta name=\"twitter:data2\" content=\"2 minutos\" \/>\n<script type=\"application\/ld+json\" class=\"yoast-schema-graph\">{\"@context\":\"https:\/\/schema.org\",\"@graph\":[{\"@type\":\"Article\",\"@id\":\"https:\/\/www.sonoraenequipo.com.mx\/estudio-universitario-revela-el-impacto-de-la-mala-alimentacion-y-el-poder-de-la-avena-en-la-salud\/#article\",\"isPartOf\":{\"@id\":\"https:\/\/www.sonoraenequipo.com.mx\/estudio-universitario-revela-el-impacto-de-la-mala-alimentacion-y-el-poder-de-la-avena-en-la-salud\/\"},\"author\":{\"name\":\"enequipo\",\"@id\":\"https:\/\/www.sonoraenequipo.com.mx\/#\/schema\/person\/50102df0fb23a8fa9e8effad8fa81386\"},\"headline\":\"Estudio universitario revela el impacto de la mala alimentaci\u00f3n y el poder de la avena en la salud\",\"datePublished\":\"2024-10-23T15:53:00+00:00\",\"dateModified\":\"2024-10-23T19:53:48+00:00\",\"mainEntityOfPage\":{\"@id\":\"https:\/\/www.sonoraenequipo.com.mx\/estudio-universitario-revela-el-impacto-de-la-mala-alimentacion-y-el-poder-de-la-avena-en-la-salud\/\"},\"wordCount\":323,\"commentCount\":0,\"publisher\":{\"@id\":\"https:\/\/www.sonoraenequipo.com.mx\/#organization\"},\"image\":{\"@id\":\"https:\/\/www.sonoraenequipo.com.mx\/estudio-universitario-revela-el-impacto-de-la-mala-alimentacion-y-el-poder-de-la-avena-en-la-salud\/#primaryimage\"},\"thumbnailUrl\":\"https:\/\/www.sonoraenequipo.com.mx\/storage\/2024\/10\/avena-en-la-alimentacion-min.jpg\",\"articleSection\":[\"MUNDO\"],\"inLanguage\":\"es\",\"potentialAction\":[{\"@type\":\"CommentAction\",\"name\":\"Comment\",\"target\":[\"https:\/\/www.sonoraenequipo.com.mx\/estudio-universitario-revela-el-impacto-de-la-mala-alimentacion-y-el-poder-de-la-avena-en-la-salud\/#respond\"]}]},{\"@type\":\"WebPage\",\"@id\":\"https:\/\/www.sonoraenequipo.com.mx\/estudio-universitario-revela-el-impacto-de-la-mala-alimentacion-y-el-poder-de-la-avena-en-la-salud\/\",\"url\":\"https:\/\/www.sonoraenequipo.com.mx\/estudio-universitario-revela-el-impacto-de-la-mala-alimentacion-y-el-poder-de-la-avena-en-la-salud\/\",\"name\":\"Sonora en Equipo. Estudio universitario revela el impacto de la mala alimentaci\u00f3n y el poder de la avena en la salud MUNDO\",\"isPartOf\":{\"@id\":\"https:\/\/www.sonoraenequipo.com.mx\/#website\"},\"primaryImageOfPage\":{\"@id\":\"https:\/\/www.sonoraenequipo.com.mx\/estudio-universitario-revela-el-impacto-de-la-mala-alimentacion-y-el-poder-de-la-avena-en-la-salud\/#primaryimage\"},\"image\":{\"@id\":\"https:\/\/www.sonoraenequipo.com.mx\/estudio-universitario-revela-el-impacto-de-la-mala-alimentacion-y-el-poder-de-la-avena-en-la-salud\/#primaryimage\"},\"thumbnailUrl\":\"https:\/\/www.sonoraenequipo.com.mx\/storage\/2024\/10\/avena-en-la-alimentacion-min.jpg\",\"datePublished\":\"2024-10-23T15:53:00+00:00\",\"dateModified\":\"2024-10-23T19:53:48+00:00\",\"description\":\"ESTADOS UNIDOS. \u2014 La mala alimentaci\u00f3n es un problema creciente que afecta a millones de personas, donde el consumo de productos ultra procesados y poco En Sonora en Equipo publicamos toda la informaci\u00f3n de Sonora, M\u00e9xico y el Mundo de manera oportuna y busca que la libertad de expresi\u00f3n sea real. Visita nuestro medio informativo publicado desde Hermosillo, Sonora. %\",\"breadcrumb\":{\"@id\":\"https:\/\/www.sonoraenequipo.com.mx\/estudio-universitario-revela-el-impacto-de-la-mala-alimentacion-y-el-poder-de-la-avena-en-la-salud\/#breadcrumb\"},\"inLanguage\":\"es\",\"potentialAction\":[{\"@type\":\"ReadAction\",\"target\":[\"https:\/\/www.sonoraenequipo.com.mx\/estudio-universitario-revela-el-impacto-de-la-mala-alimentacion-y-el-poder-de-la-avena-en-la-salud\/\"]}]},{\"@type\":\"ImageObject\",\"inLanguage\":\"es\",\"@id\":\"https:\/\/www.sonoraenequipo.com.mx\/estudio-universitario-revela-el-impacto-de-la-mala-alimentacion-y-el-poder-de-la-avena-en-la-salud\/#primaryimage\",\"url\":\"https:\/\/www.sonoraenequipo.com.mx\/storage\/2024\/10\/avena-en-la-alimentacion-min.jpg\",\"contentUrl\":\"https:\/\/www.sonoraenequipo.com.mx\/storage\/2024\/10\/avena-en-la-alimentacion-min.jpg\",\"width\":900,\"height\":479},{\"@type\":\"BreadcrumbList\",\"@id\":\"https:\/\/www.sonoraenequipo.com.mx\/estudio-universitario-revela-el-impacto-de-la-mala-alimentacion-y-el-poder-de-la-avena-en-la-salud\/#breadcrumb\",\"itemListElement\":[{\"@type\":\"ListItem\",\"position\":1,\"name\":\"Portada\",\"item\":\"https:\/\/www.sonoraenequipo.com.mx\/\"},{\"@type\":\"ListItem\",\"position\":2,\"name\":\"Estudio universitario revela el impacto de la mala alimentaci\u00f3n y el poder de la avena en la salud\"}]},{\"@type\":\"WebSite\",\"@id\":\"https:\/\/www.sonoraenequipo.com.mx\/#website\",\"url\":\"https:\/\/www.sonoraenequipo.com.mx\/\",\"name\":\"Sonora en Equipo.\",\"description\":\"Diario en l\u00ednea con Noticias desde Hermosillo, Sonora\",\"publisher\":{\"@id\":\"https:\/\/www.sonoraenequipo.com.mx\/#organization\"},\"potentialAction\":[{\"@type\":\"SearchAction\",\"target\":{\"@type\":\"EntryPoint\",\"urlTemplate\":\"https:\/\/www.sonoraenequipo.com.mx\/?s={search_term_string}\"},\"query-input\":{\"@type\":\"PropertyValueSpecification\",\"valueRequired\":true,\"valueName\":\"search_term_string\"}}],\"inLanguage\":\"es\"},{\"@type\":\"Organization\",\"@id\":\"https:\/\/www.sonoraenequipo.com.mx\/#organization\",\"name\":\"Sonoraenequipo.com.mx\",\"url\":\"https:\/\/www.sonoraenequipo.com.mx\/\",\"logo\":{\"@type\":\"ImageObject\",\"inLanguage\":\"es\",\"@id\":\"https:\/\/www.sonoraenequipo.com.mx\/#\/schema\/logo\/image\/\",\"url\":\"https:\/\/www.sonoraenequipo.com.mx\/storage\/2019\/01\/sonoraenequipo_opt.png\",\"contentUrl\":\"https:\/\/www.sonoraenequipo.com.mx\/storage\/2019\/01\/sonoraenequipo_opt.png\",\"width\":375,\"height\":125,\"caption\":\"Sonoraenequipo.com.mx\"},\"image\":{\"@id\":\"https:\/\/www.sonoraenequipo.com.mx\/#\/schema\/logo\/image\/\"},\"sameAs\":[\"https:\/\/www.facebook.com\/SonoraEE\/\",\"https:\/\/x.com\/sonoraenequipo\",\"https:\/\/www.youtube.com\/channel\/UC338nW-lPEYmJQs4ZABQ1SQ\"]},{\"@type\":\"Person\",\"@id\":\"https:\/\/www.sonoraenequipo.com.mx\/#\/schema\/person\/50102df0fb23a8fa9e8effad8fa81386\",\"name\":\"enequipo\",\"image\":{\"@type\":\"ImageObject\",\"inLanguage\":\"es\",\"@id\":\"https:\/\/www.sonoraenequipo.com.mx\/#\/schema\/person\/image\/\",\"url\":\"https:\/\/secure.gravatar.com\/avatar\/049821681b589dabc0bc20695993ccebb09f5b5d4d790cd9251b97faac7c652b?s=96&d=blank&r=g\",\"contentUrl\":\"https:\/\/secure.gravatar.com\/avatar\/049821681b589dabc0bc20695993ccebb09f5b5d4d790cd9251b97faac7c652b?s=96&d=blank&r=g\",\"caption\":\"enequipo\"},\"sameAs\":[\"https:\/\/www.facebook.com\/SonoraEE\"]}]}<\/script>\n ","yoast_head_json":{"title":"Sonora en Equipo. Estudio universitario revela el impacto de la mala alimentaci\u00f3n y el poder de la avena en la salud MUNDO","description":"ESTADOS UNIDOS. \u2014 La mala alimentaci\u00f3n es un problema creciente que afecta a millones de personas, donde el consumo de productos ultra procesados y poco En Sonora en Equipo publicamos toda la informaci\u00f3n de Sonora, M\u00e9xico y el Mundo de manera oportuna y busca que la libertad de expresi\u00f3n sea real. Visita nuestro medio informativo publicado desde Hermosillo, Sonora. %","robots":{"index":"index","follow":"follow","max-snippet":"max-snippet:-1","max-image-preview":"max-image-preview:large","max-video-preview":"max-video-preview:-1"},"canonical":"https:\/\/www.sonoraenequipo.com.mx\/estudio-universitario-revela-el-impacto-de-la-mala-alimentacion-y-el-poder-de-la-avena-en-la-salud\/","og_locale":"es_ES","og_type":"article","og_title":"Sonora en Equipo. Estudio universitario revela el impacto de la mala alimentaci\u00f3n y el poder de la avena en la salud MUNDO","og_description":"ESTADOS UNIDOS. \u2014 La mala alimentaci\u00f3n es un problema creciente que afecta a millones de personas, donde el consumo de productos ultra procesados y poco En Sonora en Equipo publicamos toda la informaci\u00f3n de Sonora, M\u00e9xico y el Mundo de manera oportuna y busca que la libertad de expresi\u00f3n sea real. Visita nuestro medio informativo publicado desde Hermosillo, Sonora. %","og_url":"https:\/\/www.sonoraenequipo.com.mx\/estudio-universitario-revela-el-impacto-de-la-mala-alimentacion-y-el-poder-de-la-avena-en-la-salud\/","og_site_name":"Sonora en Equipo.","article_publisher":"https:\/\/www.facebook.com\/SonoraEE\/","article_author":"https:\/\/www.facebook.com\/SonoraEE","article_published_time":"2024-10-23T15:53:00+00:00","article_modified_time":"2024-10-23T19:53:48+00:00","og_image":[{"width":900,"height":479,"url":"https:\/\/www.sonoraenequipo.com.mx\/storage\/2024\/10\/avena-en-la-alimentacion-min.jpg","type":"image\/jpeg"}],"author":"enequipo","twitter_card":"summary_large_image","twitter_creator":"@sonoraenequipo","twitter_site":"@sonoraenequipo","twitter_misc":{"Escrito por":"enequipo","Tiempo de lectura":"2 minutos"},"schema":{"@context":"https:\/\/schema.org","@graph":[{"@type":"Article","@id":"https:\/\/www.sonoraenequipo.com.mx\/estudio-universitario-revela-el-impacto-de-la-mala-alimentacion-y-el-poder-de-la-avena-en-la-salud\/#article","isPartOf":{"@id":"https:\/\/www.sonoraenequipo.com.mx\/estudio-universitario-revela-el-impacto-de-la-mala-alimentacion-y-el-poder-de-la-avena-en-la-salud\/"},"author":{"name":"enequipo","@id":"https:\/\/www.sonoraenequipo.com.mx\/#\/schema\/person\/50102df0fb23a8fa9e8effad8fa81386"},"headline":"Estudio universitario revela el impacto de la mala alimentaci\u00f3n y el poder de la avena en la salud","datePublished":"2024-10-23T15:53:00+00:00","dateModified":"2024-10-23T19:53:48+00:00","mainEntityOfPage":{"@id":"https:\/\/www.sonoraenequipo.com.mx\/estudio-universitario-revela-el-impacto-de-la-mala-alimentacion-y-el-poder-de-la-avena-en-la-salud\/"},"wordCount":323,"commentCount":0,"publisher":{"@id":"https:\/\/www.sonoraenequipo.com.mx\/#organization"},"image":{"@id":"https:\/\/www.sonoraenequipo.com.mx\/estudio-universitario-revela-el-impacto-de-la-mala-alimentacion-y-el-poder-de-la-avena-en-la-salud\/#primaryimage"},"thumbnailUrl":"https:\/\/www.sonoraenequipo.com.mx\/storage\/2024\/10\/avena-en-la-alimentacion-min.jpg","articleSection":["MUNDO"],"inLanguage":"es","potentialAction":[{"@type":"CommentAction","name":"Comment","target":["https:\/\/www.sonoraenequipo.com.mx\/estudio-universitario-revela-el-impacto-de-la-mala-alimentacion-y-el-poder-de-la-avena-en-la-salud\/#respond"]}]},{"@type":"WebPage","@id":"https:\/\/www.sonoraenequipo.com.mx\/estudio-universitario-revela-el-impacto-de-la-mala-alimentacion-y-el-poder-de-la-avena-en-la-salud\/","url":"https:\/\/www.sonoraenequipo.com.mx\/estudio-universitario-revela-el-impacto-de-la-mala-alimentacion-y-el-poder-de-la-avena-en-la-salud\/","name":"Sonora en Equipo. Estudio universitario revela el impacto de la mala alimentaci\u00f3n y el poder de la avena en la salud MUNDO","isPartOf":{"@id":"https:\/\/www.sonoraenequipo.com.mx\/#website"},"primaryImageOfPage":{"@id":"https:\/\/www.sonoraenequipo.com.mx\/estudio-universitario-revela-el-impacto-de-la-mala-alimentacion-y-el-poder-de-la-avena-en-la-salud\/#primaryimage"},"image":{"@id":"https:\/\/www.sonoraenequipo.com.mx\/estudio-universitario-revela-el-impacto-de-la-mala-alimentacion-y-el-poder-de-la-avena-en-la-salud\/#primaryimage"},"thumbnailUrl":"https:\/\/www.sonoraenequipo.com.mx\/storage\/2024\/10\/avena-en-la-alimentacion-min.jpg","datePublished":"2024-10-23T15:53:00+00:00","dateModified":"2024-10-23T19:53:48+00:00","description":"ESTADOS UNIDOS. \u2014 La mala alimentaci\u00f3n es un problema creciente que afecta a millones de personas, donde el consumo de productos ultra procesados y poco En Sonora en Equipo publicamos toda la informaci\u00f3n de Sonora, M\u00e9xico y el Mundo de manera oportuna y busca que la libertad de expresi\u00f3n sea real. Visita nuestro medio informativo publicado desde Hermosillo, Sonora. %","breadcrumb":{"@id":"https:\/\/www.sonoraenequipo.com.mx\/estudio-universitario-revela-el-impacto-de-la-mala-alimentacion-y-el-poder-de-la-avena-en-la-salud\/#breadcrumb"},"inLanguage":"es","potentialAction":[{"@type":"ReadAction","target":["https:\/\/www.sonoraenequipo.com.mx\/estudio-universitario-revela-el-impacto-de-la-mala-alimentacion-y-el-poder-de-la-avena-en-la-salud\/"]}]},{"@type":"ImageObject","inLanguage":"es","@id":"https:\/\/www.sonoraenequipo.com.mx\/estudio-universitario-revela-el-impacto-de-la-mala-alimentacion-y-el-poder-de-la-avena-en-la-salud\/#primaryimage","url":"https:\/\/www.sonoraenequipo.com.mx\/storage\/2024\/10\/avena-en-la-alimentacion-min.jpg","contentUrl":"https:\/\/www.sonoraenequipo.com.mx\/storage\/2024\/10\/avena-en-la-alimentacion-min.jpg","width":900,"height":479},{"@type":"BreadcrumbList","@id":"https:\/\/www.sonoraenequipo.com.mx\/estudio-universitario-revela-el-impacto-de-la-mala-alimentacion-y-el-poder-de-la-avena-en-la-salud\/#breadcrumb","itemListElement":[{"@type":"ListItem","position":1,"name":"Portada","item":"https:\/\/www.sonoraenequipo.com.mx\/"},{"@type":"ListItem","position":2,"name":"Estudio universitario revela el impacto de la mala alimentaci\u00f3n y el poder de la avena en la salud"}]},{"@type":"WebSite","@id":"https:\/\/www.sonoraenequipo.com.mx\/#website","url":"https:\/\/www.sonoraenequipo.com.mx\/","name":"Sonora en Equipo.","description":"Diario en l\u00ednea con Noticias desde Hermosillo, Sonora","publisher":{"@id":"https:\/\/www.sonoraenequipo.com.mx\/#organization"},"potentialAction":[{"@type":"SearchAction","target":{"@type":"EntryPoint","urlTemplate":"https:\/\/www.sonoraenequipo.com.mx\/?s={search_term_string}"},"query-input":{"@type":"PropertyValueSpecification","valueRequired":true,"valueName":"search_term_string"}}],"inLanguage":"es"},{"@type":"Organization","@id":"https:\/\/www.sonoraenequipo.com.mx\/#organization","name":"Sonoraenequipo.com.mx","url":"https:\/\/www.sonoraenequipo.com.mx\/","logo":{"@type":"ImageObject","inLanguage":"es","@id":"https:\/\/www.sonoraenequipo.com.mx\/#\/schema\/logo\/image\/","url":"https:\/\/www.sonoraenequipo.com.mx\/storage\/2019\/01\/sonoraenequipo_opt.png","contentUrl":"https:\/\/www.sonoraenequipo.com.mx\/storage\/2019\/01\/sonoraenequipo_opt.png","width":375,"height":125,"caption":"Sonoraenequipo.com.mx"},"image":{"@id":"https:\/\/www.sonoraenequipo.com.mx\/#\/schema\/logo\/image\/"},"sameAs":["https:\/\/www.facebook.com\/SonoraEE\/","https:\/\/x.com\/sonoraenequipo","https:\/\/www.youtube.com\/channel\/UC338nW-lPEYmJQs4ZABQ1SQ"]},{"@type":"Person","@id":"https:\/\/www.sonoraenequipo.com.mx\/#\/schema\/person\/50102df0fb23a8fa9e8effad8fa81386","name":"enequipo","image":{"@type":"ImageObject","inLanguage":"es","@id":"https:\/\/www.sonoraenequipo.com.mx\/#\/schema\/person\/image\/","url":"https:\/\/secure.gravatar.com\/avatar\/049821681b589dabc0bc20695993ccebb09f5b5d4d790cd9251b97faac7c652b?s=96&d=blank&r=g","contentUrl":"https:\/\/secure.gravatar.com\/avatar\/049821681b589dabc0bc20695993ccebb09f5b5d4d790cd9251b97faac7c652b?s=96&d=blank&r=g","caption":"enequipo"},"sameAs":["https:\/\/www.facebook.com\/SonoraEE"]}]}},"jetpack_featured_media_url":"https:\/\/www.sonoraenequipo.com.mx\/storage\/2024\/10\/avena-en-la-alimentacion-min.jpg","_links":{"self":[{"href":"https:\/\/www.sonoraenequipo.com.mx\/api\/wp\/v2\/posts\/202396","targetHints":{"allow":["GET"]}}],"collection":[{"href":"https:\/\/www.sonoraenequipo.com.mx\/api\/wp\/v2\/posts"}],"about":[{"href":"https:\/\/www.sonoraenequipo.com.mx\/api\/wp\/v2\/types\/post"}],"author":[{"embeddable":true,"href":"https:\/\/www.sonoraenequipo.com.mx\/api\/wp\/v2\/users\/1"}],"replies":[{"embeddable":true,"href":"https:\/\/www.sonoraenequipo.com.mx\/api\/wp\/v2\/comments?post=202396"}],"version-history":[{"count":1,"href":"https:\/\/www.sonoraenequipo.com.mx\/api\/wp\/v2\/posts\/202396\/revisions"}],"predecessor-version":[{"id":202398,"href":"https:\/\/www.sonoraenequipo.com.mx\/api\/wp\/v2\/posts\/202396\/revisions\/202398"}],"wp:featuredmedia":[{"embeddable":true,"href":"https:\/\/www.sonoraenequipo.com.mx\/api\/wp\/v2\/media\/202397"}],"wp:attachment":[{"href":"https:\/\/www.sonoraenequipo.com.mx\/api\/wp\/v2\/media?parent=202396"}],"wp:term":[{"taxonomy":"category","embeddable":true,"href":"https:\/\/www.sonoraenequipo.com.mx\/api\/wp\/v2\/categories?post=202396"},{"taxonomy":"post_tag","embeddable":true,"href":"https:\/\/www.sonoraenequipo.com.mx\/api\/wp\/v2\/tags?post=202396"}],"curies":[{"name":"wp","href":"https:\/\/api.w.org\/{rel}","templated":true}]}}