{"id":202405,"date":"2024-10-23T13:52:09","date_gmt":"2024-10-23T20:52:09","guid":{"rendered":"https:\/\/www.sonoraenequipo.com.mx\/?p=202405"},"modified":"2024-10-23T13:52:09","modified_gmt":"2024-10-23T20:52:09","slug":"cedh-sonora-emite-recomendacion-a-la-ssp-por-muerte-de-interno-del-cereso-de-nogales","status":"publish","type":"post","link":"https:\/\/www.sonoraenequipo.com.mx\/cedh-sonora-emite-recomendacion-a-la-ssp-por-muerte-de-interno-del-cereso-de-nogales\/","title":{"rendered":"CEDH Sonora emite recomendaci\u00f3n a la SSP por muerte de interno del Cereso de Nogales"},"content":{"rendered":"<p><strong>HERMOSILLO, SONORA, MX.<\/strong> \u2014 Para fincar responsabilidades penales y administrativas contra personal del Centro de Reinserci\u00f3n Social de Nogales, la Comisi\u00f3n Estatal de Derechos Humanos de Sonora dict\u00f3 una recomendaci\u00f3n a la Secretar\u00eda de Seguridad P\u00fablica (SSP) estatal, por hechos donde una persona privada de la libertad fue herida violentamente y falleci\u00f3 mediante asfixia por ahorcamiento.<\/p>\n<p>&nbsp;<\/p>\n<p>El presidente de la CEDH, Luis Fernando Renter\u00eda Barrag\u00e1n, inform\u00f3 que dicha recomendaci\u00f3n ya fue aceptada por la autoridad, por lo que lo que la instituci\u00f3n supervisa su cumplimiento, al igual que el de otras catorce emitidas y aceptadas tan s\u00f3lo este a\u00f1o.<\/p>\n<p>&nbsp;<\/p>\n<p>El ombudsperson detall\u00f3 que la Comisi\u00f3n tuvo conocimiento de este caso por una publicaci\u00f3n que en junio de 2023 se hizo en medios electr\u00f3nicos, por lo que de oficio inici\u00f3 su investigaci\u00f3n y solicit\u00f3 informes de los hechos a las autoridades correspondientes.<\/p>\n<p>&nbsp;<\/p>\n<p>En dichos reportes se explica que la v\u00edctima directa fue encontrada en un \u00e1rea del Cereso, con diversas lesiones en su cuerpo y ya sin signos vitales; seg\u00fan la autopsia, debido a los golpes que le fueron infligidos.<\/p>\n<p>&nbsp;<\/p>\n<p>Conforme a la investigaci\u00f3n, deliberadamente las autoridades penitenciarias dejaron de vigilar por un amplio margen de m\u00e1s de dos horas a las personas que se encontraban al interior de la instituci\u00f3n, tiempo en el cual la v\u00edctima fue privada de la vida violentamente.<\/p>\n<p>&nbsp;<\/p>\n<p>Este resultado se deriv\u00f3 de una serie de acciones permitidas y consentidas por la autoridad, que no se trataron de meras omisiones, sino de decisiones voluntarias y conscientes frente a la obligaci\u00f3n de prevenir riesgos en las personas que se encuentran bajo su resguardo, tales como las de vigilarlas y protegerlas, as\u00ed como el tomar las providencias necesarias para salvaguardar su integridad, todo lo cual fueron elementos decisivos para que la v\u00edctima perdiera la vida.<\/p>\n<p>&nbsp;<\/p>\n<p>El suceso resulta violatorio de los derechos establecidos en los art\u00edculos 1 y 22 de la Constituci\u00f3n mexicana; el 1, 2 y 4 de la Convenci\u00f3n Americana sobre Derechos Humanos; y el 2, 6, 7 y 10 del Pacto Internacional de los Derechos Civiles y Pol\u00edticos.<\/p>\n<p>&nbsp;<\/p>\n<p>Por lo anterior se emiti\u00f3 la recomendaci\u00f3n por la cual la Secretar\u00eda de Seguridad P\u00fablica estatal deber\u00e1 investigar y sancionar a quienes hayan cometido las violaciones aqu\u00ed descritas, externar adem\u00e1s un acto de disculpa p\u00fablica, y mediante capacitaci\u00f3n en derechos humanos al personal a su cargo procurar la no repetici\u00f3n de este tipo de hechos; as\u00ed mismo, se habr\u00e1 de incluir a las v\u00edctimas indirectas en el Registro Estatal de V\u00edctimas.<\/p>\n<p>&nbsp;<\/p>\n<p>El texto completo de \u00e9sta que es la recomendaci\u00f3n n\u00famero 48 de 51 realizadas durante la gesti\u00f3n de Renter\u00eda Barrag\u00e1n al frente de la CEDH Sonora, se puede consultar en la siguiente liga de internet: <a href=\"https:\/\/bit.ly\/3UluZsf\">https:\/\/bit.ly\/3UluZsf<\/a><\/p>\n<p>&nbsp;<\/p>\n<p><strong>Fecha de publicaci\u00f3n mi\u00e9rcoles 23 de octubre de 2024 \/<\/strong><\/p>\n","protected":false},"excerpt":{"rendered":"<p>HERMOSILLO, SONORA, MX. \u2014 Para fincar responsabilidades penales y administrativas contra personal del Centro de&#8230;<\/p>\n","protected":false},"author":1,"featured_media":202406,"comment_status":"open","ping_status":"open","sticky":false,"template":"","format":"standard","meta":{"_monsterinsights_skip_tracking":false,"_monsterinsights_sitenote_active":false,"_monsterinsights_sitenote_note":"","_monsterinsights_sitenote_category":0,"footnotes":""},"categories":[22],"tags":[4158,15],"class_list":["post"],"yoast_head":" \n<title>Sonora en Equipo. CEDH Sonora emite recomendaci\u00f3n a la SSP por muerte de interno del Cereso de Nogales Sonora<\/title>\n<meta name=\"description\" content=\"HERMOSILLO, SONORA, MX. \u2014 Para fincar responsabilidades penales y administrativas contra personal del Centro de Reinserci\u00f3n Social de Nogales, la Comisi\u00f3n En Sonora en Equipo publicamos toda la informaci\u00f3n de Sonora, M\u00e9xico y el Mundo de manera oportuna y busca que la libertad de expresi\u00f3n sea real. Visita nuestro medio informativo publicado desde Hermosillo, Sonora. %\" \/>\n<meta name=\"robots\" content=\"index, follow, max-snippet:-1, max-image-preview:large, max-video-preview:-1\" \/>\n<link rel=\"canonical\" href=\"https:\/\/www.sonoraenequipo.com.mx\/cedh-sonora-emite-recomendacion-a-la-ssp-por-muerte-de-interno-del-cereso-de-nogales\/\" \/>\n<meta property=\"og:locale\" content=\"es_ES\" \/>\n<meta property=\"og:type\" content=\"article\" \/>\n<meta property=\"og:title\" content=\"Sonora en Equipo. CEDH Sonora emite recomendaci\u00f3n a la SSP por muerte de interno del Cereso de Nogales Sonora\" \/>\n<meta property=\"og:description\" content=\"HERMOSILLO, SONORA, MX. \u2014 Para fincar responsabilidades penales y administrativas contra personal del Centro de Reinserci\u00f3n Social de Nogales, la Comisi\u00f3n En Sonora en Equipo publicamos toda la informaci\u00f3n de Sonora, M\u00e9xico y el Mundo de manera oportuna y busca que la libertad de expresi\u00f3n sea real. Visita nuestro medio informativo publicado desde Hermosillo, Sonora. %\" \/>\n<meta property=\"og:url\" content=\"https:\/\/www.sonoraenequipo.com.mx\/cedh-sonora-emite-recomendacion-a-la-ssp-por-muerte-de-interno-del-cereso-de-nogales\/\" \/>\n<meta property=\"og:site_name\" content=\"Sonora en Equipo.\" \/>\n<meta property=\"article:publisher\" content=\"https:\/\/www.facebook.com\/SonoraEE\/\" \/>\n<meta property=\"article:author\" content=\"https:\/\/www.facebook.com\/SonoraEE\" \/>\n<meta property=\"article:published_time\" content=\"2024-10-23T20:52:09+00:00\" \/>\n<meta property=\"og:image\" content=\"https:\/\/www.sonoraenequipo.com.mx\/storage\/2024\/10\/ombudsman.jpg\" \/>\n\t<meta property=\"og:image:width\" content=\"600\" \/>\n\t<meta property=\"og:image:height\" content=\"400\" \/>\n\t<meta property=\"og:image:type\" content=\"image\/jpeg\" \/>\n<meta name=\"author\" content=\"enequipo\" \/>\n<meta name=\"twitter:card\" content=\"summary_large_image\" \/>\n<meta name=\"twitter:creator\" content=\"@sonoraenequipo\" \/>\n<meta name=\"twitter:site\" content=\"@sonoraenequipo\" \/>\n<meta name=\"twitter:label1\" content=\"Escrito por\" \/>\n\t<meta name=\"twitter:data1\" content=\"enequipo\" \/>\n\t<meta name=\"twitter:label2\" content=\"Tiempo de lectura\" \/>\n\t<meta name=\"twitter:data2\" content=\"2 minutos\" \/>\n<script type=\"application\/ld+json\" class=\"yoast-schema-graph\">{\"@context\":\"https:\/\/schema.org\",\"@graph\":[{\"@type\":\"Article\",\"@id\":\"https:\/\/www.sonoraenequipo.com.mx\/cedh-sonora-emite-recomendacion-a-la-ssp-por-muerte-de-interno-del-cereso-de-nogales\/#article\",\"isPartOf\":{\"@id\":\"https:\/\/www.sonoraenequipo.com.mx\/cedh-sonora-emite-recomendacion-a-la-ssp-por-muerte-de-interno-del-cereso-de-nogales\/\"},\"author\":{\"name\":\"enequipo\",\"@id\":\"https:\/\/www.sonoraenequipo.com.mx\/#\/schema\/person\/50102df0fb23a8fa9e8effad8fa81386\"},\"headline\":\"CEDH Sonora emite recomendaci\u00f3n a la SSP por muerte de interno del Cereso de Nogales\",\"datePublished\":\"2024-10-23T20:52:09+00:00\",\"mainEntityOfPage\":{\"@id\":\"https:\/\/www.sonoraenequipo.com.mx\/cedh-sonora-emite-recomendacion-a-la-ssp-por-muerte-de-interno-del-cereso-de-nogales\/\"},\"wordCount\":515,\"commentCount\":0,\"publisher\":{\"@id\":\"https:\/\/www.sonoraenequipo.com.mx\/#organization\"},\"image\":{\"@id\":\"https:\/\/www.sonoraenequipo.com.mx\/cedh-sonora-emite-recomendacion-a-la-ssp-por-muerte-de-interno-del-cereso-de-nogales\/#primaryimage\"},\"thumbnailUrl\":\"https:\/\/www.sonoraenequipo.com.mx\/storage\/2024\/10\/ombudsman.jpg\",\"keywords\":[\"CEDH\",\"Sonora\"],\"articleSection\":[\"Sonora\"],\"inLanguage\":\"es\",\"potentialAction\":[{\"@type\":\"CommentAction\",\"name\":\"Comment\",\"target\":[\"https:\/\/www.sonoraenequipo.com.mx\/cedh-sonora-emite-recomendacion-a-la-ssp-por-muerte-de-interno-del-cereso-de-nogales\/#respond\"]}]},{\"@type\":\"WebPage\",\"@id\":\"https:\/\/www.sonoraenequipo.com.mx\/cedh-sonora-emite-recomendacion-a-la-ssp-por-muerte-de-interno-del-cereso-de-nogales\/\",\"url\":\"https:\/\/www.sonoraenequipo.com.mx\/cedh-sonora-emite-recomendacion-a-la-ssp-por-muerte-de-interno-del-cereso-de-nogales\/\",\"name\":\"Sonora en Equipo. CEDH Sonora emite recomendaci\u00f3n a la SSP por muerte de interno del Cereso de Nogales Sonora\",\"isPartOf\":{\"@id\":\"https:\/\/www.sonoraenequipo.com.mx\/#website\"},\"primaryImageOfPage\":{\"@id\":\"https:\/\/www.sonoraenequipo.com.mx\/cedh-sonora-emite-recomendacion-a-la-ssp-por-muerte-de-interno-del-cereso-de-nogales\/#primaryimage\"},\"image\":{\"@id\":\"https:\/\/www.sonoraenequipo.com.mx\/cedh-sonora-emite-recomendacion-a-la-ssp-por-muerte-de-interno-del-cereso-de-nogales\/#primaryimage\"},\"thumbnailUrl\":\"https:\/\/www.sonoraenequipo.com.mx\/storage\/2024\/10\/ombudsman.jpg\",\"datePublished\":\"2024-10-23T20:52:09+00:00\",\"description\":\"HERMOSILLO, SONORA, MX. \u2014 Para fincar responsabilidades penales y administrativas contra personal del Centro de Reinserci\u00f3n Social de Nogales, la Comisi\u00f3n En Sonora en Equipo publicamos toda la informaci\u00f3n de Sonora, M\u00e9xico y el Mundo de manera oportuna y busca que la libertad de expresi\u00f3n sea real. Visita nuestro medio informativo publicado desde Hermosillo, Sonora. %\",\"breadcrumb\":{\"@id\":\"https:\/\/www.sonoraenequipo.com.mx\/cedh-sonora-emite-recomendacion-a-la-ssp-por-muerte-de-interno-del-cereso-de-nogales\/#breadcrumb\"},\"inLanguage\":\"es\",\"potentialAction\":[{\"@type\":\"ReadAction\",\"target\":[\"https:\/\/www.sonoraenequipo.com.mx\/cedh-sonora-emite-recomendacion-a-la-ssp-por-muerte-de-interno-del-cereso-de-nogales\/\"]}]},{\"@type\":\"ImageObject\",\"inLanguage\":\"es\",\"@id\":\"https:\/\/www.sonoraenequipo.com.mx\/cedh-sonora-emite-recomendacion-a-la-ssp-por-muerte-de-interno-del-cereso-de-nogales\/#primaryimage\",\"url\":\"https:\/\/www.sonoraenequipo.com.mx\/storage\/2024\/10\/ombudsman.jpg\",\"contentUrl\":\"https:\/\/www.sonoraenequipo.com.mx\/storage\/2024\/10\/ombudsman.jpg\",\"width\":600,\"height\":400,\"caption\":\"Luis Fernando Renter\u00eda Barrag\u00e1n\"},{\"@type\":\"BreadcrumbList\",\"@id\":\"https:\/\/www.sonoraenequipo.com.mx\/cedh-sonora-emite-recomendacion-a-la-ssp-por-muerte-de-interno-del-cereso-de-nogales\/#breadcrumb\",\"itemListElement\":[{\"@type\":\"ListItem\",\"position\":1,\"name\":\"Portada\",\"item\":\"https:\/\/www.sonoraenequipo.com.mx\/\"},{\"@type\":\"ListItem\",\"position\":2,\"name\":\"CEDH Sonora emite recomendaci\u00f3n a la SSP por muerte de interno del Cereso de Nogales\"}]},{\"@type\":\"WebSite\",\"@id\":\"https:\/\/www.sonoraenequipo.com.mx\/#website\",\"url\":\"https:\/\/www.sonoraenequipo.com.mx\/\",\"name\":\"Sonora en Equipo.\",\"description\":\"Diario en l\u00ednea con Noticias desde Hermosillo, Sonora\",\"publisher\":{\"@id\":\"https:\/\/www.sonoraenequipo.com.mx\/#organization\"},\"potentialAction\":[{\"@type\":\"SearchAction\",\"target\":{\"@type\":\"EntryPoint\",\"urlTemplate\":\"https:\/\/www.sonoraenequipo.com.mx\/?s={search_term_string}\"},\"query-input\":{\"@type\":\"PropertyValueSpecification\",\"valueRequired\":true,\"valueName\":\"search_term_string\"}}],\"inLanguage\":\"es\"},{\"@type\":\"Organization\",\"@id\":\"https:\/\/www.sonoraenequipo.com.mx\/#organization\",\"name\":\"Sonoraenequipo.com.mx\",\"url\":\"https:\/\/www.sonoraenequipo.com.mx\/\",\"logo\":{\"@type\":\"ImageObject\",\"inLanguage\":\"es\",\"@id\":\"https:\/\/www.sonoraenequipo.com.mx\/#\/schema\/logo\/image\/\",\"url\":\"https:\/\/www.sonoraenequipo.com.mx\/storage\/2019\/01\/sonoraenequipo_opt.png\",\"contentUrl\":\"https:\/\/www.sonoraenequipo.com.mx\/storage\/2019\/01\/sonoraenequipo_opt.png\",\"width\":375,\"height\":125,\"caption\":\"Sonoraenequipo.com.mx\"},\"image\":{\"@id\":\"https:\/\/www.sonoraenequipo.com.mx\/#\/schema\/logo\/image\/\"},\"sameAs\":[\"https:\/\/www.facebook.com\/SonoraEE\/\",\"https:\/\/x.com\/sonoraenequipo\",\"https:\/\/www.youtube.com\/channel\/UC338nW-lPEYmJQs4ZABQ1SQ\"]},{\"@type\":\"Person\",\"@id\":\"https:\/\/www.sonoraenequipo.com.mx\/#\/schema\/person\/50102df0fb23a8fa9e8effad8fa81386\",\"name\":\"enequipo\",\"image\":{\"@type\":\"ImageObject\",\"inLanguage\":\"es\",\"@id\":\"https:\/\/www.sonoraenequipo.com.mx\/#\/schema\/person\/image\/\",\"url\":\"https:\/\/secure.gravatar.com\/avatar\/049821681b589dabc0bc20695993ccebb09f5b5d4d790cd9251b97faac7c652b?s=96&d=blank&r=g\",\"contentUrl\":\"https:\/\/secure.gravatar.com\/avatar\/049821681b589dabc0bc20695993ccebb09f5b5d4d790cd9251b97faac7c652b?s=96&d=blank&r=g\",\"caption\":\"enequipo\"},\"sameAs\":[\"https:\/\/www.facebook.com\/SonoraEE\"]}]}<\/script>\n ","yoast_head_json":{"title":"Sonora en Equipo. CEDH Sonora emite recomendaci\u00f3n a la SSP por muerte de interno del Cereso de Nogales Sonora","description":"HERMOSILLO, SONORA, MX. \u2014 Para fincar responsabilidades penales y administrativas contra personal del Centro de Reinserci\u00f3n Social de Nogales, la Comisi\u00f3n En Sonora en Equipo publicamos toda la informaci\u00f3n de Sonora, M\u00e9xico y el Mundo de manera oportuna y busca que la libertad de expresi\u00f3n sea real. Visita nuestro medio informativo publicado desde Hermosillo, Sonora. %","robots":{"index":"index","follow":"follow","max-snippet":"max-snippet:-1","max-image-preview":"max-image-preview:large","max-video-preview":"max-video-preview:-1"},"canonical":"https:\/\/www.sonoraenequipo.com.mx\/cedh-sonora-emite-recomendacion-a-la-ssp-por-muerte-de-interno-del-cereso-de-nogales\/","og_locale":"es_ES","og_type":"article","og_title":"Sonora en Equipo. CEDH Sonora emite recomendaci\u00f3n a la SSP por muerte de interno del Cereso de Nogales Sonora","og_description":"HERMOSILLO, SONORA, MX. \u2014 Para fincar responsabilidades penales y administrativas contra personal del Centro de Reinserci\u00f3n Social de Nogales, la Comisi\u00f3n En Sonora en Equipo publicamos toda la informaci\u00f3n de Sonora, M\u00e9xico y el Mundo de manera oportuna y busca que la libertad de expresi\u00f3n sea real. Visita nuestro medio informativo publicado desde Hermosillo, Sonora. %","og_url":"https:\/\/www.sonoraenequipo.com.mx\/cedh-sonora-emite-recomendacion-a-la-ssp-por-muerte-de-interno-del-cereso-de-nogales\/","og_site_name":"Sonora en Equipo.","article_publisher":"https:\/\/www.facebook.com\/SonoraEE\/","article_author":"https:\/\/www.facebook.com\/SonoraEE","article_published_time":"2024-10-23T20:52:09+00:00","og_image":[{"width":600,"height":400,"url":"https:\/\/www.sonoraenequipo.com.mx\/storage\/2024\/10\/ombudsman.jpg","type":"image\/jpeg"}],"author":"enequipo","twitter_card":"summary_large_image","twitter_creator":"@sonoraenequipo","twitter_site":"@sonoraenequipo","twitter_misc":{"Escrito por":"enequipo","Tiempo de lectura":"2 minutos"},"schema":{"@context":"https:\/\/schema.org","@graph":[{"@type":"Article","@id":"https:\/\/www.sonoraenequipo.com.mx\/cedh-sonora-emite-recomendacion-a-la-ssp-por-muerte-de-interno-del-cereso-de-nogales\/#article","isPartOf":{"@id":"https:\/\/www.sonoraenequipo.com.mx\/cedh-sonora-emite-recomendacion-a-la-ssp-por-muerte-de-interno-del-cereso-de-nogales\/"},"author":{"name":"enequipo","@id":"https:\/\/www.sonoraenequipo.com.mx\/#\/schema\/person\/50102df0fb23a8fa9e8effad8fa81386"},"headline":"CEDH Sonora emite recomendaci\u00f3n a la SSP por muerte de interno del Cereso de Nogales","datePublished":"2024-10-23T20:52:09+00:00","mainEntityOfPage":{"@id":"https:\/\/www.sonoraenequipo.com.mx\/cedh-sonora-emite-recomendacion-a-la-ssp-por-muerte-de-interno-del-cereso-de-nogales\/"},"wordCount":515,"commentCount":0,"publisher":{"@id":"https:\/\/www.sonoraenequipo.com.mx\/#organization"},"image":{"@id":"https:\/\/www.sonoraenequipo.com.mx\/cedh-sonora-emite-recomendacion-a-la-ssp-por-muerte-de-interno-del-cereso-de-nogales\/#primaryimage"},"thumbnailUrl":"https:\/\/www.sonoraenequipo.com.mx\/storage\/2024\/10\/ombudsman.jpg","keywords":["CEDH","Sonora"],"articleSection":["Sonora"],"inLanguage":"es","potentialAction":[{"@type":"CommentAction","name":"Comment","target":["https:\/\/www.sonoraenequipo.com.mx\/cedh-sonora-emite-recomendacion-a-la-ssp-por-muerte-de-interno-del-cereso-de-nogales\/#respond"]}]},{"@type":"WebPage","@id":"https:\/\/www.sonoraenequipo.com.mx\/cedh-sonora-emite-recomendacion-a-la-ssp-por-muerte-de-interno-del-cereso-de-nogales\/","url":"https:\/\/www.sonoraenequipo.com.mx\/cedh-sonora-emite-recomendacion-a-la-ssp-por-muerte-de-interno-del-cereso-de-nogales\/","name":"Sonora en Equipo. CEDH Sonora emite recomendaci\u00f3n a la SSP por muerte de interno del Cereso de Nogales Sonora","isPartOf":{"@id":"https:\/\/www.sonoraenequipo.com.mx\/#website"},"primaryImageOfPage":{"@id":"https:\/\/www.sonoraenequipo.com.mx\/cedh-sonora-emite-recomendacion-a-la-ssp-por-muerte-de-interno-del-cereso-de-nogales\/#primaryimage"},"image":{"@id":"https:\/\/www.sonoraenequipo.com.mx\/cedh-sonora-emite-recomendacion-a-la-ssp-por-muerte-de-interno-del-cereso-de-nogales\/#primaryimage"},"thumbnailUrl":"https:\/\/www.sonoraenequipo.com.mx\/storage\/2024\/10\/ombudsman.jpg","datePublished":"2024-10-23T20:52:09+00:00","description":"HERMOSILLO, SONORA, MX. \u2014 Para fincar responsabilidades penales y administrativas contra personal del Centro de Reinserci\u00f3n Social de Nogales, la Comisi\u00f3n En Sonora en Equipo publicamos toda la informaci\u00f3n de Sonora, M\u00e9xico y el Mundo de manera oportuna y busca que la libertad de expresi\u00f3n sea real. Visita nuestro medio informativo publicado desde Hermosillo, Sonora. %","breadcrumb":{"@id":"https:\/\/www.sonoraenequipo.com.mx\/cedh-sonora-emite-recomendacion-a-la-ssp-por-muerte-de-interno-del-cereso-de-nogales\/#breadcrumb"},"inLanguage":"es","potentialAction":[{"@type":"ReadAction","target":["https:\/\/www.sonoraenequipo.com.mx\/cedh-sonora-emite-recomendacion-a-la-ssp-por-muerte-de-interno-del-cereso-de-nogales\/"]}]},{"@type":"ImageObject","inLanguage":"es","@id":"https:\/\/www.sonoraenequipo.com.mx\/cedh-sonora-emite-recomendacion-a-la-ssp-por-muerte-de-interno-del-cereso-de-nogales\/#primaryimage","url":"https:\/\/www.sonoraenequipo.com.mx\/storage\/2024\/10\/ombudsman.jpg","contentUrl":"https:\/\/www.sonoraenequipo.com.mx\/storage\/2024\/10\/ombudsman.jpg","width":600,"height":400,"caption":"Luis Fernando Renter\u00eda Barrag\u00e1n"},{"@type":"BreadcrumbList","@id":"https:\/\/www.sonoraenequipo.com.mx\/cedh-sonora-emite-recomendacion-a-la-ssp-por-muerte-de-interno-del-cereso-de-nogales\/#breadcrumb","itemListElement":[{"@type":"ListItem","position":1,"name":"Portada","item":"https:\/\/www.sonoraenequipo.com.mx\/"},{"@type":"ListItem","position":2,"name":"CEDH Sonora emite recomendaci\u00f3n a la SSP por muerte de interno del Cereso de Nogales"}]},{"@type":"WebSite","@id":"https:\/\/www.sonoraenequipo.com.mx\/#website","url":"https:\/\/www.sonoraenequipo.com.mx\/","name":"Sonora en Equipo.","description":"Diario en l\u00ednea con Noticias desde Hermosillo, Sonora","publisher":{"@id":"https:\/\/www.sonoraenequipo.com.mx\/#organization"},"potentialAction":[{"@type":"SearchAction","target":{"@type":"EntryPoint","urlTemplate":"https:\/\/www.sonoraenequipo.com.mx\/?s={search_term_string}"},"query-input":{"@type":"PropertyValueSpecification","valueRequired":true,"valueName":"search_term_string"}}],"inLanguage":"es"},{"@type":"Organization","@id":"https:\/\/www.sonoraenequipo.com.mx\/#organization","name":"Sonoraenequipo.com.mx","url":"https:\/\/www.sonoraenequipo.com.mx\/","logo":{"@type":"ImageObject","inLanguage":"es","@id":"https:\/\/www.sonoraenequipo.com.mx\/#\/schema\/logo\/image\/","url":"https:\/\/www.sonoraenequipo.com.mx\/storage\/2019\/01\/sonoraenequipo_opt.png","contentUrl":"https:\/\/www.sonoraenequipo.com.mx\/storage\/2019\/01\/sonoraenequipo_opt.png","width":375,"height":125,"caption":"Sonoraenequipo.com.mx"},"image":{"@id":"https:\/\/www.sonoraenequipo.com.mx\/#\/schema\/logo\/image\/"},"sameAs":["https:\/\/www.facebook.com\/SonoraEE\/","https:\/\/x.com\/sonoraenequipo","https:\/\/www.youtube.com\/channel\/UC338nW-lPEYmJQs4ZABQ1SQ"]},{"@type":"Person","@id":"https:\/\/www.sonoraenequipo.com.mx\/#\/schema\/person\/50102df0fb23a8fa9e8effad8fa81386","name":"enequipo","image":{"@type":"ImageObject","inLanguage":"es","@id":"https:\/\/www.sonoraenequipo.com.mx\/#\/schema\/person\/image\/","url":"https:\/\/secure.gravatar.com\/avatar\/049821681b589dabc0bc20695993ccebb09f5b5d4d790cd9251b97faac7c652b?s=96&d=blank&r=g","contentUrl":"https:\/\/secure.gravatar.com\/avatar\/049821681b589dabc0bc20695993ccebb09f5b5d4d790cd9251b97faac7c652b?s=96&d=blank&r=g","caption":"enequipo"},"sameAs":["https:\/\/www.facebook.com\/SonoraEE"]}]}},"jetpack_featured_media_url":"https:\/\/www.sonoraenequipo.com.mx\/storage\/2024\/10\/ombudsman.jpg","_links":{"self":[{"href":"https:\/\/www.sonoraenequipo.com.mx\/api\/wp\/v2\/posts\/202405","targetHints":{"allow":["GET"]}}],"collection":[{"href":"https:\/\/www.sonoraenequipo.com.mx\/api\/wp\/v2\/posts"}],"about":[{"href":"https:\/\/www.sonoraenequipo.com.mx\/api\/wp\/v2\/types\/post"}],"author":[{"embeddable":true,"href":"https:\/\/www.sonoraenequipo.com.mx\/api\/wp\/v2\/users\/1"}],"replies":[{"embeddable":true,"href":"https:\/\/www.sonoraenequipo.com.mx\/api\/wp\/v2\/comments?post=202405"}],"version-history":[{"count":1,"href":"https:\/\/www.sonoraenequipo.com.mx\/api\/wp\/v2\/posts\/202405\/revisions"}],"predecessor-version":[{"id":202407,"href":"https:\/\/www.sonoraenequipo.com.mx\/api\/wp\/v2\/posts\/202405\/revisions\/202407"}],"wp:featuredmedia":[{"embeddable":true,"href":"https:\/\/www.sonoraenequipo.com.mx\/api\/wp\/v2\/media\/202406"}],"wp:attachment":[{"href":"https:\/\/www.sonoraenequipo.com.mx\/api\/wp\/v2\/media?parent=202405"}],"wp:term":[{"taxonomy":"category","embeddable":true,"href":"https:\/\/www.sonoraenequipo.com.mx\/api\/wp\/v2\/categories?post=202405"},{"taxonomy":"post_tag","embeddable":true,"href":"https:\/\/www.sonoraenequipo.com.mx\/api\/wp\/v2\/tags?post=202405"}],"curies":[{"name":"wp","href":"https:\/\/api.w.org\/{rel}","templated":true}]}}