{"id":202409,"date":"2024-10-23T14:05:13","date_gmt":"2024-10-23T21:05:13","guid":{"rendered":"https:\/\/www.sonoraenequipo.com.mx\/?p=202409"},"modified":"2024-10-23T14:05:13","modified_gmt":"2024-10-23T21:05:13","slug":"recibe-congreso-de-sonora-reconocimiento-al-merito-archivistico","status":"publish","type":"post","link":"https:\/\/www.sonoraenequipo.com.mx\/recibe-congreso-de-sonora-reconocimiento-al-merito-archivistico\/","title":{"rendered":"Recibe Congreso de Sonora reconocimiento al m\u00e9rito archiv\u00edstico"},"content":{"rendered":"<p><strong>HERMOSILLO, SONORA, MX.<\/strong> \u2014 En el marco del 40 aniversario de la integraci\u00f3n del Archivo del Estado, el Congreso de Sonora fue reconocido por el esmero con el que ha adoptado el desarrollo archiv\u00edstico, as\u00ed como por su compromiso con la conservaci\u00f3n de la memoria hist\u00f3rica de las y los sonorenses.<\/p>\n<p>&nbsp;<\/p>\n<p>&nbsp;<\/p>\n<p>&nbsp;<\/p>\n<p>En presencia de Alejandro Araiza Celaya, subsecretario de Servicios de Gobierno, y del diputado Omar Del Valle Colosio (PVEM), presidente del Congreso de Sonora, Karina Mungarro Garibay, coordinadora de Archivos, recibi\u00f3, en representaci\u00f3n del Poder Legislativo, el reconocimiento que destaca la automatizaci\u00f3n de procesos archiv\u00edsticos que han permitido optimizar la gesti\u00f3n documental.<\/p>\n<p>&nbsp;<\/p>\n<p>&nbsp;<\/p>\n<p>&nbsp;<\/p>\n<p>Uno de los logros m\u00e1s sobresalientes ha sido la digitalizaci\u00f3n de m\u00e1s de 600 expedientes hist\u00f3ricos, lo cual ha permitido rescatar documentos de gran relevancia que no solo aseguran la preservaci\u00f3n de los mismos en su formato digital, sino que tambi\u00e9n facilitan su acceso al p\u00fablico.<\/p>\n<p>El Portal de Archivo Hist\u00f3rico Legislativo, habilitado por el Congreso, pone a disposici\u00f3n de cualquier persona interesada la consulta de estos expedientes de manera abierta y gratuita.<\/p>\n<p><strong>Fecha de publicaci\u00f3n mi\u00e9rcoles 23 de octubre de 2024 \/<\/strong><\/p>\n<p>&nbsp;<\/p>\n","protected":false},"excerpt":{"rendered":"<p>HERMOSILLO, SONORA, MX. \u2014 En el marco del 40 aniversario de la integraci\u00f3n del Archivo&#8230;<\/p>\n","protected":false},"author":1,"featured_media":202410,"comment_status":"open","ping_status":"open","sticky":false,"template":"","format":"standard","meta":{"_monsterinsights_skip_tracking":false,"_monsterinsights_sitenote_active":false,"_monsterinsights_sitenote_note":"","_monsterinsights_sitenote_category":0,"footnotes":""},"categories":[3281],"tags":[9306,1248,15],"class_list":["post"],"yoast_head":" \n<title>Sonora en Equipo. Recibe Congreso de Sonora reconocimiento al m\u00e9rito archiv\u00edstico Congreso<\/title>\n<meta name=\"description\" content=\"HERMOSILLO, SONORA, MX. \u2014 En el marco del 40 aniversario de la integraci\u00f3n del Archivo del Estado, el Congreso de Sonora fue reconocido por el esmero con En Sonora en Equipo publicamos toda la informaci\u00f3n de Sonora, M\u00e9xico y el Mundo de manera oportuna y busca que la libertad de expresi\u00f3n sea real. Visita nuestro medio informativo publicado desde Hermosillo, Sonora. %\" \/>\n<meta name=\"robots\" content=\"index, follow, max-snippet:-1, max-image-preview:large, max-video-preview:-1\" \/>\n<link rel=\"canonical\" href=\"https:\/\/www.sonoraenequipo.com.mx\/recibe-congreso-de-sonora-reconocimiento-al-merito-archivistico\/\" \/>\n<meta property=\"og:locale\" content=\"es_ES\" \/>\n<meta property=\"og:type\" content=\"article\" \/>\n<meta property=\"og:title\" content=\"Sonora en Equipo. Recibe Congreso de Sonora reconocimiento al m\u00e9rito archiv\u00edstico Congreso\" \/>\n<meta property=\"og:description\" content=\"HERMOSILLO, SONORA, MX. \u2014 En el marco del 40 aniversario de la integraci\u00f3n del Archivo del Estado, el Congreso de Sonora fue reconocido por el esmero con En Sonora en Equipo publicamos toda la informaci\u00f3n de Sonora, M\u00e9xico y el Mundo de manera oportuna y busca que la libertad de expresi\u00f3n sea real. Visita nuestro medio informativo publicado desde Hermosillo, Sonora. %\" \/>\n<meta property=\"og:url\" content=\"https:\/\/www.sonoraenequipo.com.mx\/recibe-congreso-de-sonora-reconocimiento-al-merito-archivistico\/\" \/>\n<meta property=\"og:site_name\" content=\"Sonora en Equipo.\" \/>\n<meta property=\"article:publisher\" content=\"https:\/\/www.facebook.com\/SonoraEE\/\" \/>\n<meta property=\"article:author\" content=\"https:\/\/www.facebook.com\/SonoraEE\" \/>\n<meta property=\"article:published_time\" content=\"2024-10-23T21:05:13+00:00\" \/>\n<meta property=\"og:image\" content=\"https:\/\/www.sonoraenequipo.com.mx\/storage\/2024\/10\/archivocongreso-de-sonora.jpg\" \/>\n\t<meta property=\"og:image:width\" content=\"600\" \/>\n\t<meta property=\"og:image:height\" content=\"400\" \/>\n\t<meta property=\"og:image:type\" content=\"image\/jpeg\" \/>\n<meta name=\"author\" content=\"enequipo\" \/>\n<meta name=\"twitter:card\" content=\"summary_large_image\" \/>\n<meta name=\"twitter:creator\" content=\"@sonoraenequipo\" \/>\n<meta name=\"twitter:site\" content=\"@sonoraenequipo\" \/>\n<meta name=\"twitter:label1\" content=\"Escrito por\" \/>\n\t<meta name=\"twitter:data1\" content=\"enequipo\" \/>\n\t<meta name=\"twitter:label2\" content=\"Tiempo de lectura\" \/>\n\t<meta name=\"twitter:data2\" content=\"1 minuto\" \/>\n<script type=\"application\/ld+json\" class=\"yoast-schema-graph\">{\"@context\":\"https:\/\/schema.org\",\"@graph\":[{\"@type\":\"Article\",\"@id\":\"https:\/\/www.sonoraenequipo.com.mx\/recibe-congreso-de-sonora-reconocimiento-al-merito-archivistico\/#article\",\"isPartOf\":{\"@id\":\"https:\/\/www.sonoraenequipo.com.mx\/recibe-congreso-de-sonora-reconocimiento-al-merito-archivistico\/\"},\"author\":{\"name\":\"enequipo\",\"@id\":\"https:\/\/www.sonoraenequipo.com.mx\/#\/schema\/person\/50102df0fb23a8fa9e8effad8fa81386\"},\"headline\":\"Recibe Congreso de Sonora reconocimiento al m\u00e9rito archiv\u00edstico\",\"datePublished\":\"2024-10-23T21:05:13+00:00\",\"mainEntityOfPage\":{\"@id\":\"https:\/\/www.sonoraenequipo.com.mx\/recibe-congreso-de-sonora-reconocimiento-al-merito-archivistico\/\"},\"wordCount\":216,\"commentCount\":0,\"publisher\":{\"@id\":\"https:\/\/www.sonoraenequipo.com.mx\/#organization\"},\"image\":{\"@id\":\"https:\/\/www.sonoraenequipo.com.mx\/recibe-congreso-de-sonora-reconocimiento-al-merito-archivistico\/#primaryimage\"},\"thumbnailUrl\":\"https:\/\/www.sonoraenequipo.com.mx\/storage\/2024\/10\/archivocongreso-de-sonora.jpg\",\"keywords\":[\"archivo\",\"CONGRESO\",\"Sonora\"],\"articleSection\":[\"Congreso\"],\"inLanguage\":\"es\",\"potentialAction\":[{\"@type\":\"CommentAction\",\"name\":\"Comment\",\"target\":[\"https:\/\/www.sonoraenequipo.com.mx\/recibe-congreso-de-sonora-reconocimiento-al-merito-archivistico\/#respond\"]}]},{\"@type\":\"WebPage\",\"@id\":\"https:\/\/www.sonoraenequipo.com.mx\/recibe-congreso-de-sonora-reconocimiento-al-merito-archivistico\/\",\"url\":\"https:\/\/www.sonoraenequipo.com.mx\/recibe-congreso-de-sonora-reconocimiento-al-merito-archivistico\/\",\"name\":\"Sonora en Equipo. Recibe Congreso de Sonora reconocimiento al m\u00e9rito archiv\u00edstico Congreso\",\"isPartOf\":{\"@id\":\"https:\/\/www.sonoraenequipo.com.mx\/#website\"},\"primaryImageOfPage\":{\"@id\":\"https:\/\/www.sonoraenequipo.com.mx\/recibe-congreso-de-sonora-reconocimiento-al-merito-archivistico\/#primaryimage\"},\"image\":{\"@id\":\"https:\/\/www.sonoraenequipo.com.mx\/recibe-congreso-de-sonora-reconocimiento-al-merito-archivistico\/#primaryimage\"},\"thumbnailUrl\":\"https:\/\/www.sonoraenequipo.com.mx\/storage\/2024\/10\/archivocongreso-de-sonora.jpg\",\"datePublished\":\"2024-10-23T21:05:13+00:00\",\"description\":\"HERMOSILLO, SONORA, MX. \u2014 En el marco del 40 aniversario de la integraci\u00f3n del Archivo del Estado, el Congreso de Sonora fue reconocido por el esmero con En Sonora en Equipo publicamos toda la informaci\u00f3n de Sonora, M\u00e9xico y el Mundo de manera oportuna y busca que la libertad de expresi\u00f3n sea real. Visita nuestro medio informativo publicado desde Hermosillo, Sonora. %\",\"breadcrumb\":{\"@id\":\"https:\/\/www.sonoraenequipo.com.mx\/recibe-congreso-de-sonora-reconocimiento-al-merito-archivistico\/#breadcrumb\"},\"inLanguage\":\"es\",\"potentialAction\":[{\"@type\":\"ReadAction\",\"target\":[\"https:\/\/www.sonoraenequipo.com.mx\/recibe-congreso-de-sonora-reconocimiento-al-merito-archivistico\/\"]}]},{\"@type\":\"ImageObject\",\"inLanguage\":\"es\",\"@id\":\"https:\/\/www.sonoraenequipo.com.mx\/recibe-congreso-de-sonora-reconocimiento-al-merito-archivistico\/#primaryimage\",\"url\":\"https:\/\/www.sonoraenequipo.com.mx\/storage\/2024\/10\/archivocongreso-de-sonora.jpg\",\"contentUrl\":\"https:\/\/www.sonoraenequipo.com.mx\/storage\/2024\/10\/archivocongreso-de-sonora.jpg\",\"width\":600,\"height\":400},{\"@type\":\"BreadcrumbList\",\"@id\":\"https:\/\/www.sonoraenequipo.com.mx\/recibe-congreso-de-sonora-reconocimiento-al-merito-archivistico\/#breadcrumb\",\"itemListElement\":[{\"@type\":\"ListItem\",\"position\":1,\"name\":\"Portada\",\"item\":\"https:\/\/www.sonoraenequipo.com.mx\/\"},{\"@type\":\"ListItem\",\"position\":2,\"name\":\"Recibe Congreso de Sonora reconocimiento al m\u00e9rito archiv\u00edstico\"}]},{\"@type\":\"WebSite\",\"@id\":\"https:\/\/www.sonoraenequipo.com.mx\/#website\",\"url\":\"https:\/\/www.sonoraenequipo.com.mx\/\",\"name\":\"Sonora en Equipo.\",\"description\":\"Diario en l\u00ednea con Noticias desde Hermosillo, Sonora\",\"publisher\":{\"@id\":\"https:\/\/www.sonoraenequipo.com.mx\/#organization\"},\"potentialAction\":[{\"@type\":\"SearchAction\",\"target\":{\"@type\":\"EntryPoint\",\"urlTemplate\":\"https:\/\/www.sonoraenequipo.com.mx\/?s={search_term_string}\"},\"query-input\":{\"@type\":\"PropertyValueSpecification\",\"valueRequired\":true,\"valueName\":\"search_term_string\"}}],\"inLanguage\":\"es\"},{\"@type\":\"Organization\",\"@id\":\"https:\/\/www.sonoraenequipo.com.mx\/#organization\",\"name\":\"Sonoraenequipo.com.mx\",\"url\":\"https:\/\/www.sonoraenequipo.com.mx\/\",\"logo\":{\"@type\":\"ImageObject\",\"inLanguage\":\"es\",\"@id\":\"https:\/\/www.sonoraenequipo.com.mx\/#\/schema\/logo\/image\/\",\"url\":\"https:\/\/www.sonoraenequipo.com.mx\/storage\/2019\/01\/sonoraenequipo_opt.png\",\"contentUrl\":\"https:\/\/www.sonoraenequipo.com.mx\/storage\/2019\/01\/sonoraenequipo_opt.png\",\"width\":375,\"height\":125,\"caption\":\"Sonoraenequipo.com.mx\"},\"image\":{\"@id\":\"https:\/\/www.sonoraenequipo.com.mx\/#\/schema\/logo\/image\/\"},\"sameAs\":[\"https:\/\/www.facebook.com\/SonoraEE\/\",\"https:\/\/x.com\/sonoraenequipo\",\"https:\/\/www.youtube.com\/channel\/UC338nW-lPEYmJQs4ZABQ1SQ\"]},{\"@type\":\"Person\",\"@id\":\"https:\/\/www.sonoraenequipo.com.mx\/#\/schema\/person\/50102df0fb23a8fa9e8effad8fa81386\",\"name\":\"enequipo\",\"image\":{\"@type\":\"ImageObject\",\"inLanguage\":\"es\",\"@id\":\"https:\/\/www.sonoraenequipo.com.mx\/#\/schema\/person\/image\/\",\"url\":\"https:\/\/secure.gravatar.com\/avatar\/049821681b589dabc0bc20695993ccebb09f5b5d4d790cd9251b97faac7c652b?s=96&d=blank&r=g\",\"contentUrl\":\"https:\/\/secure.gravatar.com\/avatar\/049821681b589dabc0bc20695993ccebb09f5b5d4d790cd9251b97faac7c652b?s=96&d=blank&r=g\",\"caption\":\"enequipo\"},\"sameAs\":[\"https:\/\/www.facebook.com\/SonoraEE\"]}]}<\/script>\n ","yoast_head_json":{"title":"Sonora en Equipo. Recibe Congreso de Sonora reconocimiento al m\u00e9rito archiv\u00edstico Congreso","description":"HERMOSILLO, SONORA, MX. \u2014 En el marco del 40 aniversario de la integraci\u00f3n del Archivo del Estado, el Congreso de Sonora fue reconocido por el esmero con En Sonora en Equipo publicamos toda la informaci\u00f3n de Sonora, M\u00e9xico y el Mundo de manera oportuna y busca que la libertad de expresi\u00f3n sea real. Visita nuestro medio informativo publicado desde Hermosillo, Sonora. %","robots":{"index":"index","follow":"follow","max-snippet":"max-snippet:-1","max-image-preview":"max-image-preview:large","max-video-preview":"max-video-preview:-1"},"canonical":"https:\/\/www.sonoraenequipo.com.mx\/recibe-congreso-de-sonora-reconocimiento-al-merito-archivistico\/","og_locale":"es_ES","og_type":"article","og_title":"Sonora en Equipo. Recibe Congreso de Sonora reconocimiento al m\u00e9rito archiv\u00edstico Congreso","og_description":"HERMOSILLO, SONORA, MX. \u2014 En el marco del 40 aniversario de la integraci\u00f3n del Archivo del Estado, el Congreso de Sonora fue reconocido por el esmero con En Sonora en Equipo publicamos toda la informaci\u00f3n de Sonora, M\u00e9xico y el Mundo de manera oportuna y busca que la libertad de expresi\u00f3n sea real. Visita nuestro medio informativo publicado desde Hermosillo, Sonora. %","og_url":"https:\/\/www.sonoraenequipo.com.mx\/recibe-congreso-de-sonora-reconocimiento-al-merito-archivistico\/","og_site_name":"Sonora en Equipo.","article_publisher":"https:\/\/www.facebook.com\/SonoraEE\/","article_author":"https:\/\/www.facebook.com\/SonoraEE","article_published_time":"2024-10-23T21:05:13+00:00","og_image":[{"width":600,"height":400,"url":"https:\/\/www.sonoraenequipo.com.mx\/storage\/2024\/10\/archivocongreso-de-sonora.jpg","type":"image\/jpeg"}],"author":"enequipo","twitter_card":"summary_large_image","twitter_creator":"@sonoraenequipo","twitter_site":"@sonoraenequipo","twitter_misc":{"Escrito por":"enequipo","Tiempo de lectura":"1 minuto"},"schema":{"@context":"https:\/\/schema.org","@graph":[{"@type":"Article","@id":"https:\/\/www.sonoraenequipo.com.mx\/recibe-congreso-de-sonora-reconocimiento-al-merito-archivistico\/#article","isPartOf":{"@id":"https:\/\/www.sonoraenequipo.com.mx\/recibe-congreso-de-sonora-reconocimiento-al-merito-archivistico\/"},"author":{"name":"enequipo","@id":"https:\/\/www.sonoraenequipo.com.mx\/#\/schema\/person\/50102df0fb23a8fa9e8effad8fa81386"},"headline":"Recibe Congreso de Sonora reconocimiento al m\u00e9rito archiv\u00edstico","datePublished":"2024-10-23T21:05:13+00:00","mainEntityOfPage":{"@id":"https:\/\/www.sonoraenequipo.com.mx\/recibe-congreso-de-sonora-reconocimiento-al-merito-archivistico\/"},"wordCount":216,"commentCount":0,"publisher":{"@id":"https:\/\/www.sonoraenequipo.com.mx\/#organization"},"image":{"@id":"https:\/\/www.sonoraenequipo.com.mx\/recibe-congreso-de-sonora-reconocimiento-al-merito-archivistico\/#primaryimage"},"thumbnailUrl":"https:\/\/www.sonoraenequipo.com.mx\/storage\/2024\/10\/archivocongreso-de-sonora.jpg","keywords":["archivo","CONGRESO","Sonora"],"articleSection":["Congreso"],"inLanguage":"es","potentialAction":[{"@type":"CommentAction","name":"Comment","target":["https:\/\/www.sonoraenequipo.com.mx\/recibe-congreso-de-sonora-reconocimiento-al-merito-archivistico\/#respond"]}]},{"@type":"WebPage","@id":"https:\/\/www.sonoraenequipo.com.mx\/recibe-congreso-de-sonora-reconocimiento-al-merito-archivistico\/","url":"https:\/\/www.sonoraenequipo.com.mx\/recibe-congreso-de-sonora-reconocimiento-al-merito-archivistico\/","name":"Sonora en Equipo. Recibe Congreso de Sonora reconocimiento al m\u00e9rito archiv\u00edstico Congreso","isPartOf":{"@id":"https:\/\/www.sonoraenequipo.com.mx\/#website"},"primaryImageOfPage":{"@id":"https:\/\/www.sonoraenequipo.com.mx\/recibe-congreso-de-sonora-reconocimiento-al-merito-archivistico\/#primaryimage"},"image":{"@id":"https:\/\/www.sonoraenequipo.com.mx\/recibe-congreso-de-sonora-reconocimiento-al-merito-archivistico\/#primaryimage"},"thumbnailUrl":"https:\/\/www.sonoraenequipo.com.mx\/storage\/2024\/10\/archivocongreso-de-sonora.jpg","datePublished":"2024-10-23T21:05:13+00:00","description":"HERMOSILLO, SONORA, MX. \u2014 En el marco del 40 aniversario de la integraci\u00f3n del Archivo del Estado, el Congreso de Sonora fue reconocido por el esmero con En Sonora en Equipo publicamos toda la informaci\u00f3n de Sonora, M\u00e9xico y el Mundo de manera oportuna y busca que la libertad de expresi\u00f3n sea real. Visita nuestro medio informativo publicado desde Hermosillo, Sonora. %","breadcrumb":{"@id":"https:\/\/www.sonoraenequipo.com.mx\/recibe-congreso-de-sonora-reconocimiento-al-merito-archivistico\/#breadcrumb"},"inLanguage":"es","potentialAction":[{"@type":"ReadAction","target":["https:\/\/www.sonoraenequipo.com.mx\/recibe-congreso-de-sonora-reconocimiento-al-merito-archivistico\/"]}]},{"@type":"ImageObject","inLanguage":"es","@id":"https:\/\/www.sonoraenequipo.com.mx\/recibe-congreso-de-sonora-reconocimiento-al-merito-archivistico\/#primaryimage","url":"https:\/\/www.sonoraenequipo.com.mx\/storage\/2024\/10\/archivocongreso-de-sonora.jpg","contentUrl":"https:\/\/www.sonoraenequipo.com.mx\/storage\/2024\/10\/archivocongreso-de-sonora.jpg","width":600,"height":400},{"@type":"BreadcrumbList","@id":"https:\/\/www.sonoraenequipo.com.mx\/recibe-congreso-de-sonora-reconocimiento-al-merito-archivistico\/#breadcrumb","itemListElement":[{"@type":"ListItem","position":1,"name":"Portada","item":"https:\/\/www.sonoraenequipo.com.mx\/"},{"@type":"ListItem","position":2,"name":"Recibe Congreso de Sonora reconocimiento al m\u00e9rito archiv\u00edstico"}]},{"@type":"WebSite","@id":"https:\/\/www.sonoraenequipo.com.mx\/#website","url":"https:\/\/www.sonoraenequipo.com.mx\/","name":"Sonora en Equipo.","description":"Diario en l\u00ednea con Noticias desde Hermosillo, Sonora","publisher":{"@id":"https:\/\/www.sonoraenequipo.com.mx\/#organization"},"potentialAction":[{"@type":"SearchAction","target":{"@type":"EntryPoint","urlTemplate":"https:\/\/www.sonoraenequipo.com.mx\/?s={search_term_string}"},"query-input":{"@type":"PropertyValueSpecification","valueRequired":true,"valueName":"search_term_string"}}],"inLanguage":"es"},{"@type":"Organization","@id":"https:\/\/www.sonoraenequipo.com.mx\/#organization","name":"Sonoraenequipo.com.mx","url":"https:\/\/www.sonoraenequipo.com.mx\/","logo":{"@type":"ImageObject","inLanguage":"es","@id":"https:\/\/www.sonoraenequipo.com.mx\/#\/schema\/logo\/image\/","url":"https:\/\/www.sonoraenequipo.com.mx\/storage\/2019\/01\/sonoraenequipo_opt.png","contentUrl":"https:\/\/www.sonoraenequipo.com.mx\/storage\/2019\/01\/sonoraenequipo_opt.png","width":375,"height":125,"caption":"Sonoraenequipo.com.mx"},"image":{"@id":"https:\/\/www.sonoraenequipo.com.mx\/#\/schema\/logo\/image\/"},"sameAs":["https:\/\/www.facebook.com\/SonoraEE\/","https:\/\/x.com\/sonoraenequipo","https:\/\/www.youtube.com\/channel\/UC338nW-lPEYmJQs4ZABQ1SQ"]},{"@type":"Person","@id":"https:\/\/www.sonoraenequipo.com.mx\/#\/schema\/person\/50102df0fb23a8fa9e8effad8fa81386","name":"enequipo","image":{"@type":"ImageObject","inLanguage":"es","@id":"https:\/\/www.sonoraenequipo.com.mx\/#\/schema\/person\/image\/","url":"https:\/\/secure.gravatar.com\/avatar\/049821681b589dabc0bc20695993ccebb09f5b5d4d790cd9251b97faac7c652b?s=96&d=blank&r=g","contentUrl":"https:\/\/secure.gravatar.com\/avatar\/049821681b589dabc0bc20695993ccebb09f5b5d4d790cd9251b97faac7c652b?s=96&d=blank&r=g","caption":"enequipo"},"sameAs":["https:\/\/www.facebook.com\/SonoraEE"]}]}},"jetpack_featured_media_url":"https:\/\/www.sonoraenequipo.com.mx\/storage\/2024\/10\/archivocongreso-de-sonora.jpg","_links":{"self":[{"href":"https:\/\/www.sonoraenequipo.com.mx\/api\/wp\/v2\/posts\/202409","targetHints":{"allow":["GET"]}}],"collection":[{"href":"https:\/\/www.sonoraenequipo.com.mx\/api\/wp\/v2\/posts"}],"about":[{"href":"https:\/\/www.sonoraenequipo.com.mx\/api\/wp\/v2\/types\/post"}],"author":[{"embeddable":true,"href":"https:\/\/www.sonoraenequipo.com.mx\/api\/wp\/v2\/users\/1"}],"replies":[{"embeddable":true,"href":"https:\/\/www.sonoraenequipo.com.mx\/api\/wp\/v2\/comments?post=202409"}],"version-history":[{"count":1,"href":"https:\/\/www.sonoraenequipo.com.mx\/api\/wp\/v2\/posts\/202409\/revisions"}],"predecessor-version":[{"id":202411,"href":"https:\/\/www.sonoraenequipo.com.mx\/api\/wp\/v2\/posts\/202409\/revisions\/202411"}],"wp:featuredmedia":[{"embeddable":true,"href":"https:\/\/www.sonoraenequipo.com.mx\/api\/wp\/v2\/media\/202410"}],"wp:attachment":[{"href":"https:\/\/www.sonoraenequipo.com.mx\/api\/wp\/v2\/media?parent=202409"}],"wp:term":[{"taxonomy":"category","embeddable":true,"href":"https:\/\/www.sonoraenequipo.com.mx\/api\/wp\/v2\/categories?post=202409"},{"taxonomy":"post_tag","embeddable":true,"href":"https:\/\/www.sonoraenequipo.com.mx\/api\/wp\/v2\/tags?post=202409"}],"curies":[{"name":"wp","href":"https:\/\/api.w.org\/{rel}","templated":true}]}}