{"id":202412,"date":"2024-10-23T14:09:07","date_gmt":"2024-10-23T21:09:07","guid":{"rendered":"https:\/\/www.sonoraenequipo.com.mx\/?p=202412"},"modified":"2024-10-23T14:09:07","modified_gmt":"2024-10-23T21:09:07","slug":"hermosillo-vinculan-a-proceso-a-el-kalimba-por-homicidio","status":"publish","type":"post","link":"https:\/\/www.sonoraenequipo.com.mx\/hermosillo-vinculan-a-proceso-a-el-kalimba-por-homicidio\/","title":{"rendered":"Hermosillo. Vinculan a proceso a \u201cEl Kalimba\u201d por homicidio"},"content":{"rendered":"<p><strong>HERMOSILLO, SONORA, MX.<\/strong> \u2014 La Fiscal\u00eda General de Justicia del Estado de Sonora (FGJES) informa que Jael \u201cN\u201d, alias \u00abEl Kalimba\u00bb, de 24 a\u00f1os de edad, fue vinculado a proceso por el delito de homicidio calificado con premeditaci\u00f3n, alevos\u00eda y ventaja en perjuicio de Adri\u00e1n Rosario \u201cN\u201d, de 28 a\u00f1os, y permanecer\u00e1 bajo prisi\u00f3n preventiva justificada mientras avanzan las investigaciones.<\/p>\n<p>&nbsp;<\/p>\n<p>De acuerdo a la carpeta de investigaci\u00f3n fue el 20 de junio de 2020, aproximadamente entre las 11:00 y 11:45 horas, que Jael\u00a0 \u201cN\u201d, en compa\u00f1\u00eda de diversos activos, arrib\u00f3 al domicilio de la v\u00edctima, ubicado en la privada Moreno Uno Oeste de la colonia Privadas del Real en Hermosillo, Sonora.<\/p>\n<p>&nbsp;<\/p>\n<p>En el sitio, se presume, los agresores obligaron a la v\u00edctima a salir de su domicilio para golpearlo con las cachas de las armas de fuego que portaban e intentaron subirlo a un veh\u00edculo, sin embargo, Adri\u00e1n Rosario \u201cN\u201d intent\u00f3 huir, siendo alcanzado por disparos en la cabeza y t\u00f3rax, caus\u00e1ndole la muerte.<\/p>\n<p>&nbsp;<\/p>\n<p>Se establece que el ataque fue premeditado, ya que dos semanas antes, los mismos agresores, entre ellos Jes\u00fas Alberto \u201cN\u201d, quien tambi\u00e9n ya fue capturado y se le sigue un proceso penal, hab\u00edan intentado privar de la libertad a un familiar de la v\u00edctima por error.<\/p>\n<p>&nbsp;<\/p>\n<p>Al obtenerse la identificaci\u00f3n del se\u00f1alado como uno de los probables responsables, se realizaron las acciones conducentes para la obtenci\u00f3n de la orden de aprehensi\u00f3n en su contra, la cual una vez obtenida fue ejecutada por elementos de la Agencia Ministerial de Investigaci\u00f3n Criminal (AMIC), siendo el se\u00f1alado sometido a las audiencias de ley, donde se le vincul\u00f3 a proceso e impuso la citada prisi\u00f3n preventiva justificada.<\/p>\n<p><strong>Fecha de publicaci\u00f3n mi\u00e9rcoles 23 de octubre de 2024 \/<\/strong><\/p>\n<p>&nbsp;<\/p>\n","protected":false},"excerpt":{"rendered":"<p>HERMOSILLO, SONORA, MX. \u2014 La Fiscal\u00eda General de Justicia del Estado de Sonora (FGJES) informa&#8230;<\/p>\n","protected":false},"author":1,"featured_media":202413,"comment_status":"open","ping_status":"open","sticky":false,"template":"","format":"standard","meta":{"_monsterinsights_skip_tracking":false,"_monsterinsights_sitenote_active":false,"_monsterinsights_sitenote_note":"","_monsterinsights_sitenote_category":0,"footnotes":""},"categories":[3144],"tags":[35,299],"class_list":["post"],"yoast_head":" \n<title>Sonora en Equipo. Hermosillo. Vinculan a proceso a \u201cEl Kalimba\u201d por homicidio Polic\u00edaca<\/title>\n<meta name=\"description\" content=\"HERMOSILLO, SONORA, MX. \u2014 La Fiscal\u00eda General de Justicia del Estado de Sonora (FGJES) informa que Jael \u201cN\u201d, alias &quot;El Kalimba&quot;, de 24 a\u00f1os de edad, fue En Sonora en Equipo publicamos toda la informaci\u00f3n de Sonora, M\u00e9xico y el Mundo de manera oportuna y busca que la libertad de expresi\u00f3n sea real. Visita nuestro medio informativo publicado desde Hermosillo, Sonora. %\" \/>\n<meta name=\"robots\" content=\"index, follow, max-snippet:-1, max-image-preview:large, max-video-preview:-1\" \/>\n<link rel=\"canonical\" href=\"https:\/\/www.sonoraenequipo.com.mx\/hermosillo-vinculan-a-proceso-a-el-kalimba-por-homicidio\/\" \/>\n<meta property=\"og:locale\" content=\"es_ES\" \/>\n<meta property=\"og:type\" content=\"article\" \/>\n<meta property=\"og:title\" content=\"Sonora en Equipo. Hermosillo. Vinculan a proceso a \u201cEl Kalimba\u201d por homicidio Polic\u00edaca\" \/>\n<meta property=\"og:description\" content=\"HERMOSILLO, SONORA, MX. \u2014 La Fiscal\u00eda General de Justicia del Estado de Sonora (FGJES) informa que Jael \u201cN\u201d, alias &quot;El Kalimba&quot;, de 24 a\u00f1os de edad, fue En Sonora en Equipo publicamos toda la informaci\u00f3n de Sonora, M\u00e9xico y el Mundo de manera oportuna y busca que la libertad de expresi\u00f3n sea real. Visita nuestro medio informativo publicado desde Hermosillo, Sonora. %\" \/>\n<meta property=\"og:url\" content=\"https:\/\/www.sonoraenequipo.com.mx\/hermosillo-vinculan-a-proceso-a-el-kalimba-por-homicidio\/\" \/>\n<meta property=\"og:site_name\" content=\"Sonora en Equipo.\" \/>\n<meta property=\"article:publisher\" content=\"https:\/\/www.facebook.com\/SonoraEE\/\" \/>\n<meta property=\"article:author\" content=\"https:\/\/www.facebook.com\/SonoraEE\" \/>\n<meta property=\"article:published_time\" content=\"2024-10-23T21:09:07+00:00\" \/>\n<meta property=\"og:image\" content=\"https:\/\/www.sonoraenequipo.com.mx\/storage\/2024\/10\/el-kalimba.jpg\" \/>\n\t<meta property=\"og:image:width\" content=\"600\" \/>\n\t<meta property=\"og:image:height\" content=\"400\" \/>\n\t<meta property=\"og:image:type\" content=\"image\/jpeg\" \/>\n<meta name=\"author\" content=\"enequipo\" \/>\n<meta name=\"twitter:card\" content=\"summary_large_image\" \/>\n<meta name=\"twitter:creator\" content=\"@sonoraenequipo\" \/>\n<meta name=\"twitter:site\" content=\"@sonoraenequipo\" \/>\n<meta name=\"twitter:label1\" content=\"Escrito por\" \/>\n\t<meta name=\"twitter:data1\" content=\"enequipo\" \/>\n\t<meta name=\"twitter:label2\" content=\"Tiempo de lectura\" \/>\n\t<meta name=\"twitter:data2\" content=\"2 minutos\" \/>\n<script type=\"application\/ld+json\" class=\"yoast-schema-graph\">{\"@context\":\"https:\/\/schema.org\",\"@graph\":[{\"@type\":\"Article\",\"@id\":\"https:\/\/www.sonoraenequipo.com.mx\/hermosillo-vinculan-a-proceso-a-el-kalimba-por-homicidio\/#article\",\"isPartOf\":{\"@id\":\"https:\/\/www.sonoraenequipo.com.mx\/hermosillo-vinculan-a-proceso-a-el-kalimba-por-homicidio\/\"},\"author\":{\"name\":\"enequipo\",\"@id\":\"https:\/\/www.sonoraenequipo.com.mx\/#\/schema\/person\/50102df0fb23a8fa9e8effad8fa81386\"},\"headline\":\"Hermosillo. Vinculan a proceso a \u201cEl Kalimba\u201d por homicidio\",\"datePublished\":\"2024-10-23T21:09:07+00:00\",\"mainEntityOfPage\":{\"@id\":\"https:\/\/www.sonoraenequipo.com.mx\/hermosillo-vinculan-a-proceso-a-el-kalimba-por-homicidio\/\"},\"wordCount\":319,\"commentCount\":0,\"publisher\":{\"@id\":\"https:\/\/www.sonoraenequipo.com.mx\/#organization\"},\"image\":{\"@id\":\"https:\/\/www.sonoraenequipo.com.mx\/hermosillo-vinculan-a-proceso-a-el-kalimba-por-homicidio\/#primaryimage\"},\"thumbnailUrl\":\"https:\/\/www.sonoraenequipo.com.mx\/storage\/2024\/10\/el-kalimba.jpg\",\"keywords\":[\"hermosillo\",\"inseguridad\"],\"articleSection\":[\"Polic\u00edaca\"],\"inLanguage\":\"es\",\"potentialAction\":[{\"@type\":\"CommentAction\",\"name\":\"Comment\",\"target\":[\"https:\/\/www.sonoraenequipo.com.mx\/hermosillo-vinculan-a-proceso-a-el-kalimba-por-homicidio\/#respond\"]}]},{\"@type\":\"WebPage\",\"@id\":\"https:\/\/www.sonoraenequipo.com.mx\/hermosillo-vinculan-a-proceso-a-el-kalimba-por-homicidio\/\",\"url\":\"https:\/\/www.sonoraenequipo.com.mx\/hermosillo-vinculan-a-proceso-a-el-kalimba-por-homicidio\/\",\"name\":\"Sonora en Equipo. Hermosillo. Vinculan a proceso a \u201cEl Kalimba\u201d por homicidio Polic\u00edaca\",\"isPartOf\":{\"@id\":\"https:\/\/www.sonoraenequipo.com.mx\/#website\"},\"primaryImageOfPage\":{\"@id\":\"https:\/\/www.sonoraenequipo.com.mx\/hermosillo-vinculan-a-proceso-a-el-kalimba-por-homicidio\/#primaryimage\"},\"image\":{\"@id\":\"https:\/\/www.sonoraenequipo.com.mx\/hermosillo-vinculan-a-proceso-a-el-kalimba-por-homicidio\/#primaryimage\"},\"thumbnailUrl\":\"https:\/\/www.sonoraenequipo.com.mx\/storage\/2024\/10\/el-kalimba.jpg\",\"datePublished\":\"2024-10-23T21:09:07+00:00\",\"description\":\"HERMOSILLO, SONORA, MX. \u2014 La Fiscal\u00eda General de Justicia del Estado de Sonora (FGJES) informa que Jael \u201cN\u201d, alias \\\"El Kalimba\\\", de 24 a\u00f1os de edad, fue En Sonora en Equipo publicamos toda la informaci\u00f3n de Sonora, M\u00e9xico y el Mundo de manera oportuna y busca que la libertad de expresi\u00f3n sea real. Visita nuestro medio informativo publicado desde Hermosillo, Sonora. %\",\"breadcrumb\":{\"@id\":\"https:\/\/www.sonoraenequipo.com.mx\/hermosillo-vinculan-a-proceso-a-el-kalimba-por-homicidio\/#breadcrumb\"},\"inLanguage\":\"es\",\"potentialAction\":[{\"@type\":\"ReadAction\",\"target\":[\"https:\/\/www.sonoraenequipo.com.mx\/hermosillo-vinculan-a-proceso-a-el-kalimba-por-homicidio\/\"]}]},{\"@type\":\"ImageObject\",\"inLanguage\":\"es\",\"@id\":\"https:\/\/www.sonoraenequipo.com.mx\/hermosillo-vinculan-a-proceso-a-el-kalimba-por-homicidio\/#primaryimage\",\"url\":\"https:\/\/www.sonoraenequipo.com.mx\/storage\/2024\/10\/el-kalimba.jpg\",\"contentUrl\":\"https:\/\/www.sonoraenequipo.com.mx\/storage\/2024\/10\/el-kalimba.jpg\",\"width\":600,\"height\":400},{\"@type\":\"BreadcrumbList\",\"@id\":\"https:\/\/www.sonoraenequipo.com.mx\/hermosillo-vinculan-a-proceso-a-el-kalimba-por-homicidio\/#breadcrumb\",\"itemListElement\":[{\"@type\":\"ListItem\",\"position\":1,\"name\":\"Portada\",\"item\":\"https:\/\/www.sonoraenequipo.com.mx\/\"},{\"@type\":\"ListItem\",\"position\":2,\"name\":\"Hermosillo. Vinculan a proceso a \u201cEl Kalimba\u201d por homicidio\"}]},{\"@type\":\"WebSite\",\"@id\":\"https:\/\/www.sonoraenequipo.com.mx\/#website\",\"url\":\"https:\/\/www.sonoraenequipo.com.mx\/\",\"name\":\"Sonora en Equipo.\",\"description\":\"Diario en l\u00ednea con Noticias desde Hermosillo, Sonora\",\"publisher\":{\"@id\":\"https:\/\/www.sonoraenequipo.com.mx\/#organization\"},\"potentialAction\":[{\"@type\":\"SearchAction\",\"target\":{\"@type\":\"EntryPoint\",\"urlTemplate\":\"https:\/\/www.sonoraenequipo.com.mx\/?s={search_term_string}\"},\"query-input\":{\"@type\":\"PropertyValueSpecification\",\"valueRequired\":true,\"valueName\":\"search_term_string\"}}],\"inLanguage\":\"es\"},{\"@type\":\"Organization\",\"@id\":\"https:\/\/www.sonoraenequipo.com.mx\/#organization\",\"name\":\"Sonoraenequipo.com.mx\",\"url\":\"https:\/\/www.sonoraenequipo.com.mx\/\",\"logo\":{\"@type\":\"ImageObject\",\"inLanguage\":\"es\",\"@id\":\"https:\/\/www.sonoraenequipo.com.mx\/#\/schema\/logo\/image\/\",\"url\":\"https:\/\/www.sonoraenequipo.com.mx\/storage\/2019\/01\/sonoraenequipo_opt.png\",\"contentUrl\":\"https:\/\/www.sonoraenequipo.com.mx\/storage\/2019\/01\/sonoraenequipo_opt.png\",\"width\":375,\"height\":125,\"caption\":\"Sonoraenequipo.com.mx\"},\"image\":{\"@id\":\"https:\/\/www.sonoraenequipo.com.mx\/#\/schema\/logo\/image\/\"},\"sameAs\":[\"https:\/\/www.facebook.com\/SonoraEE\/\",\"https:\/\/x.com\/sonoraenequipo\",\"https:\/\/www.youtube.com\/channel\/UC338nW-lPEYmJQs4ZABQ1SQ\"]},{\"@type\":\"Person\",\"@id\":\"https:\/\/www.sonoraenequipo.com.mx\/#\/schema\/person\/50102df0fb23a8fa9e8effad8fa81386\",\"name\":\"enequipo\",\"image\":{\"@type\":\"ImageObject\",\"inLanguage\":\"es\",\"@id\":\"https:\/\/www.sonoraenequipo.com.mx\/#\/schema\/person\/image\/\",\"url\":\"https:\/\/secure.gravatar.com\/avatar\/049821681b589dabc0bc20695993ccebb09f5b5d4d790cd9251b97faac7c652b?s=96&d=blank&r=g\",\"contentUrl\":\"https:\/\/secure.gravatar.com\/avatar\/049821681b589dabc0bc20695993ccebb09f5b5d4d790cd9251b97faac7c652b?s=96&d=blank&r=g\",\"caption\":\"enequipo\"},\"sameAs\":[\"https:\/\/www.facebook.com\/SonoraEE\"]}]}<\/script>\n ","yoast_head_json":{"title":"Sonora en Equipo. Hermosillo. Vinculan a proceso a \u201cEl Kalimba\u201d por homicidio Polic\u00edaca","description":"HERMOSILLO, SONORA, MX. \u2014 La Fiscal\u00eda General de Justicia del Estado de Sonora (FGJES) informa que Jael \u201cN\u201d, alias \"El Kalimba\", de 24 a\u00f1os de edad, fue En Sonora en Equipo publicamos toda la informaci\u00f3n de Sonora, M\u00e9xico y el Mundo de manera oportuna y busca que la libertad de expresi\u00f3n sea real. Visita nuestro medio informativo publicado desde Hermosillo, Sonora. %","robots":{"index":"index","follow":"follow","max-snippet":"max-snippet:-1","max-image-preview":"max-image-preview:large","max-video-preview":"max-video-preview:-1"},"canonical":"https:\/\/www.sonoraenequipo.com.mx\/hermosillo-vinculan-a-proceso-a-el-kalimba-por-homicidio\/","og_locale":"es_ES","og_type":"article","og_title":"Sonora en Equipo. Hermosillo. Vinculan a proceso a \u201cEl Kalimba\u201d por homicidio Polic\u00edaca","og_description":"HERMOSILLO, SONORA, MX. \u2014 La Fiscal\u00eda General de Justicia del Estado de Sonora (FGJES) informa que Jael \u201cN\u201d, alias \"El Kalimba\", de 24 a\u00f1os de edad, fue En Sonora en Equipo publicamos toda la informaci\u00f3n de Sonora, M\u00e9xico y el Mundo de manera oportuna y busca que la libertad de expresi\u00f3n sea real. Visita nuestro medio informativo publicado desde Hermosillo, Sonora. %","og_url":"https:\/\/www.sonoraenequipo.com.mx\/hermosillo-vinculan-a-proceso-a-el-kalimba-por-homicidio\/","og_site_name":"Sonora en Equipo.","article_publisher":"https:\/\/www.facebook.com\/SonoraEE\/","article_author":"https:\/\/www.facebook.com\/SonoraEE","article_published_time":"2024-10-23T21:09:07+00:00","og_image":[{"width":600,"height":400,"url":"https:\/\/www.sonoraenequipo.com.mx\/storage\/2024\/10\/el-kalimba.jpg","type":"image\/jpeg"}],"author":"enequipo","twitter_card":"summary_large_image","twitter_creator":"@sonoraenequipo","twitter_site":"@sonoraenequipo","twitter_misc":{"Escrito por":"enequipo","Tiempo de lectura":"2 minutos"},"schema":{"@context":"https:\/\/schema.org","@graph":[{"@type":"Article","@id":"https:\/\/www.sonoraenequipo.com.mx\/hermosillo-vinculan-a-proceso-a-el-kalimba-por-homicidio\/#article","isPartOf":{"@id":"https:\/\/www.sonoraenequipo.com.mx\/hermosillo-vinculan-a-proceso-a-el-kalimba-por-homicidio\/"},"author":{"name":"enequipo","@id":"https:\/\/www.sonoraenequipo.com.mx\/#\/schema\/person\/50102df0fb23a8fa9e8effad8fa81386"},"headline":"Hermosillo. Vinculan a proceso a \u201cEl Kalimba\u201d por homicidio","datePublished":"2024-10-23T21:09:07+00:00","mainEntityOfPage":{"@id":"https:\/\/www.sonoraenequipo.com.mx\/hermosillo-vinculan-a-proceso-a-el-kalimba-por-homicidio\/"},"wordCount":319,"commentCount":0,"publisher":{"@id":"https:\/\/www.sonoraenequipo.com.mx\/#organization"},"image":{"@id":"https:\/\/www.sonoraenequipo.com.mx\/hermosillo-vinculan-a-proceso-a-el-kalimba-por-homicidio\/#primaryimage"},"thumbnailUrl":"https:\/\/www.sonoraenequipo.com.mx\/storage\/2024\/10\/el-kalimba.jpg","keywords":["hermosillo","inseguridad"],"articleSection":["Polic\u00edaca"],"inLanguage":"es","potentialAction":[{"@type":"CommentAction","name":"Comment","target":["https:\/\/www.sonoraenequipo.com.mx\/hermosillo-vinculan-a-proceso-a-el-kalimba-por-homicidio\/#respond"]}]},{"@type":"WebPage","@id":"https:\/\/www.sonoraenequipo.com.mx\/hermosillo-vinculan-a-proceso-a-el-kalimba-por-homicidio\/","url":"https:\/\/www.sonoraenequipo.com.mx\/hermosillo-vinculan-a-proceso-a-el-kalimba-por-homicidio\/","name":"Sonora en Equipo. Hermosillo. Vinculan a proceso a \u201cEl Kalimba\u201d por homicidio Polic\u00edaca","isPartOf":{"@id":"https:\/\/www.sonoraenequipo.com.mx\/#website"},"primaryImageOfPage":{"@id":"https:\/\/www.sonoraenequipo.com.mx\/hermosillo-vinculan-a-proceso-a-el-kalimba-por-homicidio\/#primaryimage"},"image":{"@id":"https:\/\/www.sonoraenequipo.com.mx\/hermosillo-vinculan-a-proceso-a-el-kalimba-por-homicidio\/#primaryimage"},"thumbnailUrl":"https:\/\/www.sonoraenequipo.com.mx\/storage\/2024\/10\/el-kalimba.jpg","datePublished":"2024-10-23T21:09:07+00:00","description":"HERMOSILLO, SONORA, MX. \u2014 La Fiscal\u00eda General de Justicia del Estado de Sonora (FGJES) informa que Jael \u201cN\u201d, alias \"El Kalimba\", de 24 a\u00f1os de edad, fue En Sonora en Equipo publicamos toda la informaci\u00f3n de Sonora, M\u00e9xico y el Mundo de manera oportuna y busca que la libertad de expresi\u00f3n sea real. Visita nuestro medio informativo publicado desde Hermosillo, Sonora. %","breadcrumb":{"@id":"https:\/\/www.sonoraenequipo.com.mx\/hermosillo-vinculan-a-proceso-a-el-kalimba-por-homicidio\/#breadcrumb"},"inLanguage":"es","potentialAction":[{"@type":"ReadAction","target":["https:\/\/www.sonoraenequipo.com.mx\/hermosillo-vinculan-a-proceso-a-el-kalimba-por-homicidio\/"]}]},{"@type":"ImageObject","inLanguage":"es","@id":"https:\/\/www.sonoraenequipo.com.mx\/hermosillo-vinculan-a-proceso-a-el-kalimba-por-homicidio\/#primaryimage","url":"https:\/\/www.sonoraenequipo.com.mx\/storage\/2024\/10\/el-kalimba.jpg","contentUrl":"https:\/\/www.sonoraenequipo.com.mx\/storage\/2024\/10\/el-kalimba.jpg","width":600,"height":400},{"@type":"BreadcrumbList","@id":"https:\/\/www.sonoraenequipo.com.mx\/hermosillo-vinculan-a-proceso-a-el-kalimba-por-homicidio\/#breadcrumb","itemListElement":[{"@type":"ListItem","position":1,"name":"Portada","item":"https:\/\/www.sonoraenequipo.com.mx\/"},{"@type":"ListItem","position":2,"name":"Hermosillo. Vinculan a proceso a \u201cEl Kalimba\u201d por homicidio"}]},{"@type":"WebSite","@id":"https:\/\/www.sonoraenequipo.com.mx\/#website","url":"https:\/\/www.sonoraenequipo.com.mx\/","name":"Sonora en Equipo.","description":"Diario en l\u00ednea con Noticias desde Hermosillo, Sonora","publisher":{"@id":"https:\/\/www.sonoraenequipo.com.mx\/#organization"},"potentialAction":[{"@type":"SearchAction","target":{"@type":"EntryPoint","urlTemplate":"https:\/\/www.sonoraenequipo.com.mx\/?s={search_term_string}"},"query-input":{"@type":"PropertyValueSpecification","valueRequired":true,"valueName":"search_term_string"}}],"inLanguage":"es"},{"@type":"Organization","@id":"https:\/\/www.sonoraenequipo.com.mx\/#organization","name":"Sonoraenequipo.com.mx","url":"https:\/\/www.sonoraenequipo.com.mx\/","logo":{"@type":"ImageObject","inLanguage":"es","@id":"https:\/\/www.sonoraenequipo.com.mx\/#\/schema\/logo\/image\/","url":"https:\/\/www.sonoraenequipo.com.mx\/storage\/2019\/01\/sonoraenequipo_opt.png","contentUrl":"https:\/\/www.sonoraenequipo.com.mx\/storage\/2019\/01\/sonoraenequipo_opt.png","width":375,"height":125,"caption":"Sonoraenequipo.com.mx"},"image":{"@id":"https:\/\/www.sonoraenequipo.com.mx\/#\/schema\/logo\/image\/"},"sameAs":["https:\/\/www.facebook.com\/SonoraEE\/","https:\/\/x.com\/sonoraenequipo","https:\/\/www.youtube.com\/channel\/UC338nW-lPEYmJQs4ZABQ1SQ"]},{"@type":"Person","@id":"https:\/\/www.sonoraenequipo.com.mx\/#\/schema\/person\/50102df0fb23a8fa9e8effad8fa81386","name":"enequipo","image":{"@type":"ImageObject","inLanguage":"es","@id":"https:\/\/www.sonoraenequipo.com.mx\/#\/schema\/person\/image\/","url":"https:\/\/secure.gravatar.com\/avatar\/049821681b589dabc0bc20695993ccebb09f5b5d4d790cd9251b97faac7c652b?s=96&d=blank&r=g","contentUrl":"https:\/\/secure.gravatar.com\/avatar\/049821681b589dabc0bc20695993ccebb09f5b5d4d790cd9251b97faac7c652b?s=96&d=blank&r=g","caption":"enequipo"},"sameAs":["https:\/\/www.facebook.com\/SonoraEE"]}]}},"jetpack_featured_media_url":"https:\/\/www.sonoraenequipo.com.mx\/storage\/2024\/10\/el-kalimba.jpg","_links":{"self":[{"href":"https:\/\/www.sonoraenequipo.com.mx\/api\/wp\/v2\/posts\/202412","targetHints":{"allow":["GET"]}}],"collection":[{"href":"https:\/\/www.sonoraenequipo.com.mx\/api\/wp\/v2\/posts"}],"about":[{"href":"https:\/\/www.sonoraenequipo.com.mx\/api\/wp\/v2\/types\/post"}],"author":[{"embeddable":true,"href":"https:\/\/www.sonoraenequipo.com.mx\/api\/wp\/v2\/users\/1"}],"replies":[{"embeddable":true,"href":"https:\/\/www.sonoraenequipo.com.mx\/api\/wp\/v2\/comments?post=202412"}],"version-history":[{"count":1,"href":"https:\/\/www.sonoraenequipo.com.mx\/api\/wp\/v2\/posts\/202412\/revisions"}],"predecessor-version":[{"id":202414,"href":"https:\/\/www.sonoraenequipo.com.mx\/api\/wp\/v2\/posts\/202412\/revisions\/202414"}],"wp:featuredmedia":[{"embeddable":true,"href":"https:\/\/www.sonoraenequipo.com.mx\/api\/wp\/v2\/media\/202413"}],"wp:attachment":[{"href":"https:\/\/www.sonoraenequipo.com.mx\/api\/wp\/v2\/media?parent=202412"}],"wp:term":[{"taxonomy":"category","embeddable":true,"href":"https:\/\/www.sonoraenequipo.com.mx\/api\/wp\/v2\/categories?post=202412"},{"taxonomy":"post_tag","embeddable":true,"href":"https:\/\/www.sonoraenequipo.com.mx\/api\/wp\/v2\/tags?post=202412"}],"curies":[{"name":"wp","href":"https:\/\/api.w.org\/{rel}","templated":true}]}}