{"id":202415,"date":"2024-10-23T14:33:00","date_gmt":"2024-10-23T21:33:00","guid":{"rendered":"https:\/\/www.sonoraenequipo.com.mx\/?p=202415"},"modified":"2024-10-23T14:33:00","modified_gmt":"2024-10-23T21:33:00","slug":"iebs-lanza-el-programa-de-becas-en-femenino-para-reducir-la-brecha-de-genero-stem-en-mexico","status":"publish","type":"post","link":"https:\/\/www.sonoraenequipo.com.mx\/iebs-lanza-el-programa-de-becas-en-femenino-para-reducir-la-brecha-de-genero-stem-en-mexico\/","title":{"rendered":"IEBS lanza el programa de Becas en Femenino para Reducir la Brecha de G\u00e9nero STEM en M\u00e9xico"},"content":{"rendered":"<p><strong>CIUDAD DE M\u00c9XICO.<\/strong><strong> \u0336 \u0336\u00a0 <\/strong>La brecha de g\u00e9nero en el \u00e1mbito tecnol\u00f3gico y directivo contin\u00faa siendo uno de los grandes desaf\u00edos a nivel global. En respuesta a esta situaci\u00f3n, IEBS Biztech School, ha lanzado su programa de Becas en Femenino, una iniciativa que busca reducir la disparidad de g\u00e9nero en \u00e1reas clave como Big Data, IA, Fintech, Ciberseguridad, Blockchain y Transformaci\u00f3n Digital. Este programa ofrece subvenciones del 50% del coste total en formaci\u00f3n especializada para mujeres, con el objetivo de incrementar su presencia en estos sectores.<\/p>\n<p>&nbsp;<\/p>\n<p>El Global Gender Gap Report 2020 del World Economic Forum destaca que la brecha de g\u00e9nero es especialmente notable en los sectores tecnol\u00f3gicos en M\u00e9xico. Por ejemplo, las mujeres representan solo el 22% de los profesionales en Inteligencia Artificial a nivel mundial, seg\u00fan el informe.<\/p>\n<p>&nbsp;<\/p>\n<p><strong>Datos sobre la Brecha de G\u00e9nero en Tecnolog\u00eda<\/strong><\/p>\n<p>&nbsp;<\/p>\n<p>A pesar de los avances logrados en la \u00faltima d\u00e9cada, seg\u00fan los datos de matriculaci\u00f3n en programas de IEBS en M\u00e9xico, sectores como el Blockchain (con un 85.8% de hombres), la Ciberseguridad (78.6%) y el Big Data (71.6%) siguen dominados por hombres. Estos datos reflejan una disparidad considerable en comparaci\u00f3n con otros campos, lo que se\u00f1ala la urgencia de iniciativas educativas que fomenten una mayor participaci\u00f3n femenina en estos sectores clave para la transformaci\u00f3n digital.<\/p>\n<p>&nbsp;<\/p>\n<p>De acuerdo con el Global Gender Gap Report, uno de los principales retos a nivel global es que las mujeres tengan acceso equitativo a los recursos de formaci\u00f3n y desarrollo profesional en \u00e1reas emergentes de alta demanda como la tecnolog\u00eda y la ciencia de datos.<\/p>\n<p>&nbsp;<\/p>\n<p><strong>Iniciativas para Combatir la Brecha de G\u00e9nero<\/strong><\/p>\n<p>&nbsp;<\/p>\n<p>Adem\u00e1s de lanzar las Becas en Femenino, IEBS no se queda solo ah\u00ed, impulsando una serie de iniciativas con el objetivo de analizar el impacto de la brecha de g\u00e9nero en diferentes sectores y explorar posibles soluciones:<\/p>\n<p>&nbsp;<\/p>\n<p>WomenInTech: es un evento anual en el que reunimos a mujeres inspiradoras para inspirar a otras mujeres y paliar la brecha de g\u00e9nero en profesiones STEM.<\/p>\n<p>Mujeres al Poder: es un \u00abVlog\u00bb donde se realizan entrevistas a mujeres inspiradoras como Natalia Olson-Ultecho, ex asesora de Obama en materia de inmigraci\u00f3n y emprendimiento.<\/p>\n<p>&nbsp;<\/p>\n<p>Objetivo de las Becas en Femenino<\/p>\n<p>&nbsp;<\/p>\n<p>El lanzamiento de las Becas en Femenino tiene como objetivo reducir las barreras de entrada para las mujeres en sectores con alta demanda de talento, especialmente en las \u00e1reas donde la brecha de g\u00e9nero sigue siendo amplia. El programa ofrece becas del 50% para maestr\u00edas y diplomados en disciplinas donde la representaci\u00f3n femenina es cr\u00edtica para lograr una mayor equidad en el mercado laboral.<\/p>\n<p>&nbsp;<\/p>\n<p>Seg\u00fan el Informe de Brecha de G\u00e9nero 2020 del World Economic Forum, cerrar la brecha de g\u00e9nero en el sector tecnol\u00f3gico podr\u00eda aumentar el PIB global en 12 billones de d\u00f3lares para 2025. Iniciativas como las Becas en Femenino buscan contribuir a este objetivo al ofrecer formaci\u00f3n accesible y de calidad a mujeres interesadas en transformar sus carreras en el \u00e1mbito tecnol\u00f3gico.<\/p>\n<p>&nbsp;<\/p>\n<p>\u00abLa igualdad en el acceso a la educaci\u00f3n es fundamental para reducir la brecha de g\u00e9nero, especialmente en sectores tecnol\u00f3gicos. Con estas becas, queremos dar a las mujeres las herramientas necesarias para liderar en el mundo digital\u00bb, afirma Susana L\u00f3pez CEO y Fundadora de IEBS.<\/p>\n<p>&nbsp;<\/p>\n<p>La propuesta se alinea con el compromiso de IEBS de promover la igualdad de oportunidades en la formaci\u00f3n y contribuir activamente a la creaci\u00f3n de un entorno empresarial m\u00e1s inclusivo, donde las mujeres tengan un papel protagonista en la innovaci\u00f3n tecnol\u00f3gica y el emprendimiento.<\/p>\n<p>STEM es un acr\u00f3nimo en ingl\u00e9s que significa Science, Technology, Engineering and Mathematics, es decir, ciencia, tecnolog\u00eda, ingenier\u00eda y matem\u00e1ticas<\/p>\n<p><strong>Fecha de publicaci\u00f3n mi\u00e9rcoles 23 de octubre de 2024 \/<\/strong><\/p>\n","protected":false},"excerpt":{"rendered":"<p>CIUDAD DE M\u00c9XICO. \u0336 \u0336\u00a0 La brecha de g\u00e9nero en el \u00e1mbito tecnol\u00f3gico y directivo&#8230;<\/p>\n","protected":false},"author":1,"featured_media":202416,"comment_status":"open","ping_status":"open","sticky":false,"template":"","format":"standard","meta":{"_monsterinsights_skip_tracking":false,"_monsterinsights_sitenote_active":false,"_monsterinsights_sitenote_note":"","_monsterinsights_sitenote_category":0,"footnotes":""},"categories":[2216],"tags":[3294,297,10420],"class_list":["post"],"yoast_head":" \n<title>Sonora en Equipo. IEBS lanza el programa de Becas en Femenino para Reducir la Brecha de G\u00e9nero STEM en M\u00e9xico Ciencia y Tecnolog\u00eda<\/title>\n<meta name=\"description\" content=\"CIUDAD DE M\u00c9XICO. \u0336 \u0336\u00a0 La brecha de g\u00e9nero en el \u00e1mbito tecnol\u00f3gico y directivo contin\u00faa siendo uno de los grandes desaf\u00edos a nivel global. En respuesta a En Sonora en Equipo publicamos toda la informaci\u00f3n de Sonora, M\u00e9xico y el Mundo de manera oportuna y busca que la libertad de expresi\u00f3n sea real. Visita nuestro medio informativo publicado desde Hermosillo, Sonora. %\" \/>\n<meta name=\"robots\" content=\"index, follow, max-snippet:-1, max-image-preview:large, max-video-preview:-1\" \/>\n<link rel=\"canonical\" href=\"https:\/\/www.sonoraenequipo.com.mx\/iebs-lanza-el-programa-de-becas-en-femenino-para-reducir-la-brecha-de-genero-stem-en-mexico\/\" \/>\n<meta property=\"og:locale\" content=\"es_ES\" \/>\n<meta property=\"og:type\" content=\"article\" \/>\n<meta property=\"og:title\" content=\"Sonora en Equipo. IEBS lanza el programa de Becas en Femenino para Reducir la Brecha de G\u00e9nero STEM en M\u00e9xico Ciencia y Tecnolog\u00eda\" \/>\n<meta property=\"og:description\" content=\"CIUDAD DE M\u00c9XICO. \u0336 \u0336\u00a0 La brecha de g\u00e9nero en el \u00e1mbito tecnol\u00f3gico y directivo contin\u00faa siendo uno de los grandes desaf\u00edos a nivel global. En respuesta a En Sonora en Equipo publicamos toda la informaci\u00f3n de Sonora, M\u00e9xico y el Mundo de manera oportuna y busca que la libertad de expresi\u00f3n sea real. Visita nuestro medio informativo publicado desde Hermosillo, Sonora. %\" \/>\n<meta property=\"og:url\" content=\"https:\/\/www.sonoraenequipo.com.mx\/iebs-lanza-el-programa-de-becas-en-femenino-para-reducir-la-brecha-de-genero-stem-en-mexico\/\" \/>\n<meta property=\"og:site_name\" content=\"Sonora en Equipo.\" \/>\n<meta property=\"article:publisher\" content=\"https:\/\/www.facebook.com\/SonoraEE\/\" \/>\n<meta property=\"article:author\" content=\"https:\/\/www.facebook.com\/SonoraEE\" \/>\n<meta property=\"article:published_time\" content=\"2024-10-23T21:33:00+00:00\" \/>\n<meta property=\"og:image\" content=\"https:\/\/www.sonoraenequipo.com.mx\/storage\/2024\/10\/iebs.jpg\" \/>\n\t<meta property=\"og:image:width\" content=\"600\" \/>\n\t<meta property=\"og:image:height\" content=\"399\" \/>\n\t<meta property=\"og:image:type\" content=\"image\/jpeg\" \/>\n<meta name=\"author\" content=\"enequipo\" \/>\n<meta name=\"twitter:card\" content=\"summary_large_image\" \/>\n<meta name=\"twitter:creator\" content=\"@sonoraenequipo\" \/>\n<meta name=\"twitter:site\" content=\"@sonoraenequipo\" \/>\n<meta name=\"twitter:label1\" content=\"Escrito por\" \/>\n\t<meta name=\"twitter:data1\" content=\"enequipo\" \/>\n\t<meta name=\"twitter:label2\" content=\"Tiempo de lectura\" \/>\n\t<meta name=\"twitter:data2\" content=\"3 minutos\" \/>\n<script type=\"application\/ld+json\" class=\"yoast-schema-graph\">{\"@context\":\"https:\/\/schema.org\",\"@graph\":[{\"@type\":\"Article\",\"@id\":\"https:\/\/www.sonoraenequipo.com.mx\/iebs-lanza-el-programa-de-becas-en-femenino-para-reducir-la-brecha-de-genero-stem-en-mexico\/#article\",\"isPartOf\":{\"@id\":\"https:\/\/www.sonoraenequipo.com.mx\/iebs-lanza-el-programa-de-becas-en-femenino-para-reducir-la-brecha-de-genero-stem-en-mexico\/\"},\"author\":{\"name\":\"enequipo\",\"@id\":\"https:\/\/www.sonoraenequipo.com.mx\/#\/schema\/person\/50102df0fb23a8fa9e8effad8fa81386\"},\"headline\":\"IEBS lanza el programa de Becas en Femenino para Reducir la Brecha de G\u00e9nero STEM en M\u00e9xico\",\"datePublished\":\"2024-10-23T21:33:00+00:00\",\"mainEntityOfPage\":{\"@id\":\"https:\/\/www.sonoraenequipo.com.mx\/iebs-lanza-el-programa-de-becas-en-femenino-para-reducir-la-brecha-de-genero-stem-en-mexico\/\"},\"wordCount\":681,\"commentCount\":0,\"publisher\":{\"@id\":\"https:\/\/www.sonoraenequipo.com.mx\/#organization\"},\"image\":{\"@id\":\"https:\/\/www.sonoraenequipo.com.mx\/iebs-lanza-el-programa-de-becas-en-femenino-para-reducir-la-brecha-de-genero-stem-en-mexico\/#primaryimage\"},\"thumbnailUrl\":\"https:\/\/www.sonoraenequipo.com.mx\/storage\/2024\/10\/iebs.jpg\",\"keywords\":[\"becas\",\"mujeres\",\"stem\"],\"articleSection\":[\"Ciencia y Tecnolog\u00eda\"],\"inLanguage\":\"es\",\"potentialAction\":[{\"@type\":\"CommentAction\",\"name\":\"Comment\",\"target\":[\"https:\/\/www.sonoraenequipo.com.mx\/iebs-lanza-el-programa-de-becas-en-femenino-para-reducir-la-brecha-de-genero-stem-en-mexico\/#respond\"]}]},{\"@type\":\"WebPage\",\"@id\":\"https:\/\/www.sonoraenequipo.com.mx\/iebs-lanza-el-programa-de-becas-en-femenino-para-reducir-la-brecha-de-genero-stem-en-mexico\/\",\"url\":\"https:\/\/www.sonoraenequipo.com.mx\/iebs-lanza-el-programa-de-becas-en-femenino-para-reducir-la-brecha-de-genero-stem-en-mexico\/\",\"name\":\"Sonora en Equipo. IEBS lanza el programa de Becas en Femenino para Reducir la Brecha de G\u00e9nero STEM en M\u00e9xico Ciencia y Tecnolog\u00eda\",\"isPartOf\":{\"@id\":\"https:\/\/www.sonoraenequipo.com.mx\/#website\"},\"primaryImageOfPage\":{\"@id\":\"https:\/\/www.sonoraenequipo.com.mx\/iebs-lanza-el-programa-de-becas-en-femenino-para-reducir-la-brecha-de-genero-stem-en-mexico\/#primaryimage\"},\"image\":{\"@id\":\"https:\/\/www.sonoraenequipo.com.mx\/iebs-lanza-el-programa-de-becas-en-femenino-para-reducir-la-brecha-de-genero-stem-en-mexico\/#primaryimage\"},\"thumbnailUrl\":\"https:\/\/www.sonoraenequipo.com.mx\/storage\/2024\/10\/iebs.jpg\",\"datePublished\":\"2024-10-23T21:33:00+00:00\",\"description\":\"CIUDAD DE M\u00c9XICO. \u0336 \u0336\u00a0 La brecha de g\u00e9nero en el \u00e1mbito tecnol\u00f3gico y directivo contin\u00faa siendo uno de los grandes desaf\u00edos a nivel global. En respuesta a En Sonora en Equipo publicamos toda la informaci\u00f3n de Sonora, M\u00e9xico y el Mundo de manera oportuna y busca que la libertad de expresi\u00f3n sea real. Visita nuestro medio informativo publicado desde Hermosillo, Sonora. %\",\"breadcrumb\":{\"@id\":\"https:\/\/www.sonoraenequipo.com.mx\/iebs-lanza-el-programa-de-becas-en-femenino-para-reducir-la-brecha-de-genero-stem-en-mexico\/#breadcrumb\"},\"inLanguage\":\"es\",\"potentialAction\":[{\"@type\":\"ReadAction\",\"target\":[\"https:\/\/www.sonoraenequipo.com.mx\/iebs-lanza-el-programa-de-becas-en-femenino-para-reducir-la-brecha-de-genero-stem-en-mexico\/\"]}]},{\"@type\":\"ImageObject\",\"inLanguage\":\"es\",\"@id\":\"https:\/\/www.sonoraenequipo.com.mx\/iebs-lanza-el-programa-de-becas-en-femenino-para-reducir-la-brecha-de-genero-stem-en-mexico\/#primaryimage\",\"url\":\"https:\/\/www.sonoraenequipo.com.mx\/storage\/2024\/10\/iebs.jpg\",\"contentUrl\":\"https:\/\/www.sonoraenequipo.com.mx\/storage\/2024\/10\/iebs.jpg\",\"width\":600,\"height\":399},{\"@type\":\"BreadcrumbList\",\"@id\":\"https:\/\/www.sonoraenequipo.com.mx\/iebs-lanza-el-programa-de-becas-en-femenino-para-reducir-la-brecha-de-genero-stem-en-mexico\/#breadcrumb\",\"itemListElement\":[{\"@type\":\"ListItem\",\"position\":1,\"name\":\"Portada\",\"item\":\"https:\/\/www.sonoraenequipo.com.mx\/\"},{\"@type\":\"ListItem\",\"position\":2,\"name\":\"IEBS lanza el programa de Becas en Femenino para Reducir la Brecha de G\u00e9nero STEM en M\u00e9xico\"}]},{\"@type\":\"WebSite\",\"@id\":\"https:\/\/www.sonoraenequipo.com.mx\/#website\",\"url\":\"https:\/\/www.sonoraenequipo.com.mx\/\",\"name\":\"Sonora en Equipo.\",\"description\":\"Diario en l\u00ednea con Noticias desde Hermosillo, Sonora\",\"publisher\":{\"@id\":\"https:\/\/www.sonoraenequipo.com.mx\/#organization\"},\"potentialAction\":[{\"@type\":\"SearchAction\",\"target\":{\"@type\":\"EntryPoint\",\"urlTemplate\":\"https:\/\/www.sonoraenequipo.com.mx\/?s={search_term_string}\"},\"query-input\":{\"@type\":\"PropertyValueSpecification\",\"valueRequired\":true,\"valueName\":\"search_term_string\"}}],\"inLanguage\":\"es\"},{\"@type\":\"Organization\",\"@id\":\"https:\/\/www.sonoraenequipo.com.mx\/#organization\",\"name\":\"Sonoraenequipo.com.mx\",\"url\":\"https:\/\/www.sonoraenequipo.com.mx\/\",\"logo\":{\"@type\":\"ImageObject\",\"inLanguage\":\"es\",\"@id\":\"https:\/\/www.sonoraenequipo.com.mx\/#\/schema\/logo\/image\/\",\"url\":\"https:\/\/www.sonoraenequipo.com.mx\/storage\/2019\/01\/sonoraenequipo_opt.png\",\"contentUrl\":\"https:\/\/www.sonoraenequipo.com.mx\/storage\/2019\/01\/sonoraenequipo_opt.png\",\"width\":375,\"height\":125,\"caption\":\"Sonoraenequipo.com.mx\"},\"image\":{\"@id\":\"https:\/\/www.sonoraenequipo.com.mx\/#\/schema\/logo\/image\/\"},\"sameAs\":[\"https:\/\/www.facebook.com\/SonoraEE\/\",\"https:\/\/x.com\/sonoraenequipo\",\"https:\/\/www.youtube.com\/channel\/UC338nW-lPEYmJQs4ZABQ1SQ\"]},{\"@type\":\"Person\",\"@id\":\"https:\/\/www.sonoraenequipo.com.mx\/#\/schema\/person\/50102df0fb23a8fa9e8effad8fa81386\",\"name\":\"enequipo\",\"image\":{\"@type\":\"ImageObject\",\"inLanguage\":\"es\",\"@id\":\"https:\/\/www.sonoraenequipo.com.mx\/#\/schema\/person\/image\/\",\"url\":\"https:\/\/secure.gravatar.com\/avatar\/049821681b589dabc0bc20695993ccebb09f5b5d4d790cd9251b97faac7c652b?s=96&d=blank&r=g\",\"contentUrl\":\"https:\/\/secure.gravatar.com\/avatar\/049821681b589dabc0bc20695993ccebb09f5b5d4d790cd9251b97faac7c652b?s=96&d=blank&r=g\",\"caption\":\"enequipo\"},\"sameAs\":[\"https:\/\/www.facebook.com\/SonoraEE\"]}]}<\/script>\n ","yoast_head_json":{"title":"Sonora en Equipo. IEBS lanza el programa de Becas en Femenino para Reducir la Brecha de G\u00e9nero STEM en M\u00e9xico Ciencia y Tecnolog\u00eda","description":"CIUDAD DE M\u00c9XICO. \u0336 \u0336\u00a0 La brecha de g\u00e9nero en el \u00e1mbito tecnol\u00f3gico y directivo contin\u00faa siendo uno de los grandes desaf\u00edos a nivel global. En respuesta a En Sonora en Equipo publicamos toda la informaci\u00f3n de Sonora, M\u00e9xico y el Mundo de manera oportuna y busca que la libertad de expresi\u00f3n sea real. Visita nuestro medio informativo publicado desde Hermosillo, Sonora. %","robots":{"index":"index","follow":"follow","max-snippet":"max-snippet:-1","max-image-preview":"max-image-preview:large","max-video-preview":"max-video-preview:-1"},"canonical":"https:\/\/www.sonoraenequipo.com.mx\/iebs-lanza-el-programa-de-becas-en-femenino-para-reducir-la-brecha-de-genero-stem-en-mexico\/","og_locale":"es_ES","og_type":"article","og_title":"Sonora en Equipo. IEBS lanza el programa de Becas en Femenino para Reducir la Brecha de G\u00e9nero STEM en M\u00e9xico Ciencia y Tecnolog\u00eda","og_description":"CIUDAD DE M\u00c9XICO. \u0336 \u0336\u00a0 La brecha de g\u00e9nero en el \u00e1mbito tecnol\u00f3gico y directivo contin\u00faa siendo uno de los grandes desaf\u00edos a nivel global. En respuesta a En Sonora en Equipo publicamos toda la informaci\u00f3n de Sonora, M\u00e9xico y el Mundo de manera oportuna y busca que la libertad de expresi\u00f3n sea real. Visita nuestro medio informativo publicado desde Hermosillo, Sonora. %","og_url":"https:\/\/www.sonoraenequipo.com.mx\/iebs-lanza-el-programa-de-becas-en-femenino-para-reducir-la-brecha-de-genero-stem-en-mexico\/","og_site_name":"Sonora en Equipo.","article_publisher":"https:\/\/www.facebook.com\/SonoraEE\/","article_author":"https:\/\/www.facebook.com\/SonoraEE","article_published_time":"2024-10-23T21:33:00+00:00","og_image":[{"width":600,"height":399,"url":"https:\/\/www.sonoraenequipo.com.mx\/storage\/2024\/10\/iebs.jpg","type":"image\/jpeg"}],"author":"enequipo","twitter_card":"summary_large_image","twitter_creator":"@sonoraenequipo","twitter_site":"@sonoraenequipo","twitter_misc":{"Escrito por":"enequipo","Tiempo de lectura":"3 minutos"},"schema":{"@context":"https:\/\/schema.org","@graph":[{"@type":"Article","@id":"https:\/\/www.sonoraenequipo.com.mx\/iebs-lanza-el-programa-de-becas-en-femenino-para-reducir-la-brecha-de-genero-stem-en-mexico\/#article","isPartOf":{"@id":"https:\/\/www.sonoraenequipo.com.mx\/iebs-lanza-el-programa-de-becas-en-femenino-para-reducir-la-brecha-de-genero-stem-en-mexico\/"},"author":{"name":"enequipo","@id":"https:\/\/www.sonoraenequipo.com.mx\/#\/schema\/person\/50102df0fb23a8fa9e8effad8fa81386"},"headline":"IEBS lanza el programa de Becas en Femenino para Reducir la Brecha de G\u00e9nero STEM en M\u00e9xico","datePublished":"2024-10-23T21:33:00+00:00","mainEntityOfPage":{"@id":"https:\/\/www.sonoraenequipo.com.mx\/iebs-lanza-el-programa-de-becas-en-femenino-para-reducir-la-brecha-de-genero-stem-en-mexico\/"},"wordCount":681,"commentCount":0,"publisher":{"@id":"https:\/\/www.sonoraenequipo.com.mx\/#organization"},"image":{"@id":"https:\/\/www.sonoraenequipo.com.mx\/iebs-lanza-el-programa-de-becas-en-femenino-para-reducir-la-brecha-de-genero-stem-en-mexico\/#primaryimage"},"thumbnailUrl":"https:\/\/www.sonoraenequipo.com.mx\/storage\/2024\/10\/iebs.jpg","keywords":["becas","mujeres","stem"],"articleSection":["Ciencia y Tecnolog\u00eda"],"inLanguage":"es","potentialAction":[{"@type":"CommentAction","name":"Comment","target":["https:\/\/www.sonoraenequipo.com.mx\/iebs-lanza-el-programa-de-becas-en-femenino-para-reducir-la-brecha-de-genero-stem-en-mexico\/#respond"]}]},{"@type":"WebPage","@id":"https:\/\/www.sonoraenequipo.com.mx\/iebs-lanza-el-programa-de-becas-en-femenino-para-reducir-la-brecha-de-genero-stem-en-mexico\/","url":"https:\/\/www.sonoraenequipo.com.mx\/iebs-lanza-el-programa-de-becas-en-femenino-para-reducir-la-brecha-de-genero-stem-en-mexico\/","name":"Sonora en Equipo. IEBS lanza el programa de Becas en Femenino para Reducir la Brecha de G\u00e9nero STEM en M\u00e9xico Ciencia y Tecnolog\u00eda","isPartOf":{"@id":"https:\/\/www.sonoraenequipo.com.mx\/#website"},"primaryImageOfPage":{"@id":"https:\/\/www.sonoraenequipo.com.mx\/iebs-lanza-el-programa-de-becas-en-femenino-para-reducir-la-brecha-de-genero-stem-en-mexico\/#primaryimage"},"image":{"@id":"https:\/\/www.sonoraenequipo.com.mx\/iebs-lanza-el-programa-de-becas-en-femenino-para-reducir-la-brecha-de-genero-stem-en-mexico\/#primaryimage"},"thumbnailUrl":"https:\/\/www.sonoraenequipo.com.mx\/storage\/2024\/10\/iebs.jpg","datePublished":"2024-10-23T21:33:00+00:00","description":"CIUDAD DE M\u00c9XICO. \u0336 \u0336\u00a0 La brecha de g\u00e9nero en el \u00e1mbito tecnol\u00f3gico y directivo contin\u00faa siendo uno de los grandes desaf\u00edos a nivel global. En respuesta a En Sonora en Equipo publicamos toda la informaci\u00f3n de Sonora, M\u00e9xico y el Mundo de manera oportuna y busca que la libertad de expresi\u00f3n sea real. Visita nuestro medio informativo publicado desde Hermosillo, Sonora. %","breadcrumb":{"@id":"https:\/\/www.sonoraenequipo.com.mx\/iebs-lanza-el-programa-de-becas-en-femenino-para-reducir-la-brecha-de-genero-stem-en-mexico\/#breadcrumb"},"inLanguage":"es","potentialAction":[{"@type":"ReadAction","target":["https:\/\/www.sonoraenequipo.com.mx\/iebs-lanza-el-programa-de-becas-en-femenino-para-reducir-la-brecha-de-genero-stem-en-mexico\/"]}]},{"@type":"ImageObject","inLanguage":"es","@id":"https:\/\/www.sonoraenequipo.com.mx\/iebs-lanza-el-programa-de-becas-en-femenino-para-reducir-la-brecha-de-genero-stem-en-mexico\/#primaryimage","url":"https:\/\/www.sonoraenequipo.com.mx\/storage\/2024\/10\/iebs.jpg","contentUrl":"https:\/\/www.sonoraenequipo.com.mx\/storage\/2024\/10\/iebs.jpg","width":600,"height":399},{"@type":"BreadcrumbList","@id":"https:\/\/www.sonoraenequipo.com.mx\/iebs-lanza-el-programa-de-becas-en-femenino-para-reducir-la-brecha-de-genero-stem-en-mexico\/#breadcrumb","itemListElement":[{"@type":"ListItem","position":1,"name":"Portada","item":"https:\/\/www.sonoraenequipo.com.mx\/"},{"@type":"ListItem","position":2,"name":"IEBS lanza el programa de Becas en Femenino para Reducir la Brecha de G\u00e9nero STEM en M\u00e9xico"}]},{"@type":"WebSite","@id":"https:\/\/www.sonoraenequipo.com.mx\/#website","url":"https:\/\/www.sonoraenequipo.com.mx\/","name":"Sonora en Equipo.","description":"Diario en l\u00ednea con Noticias desde Hermosillo, Sonora","publisher":{"@id":"https:\/\/www.sonoraenequipo.com.mx\/#organization"},"potentialAction":[{"@type":"SearchAction","target":{"@type":"EntryPoint","urlTemplate":"https:\/\/www.sonoraenequipo.com.mx\/?s={search_term_string}"},"query-input":{"@type":"PropertyValueSpecification","valueRequired":true,"valueName":"search_term_string"}}],"inLanguage":"es"},{"@type":"Organization","@id":"https:\/\/www.sonoraenequipo.com.mx\/#organization","name":"Sonoraenequipo.com.mx","url":"https:\/\/www.sonoraenequipo.com.mx\/","logo":{"@type":"ImageObject","inLanguage":"es","@id":"https:\/\/www.sonoraenequipo.com.mx\/#\/schema\/logo\/image\/","url":"https:\/\/www.sonoraenequipo.com.mx\/storage\/2019\/01\/sonoraenequipo_opt.png","contentUrl":"https:\/\/www.sonoraenequipo.com.mx\/storage\/2019\/01\/sonoraenequipo_opt.png","width":375,"height":125,"caption":"Sonoraenequipo.com.mx"},"image":{"@id":"https:\/\/www.sonoraenequipo.com.mx\/#\/schema\/logo\/image\/"},"sameAs":["https:\/\/www.facebook.com\/SonoraEE\/","https:\/\/x.com\/sonoraenequipo","https:\/\/www.youtube.com\/channel\/UC338nW-lPEYmJQs4ZABQ1SQ"]},{"@type":"Person","@id":"https:\/\/www.sonoraenequipo.com.mx\/#\/schema\/person\/50102df0fb23a8fa9e8effad8fa81386","name":"enequipo","image":{"@type":"ImageObject","inLanguage":"es","@id":"https:\/\/www.sonoraenequipo.com.mx\/#\/schema\/person\/image\/","url":"https:\/\/secure.gravatar.com\/avatar\/049821681b589dabc0bc20695993ccebb09f5b5d4d790cd9251b97faac7c652b?s=96&d=blank&r=g","contentUrl":"https:\/\/secure.gravatar.com\/avatar\/049821681b589dabc0bc20695993ccebb09f5b5d4d790cd9251b97faac7c652b?s=96&d=blank&r=g","caption":"enequipo"},"sameAs":["https:\/\/www.facebook.com\/SonoraEE"]}]}},"jetpack_featured_media_url":"https:\/\/www.sonoraenequipo.com.mx\/storage\/2024\/10\/iebs.jpg","_links":{"self":[{"href":"https:\/\/www.sonoraenequipo.com.mx\/api\/wp\/v2\/posts\/202415","targetHints":{"allow":["GET"]}}],"collection":[{"href":"https:\/\/www.sonoraenequipo.com.mx\/api\/wp\/v2\/posts"}],"about":[{"href":"https:\/\/www.sonoraenequipo.com.mx\/api\/wp\/v2\/types\/post"}],"author":[{"embeddable":true,"href":"https:\/\/www.sonoraenequipo.com.mx\/api\/wp\/v2\/users\/1"}],"replies":[{"embeddable":true,"href":"https:\/\/www.sonoraenequipo.com.mx\/api\/wp\/v2\/comments?post=202415"}],"version-history":[{"count":1,"href":"https:\/\/www.sonoraenequipo.com.mx\/api\/wp\/v2\/posts\/202415\/revisions"}],"predecessor-version":[{"id":202417,"href":"https:\/\/www.sonoraenequipo.com.mx\/api\/wp\/v2\/posts\/202415\/revisions\/202417"}],"wp:featuredmedia":[{"embeddable":true,"href":"https:\/\/www.sonoraenequipo.com.mx\/api\/wp\/v2\/media\/202416"}],"wp:attachment":[{"href":"https:\/\/www.sonoraenequipo.com.mx\/api\/wp\/v2\/media?parent=202415"}],"wp:term":[{"taxonomy":"category","embeddable":true,"href":"https:\/\/www.sonoraenequipo.com.mx\/api\/wp\/v2\/categories?post=202415"},{"taxonomy":"post_tag","embeddable":true,"href":"https:\/\/www.sonoraenequipo.com.mx\/api\/wp\/v2\/tags?post=202415"}],"curies":[{"name":"wp","href":"https:\/\/api.w.org\/{rel}","templated":true}]}}