{"id":202427,"date":"2024-10-23T15:10:52","date_gmt":"2024-10-23T22:10:52","guid":{"rendered":"https:\/\/www.sonoraenequipo.com.mx\/?p=202427"},"modified":"2024-10-23T16:13:21","modified_gmt":"2024-10-23T23:13:21","slug":"inicia-xi-congreso-internacional-de-investigacion-didactica-de-la-lengua-y-la-literatura","status":"publish","type":"post","link":"https:\/\/www.sonoraenequipo.com.mx\/inicia-xi-congreso-internacional-de-investigacion-didactica-de-la-lengua-y-la-literatura\/","title":{"rendered":"Inicia XI Congreso Internacional de Investigaci\u00f3n Did\u00e1ctica de la Lengua y la Literatura"},"content":{"rendered":"<p><strong>HERMOSILLO, SONORA. MX. \u2014<\/strong> Como un v\u00ednculo entre docentes, estudiantes y especialistas en tem\u00e1ticas de la ense\u00f1anza, esta ma\u00f1ana de 23 de octubre se inauguraron, en la Universidad de Sonora, los trabajos del XI Congreso Internacional de Investigaci\u00f3n en Did\u00e1ctica de la Lengua y la Literatura y el XIII Foro Nacional sobre la ense\u00f1anza de la Literatura <strong><em>\u201cJosefina de \u00c1vila Cervantes\u201d.<\/em><\/strong><\/p>\n<p>&nbsp;<\/p>\n<p>&nbsp;<\/p>\n<p> <br \/>\nFue la coordinadora General de la Facultad Interdisciplinaria de Humanidades y Artes, Mar\u00eda Guadalupe Alpuche Cruz, quien presidi\u00f3 la ceremonia y, a nombre de la rectora Mar\u00eda Rita Plancarte Mart\u00ednez, destac\u00f3 la relevancia de eventos de esta naturaleza pues los asistentes en alg\u00fan momento influir\u00e1n en la construcci\u00f3n de un nuevo mundo que cambia de forma acelerada.<\/p>\n<p>&nbsp;<\/p>\n<p>&nbsp;<\/p>\n<p><em><strong>\u201cNuestra generaci\u00f3n ha tenido que evolucionar de una manera r\u00e1pida, adapt\u00e1ndose a las diferentes tecnolog\u00edas que han surgido, as\u00ed como a las distintas visiones del mundo\u201d<\/strong><\/em>, expres\u00f3 al hacer un llamado a los asistentes a aprovechar el contenido y el contexto de estas actividades en donde se contar\u00e1 con la participaci\u00f3n de 34 instituciones, con una amplia variedad de conferencias magistrales, 55 ponencias y presentaci\u00f3n de carteles.<\/p>\n<p>&nbsp;<\/p>\n<p>&nbsp;<\/p>\n<p>En la reuni\u00f3n, como invitada especial, Mailing Rivera Lam, representante de la C\u00e1tedra UNESCO para la Lectura y la Escritura en Am\u00e9rica Latina, por la Universidad de Antofagasta, Chile, record\u00f3 los inicios del Congreso, hace 20 a\u00f1os, y a las personas que encabezaron su organizaci\u00f3n.<\/p>\n<p>&nbsp;<\/p>\n<p>&nbsp;<\/p>\n<p><em><strong>\u201cVeo a varios mexicanos, ling\u00fcistas, literatos, pensando c\u00f3mo hacerle para seguir trabajando por la ling\u00fc\u00edstica y la literatura, lo que ha significado tambi\u00e9n un aporte extraordinario para la formaci\u00f3n de redes que impactan m\u00e1s que los presupuestos y, adem\u00e1s, est\u00e1n hechas por las personas\u201d,<\/strong> <\/em>dijo tras felicitar a los organizadores.<\/p>\n<p>&nbsp;<\/p>\n<p>&nbsp;<\/p>\n<h3>\nEs motivo de celebraci\u00f3n: Galindo Ruiz de Ch\u00e1vez<\/h3>\n<p>&nbsp;<\/p>\n<p>&nbsp;<\/p>\n<p>La coordinadora del Congreso, Mar\u00eda de los \u00c1ngeles Galindo Ruiz de Ch\u00e1vez, tambi\u00e9n felicit\u00f3 a quienes le acompa\u00f1aron en la organizaci\u00f3n del Congreso y dijo que su desarrollo es motivo de fiesta, de celebraci\u00f3n.<\/p>\n<p>&nbsp;<\/p>\n<p>&nbsp;<\/p>\n<p><em><strong>\u201cEs el onceavo Congreso Internacional de Investigaci\u00f3n en Did\u00e1ctica de la Lengua y la Literatura que empez\u00f3 con una trayectoria de hace m\u00e1s de 20 a\u00f1os\u201d,<\/strong> <\/em>enfatiz\u00f3.<\/p>\n<p>&nbsp;<\/p>\n<p>&nbsp;<\/p>\n<p>Record\u00f3 tambi\u00e9n que este ic\u00f3nico evento es para celebrar la visi\u00f3n de egresados y docentes del Departamento de Letras y Ling\u00fc\u00edstica por generar un espacio de an\u00e1lisis y discusi\u00f3n sobre los procesos de ense\u00f1anza y aprendizaje de la lengua y la literatura desde distintas visiones interdisciplinarias.<\/p>\n<p>&nbsp;<\/p>\n<p>Hizo una relaci\u00f3n de temas que se han abordado durante las diversas ediciones de este Congreso, resaltando que en esta edici\u00f3n festejan tambi\u00e9n el ser subsede de la C\u00e1tedra UNESCO para la Lectura y la Escritura en Am\u00e9rica Latina, as\u00ed como el trabajo de vinculaci\u00f3n a trav\u00e9s de las redes y\/o relaciones con instituciones locales, nacionales e internacional.<\/p>\n<p>&nbsp;<\/p>\n<p>La bienvenida al evento se dio por parte de Roc\u00edo Sugich Miranda, secretaria de la Direcci\u00f3n Administrativa del Campus Hermosillo, y la jefa del Departamento de Letras y Ling\u00fc\u00edstica, Elva \u00c1lvarez L\u00f3pez, quienes coincidieron en que este foro coadyuva al di\u00e1logo, al intercambio de ideas y a la reflexi\u00f3n sobre la ense\u00f1anza y la investigaci\u00f3n en lengua y literatura.<\/p>\n<p>&nbsp;<\/p>\n<p>&nbsp;<\/p>\n<p>La inauguraci\u00f3n se llev\u00f3 a cabo en el Sal\u00f3n de Usos M\u00faltiples del Departamento de Letras y Ling\u00fc\u00edstica; ah\u00ed, los trabajos se llevar\u00e1n a cabo del 23 al 25 de octubre.<\/p>\n<p>&nbsp;<\/p>\n<p>&nbsp;<\/p>\n<p>PUBLICADO EL 23 DE OCTUBRE DE 2024 Con informaci\u00f3n de UNISON)<\/p>\n","protected":false},"excerpt":{"rendered":"<p>HERMOSILLO, SONORA. MX. \u2014 Como un v\u00ednculo entre docentes, estudiantes y especialistas en tem\u00e1ticas de&#8230;<\/p>\n","protected":false},"author":1,"featured_media":202430,"comment_status":"open","ping_status":"open","sticky":false,"template":"","format":"standard","meta":{"_monsterinsights_skip_tracking":false,"_monsterinsights_sitenote_active":false,"_monsterinsights_sitenote_note":"","_monsterinsights_sitenote_category":0,"footnotes":""},"categories":[22],"tags":[],"class_list":["post"],"yoast_head":" \n<title>Sonora en Equipo. Inicia XI Congreso Internacional de Investigaci\u00f3n Did\u00e1ctica de la Lengua y la Literatura Sonora<\/title>\n<meta name=\"description\" content=\"HERMOSILLO, SONORA. MX. \u2014 Como un v\u00ednculo entre docentes, estudiantes y especialistas en tem\u00e1ticas de la ense\u00f1anza, esta ma\u00f1ana de 23 de octubre se En Sonora en Equipo publicamos toda la informaci\u00f3n de Sonora, M\u00e9xico y el Mundo de manera oportuna y busca que la libertad de expresi\u00f3n sea real. Visita nuestro medio informativo publicado desde Hermosillo, Sonora. %\" \/>\n<meta name=\"robots\" content=\"index, follow, max-snippet:-1, max-image-preview:large, max-video-preview:-1\" \/>\n<link rel=\"canonical\" href=\"https:\/\/www.sonoraenequipo.com.mx\/inicia-xi-congreso-internacional-de-investigacion-didactica-de-la-lengua-y-la-literatura\/\" \/>\n<meta property=\"og:locale\" content=\"es_ES\" \/>\n<meta property=\"og:type\" content=\"article\" \/>\n<meta property=\"og:title\" content=\"Sonora en Equipo. Inicia XI Congreso Internacional de Investigaci\u00f3n Did\u00e1ctica de la Lengua y la Literatura Sonora\" \/>\n<meta property=\"og:description\" content=\"HERMOSILLO, SONORA. MX. \u2014 Como un v\u00ednculo entre docentes, estudiantes y especialistas en tem\u00e1ticas de la ense\u00f1anza, esta ma\u00f1ana de 23 de octubre se En Sonora en Equipo publicamos toda la informaci\u00f3n de Sonora, M\u00e9xico y el Mundo de manera oportuna y busca que la libertad de expresi\u00f3n sea real. Visita nuestro medio informativo publicado desde Hermosillo, Sonora. %\" \/>\n<meta property=\"og:url\" content=\"https:\/\/www.sonoraenequipo.com.mx\/inicia-xi-congreso-internacional-de-investigacion-didactica-de-la-lengua-y-la-literatura\/\" \/>\n<meta property=\"og:site_name\" content=\"Sonora en Equipo.\" \/>\n<meta property=\"article:publisher\" content=\"https:\/\/www.facebook.com\/SonoraEE\/\" \/>\n<meta property=\"article:author\" content=\"https:\/\/www.facebook.com\/SonoraEE\" \/>\n<meta property=\"article:published_time\" content=\"2024-10-23T22:10:52+00:00\" \/>\n<meta property=\"article:modified_time\" content=\"2024-10-23T23:13:21+00:00\" \/>\n<meta property=\"og:image\" content=\"https:\/\/www.sonoraenequipo.com.mx\/storage\/2024\/10\/universidad-de-Sonora-min-1.jpg\" \/>\n\t<meta property=\"og:image:width\" content=\"900\" \/>\n\t<meta property=\"og:image:height\" content=\"600\" \/>\n\t<meta property=\"og:image:type\" content=\"image\/jpeg\" \/>\n<meta name=\"author\" content=\"enequipo\" \/>\n<meta name=\"twitter:card\" content=\"summary_large_image\" \/>\n<meta name=\"twitter:creator\" content=\"@sonoraenequipo\" \/>\n<meta name=\"twitter:site\" content=\"@sonoraenequipo\" \/>\n<meta name=\"twitter:label1\" content=\"Escrito por\" \/>\n\t<meta name=\"twitter:data1\" content=\"enequipo\" \/>\n\t<meta name=\"twitter:label2\" content=\"Tiempo de lectura\" \/>\n\t<meta name=\"twitter:data2\" content=\"3 minutos\" \/>\n<script type=\"application\/ld+json\" class=\"yoast-schema-graph\">{\"@context\":\"https:\/\/schema.org\",\"@graph\":[{\"@type\":\"Article\",\"@id\":\"https:\/\/www.sonoraenequipo.com.mx\/inicia-xi-congreso-internacional-de-investigacion-didactica-de-la-lengua-y-la-literatura\/#article\",\"isPartOf\":{\"@id\":\"https:\/\/www.sonoraenequipo.com.mx\/inicia-xi-congreso-internacional-de-investigacion-didactica-de-la-lengua-y-la-literatura\/\"},\"author\":{\"name\":\"enequipo\",\"@id\":\"https:\/\/www.sonoraenequipo.com.mx\/#\/schema\/person\/50102df0fb23a8fa9e8effad8fa81386\"},\"headline\":\"Inicia XI Congreso Internacional de Investigaci\u00f3n Did\u00e1ctica de la Lengua y la Literatura\",\"datePublished\":\"2024-10-23T22:10:52+00:00\",\"dateModified\":\"2024-10-23T23:13:21+00:00\",\"mainEntityOfPage\":{\"@id\":\"https:\/\/www.sonoraenequipo.com.mx\/inicia-xi-congreso-internacional-de-investigacion-didactica-de-la-lengua-y-la-literatura\/\"},\"wordCount\":654,\"commentCount\":0,\"publisher\":{\"@id\":\"https:\/\/www.sonoraenequipo.com.mx\/#organization\"},\"image\":{\"@id\":\"https:\/\/www.sonoraenequipo.com.mx\/inicia-xi-congreso-internacional-de-investigacion-didactica-de-la-lengua-y-la-literatura\/#primaryimage\"},\"thumbnailUrl\":\"https:\/\/www.sonoraenequipo.com.mx\/storage\/2024\/10\/universidad-de-Sonora-min-1.jpg\",\"articleSection\":[\"Sonora\"],\"inLanguage\":\"es\",\"potentialAction\":[{\"@type\":\"CommentAction\",\"name\":\"Comment\",\"target\":[\"https:\/\/www.sonoraenequipo.com.mx\/inicia-xi-congreso-internacional-de-investigacion-didactica-de-la-lengua-y-la-literatura\/#respond\"]}]},{\"@type\":\"WebPage\",\"@id\":\"https:\/\/www.sonoraenequipo.com.mx\/inicia-xi-congreso-internacional-de-investigacion-didactica-de-la-lengua-y-la-literatura\/\",\"url\":\"https:\/\/www.sonoraenequipo.com.mx\/inicia-xi-congreso-internacional-de-investigacion-didactica-de-la-lengua-y-la-literatura\/\",\"name\":\"Sonora en Equipo. Inicia XI Congreso Internacional de Investigaci\u00f3n Did\u00e1ctica de la Lengua y la Literatura Sonora\",\"isPartOf\":{\"@id\":\"https:\/\/www.sonoraenequipo.com.mx\/#website\"},\"primaryImageOfPage\":{\"@id\":\"https:\/\/www.sonoraenequipo.com.mx\/inicia-xi-congreso-internacional-de-investigacion-didactica-de-la-lengua-y-la-literatura\/#primaryimage\"},\"image\":{\"@id\":\"https:\/\/www.sonoraenequipo.com.mx\/inicia-xi-congreso-internacional-de-investigacion-didactica-de-la-lengua-y-la-literatura\/#primaryimage\"},\"thumbnailUrl\":\"https:\/\/www.sonoraenequipo.com.mx\/storage\/2024\/10\/universidad-de-Sonora-min-1.jpg\",\"datePublished\":\"2024-10-23T22:10:52+00:00\",\"dateModified\":\"2024-10-23T23:13:21+00:00\",\"description\":\"HERMOSILLO, SONORA. MX. \u2014 Como un v\u00ednculo entre docentes, estudiantes y especialistas en tem\u00e1ticas de la ense\u00f1anza, esta ma\u00f1ana de 23 de octubre se En Sonora en Equipo publicamos toda la informaci\u00f3n de Sonora, M\u00e9xico y el Mundo de manera oportuna y busca que la libertad de expresi\u00f3n sea real. Visita nuestro medio informativo publicado desde Hermosillo, Sonora. %\",\"breadcrumb\":{\"@id\":\"https:\/\/www.sonoraenequipo.com.mx\/inicia-xi-congreso-internacional-de-investigacion-didactica-de-la-lengua-y-la-literatura\/#breadcrumb\"},\"inLanguage\":\"es\",\"potentialAction\":[{\"@type\":\"ReadAction\",\"target\":[\"https:\/\/www.sonoraenequipo.com.mx\/inicia-xi-congreso-internacional-de-investigacion-didactica-de-la-lengua-y-la-literatura\/\"]}]},{\"@type\":\"ImageObject\",\"inLanguage\":\"es\",\"@id\":\"https:\/\/www.sonoraenequipo.com.mx\/inicia-xi-congreso-internacional-de-investigacion-didactica-de-la-lengua-y-la-literatura\/#primaryimage\",\"url\":\"https:\/\/www.sonoraenequipo.com.mx\/storage\/2024\/10\/universidad-de-Sonora-min-1.jpg\",\"contentUrl\":\"https:\/\/www.sonoraenequipo.com.mx\/storage\/2024\/10\/universidad-de-Sonora-min-1.jpg\",\"width\":900,\"height\":600},{\"@type\":\"BreadcrumbList\",\"@id\":\"https:\/\/www.sonoraenequipo.com.mx\/inicia-xi-congreso-internacional-de-investigacion-didactica-de-la-lengua-y-la-literatura\/#breadcrumb\",\"itemListElement\":[{\"@type\":\"ListItem\",\"position\":1,\"name\":\"Portada\",\"item\":\"https:\/\/www.sonoraenequipo.com.mx\/\"},{\"@type\":\"ListItem\",\"position\":2,\"name\":\"Inicia XI Congreso Internacional de Investigaci\u00f3n Did\u00e1ctica de la Lengua y la Literatura\"}]},{\"@type\":\"WebSite\",\"@id\":\"https:\/\/www.sonoraenequipo.com.mx\/#website\",\"url\":\"https:\/\/www.sonoraenequipo.com.mx\/\",\"name\":\"Sonora en Equipo.\",\"description\":\"Diario en l\u00ednea con Noticias desde Hermosillo, Sonora\",\"publisher\":{\"@id\":\"https:\/\/www.sonoraenequipo.com.mx\/#organization\"},\"potentialAction\":[{\"@type\":\"SearchAction\",\"target\":{\"@type\":\"EntryPoint\",\"urlTemplate\":\"https:\/\/www.sonoraenequipo.com.mx\/?s={search_term_string}\"},\"query-input\":{\"@type\":\"PropertyValueSpecification\",\"valueRequired\":true,\"valueName\":\"search_term_string\"}}],\"inLanguage\":\"es\"},{\"@type\":\"Organization\",\"@id\":\"https:\/\/www.sonoraenequipo.com.mx\/#organization\",\"name\":\"Sonoraenequipo.com.mx\",\"url\":\"https:\/\/www.sonoraenequipo.com.mx\/\",\"logo\":{\"@type\":\"ImageObject\",\"inLanguage\":\"es\",\"@id\":\"https:\/\/www.sonoraenequipo.com.mx\/#\/schema\/logo\/image\/\",\"url\":\"https:\/\/www.sonoraenequipo.com.mx\/storage\/2019\/01\/sonoraenequipo_opt.png\",\"contentUrl\":\"https:\/\/www.sonoraenequipo.com.mx\/storage\/2019\/01\/sonoraenequipo_opt.png\",\"width\":375,\"height\":125,\"caption\":\"Sonoraenequipo.com.mx\"},\"image\":{\"@id\":\"https:\/\/www.sonoraenequipo.com.mx\/#\/schema\/logo\/image\/\"},\"sameAs\":[\"https:\/\/www.facebook.com\/SonoraEE\/\",\"https:\/\/x.com\/sonoraenequipo\",\"https:\/\/www.youtube.com\/channel\/UC338nW-lPEYmJQs4ZABQ1SQ\"]},{\"@type\":\"Person\",\"@id\":\"https:\/\/www.sonoraenequipo.com.mx\/#\/schema\/person\/50102df0fb23a8fa9e8effad8fa81386\",\"name\":\"enequipo\",\"image\":{\"@type\":\"ImageObject\",\"inLanguage\":\"es\",\"@id\":\"https:\/\/www.sonoraenequipo.com.mx\/#\/schema\/person\/image\/\",\"url\":\"https:\/\/secure.gravatar.com\/avatar\/049821681b589dabc0bc20695993ccebb09f5b5d4d790cd9251b97faac7c652b?s=96&d=blank&r=g\",\"contentUrl\":\"https:\/\/secure.gravatar.com\/avatar\/049821681b589dabc0bc20695993ccebb09f5b5d4d790cd9251b97faac7c652b?s=96&d=blank&r=g\",\"caption\":\"enequipo\"},\"sameAs\":[\"https:\/\/www.facebook.com\/SonoraEE\"]}]}<\/script>\n ","yoast_head_json":{"title":"Sonora en Equipo. Inicia XI Congreso Internacional de Investigaci\u00f3n Did\u00e1ctica de la Lengua y la Literatura Sonora","description":"HERMOSILLO, SONORA. MX. \u2014 Como un v\u00ednculo entre docentes, estudiantes y especialistas en tem\u00e1ticas de la ense\u00f1anza, esta ma\u00f1ana de 23 de octubre se En Sonora en Equipo publicamos toda la informaci\u00f3n de Sonora, M\u00e9xico y el Mundo de manera oportuna y busca que la libertad de expresi\u00f3n sea real. Visita nuestro medio informativo publicado desde Hermosillo, Sonora. %","robots":{"index":"index","follow":"follow","max-snippet":"max-snippet:-1","max-image-preview":"max-image-preview:large","max-video-preview":"max-video-preview:-1"},"canonical":"https:\/\/www.sonoraenequipo.com.mx\/inicia-xi-congreso-internacional-de-investigacion-didactica-de-la-lengua-y-la-literatura\/","og_locale":"es_ES","og_type":"article","og_title":"Sonora en Equipo. Inicia XI Congreso Internacional de Investigaci\u00f3n Did\u00e1ctica de la Lengua y la Literatura Sonora","og_description":"HERMOSILLO, SONORA. MX. \u2014 Como un v\u00ednculo entre docentes, estudiantes y especialistas en tem\u00e1ticas de la ense\u00f1anza, esta ma\u00f1ana de 23 de octubre se En Sonora en Equipo publicamos toda la informaci\u00f3n de Sonora, M\u00e9xico y el Mundo de manera oportuna y busca que la libertad de expresi\u00f3n sea real. Visita nuestro medio informativo publicado desde Hermosillo, Sonora. %","og_url":"https:\/\/www.sonoraenequipo.com.mx\/inicia-xi-congreso-internacional-de-investigacion-didactica-de-la-lengua-y-la-literatura\/","og_site_name":"Sonora en Equipo.","article_publisher":"https:\/\/www.facebook.com\/SonoraEE\/","article_author":"https:\/\/www.facebook.com\/SonoraEE","article_published_time":"2024-10-23T22:10:52+00:00","article_modified_time":"2024-10-23T23:13:21+00:00","og_image":[{"width":900,"height":600,"url":"https:\/\/www.sonoraenequipo.com.mx\/storage\/2024\/10\/universidad-de-Sonora-min-1.jpg","type":"image\/jpeg"}],"author":"enequipo","twitter_card":"summary_large_image","twitter_creator":"@sonoraenequipo","twitter_site":"@sonoraenequipo","twitter_misc":{"Escrito por":"enequipo","Tiempo de lectura":"3 minutos"},"schema":{"@context":"https:\/\/schema.org","@graph":[{"@type":"Article","@id":"https:\/\/www.sonoraenequipo.com.mx\/inicia-xi-congreso-internacional-de-investigacion-didactica-de-la-lengua-y-la-literatura\/#article","isPartOf":{"@id":"https:\/\/www.sonoraenequipo.com.mx\/inicia-xi-congreso-internacional-de-investigacion-didactica-de-la-lengua-y-la-literatura\/"},"author":{"name":"enequipo","@id":"https:\/\/www.sonoraenequipo.com.mx\/#\/schema\/person\/50102df0fb23a8fa9e8effad8fa81386"},"headline":"Inicia XI Congreso Internacional de Investigaci\u00f3n Did\u00e1ctica de la Lengua y la Literatura","datePublished":"2024-10-23T22:10:52+00:00","dateModified":"2024-10-23T23:13:21+00:00","mainEntityOfPage":{"@id":"https:\/\/www.sonoraenequipo.com.mx\/inicia-xi-congreso-internacional-de-investigacion-didactica-de-la-lengua-y-la-literatura\/"},"wordCount":654,"commentCount":0,"publisher":{"@id":"https:\/\/www.sonoraenequipo.com.mx\/#organization"},"image":{"@id":"https:\/\/www.sonoraenequipo.com.mx\/inicia-xi-congreso-internacional-de-investigacion-didactica-de-la-lengua-y-la-literatura\/#primaryimage"},"thumbnailUrl":"https:\/\/www.sonoraenequipo.com.mx\/storage\/2024\/10\/universidad-de-Sonora-min-1.jpg","articleSection":["Sonora"],"inLanguage":"es","potentialAction":[{"@type":"CommentAction","name":"Comment","target":["https:\/\/www.sonoraenequipo.com.mx\/inicia-xi-congreso-internacional-de-investigacion-didactica-de-la-lengua-y-la-literatura\/#respond"]}]},{"@type":"WebPage","@id":"https:\/\/www.sonoraenequipo.com.mx\/inicia-xi-congreso-internacional-de-investigacion-didactica-de-la-lengua-y-la-literatura\/","url":"https:\/\/www.sonoraenequipo.com.mx\/inicia-xi-congreso-internacional-de-investigacion-didactica-de-la-lengua-y-la-literatura\/","name":"Sonora en Equipo. Inicia XI Congreso Internacional de Investigaci\u00f3n Did\u00e1ctica de la Lengua y la Literatura Sonora","isPartOf":{"@id":"https:\/\/www.sonoraenequipo.com.mx\/#website"},"primaryImageOfPage":{"@id":"https:\/\/www.sonoraenequipo.com.mx\/inicia-xi-congreso-internacional-de-investigacion-didactica-de-la-lengua-y-la-literatura\/#primaryimage"},"image":{"@id":"https:\/\/www.sonoraenequipo.com.mx\/inicia-xi-congreso-internacional-de-investigacion-didactica-de-la-lengua-y-la-literatura\/#primaryimage"},"thumbnailUrl":"https:\/\/www.sonoraenequipo.com.mx\/storage\/2024\/10\/universidad-de-Sonora-min-1.jpg","datePublished":"2024-10-23T22:10:52+00:00","dateModified":"2024-10-23T23:13:21+00:00","description":"HERMOSILLO, SONORA. MX. \u2014 Como un v\u00ednculo entre docentes, estudiantes y especialistas en tem\u00e1ticas de la ense\u00f1anza, esta ma\u00f1ana de 23 de octubre se En Sonora en Equipo publicamos toda la informaci\u00f3n de Sonora, M\u00e9xico y el Mundo de manera oportuna y busca que la libertad de expresi\u00f3n sea real. Visita nuestro medio informativo publicado desde Hermosillo, Sonora. %","breadcrumb":{"@id":"https:\/\/www.sonoraenequipo.com.mx\/inicia-xi-congreso-internacional-de-investigacion-didactica-de-la-lengua-y-la-literatura\/#breadcrumb"},"inLanguage":"es","potentialAction":[{"@type":"ReadAction","target":["https:\/\/www.sonoraenequipo.com.mx\/inicia-xi-congreso-internacional-de-investigacion-didactica-de-la-lengua-y-la-literatura\/"]}]},{"@type":"ImageObject","inLanguage":"es","@id":"https:\/\/www.sonoraenequipo.com.mx\/inicia-xi-congreso-internacional-de-investigacion-didactica-de-la-lengua-y-la-literatura\/#primaryimage","url":"https:\/\/www.sonoraenequipo.com.mx\/storage\/2024\/10\/universidad-de-Sonora-min-1.jpg","contentUrl":"https:\/\/www.sonoraenequipo.com.mx\/storage\/2024\/10\/universidad-de-Sonora-min-1.jpg","width":900,"height":600},{"@type":"BreadcrumbList","@id":"https:\/\/www.sonoraenequipo.com.mx\/inicia-xi-congreso-internacional-de-investigacion-didactica-de-la-lengua-y-la-literatura\/#breadcrumb","itemListElement":[{"@type":"ListItem","position":1,"name":"Portada","item":"https:\/\/www.sonoraenequipo.com.mx\/"},{"@type":"ListItem","position":2,"name":"Inicia XI Congreso Internacional de Investigaci\u00f3n Did\u00e1ctica de la Lengua y la Literatura"}]},{"@type":"WebSite","@id":"https:\/\/www.sonoraenequipo.com.mx\/#website","url":"https:\/\/www.sonoraenequipo.com.mx\/","name":"Sonora en Equipo.","description":"Diario en l\u00ednea con Noticias desde Hermosillo, Sonora","publisher":{"@id":"https:\/\/www.sonoraenequipo.com.mx\/#organization"},"potentialAction":[{"@type":"SearchAction","target":{"@type":"EntryPoint","urlTemplate":"https:\/\/www.sonoraenequipo.com.mx\/?s={search_term_string}"},"query-input":{"@type":"PropertyValueSpecification","valueRequired":true,"valueName":"search_term_string"}}],"inLanguage":"es"},{"@type":"Organization","@id":"https:\/\/www.sonoraenequipo.com.mx\/#organization","name":"Sonoraenequipo.com.mx","url":"https:\/\/www.sonoraenequipo.com.mx\/","logo":{"@type":"ImageObject","inLanguage":"es","@id":"https:\/\/www.sonoraenequipo.com.mx\/#\/schema\/logo\/image\/","url":"https:\/\/www.sonoraenequipo.com.mx\/storage\/2019\/01\/sonoraenequipo_opt.png","contentUrl":"https:\/\/www.sonoraenequipo.com.mx\/storage\/2019\/01\/sonoraenequipo_opt.png","width":375,"height":125,"caption":"Sonoraenequipo.com.mx"},"image":{"@id":"https:\/\/www.sonoraenequipo.com.mx\/#\/schema\/logo\/image\/"},"sameAs":["https:\/\/www.facebook.com\/SonoraEE\/","https:\/\/x.com\/sonoraenequipo","https:\/\/www.youtube.com\/channel\/UC338nW-lPEYmJQs4ZABQ1SQ"]},{"@type":"Person","@id":"https:\/\/www.sonoraenequipo.com.mx\/#\/schema\/person\/50102df0fb23a8fa9e8effad8fa81386","name":"enequipo","image":{"@type":"ImageObject","inLanguage":"es","@id":"https:\/\/www.sonoraenequipo.com.mx\/#\/schema\/person\/image\/","url":"https:\/\/secure.gravatar.com\/avatar\/049821681b589dabc0bc20695993ccebb09f5b5d4d790cd9251b97faac7c652b?s=96&d=blank&r=g","contentUrl":"https:\/\/secure.gravatar.com\/avatar\/049821681b589dabc0bc20695993ccebb09f5b5d4d790cd9251b97faac7c652b?s=96&d=blank&r=g","caption":"enequipo"},"sameAs":["https:\/\/www.facebook.com\/SonoraEE"]}]}},"jetpack_featured_media_url":"https:\/\/www.sonoraenequipo.com.mx\/storage\/2024\/10\/universidad-de-Sonora-min-1.jpg","_links":{"self":[{"href":"https:\/\/www.sonoraenequipo.com.mx\/api\/wp\/v2\/posts\/202427","targetHints":{"allow":["GET"]}}],"collection":[{"href":"https:\/\/www.sonoraenequipo.com.mx\/api\/wp\/v2\/posts"}],"about":[{"href":"https:\/\/www.sonoraenequipo.com.mx\/api\/wp\/v2\/types\/post"}],"author":[{"embeddable":true,"href":"https:\/\/www.sonoraenequipo.com.mx\/api\/wp\/v2\/users\/1"}],"replies":[{"embeddable":true,"href":"https:\/\/www.sonoraenequipo.com.mx\/api\/wp\/v2\/comments?post=202427"}],"version-history":[{"count":1,"href":"https:\/\/www.sonoraenequipo.com.mx\/api\/wp\/v2\/posts\/202427\/revisions"}],"predecessor-version":[{"id":202431,"href":"https:\/\/www.sonoraenequipo.com.mx\/api\/wp\/v2\/posts\/202427\/revisions\/202431"}],"wp:featuredmedia":[{"embeddable":true,"href":"https:\/\/www.sonoraenequipo.com.mx\/api\/wp\/v2\/media\/202430"}],"wp:attachment":[{"href":"https:\/\/www.sonoraenequipo.com.mx\/api\/wp\/v2\/media?parent=202427"}],"wp:term":[{"taxonomy":"category","embeddable":true,"href":"https:\/\/www.sonoraenequipo.com.mx\/api\/wp\/v2\/categories?post=202427"},{"taxonomy":"post_tag","embeddable":true,"href":"https:\/\/www.sonoraenequipo.com.mx\/api\/wp\/v2\/tags?post=202427"}],"curies":[{"name":"wp","href":"https:\/\/api.w.org\/{rel}","templated":true}]}}