{"id":202434,"date":"2024-10-23T10:30:31","date_gmt":"2024-10-23T17:30:31","guid":{"rendered":"https:\/\/www.sonoraenequipo.com.mx\/?p=202434"},"modified":"2024-10-23T16:26:08","modified_gmt":"2024-10-23T23:26:08","slug":"detienen-en-espana-a-dos-cabecillas-de-banda-criminal-ecuatoriana-los-tiguerones","status":"publish","type":"post","link":"https:\/\/www.sonoraenequipo.com.mx\/detienen-en-espana-a-dos-cabecillas-de-banda-criminal-ecuatoriana-los-tiguerones\/","title":{"rendered":"Detienen en Espa\u00f1a a dos cabecillas de banda criminal ecuatoriana Los Tiguerones"},"content":{"rendered":"<p><strong>MADRID, ESPA\u00d1A.<\/strong> \u2014 Dos cabecillas de la temida banda narco ecuatoriana Los Tiguerones, a la cual las autoridades del pa\u00eds sudamericano atribuyen el asalto a un canal de televisi\u00f3n y el asesinato de un fiscal, fueron detenidos en Espa\u00f1a, inform\u00f3 este mi\u00e9rcoles la Guardia Civil.<\/p>\n<p>&nbsp;<\/p>\n<p>&nbsp;<\/p>\n<p>&nbsp;<\/p>\n<p>&nbsp;<\/p>\n<p> <br \/>\nSe trata de William A., alias Comandante Willy, uno de los l\u00edderes de la banda que llevaba a\u00f1os viviendo de forma clandestina en la regi\u00f3n de Catalu\u00f1a, y su hermano, Alex A., alias Ronco, indic\u00f3 un comunicado del cuerpo armado.<\/p>\n<p>&nbsp;<\/p>\n<p>&nbsp;<\/p>\n<p>&nbsp;<\/p>\n<p>Ambos ten\u00edan orden de captura internacional y su arresto se produjo en una operaci\u00f3n conjunta entre la Guardia Civil y la Polic\u00eda Nacional de Ecuador, se\u00f1al\u00f3 el comunicado.<\/p>\n<p>&nbsp;<\/p>\n<p>&nbsp;<\/p>\n<p>La Guardia Civil no especific\u00f3 la fecha de las detenciones, que ocurrieron en la poblaci\u00f3n de Segur de Calafell, en la provincia de Tarragona.<\/p>\n<p>&nbsp;<\/p>\n<p>&nbsp;<\/p>\n<p>Comandante Willy llevaba \u00aba\u00f1os viviendo en Catalu\u00f1a\u00bb con documentaci\u00f3n falsa, mientras \u00absegu\u00eda coordinando y dirigiendo la realizaci\u00f3n de actividades terroristas por parte de su organizaci\u00f3n en Ecuador\u00bb, explic\u00f3 la Guardia Civil.<\/p>\n<p>&nbsp;<\/p>\n<p>&nbsp;<\/p>\n<p>&nbsp;<\/p>\n<p>La polic\u00eda de Ecuador se congratul\u00f3 de las detenciones en un mensaje en la red social X, donde calific\u00f3 a los arrestados de \u00abobjetivos de alto valor\u00bb.<\/p>\n<p>&nbsp;<\/p>\n<p>&nbsp;<\/p>\n<p>Ese mensaje va acompa\u00f1ado por un video donde se puede ver como agentes de la Guardia Civil y de la polic\u00eda ecuatoriana llevan esposadas a dos personas hasta coches patrulla.<\/p>\n<p>&nbsp;<\/p>\n<p>&nbsp;<\/p>\n<p>&nbsp;<\/p>\n<p>El grupo Los Tiguerones es una de la veintena de agrupaciones tildadas de \u00abterroristas\u00bb por el gobierno de Daniel Noboa, quien declar\u00f3 un \u00abconflicto armado interno\u00bb ante el recrudecimiento de los cr\u00edmenes por parte de estas bandas narcotraficantes.<\/p>\n<p>&nbsp;<\/p>\n<p>&nbsp;<\/p>\n<p>&nbsp;<\/p>\n<p>Noboa moviliz\u00f3 a los militares para recuperar el control de las calles y c\u00e1rceles y la fuerza p\u00fablica tiene la orden de \u00abneutralizar\u00bb a los integrantes de estas agrupaciones.<\/p>\n<p>&nbsp;<\/p>\n<p>&nbsp;<\/p>\n<p>&nbsp;<\/p>\n<p>Los Tiguerones est\u00e1n se\u00f1alados de haber asaltado en enero pasado los estudios en Guayaquil del canal de televisi\u00f3n ecuatoriano TC, donde entraron por la fuerza una quincena de hombres armados y encapuchados que amenazaron con ejecutar a periodistas y otros integrantes del personal a los que tomaron como rehenes.<\/p>\n<p>&nbsp;<\/p>\n<p>&nbsp;<\/p>\n<p>&nbsp;<\/p>\n<p>Las espectaculares im\u00e1genes del ataque dieron la vuelta al mundo y agravaron la crisis de inseguridad sin precedentes que atraviesa Ecuador por el enfrentamiento entre las bandas criminales ligadas al narcotr\u00e1fico y el Estado.<\/p>\n<p>&nbsp;<\/p>\n<p>&nbsp;<\/p>\n<p>&nbsp;<\/p>\n<p>La r\u00e1pida intervenci\u00f3n de las fuerzas del orden permiti\u00f3 poner fin a la toma de rehenes sin provocar v\u00edctimas y condujo a la detenci\u00f3n de 13 de los atacantes.<\/p>\n<p>&nbsp;<\/p>\n<p>&nbsp;<\/p>\n<p>&nbsp;<\/p>\n<p>La banda tambi\u00e9n es sospechosa de estar detr\u00e1s del asesinato de un fiscal antimafia que investigaba el asalto al canal de televisi\u00f3n, un crimen por el que fueron detenidas dos personas.<\/p>\n<p>&nbsp;<\/p>\n<p>&nbsp;<\/p>\n<p><strong>Los Tiguerones<\/strong> tambi\u00e9n \u00abestar\u00edan implicados en la colocaci\u00f3n de coches bombas, sicariatos, extorsiones (\u2026) y otros actos terroristas\u00bb, agreg\u00f3 la polic\u00eda ecuatoriana.<\/p>\n<p>&nbsp;<\/p>\n<p>&nbsp;<\/p>\n<p>&nbsp;<\/p>\n<p>&nbsp;<\/p>\n<p>PUBLICADO EL 23 DE OCTUBRE DE 2024 Con informaci\u00f3n de AFP)<\/p>\n","protected":false},"excerpt":{"rendered":"<p>MADRID, ESPA\u00d1A. \u2014 Dos cabecillas de la temida banda narco ecuatoriana Los Tiguerones, a la&#8230;<\/p>\n","protected":false},"author":1,"featured_media":202437,"comment_status":"open","ping_status":"open","sticky":false,"template":"","format":"standard","meta":{"_monsterinsights_skip_tracking":false,"_monsterinsights_sitenote_active":false,"_monsterinsights_sitenote_note":"","_monsterinsights_sitenote_category":0,"footnotes":""},"categories":[3],"tags":[],"class_list":["post"],"yoast_head":" \n<title>Sonora en Equipo. Detienen en Espa\u00f1a a dos cabecillas de banda criminal ecuatoriana Los Tiguerones MUNDO<\/title>\n<meta name=\"description\" content=\"MADRID, ESPA\u00d1A. \u2014 Dos cabecillas de la temida banda narco ecuatoriana Los Tiguerones, a la cual las autoridades del pa\u00eds sudamericano atribuyen el asalto En Sonora en Equipo publicamos toda la informaci\u00f3n de Sonora, M\u00e9xico y el Mundo de manera oportuna y busca que la libertad de expresi\u00f3n sea real. Visita nuestro medio informativo publicado desde Hermosillo, Sonora. %\" \/>\n<meta name=\"robots\" content=\"index, follow, max-snippet:-1, max-image-preview:large, max-video-preview:-1\" \/>\n<link rel=\"canonical\" href=\"https:\/\/www.sonoraenequipo.com.mx\/detienen-en-espana-a-dos-cabecillas-de-banda-criminal-ecuatoriana-los-tiguerones\/\" \/>\n<meta property=\"og:locale\" content=\"es_ES\" \/>\n<meta property=\"og:type\" content=\"article\" \/>\n<meta property=\"og:title\" content=\"Sonora en Equipo. Detienen en Espa\u00f1a a dos cabecillas de banda criminal ecuatoriana Los Tiguerones MUNDO\" \/>\n<meta property=\"og:description\" content=\"MADRID, ESPA\u00d1A. \u2014 Dos cabecillas de la temida banda narco ecuatoriana Los Tiguerones, a la cual las autoridades del pa\u00eds sudamericano atribuyen el asalto En Sonora en Equipo publicamos toda la informaci\u00f3n de Sonora, M\u00e9xico y el Mundo de manera oportuna y busca que la libertad de expresi\u00f3n sea real. Visita nuestro medio informativo publicado desde Hermosillo, Sonora. %\" \/>\n<meta property=\"og:url\" content=\"https:\/\/www.sonoraenequipo.com.mx\/detienen-en-espana-a-dos-cabecillas-de-banda-criminal-ecuatoriana-los-tiguerones\/\" \/>\n<meta property=\"og:site_name\" content=\"Sonora en Equipo.\" \/>\n<meta property=\"article:publisher\" content=\"https:\/\/www.facebook.com\/SonoraEE\/\" \/>\n<meta property=\"article:author\" content=\"https:\/\/www.facebook.com\/SonoraEE\" \/>\n<meta property=\"article:published_time\" content=\"2024-10-23T17:30:31+00:00\" \/>\n<meta property=\"article:modified_time\" content=\"2024-10-23T23:26:08+00:00\" \/>\n<meta property=\"og:image\" content=\"https:\/\/www.sonoraenequipo.com.mx\/storage\/2024\/10\/Detienen-en-Espana-a-dos-cabecillas-de-banda-Los-Tiguerones-min.jpg\" \/>\n\t<meta property=\"og:image:width\" content=\"900\" \/>\n\t<meta property=\"og:image:height\" content=\"512\" \/>\n\t<meta property=\"og:image:type\" content=\"image\/jpeg\" \/>\n<meta name=\"author\" content=\"enequipo\" \/>\n<meta name=\"twitter:card\" content=\"summary_large_image\" \/>\n<meta name=\"twitter:creator\" content=\"@sonoraenequipo\" \/>\n<meta name=\"twitter:site\" content=\"@sonoraenequipo\" \/>\n<meta name=\"twitter:label1\" content=\"Escrito por\" \/>\n\t<meta name=\"twitter:data1\" content=\"enequipo\" \/>\n\t<meta name=\"twitter:label2\" content=\"Tiempo de lectura\" \/>\n\t<meta name=\"twitter:data2\" content=\"3 minutos\" \/>\n<script type=\"application\/ld+json\" class=\"yoast-schema-graph\">{\"@context\":\"https:\/\/schema.org\",\"@graph\":[{\"@type\":\"Article\",\"@id\":\"https:\/\/www.sonoraenequipo.com.mx\/detienen-en-espana-a-dos-cabecillas-de-banda-criminal-ecuatoriana-los-tiguerones\/#article\",\"isPartOf\":{\"@id\":\"https:\/\/www.sonoraenequipo.com.mx\/detienen-en-espana-a-dos-cabecillas-de-banda-criminal-ecuatoriana-los-tiguerones\/\"},\"author\":{\"name\":\"enequipo\",\"@id\":\"https:\/\/www.sonoraenequipo.com.mx\/#\/schema\/person\/50102df0fb23a8fa9e8effad8fa81386\"},\"headline\":\"Detienen en Espa\u00f1a a dos cabecillas de banda criminal ecuatoriana Los Tiguerones\",\"datePublished\":\"2024-10-23T17:30:31+00:00\",\"dateModified\":\"2024-10-23T23:26:08+00:00\",\"mainEntityOfPage\":{\"@id\":\"https:\/\/www.sonoraenequipo.com.mx\/detienen-en-espana-a-dos-cabecillas-de-banda-criminal-ecuatoriana-los-tiguerones\/\"},\"wordCount\":559,\"commentCount\":0,\"publisher\":{\"@id\":\"https:\/\/www.sonoraenequipo.com.mx\/#organization\"},\"image\":{\"@id\":\"https:\/\/www.sonoraenequipo.com.mx\/detienen-en-espana-a-dos-cabecillas-de-banda-criminal-ecuatoriana-los-tiguerones\/#primaryimage\"},\"thumbnailUrl\":\"https:\/\/www.sonoraenequipo.com.mx\/storage\/2024\/10\/Detienen-en-Espana-a-dos-cabecillas-de-banda-Los-Tiguerones-min.jpg\",\"articleSection\":[\"MUNDO\"],\"inLanguage\":\"es\",\"potentialAction\":[{\"@type\":\"CommentAction\",\"name\":\"Comment\",\"target\":[\"https:\/\/www.sonoraenequipo.com.mx\/detienen-en-espana-a-dos-cabecillas-de-banda-criminal-ecuatoriana-los-tiguerones\/#respond\"]}]},{\"@type\":\"WebPage\",\"@id\":\"https:\/\/www.sonoraenequipo.com.mx\/detienen-en-espana-a-dos-cabecillas-de-banda-criminal-ecuatoriana-los-tiguerones\/\",\"url\":\"https:\/\/www.sonoraenequipo.com.mx\/detienen-en-espana-a-dos-cabecillas-de-banda-criminal-ecuatoriana-los-tiguerones\/\",\"name\":\"Sonora en Equipo. Detienen en Espa\u00f1a a dos cabecillas de banda criminal ecuatoriana Los Tiguerones MUNDO\",\"isPartOf\":{\"@id\":\"https:\/\/www.sonoraenequipo.com.mx\/#website\"},\"primaryImageOfPage\":{\"@id\":\"https:\/\/www.sonoraenequipo.com.mx\/detienen-en-espana-a-dos-cabecillas-de-banda-criminal-ecuatoriana-los-tiguerones\/#primaryimage\"},\"image\":{\"@id\":\"https:\/\/www.sonoraenequipo.com.mx\/detienen-en-espana-a-dos-cabecillas-de-banda-criminal-ecuatoriana-los-tiguerones\/#primaryimage\"},\"thumbnailUrl\":\"https:\/\/www.sonoraenequipo.com.mx\/storage\/2024\/10\/Detienen-en-Espana-a-dos-cabecillas-de-banda-Los-Tiguerones-min.jpg\",\"datePublished\":\"2024-10-23T17:30:31+00:00\",\"dateModified\":\"2024-10-23T23:26:08+00:00\",\"description\":\"MADRID, ESPA\u00d1A. \u2014 Dos cabecillas de la temida banda narco ecuatoriana Los Tiguerones, a la cual las autoridades del pa\u00eds sudamericano atribuyen el asalto En Sonora en Equipo publicamos toda la informaci\u00f3n de Sonora, M\u00e9xico y el Mundo de manera oportuna y busca que la libertad de expresi\u00f3n sea real. Visita nuestro medio informativo publicado desde Hermosillo, Sonora. %\",\"breadcrumb\":{\"@id\":\"https:\/\/www.sonoraenequipo.com.mx\/detienen-en-espana-a-dos-cabecillas-de-banda-criminal-ecuatoriana-los-tiguerones\/#breadcrumb\"},\"inLanguage\":\"es\",\"potentialAction\":[{\"@type\":\"ReadAction\",\"target\":[\"https:\/\/www.sonoraenequipo.com.mx\/detienen-en-espana-a-dos-cabecillas-de-banda-criminal-ecuatoriana-los-tiguerones\/\"]}]},{\"@type\":\"ImageObject\",\"inLanguage\":\"es\",\"@id\":\"https:\/\/www.sonoraenequipo.com.mx\/detienen-en-espana-a-dos-cabecillas-de-banda-criminal-ecuatoriana-los-tiguerones\/#primaryimage\",\"url\":\"https:\/\/www.sonoraenequipo.com.mx\/storage\/2024\/10\/Detienen-en-Espana-a-dos-cabecillas-de-banda-Los-Tiguerones-min.jpg\",\"contentUrl\":\"https:\/\/www.sonoraenequipo.com.mx\/storage\/2024\/10\/Detienen-en-Espana-a-dos-cabecillas-de-banda-Los-Tiguerones-min.jpg\",\"width\":900,\"height\":512},{\"@type\":\"BreadcrumbList\",\"@id\":\"https:\/\/www.sonoraenequipo.com.mx\/detienen-en-espana-a-dos-cabecillas-de-banda-criminal-ecuatoriana-los-tiguerones\/#breadcrumb\",\"itemListElement\":[{\"@type\":\"ListItem\",\"position\":1,\"name\":\"Portada\",\"item\":\"https:\/\/www.sonoraenequipo.com.mx\/\"},{\"@type\":\"ListItem\",\"position\":2,\"name\":\"Detienen en Espa\u00f1a a dos cabecillas de banda criminal ecuatoriana Los Tiguerones\"}]},{\"@type\":\"WebSite\",\"@id\":\"https:\/\/www.sonoraenequipo.com.mx\/#website\",\"url\":\"https:\/\/www.sonoraenequipo.com.mx\/\",\"name\":\"Sonora en Equipo.\",\"description\":\"Diario en l\u00ednea con Noticias desde Hermosillo, Sonora\",\"publisher\":{\"@id\":\"https:\/\/www.sonoraenequipo.com.mx\/#organization\"},\"potentialAction\":[{\"@type\":\"SearchAction\",\"target\":{\"@type\":\"EntryPoint\",\"urlTemplate\":\"https:\/\/www.sonoraenequipo.com.mx\/?s={search_term_string}\"},\"query-input\":{\"@type\":\"PropertyValueSpecification\",\"valueRequired\":true,\"valueName\":\"search_term_string\"}}],\"inLanguage\":\"es\"},{\"@type\":\"Organization\",\"@id\":\"https:\/\/www.sonoraenequipo.com.mx\/#organization\",\"name\":\"Sonoraenequipo.com.mx\",\"url\":\"https:\/\/www.sonoraenequipo.com.mx\/\",\"logo\":{\"@type\":\"ImageObject\",\"inLanguage\":\"es\",\"@id\":\"https:\/\/www.sonoraenequipo.com.mx\/#\/schema\/logo\/image\/\",\"url\":\"https:\/\/www.sonoraenequipo.com.mx\/storage\/2019\/01\/sonoraenequipo_opt.png\",\"contentUrl\":\"https:\/\/www.sonoraenequipo.com.mx\/storage\/2019\/01\/sonoraenequipo_opt.png\",\"width\":375,\"height\":125,\"caption\":\"Sonoraenequipo.com.mx\"},\"image\":{\"@id\":\"https:\/\/www.sonoraenequipo.com.mx\/#\/schema\/logo\/image\/\"},\"sameAs\":[\"https:\/\/www.facebook.com\/SonoraEE\/\",\"https:\/\/x.com\/sonoraenequipo\",\"https:\/\/www.youtube.com\/channel\/UC338nW-lPEYmJQs4ZABQ1SQ\"]},{\"@type\":\"Person\",\"@id\":\"https:\/\/www.sonoraenequipo.com.mx\/#\/schema\/person\/50102df0fb23a8fa9e8effad8fa81386\",\"name\":\"enequipo\",\"image\":{\"@type\":\"ImageObject\",\"inLanguage\":\"es\",\"@id\":\"https:\/\/www.sonoraenequipo.com.mx\/#\/schema\/person\/image\/\",\"url\":\"https:\/\/secure.gravatar.com\/avatar\/049821681b589dabc0bc20695993ccebb09f5b5d4d790cd9251b97faac7c652b?s=96&d=blank&r=g\",\"contentUrl\":\"https:\/\/secure.gravatar.com\/avatar\/049821681b589dabc0bc20695993ccebb09f5b5d4d790cd9251b97faac7c652b?s=96&d=blank&r=g\",\"caption\":\"enequipo\"},\"sameAs\":[\"https:\/\/www.facebook.com\/SonoraEE\"]}]}<\/script>\n ","yoast_head_json":{"title":"Sonora en Equipo. Detienen en Espa\u00f1a a dos cabecillas de banda criminal ecuatoriana Los Tiguerones MUNDO","description":"MADRID, ESPA\u00d1A. \u2014 Dos cabecillas de la temida banda narco ecuatoriana Los Tiguerones, a la cual las autoridades del pa\u00eds sudamericano atribuyen el asalto En Sonora en Equipo publicamos toda la informaci\u00f3n de Sonora, M\u00e9xico y el Mundo de manera oportuna y busca que la libertad de expresi\u00f3n sea real. Visita nuestro medio informativo publicado desde Hermosillo, Sonora. %","robots":{"index":"index","follow":"follow","max-snippet":"max-snippet:-1","max-image-preview":"max-image-preview:large","max-video-preview":"max-video-preview:-1"},"canonical":"https:\/\/www.sonoraenequipo.com.mx\/detienen-en-espana-a-dos-cabecillas-de-banda-criminal-ecuatoriana-los-tiguerones\/","og_locale":"es_ES","og_type":"article","og_title":"Sonora en Equipo. Detienen en Espa\u00f1a a dos cabecillas de banda criminal ecuatoriana Los Tiguerones MUNDO","og_description":"MADRID, ESPA\u00d1A. \u2014 Dos cabecillas de la temida banda narco ecuatoriana Los Tiguerones, a la cual las autoridades del pa\u00eds sudamericano atribuyen el asalto En Sonora en Equipo publicamos toda la informaci\u00f3n de Sonora, M\u00e9xico y el Mundo de manera oportuna y busca que la libertad de expresi\u00f3n sea real. Visita nuestro medio informativo publicado desde Hermosillo, Sonora. %","og_url":"https:\/\/www.sonoraenequipo.com.mx\/detienen-en-espana-a-dos-cabecillas-de-banda-criminal-ecuatoriana-los-tiguerones\/","og_site_name":"Sonora en Equipo.","article_publisher":"https:\/\/www.facebook.com\/SonoraEE\/","article_author":"https:\/\/www.facebook.com\/SonoraEE","article_published_time":"2024-10-23T17:30:31+00:00","article_modified_time":"2024-10-23T23:26:08+00:00","og_image":[{"width":900,"height":512,"url":"https:\/\/www.sonoraenequipo.com.mx\/storage\/2024\/10\/Detienen-en-Espana-a-dos-cabecillas-de-banda-Los-Tiguerones-min.jpg","type":"image\/jpeg"}],"author":"enequipo","twitter_card":"summary_large_image","twitter_creator":"@sonoraenequipo","twitter_site":"@sonoraenequipo","twitter_misc":{"Escrito por":"enequipo","Tiempo de lectura":"3 minutos"},"schema":{"@context":"https:\/\/schema.org","@graph":[{"@type":"Article","@id":"https:\/\/www.sonoraenequipo.com.mx\/detienen-en-espana-a-dos-cabecillas-de-banda-criminal-ecuatoriana-los-tiguerones\/#article","isPartOf":{"@id":"https:\/\/www.sonoraenequipo.com.mx\/detienen-en-espana-a-dos-cabecillas-de-banda-criminal-ecuatoriana-los-tiguerones\/"},"author":{"name":"enequipo","@id":"https:\/\/www.sonoraenequipo.com.mx\/#\/schema\/person\/50102df0fb23a8fa9e8effad8fa81386"},"headline":"Detienen en Espa\u00f1a a dos cabecillas de banda criminal ecuatoriana Los Tiguerones","datePublished":"2024-10-23T17:30:31+00:00","dateModified":"2024-10-23T23:26:08+00:00","mainEntityOfPage":{"@id":"https:\/\/www.sonoraenequipo.com.mx\/detienen-en-espana-a-dos-cabecillas-de-banda-criminal-ecuatoriana-los-tiguerones\/"},"wordCount":559,"commentCount":0,"publisher":{"@id":"https:\/\/www.sonoraenequipo.com.mx\/#organization"},"image":{"@id":"https:\/\/www.sonoraenequipo.com.mx\/detienen-en-espana-a-dos-cabecillas-de-banda-criminal-ecuatoriana-los-tiguerones\/#primaryimage"},"thumbnailUrl":"https:\/\/www.sonoraenequipo.com.mx\/storage\/2024\/10\/Detienen-en-Espana-a-dos-cabecillas-de-banda-Los-Tiguerones-min.jpg","articleSection":["MUNDO"],"inLanguage":"es","potentialAction":[{"@type":"CommentAction","name":"Comment","target":["https:\/\/www.sonoraenequipo.com.mx\/detienen-en-espana-a-dos-cabecillas-de-banda-criminal-ecuatoriana-los-tiguerones\/#respond"]}]},{"@type":"WebPage","@id":"https:\/\/www.sonoraenequipo.com.mx\/detienen-en-espana-a-dos-cabecillas-de-banda-criminal-ecuatoriana-los-tiguerones\/","url":"https:\/\/www.sonoraenequipo.com.mx\/detienen-en-espana-a-dos-cabecillas-de-banda-criminal-ecuatoriana-los-tiguerones\/","name":"Sonora en Equipo. Detienen en Espa\u00f1a a dos cabecillas de banda criminal ecuatoriana Los Tiguerones MUNDO","isPartOf":{"@id":"https:\/\/www.sonoraenequipo.com.mx\/#website"},"primaryImageOfPage":{"@id":"https:\/\/www.sonoraenequipo.com.mx\/detienen-en-espana-a-dos-cabecillas-de-banda-criminal-ecuatoriana-los-tiguerones\/#primaryimage"},"image":{"@id":"https:\/\/www.sonoraenequipo.com.mx\/detienen-en-espana-a-dos-cabecillas-de-banda-criminal-ecuatoriana-los-tiguerones\/#primaryimage"},"thumbnailUrl":"https:\/\/www.sonoraenequipo.com.mx\/storage\/2024\/10\/Detienen-en-Espana-a-dos-cabecillas-de-banda-Los-Tiguerones-min.jpg","datePublished":"2024-10-23T17:30:31+00:00","dateModified":"2024-10-23T23:26:08+00:00","description":"MADRID, ESPA\u00d1A. \u2014 Dos cabecillas de la temida banda narco ecuatoriana Los Tiguerones, a la cual las autoridades del pa\u00eds sudamericano atribuyen el asalto En Sonora en Equipo publicamos toda la informaci\u00f3n de Sonora, M\u00e9xico y el Mundo de manera oportuna y busca que la libertad de expresi\u00f3n sea real. Visita nuestro medio informativo publicado desde Hermosillo, Sonora. %","breadcrumb":{"@id":"https:\/\/www.sonoraenequipo.com.mx\/detienen-en-espana-a-dos-cabecillas-de-banda-criminal-ecuatoriana-los-tiguerones\/#breadcrumb"},"inLanguage":"es","potentialAction":[{"@type":"ReadAction","target":["https:\/\/www.sonoraenequipo.com.mx\/detienen-en-espana-a-dos-cabecillas-de-banda-criminal-ecuatoriana-los-tiguerones\/"]}]},{"@type":"ImageObject","inLanguage":"es","@id":"https:\/\/www.sonoraenequipo.com.mx\/detienen-en-espana-a-dos-cabecillas-de-banda-criminal-ecuatoriana-los-tiguerones\/#primaryimage","url":"https:\/\/www.sonoraenequipo.com.mx\/storage\/2024\/10\/Detienen-en-Espana-a-dos-cabecillas-de-banda-Los-Tiguerones-min.jpg","contentUrl":"https:\/\/www.sonoraenequipo.com.mx\/storage\/2024\/10\/Detienen-en-Espana-a-dos-cabecillas-de-banda-Los-Tiguerones-min.jpg","width":900,"height":512},{"@type":"BreadcrumbList","@id":"https:\/\/www.sonoraenequipo.com.mx\/detienen-en-espana-a-dos-cabecillas-de-banda-criminal-ecuatoriana-los-tiguerones\/#breadcrumb","itemListElement":[{"@type":"ListItem","position":1,"name":"Portada","item":"https:\/\/www.sonoraenequipo.com.mx\/"},{"@type":"ListItem","position":2,"name":"Detienen en Espa\u00f1a a dos cabecillas de banda criminal ecuatoriana Los Tiguerones"}]},{"@type":"WebSite","@id":"https:\/\/www.sonoraenequipo.com.mx\/#website","url":"https:\/\/www.sonoraenequipo.com.mx\/","name":"Sonora en Equipo.","description":"Diario en l\u00ednea con Noticias desde Hermosillo, Sonora","publisher":{"@id":"https:\/\/www.sonoraenequipo.com.mx\/#organization"},"potentialAction":[{"@type":"SearchAction","target":{"@type":"EntryPoint","urlTemplate":"https:\/\/www.sonoraenequipo.com.mx\/?s={search_term_string}"},"query-input":{"@type":"PropertyValueSpecification","valueRequired":true,"valueName":"search_term_string"}}],"inLanguage":"es"},{"@type":"Organization","@id":"https:\/\/www.sonoraenequipo.com.mx\/#organization","name":"Sonoraenequipo.com.mx","url":"https:\/\/www.sonoraenequipo.com.mx\/","logo":{"@type":"ImageObject","inLanguage":"es","@id":"https:\/\/www.sonoraenequipo.com.mx\/#\/schema\/logo\/image\/","url":"https:\/\/www.sonoraenequipo.com.mx\/storage\/2019\/01\/sonoraenequipo_opt.png","contentUrl":"https:\/\/www.sonoraenequipo.com.mx\/storage\/2019\/01\/sonoraenequipo_opt.png","width":375,"height":125,"caption":"Sonoraenequipo.com.mx"},"image":{"@id":"https:\/\/www.sonoraenequipo.com.mx\/#\/schema\/logo\/image\/"},"sameAs":["https:\/\/www.facebook.com\/SonoraEE\/","https:\/\/x.com\/sonoraenequipo","https:\/\/www.youtube.com\/channel\/UC338nW-lPEYmJQs4ZABQ1SQ"]},{"@type":"Person","@id":"https:\/\/www.sonoraenequipo.com.mx\/#\/schema\/person\/50102df0fb23a8fa9e8effad8fa81386","name":"enequipo","image":{"@type":"ImageObject","inLanguage":"es","@id":"https:\/\/www.sonoraenequipo.com.mx\/#\/schema\/person\/image\/","url":"https:\/\/secure.gravatar.com\/avatar\/049821681b589dabc0bc20695993ccebb09f5b5d4d790cd9251b97faac7c652b?s=96&d=blank&r=g","contentUrl":"https:\/\/secure.gravatar.com\/avatar\/049821681b589dabc0bc20695993ccebb09f5b5d4d790cd9251b97faac7c652b?s=96&d=blank&r=g","caption":"enequipo"},"sameAs":["https:\/\/www.facebook.com\/SonoraEE"]}]}},"jetpack_featured_media_url":"https:\/\/www.sonoraenequipo.com.mx\/storage\/2024\/10\/Detienen-en-Espana-a-dos-cabecillas-de-banda-Los-Tiguerones-min.jpg","_links":{"self":[{"href":"https:\/\/www.sonoraenequipo.com.mx\/api\/wp\/v2\/posts\/202434","targetHints":{"allow":["GET"]}}],"collection":[{"href":"https:\/\/www.sonoraenequipo.com.mx\/api\/wp\/v2\/posts"}],"about":[{"href":"https:\/\/www.sonoraenequipo.com.mx\/api\/wp\/v2\/types\/post"}],"author":[{"embeddable":true,"href":"https:\/\/www.sonoraenequipo.com.mx\/api\/wp\/v2\/users\/1"}],"replies":[{"embeddable":true,"href":"https:\/\/www.sonoraenequipo.com.mx\/api\/wp\/v2\/comments?post=202434"}],"version-history":[{"count":1,"href":"https:\/\/www.sonoraenequipo.com.mx\/api\/wp\/v2\/posts\/202434\/revisions"}],"predecessor-version":[{"id":202439,"href":"https:\/\/www.sonoraenequipo.com.mx\/api\/wp\/v2\/posts\/202434\/revisions\/202439"}],"wp:featuredmedia":[{"embeddable":true,"href":"https:\/\/www.sonoraenequipo.com.mx\/api\/wp\/v2\/media\/202437"}],"wp:attachment":[{"href":"https:\/\/www.sonoraenequipo.com.mx\/api\/wp\/v2\/media?parent=202434"}],"wp:term":[{"taxonomy":"category","embeddable":true,"href":"https:\/\/www.sonoraenequipo.com.mx\/api\/wp\/v2\/categories?post=202434"},{"taxonomy":"post_tag","embeddable":true,"href":"https:\/\/www.sonoraenequipo.com.mx\/api\/wp\/v2\/tags?post=202434"}],"curies":[{"name":"wp","href":"https:\/\/api.w.org\/{rel}","templated":true}]}}