{"id":202452,"date":"2024-10-23T19:59:47","date_gmt":"2024-10-24T02:59:47","guid":{"rendered":"https:\/\/www.sonoraenequipo.com.mx\/?p=202452"},"modified":"2024-10-24T10:15:12","modified_gmt":"2024-10-24T17:15:12","slug":"bazar-politico-de-organismos-anquilosados-y-cosas-tristes","status":"publish","type":"post","link":"https:\/\/www.sonoraenequipo.com.mx\/bazar-politico-de-organismos-anquilosados-y-cosas-tristes\/","title":{"rendered":"BAZAR POL\u00cdTICO. De organismos anquilosados y cosas tristes"},"content":{"rendered":"<p><strong>HERMOSILLO, SONORA, MX.<\/strong> \u2014 Desde su creaci\u00f3n en 2016 la Fiscal\u00eda anticorrupci\u00f3n de Sonora ha sido un elefante blanco nada se supo del trabajo de sus dos primeros fantasmales fiscales Odracir Espinoza Valdez y Rogelio L\u00f3pez Garc\u00eda<\/p>\n<p>El pasado 22 del presente el congreso acaba de designar a Ignacio Ibarra Romo como tercer fiscal de esa dependencia en ocho a\u00f1os de historia.<\/p>\n<p>Ibarra Romo fue gerente de planeaci\u00f3n social de Seguridad Alimentaria Mexicana (Segalmex)\u00a0 dependencia federal famosa por ser seg\u00fan el expresidente AMLO el \u00fanico caso de corrupci\u00f3n reconocido de su gobierno\u00a0 por m\u00e1s de 15 mil millones de pesos que si bien el tabasque\u00f1o asegur\u00f3 fueron recuperados acept\u00f3 es una mancha que se llev\u00f3 de su gobierno.<\/p>\n<p>Ibarra Romo ha dicho que el no tuvo nada que ver con ese desfalco y se le debe dar el beneficio pues no estuvo entre los investigados.<\/p>\n<p>Esperemos que este nuevo fiscal d\u00e9 resultados sin importar involucrados en ilegalidades. Y no le tiemble la mano para actuar en consecuencia.<\/p>\n<p><strong>La CEDH emite\u00a0 sendas recomendaciones a los Ceresos<\/strong><\/p>\n<p>La Comisi\u00f3n Estatal de Derechos Humanos de Sonora parece moverse y \u00a0emiti\u00f3 sendas recomendaciones al Centro de Readaptaci\u00f3n Social (Cereso) 1 de Hermosillo por \u00a0\u00a0un interno que est\u00e1 en riesgo dentro de las instalaciones, que clase de riesgo el comunicado de la defensora no especifica pero luego de lo sucedido en el Cereso de Nogales donde un interno fue ejecutado violentamente hecho dado a conocer por la comisi\u00f3n.<\/p>\n<p>Lo preocupante es que de acuerdo a la recomendaci\u00f3n remitida a la Secretar\u00eda de Seguridad P\u00fablica estatal, pide se investigue si hubo omisi\u00f3n de los custodios o una acci\u00f3n deliberada pues el \u00e1rea donde sucedieron los hechos qued\u00f3 sin vigilancia por casi dos horas, tiempo en el que el occiso fue golpeado a placer , la causa de muerte fue asfixia.<\/p>\n<p>La CEDH dice dar\u00e1 seguimiento a estos casos.<\/p>\n<p>Otra medida destacada es la n\u00famero 585 donde se conmin\u00f3 a los directivos del Cecytes Sonora para que tomen las acciones necesarias y proteger a una joven estudiante en uno de sus planteles, donde ha recibido posibles agresiones f\u00edsicas y ha sido v\u00edctima de violencia digital, hechos que adem\u00e1s la instituci\u00f3n educativa debe investigar para actuar en consecuencia.<\/p>\n<p>\u00c9sta recomendaci\u00f3n al menos yo es la primera que conozco por bullying.<\/p>\n<p>La CEDH que encabeza Luis Fernando Renter\u00eda Barrag\u00e1n se mueve<\/p>\n<p><strong>\u00a0Cosas tristes<\/strong><\/p>\n<p>El pasado 22 de octubre falleci\u00f3 en la ciudad de Los Angeles el ex pitcher de la Major League Baseball (MLB) Fernando Valenzuela Anguamea a la edad de 63 a\u00f1os el Toro como se le conoc\u00eda naci\u00f3 en la comunidad de Etchohuaquila en el municipio de Navojoa ,Sonora en 1960, este pr\u00f3ximo 1 de noviembre cumplir\u00eda 64 a\u00f1os\u00a0 Descanse en paz<\/p>\n<p>Al Toro sin duda aprovechando el D\u00eda de Muertos alguien le dedique un altar aunque el mito dice que a los reci\u00e9n fallecidos no se les debe poner uno porque apenas inici\u00f3 su camino al Mictl\u00e1n y su alma podr\u00eda quedar atrapada entre este plano y el otro<\/p>\n<p>\u00a1Hay nanita sent\u00ed mello!<\/p>\n<p>Anej, kualojtli (hasta luego en n\u00e1huatl)<\/p>\n<p><strong>Fecha de publicaci\u00f3n jueves 24 de octubre de 2024 \/<\/strong><\/p>\n","protected":false},"excerpt":{"rendered":"<p>HERMOSILLO, SONORA, MX. \u2014 Desde su creaci\u00f3n en 2016 la Fiscal\u00eda anticorrupci\u00f3n de Sonora ha&#8230;<\/p>\n","protected":false},"author":6,"featured_media":202456,"comment_status":"open","ping_status":"open","sticky":false,"template":"","format":"standard","meta":{"_monsterinsights_skip_tracking":false,"_monsterinsights_sitenote_active":false,"_monsterinsights_sitenote_note":"","_monsterinsights_sitenote_category":0,"footnotes":""},"categories":[14],"tags":[114,3869],"class_list":["post"],"yoast_head":" \n<title>Sonora en Equipo. BAZAR POL\u00cdTICO. De organismos anquilosados y cosas tristes Voces<\/title>\n<meta name=\"description\" content=\"HERMOSILLO, SONORA, MX. \u2014 Desde su creaci\u00f3n en 2016 la Fiscal\u00eda anticorrupci\u00f3n de Sonora ha sido un elefante blanco nada se supo del trabajo de sus dos En Sonora en Equipo publicamos toda la informaci\u00f3n de Sonora, M\u00e9xico y el Mundo de manera oportuna y busca que la libertad de expresi\u00f3n sea real. Visita nuestro medio informativo publicado desde Hermosillo, Sonora. %\" \/>\n<meta name=\"robots\" content=\"index, follow, max-snippet:-1, max-image-preview:large, max-video-preview:-1\" \/>\n<link rel=\"canonical\" href=\"https:\/\/www.sonoraenequipo.com.mx\/bazar-politico-de-organismos-anquilosados-y-cosas-tristes\/\" \/>\n<meta property=\"og:locale\" content=\"es_ES\" \/>\n<meta property=\"og:type\" content=\"article\" \/>\n<meta property=\"og:title\" content=\"Sonora en Equipo. BAZAR POL\u00cdTICO. De organismos anquilosados y cosas tristes Voces\" \/>\n<meta property=\"og:description\" content=\"HERMOSILLO, SONORA, MX. \u2014 Desde su creaci\u00f3n en 2016 la Fiscal\u00eda anticorrupci\u00f3n de Sonora ha sido un elefante blanco nada se supo del trabajo de sus dos En Sonora en Equipo publicamos toda la informaci\u00f3n de Sonora, M\u00e9xico y el Mundo de manera oportuna y busca que la libertad de expresi\u00f3n sea real. Visita nuestro medio informativo publicado desde Hermosillo, Sonora. %\" \/>\n<meta property=\"og:url\" content=\"https:\/\/www.sonoraenequipo.com.mx\/bazar-politico-de-organismos-anquilosados-y-cosas-tristes\/\" \/>\n<meta property=\"og:site_name\" content=\"Sonora en Equipo.\" \/>\n<meta property=\"article:publisher\" content=\"https:\/\/www.facebook.com\/SonoraEE\/\" \/>\n<meta property=\"article:published_time\" content=\"2024-10-24T02:59:47+00:00\" \/>\n<meta property=\"article:modified_time\" content=\"2024-10-24T17:15:12+00:00\" \/>\n<meta property=\"og:image\" content=\"https:\/\/www.sonoraenequipo.com.mx\/storage\/2024\/10\/fas.jpg\" \/>\n\t<meta property=\"og:image:width\" content=\"600\" \/>\n\t<meta property=\"og:image:height\" content=\"435\" \/>\n\t<meta property=\"og:image:type\" content=\"image\/jpeg\" \/>\n<meta name=\"author\" content=\"Nacho Bandin\" \/>\n<meta name=\"twitter:card\" content=\"summary_large_image\" \/>\n<meta name=\"twitter:creator\" content=\"@sonoraenequipo\" \/>\n<meta name=\"twitter:site\" content=\"@sonoraenequipo\" \/>\n<meta name=\"twitter:label1\" content=\"Escrito por\" \/>\n\t<meta name=\"twitter:data1\" content=\"Nacho Bandin\" \/>\n\t<meta name=\"twitter:label2\" content=\"Tiempo de lectura\" \/>\n\t<meta name=\"twitter:data2\" content=\"3 minutos\" \/>\n<script type=\"application\/ld+json\" class=\"yoast-schema-graph\">{\"@context\":\"https:\/\/schema.org\",\"@graph\":[{\"@type\":\"Article\",\"@id\":\"https:\/\/www.sonoraenequipo.com.mx\/bazar-politico-de-organismos-anquilosados-y-cosas-tristes\/#article\",\"isPartOf\":{\"@id\":\"https:\/\/www.sonoraenequipo.com.mx\/bazar-politico-de-organismos-anquilosados-y-cosas-tristes\/\"},\"author\":{\"name\":\"Nacho Bandin\",\"@id\":\"https:\/\/www.sonoraenequipo.com.mx\/#\/schema\/person\/fbd9952aca28efec00f1fb7fa9428cad\"},\"headline\":\"BAZAR POL\u00cdTICO. De organismos anquilosados y cosas tristes\",\"datePublished\":\"2024-10-24T02:59:47+00:00\",\"dateModified\":\"2024-10-24T17:15:12+00:00\",\"mainEntityOfPage\":{\"@id\":\"https:\/\/www.sonoraenequipo.com.mx\/bazar-politico-de-organismos-anquilosados-y-cosas-tristes\/\"},\"wordCount\":555,\"commentCount\":0,\"publisher\":{\"@id\":\"https:\/\/www.sonoraenequipo.com.mx\/#organization\"},\"image\":{\"@id\":\"https:\/\/www.sonoraenequipo.com.mx\/bazar-politico-de-organismos-anquilosados-y-cosas-tristes\/#primaryimage\"},\"thumbnailUrl\":\"https:\/\/www.sonoraenequipo.com.mx\/storage\/2024\/10\/fas.jpg\",\"keywords\":[\"anticorrupcion\",\"fiscal\u00eda\"],\"articleSection\":[\"Voces\"],\"inLanguage\":\"es\",\"potentialAction\":[{\"@type\":\"CommentAction\",\"name\":\"Comment\",\"target\":[\"https:\/\/www.sonoraenequipo.com.mx\/bazar-politico-de-organismos-anquilosados-y-cosas-tristes\/#respond\"]}]},{\"@type\":\"WebPage\",\"@id\":\"https:\/\/www.sonoraenequipo.com.mx\/bazar-politico-de-organismos-anquilosados-y-cosas-tristes\/\",\"url\":\"https:\/\/www.sonoraenequipo.com.mx\/bazar-politico-de-organismos-anquilosados-y-cosas-tristes\/\",\"name\":\"Sonora en Equipo. BAZAR POL\u00cdTICO. De organismos anquilosados y cosas tristes Voces\",\"isPartOf\":{\"@id\":\"https:\/\/www.sonoraenequipo.com.mx\/#website\"},\"primaryImageOfPage\":{\"@id\":\"https:\/\/www.sonoraenequipo.com.mx\/bazar-politico-de-organismos-anquilosados-y-cosas-tristes\/#primaryimage\"},\"image\":{\"@id\":\"https:\/\/www.sonoraenequipo.com.mx\/bazar-politico-de-organismos-anquilosados-y-cosas-tristes\/#primaryimage\"},\"thumbnailUrl\":\"https:\/\/www.sonoraenequipo.com.mx\/storage\/2024\/10\/fas.jpg\",\"datePublished\":\"2024-10-24T02:59:47+00:00\",\"dateModified\":\"2024-10-24T17:15:12+00:00\",\"description\":\"HERMOSILLO, SONORA, MX. \u2014 Desde su creaci\u00f3n en 2016 la Fiscal\u00eda anticorrupci\u00f3n de Sonora ha sido un elefante blanco nada se supo del trabajo de sus dos En Sonora en Equipo publicamos toda la informaci\u00f3n de Sonora, M\u00e9xico y el Mundo de manera oportuna y busca que la libertad de expresi\u00f3n sea real. Visita nuestro medio informativo publicado desde Hermosillo, Sonora. %\",\"breadcrumb\":{\"@id\":\"https:\/\/www.sonoraenequipo.com.mx\/bazar-politico-de-organismos-anquilosados-y-cosas-tristes\/#breadcrumb\"},\"inLanguage\":\"es\",\"potentialAction\":[{\"@type\":\"ReadAction\",\"target\":[\"https:\/\/www.sonoraenequipo.com.mx\/bazar-politico-de-organismos-anquilosados-y-cosas-tristes\/\"]}]},{\"@type\":\"ImageObject\",\"inLanguage\":\"es\",\"@id\":\"https:\/\/www.sonoraenequipo.com.mx\/bazar-politico-de-organismos-anquilosados-y-cosas-tristes\/#primaryimage\",\"url\":\"https:\/\/www.sonoraenequipo.com.mx\/storage\/2024\/10\/fas.jpg\",\"contentUrl\":\"https:\/\/www.sonoraenequipo.com.mx\/storage\/2024\/10\/fas.jpg\",\"width\":600,\"height\":435},{\"@type\":\"BreadcrumbList\",\"@id\":\"https:\/\/www.sonoraenequipo.com.mx\/bazar-politico-de-organismos-anquilosados-y-cosas-tristes\/#breadcrumb\",\"itemListElement\":[{\"@type\":\"ListItem\",\"position\":1,\"name\":\"Portada\",\"item\":\"https:\/\/www.sonoraenequipo.com.mx\/\"},{\"@type\":\"ListItem\",\"position\":2,\"name\":\"BAZAR POL\u00cdTICO. De organismos anquilosados y cosas tristes\"}]},{\"@type\":\"WebSite\",\"@id\":\"https:\/\/www.sonoraenequipo.com.mx\/#website\",\"url\":\"https:\/\/www.sonoraenequipo.com.mx\/\",\"name\":\"Sonora en Equipo.\",\"description\":\"Diario en l\u00ednea con Noticias desde Hermosillo, Sonora\",\"publisher\":{\"@id\":\"https:\/\/www.sonoraenequipo.com.mx\/#organization\"},\"potentialAction\":[{\"@type\":\"SearchAction\",\"target\":{\"@type\":\"EntryPoint\",\"urlTemplate\":\"https:\/\/www.sonoraenequipo.com.mx\/?s={search_term_string}\"},\"query-input\":{\"@type\":\"PropertyValueSpecification\",\"valueRequired\":true,\"valueName\":\"search_term_string\"}}],\"inLanguage\":\"es\"},{\"@type\":\"Organization\",\"@id\":\"https:\/\/www.sonoraenequipo.com.mx\/#organization\",\"name\":\"Sonoraenequipo.com.mx\",\"url\":\"https:\/\/www.sonoraenequipo.com.mx\/\",\"logo\":{\"@type\":\"ImageObject\",\"inLanguage\":\"es\",\"@id\":\"https:\/\/www.sonoraenequipo.com.mx\/#\/schema\/logo\/image\/\",\"url\":\"https:\/\/www.sonoraenequipo.com.mx\/storage\/2019\/01\/sonoraenequipo_opt.png\",\"contentUrl\":\"https:\/\/www.sonoraenequipo.com.mx\/storage\/2019\/01\/sonoraenequipo_opt.png\",\"width\":375,\"height\":125,\"caption\":\"Sonoraenequipo.com.mx\"},\"image\":{\"@id\":\"https:\/\/www.sonoraenequipo.com.mx\/#\/schema\/logo\/image\/\"},\"sameAs\":[\"https:\/\/www.facebook.com\/SonoraEE\/\",\"https:\/\/x.com\/sonoraenequipo\",\"https:\/\/www.youtube.com\/channel\/UC338nW-lPEYmJQs4ZABQ1SQ\"]},{\"@type\":\"Person\",\"@id\":\"https:\/\/www.sonoraenequipo.com.mx\/#\/schema\/person\/fbd9952aca28efec00f1fb7fa9428cad\",\"name\":\"Nacho Bandin\",\"image\":{\"@type\":\"ImageObject\",\"inLanguage\":\"es\",\"@id\":\"https:\/\/www.sonoraenequipo.com.mx\/#\/schema\/person\/image\/\",\"url\":\"https:\/\/secure.gravatar.com\/avatar\/aa8b9910cb9aca6bb907bea274a87d80d1290d00069310f251740e3ee0bf15f1?s=96&d=blank&r=g\",\"contentUrl\":\"https:\/\/secure.gravatar.com\/avatar\/aa8b9910cb9aca6bb907bea274a87d80d1290d00069310f251740e3ee0bf15f1?s=96&d=blank&r=g\",\"caption\":\"Nacho Bandin\"},\"sameAs\":[\"http:\/\/sonoraenequipo.com.mx\"]}]}<\/script>\n ","yoast_head_json":{"title":"Sonora en Equipo. BAZAR POL\u00cdTICO. De organismos anquilosados y cosas tristes Voces","description":"HERMOSILLO, SONORA, MX. \u2014 Desde su creaci\u00f3n en 2016 la Fiscal\u00eda anticorrupci\u00f3n de Sonora ha sido un elefante blanco nada se supo del trabajo de sus dos En Sonora en Equipo publicamos toda la informaci\u00f3n de Sonora, M\u00e9xico y el Mundo de manera oportuna y busca que la libertad de expresi\u00f3n sea real. Visita nuestro medio informativo publicado desde Hermosillo, Sonora. %","robots":{"index":"index","follow":"follow","max-snippet":"max-snippet:-1","max-image-preview":"max-image-preview:large","max-video-preview":"max-video-preview:-1"},"canonical":"https:\/\/www.sonoraenequipo.com.mx\/bazar-politico-de-organismos-anquilosados-y-cosas-tristes\/","og_locale":"es_ES","og_type":"article","og_title":"Sonora en Equipo. BAZAR POL\u00cdTICO. De organismos anquilosados y cosas tristes Voces","og_description":"HERMOSILLO, SONORA, MX. \u2014 Desde su creaci\u00f3n en 2016 la Fiscal\u00eda anticorrupci\u00f3n de Sonora ha sido un elefante blanco nada se supo del trabajo de sus dos En Sonora en Equipo publicamos toda la informaci\u00f3n de Sonora, M\u00e9xico y el Mundo de manera oportuna y busca que la libertad de expresi\u00f3n sea real. Visita nuestro medio informativo publicado desde Hermosillo, Sonora. %","og_url":"https:\/\/www.sonoraenequipo.com.mx\/bazar-politico-de-organismos-anquilosados-y-cosas-tristes\/","og_site_name":"Sonora en Equipo.","article_publisher":"https:\/\/www.facebook.com\/SonoraEE\/","article_published_time":"2024-10-24T02:59:47+00:00","article_modified_time":"2024-10-24T17:15:12+00:00","og_image":[{"width":600,"height":435,"url":"https:\/\/www.sonoraenequipo.com.mx\/storage\/2024\/10\/fas.jpg","type":"image\/jpeg"}],"author":"Nacho Bandin","twitter_card":"summary_large_image","twitter_creator":"@sonoraenequipo","twitter_site":"@sonoraenequipo","twitter_misc":{"Escrito por":"Nacho Bandin","Tiempo de lectura":"3 minutos"},"schema":{"@context":"https:\/\/schema.org","@graph":[{"@type":"Article","@id":"https:\/\/www.sonoraenequipo.com.mx\/bazar-politico-de-organismos-anquilosados-y-cosas-tristes\/#article","isPartOf":{"@id":"https:\/\/www.sonoraenequipo.com.mx\/bazar-politico-de-organismos-anquilosados-y-cosas-tristes\/"},"author":{"name":"Nacho Bandin","@id":"https:\/\/www.sonoraenequipo.com.mx\/#\/schema\/person\/fbd9952aca28efec00f1fb7fa9428cad"},"headline":"BAZAR POL\u00cdTICO. De organismos anquilosados y cosas tristes","datePublished":"2024-10-24T02:59:47+00:00","dateModified":"2024-10-24T17:15:12+00:00","mainEntityOfPage":{"@id":"https:\/\/www.sonoraenequipo.com.mx\/bazar-politico-de-organismos-anquilosados-y-cosas-tristes\/"},"wordCount":555,"commentCount":0,"publisher":{"@id":"https:\/\/www.sonoraenequipo.com.mx\/#organization"},"image":{"@id":"https:\/\/www.sonoraenequipo.com.mx\/bazar-politico-de-organismos-anquilosados-y-cosas-tristes\/#primaryimage"},"thumbnailUrl":"https:\/\/www.sonoraenequipo.com.mx\/storage\/2024\/10\/fas.jpg","keywords":["anticorrupcion","fiscal\u00eda"],"articleSection":["Voces"],"inLanguage":"es","potentialAction":[{"@type":"CommentAction","name":"Comment","target":["https:\/\/www.sonoraenequipo.com.mx\/bazar-politico-de-organismos-anquilosados-y-cosas-tristes\/#respond"]}]},{"@type":"WebPage","@id":"https:\/\/www.sonoraenequipo.com.mx\/bazar-politico-de-organismos-anquilosados-y-cosas-tristes\/","url":"https:\/\/www.sonoraenequipo.com.mx\/bazar-politico-de-organismos-anquilosados-y-cosas-tristes\/","name":"Sonora en Equipo. BAZAR POL\u00cdTICO. De organismos anquilosados y cosas tristes Voces","isPartOf":{"@id":"https:\/\/www.sonoraenequipo.com.mx\/#website"},"primaryImageOfPage":{"@id":"https:\/\/www.sonoraenequipo.com.mx\/bazar-politico-de-organismos-anquilosados-y-cosas-tristes\/#primaryimage"},"image":{"@id":"https:\/\/www.sonoraenequipo.com.mx\/bazar-politico-de-organismos-anquilosados-y-cosas-tristes\/#primaryimage"},"thumbnailUrl":"https:\/\/www.sonoraenequipo.com.mx\/storage\/2024\/10\/fas.jpg","datePublished":"2024-10-24T02:59:47+00:00","dateModified":"2024-10-24T17:15:12+00:00","description":"HERMOSILLO, SONORA, MX. \u2014 Desde su creaci\u00f3n en 2016 la Fiscal\u00eda anticorrupci\u00f3n de Sonora ha sido un elefante blanco nada se supo del trabajo de sus dos En Sonora en Equipo publicamos toda la informaci\u00f3n de Sonora, M\u00e9xico y el Mundo de manera oportuna y busca que la libertad de expresi\u00f3n sea real. Visita nuestro medio informativo publicado desde Hermosillo, Sonora. %","breadcrumb":{"@id":"https:\/\/www.sonoraenequipo.com.mx\/bazar-politico-de-organismos-anquilosados-y-cosas-tristes\/#breadcrumb"},"inLanguage":"es","potentialAction":[{"@type":"ReadAction","target":["https:\/\/www.sonoraenequipo.com.mx\/bazar-politico-de-organismos-anquilosados-y-cosas-tristes\/"]}]},{"@type":"ImageObject","inLanguage":"es","@id":"https:\/\/www.sonoraenequipo.com.mx\/bazar-politico-de-organismos-anquilosados-y-cosas-tristes\/#primaryimage","url":"https:\/\/www.sonoraenequipo.com.mx\/storage\/2024\/10\/fas.jpg","contentUrl":"https:\/\/www.sonoraenequipo.com.mx\/storage\/2024\/10\/fas.jpg","width":600,"height":435},{"@type":"BreadcrumbList","@id":"https:\/\/www.sonoraenequipo.com.mx\/bazar-politico-de-organismos-anquilosados-y-cosas-tristes\/#breadcrumb","itemListElement":[{"@type":"ListItem","position":1,"name":"Portada","item":"https:\/\/www.sonoraenequipo.com.mx\/"},{"@type":"ListItem","position":2,"name":"BAZAR POL\u00cdTICO. De organismos anquilosados y cosas tristes"}]},{"@type":"WebSite","@id":"https:\/\/www.sonoraenequipo.com.mx\/#website","url":"https:\/\/www.sonoraenequipo.com.mx\/","name":"Sonora en Equipo.","description":"Diario en l\u00ednea con Noticias desde Hermosillo, Sonora","publisher":{"@id":"https:\/\/www.sonoraenequipo.com.mx\/#organization"},"potentialAction":[{"@type":"SearchAction","target":{"@type":"EntryPoint","urlTemplate":"https:\/\/www.sonoraenequipo.com.mx\/?s={search_term_string}"},"query-input":{"@type":"PropertyValueSpecification","valueRequired":true,"valueName":"search_term_string"}}],"inLanguage":"es"},{"@type":"Organization","@id":"https:\/\/www.sonoraenequipo.com.mx\/#organization","name":"Sonoraenequipo.com.mx","url":"https:\/\/www.sonoraenequipo.com.mx\/","logo":{"@type":"ImageObject","inLanguage":"es","@id":"https:\/\/www.sonoraenequipo.com.mx\/#\/schema\/logo\/image\/","url":"https:\/\/www.sonoraenequipo.com.mx\/storage\/2019\/01\/sonoraenequipo_opt.png","contentUrl":"https:\/\/www.sonoraenequipo.com.mx\/storage\/2019\/01\/sonoraenequipo_opt.png","width":375,"height":125,"caption":"Sonoraenequipo.com.mx"},"image":{"@id":"https:\/\/www.sonoraenequipo.com.mx\/#\/schema\/logo\/image\/"},"sameAs":["https:\/\/www.facebook.com\/SonoraEE\/","https:\/\/x.com\/sonoraenequipo","https:\/\/www.youtube.com\/channel\/UC338nW-lPEYmJQs4ZABQ1SQ"]},{"@type":"Person","@id":"https:\/\/www.sonoraenequipo.com.mx\/#\/schema\/person\/fbd9952aca28efec00f1fb7fa9428cad","name":"Nacho Bandin","image":{"@type":"ImageObject","inLanguage":"es","@id":"https:\/\/www.sonoraenequipo.com.mx\/#\/schema\/person\/image\/","url":"https:\/\/secure.gravatar.com\/avatar\/aa8b9910cb9aca6bb907bea274a87d80d1290d00069310f251740e3ee0bf15f1?s=96&d=blank&r=g","contentUrl":"https:\/\/secure.gravatar.com\/avatar\/aa8b9910cb9aca6bb907bea274a87d80d1290d00069310f251740e3ee0bf15f1?s=96&d=blank&r=g","caption":"Nacho Bandin"},"sameAs":["http:\/\/sonoraenequipo.com.mx"]}]}},"jetpack_featured_media_url":"https:\/\/www.sonoraenequipo.com.mx\/storage\/2024\/10\/fas.jpg","_links":{"self":[{"href":"https:\/\/www.sonoraenequipo.com.mx\/api\/wp\/v2\/posts\/202452","targetHints":{"allow":["GET"]}}],"collection":[{"href":"https:\/\/www.sonoraenequipo.com.mx\/api\/wp\/v2\/posts"}],"about":[{"href":"https:\/\/www.sonoraenequipo.com.mx\/api\/wp\/v2\/types\/post"}],"author":[{"embeddable":true,"href":"https:\/\/www.sonoraenequipo.com.mx\/api\/wp\/v2\/users\/6"}],"replies":[{"embeddable":true,"href":"https:\/\/www.sonoraenequipo.com.mx\/api\/wp\/v2\/comments?post=202452"}],"version-history":[{"count":2,"href":"https:\/\/www.sonoraenequipo.com.mx\/api\/wp\/v2\/posts\/202452\/revisions"}],"predecessor-version":[{"id":202483,"href":"https:\/\/www.sonoraenequipo.com.mx\/api\/wp\/v2\/posts\/202452\/revisions\/202483"}],"wp:featuredmedia":[{"embeddable":true,"href":"https:\/\/www.sonoraenequipo.com.mx\/api\/wp\/v2\/media\/202456"}],"wp:attachment":[{"href":"https:\/\/www.sonoraenequipo.com.mx\/api\/wp\/v2\/media?parent=202452"}],"wp:term":[{"taxonomy":"category","embeddable":true,"href":"https:\/\/www.sonoraenequipo.com.mx\/api\/wp\/v2\/categories?post=202452"},{"taxonomy":"post_tag","embeddable":true,"href":"https:\/\/www.sonoraenequipo.com.mx\/api\/wp\/v2\/tags?post=202452"}],"curies":[{"name":"wp","href":"https:\/\/api.w.org\/{rel}","templated":true}]}}