{"id":202457,"date":"2024-10-23T21:10:56","date_gmt":"2024-10-24T04:10:56","guid":{"rendered":"https:\/\/www.sonoraenequipo.com.mx\/?p=202457"},"modified":"2024-10-23T21:15:00","modified_gmt":"2024-10-24T04:15:00","slug":"celebra-gobierno-de-sonora-40-anos-de-la-integracion-de-su-archivo-historico-con-la-declaratoria-de-patrimonio-documental-de-caborca","status":"publish","type":"post","link":"https:\/\/www.sonoraenequipo.com.mx\/celebra-gobierno-de-sonora-40-anos-de-la-integracion-de-su-archivo-historico-con-la-declaratoria-de-patrimonio-documental-de-caborca\/","title":{"rendered":"Celebra Gobierno de Sonora 40 a\u00f1os de la integraci\u00f3n de su Archivo Hist\u00f3rico."},"content":{"rendered":"<p><strong>HERMOSILLO, SONORA. MX. \u2014&nbsp;<\/strong> El Archivo Hist\u00f3rico de Sonora resguarda la memoria colectiva de las y los sonorenses, preservando documentos que no solo narran el pasado, sino que tambi\u00e9n son pilares del presente y futuro de la entidad; testigos del desarrollo del estado y fundamentales para mantener viva su identidad cultural, destac\u00f3 Ricardo Araiza Celaya, subsecretario de Servicios de Gobierno en el marco del 40 aniversario del Archivo del Estado.<\/p>\n<p>&nbsp;<\/p>\n<p>&nbsp;<\/p>\n<p> <\/p>\n<p>En representaci\u00f3n del secretario de Gobierno, Adolfo Salazar Razo, y acompa\u00f1ado por Juan Carlos Holgu\u00edn Balderrama, director general del Bolet\u00edn Oficial y Archivo del Estado, Omar del Valle Colosio, presidente del Congreso y Abraham Mier Nogales, presidente municipal de Caborca, Araiza Celaya destac\u00f3 que el gobernador Alfonso Durazo Monta\u00f1o firm\u00f3 la declaratoria de patrimonio documental de 298 documentos hist\u00f3ricos de Caborca, que abarcan desde 1827 hasta 1964, con un valor evidencial, testimonial y de archivo.<\/p>\n<p>&nbsp;<\/p>\n<p>&nbsp;<\/p>\n<p><strong><em>\u201cEl se\u00f1or gobernador Alfonso Durazo y el secretario de Gobierno firmaron ya para que se publique en el Bolet\u00edn Oficial del Estado la primera declaratoria mediante la cual se declara como patrimonio documental del Estado de Sonora el acervo de archivo de Caborca, aqu\u00ed est\u00e1, estar\u00e1 publicado el d\u00eda de hoy en una edici\u00f3n especial esta primera declaratoria que contiene los 298 documentos del municipio de Caborca\u201d<\/em><\/strong>, se\u00f1al\u00f3 Araiza Celaya.<\/p>\n<p>&nbsp;<\/p>\n<p>&nbsp;<\/p>\n<p>&nbsp;<\/p>\n<p>Durante el evento, se entreg\u00f3 un reconocimiento especial a Patricia R\u00edos Garc\u00eda por su destacada trayectoria en el \u00e1mbito archiv\u00edstico. Tambi\u00e9n se otorgaron reconocimientos al m\u00e9rito archiv\u00edstico a diversas instituciones y sujetos obligados del estado, entre ellos el Congreso del Estado, la Universidad de Sonora, el Poder Judicial del Estado, Sutspes, la Junta Local de Caminos, SEC, CEDH, CEA, el Colegio de Sonora, la Arquidi\u00f3cesis de Hermosillo, as\u00ed como a los municipios de Cajeme, Caborca, Hermosillo y Navojoa.<\/p>\n<p>&nbsp;<\/p>\n<p>&nbsp;<\/p>\n<p>&nbsp;<\/p>\n<p>PUBLICADO EL 23 DE OCTUBRE DE 2024 Con informaci\u00f3n de GOBSON 1024\/158)<\/p>\n","protected":false},"excerpt":{"rendered":"<p>HERMOSILLO, SONORA. MX. \u2014&nbsp; El Archivo Hist\u00f3rico de Sonora resguarda la memoria colectiva de las&#8230;<\/p>\n","protected":false},"author":1,"featured_media":202459,"comment_status":"open","ping_status":"open","sticky":false,"template":"","format":"standard","meta":{"_monsterinsights_skip_tracking":false,"_monsterinsights_sitenote_active":false,"_monsterinsights_sitenote_note":"","_monsterinsights_sitenote_category":0,"footnotes":""},"categories":[22],"tags":[],"class_list":["post"],"yoast_head":" \n<title>Sonora en Equipo. Celebra Gobierno de Sonora 40 a\u00f1os de la integraci\u00f3n de su Archivo Hist\u00f3rico. Sonora<\/title>\n<meta name=\"description\" content=\"HERMOSILLO, SONORA. MX. \u2014&nbsp; El Archivo Hist\u00f3rico de Sonora resguarda la memoria colectiva de las y los sonorenses, preservando documentos que no solo En Sonora en Equipo publicamos toda la informaci\u00f3n de Sonora, M\u00e9xico y el Mundo de manera oportuna y busca que la libertad de expresi\u00f3n sea real. Visita nuestro medio informativo publicado desde Hermosillo, Sonora. %\" \/>\n<meta name=\"robots\" content=\"index, follow, max-snippet:-1, max-image-preview:large, max-video-preview:-1\" \/>\n<link rel=\"canonical\" href=\"https:\/\/www.sonoraenequipo.com.mx\/celebra-gobierno-de-sonora-40-anos-de-la-integracion-de-su-archivo-historico-con-la-declaratoria-de-patrimonio-documental-de-caborca\/\" \/>\n<meta property=\"og:locale\" content=\"es_ES\" \/>\n<meta property=\"og:type\" content=\"article\" \/>\n<meta property=\"og:title\" content=\"Sonora en Equipo. Celebra Gobierno de Sonora 40 a\u00f1os de la integraci\u00f3n de su Archivo Hist\u00f3rico. Sonora\" \/>\n<meta property=\"og:description\" content=\"HERMOSILLO, SONORA. MX. \u2014&nbsp; El Archivo Hist\u00f3rico de Sonora resguarda la memoria colectiva de las y los sonorenses, preservando documentos que no solo En Sonora en Equipo publicamos toda la informaci\u00f3n de Sonora, M\u00e9xico y el Mundo de manera oportuna y busca que la libertad de expresi\u00f3n sea real. Visita nuestro medio informativo publicado desde Hermosillo, Sonora. %\" \/>\n<meta property=\"og:url\" content=\"https:\/\/www.sonoraenequipo.com.mx\/celebra-gobierno-de-sonora-40-anos-de-la-integracion-de-su-archivo-historico-con-la-declaratoria-de-patrimonio-documental-de-caborca\/\" \/>\n<meta property=\"og:site_name\" content=\"Sonora en Equipo.\" \/>\n<meta property=\"article:publisher\" content=\"https:\/\/www.facebook.com\/SonoraEE\/\" \/>\n<meta property=\"article:author\" content=\"https:\/\/www.facebook.com\/SonoraEE\" \/>\n<meta property=\"article:published_time\" content=\"2024-10-24T04:10:56+00:00\" \/>\n<meta property=\"article:modified_time\" content=\"2024-10-24T04:15:00+00:00\" \/>\n<meta property=\"og:image\" content=\"https:\/\/www.sonoraenequipo.com.mx\/storage\/2024\/10\/archivo-historico-de-Sonora-min.jpg\" \/>\n\t<meta property=\"og:image:width\" content=\"900\" \/>\n\t<meta property=\"og:image:height\" content=\"600\" \/>\n\t<meta property=\"og:image:type\" content=\"image\/jpeg\" \/>\n<meta name=\"author\" content=\"enequipo\" \/>\n<meta name=\"twitter:card\" content=\"summary_large_image\" \/>\n<meta name=\"twitter:creator\" content=\"@sonoraenequipo\" \/>\n<meta name=\"twitter:site\" content=\"@sonoraenequipo\" \/>\n<meta name=\"twitter:label1\" content=\"Escrito por\" \/>\n\t<meta name=\"twitter:data1\" content=\"enequipo\" \/>\n\t<meta name=\"twitter:label2\" content=\"Tiempo de lectura\" \/>\n\t<meta name=\"twitter:data2\" content=\"2 minutos\" \/>\n<script type=\"application\/ld+json\" class=\"yoast-schema-graph\">{\"@context\":\"https:\/\/schema.org\",\"@graph\":[{\"@type\":\"Article\",\"@id\":\"https:\/\/www.sonoraenequipo.com.mx\/celebra-gobierno-de-sonora-40-anos-de-la-integracion-de-su-archivo-historico-con-la-declaratoria-de-patrimonio-documental-de-caborca\/#article\",\"isPartOf\":{\"@id\":\"https:\/\/www.sonoraenequipo.com.mx\/celebra-gobierno-de-sonora-40-anos-de-la-integracion-de-su-archivo-historico-con-la-declaratoria-de-patrimonio-documental-de-caborca\/\"},\"author\":{\"name\":\"enequipo\",\"@id\":\"https:\/\/www.sonoraenequipo.com.mx\/#\/schema\/person\/50102df0fb23a8fa9e8effad8fa81386\"},\"headline\":\"Celebra Gobierno de Sonora 40 a\u00f1os de la integraci\u00f3n de su Archivo Hist\u00f3rico.\",\"datePublished\":\"2024-10-24T04:10:56+00:00\",\"dateModified\":\"2024-10-24T04:15:00+00:00\",\"mainEntityOfPage\":{\"@id\":\"https:\/\/www.sonoraenequipo.com.mx\/celebra-gobierno-de-sonora-40-anos-de-la-integracion-de-su-archivo-historico-con-la-declaratoria-de-patrimonio-documental-de-caborca\/\"},\"wordCount\":343,\"commentCount\":0,\"publisher\":{\"@id\":\"https:\/\/www.sonoraenequipo.com.mx\/#organization\"},\"image\":{\"@id\":\"https:\/\/www.sonoraenequipo.com.mx\/celebra-gobierno-de-sonora-40-anos-de-la-integracion-de-su-archivo-historico-con-la-declaratoria-de-patrimonio-documental-de-caborca\/#primaryimage\"},\"thumbnailUrl\":\"https:\/\/www.sonoraenequipo.com.mx\/storage\/2024\/10\/archivo-historico-de-Sonora-min.jpg\",\"articleSection\":[\"Sonora\"],\"inLanguage\":\"es\",\"potentialAction\":[{\"@type\":\"CommentAction\",\"name\":\"Comment\",\"target\":[\"https:\/\/www.sonoraenequipo.com.mx\/celebra-gobierno-de-sonora-40-anos-de-la-integracion-de-su-archivo-historico-con-la-declaratoria-de-patrimonio-documental-de-caborca\/#respond\"]}]},{\"@type\":\"WebPage\",\"@id\":\"https:\/\/www.sonoraenequipo.com.mx\/celebra-gobierno-de-sonora-40-anos-de-la-integracion-de-su-archivo-historico-con-la-declaratoria-de-patrimonio-documental-de-caborca\/\",\"url\":\"https:\/\/www.sonoraenequipo.com.mx\/celebra-gobierno-de-sonora-40-anos-de-la-integracion-de-su-archivo-historico-con-la-declaratoria-de-patrimonio-documental-de-caborca\/\",\"name\":\"Sonora en Equipo. Celebra Gobierno de Sonora 40 a\u00f1os de la integraci\u00f3n de su Archivo Hist\u00f3rico. Sonora\",\"isPartOf\":{\"@id\":\"https:\/\/www.sonoraenequipo.com.mx\/#website\"},\"primaryImageOfPage\":{\"@id\":\"https:\/\/www.sonoraenequipo.com.mx\/celebra-gobierno-de-sonora-40-anos-de-la-integracion-de-su-archivo-historico-con-la-declaratoria-de-patrimonio-documental-de-caborca\/#primaryimage\"},\"image\":{\"@id\":\"https:\/\/www.sonoraenequipo.com.mx\/celebra-gobierno-de-sonora-40-anos-de-la-integracion-de-su-archivo-historico-con-la-declaratoria-de-patrimonio-documental-de-caborca\/#primaryimage\"},\"thumbnailUrl\":\"https:\/\/www.sonoraenequipo.com.mx\/storage\/2024\/10\/archivo-historico-de-Sonora-min.jpg\",\"datePublished\":\"2024-10-24T04:10:56+00:00\",\"dateModified\":\"2024-10-24T04:15:00+00:00\",\"description\":\"HERMOSILLO, SONORA. MX. \u2014&nbsp; El Archivo Hist\u00f3rico de Sonora resguarda la memoria colectiva de las y los sonorenses, preservando documentos que no solo En Sonora en Equipo publicamos toda la informaci\u00f3n de Sonora, M\u00e9xico y el Mundo de manera oportuna y busca que la libertad de expresi\u00f3n sea real. Visita nuestro medio informativo publicado desde Hermosillo, Sonora. %\",\"breadcrumb\":{\"@id\":\"https:\/\/www.sonoraenequipo.com.mx\/celebra-gobierno-de-sonora-40-anos-de-la-integracion-de-su-archivo-historico-con-la-declaratoria-de-patrimonio-documental-de-caborca\/#breadcrumb\"},\"inLanguage\":\"es\",\"potentialAction\":[{\"@type\":\"ReadAction\",\"target\":[\"https:\/\/www.sonoraenequipo.com.mx\/celebra-gobierno-de-sonora-40-anos-de-la-integracion-de-su-archivo-historico-con-la-declaratoria-de-patrimonio-documental-de-caborca\/\"]}]},{\"@type\":\"ImageObject\",\"inLanguage\":\"es\",\"@id\":\"https:\/\/www.sonoraenequipo.com.mx\/celebra-gobierno-de-sonora-40-anos-de-la-integracion-de-su-archivo-historico-con-la-declaratoria-de-patrimonio-documental-de-caborca\/#primaryimage\",\"url\":\"https:\/\/www.sonoraenequipo.com.mx\/storage\/2024\/10\/archivo-historico-de-Sonora-min.jpg\",\"contentUrl\":\"https:\/\/www.sonoraenequipo.com.mx\/storage\/2024\/10\/archivo-historico-de-Sonora-min.jpg\",\"width\":900,\"height\":600},{\"@type\":\"BreadcrumbList\",\"@id\":\"https:\/\/www.sonoraenequipo.com.mx\/celebra-gobierno-de-sonora-40-anos-de-la-integracion-de-su-archivo-historico-con-la-declaratoria-de-patrimonio-documental-de-caborca\/#breadcrumb\",\"itemListElement\":[{\"@type\":\"ListItem\",\"position\":1,\"name\":\"Portada\",\"item\":\"https:\/\/www.sonoraenequipo.com.mx\/\"},{\"@type\":\"ListItem\",\"position\":2,\"name\":\"Celebra Gobierno de Sonora 40 a\u00f1os de la integraci\u00f3n de su Archivo Hist\u00f3rico.\"}]},{\"@type\":\"WebSite\",\"@id\":\"https:\/\/www.sonoraenequipo.com.mx\/#website\",\"url\":\"https:\/\/www.sonoraenequipo.com.mx\/\",\"name\":\"Sonora en Equipo.\",\"description\":\"Diario en l\u00ednea con Noticias desde Hermosillo, Sonora\",\"publisher\":{\"@id\":\"https:\/\/www.sonoraenequipo.com.mx\/#organization\"},\"potentialAction\":[{\"@type\":\"SearchAction\",\"target\":{\"@type\":\"EntryPoint\",\"urlTemplate\":\"https:\/\/www.sonoraenequipo.com.mx\/?s={search_term_string}\"},\"query-input\":{\"@type\":\"PropertyValueSpecification\",\"valueRequired\":true,\"valueName\":\"search_term_string\"}}],\"inLanguage\":\"es\"},{\"@type\":\"Organization\",\"@id\":\"https:\/\/www.sonoraenequipo.com.mx\/#organization\",\"name\":\"Sonoraenequipo.com.mx\",\"url\":\"https:\/\/www.sonoraenequipo.com.mx\/\",\"logo\":{\"@type\":\"ImageObject\",\"inLanguage\":\"es\",\"@id\":\"https:\/\/www.sonoraenequipo.com.mx\/#\/schema\/logo\/image\/\",\"url\":\"https:\/\/www.sonoraenequipo.com.mx\/storage\/2019\/01\/sonoraenequipo_opt.png\",\"contentUrl\":\"https:\/\/www.sonoraenequipo.com.mx\/storage\/2019\/01\/sonoraenequipo_opt.png\",\"width\":375,\"height\":125,\"caption\":\"Sonoraenequipo.com.mx\"},\"image\":{\"@id\":\"https:\/\/www.sonoraenequipo.com.mx\/#\/schema\/logo\/image\/\"},\"sameAs\":[\"https:\/\/www.facebook.com\/SonoraEE\/\",\"https:\/\/x.com\/sonoraenequipo\",\"https:\/\/www.youtube.com\/channel\/UC338nW-lPEYmJQs4ZABQ1SQ\"]},{\"@type\":\"Person\",\"@id\":\"https:\/\/www.sonoraenequipo.com.mx\/#\/schema\/person\/50102df0fb23a8fa9e8effad8fa81386\",\"name\":\"enequipo\",\"image\":{\"@type\":\"ImageObject\",\"inLanguage\":\"es\",\"@id\":\"https:\/\/www.sonoraenequipo.com.mx\/#\/schema\/person\/image\/\",\"url\":\"https:\/\/secure.gravatar.com\/avatar\/049821681b589dabc0bc20695993ccebb09f5b5d4d790cd9251b97faac7c652b?s=96&d=blank&r=g\",\"contentUrl\":\"https:\/\/secure.gravatar.com\/avatar\/049821681b589dabc0bc20695993ccebb09f5b5d4d790cd9251b97faac7c652b?s=96&d=blank&r=g\",\"caption\":\"enequipo\"},\"sameAs\":[\"https:\/\/www.facebook.com\/SonoraEE\"]}]}<\/script>\n ","yoast_head_json":{"title":"Sonora en Equipo. Celebra Gobierno de Sonora 40 a\u00f1os de la integraci\u00f3n de su Archivo Hist\u00f3rico. Sonora","description":"HERMOSILLO, SONORA. MX. \u2014&nbsp; El Archivo Hist\u00f3rico de Sonora resguarda la memoria colectiva de las y los sonorenses, preservando documentos que no solo En Sonora en Equipo publicamos toda la informaci\u00f3n de Sonora, M\u00e9xico y el Mundo de manera oportuna y busca que la libertad de expresi\u00f3n sea real. Visita nuestro medio informativo publicado desde Hermosillo, Sonora. %","robots":{"index":"index","follow":"follow","max-snippet":"max-snippet:-1","max-image-preview":"max-image-preview:large","max-video-preview":"max-video-preview:-1"},"canonical":"https:\/\/www.sonoraenequipo.com.mx\/celebra-gobierno-de-sonora-40-anos-de-la-integracion-de-su-archivo-historico-con-la-declaratoria-de-patrimonio-documental-de-caborca\/","og_locale":"es_ES","og_type":"article","og_title":"Sonora en Equipo. Celebra Gobierno de Sonora 40 a\u00f1os de la integraci\u00f3n de su Archivo Hist\u00f3rico. Sonora","og_description":"HERMOSILLO, SONORA. MX. \u2014&nbsp; El Archivo Hist\u00f3rico de Sonora resguarda la memoria colectiva de las y los sonorenses, preservando documentos que no solo En Sonora en Equipo publicamos toda la informaci\u00f3n de Sonora, M\u00e9xico y el Mundo de manera oportuna y busca que la libertad de expresi\u00f3n sea real. Visita nuestro medio informativo publicado desde Hermosillo, Sonora. %","og_url":"https:\/\/www.sonoraenequipo.com.mx\/celebra-gobierno-de-sonora-40-anos-de-la-integracion-de-su-archivo-historico-con-la-declaratoria-de-patrimonio-documental-de-caborca\/","og_site_name":"Sonora en Equipo.","article_publisher":"https:\/\/www.facebook.com\/SonoraEE\/","article_author":"https:\/\/www.facebook.com\/SonoraEE","article_published_time":"2024-10-24T04:10:56+00:00","article_modified_time":"2024-10-24T04:15:00+00:00","og_image":[{"width":900,"height":600,"url":"https:\/\/www.sonoraenequipo.com.mx\/storage\/2024\/10\/archivo-historico-de-Sonora-min.jpg","type":"image\/jpeg"}],"author":"enequipo","twitter_card":"summary_large_image","twitter_creator":"@sonoraenequipo","twitter_site":"@sonoraenequipo","twitter_misc":{"Escrito por":"enequipo","Tiempo de lectura":"2 minutos"},"schema":{"@context":"https:\/\/schema.org","@graph":[{"@type":"Article","@id":"https:\/\/www.sonoraenequipo.com.mx\/celebra-gobierno-de-sonora-40-anos-de-la-integracion-de-su-archivo-historico-con-la-declaratoria-de-patrimonio-documental-de-caborca\/#article","isPartOf":{"@id":"https:\/\/www.sonoraenequipo.com.mx\/celebra-gobierno-de-sonora-40-anos-de-la-integracion-de-su-archivo-historico-con-la-declaratoria-de-patrimonio-documental-de-caborca\/"},"author":{"name":"enequipo","@id":"https:\/\/www.sonoraenequipo.com.mx\/#\/schema\/person\/50102df0fb23a8fa9e8effad8fa81386"},"headline":"Celebra Gobierno de Sonora 40 a\u00f1os de la integraci\u00f3n de su Archivo Hist\u00f3rico.","datePublished":"2024-10-24T04:10:56+00:00","dateModified":"2024-10-24T04:15:00+00:00","mainEntityOfPage":{"@id":"https:\/\/www.sonoraenequipo.com.mx\/celebra-gobierno-de-sonora-40-anos-de-la-integracion-de-su-archivo-historico-con-la-declaratoria-de-patrimonio-documental-de-caborca\/"},"wordCount":343,"commentCount":0,"publisher":{"@id":"https:\/\/www.sonoraenequipo.com.mx\/#organization"},"image":{"@id":"https:\/\/www.sonoraenequipo.com.mx\/celebra-gobierno-de-sonora-40-anos-de-la-integracion-de-su-archivo-historico-con-la-declaratoria-de-patrimonio-documental-de-caborca\/#primaryimage"},"thumbnailUrl":"https:\/\/www.sonoraenequipo.com.mx\/storage\/2024\/10\/archivo-historico-de-Sonora-min.jpg","articleSection":["Sonora"],"inLanguage":"es","potentialAction":[{"@type":"CommentAction","name":"Comment","target":["https:\/\/www.sonoraenequipo.com.mx\/celebra-gobierno-de-sonora-40-anos-de-la-integracion-de-su-archivo-historico-con-la-declaratoria-de-patrimonio-documental-de-caborca\/#respond"]}]},{"@type":"WebPage","@id":"https:\/\/www.sonoraenequipo.com.mx\/celebra-gobierno-de-sonora-40-anos-de-la-integracion-de-su-archivo-historico-con-la-declaratoria-de-patrimonio-documental-de-caborca\/","url":"https:\/\/www.sonoraenequipo.com.mx\/celebra-gobierno-de-sonora-40-anos-de-la-integracion-de-su-archivo-historico-con-la-declaratoria-de-patrimonio-documental-de-caborca\/","name":"Sonora en Equipo. Celebra Gobierno de Sonora 40 a\u00f1os de la integraci\u00f3n de su Archivo Hist\u00f3rico. Sonora","isPartOf":{"@id":"https:\/\/www.sonoraenequipo.com.mx\/#website"},"primaryImageOfPage":{"@id":"https:\/\/www.sonoraenequipo.com.mx\/celebra-gobierno-de-sonora-40-anos-de-la-integracion-de-su-archivo-historico-con-la-declaratoria-de-patrimonio-documental-de-caborca\/#primaryimage"},"image":{"@id":"https:\/\/www.sonoraenequipo.com.mx\/celebra-gobierno-de-sonora-40-anos-de-la-integracion-de-su-archivo-historico-con-la-declaratoria-de-patrimonio-documental-de-caborca\/#primaryimage"},"thumbnailUrl":"https:\/\/www.sonoraenequipo.com.mx\/storage\/2024\/10\/archivo-historico-de-Sonora-min.jpg","datePublished":"2024-10-24T04:10:56+00:00","dateModified":"2024-10-24T04:15:00+00:00","description":"HERMOSILLO, SONORA. MX. \u2014&nbsp; El Archivo Hist\u00f3rico de Sonora resguarda la memoria colectiva de las y los sonorenses, preservando documentos que no solo En Sonora en Equipo publicamos toda la informaci\u00f3n de Sonora, M\u00e9xico y el Mundo de manera oportuna y busca que la libertad de expresi\u00f3n sea real. Visita nuestro medio informativo publicado desde Hermosillo, Sonora. %","breadcrumb":{"@id":"https:\/\/www.sonoraenequipo.com.mx\/celebra-gobierno-de-sonora-40-anos-de-la-integracion-de-su-archivo-historico-con-la-declaratoria-de-patrimonio-documental-de-caborca\/#breadcrumb"},"inLanguage":"es","potentialAction":[{"@type":"ReadAction","target":["https:\/\/www.sonoraenequipo.com.mx\/celebra-gobierno-de-sonora-40-anos-de-la-integracion-de-su-archivo-historico-con-la-declaratoria-de-patrimonio-documental-de-caborca\/"]}]},{"@type":"ImageObject","inLanguage":"es","@id":"https:\/\/www.sonoraenequipo.com.mx\/celebra-gobierno-de-sonora-40-anos-de-la-integracion-de-su-archivo-historico-con-la-declaratoria-de-patrimonio-documental-de-caborca\/#primaryimage","url":"https:\/\/www.sonoraenequipo.com.mx\/storage\/2024\/10\/archivo-historico-de-Sonora-min.jpg","contentUrl":"https:\/\/www.sonoraenequipo.com.mx\/storage\/2024\/10\/archivo-historico-de-Sonora-min.jpg","width":900,"height":600},{"@type":"BreadcrumbList","@id":"https:\/\/www.sonoraenequipo.com.mx\/celebra-gobierno-de-sonora-40-anos-de-la-integracion-de-su-archivo-historico-con-la-declaratoria-de-patrimonio-documental-de-caborca\/#breadcrumb","itemListElement":[{"@type":"ListItem","position":1,"name":"Portada","item":"https:\/\/www.sonoraenequipo.com.mx\/"},{"@type":"ListItem","position":2,"name":"Celebra Gobierno de Sonora 40 a\u00f1os de la integraci\u00f3n de su Archivo Hist\u00f3rico."}]},{"@type":"WebSite","@id":"https:\/\/www.sonoraenequipo.com.mx\/#website","url":"https:\/\/www.sonoraenequipo.com.mx\/","name":"Sonora en Equipo.","description":"Diario en l\u00ednea con Noticias desde Hermosillo, Sonora","publisher":{"@id":"https:\/\/www.sonoraenequipo.com.mx\/#organization"},"potentialAction":[{"@type":"SearchAction","target":{"@type":"EntryPoint","urlTemplate":"https:\/\/www.sonoraenequipo.com.mx\/?s={search_term_string}"},"query-input":{"@type":"PropertyValueSpecification","valueRequired":true,"valueName":"search_term_string"}}],"inLanguage":"es"},{"@type":"Organization","@id":"https:\/\/www.sonoraenequipo.com.mx\/#organization","name":"Sonoraenequipo.com.mx","url":"https:\/\/www.sonoraenequipo.com.mx\/","logo":{"@type":"ImageObject","inLanguage":"es","@id":"https:\/\/www.sonoraenequipo.com.mx\/#\/schema\/logo\/image\/","url":"https:\/\/www.sonoraenequipo.com.mx\/storage\/2019\/01\/sonoraenequipo_opt.png","contentUrl":"https:\/\/www.sonoraenequipo.com.mx\/storage\/2019\/01\/sonoraenequipo_opt.png","width":375,"height":125,"caption":"Sonoraenequipo.com.mx"},"image":{"@id":"https:\/\/www.sonoraenequipo.com.mx\/#\/schema\/logo\/image\/"},"sameAs":["https:\/\/www.facebook.com\/SonoraEE\/","https:\/\/x.com\/sonoraenequipo","https:\/\/www.youtube.com\/channel\/UC338nW-lPEYmJQs4ZABQ1SQ"]},{"@type":"Person","@id":"https:\/\/www.sonoraenequipo.com.mx\/#\/schema\/person\/50102df0fb23a8fa9e8effad8fa81386","name":"enequipo","image":{"@type":"ImageObject","inLanguage":"es","@id":"https:\/\/www.sonoraenequipo.com.mx\/#\/schema\/person\/image\/","url":"https:\/\/secure.gravatar.com\/avatar\/049821681b589dabc0bc20695993ccebb09f5b5d4d790cd9251b97faac7c652b?s=96&d=blank&r=g","contentUrl":"https:\/\/secure.gravatar.com\/avatar\/049821681b589dabc0bc20695993ccebb09f5b5d4d790cd9251b97faac7c652b?s=96&d=blank&r=g","caption":"enequipo"},"sameAs":["https:\/\/www.facebook.com\/SonoraEE"]}]}},"jetpack_featured_media_url":"https:\/\/www.sonoraenequipo.com.mx\/storage\/2024\/10\/archivo-historico-de-Sonora-min.jpg","_links":{"self":[{"href":"https:\/\/www.sonoraenequipo.com.mx\/api\/wp\/v2\/posts\/202457","targetHints":{"allow":["GET"]}}],"collection":[{"href":"https:\/\/www.sonoraenequipo.com.mx\/api\/wp\/v2\/posts"}],"about":[{"href":"https:\/\/www.sonoraenequipo.com.mx\/api\/wp\/v2\/types\/post"}],"author":[{"embeddable":true,"href":"https:\/\/www.sonoraenequipo.com.mx\/api\/wp\/v2\/users\/1"}],"replies":[{"embeddable":true,"href":"https:\/\/www.sonoraenequipo.com.mx\/api\/wp\/v2\/comments?post=202457"}],"version-history":[{"count":2,"href":"https:\/\/www.sonoraenequipo.com.mx\/api\/wp\/v2\/posts\/202457\/revisions"}],"predecessor-version":[{"id":202462,"href":"https:\/\/www.sonoraenequipo.com.mx\/api\/wp\/v2\/posts\/202457\/revisions\/202462"}],"wp:featuredmedia":[{"embeddable":true,"href":"https:\/\/www.sonoraenequipo.com.mx\/api\/wp\/v2\/media\/202459"}],"wp:attachment":[{"href":"https:\/\/www.sonoraenequipo.com.mx\/api\/wp\/v2\/media?parent=202457"}],"wp:term":[{"taxonomy":"category","embeddable":true,"href":"https:\/\/www.sonoraenequipo.com.mx\/api\/wp\/v2\/categories?post=202457"},{"taxonomy":"post_tag","embeddable":true,"href":"https:\/\/www.sonoraenequipo.com.mx\/api\/wp\/v2\/tags?post=202457"}],"curies":[{"name":"wp","href":"https:\/\/api.w.org\/{rel}","templated":true}]}}