{"id":202493,"date":"2024-10-24T12:18:36","date_gmt":"2024-10-24T19:18:36","guid":{"rendered":"https:\/\/www.sonoraenequipo.com.mx\/?p=202493"},"modified":"2024-10-24T12:18:36","modified_gmt":"2024-10-24T19:18:36","slug":"claudia-sheinbaum-celebra-resolucion-del-tepjf-para-dar-continuidad-a-la-eleccion-en-el-poder-judicial","status":"publish","type":"post","link":"https:\/\/www.sonoraenequipo.com.mx\/claudia-sheinbaum-celebra-resolucion-del-tepjf-para-dar-continuidad-a-la-eleccion-en-el-poder-judicial\/","title":{"rendered":"Claudia Sheinbaum celebra resoluci\u00f3n del TEPJF para dar continuidad a la elecci\u00f3n en el \u00a0poder judicial"},"content":{"rendered":"<p><strong>HERMOSILLO, SONORA, MX.<\/strong> \u2014 La Presidenta \u00a0Claudia Sheinbaum Pardo, celebr\u00f3 que la elecci\u00f3n de jueces, juezas, magistrados, magistradas, ministros y ministras del Poder Judicial ser\u00e1 una realidad, tras la resoluci\u00f3n del Tribunal Electoral del Poder Judicial de la Federaci\u00f3n (TEPJF) de declarar viable el proceso electoral que organiza el Instituto Nacional Electoral (INE).<\/p>\n<p>&nbsp;<\/p>\n<p>\u201cContinua la elecci\u00f3n, que no hay nada que la pueda detener, porque ya hay una resoluci\u00f3n del Tribunal Electoral y el propio Instituto Nacional Electoral ya emiti\u00f3 un comunicado; habr\u00e1 consejeros que respondan a intereses del Prian o a otros intereses, pero hay reforma constitucional, hay reconocimiento del tribunal de que tiene que continuar la elecci\u00f3n, y el INE un comunicado que dice: \u2018La elecci\u00f3n a jueces magistrados y ministros, a personas juzgadoras, va\u2019. La elecci\u00f3n va, es voluntad del pueblo de M\u00e9xico\u201d, manifest\u00f3 durante la conferencia matutina \u201cLas ma\u00f1aneras del pueblo\u201d.<\/p>\n<p>&nbsp;<\/p>\n<p>&nbsp;<\/p>\n<p>Asever\u00f3 que la resoluci\u00f3n del TEPJF aclara que la Suprema Corte de Justicia de la Naci\u00f3n (SCJN) no tiene inter\u00e9s jur\u00eddico sobre procesos electorales, lo que brinda certeza al pueblo de M\u00e9xico de que durante este proceso de insaculaci\u00f3n se abrir\u00e1 paso a un Poder Judicial completamente nuevo y transparente.<\/p>\n<p>&nbsp;<\/p>\n<p>\u201cEn el momento en el que el Poder Judicial lo elige la ciudadan\u00eda, pues vamos a tener un mejor Estado de derecho, es algo de aplaudirse. Va a ser mejor el Poder Judicial \u2014el que tengamos a partir de septiembre\u2014 que lo que tenemos ahora, donde hay jueces, juezas que, por defender un inter\u00e9s, violan de manera p\u00fablica y notoria una ley. Entonces, estamos construyendo un mejor pa\u00eds y eso es fruto de la conciencia del pueblo de M\u00e9xico y de que hoy los legisladores, legisladoras y la Presidenta tenemos un mandato popular que respetamos. Entonces, es un buen momento para M\u00e9xico\u201d.<\/p>\n<p>&nbsp;<\/p>\n<p>\u201cEntonces ahora no va a depender de un juez, de una jueza, de un grupito o de un magistrado o de un ministro o una ministra, del presidente de la Rep\u00fablica, de la presidenta o del Senado; va a valer lo mismo para elegir a un juez el voto de la persona m\u00e1s adinerada que de la persona m\u00e1s humilde; y el juez o la jueza \u00bfa qui\u00e9n le va a responder? Al pueblo, lo que queremos es que se acabe con la corrupci\u00f3n\u201d, agreg\u00f3.<\/p>\n<p>&nbsp;<\/p>\n<p>&nbsp;<\/p>\n<p>Adem\u00e1s, reiter\u00f3 a las y los trabajadores del Poder Judicial que con la reforma constitucional todos sus derechos laborales est\u00e1n a salvo, puesto que esto es parte de uno de los art\u00edculos transitorios; esto, luego de reconocer al Consejo de la Judicatura Federal por ordenar a los trabajadores regresar a sus labores, lo que fue acatado por la Asociaci\u00f3n Nacional de Magistrados de Circuito y Jueces de Distrito del Poder Judicial de la Federaci\u00f3n, quienes definieron que el pr\u00f3ximo 28 de octubre se reanudan actividades en las dependencias encargadas de la impartici\u00f3n de justicia.<\/p>\n<p>&nbsp;<\/p>\n<p>\u201cQu\u00e9 bueno, y no es por el gobierno, no es por la Presidenta, qu\u00e9 bueno por el pueblo, ahora espero que no empiecen los sabadazos otra vez, pero qu\u00e9 bueno que regresan a trabajar, porque lo que no pod\u00eda ser era este paro cobrando, adem\u00e1s, su salario.\u201d<\/p>\n<p>&nbsp;<\/p>\n<p>Enfatiz\u00f3 que la reforma constitucional del Poder Judicial no ser\u00e1 eliminada del Diario Oficial de la Federaci\u00f3n (DOF), pues record\u00f3 que la jueza que ordena esto est\u00e1 traspasando sus funciones y viola el art\u00edculo 61 de la Ley de Amparo y el art\u00edculo s\u00e9ptimo bis fracci\u00f3n II de la Ley del Diario Oficial de la Federaci\u00f3n y Gacetas Gubernamentales, el cual establece que sus publicaciones no pueden ser alteradas.<\/p>\n<p>&nbsp;<\/p>\n<p>&nbsp;<\/p>\n<p>\u201cEl Diario Oficial de la Federaci\u00f3n tiene una ley, no es que las personas decidan por voluntad propia qu\u00e9 hacen o qu\u00e9 no hacen, y en el art\u00edculo s\u00e9ptimo bis dice que quienes est\u00e1n encargados del Diario Oficial de la Federaci\u00f3n deben garantizar la autenticidad, integridad e inalterabilidad. Cualquier juez, una jueza que pide eliminar algo del Diario Oficial de la Federaci\u00f3n, no solamente en este caso est\u00e1 violentando la Ley de Amparo, sino que adem\u00e1s est\u00e1 violentando la ley del Diario Oficial de la Federaci\u00f3n (&#8230;) No se puede pedir eliminar algo del Diario Oficial de la Federaci\u00f3n, porque la propia ley del Diario Oficial de la Federaci\u00f3n dice que no se puede alterar\u201d, subray\u00f3.<\/p>\n<p><strong>Fecha de publicaci\u00f3n jueves 24 de octubre de 2024 \/<\/strong><\/p>\n","protected":false},"excerpt":{"rendered":"<p>HERMOSILLO, SONORA, MX. \u2014 La Presidenta \u00a0Claudia Sheinbaum Pardo, celebr\u00f3 que la elecci\u00f3n de jueces,&#8230;<\/p>\n","protected":false},"author":1,"featured_media":202494,"comment_status":"open","ping_status":"open","sticky":false,"template":"","format":"standard","meta":{"_monsterinsights_skip_tracking":false,"_monsterinsights_sitenote_active":false,"_monsterinsights_sitenote_note":"","_monsterinsights_sitenote_category":0,"footnotes":""},"categories":[5],"tags":[2432,5339,10422],"class_list":["post"],"yoast_head":" \n<title>Sonora en Equipo. Claudia Sheinbaum celebra resoluci\u00f3n del TEPJF para dar continuidad a la elecci\u00f3n en el \u00a0poder judicial Rep\u00fablica<\/title>\n<meta name=\"description\" content=\"HERMOSILLO, SONORA, MX. \u2014 La Presidenta \u00a0Claudia Sheinbaum Pardo, celebr\u00f3 que la elecci\u00f3n de jueces, juezas, magistrados, magistradas, ministros y En Sonora en Equipo publicamos toda la informaci\u00f3n de Sonora, M\u00e9xico y el Mundo de manera oportuna y busca que la libertad de expresi\u00f3n sea real. Visita nuestro medio informativo publicado desde Hermosillo, Sonora. %\" \/>\n<meta name=\"robots\" content=\"index, follow, max-snippet:-1, max-image-preview:large, max-video-preview:-1\" \/>\n<link rel=\"canonical\" href=\"https:\/\/www.sonoraenequipo.com.mx\/claudia-sheinbaum-celebra-resolucion-del-tepjf-para-dar-continuidad-a-la-eleccion-en-el-poder-judicial\/\" \/>\n<meta property=\"og:locale\" content=\"es_ES\" \/>\n<meta property=\"og:type\" content=\"article\" \/>\n<meta property=\"og:title\" content=\"Sonora en Equipo. Claudia Sheinbaum celebra resoluci\u00f3n del TEPJF para dar continuidad a la elecci\u00f3n en el \u00a0poder judicial Rep\u00fablica\" \/>\n<meta property=\"og:description\" content=\"HERMOSILLO, SONORA, MX. \u2014 La Presidenta \u00a0Claudia Sheinbaum Pardo, celebr\u00f3 que la elecci\u00f3n de jueces, juezas, magistrados, magistradas, ministros y En Sonora en Equipo publicamos toda la informaci\u00f3n de Sonora, M\u00e9xico y el Mundo de manera oportuna y busca que la libertad de expresi\u00f3n sea real. Visita nuestro medio informativo publicado desde Hermosillo, Sonora. %\" \/>\n<meta property=\"og:url\" content=\"https:\/\/www.sonoraenequipo.com.mx\/claudia-sheinbaum-celebra-resolucion-del-tepjf-para-dar-continuidad-a-la-eleccion-en-el-poder-judicial\/\" \/>\n<meta property=\"og:site_name\" content=\"Sonora en Equipo.\" \/>\n<meta property=\"article:publisher\" content=\"https:\/\/www.facebook.com\/SonoraEE\/\" \/>\n<meta property=\"article:author\" content=\"https:\/\/www.facebook.com\/SonoraEE\" \/>\n<meta property=\"article:published_time\" content=\"2024-10-24T19:18:36+00:00\" \/>\n<meta property=\"og:image\" content=\"https:\/\/www.sonoraenequipo.com.mx\/storage\/2024\/10\/csp-1.jpg\" \/>\n\t<meta property=\"og:image:width\" content=\"600\" \/>\n\t<meta property=\"og:image:height\" content=\"400\" \/>\n\t<meta property=\"og:image:type\" content=\"image\/jpeg\" \/>\n<meta name=\"author\" content=\"enequipo\" \/>\n<meta name=\"twitter:card\" content=\"summary_large_image\" \/>\n<meta name=\"twitter:creator\" content=\"@sonoraenequipo\" \/>\n<meta name=\"twitter:site\" content=\"@sonoraenequipo\" \/>\n<meta name=\"twitter:label1\" content=\"Escrito por\" \/>\n\t<meta name=\"twitter:data1\" content=\"enequipo\" \/>\n\t<meta name=\"twitter:label2\" content=\"Tiempo de lectura\" \/>\n\t<meta name=\"twitter:data2\" content=\"4 minutos\" \/>\n<script type=\"application\/ld+json\" class=\"yoast-schema-graph\">{\"@context\":\"https:\/\/schema.org\",\"@graph\":[{\"@type\":\"Article\",\"@id\":\"https:\/\/www.sonoraenequipo.com.mx\/claudia-sheinbaum-celebra-resolucion-del-tepjf-para-dar-continuidad-a-la-eleccion-en-el-poder-judicial\/#article\",\"isPartOf\":{\"@id\":\"https:\/\/www.sonoraenequipo.com.mx\/claudia-sheinbaum-celebra-resolucion-del-tepjf-para-dar-continuidad-a-la-eleccion-en-el-poder-judicial\/\"},\"author\":{\"name\":\"enequipo\",\"@id\":\"https:\/\/www.sonoraenequipo.com.mx\/#\/schema\/person\/50102df0fb23a8fa9e8effad8fa81386\"},\"headline\":\"Claudia Sheinbaum celebra resoluci\u00f3n del TEPJF para dar continuidad a la elecci\u00f3n en el \u00a0poder judicial\",\"datePublished\":\"2024-10-24T19:18:36+00:00\",\"mainEntityOfPage\":{\"@id\":\"https:\/\/www.sonoraenequipo.com.mx\/claudia-sheinbaum-celebra-resolucion-del-tepjf-para-dar-continuidad-a-la-eleccion-en-el-poder-judicial\/\"},\"wordCount\":793,\"commentCount\":0,\"publisher\":{\"@id\":\"https:\/\/www.sonoraenequipo.com.mx\/#organization\"},\"image\":{\"@id\":\"https:\/\/www.sonoraenequipo.com.mx\/claudia-sheinbaum-celebra-resolucion-del-tepjf-para-dar-continuidad-a-la-eleccion-en-el-poder-judicial\/#primaryimage\"},\"thumbnailUrl\":\"https:\/\/www.sonoraenequipo.com.mx\/storage\/2024\/10\/csp-1.jpg\",\"keywords\":[\"Claudia Sheinbaum\",\"eleccion\",\"poderjudicial\"],\"articleSection\":[\"Rep\u00fablica\"],\"inLanguage\":\"es\",\"potentialAction\":[{\"@type\":\"CommentAction\",\"name\":\"Comment\",\"target\":[\"https:\/\/www.sonoraenequipo.com.mx\/claudia-sheinbaum-celebra-resolucion-del-tepjf-para-dar-continuidad-a-la-eleccion-en-el-poder-judicial\/#respond\"]}]},{\"@type\":\"WebPage\",\"@id\":\"https:\/\/www.sonoraenequipo.com.mx\/claudia-sheinbaum-celebra-resolucion-del-tepjf-para-dar-continuidad-a-la-eleccion-en-el-poder-judicial\/\",\"url\":\"https:\/\/www.sonoraenequipo.com.mx\/claudia-sheinbaum-celebra-resolucion-del-tepjf-para-dar-continuidad-a-la-eleccion-en-el-poder-judicial\/\",\"name\":\"Sonora en Equipo. Claudia Sheinbaum celebra resoluci\u00f3n del TEPJF para dar continuidad a la elecci\u00f3n en el \u00a0poder judicial Rep\u00fablica\",\"isPartOf\":{\"@id\":\"https:\/\/www.sonoraenequipo.com.mx\/#website\"},\"primaryImageOfPage\":{\"@id\":\"https:\/\/www.sonoraenequipo.com.mx\/claudia-sheinbaum-celebra-resolucion-del-tepjf-para-dar-continuidad-a-la-eleccion-en-el-poder-judicial\/#primaryimage\"},\"image\":{\"@id\":\"https:\/\/www.sonoraenequipo.com.mx\/claudia-sheinbaum-celebra-resolucion-del-tepjf-para-dar-continuidad-a-la-eleccion-en-el-poder-judicial\/#primaryimage\"},\"thumbnailUrl\":\"https:\/\/www.sonoraenequipo.com.mx\/storage\/2024\/10\/csp-1.jpg\",\"datePublished\":\"2024-10-24T19:18:36+00:00\",\"description\":\"HERMOSILLO, SONORA, MX. \u2014 La Presidenta \u00a0Claudia Sheinbaum Pardo, celebr\u00f3 que la elecci\u00f3n de jueces, juezas, magistrados, magistradas, ministros y En Sonora en Equipo publicamos toda la informaci\u00f3n de Sonora, M\u00e9xico y el Mundo de manera oportuna y busca que la libertad de expresi\u00f3n sea real. Visita nuestro medio informativo publicado desde Hermosillo, Sonora. %\",\"breadcrumb\":{\"@id\":\"https:\/\/www.sonoraenequipo.com.mx\/claudia-sheinbaum-celebra-resolucion-del-tepjf-para-dar-continuidad-a-la-eleccion-en-el-poder-judicial\/#breadcrumb\"},\"inLanguage\":\"es\",\"potentialAction\":[{\"@type\":\"ReadAction\",\"target\":[\"https:\/\/www.sonoraenequipo.com.mx\/claudia-sheinbaum-celebra-resolucion-del-tepjf-para-dar-continuidad-a-la-eleccion-en-el-poder-judicial\/\"]}]},{\"@type\":\"ImageObject\",\"inLanguage\":\"es\",\"@id\":\"https:\/\/www.sonoraenequipo.com.mx\/claudia-sheinbaum-celebra-resolucion-del-tepjf-para-dar-continuidad-a-la-eleccion-en-el-poder-judicial\/#primaryimage\",\"url\":\"https:\/\/www.sonoraenequipo.com.mx\/storage\/2024\/10\/csp-1.jpg\",\"contentUrl\":\"https:\/\/www.sonoraenequipo.com.mx\/storage\/2024\/10\/csp-1.jpg\",\"width\":600,\"height\":400},{\"@type\":\"BreadcrumbList\",\"@id\":\"https:\/\/www.sonoraenequipo.com.mx\/claudia-sheinbaum-celebra-resolucion-del-tepjf-para-dar-continuidad-a-la-eleccion-en-el-poder-judicial\/#breadcrumb\",\"itemListElement\":[{\"@type\":\"ListItem\",\"position\":1,\"name\":\"Portada\",\"item\":\"https:\/\/www.sonoraenequipo.com.mx\/\"},{\"@type\":\"ListItem\",\"position\":2,\"name\":\"Claudia Sheinbaum celebra resoluci\u00f3n del TEPJF para dar continuidad a la elecci\u00f3n en el \u00a0poder judicial\"}]},{\"@type\":\"WebSite\",\"@id\":\"https:\/\/www.sonoraenequipo.com.mx\/#website\",\"url\":\"https:\/\/www.sonoraenequipo.com.mx\/\",\"name\":\"Sonora en Equipo.\",\"description\":\"Diario en l\u00ednea con Noticias desde Hermosillo, Sonora\",\"publisher\":{\"@id\":\"https:\/\/www.sonoraenequipo.com.mx\/#organization\"},\"potentialAction\":[{\"@type\":\"SearchAction\",\"target\":{\"@type\":\"EntryPoint\",\"urlTemplate\":\"https:\/\/www.sonoraenequipo.com.mx\/?s={search_term_string}\"},\"query-input\":{\"@type\":\"PropertyValueSpecification\",\"valueRequired\":true,\"valueName\":\"search_term_string\"}}],\"inLanguage\":\"es\"},{\"@type\":\"Organization\",\"@id\":\"https:\/\/www.sonoraenequipo.com.mx\/#organization\",\"name\":\"Sonoraenequipo.com.mx\",\"url\":\"https:\/\/www.sonoraenequipo.com.mx\/\",\"logo\":{\"@type\":\"ImageObject\",\"inLanguage\":\"es\",\"@id\":\"https:\/\/www.sonoraenequipo.com.mx\/#\/schema\/logo\/image\/\",\"url\":\"https:\/\/www.sonoraenequipo.com.mx\/storage\/2019\/01\/sonoraenequipo_opt.png\",\"contentUrl\":\"https:\/\/www.sonoraenequipo.com.mx\/storage\/2019\/01\/sonoraenequipo_opt.png\",\"width\":375,\"height\":125,\"caption\":\"Sonoraenequipo.com.mx\"},\"image\":{\"@id\":\"https:\/\/www.sonoraenequipo.com.mx\/#\/schema\/logo\/image\/\"},\"sameAs\":[\"https:\/\/www.facebook.com\/SonoraEE\/\",\"https:\/\/x.com\/sonoraenequipo\",\"https:\/\/www.youtube.com\/channel\/UC338nW-lPEYmJQs4ZABQ1SQ\"]},{\"@type\":\"Person\",\"@id\":\"https:\/\/www.sonoraenequipo.com.mx\/#\/schema\/person\/50102df0fb23a8fa9e8effad8fa81386\",\"name\":\"enequipo\",\"image\":{\"@type\":\"ImageObject\",\"inLanguage\":\"es\",\"@id\":\"https:\/\/www.sonoraenequipo.com.mx\/#\/schema\/person\/image\/\",\"url\":\"https:\/\/secure.gravatar.com\/avatar\/049821681b589dabc0bc20695993ccebb09f5b5d4d790cd9251b97faac7c652b?s=96&d=blank&r=g\",\"contentUrl\":\"https:\/\/secure.gravatar.com\/avatar\/049821681b589dabc0bc20695993ccebb09f5b5d4d790cd9251b97faac7c652b?s=96&d=blank&r=g\",\"caption\":\"enequipo\"},\"sameAs\":[\"https:\/\/www.facebook.com\/SonoraEE\"]}]}<\/script>\n ","yoast_head_json":{"title":"Sonora en Equipo. Claudia Sheinbaum celebra resoluci\u00f3n del TEPJF para dar continuidad a la elecci\u00f3n en el \u00a0poder judicial Rep\u00fablica","description":"HERMOSILLO, SONORA, MX. \u2014 La Presidenta \u00a0Claudia Sheinbaum Pardo, celebr\u00f3 que la elecci\u00f3n de jueces, juezas, magistrados, magistradas, ministros y En Sonora en Equipo publicamos toda la informaci\u00f3n de Sonora, M\u00e9xico y el Mundo de manera oportuna y busca que la libertad de expresi\u00f3n sea real. Visita nuestro medio informativo publicado desde Hermosillo, Sonora. %","robots":{"index":"index","follow":"follow","max-snippet":"max-snippet:-1","max-image-preview":"max-image-preview:large","max-video-preview":"max-video-preview:-1"},"canonical":"https:\/\/www.sonoraenequipo.com.mx\/claudia-sheinbaum-celebra-resolucion-del-tepjf-para-dar-continuidad-a-la-eleccion-en-el-poder-judicial\/","og_locale":"es_ES","og_type":"article","og_title":"Sonora en Equipo. Claudia Sheinbaum celebra resoluci\u00f3n del TEPJF para dar continuidad a la elecci\u00f3n en el \u00a0poder judicial Rep\u00fablica","og_description":"HERMOSILLO, SONORA, MX. \u2014 La Presidenta \u00a0Claudia Sheinbaum Pardo, celebr\u00f3 que la elecci\u00f3n de jueces, juezas, magistrados, magistradas, ministros y En Sonora en Equipo publicamos toda la informaci\u00f3n de Sonora, M\u00e9xico y el Mundo de manera oportuna y busca que la libertad de expresi\u00f3n sea real. Visita nuestro medio informativo publicado desde Hermosillo, Sonora. %","og_url":"https:\/\/www.sonoraenequipo.com.mx\/claudia-sheinbaum-celebra-resolucion-del-tepjf-para-dar-continuidad-a-la-eleccion-en-el-poder-judicial\/","og_site_name":"Sonora en Equipo.","article_publisher":"https:\/\/www.facebook.com\/SonoraEE\/","article_author":"https:\/\/www.facebook.com\/SonoraEE","article_published_time":"2024-10-24T19:18:36+00:00","og_image":[{"width":600,"height":400,"url":"https:\/\/www.sonoraenequipo.com.mx\/storage\/2024\/10\/csp-1.jpg","type":"image\/jpeg"}],"author":"enequipo","twitter_card":"summary_large_image","twitter_creator":"@sonoraenequipo","twitter_site":"@sonoraenequipo","twitter_misc":{"Escrito por":"enequipo","Tiempo de lectura":"4 minutos"},"schema":{"@context":"https:\/\/schema.org","@graph":[{"@type":"Article","@id":"https:\/\/www.sonoraenequipo.com.mx\/claudia-sheinbaum-celebra-resolucion-del-tepjf-para-dar-continuidad-a-la-eleccion-en-el-poder-judicial\/#article","isPartOf":{"@id":"https:\/\/www.sonoraenequipo.com.mx\/claudia-sheinbaum-celebra-resolucion-del-tepjf-para-dar-continuidad-a-la-eleccion-en-el-poder-judicial\/"},"author":{"name":"enequipo","@id":"https:\/\/www.sonoraenequipo.com.mx\/#\/schema\/person\/50102df0fb23a8fa9e8effad8fa81386"},"headline":"Claudia Sheinbaum celebra resoluci\u00f3n del TEPJF para dar continuidad a la elecci\u00f3n en el \u00a0poder judicial","datePublished":"2024-10-24T19:18:36+00:00","mainEntityOfPage":{"@id":"https:\/\/www.sonoraenequipo.com.mx\/claudia-sheinbaum-celebra-resolucion-del-tepjf-para-dar-continuidad-a-la-eleccion-en-el-poder-judicial\/"},"wordCount":793,"commentCount":0,"publisher":{"@id":"https:\/\/www.sonoraenequipo.com.mx\/#organization"},"image":{"@id":"https:\/\/www.sonoraenequipo.com.mx\/claudia-sheinbaum-celebra-resolucion-del-tepjf-para-dar-continuidad-a-la-eleccion-en-el-poder-judicial\/#primaryimage"},"thumbnailUrl":"https:\/\/www.sonoraenequipo.com.mx\/storage\/2024\/10\/csp-1.jpg","keywords":["Claudia Sheinbaum","eleccion","poderjudicial"],"articleSection":["Rep\u00fablica"],"inLanguage":"es","potentialAction":[{"@type":"CommentAction","name":"Comment","target":["https:\/\/www.sonoraenequipo.com.mx\/claudia-sheinbaum-celebra-resolucion-del-tepjf-para-dar-continuidad-a-la-eleccion-en-el-poder-judicial\/#respond"]}]},{"@type":"WebPage","@id":"https:\/\/www.sonoraenequipo.com.mx\/claudia-sheinbaum-celebra-resolucion-del-tepjf-para-dar-continuidad-a-la-eleccion-en-el-poder-judicial\/","url":"https:\/\/www.sonoraenequipo.com.mx\/claudia-sheinbaum-celebra-resolucion-del-tepjf-para-dar-continuidad-a-la-eleccion-en-el-poder-judicial\/","name":"Sonora en Equipo. Claudia Sheinbaum celebra resoluci\u00f3n del TEPJF para dar continuidad a la elecci\u00f3n en el \u00a0poder judicial Rep\u00fablica","isPartOf":{"@id":"https:\/\/www.sonoraenequipo.com.mx\/#website"},"primaryImageOfPage":{"@id":"https:\/\/www.sonoraenequipo.com.mx\/claudia-sheinbaum-celebra-resolucion-del-tepjf-para-dar-continuidad-a-la-eleccion-en-el-poder-judicial\/#primaryimage"},"image":{"@id":"https:\/\/www.sonoraenequipo.com.mx\/claudia-sheinbaum-celebra-resolucion-del-tepjf-para-dar-continuidad-a-la-eleccion-en-el-poder-judicial\/#primaryimage"},"thumbnailUrl":"https:\/\/www.sonoraenequipo.com.mx\/storage\/2024\/10\/csp-1.jpg","datePublished":"2024-10-24T19:18:36+00:00","description":"HERMOSILLO, SONORA, MX. \u2014 La Presidenta \u00a0Claudia Sheinbaum Pardo, celebr\u00f3 que la elecci\u00f3n de jueces, juezas, magistrados, magistradas, ministros y En Sonora en Equipo publicamos toda la informaci\u00f3n de Sonora, M\u00e9xico y el Mundo de manera oportuna y busca que la libertad de expresi\u00f3n sea real. Visita nuestro medio informativo publicado desde Hermosillo, Sonora. %","breadcrumb":{"@id":"https:\/\/www.sonoraenequipo.com.mx\/claudia-sheinbaum-celebra-resolucion-del-tepjf-para-dar-continuidad-a-la-eleccion-en-el-poder-judicial\/#breadcrumb"},"inLanguage":"es","potentialAction":[{"@type":"ReadAction","target":["https:\/\/www.sonoraenequipo.com.mx\/claudia-sheinbaum-celebra-resolucion-del-tepjf-para-dar-continuidad-a-la-eleccion-en-el-poder-judicial\/"]}]},{"@type":"ImageObject","inLanguage":"es","@id":"https:\/\/www.sonoraenequipo.com.mx\/claudia-sheinbaum-celebra-resolucion-del-tepjf-para-dar-continuidad-a-la-eleccion-en-el-poder-judicial\/#primaryimage","url":"https:\/\/www.sonoraenequipo.com.mx\/storage\/2024\/10\/csp-1.jpg","contentUrl":"https:\/\/www.sonoraenequipo.com.mx\/storage\/2024\/10\/csp-1.jpg","width":600,"height":400},{"@type":"BreadcrumbList","@id":"https:\/\/www.sonoraenequipo.com.mx\/claudia-sheinbaum-celebra-resolucion-del-tepjf-para-dar-continuidad-a-la-eleccion-en-el-poder-judicial\/#breadcrumb","itemListElement":[{"@type":"ListItem","position":1,"name":"Portada","item":"https:\/\/www.sonoraenequipo.com.mx\/"},{"@type":"ListItem","position":2,"name":"Claudia Sheinbaum celebra resoluci\u00f3n del TEPJF para dar continuidad a la elecci\u00f3n en el \u00a0poder judicial"}]},{"@type":"WebSite","@id":"https:\/\/www.sonoraenequipo.com.mx\/#website","url":"https:\/\/www.sonoraenequipo.com.mx\/","name":"Sonora en Equipo.","description":"Diario en l\u00ednea con Noticias desde Hermosillo, Sonora","publisher":{"@id":"https:\/\/www.sonoraenequipo.com.mx\/#organization"},"potentialAction":[{"@type":"SearchAction","target":{"@type":"EntryPoint","urlTemplate":"https:\/\/www.sonoraenequipo.com.mx\/?s={search_term_string}"},"query-input":{"@type":"PropertyValueSpecification","valueRequired":true,"valueName":"search_term_string"}}],"inLanguage":"es"},{"@type":"Organization","@id":"https:\/\/www.sonoraenequipo.com.mx\/#organization","name":"Sonoraenequipo.com.mx","url":"https:\/\/www.sonoraenequipo.com.mx\/","logo":{"@type":"ImageObject","inLanguage":"es","@id":"https:\/\/www.sonoraenequipo.com.mx\/#\/schema\/logo\/image\/","url":"https:\/\/www.sonoraenequipo.com.mx\/storage\/2019\/01\/sonoraenequipo_opt.png","contentUrl":"https:\/\/www.sonoraenequipo.com.mx\/storage\/2019\/01\/sonoraenequipo_opt.png","width":375,"height":125,"caption":"Sonoraenequipo.com.mx"},"image":{"@id":"https:\/\/www.sonoraenequipo.com.mx\/#\/schema\/logo\/image\/"},"sameAs":["https:\/\/www.facebook.com\/SonoraEE\/","https:\/\/x.com\/sonoraenequipo","https:\/\/www.youtube.com\/channel\/UC338nW-lPEYmJQs4ZABQ1SQ"]},{"@type":"Person","@id":"https:\/\/www.sonoraenequipo.com.mx\/#\/schema\/person\/50102df0fb23a8fa9e8effad8fa81386","name":"enequipo","image":{"@type":"ImageObject","inLanguage":"es","@id":"https:\/\/www.sonoraenequipo.com.mx\/#\/schema\/person\/image\/","url":"https:\/\/secure.gravatar.com\/avatar\/049821681b589dabc0bc20695993ccebb09f5b5d4d790cd9251b97faac7c652b?s=96&d=blank&r=g","contentUrl":"https:\/\/secure.gravatar.com\/avatar\/049821681b589dabc0bc20695993ccebb09f5b5d4d790cd9251b97faac7c652b?s=96&d=blank&r=g","caption":"enequipo"},"sameAs":["https:\/\/www.facebook.com\/SonoraEE"]}]}},"jetpack_featured_media_url":"https:\/\/www.sonoraenequipo.com.mx\/storage\/2024\/10\/csp-1.jpg","_links":{"self":[{"href":"https:\/\/www.sonoraenequipo.com.mx\/api\/wp\/v2\/posts\/202493","targetHints":{"allow":["GET"]}}],"collection":[{"href":"https:\/\/www.sonoraenequipo.com.mx\/api\/wp\/v2\/posts"}],"about":[{"href":"https:\/\/www.sonoraenequipo.com.mx\/api\/wp\/v2\/types\/post"}],"author":[{"embeddable":true,"href":"https:\/\/www.sonoraenequipo.com.mx\/api\/wp\/v2\/users\/1"}],"replies":[{"embeddable":true,"href":"https:\/\/www.sonoraenequipo.com.mx\/api\/wp\/v2\/comments?post=202493"}],"version-history":[{"count":1,"href":"https:\/\/www.sonoraenequipo.com.mx\/api\/wp\/v2\/posts\/202493\/revisions"}],"predecessor-version":[{"id":202495,"href":"https:\/\/www.sonoraenequipo.com.mx\/api\/wp\/v2\/posts\/202493\/revisions\/202495"}],"wp:featuredmedia":[{"embeddable":true,"href":"https:\/\/www.sonoraenequipo.com.mx\/api\/wp\/v2\/media\/202494"}],"wp:attachment":[{"href":"https:\/\/www.sonoraenequipo.com.mx\/api\/wp\/v2\/media?parent=202493"}],"wp:term":[{"taxonomy":"category","embeddable":true,"href":"https:\/\/www.sonoraenequipo.com.mx\/api\/wp\/v2\/categories?post=202493"},{"taxonomy":"post_tag","embeddable":true,"href":"https:\/\/www.sonoraenequipo.com.mx\/api\/wp\/v2\/tags?post=202493"}],"curies":[{"name":"wp","href":"https:\/\/api.w.org\/{rel}","templated":true}]}}