{"id":202500,"date":"2024-10-23T21:59:00","date_gmt":"2024-10-24T04:59:00","guid":{"rendered":"https:\/\/www.sonoraenequipo.com.mx\/?p=202500"},"modified":"2024-10-24T14:16:47","modified_gmt":"2024-10-24T21:16:47","slug":"gobierno-de-sonora-reconoce-a-camila-la-magnifica-zamorano-por-campeonato-internacional-de-boxeo","status":"publish","type":"post","link":"https:\/\/www.sonoraenequipo.com.mx\/gobierno-de-sonora-reconoce-a-camila-la-magnifica-zamorano-por-campeonato-internacional-de-boxeo\/","title":{"rendered":"Camila \u201cLa Magn\u00edfica\u201d Zamorano reconocida por Gobierno de Sonora por el campeonato internacional de boxeo"},"content":{"rendered":"<p><strong>HERMOSILLO, SONORA, MX.<\/strong> \u2014 El Gobierno del Estado de Sonora, a trav\u00e9s del Instituto Sonorense de la Juventud (ISJ), llev\u00f3 a cabo un emotivo encuentro con Camila \u201cLa Magn\u00edfica\u201d Zamorano Rodr\u00edguez y juventudes sonorenses.<\/p>\n<p>Rebeca Valenzuela \u00c1lvarez, directora general del ISJ, resalt\u00f3 que el programa Construyendo Juventudes tiene como objetivo compartir las historias de vida de sonorenses destacados como Camila, inspirando as\u00ed a m\u00e1s j\u00f3venes a seguir sus pasos y a construir sus propios proyectos de vida.<\/p>\n<p>Durante el evento, Valenzuela entreg\u00f3 un reconocimiento a Zamorano por su sobresaliente participaci\u00f3n en el Campeonato Internacional en peso \u00c1tomo del Consejo Mundial de Boxeo. Adem\u00e1s, aprovech\u00f3 la oportunidad para destacar el apoyo y dedicaci\u00f3n de sus padres, representantes y colaboradores, quienes han confiado en el talento de la joven boxeadora.<\/p>\n<p>En su intervenci\u00f3n, Zamorano comparti\u00f3 su experiencia de preparaci\u00f3n para cada pelea, su trayectoria deportiva, la forma en que integra su formaci\u00f3n acad\u00e9mica con su disciplina deportiva y sus ambiciosos planes a futuro.<\/p>\n<p>A trav\u00e9s del programa Construyendo Juventudes, el Instituto Sonorense de la Juventud ha presentado las historias de \u00e9xito de deportistas, especialistas en tecnolog\u00edas y personas que a trav\u00e9s de sus acciones contribuyen positivamente a la sociedad, entre otros.<\/p>\n<p><strong>Fecha de publicaci\u00f3n jueves 24 de octubre de 2024 \/<\/strong><\/p>\n","protected":false},"excerpt":{"rendered":"<p>HERMOSILLO, SONORA, MX. \u2014 El Gobierno del Estado de Sonora, a trav\u00e9s del Instituto Sonorense&#8230;<\/p>\n","protected":false},"author":1,"featured_media":202501,"comment_status":"open","ping_status":"open","sticky":false,"template":"","format":"standard","meta":{"_monsterinsights_skip_tracking":false,"_monsterinsights_sitenote_active":false,"_monsterinsights_sitenote_note":"","_monsterinsights_sitenote_category":0,"footnotes":""},"categories":[10],"tags":[10424,10423,7492],"class_list":["post"],"yoast_head":" \n<title>Sonora en Equipo. Camila \u201cLa Magn\u00edfica\u201d Zamorano reconocida por Gobierno de Sonora por el campeonato internacional de boxeo Deportes<\/title>\n<meta name=\"description\" content=\"HERMOSILLO, SONORA, MX. \u2014 El Gobierno del Estado de Sonora, a trav\u00e9s del Instituto Sonorense de la Juventud (ISJ), llev\u00f3 a cabo un emotivo encuentro con En Sonora en Equipo publicamos toda la informaci\u00f3n de Sonora, M\u00e9xico y el Mundo de manera oportuna y busca que la libertad de expresi\u00f3n sea real. Visita nuestro medio informativo publicado desde Hermosillo, Sonora. %\" \/>\n<meta name=\"robots\" content=\"index, follow, max-snippet:-1, max-image-preview:large, max-video-preview:-1\" \/>\n<link rel=\"canonical\" href=\"https:\/\/www.sonoraenequipo.com.mx\/gobierno-de-sonora-reconoce-a-camila-la-magnifica-zamorano-por-campeonato-internacional-de-boxeo\/\" \/>\n<meta property=\"og:locale\" content=\"es_ES\" \/>\n<meta property=\"og:type\" content=\"article\" \/>\n<meta property=\"og:title\" content=\"Sonora en Equipo. Camila \u201cLa Magn\u00edfica\u201d Zamorano reconocida por Gobierno de Sonora por el campeonato internacional de boxeo Deportes\" \/>\n<meta property=\"og:description\" content=\"HERMOSILLO, SONORA, MX. \u2014 El Gobierno del Estado de Sonora, a trav\u00e9s del Instituto Sonorense de la Juventud (ISJ), llev\u00f3 a cabo un emotivo encuentro con En Sonora en Equipo publicamos toda la informaci\u00f3n de Sonora, M\u00e9xico y el Mundo de manera oportuna y busca que la libertad de expresi\u00f3n sea real. Visita nuestro medio informativo publicado desde Hermosillo, Sonora. %\" \/>\n<meta property=\"og:url\" content=\"https:\/\/www.sonoraenequipo.com.mx\/gobierno-de-sonora-reconoce-a-camila-la-magnifica-zamorano-por-campeonato-internacional-de-boxeo\/\" \/>\n<meta property=\"og:site_name\" content=\"Sonora en Equipo.\" \/>\n<meta property=\"article:publisher\" content=\"https:\/\/www.facebook.com\/SonoraEE\/\" \/>\n<meta property=\"article:author\" content=\"https:\/\/www.facebook.com\/SonoraEE\" \/>\n<meta property=\"article:published_time\" content=\"2024-10-24T04:59:00+00:00\" \/>\n<meta property=\"article:modified_time\" content=\"2024-10-24T21:16:47+00:00\" \/>\n<meta property=\"og:image\" content=\"https:\/\/www.sonoraenequipo.com.mx\/storage\/2024\/10\/magnifica-isj.jpg\" \/>\n\t<meta property=\"og:image:width\" content=\"600\" \/>\n\t<meta property=\"og:image:height\" content=\"400\" \/>\n\t<meta property=\"og:image:type\" content=\"image\/jpeg\" \/>\n<meta name=\"author\" content=\"enequipo\" \/>\n<meta name=\"twitter:card\" content=\"summary_large_image\" \/>\n<meta name=\"twitter:creator\" content=\"@sonoraenequipo\" \/>\n<meta name=\"twitter:site\" content=\"@sonoraenequipo\" \/>\n<meta name=\"twitter:label1\" content=\"Escrito por\" \/>\n\t<meta name=\"twitter:data1\" content=\"enequipo\" \/>\n\t<meta name=\"twitter:label2\" content=\"Tiempo de lectura\" \/>\n\t<meta name=\"twitter:data2\" content=\"1 minuto\" \/>\n<script type=\"application\/ld+json\" class=\"yoast-schema-graph\">{\"@context\":\"https:\/\/schema.org\",\"@graph\":[{\"@type\":\"Article\",\"@id\":\"https:\/\/www.sonoraenequipo.com.mx\/gobierno-de-sonora-reconoce-a-camila-la-magnifica-zamorano-por-campeonato-internacional-de-boxeo\/#article\",\"isPartOf\":{\"@id\":\"https:\/\/www.sonoraenequipo.com.mx\/gobierno-de-sonora-reconoce-a-camila-la-magnifica-zamorano-por-campeonato-internacional-de-boxeo\/\"},\"author\":{\"name\":\"enequipo\",\"@id\":\"https:\/\/www.sonoraenequipo.com.mx\/#\/schema\/person\/50102df0fb23a8fa9e8effad8fa81386\"},\"headline\":\"Camila \u201cLa Magn\u00edfica\u201d Zamorano reconocida por Gobierno de Sonora por el campeonato internacional de boxeo\",\"datePublished\":\"2024-10-24T04:59:00+00:00\",\"dateModified\":\"2024-10-24T21:16:47+00:00\",\"mainEntityOfPage\":{\"@id\":\"https:\/\/www.sonoraenequipo.com.mx\/gobierno-de-sonora-reconoce-a-camila-la-magnifica-zamorano-por-campeonato-internacional-de-boxeo\/\"},\"wordCount\":237,\"commentCount\":0,\"publisher\":{\"@id\":\"https:\/\/www.sonoraenequipo.com.mx\/#organization\"},\"image\":{\"@id\":\"https:\/\/www.sonoraenequipo.com.mx\/gobierno-de-sonora-reconoce-a-camila-la-magnifica-zamorano-por-campeonato-internacional-de-boxeo\/#primaryimage\"},\"thumbnailUrl\":\"https:\/\/www.sonoraenequipo.com.mx\/storage\/2024\/10\/magnifica-isj.jpg\",\"keywords\":[\"lamagnifica\",\"rebeca\",\"valenzuela\"],\"articleSection\":[\"Deportes\"],\"inLanguage\":\"es\",\"potentialAction\":[{\"@type\":\"CommentAction\",\"name\":\"Comment\",\"target\":[\"https:\/\/www.sonoraenequipo.com.mx\/gobierno-de-sonora-reconoce-a-camila-la-magnifica-zamorano-por-campeonato-internacional-de-boxeo\/#respond\"]}]},{\"@type\":\"WebPage\",\"@id\":\"https:\/\/www.sonoraenequipo.com.mx\/gobierno-de-sonora-reconoce-a-camila-la-magnifica-zamorano-por-campeonato-internacional-de-boxeo\/\",\"url\":\"https:\/\/www.sonoraenequipo.com.mx\/gobierno-de-sonora-reconoce-a-camila-la-magnifica-zamorano-por-campeonato-internacional-de-boxeo\/\",\"name\":\"Sonora en Equipo. Camila \u201cLa Magn\u00edfica\u201d Zamorano reconocida por Gobierno de Sonora por el campeonato internacional de boxeo Deportes\",\"isPartOf\":{\"@id\":\"https:\/\/www.sonoraenequipo.com.mx\/#website\"},\"primaryImageOfPage\":{\"@id\":\"https:\/\/www.sonoraenequipo.com.mx\/gobierno-de-sonora-reconoce-a-camila-la-magnifica-zamorano-por-campeonato-internacional-de-boxeo\/#primaryimage\"},\"image\":{\"@id\":\"https:\/\/www.sonoraenequipo.com.mx\/gobierno-de-sonora-reconoce-a-camila-la-magnifica-zamorano-por-campeonato-internacional-de-boxeo\/#primaryimage\"},\"thumbnailUrl\":\"https:\/\/www.sonoraenequipo.com.mx\/storage\/2024\/10\/magnifica-isj.jpg\",\"datePublished\":\"2024-10-24T04:59:00+00:00\",\"dateModified\":\"2024-10-24T21:16:47+00:00\",\"description\":\"HERMOSILLO, SONORA, MX. \u2014 El Gobierno del Estado de Sonora, a trav\u00e9s del Instituto Sonorense de la Juventud (ISJ), llev\u00f3 a cabo un emotivo encuentro con En Sonora en Equipo publicamos toda la informaci\u00f3n de Sonora, M\u00e9xico y el Mundo de manera oportuna y busca que la libertad de expresi\u00f3n sea real. Visita nuestro medio informativo publicado desde Hermosillo, Sonora. %\",\"breadcrumb\":{\"@id\":\"https:\/\/www.sonoraenequipo.com.mx\/gobierno-de-sonora-reconoce-a-camila-la-magnifica-zamorano-por-campeonato-internacional-de-boxeo\/#breadcrumb\"},\"inLanguage\":\"es\",\"potentialAction\":[{\"@type\":\"ReadAction\",\"target\":[\"https:\/\/www.sonoraenequipo.com.mx\/gobierno-de-sonora-reconoce-a-camila-la-magnifica-zamorano-por-campeonato-internacional-de-boxeo\/\"]}]},{\"@type\":\"ImageObject\",\"inLanguage\":\"es\",\"@id\":\"https:\/\/www.sonoraenequipo.com.mx\/gobierno-de-sonora-reconoce-a-camila-la-magnifica-zamorano-por-campeonato-internacional-de-boxeo\/#primaryimage\",\"url\":\"https:\/\/www.sonoraenequipo.com.mx\/storage\/2024\/10\/magnifica-isj.jpg\",\"contentUrl\":\"https:\/\/www.sonoraenequipo.com.mx\/storage\/2024\/10\/magnifica-isj.jpg\",\"width\":600,\"height\":400,\"caption\":\"Rebeca Valenzuela con La magn\u00edfica\"},{\"@type\":\"BreadcrumbList\",\"@id\":\"https:\/\/www.sonoraenequipo.com.mx\/gobierno-de-sonora-reconoce-a-camila-la-magnifica-zamorano-por-campeonato-internacional-de-boxeo\/#breadcrumb\",\"itemListElement\":[{\"@type\":\"ListItem\",\"position\":1,\"name\":\"Portada\",\"item\":\"https:\/\/www.sonoraenequipo.com.mx\/\"},{\"@type\":\"ListItem\",\"position\":2,\"name\":\"Camila \u201cLa Magn\u00edfica\u201d Zamorano reconocida por Gobierno de Sonora por el campeonato internacional de boxeo\"}]},{\"@type\":\"WebSite\",\"@id\":\"https:\/\/www.sonoraenequipo.com.mx\/#website\",\"url\":\"https:\/\/www.sonoraenequipo.com.mx\/\",\"name\":\"Sonora en Equipo.\",\"description\":\"Diario en l\u00ednea con Noticias desde Hermosillo, Sonora\",\"publisher\":{\"@id\":\"https:\/\/www.sonoraenequipo.com.mx\/#organization\"},\"potentialAction\":[{\"@type\":\"SearchAction\",\"target\":{\"@type\":\"EntryPoint\",\"urlTemplate\":\"https:\/\/www.sonoraenequipo.com.mx\/?s={search_term_string}\"},\"query-input\":{\"@type\":\"PropertyValueSpecification\",\"valueRequired\":true,\"valueName\":\"search_term_string\"}}],\"inLanguage\":\"es\"},{\"@type\":\"Organization\",\"@id\":\"https:\/\/www.sonoraenequipo.com.mx\/#organization\",\"name\":\"Sonoraenequipo.com.mx\",\"url\":\"https:\/\/www.sonoraenequipo.com.mx\/\",\"logo\":{\"@type\":\"ImageObject\",\"inLanguage\":\"es\",\"@id\":\"https:\/\/www.sonoraenequipo.com.mx\/#\/schema\/logo\/image\/\",\"url\":\"https:\/\/www.sonoraenequipo.com.mx\/storage\/2019\/01\/sonoraenequipo_opt.png\",\"contentUrl\":\"https:\/\/www.sonoraenequipo.com.mx\/storage\/2019\/01\/sonoraenequipo_opt.png\",\"width\":375,\"height\":125,\"caption\":\"Sonoraenequipo.com.mx\"},\"image\":{\"@id\":\"https:\/\/www.sonoraenequipo.com.mx\/#\/schema\/logo\/image\/\"},\"sameAs\":[\"https:\/\/www.facebook.com\/SonoraEE\/\",\"https:\/\/x.com\/sonoraenequipo\",\"https:\/\/www.youtube.com\/channel\/UC338nW-lPEYmJQs4ZABQ1SQ\"]},{\"@type\":\"Person\",\"@id\":\"https:\/\/www.sonoraenequipo.com.mx\/#\/schema\/person\/50102df0fb23a8fa9e8effad8fa81386\",\"name\":\"enequipo\",\"image\":{\"@type\":\"ImageObject\",\"inLanguage\":\"es\",\"@id\":\"https:\/\/www.sonoraenequipo.com.mx\/#\/schema\/person\/image\/\",\"url\":\"https:\/\/secure.gravatar.com\/avatar\/049821681b589dabc0bc20695993ccebb09f5b5d4d790cd9251b97faac7c652b?s=96&d=blank&r=g\",\"contentUrl\":\"https:\/\/secure.gravatar.com\/avatar\/049821681b589dabc0bc20695993ccebb09f5b5d4d790cd9251b97faac7c652b?s=96&d=blank&r=g\",\"caption\":\"enequipo\"},\"sameAs\":[\"https:\/\/www.facebook.com\/SonoraEE\"]}]}<\/script>\n ","yoast_head_json":{"title":"Sonora en Equipo. Camila \u201cLa Magn\u00edfica\u201d Zamorano reconocida por Gobierno de Sonora por el campeonato internacional de boxeo Deportes","description":"HERMOSILLO, SONORA, MX. \u2014 El Gobierno del Estado de Sonora, a trav\u00e9s del Instituto Sonorense de la Juventud (ISJ), llev\u00f3 a cabo un emotivo encuentro con En Sonora en Equipo publicamos toda la informaci\u00f3n de Sonora, M\u00e9xico y el Mundo de manera oportuna y busca que la libertad de expresi\u00f3n sea real. Visita nuestro medio informativo publicado desde Hermosillo, Sonora. %","robots":{"index":"index","follow":"follow","max-snippet":"max-snippet:-1","max-image-preview":"max-image-preview:large","max-video-preview":"max-video-preview:-1"},"canonical":"https:\/\/www.sonoraenequipo.com.mx\/gobierno-de-sonora-reconoce-a-camila-la-magnifica-zamorano-por-campeonato-internacional-de-boxeo\/","og_locale":"es_ES","og_type":"article","og_title":"Sonora en Equipo. Camila \u201cLa Magn\u00edfica\u201d Zamorano reconocida por Gobierno de Sonora por el campeonato internacional de boxeo Deportes","og_description":"HERMOSILLO, SONORA, MX. \u2014 El Gobierno del Estado de Sonora, a trav\u00e9s del Instituto Sonorense de la Juventud (ISJ), llev\u00f3 a cabo un emotivo encuentro con En Sonora en Equipo publicamos toda la informaci\u00f3n de Sonora, M\u00e9xico y el Mundo de manera oportuna y busca que la libertad de expresi\u00f3n sea real. Visita nuestro medio informativo publicado desde Hermosillo, Sonora. %","og_url":"https:\/\/www.sonoraenequipo.com.mx\/gobierno-de-sonora-reconoce-a-camila-la-magnifica-zamorano-por-campeonato-internacional-de-boxeo\/","og_site_name":"Sonora en Equipo.","article_publisher":"https:\/\/www.facebook.com\/SonoraEE\/","article_author":"https:\/\/www.facebook.com\/SonoraEE","article_published_time":"2024-10-24T04:59:00+00:00","article_modified_time":"2024-10-24T21:16:47+00:00","og_image":[{"width":600,"height":400,"url":"https:\/\/www.sonoraenequipo.com.mx\/storage\/2024\/10\/magnifica-isj.jpg","type":"image\/jpeg"}],"author":"enequipo","twitter_card":"summary_large_image","twitter_creator":"@sonoraenequipo","twitter_site":"@sonoraenequipo","twitter_misc":{"Escrito por":"enequipo","Tiempo de lectura":"1 minuto"},"schema":{"@context":"https:\/\/schema.org","@graph":[{"@type":"Article","@id":"https:\/\/www.sonoraenequipo.com.mx\/gobierno-de-sonora-reconoce-a-camila-la-magnifica-zamorano-por-campeonato-internacional-de-boxeo\/#article","isPartOf":{"@id":"https:\/\/www.sonoraenequipo.com.mx\/gobierno-de-sonora-reconoce-a-camila-la-magnifica-zamorano-por-campeonato-internacional-de-boxeo\/"},"author":{"name":"enequipo","@id":"https:\/\/www.sonoraenequipo.com.mx\/#\/schema\/person\/50102df0fb23a8fa9e8effad8fa81386"},"headline":"Camila \u201cLa Magn\u00edfica\u201d Zamorano reconocida por Gobierno de Sonora por el campeonato internacional de boxeo","datePublished":"2024-10-24T04:59:00+00:00","dateModified":"2024-10-24T21:16:47+00:00","mainEntityOfPage":{"@id":"https:\/\/www.sonoraenequipo.com.mx\/gobierno-de-sonora-reconoce-a-camila-la-magnifica-zamorano-por-campeonato-internacional-de-boxeo\/"},"wordCount":237,"commentCount":0,"publisher":{"@id":"https:\/\/www.sonoraenequipo.com.mx\/#organization"},"image":{"@id":"https:\/\/www.sonoraenequipo.com.mx\/gobierno-de-sonora-reconoce-a-camila-la-magnifica-zamorano-por-campeonato-internacional-de-boxeo\/#primaryimage"},"thumbnailUrl":"https:\/\/www.sonoraenequipo.com.mx\/storage\/2024\/10\/magnifica-isj.jpg","keywords":["lamagnifica","rebeca","valenzuela"],"articleSection":["Deportes"],"inLanguage":"es","potentialAction":[{"@type":"CommentAction","name":"Comment","target":["https:\/\/www.sonoraenequipo.com.mx\/gobierno-de-sonora-reconoce-a-camila-la-magnifica-zamorano-por-campeonato-internacional-de-boxeo\/#respond"]}]},{"@type":"WebPage","@id":"https:\/\/www.sonoraenequipo.com.mx\/gobierno-de-sonora-reconoce-a-camila-la-magnifica-zamorano-por-campeonato-internacional-de-boxeo\/","url":"https:\/\/www.sonoraenequipo.com.mx\/gobierno-de-sonora-reconoce-a-camila-la-magnifica-zamorano-por-campeonato-internacional-de-boxeo\/","name":"Sonora en Equipo. Camila \u201cLa Magn\u00edfica\u201d Zamorano reconocida por Gobierno de Sonora por el campeonato internacional de boxeo Deportes","isPartOf":{"@id":"https:\/\/www.sonoraenequipo.com.mx\/#website"},"primaryImageOfPage":{"@id":"https:\/\/www.sonoraenequipo.com.mx\/gobierno-de-sonora-reconoce-a-camila-la-magnifica-zamorano-por-campeonato-internacional-de-boxeo\/#primaryimage"},"image":{"@id":"https:\/\/www.sonoraenequipo.com.mx\/gobierno-de-sonora-reconoce-a-camila-la-magnifica-zamorano-por-campeonato-internacional-de-boxeo\/#primaryimage"},"thumbnailUrl":"https:\/\/www.sonoraenequipo.com.mx\/storage\/2024\/10\/magnifica-isj.jpg","datePublished":"2024-10-24T04:59:00+00:00","dateModified":"2024-10-24T21:16:47+00:00","description":"HERMOSILLO, SONORA, MX. \u2014 El Gobierno del Estado de Sonora, a trav\u00e9s del Instituto Sonorense de la Juventud (ISJ), llev\u00f3 a cabo un emotivo encuentro con En Sonora en Equipo publicamos toda la informaci\u00f3n de Sonora, M\u00e9xico y el Mundo de manera oportuna y busca que la libertad de expresi\u00f3n sea real. Visita nuestro medio informativo publicado desde Hermosillo, Sonora. %","breadcrumb":{"@id":"https:\/\/www.sonoraenequipo.com.mx\/gobierno-de-sonora-reconoce-a-camila-la-magnifica-zamorano-por-campeonato-internacional-de-boxeo\/#breadcrumb"},"inLanguage":"es","potentialAction":[{"@type":"ReadAction","target":["https:\/\/www.sonoraenequipo.com.mx\/gobierno-de-sonora-reconoce-a-camila-la-magnifica-zamorano-por-campeonato-internacional-de-boxeo\/"]}]},{"@type":"ImageObject","inLanguage":"es","@id":"https:\/\/www.sonoraenequipo.com.mx\/gobierno-de-sonora-reconoce-a-camila-la-magnifica-zamorano-por-campeonato-internacional-de-boxeo\/#primaryimage","url":"https:\/\/www.sonoraenequipo.com.mx\/storage\/2024\/10\/magnifica-isj.jpg","contentUrl":"https:\/\/www.sonoraenequipo.com.mx\/storage\/2024\/10\/magnifica-isj.jpg","width":600,"height":400,"caption":"Rebeca Valenzuela con La magn\u00edfica"},{"@type":"BreadcrumbList","@id":"https:\/\/www.sonoraenequipo.com.mx\/gobierno-de-sonora-reconoce-a-camila-la-magnifica-zamorano-por-campeonato-internacional-de-boxeo\/#breadcrumb","itemListElement":[{"@type":"ListItem","position":1,"name":"Portada","item":"https:\/\/www.sonoraenequipo.com.mx\/"},{"@type":"ListItem","position":2,"name":"Camila \u201cLa Magn\u00edfica\u201d Zamorano reconocida por Gobierno de Sonora por el campeonato internacional de boxeo"}]},{"@type":"WebSite","@id":"https:\/\/www.sonoraenequipo.com.mx\/#website","url":"https:\/\/www.sonoraenequipo.com.mx\/","name":"Sonora en Equipo.","description":"Diario en l\u00ednea con Noticias desde Hermosillo, Sonora","publisher":{"@id":"https:\/\/www.sonoraenequipo.com.mx\/#organization"},"potentialAction":[{"@type":"SearchAction","target":{"@type":"EntryPoint","urlTemplate":"https:\/\/www.sonoraenequipo.com.mx\/?s={search_term_string}"},"query-input":{"@type":"PropertyValueSpecification","valueRequired":true,"valueName":"search_term_string"}}],"inLanguage":"es"},{"@type":"Organization","@id":"https:\/\/www.sonoraenequipo.com.mx\/#organization","name":"Sonoraenequipo.com.mx","url":"https:\/\/www.sonoraenequipo.com.mx\/","logo":{"@type":"ImageObject","inLanguage":"es","@id":"https:\/\/www.sonoraenequipo.com.mx\/#\/schema\/logo\/image\/","url":"https:\/\/www.sonoraenequipo.com.mx\/storage\/2019\/01\/sonoraenequipo_opt.png","contentUrl":"https:\/\/www.sonoraenequipo.com.mx\/storage\/2019\/01\/sonoraenequipo_opt.png","width":375,"height":125,"caption":"Sonoraenequipo.com.mx"},"image":{"@id":"https:\/\/www.sonoraenequipo.com.mx\/#\/schema\/logo\/image\/"},"sameAs":["https:\/\/www.facebook.com\/SonoraEE\/","https:\/\/x.com\/sonoraenequipo","https:\/\/www.youtube.com\/channel\/UC338nW-lPEYmJQs4ZABQ1SQ"]},{"@type":"Person","@id":"https:\/\/www.sonoraenequipo.com.mx\/#\/schema\/person\/50102df0fb23a8fa9e8effad8fa81386","name":"enequipo","image":{"@type":"ImageObject","inLanguage":"es","@id":"https:\/\/www.sonoraenequipo.com.mx\/#\/schema\/person\/image\/","url":"https:\/\/secure.gravatar.com\/avatar\/049821681b589dabc0bc20695993ccebb09f5b5d4d790cd9251b97faac7c652b?s=96&d=blank&r=g","contentUrl":"https:\/\/secure.gravatar.com\/avatar\/049821681b589dabc0bc20695993ccebb09f5b5d4d790cd9251b97faac7c652b?s=96&d=blank&r=g","caption":"enequipo"},"sameAs":["https:\/\/www.facebook.com\/SonoraEE"]}]}},"jetpack_featured_media_url":"https:\/\/www.sonoraenequipo.com.mx\/storage\/2024\/10\/magnifica-isj.jpg","_links":{"self":[{"href":"https:\/\/www.sonoraenequipo.com.mx\/api\/wp\/v2\/posts\/202500","targetHints":{"allow":["GET"]}}],"collection":[{"href":"https:\/\/www.sonoraenequipo.com.mx\/api\/wp\/v2\/posts"}],"about":[{"href":"https:\/\/www.sonoraenequipo.com.mx\/api\/wp\/v2\/types\/post"}],"author":[{"embeddable":true,"href":"https:\/\/www.sonoraenequipo.com.mx\/api\/wp\/v2\/users\/1"}],"replies":[{"embeddable":true,"href":"https:\/\/www.sonoraenequipo.com.mx\/api\/wp\/v2\/comments?post=202500"}],"version-history":[{"count":2,"href":"https:\/\/www.sonoraenequipo.com.mx\/api\/wp\/v2\/posts\/202500\/revisions"}],"predecessor-version":[{"id":202524,"href":"https:\/\/www.sonoraenequipo.com.mx\/api\/wp\/v2\/posts\/202500\/revisions\/202524"}],"wp:featuredmedia":[{"embeddable":true,"href":"https:\/\/www.sonoraenequipo.com.mx\/api\/wp\/v2\/media\/202501"}],"wp:attachment":[{"href":"https:\/\/www.sonoraenequipo.com.mx\/api\/wp\/v2\/media?parent=202500"}],"wp:term":[{"taxonomy":"category","embeddable":true,"href":"https:\/\/www.sonoraenequipo.com.mx\/api\/wp\/v2\/categories?post=202500"},{"taxonomy":"post_tag","embeddable":true,"href":"https:\/\/www.sonoraenequipo.com.mx\/api\/wp\/v2\/tags?post=202500"}],"curies":[{"name":"wp","href":"https:\/\/api.w.org\/{rel}","templated":true}]}}