{"id":202525,"date":"2024-10-24T12:59:20","date_gmt":"2024-10-24T19:59:20","guid":{"rendered":"https:\/\/www.sonoraenequipo.com.mx\/?p=202525"},"modified":"2024-10-24T14:26:51","modified_gmt":"2024-10-24T21:26:51","slug":"juzgadores-federales-reanudaran-actividades-el-28-de-octubre","status":"publish","type":"post","link":"https:\/\/www.sonoraenequipo.com.mx\/juzgadores-federales-reanudaran-actividades-el-28-de-octubre\/","title":{"rendered":"Juzgadores federales reanudar\u00e1n actividades el 28 de octubre"},"content":{"rendered":"<p><strong>CIUDAD DE M\u00c9XICO.MX.<\/strong> \u2014 La Asociaci\u00f3n Nacional de Magistrados de Circuito y Jueces de Distrito del Poder Judicial de la Federaci\u00f3n (Jufed) inform\u00f3 que el fin de la suspensi\u00f3n de labores -determinada mediante votaci\u00f3n- deriva de una determinaci\u00f3n libre y aut\u00f3noma de los juzgadores en beneficio de la poblaci\u00f3n, pero manteniendo en todo momento formas leg\u00edtimas de protesta y resistencia.<\/p>\n<p>&nbsp;<\/p>\n<p>&nbsp;<\/p>\n<p><strong>Advierten reanudar suspensi\u00f3n si no hay respuestas a peticiones<\/strong><\/p>\n<p>&nbsp;<\/p>\n<p>Advirti\u00f3 que, ante la falta de resoluci\u00f3n por parte del Consejo de la Judicatura Federal (CJF) a las peticiones de empleados y juzgadores, se reserva el derecho de volver a suspender actividades si en breve no se da respuesta.<\/p>\n<blockquote class=\"twitter-tweet\" data-width=\"550\" data-dnt=\"true\">\n<p lang=\"es\" dir=\"ltr\">\ud83d\udfe1<a href=\"https:\/\/twitter.com\/hashtag\/COMUNICADO?src=hash&amp;ref_src=twsrc%5Etfw\">#COMUNICADO<\/a> En respuesta a la Circular 23\/2024 del <a href=\"https:\/\/twitter.com\/hashtag\/CJF?src=hash&amp;ref_src=twsrc%5Etfw\">#CJF<\/a> se informa que, por mayor\u00eda de votos de las personas juzgadoras, se decidi\u00f3 reanudar labores jurisdiccionales el pr\u00f3ximo lunes 28 de octubre. <a href=\"https:\/\/t.co\/NysT1WabLp\">pic.twitter.com\/NysT1WabLp<\/a><\/p>\n<p>&mdash; Juzgadoras y Juzgadores Federales (@jufed_org) <a href=\"https:\/\/twitter.com\/jufed_org\/status\/1849446160999621009?ref_src=twsrc%5Etfw\">October 24, 2024<\/a><\/p><\/blockquote>\n<p><script async src=\"https:\/\/platform.twitter.com\/widgets.js\" charset=\"utf-8\"><\/script><\/p>\n<p>&nbsp;<\/p>\n<p>&nbsp;<\/p>\n<p>&nbsp;<\/p>\n<p>\u201cReafirmamos enf\u00e1ticamente que la decisi\u00f3n de reanudar labores no significa de ninguna manera el claudicar en nuestra convicci\u00f3n de rechazo de la injusta e inconvencional reforma judicial, as\u00ed como en contra de las acciones emprendidas por los Poderes Ejecutivo y Legislativo que atentan gravemente contra las libertades, derechos y garant\u00edas de todas y todos los mexicanos.<\/p>\n<p>&nbsp;<\/p>\n<p>&nbsp;<\/p>\n<p><em><strong>\u201cEn esta lucha, las personas juzgadoras del Poder Judicial nos mantenemos unidos, comprometidos y firmes en la defensa del Estado de Derecho y en la protecci\u00f3n de los derechos humanos. Esta resistencia contin\u00faa por parte de las personas juzgadoras dentro de los cauces legales, conscientes de que la justicia y el respeto a la Constituci\u00f3n son pilares inquebrantables de nuestra democracia\u201d<\/strong><\/em>, indic\u00f3 la Jufed.<\/p>\n<p>&nbsp;<\/p>\n<p>&nbsp;<\/p>\n<p>Esta decisi\u00f3n, se\u00f1alaron los jueces y magistrados, no compromete la decisi\u00f3n libre de los trabajadores, a quienes apoyan en sus reclamos leg\u00edtimos. Pidieron al CJF que asuma su papel de \u00f3rgano de administraci\u00f3n y respete la autonom\u00eda e independencia de la Judicatura y se pronuncie sobre las peticiones de representantes de las asociaciones de juzgadores, pues estas siguen sin respuesta.<\/p>\n<p>&nbsp;<\/p>\n<p>&nbsp;<\/p>\n<p>Ayer, el CJF orden\u00f3 que se reanuden las actividades y que se apliquen descuentos a los que no acudan a laborar a partir de este 24 de octubre. Tambi\u00e9n exhortaron a la Suprema Corte de Justicia de la Naci\u00f3n a resolver en definitiva los medios legales promovidos.<\/p>\n<p>&nbsp;<\/p>\n<p>&nbsp;<\/p>\n<p>&nbsp;<\/p>\n<p><em><strong>\u201cExhortamos respetuosamente a la Suprema Corte de Justicia de la Naci\u00f3n a resolver en definitiva los medios legales interpuestos y restaurar el orden constitucional de nuestro pa\u00eds, defendiendo el respeto a las suspensiones decretadas en los juicios de amparo por los jueces federales y promovidos no solo por personas juzgadoras sino tambi\u00e9n por los ciudadanos y organizaciones de la sociedad civil para defender la autonom\u00eda e independencia judicial\u201d<\/strong><\/em>, se\u00f1al\u00f3 la Jufed.<\/p>\n<p>&nbsp;<\/p>\n<p>&nbsp;<\/p>\n<p>&nbsp;<\/p>\n<p>PUBLICADO EL 24 DE OCTUBRE DE 2024 Con informaci\u00f3n de medios impresos)<\/p>\n","protected":false},"excerpt":{"rendered":"<p>CIUDAD DE M\u00c9XICO.MX. \u2014 La Asociaci\u00f3n Nacional de Magistrados de Circuito y Jueces de Distrito&#8230;<\/p>\n","protected":false},"author":1,"featured_media":202516,"comment_status":"open","ping_status":"open","sticky":false,"template":"","format":"standard","meta":{"_monsterinsights_skip_tracking":false,"_monsterinsights_sitenote_active":false,"_monsterinsights_sitenote_note":"","_monsterinsights_sitenote_category":0,"footnotes":""},"categories":[5],"tags":[],"class_list":["post"],"yoast_head":" \n<title>Sonora en Equipo. Juzgadores federales reanudar\u00e1n actividades el 28 de octubre Rep\u00fablica<\/title>\n<meta name=\"description\" content=\"CIUDAD DE M\u00c9XICO.MX. \u2014 La Asociaci\u00f3n Nacional de Magistrados de Circuito y Jueces de Distrito del Poder Judicial de la Federaci\u00f3n (Jufed) inform\u00f3 que el En Sonora en Equipo publicamos toda la informaci\u00f3n de Sonora, M\u00e9xico y el Mundo de manera oportuna y busca que la libertad de expresi\u00f3n sea real. Visita nuestro medio informativo publicado desde Hermosillo, Sonora. %\" \/>\n<meta name=\"robots\" content=\"index, follow, max-snippet:-1, max-image-preview:large, max-video-preview:-1\" \/>\n<link rel=\"canonical\" href=\"https:\/\/www.sonoraenequipo.com.mx\/juzgadores-federales-reanudaran-actividades-el-28-de-octubre\/\" \/>\n<meta property=\"og:locale\" content=\"es_ES\" \/>\n<meta property=\"og:type\" content=\"article\" \/>\n<meta property=\"og:title\" content=\"Sonora en Equipo. Juzgadores federales reanudar\u00e1n actividades el 28 de octubre Rep\u00fablica\" \/>\n<meta property=\"og:description\" content=\"CIUDAD DE M\u00c9XICO.MX. \u2014 La Asociaci\u00f3n Nacional de Magistrados de Circuito y Jueces de Distrito del Poder Judicial de la Federaci\u00f3n (Jufed) inform\u00f3 que el En Sonora en Equipo publicamos toda la informaci\u00f3n de Sonora, M\u00e9xico y el Mundo de manera oportuna y busca que la libertad de expresi\u00f3n sea real. Visita nuestro medio informativo publicado desde Hermosillo, Sonora. %\" \/>\n<meta property=\"og:url\" content=\"https:\/\/www.sonoraenequipo.com.mx\/juzgadores-federales-reanudaran-actividades-el-28-de-octubre\/\" \/>\n<meta property=\"og:site_name\" content=\"Sonora en Equipo.\" \/>\n<meta property=\"article:publisher\" content=\"https:\/\/www.facebook.com\/SonoraEE\/\" \/>\n<meta property=\"article:author\" content=\"https:\/\/www.facebook.com\/SonoraEE\" \/>\n<meta property=\"article:published_time\" content=\"2024-10-24T19:59:20+00:00\" \/>\n<meta property=\"article:modified_time\" content=\"2024-10-24T21:26:51+00:00\" \/>\n<meta property=\"og:image\" content=\"https:\/\/www.sonoraenequipo.com.mx\/storage\/2024\/10\/poder-judicial-levantara-el-planton-el-28-min.jpg\" \/>\n\t<meta property=\"og:image:width\" content=\"891\" \/>\n\t<meta property=\"og:image:height\" content=\"555\" \/>\n\t<meta property=\"og:image:type\" content=\"image\/jpeg\" \/>\n<meta name=\"author\" content=\"enequipo\" \/>\n<meta name=\"twitter:card\" content=\"summary_large_image\" \/>\n<meta name=\"twitter:creator\" content=\"@sonoraenequipo\" \/>\n<meta name=\"twitter:site\" content=\"@sonoraenequipo\" \/>\n<meta name=\"twitter:label1\" content=\"Escrito por\" \/>\n\t<meta name=\"twitter:data1\" content=\"enequipo\" \/>\n\t<meta name=\"twitter:label2\" content=\"Tiempo de lectura\" \/>\n\t<meta name=\"twitter:data2\" content=\"2 minutos\" \/>\n<script type=\"application\/ld+json\" class=\"yoast-schema-graph\">{\"@context\":\"https:\/\/schema.org\",\"@graph\":[{\"@type\":\"Article\",\"@id\":\"https:\/\/www.sonoraenequipo.com.mx\/juzgadores-federales-reanudaran-actividades-el-28-de-octubre\/#article\",\"isPartOf\":{\"@id\":\"https:\/\/www.sonoraenequipo.com.mx\/juzgadores-federales-reanudaran-actividades-el-28-de-octubre\/\"},\"author\":{\"name\":\"enequipo\",\"@id\":\"https:\/\/www.sonoraenequipo.com.mx\/#\/schema\/person\/50102df0fb23a8fa9e8effad8fa81386\"},\"headline\":\"Juzgadores federales reanudar\u00e1n actividades el 28 de octubre\",\"datePublished\":\"2024-10-24T19:59:20+00:00\",\"dateModified\":\"2024-10-24T21:26:51+00:00\",\"mainEntityOfPage\":{\"@id\":\"https:\/\/www.sonoraenequipo.com.mx\/juzgadores-federales-reanudaran-actividades-el-28-de-octubre\/\"},\"wordCount\":479,\"commentCount\":0,\"publisher\":{\"@id\":\"https:\/\/www.sonoraenequipo.com.mx\/#organization\"},\"image\":{\"@id\":\"https:\/\/www.sonoraenequipo.com.mx\/juzgadores-federales-reanudaran-actividades-el-28-de-octubre\/#primaryimage\"},\"thumbnailUrl\":\"https:\/\/www.sonoraenequipo.com.mx\/storage\/2024\/10\/poder-judicial-levantara-el-planton-el-28-min.jpg\",\"articleSection\":[\"Rep\u00fablica\"],\"inLanguage\":\"es\",\"potentialAction\":[{\"@type\":\"CommentAction\",\"name\":\"Comment\",\"target\":[\"https:\/\/www.sonoraenequipo.com.mx\/juzgadores-federales-reanudaran-actividades-el-28-de-octubre\/#respond\"]}]},{\"@type\":\"WebPage\",\"@id\":\"https:\/\/www.sonoraenequipo.com.mx\/juzgadores-federales-reanudaran-actividades-el-28-de-octubre\/\",\"url\":\"https:\/\/www.sonoraenequipo.com.mx\/juzgadores-federales-reanudaran-actividades-el-28-de-octubre\/\",\"name\":\"Sonora en Equipo. Juzgadores federales reanudar\u00e1n actividades el 28 de octubre Rep\u00fablica\",\"isPartOf\":{\"@id\":\"https:\/\/www.sonoraenequipo.com.mx\/#website\"},\"primaryImageOfPage\":{\"@id\":\"https:\/\/www.sonoraenequipo.com.mx\/juzgadores-federales-reanudaran-actividades-el-28-de-octubre\/#primaryimage\"},\"image\":{\"@id\":\"https:\/\/www.sonoraenequipo.com.mx\/juzgadores-federales-reanudaran-actividades-el-28-de-octubre\/#primaryimage\"},\"thumbnailUrl\":\"https:\/\/www.sonoraenequipo.com.mx\/storage\/2024\/10\/poder-judicial-levantara-el-planton-el-28-min.jpg\",\"datePublished\":\"2024-10-24T19:59:20+00:00\",\"dateModified\":\"2024-10-24T21:26:51+00:00\",\"description\":\"CIUDAD DE M\u00c9XICO.MX. \u2014 La Asociaci\u00f3n Nacional de Magistrados de Circuito y Jueces de Distrito del Poder Judicial de la Federaci\u00f3n (Jufed) inform\u00f3 que el En Sonora en Equipo publicamos toda la informaci\u00f3n de Sonora, M\u00e9xico y el Mundo de manera oportuna y busca que la libertad de expresi\u00f3n sea real. Visita nuestro medio informativo publicado desde Hermosillo, Sonora. %\",\"breadcrumb\":{\"@id\":\"https:\/\/www.sonoraenequipo.com.mx\/juzgadores-federales-reanudaran-actividades-el-28-de-octubre\/#breadcrumb\"},\"inLanguage\":\"es\",\"potentialAction\":[{\"@type\":\"ReadAction\",\"target\":[\"https:\/\/www.sonoraenequipo.com.mx\/juzgadores-federales-reanudaran-actividades-el-28-de-octubre\/\"]}]},{\"@type\":\"ImageObject\",\"inLanguage\":\"es\",\"@id\":\"https:\/\/www.sonoraenequipo.com.mx\/juzgadores-federales-reanudaran-actividades-el-28-de-octubre\/#primaryimage\",\"url\":\"https:\/\/www.sonoraenequipo.com.mx\/storage\/2024\/10\/poder-judicial-levantara-el-planton-el-28-min.jpg\",\"contentUrl\":\"https:\/\/www.sonoraenequipo.com.mx\/storage\/2024\/10\/poder-judicial-levantara-el-planton-el-28-min.jpg\",\"width\":891,\"height\":555},{\"@type\":\"BreadcrumbList\",\"@id\":\"https:\/\/www.sonoraenequipo.com.mx\/juzgadores-federales-reanudaran-actividades-el-28-de-octubre\/#breadcrumb\",\"itemListElement\":[{\"@type\":\"ListItem\",\"position\":1,\"name\":\"Portada\",\"item\":\"https:\/\/www.sonoraenequipo.com.mx\/\"},{\"@type\":\"ListItem\",\"position\":2,\"name\":\"Juzgadores federales reanudar\u00e1n actividades el 28 de octubre\"}]},{\"@type\":\"WebSite\",\"@id\":\"https:\/\/www.sonoraenequipo.com.mx\/#website\",\"url\":\"https:\/\/www.sonoraenequipo.com.mx\/\",\"name\":\"Sonora en Equipo.\",\"description\":\"Diario en l\u00ednea con Noticias desde Hermosillo, Sonora\",\"publisher\":{\"@id\":\"https:\/\/www.sonoraenequipo.com.mx\/#organization\"},\"potentialAction\":[{\"@type\":\"SearchAction\",\"target\":{\"@type\":\"EntryPoint\",\"urlTemplate\":\"https:\/\/www.sonoraenequipo.com.mx\/?s={search_term_string}\"},\"query-input\":{\"@type\":\"PropertyValueSpecification\",\"valueRequired\":true,\"valueName\":\"search_term_string\"}}],\"inLanguage\":\"es\"},{\"@type\":\"Organization\",\"@id\":\"https:\/\/www.sonoraenequipo.com.mx\/#organization\",\"name\":\"Sonoraenequipo.com.mx\",\"url\":\"https:\/\/www.sonoraenequipo.com.mx\/\",\"logo\":{\"@type\":\"ImageObject\",\"inLanguage\":\"es\",\"@id\":\"https:\/\/www.sonoraenequipo.com.mx\/#\/schema\/logo\/image\/\",\"url\":\"https:\/\/www.sonoraenequipo.com.mx\/storage\/2019\/01\/sonoraenequipo_opt.png\",\"contentUrl\":\"https:\/\/www.sonoraenequipo.com.mx\/storage\/2019\/01\/sonoraenequipo_opt.png\",\"width\":375,\"height\":125,\"caption\":\"Sonoraenequipo.com.mx\"},\"image\":{\"@id\":\"https:\/\/www.sonoraenequipo.com.mx\/#\/schema\/logo\/image\/\"},\"sameAs\":[\"https:\/\/www.facebook.com\/SonoraEE\/\",\"https:\/\/x.com\/sonoraenequipo\",\"https:\/\/www.youtube.com\/channel\/UC338nW-lPEYmJQs4ZABQ1SQ\"]},{\"@type\":\"Person\",\"@id\":\"https:\/\/www.sonoraenequipo.com.mx\/#\/schema\/person\/50102df0fb23a8fa9e8effad8fa81386\",\"name\":\"enequipo\",\"image\":{\"@type\":\"ImageObject\",\"inLanguage\":\"es\",\"@id\":\"https:\/\/www.sonoraenequipo.com.mx\/#\/schema\/person\/image\/\",\"url\":\"https:\/\/secure.gravatar.com\/avatar\/049821681b589dabc0bc20695993ccebb09f5b5d4d790cd9251b97faac7c652b?s=96&d=blank&r=g\",\"contentUrl\":\"https:\/\/secure.gravatar.com\/avatar\/049821681b589dabc0bc20695993ccebb09f5b5d4d790cd9251b97faac7c652b?s=96&d=blank&r=g\",\"caption\":\"enequipo\"},\"sameAs\":[\"https:\/\/www.facebook.com\/SonoraEE\"]}]}<\/script>\n ","yoast_head_json":{"title":"Sonora en Equipo. Juzgadores federales reanudar\u00e1n actividades el 28 de octubre Rep\u00fablica","description":"CIUDAD DE M\u00c9XICO.MX. \u2014 La Asociaci\u00f3n Nacional de Magistrados de Circuito y Jueces de Distrito del Poder Judicial de la Federaci\u00f3n (Jufed) inform\u00f3 que el En Sonora en Equipo publicamos toda la informaci\u00f3n de Sonora, M\u00e9xico y el Mundo de manera oportuna y busca que la libertad de expresi\u00f3n sea real. Visita nuestro medio informativo publicado desde Hermosillo, Sonora. %","robots":{"index":"index","follow":"follow","max-snippet":"max-snippet:-1","max-image-preview":"max-image-preview:large","max-video-preview":"max-video-preview:-1"},"canonical":"https:\/\/www.sonoraenequipo.com.mx\/juzgadores-federales-reanudaran-actividades-el-28-de-octubre\/","og_locale":"es_ES","og_type":"article","og_title":"Sonora en Equipo. Juzgadores federales reanudar\u00e1n actividades el 28 de octubre Rep\u00fablica","og_description":"CIUDAD DE M\u00c9XICO.MX. \u2014 La Asociaci\u00f3n Nacional de Magistrados de Circuito y Jueces de Distrito del Poder Judicial de la Federaci\u00f3n (Jufed) inform\u00f3 que el En Sonora en Equipo publicamos toda la informaci\u00f3n de Sonora, M\u00e9xico y el Mundo de manera oportuna y busca que la libertad de expresi\u00f3n sea real. Visita nuestro medio informativo publicado desde Hermosillo, Sonora. %","og_url":"https:\/\/www.sonoraenequipo.com.mx\/juzgadores-federales-reanudaran-actividades-el-28-de-octubre\/","og_site_name":"Sonora en Equipo.","article_publisher":"https:\/\/www.facebook.com\/SonoraEE\/","article_author":"https:\/\/www.facebook.com\/SonoraEE","article_published_time":"2024-10-24T19:59:20+00:00","article_modified_time":"2024-10-24T21:26:51+00:00","og_image":[{"width":891,"height":555,"url":"https:\/\/www.sonoraenequipo.com.mx\/storage\/2024\/10\/poder-judicial-levantara-el-planton-el-28-min.jpg","type":"image\/jpeg"}],"author":"enequipo","twitter_card":"summary_large_image","twitter_creator":"@sonoraenequipo","twitter_site":"@sonoraenequipo","twitter_misc":{"Escrito por":"enequipo","Tiempo de lectura":"2 minutos"},"schema":{"@context":"https:\/\/schema.org","@graph":[{"@type":"Article","@id":"https:\/\/www.sonoraenequipo.com.mx\/juzgadores-federales-reanudaran-actividades-el-28-de-octubre\/#article","isPartOf":{"@id":"https:\/\/www.sonoraenequipo.com.mx\/juzgadores-federales-reanudaran-actividades-el-28-de-octubre\/"},"author":{"name":"enequipo","@id":"https:\/\/www.sonoraenequipo.com.mx\/#\/schema\/person\/50102df0fb23a8fa9e8effad8fa81386"},"headline":"Juzgadores federales reanudar\u00e1n actividades el 28 de octubre","datePublished":"2024-10-24T19:59:20+00:00","dateModified":"2024-10-24T21:26:51+00:00","mainEntityOfPage":{"@id":"https:\/\/www.sonoraenequipo.com.mx\/juzgadores-federales-reanudaran-actividades-el-28-de-octubre\/"},"wordCount":479,"commentCount":0,"publisher":{"@id":"https:\/\/www.sonoraenequipo.com.mx\/#organization"},"image":{"@id":"https:\/\/www.sonoraenequipo.com.mx\/juzgadores-federales-reanudaran-actividades-el-28-de-octubre\/#primaryimage"},"thumbnailUrl":"https:\/\/www.sonoraenequipo.com.mx\/storage\/2024\/10\/poder-judicial-levantara-el-planton-el-28-min.jpg","articleSection":["Rep\u00fablica"],"inLanguage":"es","potentialAction":[{"@type":"CommentAction","name":"Comment","target":["https:\/\/www.sonoraenequipo.com.mx\/juzgadores-federales-reanudaran-actividades-el-28-de-octubre\/#respond"]}]},{"@type":"WebPage","@id":"https:\/\/www.sonoraenequipo.com.mx\/juzgadores-federales-reanudaran-actividades-el-28-de-octubre\/","url":"https:\/\/www.sonoraenequipo.com.mx\/juzgadores-federales-reanudaran-actividades-el-28-de-octubre\/","name":"Sonora en Equipo. Juzgadores federales reanudar\u00e1n actividades el 28 de octubre Rep\u00fablica","isPartOf":{"@id":"https:\/\/www.sonoraenequipo.com.mx\/#website"},"primaryImageOfPage":{"@id":"https:\/\/www.sonoraenequipo.com.mx\/juzgadores-federales-reanudaran-actividades-el-28-de-octubre\/#primaryimage"},"image":{"@id":"https:\/\/www.sonoraenequipo.com.mx\/juzgadores-federales-reanudaran-actividades-el-28-de-octubre\/#primaryimage"},"thumbnailUrl":"https:\/\/www.sonoraenequipo.com.mx\/storage\/2024\/10\/poder-judicial-levantara-el-planton-el-28-min.jpg","datePublished":"2024-10-24T19:59:20+00:00","dateModified":"2024-10-24T21:26:51+00:00","description":"CIUDAD DE M\u00c9XICO.MX. \u2014 La Asociaci\u00f3n Nacional de Magistrados de Circuito y Jueces de Distrito del Poder Judicial de la Federaci\u00f3n (Jufed) inform\u00f3 que el En Sonora en Equipo publicamos toda la informaci\u00f3n de Sonora, M\u00e9xico y el Mundo de manera oportuna y busca que la libertad de expresi\u00f3n sea real. Visita nuestro medio informativo publicado desde Hermosillo, Sonora. %","breadcrumb":{"@id":"https:\/\/www.sonoraenequipo.com.mx\/juzgadores-federales-reanudaran-actividades-el-28-de-octubre\/#breadcrumb"},"inLanguage":"es","potentialAction":[{"@type":"ReadAction","target":["https:\/\/www.sonoraenequipo.com.mx\/juzgadores-federales-reanudaran-actividades-el-28-de-octubre\/"]}]},{"@type":"ImageObject","inLanguage":"es","@id":"https:\/\/www.sonoraenequipo.com.mx\/juzgadores-federales-reanudaran-actividades-el-28-de-octubre\/#primaryimage","url":"https:\/\/www.sonoraenequipo.com.mx\/storage\/2024\/10\/poder-judicial-levantara-el-planton-el-28-min.jpg","contentUrl":"https:\/\/www.sonoraenequipo.com.mx\/storage\/2024\/10\/poder-judicial-levantara-el-planton-el-28-min.jpg","width":891,"height":555},{"@type":"BreadcrumbList","@id":"https:\/\/www.sonoraenequipo.com.mx\/juzgadores-federales-reanudaran-actividades-el-28-de-octubre\/#breadcrumb","itemListElement":[{"@type":"ListItem","position":1,"name":"Portada","item":"https:\/\/www.sonoraenequipo.com.mx\/"},{"@type":"ListItem","position":2,"name":"Juzgadores federales reanudar\u00e1n actividades el 28 de octubre"}]},{"@type":"WebSite","@id":"https:\/\/www.sonoraenequipo.com.mx\/#website","url":"https:\/\/www.sonoraenequipo.com.mx\/","name":"Sonora en Equipo.","description":"Diario en l\u00ednea con Noticias desde Hermosillo, Sonora","publisher":{"@id":"https:\/\/www.sonoraenequipo.com.mx\/#organization"},"potentialAction":[{"@type":"SearchAction","target":{"@type":"EntryPoint","urlTemplate":"https:\/\/www.sonoraenequipo.com.mx\/?s={search_term_string}"},"query-input":{"@type":"PropertyValueSpecification","valueRequired":true,"valueName":"search_term_string"}}],"inLanguage":"es"},{"@type":"Organization","@id":"https:\/\/www.sonoraenequipo.com.mx\/#organization","name":"Sonoraenequipo.com.mx","url":"https:\/\/www.sonoraenequipo.com.mx\/","logo":{"@type":"ImageObject","inLanguage":"es","@id":"https:\/\/www.sonoraenequipo.com.mx\/#\/schema\/logo\/image\/","url":"https:\/\/www.sonoraenequipo.com.mx\/storage\/2019\/01\/sonoraenequipo_opt.png","contentUrl":"https:\/\/www.sonoraenequipo.com.mx\/storage\/2019\/01\/sonoraenequipo_opt.png","width":375,"height":125,"caption":"Sonoraenequipo.com.mx"},"image":{"@id":"https:\/\/www.sonoraenequipo.com.mx\/#\/schema\/logo\/image\/"},"sameAs":["https:\/\/www.facebook.com\/SonoraEE\/","https:\/\/x.com\/sonoraenequipo","https:\/\/www.youtube.com\/channel\/UC338nW-lPEYmJQs4ZABQ1SQ"]},{"@type":"Person","@id":"https:\/\/www.sonoraenequipo.com.mx\/#\/schema\/person\/50102df0fb23a8fa9e8effad8fa81386","name":"enequipo","image":{"@type":"ImageObject","inLanguage":"es","@id":"https:\/\/www.sonoraenequipo.com.mx\/#\/schema\/person\/image\/","url":"https:\/\/secure.gravatar.com\/avatar\/049821681b589dabc0bc20695993ccebb09f5b5d4d790cd9251b97faac7c652b?s=96&d=blank&r=g","contentUrl":"https:\/\/secure.gravatar.com\/avatar\/049821681b589dabc0bc20695993ccebb09f5b5d4d790cd9251b97faac7c652b?s=96&d=blank&r=g","caption":"enequipo"},"sameAs":["https:\/\/www.facebook.com\/SonoraEE"]}]}},"jetpack_featured_media_url":"https:\/\/www.sonoraenequipo.com.mx\/storage\/2024\/10\/poder-judicial-levantara-el-planton-el-28-min.jpg","_links":{"self":[{"href":"https:\/\/www.sonoraenequipo.com.mx\/api\/wp\/v2\/posts\/202525","targetHints":{"allow":["GET"]}}],"collection":[{"href":"https:\/\/www.sonoraenequipo.com.mx\/api\/wp\/v2\/posts"}],"about":[{"href":"https:\/\/www.sonoraenequipo.com.mx\/api\/wp\/v2\/types\/post"}],"author":[{"embeddable":true,"href":"https:\/\/www.sonoraenequipo.com.mx\/api\/wp\/v2\/users\/1"}],"replies":[{"embeddable":true,"href":"https:\/\/www.sonoraenequipo.com.mx\/api\/wp\/v2\/comments?post=202525"}],"version-history":[{"count":1,"href":"https:\/\/www.sonoraenequipo.com.mx\/api\/wp\/v2\/posts\/202525\/revisions"}],"predecessor-version":[{"id":202527,"href":"https:\/\/www.sonoraenequipo.com.mx\/api\/wp\/v2\/posts\/202525\/revisions\/202527"}],"wp:featuredmedia":[{"embeddable":true,"href":"https:\/\/www.sonoraenequipo.com.mx\/api\/wp\/v2\/media\/202516"}],"wp:attachment":[{"href":"https:\/\/www.sonoraenequipo.com.mx\/api\/wp\/v2\/media?parent=202525"}],"wp:term":[{"taxonomy":"category","embeddable":true,"href":"https:\/\/www.sonoraenequipo.com.mx\/api\/wp\/v2\/categories?post=202525"},{"taxonomy":"post_tag","embeddable":true,"href":"https:\/\/www.sonoraenequipo.com.mx\/api\/wp\/v2\/tags?post=202525"}],"curies":[{"name":"wp","href":"https:\/\/api.w.org\/{rel}","templated":true}]}}