{"id":202529,"date":"2024-10-24T08:25:49","date_gmt":"2024-10-24T15:25:49","guid":{"rendered":"https:\/\/www.sonoraenequipo.com.mx\/?p=202529"},"modified":"2024-10-24T14:48:25","modified_gmt":"2024-10-24T21:48:25","slug":"el-papa-francisco-condena-un-mundo-que-ha-perdido-el-corazon","status":"publish","type":"post","link":"https:\/\/www.sonoraenequipo.com.mx\/el-papa-francisco-condena-un-mundo-que-ha-perdido-el-corazon\/","title":{"rendered":"El papa Francisco condena un mundo que ha &#8216;perdido el coraz\u00f3n&#8217;"},"content":{"rendered":"<p><strong>CIUDAD DEL VATICANO. \u2014 <\/strong>\u00a0El papa Francisco emiti\u00f3 el jueves la cuarta enc\u00edclica de su papado, en la que conden\u00f3 un mundo <em><strong>\u00abque parece haber perdido el coraz\u00f3n\u00bb<\/strong><\/em> en una \u00e9poca de convulsi\u00f3n global marcada por <em><strong>\u201cguerras, desequilibrios socioecon\u00f3micos, consumismo y uso antihumano de la tecnolog\u00eda\u201d.<\/strong><\/em><\/p>\n<p> <\/p>\n<p>El documento, titulado<strong> \u201cDilexit Nos\u201d, o \u201cNos am\u00f3<\/strong>\u201d en lat\u00edn, se public\u00f3 coincidiendo con el 350mo aniversario de la primera aparici\u00f3n de santa Margarita Mar\u00eda Alacoque, que ayud\u00f3 a difundir la devoci\u00f3n al sagrado coraz\u00f3n de Jes\u00fas, asociado a la idea del amor divino por la humanidad.<\/p>\n<p>La enc\u00edclica de car\u00e1cter social pide a los fieles que \u201cmediten\u201d sobre el amor de Jes\u00fas en un mundo en el que el consumismo y los algoritmos hacen sombra a la humanidad. Era su cuarta enc\u00edclica, de las que la m\u00e1s conocida es \u201cLaudato Si\u201d, o \u201cAlabado sea\u201d, que planteaba el cuidado del medio ambiente en t\u00e9rminos morales.<\/p>\n<p>En las 350 p\u00e1ginas de \u201cDilexit Nos\u201d, un documento publicado en ocho idiomas, el pont\u00edfice no especific\u00f3 una crisis concreta, aunque suele mencionar conflictos como los de Ucrania o Gaza en homil\u00edas, plegarias semanales y viajes al extranjero.<\/p>\n<p>Francisco suele pedir oraciones por el pueblo \u201cmartirizado\u201d de Ucrania y hace poco habl\u00f3 de \u201cataques inhumanos\u201d en Gaza. En el conflicto en Oriente Medio ha tendido hacia una posici\u00f3n equilibrada, mencionando a menudo a Israel y los rehenes a\u00fan en poder de Ham\u00e1s al mismo tiempo que el sufrimiento de los palestinos.<\/p>\n<p>En el texto, el pont\u00edfice dijo que no sentir como \u201cintolerable\u201d el sufrimiento en los dos bandos de un conflicto \u201ces signo de un mundo sin coraz\u00f3n\u201d.<\/p>\n<p><strong><em>\u201cViendo c\u00f3mo se suceden nuevas guerras, con la complicidad, tolerancia o indiferencia de otros pa\u00edses, o con meras luchas de poder en torno a intereses parciales, podemos pensar que la sociedad mundial est\u00e1 perdiendo el coraz\u00f3n\u201d<\/em><\/strong>, escribi\u00f3.<\/p>\n<p>El papa tambi\u00e9n advirti\u00f3 que las sociedades marcadas por el consumismo, dominadas \u201cpor los ritmos y ruidos de la tecnolog\u00eda\u201d corr\u00edan el riesgo de dificultar la vida interior de sus habitantes.<\/p>\n<p>Se\u00f1al\u00f3 que los algoritmos han revelado que <em><strong>\u201cnuestros pensamientos y lo que decide la voluntad son mucho m\u00e1s \u2018est\u00e1ndar\u2019 de lo que cre\u00edamos. Son f\u00e1cilmente predecibles y manipulables\u201d.<\/strong><\/em><\/p>\n<p>En una era de inteligencia artificial, se\u00f1al\u00f3, \u201c<strong><em>no podemos olvidar que para salvar lo humano hacen falta la poes\u00eda y el amor\u201d.<\/em><\/strong><\/p>\n<p>PUBLICADO EL 24 DE OCTUBRE DE 2024 Con informaci\u00f3n de AFP)<\/p>\n","protected":false},"excerpt":{"rendered":"<p>CIUDAD DEL VATICANO. \u2014 \u00a0El papa Francisco emiti\u00f3 el jueves la cuarta enc\u00edclica de su&#8230;<\/p>\n","protected":false},"author":1,"featured_media":202530,"comment_status":"open","ping_status":"open","sticky":false,"template":"","format":"standard","meta":{"_monsterinsights_skip_tracking":false,"_monsterinsights_sitenote_active":false,"_monsterinsights_sitenote_note":"","_monsterinsights_sitenote_category":0,"footnotes":""},"categories":[3],"tags":[],"class_list":["post"],"yoast_head":" \n<title>Sonora en Equipo. El papa Francisco condena un mundo que ha &#039;perdido el coraz\u00f3n&#039; MUNDO<\/title>\n<meta name=\"description\" content=\"CIUDAD DEL VATICANO. \u2014 \u00a0El papa Francisco emiti\u00f3 el jueves la cuarta enc\u00edclica de su papado, en la que conden\u00f3 un mundo &quot;que parece haber perdido el En Sonora en Equipo publicamos toda la informaci\u00f3n de Sonora, M\u00e9xico y el Mundo de manera oportuna y busca que la libertad de expresi\u00f3n sea real. Visita nuestro medio informativo publicado desde Hermosillo, Sonora. %\" \/>\n<meta name=\"robots\" content=\"index, follow, max-snippet:-1, max-image-preview:large, max-video-preview:-1\" \/>\n<link rel=\"canonical\" href=\"https:\/\/www.sonoraenequipo.com.mx\/el-papa-francisco-condena-un-mundo-que-ha-perdido-el-corazon\/\" \/>\n<meta property=\"og:locale\" content=\"es_ES\" \/>\n<meta property=\"og:type\" content=\"article\" \/>\n<meta property=\"og:title\" content=\"Sonora en Equipo. El papa Francisco condena un mundo que ha &#039;perdido el coraz\u00f3n&#039; MUNDO\" \/>\n<meta property=\"og:description\" content=\"CIUDAD DEL VATICANO. \u2014 \u00a0El papa Francisco emiti\u00f3 el jueves la cuarta enc\u00edclica de su papado, en la que conden\u00f3 un mundo &quot;que parece haber perdido el En Sonora en Equipo publicamos toda la informaci\u00f3n de Sonora, M\u00e9xico y el Mundo de manera oportuna y busca que la libertad de expresi\u00f3n sea real. Visita nuestro medio informativo publicado desde Hermosillo, Sonora. %\" \/>\n<meta property=\"og:url\" content=\"https:\/\/www.sonoraenequipo.com.mx\/el-papa-francisco-condena-un-mundo-que-ha-perdido-el-corazon\/\" \/>\n<meta property=\"og:site_name\" content=\"Sonora en Equipo.\" \/>\n<meta property=\"article:publisher\" content=\"https:\/\/www.facebook.com\/SonoraEE\/\" \/>\n<meta property=\"article:author\" content=\"https:\/\/www.facebook.com\/SonoraEE\" \/>\n<meta property=\"article:published_time\" content=\"2024-10-24T15:25:49+00:00\" \/>\n<meta property=\"article:modified_time\" content=\"2024-10-24T21:48:25+00:00\" \/>\n<meta property=\"og:image\" content=\"https:\/\/www.sonoraenequipo.com.mx\/storage\/2024\/10\/papa-JP-segundo.2-min.jpg\" \/>\n\t<meta property=\"og:image:width\" content=\"900\" \/>\n\t<meta property=\"og:image:height\" content=\"564\" \/>\n\t<meta property=\"og:image:type\" content=\"image\/jpeg\" \/>\n<meta name=\"author\" content=\"enequipo\" \/>\n<meta name=\"twitter:card\" content=\"summary_large_image\" \/>\n<meta name=\"twitter:creator\" content=\"@sonoraenequipo\" \/>\n<meta name=\"twitter:site\" content=\"@sonoraenequipo\" \/>\n<meta name=\"twitter:label1\" content=\"Escrito por\" \/>\n\t<meta name=\"twitter:data1\" content=\"enequipo\" \/>\n\t<meta name=\"twitter:label2\" content=\"Tiempo de lectura\" \/>\n\t<meta name=\"twitter:data2\" content=\"2 minutos\" \/>\n<script type=\"application\/ld+json\" class=\"yoast-schema-graph\">{\"@context\":\"https:\/\/schema.org\",\"@graph\":[{\"@type\":\"Article\",\"@id\":\"https:\/\/www.sonoraenequipo.com.mx\/el-papa-francisco-condena-un-mundo-que-ha-perdido-el-corazon\/#article\",\"isPartOf\":{\"@id\":\"https:\/\/www.sonoraenequipo.com.mx\/el-papa-francisco-condena-un-mundo-que-ha-perdido-el-corazon\/\"},\"author\":{\"name\":\"enequipo\",\"@id\":\"https:\/\/www.sonoraenequipo.com.mx\/#\/schema\/person\/50102df0fb23a8fa9e8effad8fa81386\"},\"headline\":\"El papa Francisco condena un mundo que ha &#8216;perdido el coraz\u00f3n&#8217;\",\"datePublished\":\"2024-10-24T15:25:49+00:00\",\"dateModified\":\"2024-10-24T21:48:25+00:00\",\"mainEntityOfPage\":{\"@id\":\"https:\/\/www.sonoraenequipo.com.mx\/el-papa-francisco-condena-un-mundo-que-ha-perdido-el-corazon\/\"},\"wordCount\":445,\"commentCount\":0,\"publisher\":{\"@id\":\"https:\/\/www.sonoraenequipo.com.mx\/#organization\"},\"image\":{\"@id\":\"https:\/\/www.sonoraenequipo.com.mx\/el-papa-francisco-condena-un-mundo-que-ha-perdido-el-corazon\/#primaryimage\"},\"thumbnailUrl\":\"https:\/\/www.sonoraenequipo.com.mx\/storage\/2024\/10\/papa-JP-segundo.2-min.jpg\",\"articleSection\":[\"MUNDO\"],\"inLanguage\":\"es\",\"potentialAction\":[{\"@type\":\"CommentAction\",\"name\":\"Comment\",\"target\":[\"https:\/\/www.sonoraenequipo.com.mx\/el-papa-francisco-condena-un-mundo-que-ha-perdido-el-corazon\/#respond\"]}]},{\"@type\":\"WebPage\",\"@id\":\"https:\/\/www.sonoraenequipo.com.mx\/el-papa-francisco-condena-un-mundo-que-ha-perdido-el-corazon\/\",\"url\":\"https:\/\/www.sonoraenequipo.com.mx\/el-papa-francisco-condena-un-mundo-que-ha-perdido-el-corazon\/\",\"name\":\"Sonora en Equipo. El papa Francisco condena un mundo que ha 'perdido el coraz\u00f3n' MUNDO\",\"isPartOf\":{\"@id\":\"https:\/\/www.sonoraenequipo.com.mx\/#website\"},\"primaryImageOfPage\":{\"@id\":\"https:\/\/www.sonoraenequipo.com.mx\/el-papa-francisco-condena-un-mundo-que-ha-perdido-el-corazon\/#primaryimage\"},\"image\":{\"@id\":\"https:\/\/www.sonoraenequipo.com.mx\/el-papa-francisco-condena-un-mundo-que-ha-perdido-el-corazon\/#primaryimage\"},\"thumbnailUrl\":\"https:\/\/www.sonoraenequipo.com.mx\/storage\/2024\/10\/papa-JP-segundo.2-min.jpg\",\"datePublished\":\"2024-10-24T15:25:49+00:00\",\"dateModified\":\"2024-10-24T21:48:25+00:00\",\"description\":\"CIUDAD DEL VATICANO. \u2014 \u00a0El papa Francisco emiti\u00f3 el jueves la cuarta enc\u00edclica de su papado, en la que conden\u00f3 un mundo \\\"que parece haber perdido el En Sonora en Equipo publicamos toda la informaci\u00f3n de Sonora, M\u00e9xico y el Mundo de manera oportuna y busca que la libertad de expresi\u00f3n sea real. Visita nuestro medio informativo publicado desde Hermosillo, Sonora. %\",\"breadcrumb\":{\"@id\":\"https:\/\/www.sonoraenequipo.com.mx\/el-papa-francisco-condena-un-mundo-que-ha-perdido-el-corazon\/#breadcrumb\"},\"inLanguage\":\"es\",\"potentialAction\":[{\"@type\":\"ReadAction\",\"target\":[\"https:\/\/www.sonoraenequipo.com.mx\/el-papa-francisco-condena-un-mundo-que-ha-perdido-el-corazon\/\"]}]},{\"@type\":\"ImageObject\",\"inLanguage\":\"es\",\"@id\":\"https:\/\/www.sonoraenequipo.com.mx\/el-papa-francisco-condena-un-mundo-que-ha-perdido-el-corazon\/#primaryimage\",\"url\":\"https:\/\/www.sonoraenequipo.com.mx\/storage\/2024\/10\/papa-JP-segundo.2-min.jpg\",\"contentUrl\":\"https:\/\/www.sonoraenequipo.com.mx\/storage\/2024\/10\/papa-JP-segundo.2-min.jpg\",\"width\":900,\"height\":564},{\"@type\":\"BreadcrumbList\",\"@id\":\"https:\/\/www.sonoraenequipo.com.mx\/el-papa-francisco-condena-un-mundo-que-ha-perdido-el-corazon\/#breadcrumb\",\"itemListElement\":[{\"@type\":\"ListItem\",\"position\":1,\"name\":\"Portada\",\"item\":\"https:\/\/www.sonoraenequipo.com.mx\/\"},{\"@type\":\"ListItem\",\"position\":2,\"name\":\"El papa Francisco condena un mundo que ha &#8216;perdido el coraz\u00f3n&#8217;\"}]},{\"@type\":\"WebSite\",\"@id\":\"https:\/\/www.sonoraenequipo.com.mx\/#website\",\"url\":\"https:\/\/www.sonoraenequipo.com.mx\/\",\"name\":\"Sonora en Equipo.\",\"description\":\"Diario en l\u00ednea con Noticias desde Hermosillo, Sonora\",\"publisher\":{\"@id\":\"https:\/\/www.sonoraenequipo.com.mx\/#organization\"},\"potentialAction\":[{\"@type\":\"SearchAction\",\"target\":{\"@type\":\"EntryPoint\",\"urlTemplate\":\"https:\/\/www.sonoraenequipo.com.mx\/?s={search_term_string}\"},\"query-input\":{\"@type\":\"PropertyValueSpecification\",\"valueRequired\":true,\"valueName\":\"search_term_string\"}}],\"inLanguage\":\"es\"},{\"@type\":\"Organization\",\"@id\":\"https:\/\/www.sonoraenequipo.com.mx\/#organization\",\"name\":\"Sonoraenequipo.com.mx\",\"url\":\"https:\/\/www.sonoraenequipo.com.mx\/\",\"logo\":{\"@type\":\"ImageObject\",\"inLanguage\":\"es\",\"@id\":\"https:\/\/www.sonoraenequipo.com.mx\/#\/schema\/logo\/image\/\",\"url\":\"https:\/\/www.sonoraenequipo.com.mx\/storage\/2019\/01\/sonoraenequipo_opt.png\",\"contentUrl\":\"https:\/\/www.sonoraenequipo.com.mx\/storage\/2019\/01\/sonoraenequipo_opt.png\",\"width\":375,\"height\":125,\"caption\":\"Sonoraenequipo.com.mx\"},\"image\":{\"@id\":\"https:\/\/www.sonoraenequipo.com.mx\/#\/schema\/logo\/image\/\"},\"sameAs\":[\"https:\/\/www.facebook.com\/SonoraEE\/\",\"https:\/\/x.com\/sonoraenequipo\",\"https:\/\/www.youtube.com\/channel\/UC338nW-lPEYmJQs4ZABQ1SQ\"]},{\"@type\":\"Person\",\"@id\":\"https:\/\/www.sonoraenequipo.com.mx\/#\/schema\/person\/50102df0fb23a8fa9e8effad8fa81386\",\"name\":\"enequipo\",\"image\":{\"@type\":\"ImageObject\",\"inLanguage\":\"es\",\"@id\":\"https:\/\/www.sonoraenequipo.com.mx\/#\/schema\/person\/image\/\",\"url\":\"https:\/\/secure.gravatar.com\/avatar\/049821681b589dabc0bc20695993ccebb09f5b5d4d790cd9251b97faac7c652b?s=96&d=blank&r=g\",\"contentUrl\":\"https:\/\/secure.gravatar.com\/avatar\/049821681b589dabc0bc20695993ccebb09f5b5d4d790cd9251b97faac7c652b?s=96&d=blank&r=g\",\"caption\":\"enequipo\"},\"sameAs\":[\"https:\/\/www.facebook.com\/SonoraEE\"]}]}<\/script>\n ","yoast_head_json":{"title":"Sonora en Equipo. El papa Francisco condena un mundo que ha 'perdido el coraz\u00f3n' MUNDO","description":"CIUDAD DEL VATICANO. \u2014 \u00a0El papa Francisco emiti\u00f3 el jueves la cuarta enc\u00edclica de su papado, en la que conden\u00f3 un mundo \"que parece haber perdido el En Sonora en Equipo publicamos toda la informaci\u00f3n de Sonora, M\u00e9xico y el Mundo de manera oportuna y busca que la libertad de expresi\u00f3n sea real. Visita nuestro medio informativo publicado desde Hermosillo, Sonora. %","robots":{"index":"index","follow":"follow","max-snippet":"max-snippet:-1","max-image-preview":"max-image-preview:large","max-video-preview":"max-video-preview:-1"},"canonical":"https:\/\/www.sonoraenequipo.com.mx\/el-papa-francisco-condena-un-mundo-que-ha-perdido-el-corazon\/","og_locale":"es_ES","og_type":"article","og_title":"Sonora en Equipo. El papa Francisco condena un mundo que ha 'perdido el coraz\u00f3n' MUNDO","og_description":"CIUDAD DEL VATICANO. \u2014 \u00a0El papa Francisco emiti\u00f3 el jueves la cuarta enc\u00edclica de su papado, en la que conden\u00f3 un mundo \"que parece haber perdido el En Sonora en Equipo publicamos toda la informaci\u00f3n de Sonora, M\u00e9xico y el Mundo de manera oportuna y busca que la libertad de expresi\u00f3n sea real. Visita nuestro medio informativo publicado desde Hermosillo, Sonora. %","og_url":"https:\/\/www.sonoraenequipo.com.mx\/el-papa-francisco-condena-un-mundo-que-ha-perdido-el-corazon\/","og_site_name":"Sonora en Equipo.","article_publisher":"https:\/\/www.facebook.com\/SonoraEE\/","article_author":"https:\/\/www.facebook.com\/SonoraEE","article_published_time":"2024-10-24T15:25:49+00:00","article_modified_time":"2024-10-24T21:48:25+00:00","og_image":[{"width":900,"height":564,"url":"https:\/\/www.sonoraenequipo.com.mx\/storage\/2024\/10\/papa-JP-segundo.2-min.jpg","type":"image\/jpeg"}],"author":"enequipo","twitter_card":"summary_large_image","twitter_creator":"@sonoraenequipo","twitter_site":"@sonoraenequipo","twitter_misc":{"Escrito por":"enequipo","Tiempo de lectura":"2 minutos"},"schema":{"@context":"https:\/\/schema.org","@graph":[{"@type":"Article","@id":"https:\/\/www.sonoraenequipo.com.mx\/el-papa-francisco-condena-un-mundo-que-ha-perdido-el-corazon\/#article","isPartOf":{"@id":"https:\/\/www.sonoraenequipo.com.mx\/el-papa-francisco-condena-un-mundo-que-ha-perdido-el-corazon\/"},"author":{"name":"enequipo","@id":"https:\/\/www.sonoraenequipo.com.mx\/#\/schema\/person\/50102df0fb23a8fa9e8effad8fa81386"},"headline":"El papa Francisco condena un mundo que ha &#8216;perdido el coraz\u00f3n&#8217;","datePublished":"2024-10-24T15:25:49+00:00","dateModified":"2024-10-24T21:48:25+00:00","mainEntityOfPage":{"@id":"https:\/\/www.sonoraenequipo.com.mx\/el-papa-francisco-condena-un-mundo-que-ha-perdido-el-corazon\/"},"wordCount":445,"commentCount":0,"publisher":{"@id":"https:\/\/www.sonoraenequipo.com.mx\/#organization"},"image":{"@id":"https:\/\/www.sonoraenequipo.com.mx\/el-papa-francisco-condena-un-mundo-que-ha-perdido-el-corazon\/#primaryimage"},"thumbnailUrl":"https:\/\/www.sonoraenequipo.com.mx\/storage\/2024\/10\/papa-JP-segundo.2-min.jpg","articleSection":["MUNDO"],"inLanguage":"es","potentialAction":[{"@type":"CommentAction","name":"Comment","target":["https:\/\/www.sonoraenequipo.com.mx\/el-papa-francisco-condena-un-mundo-que-ha-perdido-el-corazon\/#respond"]}]},{"@type":"WebPage","@id":"https:\/\/www.sonoraenequipo.com.mx\/el-papa-francisco-condena-un-mundo-que-ha-perdido-el-corazon\/","url":"https:\/\/www.sonoraenequipo.com.mx\/el-papa-francisco-condena-un-mundo-que-ha-perdido-el-corazon\/","name":"Sonora en Equipo. El papa Francisco condena un mundo que ha 'perdido el coraz\u00f3n' MUNDO","isPartOf":{"@id":"https:\/\/www.sonoraenequipo.com.mx\/#website"},"primaryImageOfPage":{"@id":"https:\/\/www.sonoraenequipo.com.mx\/el-papa-francisco-condena-un-mundo-que-ha-perdido-el-corazon\/#primaryimage"},"image":{"@id":"https:\/\/www.sonoraenequipo.com.mx\/el-papa-francisco-condena-un-mundo-que-ha-perdido-el-corazon\/#primaryimage"},"thumbnailUrl":"https:\/\/www.sonoraenequipo.com.mx\/storage\/2024\/10\/papa-JP-segundo.2-min.jpg","datePublished":"2024-10-24T15:25:49+00:00","dateModified":"2024-10-24T21:48:25+00:00","description":"CIUDAD DEL VATICANO. \u2014 \u00a0El papa Francisco emiti\u00f3 el jueves la cuarta enc\u00edclica de su papado, en la que conden\u00f3 un mundo \"que parece haber perdido el En Sonora en Equipo publicamos toda la informaci\u00f3n de Sonora, M\u00e9xico y el Mundo de manera oportuna y busca que la libertad de expresi\u00f3n sea real. Visita nuestro medio informativo publicado desde Hermosillo, Sonora. %","breadcrumb":{"@id":"https:\/\/www.sonoraenequipo.com.mx\/el-papa-francisco-condena-un-mundo-que-ha-perdido-el-corazon\/#breadcrumb"},"inLanguage":"es","potentialAction":[{"@type":"ReadAction","target":["https:\/\/www.sonoraenequipo.com.mx\/el-papa-francisco-condena-un-mundo-que-ha-perdido-el-corazon\/"]}]},{"@type":"ImageObject","inLanguage":"es","@id":"https:\/\/www.sonoraenequipo.com.mx\/el-papa-francisco-condena-un-mundo-que-ha-perdido-el-corazon\/#primaryimage","url":"https:\/\/www.sonoraenequipo.com.mx\/storage\/2024\/10\/papa-JP-segundo.2-min.jpg","contentUrl":"https:\/\/www.sonoraenequipo.com.mx\/storage\/2024\/10\/papa-JP-segundo.2-min.jpg","width":900,"height":564},{"@type":"BreadcrumbList","@id":"https:\/\/www.sonoraenequipo.com.mx\/el-papa-francisco-condena-un-mundo-que-ha-perdido-el-corazon\/#breadcrumb","itemListElement":[{"@type":"ListItem","position":1,"name":"Portada","item":"https:\/\/www.sonoraenequipo.com.mx\/"},{"@type":"ListItem","position":2,"name":"El papa Francisco condena un mundo que ha &#8216;perdido el coraz\u00f3n&#8217;"}]},{"@type":"WebSite","@id":"https:\/\/www.sonoraenequipo.com.mx\/#website","url":"https:\/\/www.sonoraenequipo.com.mx\/","name":"Sonora en Equipo.","description":"Diario en l\u00ednea con Noticias desde Hermosillo, Sonora","publisher":{"@id":"https:\/\/www.sonoraenequipo.com.mx\/#organization"},"potentialAction":[{"@type":"SearchAction","target":{"@type":"EntryPoint","urlTemplate":"https:\/\/www.sonoraenequipo.com.mx\/?s={search_term_string}"},"query-input":{"@type":"PropertyValueSpecification","valueRequired":true,"valueName":"search_term_string"}}],"inLanguage":"es"},{"@type":"Organization","@id":"https:\/\/www.sonoraenequipo.com.mx\/#organization","name":"Sonoraenequipo.com.mx","url":"https:\/\/www.sonoraenequipo.com.mx\/","logo":{"@type":"ImageObject","inLanguage":"es","@id":"https:\/\/www.sonoraenequipo.com.mx\/#\/schema\/logo\/image\/","url":"https:\/\/www.sonoraenequipo.com.mx\/storage\/2019\/01\/sonoraenequipo_opt.png","contentUrl":"https:\/\/www.sonoraenequipo.com.mx\/storage\/2019\/01\/sonoraenequipo_opt.png","width":375,"height":125,"caption":"Sonoraenequipo.com.mx"},"image":{"@id":"https:\/\/www.sonoraenequipo.com.mx\/#\/schema\/logo\/image\/"},"sameAs":["https:\/\/www.facebook.com\/SonoraEE\/","https:\/\/x.com\/sonoraenequipo","https:\/\/www.youtube.com\/channel\/UC338nW-lPEYmJQs4ZABQ1SQ"]},{"@type":"Person","@id":"https:\/\/www.sonoraenequipo.com.mx\/#\/schema\/person\/50102df0fb23a8fa9e8effad8fa81386","name":"enequipo","image":{"@type":"ImageObject","inLanguage":"es","@id":"https:\/\/www.sonoraenequipo.com.mx\/#\/schema\/person\/image\/","url":"https:\/\/secure.gravatar.com\/avatar\/049821681b589dabc0bc20695993ccebb09f5b5d4d790cd9251b97faac7c652b?s=96&d=blank&r=g","contentUrl":"https:\/\/secure.gravatar.com\/avatar\/049821681b589dabc0bc20695993ccebb09f5b5d4d790cd9251b97faac7c652b?s=96&d=blank&r=g","caption":"enequipo"},"sameAs":["https:\/\/www.facebook.com\/SonoraEE"]}]}},"jetpack_featured_media_url":"https:\/\/www.sonoraenequipo.com.mx\/storage\/2024\/10\/papa-JP-segundo.2-min.jpg","_links":{"self":[{"href":"https:\/\/www.sonoraenequipo.com.mx\/api\/wp\/v2\/posts\/202529","targetHints":{"allow":["GET"]}}],"collection":[{"href":"https:\/\/www.sonoraenequipo.com.mx\/api\/wp\/v2\/posts"}],"about":[{"href":"https:\/\/www.sonoraenequipo.com.mx\/api\/wp\/v2\/types\/post"}],"author":[{"embeddable":true,"href":"https:\/\/www.sonoraenequipo.com.mx\/api\/wp\/v2\/users\/1"}],"replies":[{"embeddable":true,"href":"https:\/\/www.sonoraenequipo.com.mx\/api\/wp\/v2\/comments?post=202529"}],"version-history":[{"count":3,"href":"https:\/\/www.sonoraenequipo.com.mx\/api\/wp\/v2\/posts\/202529\/revisions"}],"predecessor-version":[{"id":202534,"href":"https:\/\/www.sonoraenequipo.com.mx\/api\/wp\/v2\/posts\/202529\/revisions\/202534"}],"wp:featuredmedia":[{"embeddable":true,"href":"https:\/\/www.sonoraenequipo.com.mx\/api\/wp\/v2\/media\/202530"}],"wp:attachment":[{"href":"https:\/\/www.sonoraenequipo.com.mx\/api\/wp\/v2\/media?parent=202529"}],"wp:term":[{"taxonomy":"category","embeddable":true,"href":"https:\/\/www.sonoraenequipo.com.mx\/api\/wp\/v2\/categories?post=202529"},{"taxonomy":"post_tag","embeddable":true,"href":"https:\/\/www.sonoraenequipo.com.mx\/api\/wp\/v2\/tags?post=202529"}],"curies":[{"name":"wp","href":"https:\/\/api.w.org\/{rel}","templated":true}]}}