{"id":202536,"date":"2024-10-24T14:56:47","date_gmt":"2024-10-24T21:56:47","guid":{"rendered":"https:\/\/www.sonoraenequipo.com.mx\/?p=202536"},"modified":"2024-10-24T14:56:47","modified_gmt":"2024-10-24T21:56:47","slug":"recibe-dif-sonora-donativo-de-aparatos-ortopedicos-de-cadena-comercial","status":"publish","type":"post","link":"https:\/\/www.sonoraenequipo.com.mx\/recibe-dif-sonora-donativo-de-aparatos-ortopedicos-de-cadena-comercial\/","title":{"rendered":"Recibe DIF Sonora donativo de aparatos ortop\u00e9dicos de cadena comercial"},"content":{"rendered":"<p><strong>HERMOSILLO, SONORA, MX.<\/strong> \u2014 Personas con discapacidad y adultos mayores ser\u00e1n beneficiados con aparatos ortop\u00e9dicos donados por la Cadena Comercial OXXO al Sistema para el Desarrollo Integral de la Familia (DIF Sonora), como muestra de su responsabilidad social.<\/p>\n<p>&nbsp;<\/p>\n<p>&nbsp;<\/p>\n<p>&nbsp;<\/p>\n<p>A trav\u00e9s del Fondo Estatal de Solidaridad, DIF Sonora recibi\u00f3 la generosa donaci\u00f3n de 60 sillas de ruedas, 20 andaderas y 20 bastones, con el objetivo de sumar esfuerzos para mejorar la calidad de vida de quienes viven en situaci\u00f3n vulnerable y enfrentan dificultades de movilidad.<\/p>\n<p>&nbsp;<\/p>\n<p>&nbsp;<\/p>\n<p>La directora general de Atenci\u00f3n a Poblaci\u00f3n Vulnerable, Ana Roc\u00edo P\u00e9rez Medina, agradeci\u00f3 en nombre de la directora de DIF Sonora, Lizeth V\u00e1squez Ochoa, a las autoridades presentes por el apoyo y acompa\u00f1amiento, tambi\u00e9n coment\u00f3 que, en el Gobierno de Sonora estamos convencidas y convencidos de la importancia de fortalecer los lazos con los actores privados y sociales que buscan contribuir al bienestar colectivo.<\/p>\n<p>&nbsp;<\/p>\n<p>&nbsp;<\/p>\n<p>\u201cEl gobernador Alfonso Durazo siempre nos ha manifestado su compromiso para impulsar los programas de DIF Sonora, esos que llegan al Sonora profundo, por ello reconozco el valor p\u00fablico que representa la participaci\u00f3n corresponsable de los sectores privados, quienes est\u00e1n dispuestos a sumar esfuerzos por el bienestar de las y los sonorenses\u201d, expres\u00f3 P\u00e9rez Medina.<\/p>\n<p><strong>Fecha de publicaci\u00f3n jueves 24 de octubre de 2024 \/<\/strong><\/p>\n","protected":false},"excerpt":{"rendered":"<p>HERMOSILLO, SONORA, MX. \u2014 Personas con discapacidad y adultos mayores ser\u00e1n beneficiados con aparatos ortop\u00e9dicos&#8230;<\/p>\n","protected":false},"author":1,"featured_media":202539,"comment_status":"open","ping_status":"open","sticky":false,"template":"","format":"standard","meta":{"_monsterinsights_skip_tracking":false,"_monsterinsights_sitenote_active":false,"_monsterinsights_sitenote_note":"","_monsterinsights_sitenote_category":0,"footnotes":""},"categories":[22],"tags":[3579,10425,4791,15],"class_list":["post"],"yoast_head":" \n<title>Sonora en Equipo. Recibe DIF Sonora donativo de aparatos ortop\u00e9dicos de cadena comercial Sonora<\/title>\n<meta name=\"description\" content=\"HERMOSILLO, SONORA, MX. \u2014 Personas con discapacidad y adultos mayores ser\u00e1n beneficiados con aparatos ortop\u00e9dicos donados por la Cadena Comercial OXXO al En Sonora en Equipo publicamos toda la informaci\u00f3n de Sonora, M\u00e9xico y el Mundo de manera oportuna y busca que la libertad de expresi\u00f3n sea real. Visita nuestro medio informativo publicado desde Hermosillo, Sonora. %\" \/>\n<meta name=\"robots\" content=\"index, follow, max-snippet:-1, max-image-preview:large, max-video-preview:-1\" \/>\n<link rel=\"canonical\" href=\"https:\/\/www.sonoraenequipo.com.mx\/recibe-dif-sonora-donativo-de-aparatos-ortopedicos-de-cadena-comercial\/\" \/>\n<meta property=\"og:locale\" content=\"es_ES\" \/>\n<meta property=\"og:type\" content=\"article\" \/>\n<meta property=\"og:title\" content=\"Sonora en Equipo. Recibe DIF Sonora donativo de aparatos ortop\u00e9dicos de cadena comercial Sonora\" \/>\n<meta property=\"og:description\" content=\"HERMOSILLO, SONORA, MX. \u2014 Personas con discapacidad y adultos mayores ser\u00e1n beneficiados con aparatos ortop\u00e9dicos donados por la Cadena Comercial OXXO al En Sonora en Equipo publicamos toda la informaci\u00f3n de Sonora, M\u00e9xico y el Mundo de manera oportuna y busca que la libertad de expresi\u00f3n sea real. Visita nuestro medio informativo publicado desde Hermosillo, Sonora. %\" \/>\n<meta property=\"og:url\" content=\"https:\/\/www.sonoraenequipo.com.mx\/recibe-dif-sonora-donativo-de-aparatos-ortopedicos-de-cadena-comercial\/\" \/>\n<meta property=\"og:site_name\" content=\"Sonora en Equipo.\" \/>\n<meta property=\"article:publisher\" content=\"https:\/\/www.facebook.com\/SonoraEE\/\" \/>\n<meta property=\"article:author\" content=\"https:\/\/www.facebook.com\/SonoraEE\" \/>\n<meta property=\"article:published_time\" content=\"2024-10-24T21:56:47+00:00\" \/>\n<meta property=\"og:image\" content=\"https:\/\/www.sonoraenequipo.com.mx\/storage\/2024\/10\/dif-oxxo.jpg\" \/>\n\t<meta property=\"og:image:width\" content=\"600\" \/>\n\t<meta property=\"og:image:height\" content=\"400\" \/>\n\t<meta property=\"og:image:type\" content=\"image\/jpeg\" \/>\n<meta name=\"author\" content=\"enequipo\" \/>\n<meta name=\"twitter:card\" content=\"summary_large_image\" \/>\n<meta name=\"twitter:creator\" content=\"@sonoraenequipo\" \/>\n<meta name=\"twitter:site\" content=\"@sonoraenequipo\" \/>\n<meta name=\"twitter:label1\" content=\"Escrito por\" \/>\n\t<meta name=\"twitter:data1\" content=\"enequipo\" \/>\n\t<meta name=\"twitter:label2\" content=\"Tiempo de lectura\" \/>\n\t<meta name=\"twitter:data2\" content=\"1 minuto\" \/>\n<script type=\"application\/ld+json\" class=\"yoast-schema-graph\">{\"@context\":\"https:\/\/schema.org\",\"@graph\":[{\"@type\":\"Article\",\"@id\":\"https:\/\/www.sonoraenequipo.com.mx\/recibe-dif-sonora-donativo-de-aparatos-ortopedicos-de-cadena-comercial\/#article\",\"isPartOf\":{\"@id\":\"https:\/\/www.sonoraenequipo.com.mx\/recibe-dif-sonora-donativo-de-aparatos-ortopedicos-de-cadena-comercial\/\"},\"author\":{\"name\":\"enequipo\",\"@id\":\"https:\/\/www.sonoraenequipo.com.mx\/#\/schema\/person\/50102df0fb23a8fa9e8effad8fa81386\"},\"headline\":\"Recibe DIF Sonora donativo de aparatos ortop\u00e9dicos de cadena comercial\",\"datePublished\":\"2024-10-24T21:56:47+00:00\",\"mainEntityOfPage\":{\"@id\":\"https:\/\/www.sonoraenequipo.com.mx\/recibe-dif-sonora-donativo-de-aparatos-ortopedicos-de-cadena-comercial\/\"},\"wordCount\":241,\"commentCount\":0,\"publisher\":{\"@id\":\"https:\/\/www.sonoraenequipo.com.mx\/#organization\"},\"image\":{\"@id\":\"https:\/\/www.sonoraenequipo.com.mx\/recibe-dif-sonora-donativo-de-aparatos-ortopedicos-de-cadena-comercial\/#primaryimage\"},\"thumbnailUrl\":\"https:\/\/www.sonoraenequipo.com.mx\/storage\/2024\/10\/dif-oxxo.jpg\",\"keywords\":[\"dif\",\"ortopedicos\",\"oxxo\",\"Sonora\"],\"articleSection\":[\"Sonora\"],\"inLanguage\":\"es\",\"potentialAction\":[{\"@type\":\"CommentAction\",\"name\":\"Comment\",\"target\":[\"https:\/\/www.sonoraenequipo.com.mx\/recibe-dif-sonora-donativo-de-aparatos-ortopedicos-de-cadena-comercial\/#respond\"]}]},{\"@type\":\"WebPage\",\"@id\":\"https:\/\/www.sonoraenequipo.com.mx\/recibe-dif-sonora-donativo-de-aparatos-ortopedicos-de-cadena-comercial\/\",\"url\":\"https:\/\/www.sonoraenequipo.com.mx\/recibe-dif-sonora-donativo-de-aparatos-ortopedicos-de-cadena-comercial\/\",\"name\":\"Sonora en Equipo. Recibe DIF Sonora donativo de aparatos ortop\u00e9dicos de cadena comercial Sonora\",\"isPartOf\":{\"@id\":\"https:\/\/www.sonoraenequipo.com.mx\/#website\"},\"primaryImageOfPage\":{\"@id\":\"https:\/\/www.sonoraenequipo.com.mx\/recibe-dif-sonora-donativo-de-aparatos-ortopedicos-de-cadena-comercial\/#primaryimage\"},\"image\":{\"@id\":\"https:\/\/www.sonoraenequipo.com.mx\/recibe-dif-sonora-donativo-de-aparatos-ortopedicos-de-cadena-comercial\/#primaryimage\"},\"thumbnailUrl\":\"https:\/\/www.sonoraenequipo.com.mx\/storage\/2024\/10\/dif-oxxo.jpg\",\"datePublished\":\"2024-10-24T21:56:47+00:00\",\"description\":\"HERMOSILLO, SONORA, MX. \u2014 Personas con discapacidad y adultos mayores ser\u00e1n beneficiados con aparatos ortop\u00e9dicos donados por la Cadena Comercial OXXO al En Sonora en Equipo publicamos toda la informaci\u00f3n de Sonora, M\u00e9xico y el Mundo de manera oportuna y busca que la libertad de expresi\u00f3n sea real. Visita nuestro medio informativo publicado desde Hermosillo, Sonora. %\",\"breadcrumb\":{\"@id\":\"https:\/\/www.sonoraenequipo.com.mx\/recibe-dif-sonora-donativo-de-aparatos-ortopedicos-de-cadena-comercial\/#breadcrumb\"},\"inLanguage\":\"es\",\"potentialAction\":[{\"@type\":\"ReadAction\",\"target\":[\"https:\/\/www.sonoraenequipo.com.mx\/recibe-dif-sonora-donativo-de-aparatos-ortopedicos-de-cadena-comercial\/\"]}]},{\"@type\":\"ImageObject\",\"inLanguage\":\"es\",\"@id\":\"https:\/\/www.sonoraenequipo.com.mx\/recibe-dif-sonora-donativo-de-aparatos-ortopedicos-de-cadena-comercial\/#primaryimage\",\"url\":\"https:\/\/www.sonoraenequipo.com.mx\/storage\/2024\/10\/dif-oxxo.jpg\",\"contentUrl\":\"https:\/\/www.sonoraenequipo.com.mx\/storage\/2024\/10\/dif-oxxo.jpg\",\"width\":600,\"height\":400},{\"@type\":\"BreadcrumbList\",\"@id\":\"https:\/\/www.sonoraenequipo.com.mx\/recibe-dif-sonora-donativo-de-aparatos-ortopedicos-de-cadena-comercial\/#breadcrumb\",\"itemListElement\":[{\"@type\":\"ListItem\",\"position\":1,\"name\":\"Portada\",\"item\":\"https:\/\/www.sonoraenequipo.com.mx\/\"},{\"@type\":\"ListItem\",\"position\":2,\"name\":\"Recibe DIF Sonora donativo de aparatos ortop\u00e9dicos de cadena comercial\"}]},{\"@type\":\"WebSite\",\"@id\":\"https:\/\/www.sonoraenequipo.com.mx\/#website\",\"url\":\"https:\/\/www.sonoraenequipo.com.mx\/\",\"name\":\"Sonora en Equipo.\",\"description\":\"Diario en l\u00ednea con Noticias desde Hermosillo, Sonora\",\"publisher\":{\"@id\":\"https:\/\/www.sonoraenequipo.com.mx\/#organization\"},\"potentialAction\":[{\"@type\":\"SearchAction\",\"target\":{\"@type\":\"EntryPoint\",\"urlTemplate\":\"https:\/\/www.sonoraenequipo.com.mx\/?s={search_term_string}\"},\"query-input\":{\"@type\":\"PropertyValueSpecification\",\"valueRequired\":true,\"valueName\":\"search_term_string\"}}],\"inLanguage\":\"es\"},{\"@type\":\"Organization\",\"@id\":\"https:\/\/www.sonoraenequipo.com.mx\/#organization\",\"name\":\"Sonoraenequipo.com.mx\",\"url\":\"https:\/\/www.sonoraenequipo.com.mx\/\",\"logo\":{\"@type\":\"ImageObject\",\"inLanguage\":\"es\",\"@id\":\"https:\/\/www.sonoraenequipo.com.mx\/#\/schema\/logo\/image\/\",\"url\":\"https:\/\/www.sonoraenequipo.com.mx\/storage\/2019\/01\/sonoraenequipo_opt.png\",\"contentUrl\":\"https:\/\/www.sonoraenequipo.com.mx\/storage\/2019\/01\/sonoraenequipo_opt.png\",\"width\":375,\"height\":125,\"caption\":\"Sonoraenequipo.com.mx\"},\"image\":{\"@id\":\"https:\/\/www.sonoraenequipo.com.mx\/#\/schema\/logo\/image\/\"},\"sameAs\":[\"https:\/\/www.facebook.com\/SonoraEE\/\",\"https:\/\/x.com\/sonoraenequipo\",\"https:\/\/www.youtube.com\/channel\/UC338nW-lPEYmJQs4ZABQ1SQ\"]},{\"@type\":\"Person\",\"@id\":\"https:\/\/www.sonoraenequipo.com.mx\/#\/schema\/person\/50102df0fb23a8fa9e8effad8fa81386\",\"name\":\"enequipo\",\"image\":{\"@type\":\"ImageObject\",\"inLanguage\":\"es\",\"@id\":\"https:\/\/www.sonoraenequipo.com.mx\/#\/schema\/person\/image\/\",\"url\":\"https:\/\/secure.gravatar.com\/avatar\/049821681b589dabc0bc20695993ccebb09f5b5d4d790cd9251b97faac7c652b?s=96&d=blank&r=g\",\"contentUrl\":\"https:\/\/secure.gravatar.com\/avatar\/049821681b589dabc0bc20695993ccebb09f5b5d4d790cd9251b97faac7c652b?s=96&d=blank&r=g\",\"caption\":\"enequipo\"},\"sameAs\":[\"https:\/\/www.facebook.com\/SonoraEE\"]}]}<\/script>\n ","yoast_head_json":{"title":"Sonora en Equipo. Recibe DIF Sonora donativo de aparatos ortop\u00e9dicos de cadena comercial Sonora","description":"HERMOSILLO, SONORA, MX. \u2014 Personas con discapacidad y adultos mayores ser\u00e1n beneficiados con aparatos ortop\u00e9dicos donados por la Cadena Comercial OXXO al En Sonora en Equipo publicamos toda la informaci\u00f3n de Sonora, M\u00e9xico y el Mundo de manera oportuna y busca que la libertad de expresi\u00f3n sea real. Visita nuestro medio informativo publicado desde Hermosillo, Sonora. %","robots":{"index":"index","follow":"follow","max-snippet":"max-snippet:-1","max-image-preview":"max-image-preview:large","max-video-preview":"max-video-preview:-1"},"canonical":"https:\/\/www.sonoraenequipo.com.mx\/recibe-dif-sonora-donativo-de-aparatos-ortopedicos-de-cadena-comercial\/","og_locale":"es_ES","og_type":"article","og_title":"Sonora en Equipo. Recibe DIF Sonora donativo de aparatos ortop\u00e9dicos de cadena comercial Sonora","og_description":"HERMOSILLO, SONORA, MX. \u2014 Personas con discapacidad y adultos mayores ser\u00e1n beneficiados con aparatos ortop\u00e9dicos donados por la Cadena Comercial OXXO al En Sonora en Equipo publicamos toda la informaci\u00f3n de Sonora, M\u00e9xico y el Mundo de manera oportuna y busca que la libertad de expresi\u00f3n sea real. Visita nuestro medio informativo publicado desde Hermosillo, Sonora. %","og_url":"https:\/\/www.sonoraenequipo.com.mx\/recibe-dif-sonora-donativo-de-aparatos-ortopedicos-de-cadena-comercial\/","og_site_name":"Sonora en Equipo.","article_publisher":"https:\/\/www.facebook.com\/SonoraEE\/","article_author":"https:\/\/www.facebook.com\/SonoraEE","article_published_time":"2024-10-24T21:56:47+00:00","og_image":[{"width":600,"height":400,"url":"https:\/\/www.sonoraenequipo.com.mx\/storage\/2024\/10\/dif-oxxo.jpg","type":"image\/jpeg"}],"author":"enequipo","twitter_card":"summary_large_image","twitter_creator":"@sonoraenequipo","twitter_site":"@sonoraenequipo","twitter_misc":{"Escrito por":"enequipo","Tiempo de lectura":"1 minuto"},"schema":{"@context":"https:\/\/schema.org","@graph":[{"@type":"Article","@id":"https:\/\/www.sonoraenequipo.com.mx\/recibe-dif-sonora-donativo-de-aparatos-ortopedicos-de-cadena-comercial\/#article","isPartOf":{"@id":"https:\/\/www.sonoraenequipo.com.mx\/recibe-dif-sonora-donativo-de-aparatos-ortopedicos-de-cadena-comercial\/"},"author":{"name":"enequipo","@id":"https:\/\/www.sonoraenequipo.com.mx\/#\/schema\/person\/50102df0fb23a8fa9e8effad8fa81386"},"headline":"Recibe DIF Sonora donativo de aparatos ortop\u00e9dicos de cadena comercial","datePublished":"2024-10-24T21:56:47+00:00","mainEntityOfPage":{"@id":"https:\/\/www.sonoraenequipo.com.mx\/recibe-dif-sonora-donativo-de-aparatos-ortopedicos-de-cadena-comercial\/"},"wordCount":241,"commentCount":0,"publisher":{"@id":"https:\/\/www.sonoraenequipo.com.mx\/#organization"},"image":{"@id":"https:\/\/www.sonoraenequipo.com.mx\/recibe-dif-sonora-donativo-de-aparatos-ortopedicos-de-cadena-comercial\/#primaryimage"},"thumbnailUrl":"https:\/\/www.sonoraenequipo.com.mx\/storage\/2024\/10\/dif-oxxo.jpg","keywords":["dif","ortopedicos","oxxo","Sonora"],"articleSection":["Sonora"],"inLanguage":"es","potentialAction":[{"@type":"CommentAction","name":"Comment","target":["https:\/\/www.sonoraenequipo.com.mx\/recibe-dif-sonora-donativo-de-aparatos-ortopedicos-de-cadena-comercial\/#respond"]}]},{"@type":"WebPage","@id":"https:\/\/www.sonoraenequipo.com.mx\/recibe-dif-sonora-donativo-de-aparatos-ortopedicos-de-cadena-comercial\/","url":"https:\/\/www.sonoraenequipo.com.mx\/recibe-dif-sonora-donativo-de-aparatos-ortopedicos-de-cadena-comercial\/","name":"Sonora en Equipo. Recibe DIF Sonora donativo de aparatos ortop\u00e9dicos de cadena comercial Sonora","isPartOf":{"@id":"https:\/\/www.sonoraenequipo.com.mx\/#website"},"primaryImageOfPage":{"@id":"https:\/\/www.sonoraenequipo.com.mx\/recibe-dif-sonora-donativo-de-aparatos-ortopedicos-de-cadena-comercial\/#primaryimage"},"image":{"@id":"https:\/\/www.sonoraenequipo.com.mx\/recibe-dif-sonora-donativo-de-aparatos-ortopedicos-de-cadena-comercial\/#primaryimage"},"thumbnailUrl":"https:\/\/www.sonoraenequipo.com.mx\/storage\/2024\/10\/dif-oxxo.jpg","datePublished":"2024-10-24T21:56:47+00:00","description":"HERMOSILLO, SONORA, MX. \u2014 Personas con discapacidad y adultos mayores ser\u00e1n beneficiados con aparatos ortop\u00e9dicos donados por la Cadena Comercial OXXO al En Sonora en Equipo publicamos toda la informaci\u00f3n de Sonora, M\u00e9xico y el Mundo de manera oportuna y busca que la libertad de expresi\u00f3n sea real. Visita nuestro medio informativo publicado desde Hermosillo, Sonora. %","breadcrumb":{"@id":"https:\/\/www.sonoraenequipo.com.mx\/recibe-dif-sonora-donativo-de-aparatos-ortopedicos-de-cadena-comercial\/#breadcrumb"},"inLanguage":"es","potentialAction":[{"@type":"ReadAction","target":["https:\/\/www.sonoraenequipo.com.mx\/recibe-dif-sonora-donativo-de-aparatos-ortopedicos-de-cadena-comercial\/"]}]},{"@type":"ImageObject","inLanguage":"es","@id":"https:\/\/www.sonoraenequipo.com.mx\/recibe-dif-sonora-donativo-de-aparatos-ortopedicos-de-cadena-comercial\/#primaryimage","url":"https:\/\/www.sonoraenequipo.com.mx\/storage\/2024\/10\/dif-oxxo.jpg","contentUrl":"https:\/\/www.sonoraenequipo.com.mx\/storage\/2024\/10\/dif-oxxo.jpg","width":600,"height":400},{"@type":"BreadcrumbList","@id":"https:\/\/www.sonoraenequipo.com.mx\/recibe-dif-sonora-donativo-de-aparatos-ortopedicos-de-cadena-comercial\/#breadcrumb","itemListElement":[{"@type":"ListItem","position":1,"name":"Portada","item":"https:\/\/www.sonoraenequipo.com.mx\/"},{"@type":"ListItem","position":2,"name":"Recibe DIF Sonora donativo de aparatos ortop\u00e9dicos de cadena comercial"}]},{"@type":"WebSite","@id":"https:\/\/www.sonoraenequipo.com.mx\/#website","url":"https:\/\/www.sonoraenequipo.com.mx\/","name":"Sonora en Equipo.","description":"Diario en l\u00ednea con Noticias desde Hermosillo, Sonora","publisher":{"@id":"https:\/\/www.sonoraenequipo.com.mx\/#organization"},"potentialAction":[{"@type":"SearchAction","target":{"@type":"EntryPoint","urlTemplate":"https:\/\/www.sonoraenequipo.com.mx\/?s={search_term_string}"},"query-input":{"@type":"PropertyValueSpecification","valueRequired":true,"valueName":"search_term_string"}}],"inLanguage":"es"},{"@type":"Organization","@id":"https:\/\/www.sonoraenequipo.com.mx\/#organization","name":"Sonoraenequipo.com.mx","url":"https:\/\/www.sonoraenequipo.com.mx\/","logo":{"@type":"ImageObject","inLanguage":"es","@id":"https:\/\/www.sonoraenequipo.com.mx\/#\/schema\/logo\/image\/","url":"https:\/\/www.sonoraenequipo.com.mx\/storage\/2019\/01\/sonoraenequipo_opt.png","contentUrl":"https:\/\/www.sonoraenequipo.com.mx\/storage\/2019\/01\/sonoraenequipo_opt.png","width":375,"height":125,"caption":"Sonoraenequipo.com.mx"},"image":{"@id":"https:\/\/www.sonoraenequipo.com.mx\/#\/schema\/logo\/image\/"},"sameAs":["https:\/\/www.facebook.com\/SonoraEE\/","https:\/\/x.com\/sonoraenequipo","https:\/\/www.youtube.com\/channel\/UC338nW-lPEYmJQs4ZABQ1SQ"]},{"@type":"Person","@id":"https:\/\/www.sonoraenequipo.com.mx\/#\/schema\/person\/50102df0fb23a8fa9e8effad8fa81386","name":"enequipo","image":{"@type":"ImageObject","inLanguage":"es","@id":"https:\/\/www.sonoraenequipo.com.mx\/#\/schema\/person\/image\/","url":"https:\/\/secure.gravatar.com\/avatar\/049821681b589dabc0bc20695993ccebb09f5b5d4d790cd9251b97faac7c652b?s=96&d=blank&r=g","contentUrl":"https:\/\/secure.gravatar.com\/avatar\/049821681b589dabc0bc20695993ccebb09f5b5d4d790cd9251b97faac7c652b?s=96&d=blank&r=g","caption":"enequipo"},"sameAs":["https:\/\/www.facebook.com\/SonoraEE"]}]}},"jetpack_featured_media_url":"https:\/\/www.sonoraenequipo.com.mx\/storage\/2024\/10\/dif-oxxo.jpg","_links":{"self":[{"href":"https:\/\/www.sonoraenequipo.com.mx\/api\/wp\/v2\/posts\/202536","targetHints":{"allow":["GET"]}}],"collection":[{"href":"https:\/\/www.sonoraenequipo.com.mx\/api\/wp\/v2\/posts"}],"about":[{"href":"https:\/\/www.sonoraenequipo.com.mx\/api\/wp\/v2\/types\/post"}],"author":[{"embeddable":true,"href":"https:\/\/www.sonoraenequipo.com.mx\/api\/wp\/v2\/users\/1"}],"replies":[{"embeddable":true,"href":"https:\/\/www.sonoraenequipo.com.mx\/api\/wp\/v2\/comments?post=202536"}],"version-history":[{"count":1,"href":"https:\/\/www.sonoraenequipo.com.mx\/api\/wp\/v2\/posts\/202536\/revisions"}],"predecessor-version":[{"id":202542,"href":"https:\/\/www.sonoraenequipo.com.mx\/api\/wp\/v2\/posts\/202536\/revisions\/202542"}],"wp:featuredmedia":[{"embeddable":true,"href":"https:\/\/www.sonoraenequipo.com.mx\/api\/wp\/v2\/media\/202539"}],"wp:attachment":[{"href":"https:\/\/www.sonoraenequipo.com.mx\/api\/wp\/v2\/media?parent=202536"}],"wp:term":[{"taxonomy":"category","embeddable":true,"href":"https:\/\/www.sonoraenequipo.com.mx\/api\/wp\/v2\/categories?post=202536"},{"taxonomy":"post_tag","embeddable":true,"href":"https:\/\/www.sonoraenequipo.com.mx\/api\/wp\/v2\/tags?post=202536"}],"curies":[{"name":"wp","href":"https:\/\/api.w.org\/{rel}","templated":true}]}}