{"id":202585,"date":"2024-10-24T13:39:00","date_gmt":"2024-10-24T20:39:00","guid":{"rendered":"https:\/\/www.sonoraenequipo.com.mx\/?p=202585"},"modified":"2024-10-25T08:04:29","modified_gmt":"2024-10-25T15:04:29","slug":"explosion-de-coche-bomba-en-acambaro-es-asunto-federal-claudia-sheinbaum","status":"publish","type":"post","link":"https:\/\/www.sonoraenequipo.com.mx\/explosion-de-coche-bomba-en-acambaro-es-asunto-federal-claudia-sheinbaum\/","title":{"rendered":"Explosi\u00f3n de coche bomba en Ac\u00e1mbaro es asunto federal: Claudia Sheinbaum"},"content":{"rendered":"<p><strong>CIUDAD DE M\u00c9XICO. MX. \u2014&nbsp; <\/strong>&nbsp;Los hechos ocurridos esta ma\u00f1ana en Ac\u00e1mbaro, donde un auto bomba estall\u00f3 cerca de las instalaciones de la Secretar\u00eda de Seguridad P\u00fablica y dej\u00f3 tres polic\u00edas heridos y cuantiosos da\u00f1os, ser\u00e1n investigados por el fuero federal por la fiscal\u00eda general de la Rep\u00fablica, inform\u00f3 la presidenta Claudia Sheinbaum Pardo.<\/p>\n<p>&nbsp;<\/p>\n<p>&nbsp;<\/p>\n<p>&nbsp;<\/p>\n<p> <\/p>\n<p>Durante la conferencia ma\u00f1anera, un reportero le pregunt\u00f3 a Sheinbaum Pardo si hab\u00eda recibido un informe sobre lo ocurrido en Ac\u00e1mbaro, municipio al sur del estado de Guanajuato.<\/p>\n<p>&nbsp;<\/p>\n<p>&nbsp;<\/p>\n<p><em><strong>Se inform\u00f3 en el gabinete de seguridad y se est\u00e1 en proceso de investigaci\u00f3n. (No hay detalles, recibimos) la informaci\u00f3n y de inmediato el gabinete de seguridad toma este hecho y de inmediato va a investigar y por supuesto la fiscal\u00eda general de la Rep\u00fablica (FGR)\u201d.<\/strong><\/em><\/p>\n<p>&nbsp;<\/p>\n<p>&nbsp;<\/p>\n<p>El mismo reportero indic\u00f3 que por haberse usado explosivos el delito pasaba a ser \u00e1mbito de la FGR, a lo que la Presidenta respondi\u00f3 confirmando la aseveraci\u00f3n.<\/p>\n<p>&nbsp;<\/p>\n<p>&nbsp;<\/p>\n<h3><strong>\u201cEs narcoterrorismo\u201d, asegura alcaldesa de Ac\u00e1mbaro tras coche bomba a Seguridad P\u00fablica<\/strong><\/h3>\n<p>&nbsp;<\/p>\n<p><b>GUANAJUATO, MX. \u2014 <\/b><strong>\u201cEs narcoterrorismo\u201d<\/strong>, calific\u00f3 la presidenta municipal de Ac\u00e1mbaro. Claudia Silva Campos el atentado contra el edificio de Seguridad P\u00fablica esta ma\u00f1ana, que dej\u00f3 tres polic\u00edas municipales heridos.<\/p>\n<p>&nbsp;<\/p>\n<p>&nbsp;<\/p>\n<p>Todo mundo sabemos que es narcoterrorismo, es un tema que no nos compete\u201d, afirm\u00f3 en breve entrevista con AM. Confirm\u00f3 que son tres los polic\u00edas municipales heridos, fuera de peligro y que no hay civiles lesionados.<\/p>\n<p>&nbsp;<\/p>\n<p>Esta ma\u00f1ana, ocurri\u00f3 un atentado con coche bomba afuera del edificio de Seguridad P\u00fablica. Hubo 3 polic\u00edas lesionados. Se reportan da\u00f1os materiales a las instalaciones y 2 casas aleda\u00f1as.<\/p>\n<p>&nbsp;<\/p>\n<p>&nbsp;<\/p>\n<p>Dijo que ya se dio parte al Ministerio P\u00fablico y que ya est\u00e1n los tres \u00f3rdenes de Gobierno en Ac\u00e1mbaro, aunque cuando se le pregunt\u00f3 si se trata de la Guardia Nacional, la Sedena y las Fuerzas de Seguridad P\u00fablica del Estado (FSPE), pero no precis\u00f3, sino que reiter\u00f3 que est\u00e1n los tres \u00f3rdenes de Gobierno.<\/p>\n<p>&nbsp;<\/p>\n<p>&nbsp;<\/p>\n<p>Tambi\u00e9n se le pregunt\u00f3 si ya tiene alguna informaci\u00f3n sobre el m\u00f3vil del atentado o los autores, pero reiter\u00f3 que <em><strong>\u201ces narcoterrorismo, es un tema que no nos compete\u201d.<\/strong><\/em><\/p>\n<p>&nbsp;<\/p>\n<p>&nbsp;<\/p>\n<p>&nbsp;<\/p>\n<p>Agreg\u00f3 que est\u00e1 en pl\u00e1ticas con la gobernadora Libia Dennise sobre este asunto.<\/p>\n<p>&nbsp;<\/p>\n<p>&nbsp;<\/p>\n<p>&nbsp;<\/p>\n<p>PUBLICADO EL 24 DE OCTUBRE DE 2024 Con informaci\u00f3n de AM)<\/p>\n","protected":false},"excerpt":{"rendered":"<p>CIUDAD DE M\u00c9XICO. MX. \u2014&nbsp; &nbsp;Los hechos ocurridos esta ma\u00f1ana en Ac\u00e1mbaro, donde un auto&#8230;<\/p>\n","protected":false},"author":1,"featured_media":202586,"comment_status":"open","ping_status":"open","sticky":false,"template":"","format":"standard","meta":{"_monsterinsights_skip_tracking":false,"_monsterinsights_sitenote_active":false,"_monsterinsights_sitenote_note":"","_monsterinsights_sitenote_category":0,"footnotes":""},"categories":[5],"tags":[],"class_list":["post"],"yoast_head":" \n<title>Sonora en Equipo. Explosi\u00f3n de coche bomba en Ac\u00e1mbaro es asunto federal: Claudia Sheinbaum Rep\u00fablica<\/title>\n<meta name=\"description\" content=\"CIUDAD DE M\u00c9XICO. MX. \u2014&nbsp; &nbsp;Los hechos ocurridos esta ma\u00f1ana en Ac\u00e1mbaro, donde un auto bomba estall\u00f3 cerca de las instalaciones de la Secretar\u00eda En Sonora en Equipo publicamos toda la informaci\u00f3n de Sonora, M\u00e9xico y el Mundo de manera oportuna y busca que la libertad de expresi\u00f3n sea real. Visita nuestro medio informativo publicado desde Hermosillo, Sonora. %\" \/>\n<meta name=\"robots\" content=\"index, follow, max-snippet:-1, max-image-preview:large, max-video-preview:-1\" \/>\n<link rel=\"canonical\" href=\"https:\/\/www.sonoraenequipo.com.mx\/explosion-de-coche-bomba-en-acambaro-es-asunto-federal-claudia-sheinbaum\/\" \/>\n<meta property=\"og:locale\" content=\"es_ES\" \/>\n<meta property=\"og:type\" content=\"article\" \/>\n<meta property=\"og:title\" content=\"Sonora en Equipo. Explosi\u00f3n de coche bomba en Ac\u00e1mbaro es asunto federal: Claudia Sheinbaum Rep\u00fablica\" \/>\n<meta property=\"og:description\" content=\"CIUDAD DE M\u00c9XICO. MX. \u2014&nbsp; &nbsp;Los hechos ocurridos esta ma\u00f1ana en Ac\u00e1mbaro, donde un auto bomba estall\u00f3 cerca de las instalaciones de la Secretar\u00eda En Sonora en Equipo publicamos toda la informaci\u00f3n de Sonora, M\u00e9xico y el Mundo de manera oportuna y busca que la libertad de expresi\u00f3n sea real. Visita nuestro medio informativo publicado desde Hermosillo, Sonora. %\" \/>\n<meta property=\"og:url\" content=\"https:\/\/www.sonoraenequipo.com.mx\/explosion-de-coche-bomba-en-acambaro-es-asunto-federal-claudia-sheinbaum\/\" \/>\n<meta property=\"og:site_name\" content=\"Sonora en Equipo.\" \/>\n<meta property=\"article:publisher\" content=\"https:\/\/www.facebook.com\/SonoraEE\/\" \/>\n<meta property=\"article:author\" content=\"https:\/\/www.facebook.com\/SonoraEE\" \/>\n<meta property=\"article:published_time\" content=\"2024-10-24T20:39:00+00:00\" \/>\n<meta property=\"article:modified_time\" content=\"2024-10-25T15:04:29+00:00\" \/>\n<meta property=\"og:image\" content=\"https:\/\/www.sonoraenequipo.com.mx\/storage\/2024\/10\/Coches-bomba-en-Guanajuato-min.jpg\" \/>\n\t<meta property=\"og:image:width\" content=\"1140\" \/>\n\t<meta property=\"og:image:height\" content=\"712\" \/>\n\t<meta property=\"og:image:type\" content=\"image\/jpeg\" \/>\n<meta name=\"author\" content=\"enequipo\" \/>\n<meta name=\"twitter:card\" content=\"summary_large_image\" \/>\n<meta name=\"twitter:creator\" content=\"@sonoraenequipo\" \/>\n<meta name=\"twitter:site\" content=\"@sonoraenequipo\" \/>\n<meta name=\"twitter:label1\" content=\"Escrito por\" \/>\n\t<meta name=\"twitter:data1\" content=\"enequipo\" \/>\n\t<meta name=\"twitter:label2\" content=\"Tiempo de lectura\" \/>\n\t<meta name=\"twitter:data2\" content=\"2 minutos\" \/>\n<script type=\"application\/ld+json\" class=\"yoast-schema-graph\">{\"@context\":\"https:\/\/schema.org\",\"@graph\":[{\"@type\":\"Article\",\"@id\":\"https:\/\/www.sonoraenequipo.com.mx\/explosion-de-coche-bomba-en-acambaro-es-asunto-federal-claudia-sheinbaum\/#article\",\"isPartOf\":{\"@id\":\"https:\/\/www.sonoraenequipo.com.mx\/explosion-de-coche-bomba-en-acambaro-es-asunto-federal-claudia-sheinbaum\/\"},\"author\":{\"name\":\"enequipo\",\"@id\":\"https:\/\/www.sonoraenequipo.com.mx\/#\/schema\/person\/50102df0fb23a8fa9e8effad8fa81386\"},\"headline\":\"Explosi\u00f3n de coche bomba en Ac\u00e1mbaro es asunto federal: Claudia Sheinbaum\",\"datePublished\":\"2024-10-24T20:39:00+00:00\",\"dateModified\":\"2024-10-25T15:04:29+00:00\",\"mainEntityOfPage\":{\"@id\":\"https:\/\/www.sonoraenequipo.com.mx\/explosion-de-coche-bomba-en-acambaro-es-asunto-federal-claudia-sheinbaum\/\"},\"wordCount\":443,\"commentCount\":0,\"publisher\":{\"@id\":\"https:\/\/www.sonoraenequipo.com.mx\/#organization\"},\"image\":{\"@id\":\"https:\/\/www.sonoraenequipo.com.mx\/explosion-de-coche-bomba-en-acambaro-es-asunto-federal-claudia-sheinbaum\/#primaryimage\"},\"thumbnailUrl\":\"https:\/\/www.sonoraenequipo.com.mx\/storage\/2024\/10\/Coches-bomba-en-Guanajuato-min.jpg\",\"articleSection\":[\"Rep\u00fablica\"],\"inLanguage\":\"es\",\"potentialAction\":[{\"@type\":\"CommentAction\",\"name\":\"Comment\",\"target\":[\"https:\/\/www.sonoraenequipo.com.mx\/explosion-de-coche-bomba-en-acambaro-es-asunto-federal-claudia-sheinbaum\/#respond\"]}]},{\"@type\":\"WebPage\",\"@id\":\"https:\/\/www.sonoraenequipo.com.mx\/explosion-de-coche-bomba-en-acambaro-es-asunto-federal-claudia-sheinbaum\/\",\"url\":\"https:\/\/www.sonoraenequipo.com.mx\/explosion-de-coche-bomba-en-acambaro-es-asunto-federal-claudia-sheinbaum\/\",\"name\":\"Sonora en Equipo. Explosi\u00f3n de coche bomba en Ac\u00e1mbaro es asunto federal: Claudia Sheinbaum Rep\u00fablica\",\"isPartOf\":{\"@id\":\"https:\/\/www.sonoraenequipo.com.mx\/#website\"},\"primaryImageOfPage\":{\"@id\":\"https:\/\/www.sonoraenequipo.com.mx\/explosion-de-coche-bomba-en-acambaro-es-asunto-federal-claudia-sheinbaum\/#primaryimage\"},\"image\":{\"@id\":\"https:\/\/www.sonoraenequipo.com.mx\/explosion-de-coche-bomba-en-acambaro-es-asunto-federal-claudia-sheinbaum\/#primaryimage\"},\"thumbnailUrl\":\"https:\/\/www.sonoraenequipo.com.mx\/storage\/2024\/10\/Coches-bomba-en-Guanajuato-min.jpg\",\"datePublished\":\"2024-10-24T20:39:00+00:00\",\"dateModified\":\"2024-10-25T15:04:29+00:00\",\"description\":\"CIUDAD DE M\u00c9XICO. MX. \u2014&nbsp; &nbsp;Los hechos ocurridos esta ma\u00f1ana en Ac\u00e1mbaro, donde un auto bomba estall\u00f3 cerca de las instalaciones de la Secretar\u00eda En Sonora en Equipo publicamos toda la informaci\u00f3n de Sonora, M\u00e9xico y el Mundo de manera oportuna y busca que la libertad de expresi\u00f3n sea real. Visita nuestro medio informativo publicado desde Hermosillo, Sonora. %\",\"breadcrumb\":{\"@id\":\"https:\/\/www.sonoraenequipo.com.mx\/explosion-de-coche-bomba-en-acambaro-es-asunto-federal-claudia-sheinbaum\/#breadcrumb\"},\"inLanguage\":\"es\",\"potentialAction\":[{\"@type\":\"ReadAction\",\"target\":[\"https:\/\/www.sonoraenequipo.com.mx\/explosion-de-coche-bomba-en-acambaro-es-asunto-federal-claudia-sheinbaum\/\"]}]},{\"@type\":\"ImageObject\",\"inLanguage\":\"es\",\"@id\":\"https:\/\/www.sonoraenequipo.com.mx\/explosion-de-coche-bomba-en-acambaro-es-asunto-federal-claudia-sheinbaum\/#primaryimage\",\"url\":\"https:\/\/www.sonoraenequipo.com.mx\/storage\/2024\/10\/Coches-bomba-en-Guanajuato-min.jpg\",\"contentUrl\":\"https:\/\/www.sonoraenequipo.com.mx\/storage\/2024\/10\/Coches-bomba-en-Guanajuato-min.jpg\",\"width\":1140,\"height\":712},{\"@type\":\"BreadcrumbList\",\"@id\":\"https:\/\/www.sonoraenequipo.com.mx\/explosion-de-coche-bomba-en-acambaro-es-asunto-federal-claudia-sheinbaum\/#breadcrumb\",\"itemListElement\":[{\"@type\":\"ListItem\",\"position\":1,\"name\":\"Portada\",\"item\":\"https:\/\/www.sonoraenequipo.com.mx\/\"},{\"@type\":\"ListItem\",\"position\":2,\"name\":\"Explosi\u00f3n de coche bomba en Ac\u00e1mbaro es asunto federal: Claudia Sheinbaum\"}]},{\"@type\":\"WebSite\",\"@id\":\"https:\/\/www.sonoraenequipo.com.mx\/#website\",\"url\":\"https:\/\/www.sonoraenequipo.com.mx\/\",\"name\":\"Sonora en Equipo.\",\"description\":\"Diario en l\u00ednea con Noticias desde Hermosillo, Sonora\",\"publisher\":{\"@id\":\"https:\/\/www.sonoraenequipo.com.mx\/#organization\"},\"potentialAction\":[{\"@type\":\"SearchAction\",\"target\":{\"@type\":\"EntryPoint\",\"urlTemplate\":\"https:\/\/www.sonoraenequipo.com.mx\/?s={search_term_string}\"},\"query-input\":{\"@type\":\"PropertyValueSpecification\",\"valueRequired\":true,\"valueName\":\"search_term_string\"}}],\"inLanguage\":\"es\"},{\"@type\":\"Organization\",\"@id\":\"https:\/\/www.sonoraenequipo.com.mx\/#organization\",\"name\":\"Sonoraenequipo.com.mx\",\"url\":\"https:\/\/www.sonoraenequipo.com.mx\/\",\"logo\":{\"@type\":\"ImageObject\",\"inLanguage\":\"es\",\"@id\":\"https:\/\/www.sonoraenequipo.com.mx\/#\/schema\/logo\/image\/\",\"url\":\"https:\/\/www.sonoraenequipo.com.mx\/storage\/2019\/01\/sonoraenequipo_opt.png\",\"contentUrl\":\"https:\/\/www.sonoraenequipo.com.mx\/storage\/2019\/01\/sonoraenequipo_opt.png\",\"width\":375,\"height\":125,\"caption\":\"Sonoraenequipo.com.mx\"},\"image\":{\"@id\":\"https:\/\/www.sonoraenequipo.com.mx\/#\/schema\/logo\/image\/\"},\"sameAs\":[\"https:\/\/www.facebook.com\/SonoraEE\/\",\"https:\/\/x.com\/sonoraenequipo\",\"https:\/\/www.youtube.com\/channel\/UC338nW-lPEYmJQs4ZABQ1SQ\"]},{\"@type\":\"Person\",\"@id\":\"https:\/\/www.sonoraenequipo.com.mx\/#\/schema\/person\/50102df0fb23a8fa9e8effad8fa81386\",\"name\":\"enequipo\",\"image\":{\"@type\":\"ImageObject\",\"inLanguage\":\"es\",\"@id\":\"https:\/\/www.sonoraenequipo.com.mx\/#\/schema\/person\/image\/\",\"url\":\"https:\/\/secure.gravatar.com\/avatar\/049821681b589dabc0bc20695993ccebb09f5b5d4d790cd9251b97faac7c652b?s=96&d=blank&r=g\",\"contentUrl\":\"https:\/\/secure.gravatar.com\/avatar\/049821681b589dabc0bc20695993ccebb09f5b5d4d790cd9251b97faac7c652b?s=96&d=blank&r=g\",\"caption\":\"enequipo\"},\"sameAs\":[\"https:\/\/www.facebook.com\/SonoraEE\"]}]}<\/script>\n ","yoast_head_json":{"title":"Sonora en Equipo. Explosi\u00f3n de coche bomba en Ac\u00e1mbaro es asunto federal: Claudia Sheinbaum Rep\u00fablica","description":"CIUDAD DE M\u00c9XICO. MX. \u2014&nbsp; &nbsp;Los hechos ocurridos esta ma\u00f1ana en Ac\u00e1mbaro, donde un auto bomba estall\u00f3 cerca de las instalaciones de la Secretar\u00eda En Sonora en Equipo publicamos toda la informaci\u00f3n de Sonora, M\u00e9xico y el Mundo de manera oportuna y busca que la libertad de expresi\u00f3n sea real. Visita nuestro medio informativo publicado desde Hermosillo, Sonora. %","robots":{"index":"index","follow":"follow","max-snippet":"max-snippet:-1","max-image-preview":"max-image-preview:large","max-video-preview":"max-video-preview:-1"},"canonical":"https:\/\/www.sonoraenequipo.com.mx\/explosion-de-coche-bomba-en-acambaro-es-asunto-federal-claudia-sheinbaum\/","og_locale":"es_ES","og_type":"article","og_title":"Sonora en Equipo. Explosi\u00f3n de coche bomba en Ac\u00e1mbaro es asunto federal: Claudia Sheinbaum Rep\u00fablica","og_description":"CIUDAD DE M\u00c9XICO. MX. \u2014&nbsp; &nbsp;Los hechos ocurridos esta ma\u00f1ana en Ac\u00e1mbaro, donde un auto bomba estall\u00f3 cerca de las instalaciones de la Secretar\u00eda En Sonora en Equipo publicamos toda la informaci\u00f3n de Sonora, M\u00e9xico y el Mundo de manera oportuna y busca que la libertad de expresi\u00f3n sea real. Visita nuestro medio informativo publicado desde Hermosillo, Sonora. %","og_url":"https:\/\/www.sonoraenequipo.com.mx\/explosion-de-coche-bomba-en-acambaro-es-asunto-federal-claudia-sheinbaum\/","og_site_name":"Sonora en Equipo.","article_publisher":"https:\/\/www.facebook.com\/SonoraEE\/","article_author":"https:\/\/www.facebook.com\/SonoraEE","article_published_time":"2024-10-24T20:39:00+00:00","article_modified_time":"2024-10-25T15:04:29+00:00","og_image":[{"width":1140,"height":712,"url":"https:\/\/www.sonoraenequipo.com.mx\/storage\/2024\/10\/Coches-bomba-en-Guanajuato-min.jpg","type":"image\/jpeg"}],"author":"enequipo","twitter_card":"summary_large_image","twitter_creator":"@sonoraenequipo","twitter_site":"@sonoraenequipo","twitter_misc":{"Escrito por":"enequipo","Tiempo de lectura":"2 minutos"},"schema":{"@context":"https:\/\/schema.org","@graph":[{"@type":"Article","@id":"https:\/\/www.sonoraenequipo.com.mx\/explosion-de-coche-bomba-en-acambaro-es-asunto-federal-claudia-sheinbaum\/#article","isPartOf":{"@id":"https:\/\/www.sonoraenequipo.com.mx\/explosion-de-coche-bomba-en-acambaro-es-asunto-federal-claudia-sheinbaum\/"},"author":{"name":"enequipo","@id":"https:\/\/www.sonoraenequipo.com.mx\/#\/schema\/person\/50102df0fb23a8fa9e8effad8fa81386"},"headline":"Explosi\u00f3n de coche bomba en Ac\u00e1mbaro es asunto federal: Claudia Sheinbaum","datePublished":"2024-10-24T20:39:00+00:00","dateModified":"2024-10-25T15:04:29+00:00","mainEntityOfPage":{"@id":"https:\/\/www.sonoraenequipo.com.mx\/explosion-de-coche-bomba-en-acambaro-es-asunto-federal-claudia-sheinbaum\/"},"wordCount":443,"commentCount":0,"publisher":{"@id":"https:\/\/www.sonoraenequipo.com.mx\/#organization"},"image":{"@id":"https:\/\/www.sonoraenequipo.com.mx\/explosion-de-coche-bomba-en-acambaro-es-asunto-federal-claudia-sheinbaum\/#primaryimage"},"thumbnailUrl":"https:\/\/www.sonoraenequipo.com.mx\/storage\/2024\/10\/Coches-bomba-en-Guanajuato-min.jpg","articleSection":["Rep\u00fablica"],"inLanguage":"es","potentialAction":[{"@type":"CommentAction","name":"Comment","target":["https:\/\/www.sonoraenequipo.com.mx\/explosion-de-coche-bomba-en-acambaro-es-asunto-federal-claudia-sheinbaum\/#respond"]}]},{"@type":"WebPage","@id":"https:\/\/www.sonoraenequipo.com.mx\/explosion-de-coche-bomba-en-acambaro-es-asunto-federal-claudia-sheinbaum\/","url":"https:\/\/www.sonoraenequipo.com.mx\/explosion-de-coche-bomba-en-acambaro-es-asunto-federal-claudia-sheinbaum\/","name":"Sonora en Equipo. Explosi\u00f3n de coche bomba en Ac\u00e1mbaro es asunto federal: Claudia Sheinbaum Rep\u00fablica","isPartOf":{"@id":"https:\/\/www.sonoraenequipo.com.mx\/#website"},"primaryImageOfPage":{"@id":"https:\/\/www.sonoraenequipo.com.mx\/explosion-de-coche-bomba-en-acambaro-es-asunto-federal-claudia-sheinbaum\/#primaryimage"},"image":{"@id":"https:\/\/www.sonoraenequipo.com.mx\/explosion-de-coche-bomba-en-acambaro-es-asunto-federal-claudia-sheinbaum\/#primaryimage"},"thumbnailUrl":"https:\/\/www.sonoraenequipo.com.mx\/storage\/2024\/10\/Coches-bomba-en-Guanajuato-min.jpg","datePublished":"2024-10-24T20:39:00+00:00","dateModified":"2024-10-25T15:04:29+00:00","description":"CIUDAD DE M\u00c9XICO. MX. \u2014&nbsp; &nbsp;Los hechos ocurridos esta ma\u00f1ana en Ac\u00e1mbaro, donde un auto bomba estall\u00f3 cerca de las instalaciones de la Secretar\u00eda En Sonora en Equipo publicamos toda la informaci\u00f3n de Sonora, M\u00e9xico y el Mundo de manera oportuna y busca que la libertad de expresi\u00f3n sea real. Visita nuestro medio informativo publicado desde Hermosillo, Sonora. %","breadcrumb":{"@id":"https:\/\/www.sonoraenequipo.com.mx\/explosion-de-coche-bomba-en-acambaro-es-asunto-federal-claudia-sheinbaum\/#breadcrumb"},"inLanguage":"es","potentialAction":[{"@type":"ReadAction","target":["https:\/\/www.sonoraenequipo.com.mx\/explosion-de-coche-bomba-en-acambaro-es-asunto-federal-claudia-sheinbaum\/"]}]},{"@type":"ImageObject","inLanguage":"es","@id":"https:\/\/www.sonoraenequipo.com.mx\/explosion-de-coche-bomba-en-acambaro-es-asunto-federal-claudia-sheinbaum\/#primaryimage","url":"https:\/\/www.sonoraenequipo.com.mx\/storage\/2024\/10\/Coches-bomba-en-Guanajuato-min.jpg","contentUrl":"https:\/\/www.sonoraenequipo.com.mx\/storage\/2024\/10\/Coches-bomba-en-Guanajuato-min.jpg","width":1140,"height":712},{"@type":"BreadcrumbList","@id":"https:\/\/www.sonoraenequipo.com.mx\/explosion-de-coche-bomba-en-acambaro-es-asunto-federal-claudia-sheinbaum\/#breadcrumb","itemListElement":[{"@type":"ListItem","position":1,"name":"Portada","item":"https:\/\/www.sonoraenequipo.com.mx\/"},{"@type":"ListItem","position":2,"name":"Explosi\u00f3n de coche bomba en Ac\u00e1mbaro es asunto federal: Claudia Sheinbaum"}]},{"@type":"WebSite","@id":"https:\/\/www.sonoraenequipo.com.mx\/#website","url":"https:\/\/www.sonoraenequipo.com.mx\/","name":"Sonora en Equipo.","description":"Diario en l\u00ednea con Noticias desde Hermosillo, Sonora","publisher":{"@id":"https:\/\/www.sonoraenequipo.com.mx\/#organization"},"potentialAction":[{"@type":"SearchAction","target":{"@type":"EntryPoint","urlTemplate":"https:\/\/www.sonoraenequipo.com.mx\/?s={search_term_string}"},"query-input":{"@type":"PropertyValueSpecification","valueRequired":true,"valueName":"search_term_string"}}],"inLanguage":"es"},{"@type":"Organization","@id":"https:\/\/www.sonoraenequipo.com.mx\/#organization","name":"Sonoraenequipo.com.mx","url":"https:\/\/www.sonoraenequipo.com.mx\/","logo":{"@type":"ImageObject","inLanguage":"es","@id":"https:\/\/www.sonoraenequipo.com.mx\/#\/schema\/logo\/image\/","url":"https:\/\/www.sonoraenequipo.com.mx\/storage\/2019\/01\/sonoraenequipo_opt.png","contentUrl":"https:\/\/www.sonoraenequipo.com.mx\/storage\/2019\/01\/sonoraenequipo_opt.png","width":375,"height":125,"caption":"Sonoraenequipo.com.mx"},"image":{"@id":"https:\/\/www.sonoraenequipo.com.mx\/#\/schema\/logo\/image\/"},"sameAs":["https:\/\/www.facebook.com\/SonoraEE\/","https:\/\/x.com\/sonoraenequipo","https:\/\/www.youtube.com\/channel\/UC338nW-lPEYmJQs4ZABQ1SQ"]},{"@type":"Person","@id":"https:\/\/www.sonoraenequipo.com.mx\/#\/schema\/person\/50102df0fb23a8fa9e8effad8fa81386","name":"enequipo","image":{"@type":"ImageObject","inLanguage":"es","@id":"https:\/\/www.sonoraenequipo.com.mx\/#\/schema\/person\/image\/","url":"https:\/\/secure.gravatar.com\/avatar\/049821681b589dabc0bc20695993ccebb09f5b5d4d790cd9251b97faac7c652b?s=96&d=blank&r=g","contentUrl":"https:\/\/secure.gravatar.com\/avatar\/049821681b589dabc0bc20695993ccebb09f5b5d4d790cd9251b97faac7c652b?s=96&d=blank&r=g","caption":"enequipo"},"sameAs":["https:\/\/www.facebook.com\/SonoraEE"]}]}},"jetpack_featured_media_url":"https:\/\/www.sonoraenequipo.com.mx\/storage\/2024\/10\/Coches-bomba-en-Guanajuato-min.jpg","_links":{"self":[{"href":"https:\/\/www.sonoraenequipo.com.mx\/api\/wp\/v2\/posts\/202585","targetHints":{"allow":["GET"]}}],"collection":[{"href":"https:\/\/www.sonoraenequipo.com.mx\/api\/wp\/v2\/posts"}],"about":[{"href":"https:\/\/www.sonoraenequipo.com.mx\/api\/wp\/v2\/types\/post"}],"author":[{"embeddable":true,"href":"https:\/\/www.sonoraenequipo.com.mx\/api\/wp\/v2\/users\/1"}],"replies":[{"embeddable":true,"href":"https:\/\/www.sonoraenequipo.com.mx\/api\/wp\/v2\/comments?post=202585"}],"version-history":[{"count":2,"href":"https:\/\/www.sonoraenequipo.com.mx\/api\/wp\/v2\/posts\/202585\/revisions"}],"predecessor-version":[{"id":202588,"href":"https:\/\/www.sonoraenequipo.com.mx\/api\/wp\/v2\/posts\/202585\/revisions\/202588"}],"wp:featuredmedia":[{"embeddable":true,"href":"https:\/\/www.sonoraenequipo.com.mx\/api\/wp\/v2\/media\/202586"}],"wp:attachment":[{"href":"https:\/\/www.sonoraenequipo.com.mx\/api\/wp\/v2\/media?parent=202585"}],"wp:term":[{"taxonomy":"category","embeddable":true,"href":"https:\/\/www.sonoraenequipo.com.mx\/api\/wp\/v2\/categories?post=202585"},{"taxonomy":"post_tag","embeddable":true,"href":"https:\/\/www.sonoraenequipo.com.mx\/api\/wp\/v2\/tags?post=202585"}],"curies":[{"name":"wp","href":"https:\/\/api.w.org\/{rel}","templated":true}]}}