{"id":202722,"date":"2024-10-26T18:13:01","date_gmt":"2024-10-27T01:13:01","guid":{"rendered":"https:\/\/www.sonoraenequipo.com.mx\/?p=202722"},"modified":"2024-10-26T18:13:01","modified_gmt":"2024-10-27T01:13:01","slug":"rara-enfermedad-pone-a-esquiador-aleman-en-receso-indefinido","status":"publish","type":"post","link":"https:\/\/www.sonoraenequipo.com.mx\/rara-enfermedad-pone-a-esquiador-aleman-en-receso-indefinido\/","title":{"rendered":"Rara enfermedad pone a esquiador alem\u00e1n en receso indefinido"},"content":{"rendered":"<p>El esquiador alem\u00e1n Andreas Sander, que gan\u00f3 la plata en descenso en el Campeonato Mundial de 2021, dijo el mi\u00e9rcoles que le han diagnosticado una disfunci\u00f3n mitocondrial que lo dejar\u00e1 fuera de las pistas por tiempo indefinido. Sander, de 35 a\u00f1os, descart\u00f3 participar en el primer descenso de la temporada en diciembre en Beaver Creek. Dijo en un evento por equipos en Nuremberg que no estaba del todo claro cu\u00e1ndo o si volver\u00eda a competir.<\/p>\n<p>El esquiador alem\u00e1n Andreas Sander, que gan\u00f3 la plata en descenso en el Campeonato Mundial de 2021, dijo el mi\u00e9rcoles que le han diagnosticado una disfunci\u00f3n mitocondrial que lo dejar\u00e1 fuera de las pistas por tiempo indefinido. Sander, de 35 a\u00f1os, descart\u00f3 participar en el primer descenso de la temporada en diciembre en Beaver Creek. Dijo en un evento por equipos en Nuremberg que no estaba del todo claro cu\u00e1ndo o si volver\u00eda a competir.<\/p>\n<p><strong>Claras secuelas de la enfermedad<\/strong><\/p>\n<p>Las mitocondrias son org\u00e1nulos que forman parte de las c\u00e9lulas humanas y generan energ\u00eda para ellas. Sander dijo que no ha podido entrenar durante los \u00faltimos meses y que los m\u00e9dicos creen que la disfunci\u00f3n podr\u00eda ser el resultado de varias infecciones en los \u00faltimos a\u00f1os. \u00abSolo salgo a caminar. Y durante las caminatas a veces tengo que sentarme porque el cuerpo est\u00e1 muy cansado\u00bb, dijo, y agreg\u00f3 que tambi\u00e9n le resulta dif\u00edcil concentrarse.<\/p>\n<p>&nbsp;<\/p>\n<p>Sander gan\u00f3 una plata sorpresa en el Mundial de 2021 en Cortina d&#8217;Ampezzo, a una cent\u00e9sima de segundo del ganador austr\u00edaco Vincent Kriechmayr. Tambi\u00e9n ha sumado un podio en la Copa del Mundo en descenso y un podio en supergigante.<\/p>\n<p>\u00abUna gran pesadilla\u00bb<\/p>\n<p>El entrenador del equipo masculino, Christian Schwaiger, calific\u00f3 la enfermedad y la ausencia de Sander como \u00abuna gran pesadilla\u00bb, ya que se suma a la larga lista de ausencias antes del inicio de la Copa del Mundo el fin de semana con las carreras de eslalon gigante en S\u00f6lden, Austria. El campe\u00f3n del mundo de pruebas paralelas Alexander Schmid sufre agotamiento, el esquiador de velocidad Simon Jocher sufri\u00f3 una hernia discal en verano, el esquiador de eslalon Stefan Luitz se rompi\u00f3 la mano y el reci\u00e9n llegado Nickco Palamaras estar\u00e1 fuera durante meses por una grave lesi\u00f3n de rodilla. \u00abEs como una maldici\u00f3n\u00bb, dijo Schwaiger.<\/p>\n<p><strong>\u00abUna gran pesadilla\u00bb<\/strong><\/p>\n<p>El entrenador del equipo masculino, Christian Schwaiger, calific\u00f3 la enfermedad y la ausencia de Sander como \u00abuna gran pesadilla\u00bb, ya que se suma a la larga lista de ausencias antes del inicio de la Copa del Mundo el fin de semana con las carreras de eslalon gigante en S\u00f6lden, Austria. El campe\u00f3n del mundo de pruebas paralelas Alexander Schmid sufre agotamiento, el esquiador de velocidad Simon Jocher sufri\u00f3 una hernia discal en verano, el esquiador de eslalon Stefan Luitz se rompi\u00f3 la mano y el reci\u00e9n llegado Nickco Palamaras estar\u00e1 fuera durante meses por una grave lesi\u00f3n de rodilla. \u00abEs como una maldici\u00f3n\u00bb, dijo Schwaiger.<\/p>\n<p><strong>Fecha de publicaci\u00f3n s\u00e1bado \u00a026 de octubre de 2024 \/DW<\/strong><\/p>\n<p>&nbsp;<\/p>\n","protected":false},"excerpt":{"rendered":"<p>El esquiador alem\u00e1n Andreas Sander, que gan\u00f3 la plata en descenso en el Campeonato Mundial&#8230;<\/p>\n","protected":false},"author":1,"featured_media":202723,"comment_status":"open","ping_status":"open","sticky":false,"template":"","format":"standard","meta":{"_monsterinsights_skip_tracking":false,"_monsterinsights_sitenote_active":false,"_monsterinsights_sitenote_note":"","_monsterinsights_sitenote_category":0,"footnotes":""},"categories":[10],"tags":[10442,10444,10443],"class_list":["post"],"yoast_head":" \n<title>Sonora en Equipo. Rara enfermedad pone a esquiador alem\u00e1n en receso indefinido Deportes<\/title>\n<meta name=\"description\" content=\"El esquiador alem\u00e1n Andreas Sander, que gan\u00f3 la plata en descenso en el Campeonato Mundial de 2021, dijo el mi\u00e9rcoles que le han diagnosticado una En Sonora en Equipo publicamos toda la informaci\u00f3n de Sonora, M\u00e9xico y el Mundo de manera oportuna y busca que la libertad de expresi\u00f3n sea real. Visita nuestro medio informativo publicado desde Hermosillo, Sonora. %\" \/>\n<meta name=\"robots\" content=\"index, follow, max-snippet:-1, max-image-preview:large, max-video-preview:-1\" \/>\n<link rel=\"canonical\" href=\"https:\/\/www.sonoraenequipo.com.mx\/rara-enfermedad-pone-a-esquiador-aleman-en-receso-indefinido\/\" \/>\n<meta property=\"og:locale\" content=\"es_ES\" \/>\n<meta property=\"og:type\" content=\"article\" \/>\n<meta property=\"og:title\" content=\"Sonora en Equipo. Rara enfermedad pone a esquiador alem\u00e1n en receso indefinido Deportes\" \/>\n<meta property=\"og:description\" content=\"El esquiador alem\u00e1n Andreas Sander, que gan\u00f3 la plata en descenso en el Campeonato Mundial de 2021, dijo el mi\u00e9rcoles que le han diagnosticado una En Sonora en Equipo publicamos toda la informaci\u00f3n de Sonora, M\u00e9xico y el Mundo de manera oportuna y busca que la libertad de expresi\u00f3n sea real. Visita nuestro medio informativo publicado desde Hermosillo, Sonora. %\" \/>\n<meta property=\"og:url\" content=\"https:\/\/www.sonoraenequipo.com.mx\/rara-enfermedad-pone-a-esquiador-aleman-en-receso-indefinido\/\" \/>\n<meta property=\"og:site_name\" content=\"Sonora en Equipo.\" \/>\n<meta property=\"article:publisher\" content=\"https:\/\/www.facebook.com\/SonoraEE\/\" \/>\n<meta property=\"article:author\" content=\"https:\/\/www.facebook.com\/SonoraEE\" \/>\n<meta property=\"article:published_time\" content=\"2024-10-27T01:13:01+00:00\" \/>\n<meta property=\"og:image\" content=\"https:\/\/www.sonoraenequipo.com.mx\/storage\/2024\/10\/andreas.jpg\" \/>\n\t<meta property=\"og:image:width\" content=\"600\" \/>\n\t<meta property=\"og:image:height\" content=\"337\" \/>\n\t<meta property=\"og:image:type\" content=\"image\/jpeg\" \/>\n<meta name=\"author\" content=\"enequipo\" \/>\n<meta name=\"twitter:card\" content=\"summary_large_image\" \/>\n<meta name=\"twitter:creator\" content=\"@sonoraenequipo\" \/>\n<meta name=\"twitter:site\" content=\"@sonoraenequipo\" \/>\n<meta name=\"twitter:label1\" content=\"Escrito por\" \/>\n\t<meta name=\"twitter:data1\" content=\"enequipo\" \/>\n\t<meta name=\"twitter:label2\" content=\"Tiempo de lectura\" \/>\n\t<meta name=\"twitter:data2\" content=\"3 minutos\" \/>\n<script type=\"application\/ld+json\" class=\"yoast-schema-graph\">{\"@context\":\"https:\/\/schema.org\",\"@graph\":[{\"@type\":\"Article\",\"@id\":\"https:\/\/www.sonoraenequipo.com.mx\/rara-enfermedad-pone-a-esquiador-aleman-en-receso-indefinido\/#article\",\"isPartOf\":{\"@id\":\"https:\/\/www.sonoraenequipo.com.mx\/rara-enfermedad-pone-a-esquiador-aleman-en-receso-indefinido\/\"},\"author\":{\"name\":\"enequipo\",\"@id\":\"https:\/\/www.sonoraenequipo.com.mx\/#\/schema\/person\/50102df0fb23a8fa9e8effad8fa81386\"},\"headline\":\"Rara enfermedad pone a esquiador alem\u00e1n en receso indefinido\",\"datePublished\":\"2024-10-27T01:13:01+00:00\",\"mainEntityOfPage\":{\"@id\":\"https:\/\/www.sonoraenequipo.com.mx\/rara-enfermedad-pone-a-esquiador-aleman-en-receso-indefinido\/\"},\"wordCount\":537,\"commentCount\":0,\"publisher\":{\"@id\":\"https:\/\/www.sonoraenequipo.com.mx\/#organization\"},\"image\":{\"@id\":\"https:\/\/www.sonoraenequipo.com.mx\/rara-enfermedad-pone-a-esquiador-aleman-en-receso-indefinido\/#primaryimage\"},\"thumbnailUrl\":\"https:\/\/www.sonoraenequipo.com.mx\/storage\/2024\/10\/andreas.jpg\",\"keywords\":[\"andreas\",\"esquiador\",\"sander\"],\"articleSection\":[\"Deportes\"],\"inLanguage\":\"es\",\"potentialAction\":[{\"@type\":\"CommentAction\",\"name\":\"Comment\",\"target\":[\"https:\/\/www.sonoraenequipo.com.mx\/rara-enfermedad-pone-a-esquiador-aleman-en-receso-indefinido\/#respond\"]}]},{\"@type\":\"WebPage\",\"@id\":\"https:\/\/www.sonoraenequipo.com.mx\/rara-enfermedad-pone-a-esquiador-aleman-en-receso-indefinido\/\",\"url\":\"https:\/\/www.sonoraenequipo.com.mx\/rara-enfermedad-pone-a-esquiador-aleman-en-receso-indefinido\/\",\"name\":\"Sonora en Equipo. Rara enfermedad pone a esquiador alem\u00e1n en receso indefinido Deportes\",\"isPartOf\":{\"@id\":\"https:\/\/www.sonoraenequipo.com.mx\/#website\"},\"primaryImageOfPage\":{\"@id\":\"https:\/\/www.sonoraenequipo.com.mx\/rara-enfermedad-pone-a-esquiador-aleman-en-receso-indefinido\/#primaryimage\"},\"image\":{\"@id\":\"https:\/\/www.sonoraenequipo.com.mx\/rara-enfermedad-pone-a-esquiador-aleman-en-receso-indefinido\/#primaryimage\"},\"thumbnailUrl\":\"https:\/\/www.sonoraenequipo.com.mx\/storage\/2024\/10\/andreas.jpg\",\"datePublished\":\"2024-10-27T01:13:01+00:00\",\"description\":\"El esquiador alem\u00e1n Andreas Sander, que gan\u00f3 la plata en descenso en el Campeonato Mundial de 2021, dijo el mi\u00e9rcoles que le han diagnosticado una En Sonora en Equipo publicamos toda la informaci\u00f3n de Sonora, M\u00e9xico y el Mundo de manera oportuna y busca que la libertad de expresi\u00f3n sea real. Visita nuestro medio informativo publicado desde Hermosillo, Sonora. %\",\"breadcrumb\":{\"@id\":\"https:\/\/www.sonoraenequipo.com.mx\/rara-enfermedad-pone-a-esquiador-aleman-en-receso-indefinido\/#breadcrumb\"},\"inLanguage\":\"es\",\"potentialAction\":[{\"@type\":\"ReadAction\",\"target\":[\"https:\/\/www.sonoraenequipo.com.mx\/rara-enfermedad-pone-a-esquiador-aleman-en-receso-indefinido\/\"]}]},{\"@type\":\"ImageObject\",\"inLanguage\":\"es\",\"@id\":\"https:\/\/www.sonoraenequipo.com.mx\/rara-enfermedad-pone-a-esquiador-aleman-en-receso-indefinido\/#primaryimage\",\"url\":\"https:\/\/www.sonoraenequipo.com.mx\/storage\/2024\/10\/andreas.jpg\",\"contentUrl\":\"https:\/\/www.sonoraenequipo.com.mx\/storage\/2024\/10\/andreas.jpg\",\"width\":600,\"height\":337},{\"@type\":\"BreadcrumbList\",\"@id\":\"https:\/\/www.sonoraenequipo.com.mx\/rara-enfermedad-pone-a-esquiador-aleman-en-receso-indefinido\/#breadcrumb\",\"itemListElement\":[{\"@type\":\"ListItem\",\"position\":1,\"name\":\"Portada\",\"item\":\"https:\/\/www.sonoraenequipo.com.mx\/\"},{\"@type\":\"ListItem\",\"position\":2,\"name\":\"Rara enfermedad pone a esquiador alem\u00e1n en receso indefinido\"}]},{\"@type\":\"WebSite\",\"@id\":\"https:\/\/www.sonoraenequipo.com.mx\/#website\",\"url\":\"https:\/\/www.sonoraenequipo.com.mx\/\",\"name\":\"Sonora en Equipo.\",\"description\":\"Diario en l\u00ednea con Noticias desde Hermosillo, Sonora\",\"publisher\":{\"@id\":\"https:\/\/www.sonoraenequipo.com.mx\/#organization\"},\"potentialAction\":[{\"@type\":\"SearchAction\",\"target\":{\"@type\":\"EntryPoint\",\"urlTemplate\":\"https:\/\/www.sonoraenequipo.com.mx\/?s={search_term_string}\"},\"query-input\":{\"@type\":\"PropertyValueSpecification\",\"valueRequired\":true,\"valueName\":\"search_term_string\"}}],\"inLanguage\":\"es\"},{\"@type\":\"Organization\",\"@id\":\"https:\/\/www.sonoraenequipo.com.mx\/#organization\",\"name\":\"Sonoraenequipo.com.mx\",\"url\":\"https:\/\/www.sonoraenequipo.com.mx\/\",\"logo\":{\"@type\":\"ImageObject\",\"inLanguage\":\"es\",\"@id\":\"https:\/\/www.sonoraenequipo.com.mx\/#\/schema\/logo\/image\/\",\"url\":\"https:\/\/www.sonoraenequipo.com.mx\/storage\/2019\/01\/sonoraenequipo_opt.png\",\"contentUrl\":\"https:\/\/www.sonoraenequipo.com.mx\/storage\/2019\/01\/sonoraenequipo_opt.png\",\"width\":375,\"height\":125,\"caption\":\"Sonoraenequipo.com.mx\"},\"image\":{\"@id\":\"https:\/\/www.sonoraenequipo.com.mx\/#\/schema\/logo\/image\/\"},\"sameAs\":[\"https:\/\/www.facebook.com\/SonoraEE\/\",\"https:\/\/x.com\/sonoraenequipo\",\"https:\/\/www.youtube.com\/channel\/UC338nW-lPEYmJQs4ZABQ1SQ\"]},{\"@type\":\"Person\",\"@id\":\"https:\/\/www.sonoraenequipo.com.mx\/#\/schema\/person\/50102df0fb23a8fa9e8effad8fa81386\",\"name\":\"enequipo\",\"image\":{\"@type\":\"ImageObject\",\"inLanguage\":\"es\",\"@id\":\"https:\/\/www.sonoraenequipo.com.mx\/#\/schema\/person\/image\/\",\"url\":\"https:\/\/secure.gravatar.com\/avatar\/049821681b589dabc0bc20695993ccebb09f5b5d4d790cd9251b97faac7c652b?s=96&d=blank&r=g\",\"contentUrl\":\"https:\/\/secure.gravatar.com\/avatar\/049821681b589dabc0bc20695993ccebb09f5b5d4d790cd9251b97faac7c652b?s=96&d=blank&r=g\",\"caption\":\"enequipo\"},\"sameAs\":[\"https:\/\/www.facebook.com\/SonoraEE\"]}]}<\/script>\n ","yoast_head_json":{"title":"Sonora en Equipo. Rara enfermedad pone a esquiador alem\u00e1n en receso indefinido Deportes","description":"El esquiador alem\u00e1n Andreas Sander, que gan\u00f3 la plata en descenso en el Campeonato Mundial de 2021, dijo el mi\u00e9rcoles que le han diagnosticado una En Sonora en Equipo publicamos toda la informaci\u00f3n de Sonora, M\u00e9xico y el Mundo de manera oportuna y busca que la libertad de expresi\u00f3n sea real. Visita nuestro medio informativo publicado desde Hermosillo, Sonora. %","robots":{"index":"index","follow":"follow","max-snippet":"max-snippet:-1","max-image-preview":"max-image-preview:large","max-video-preview":"max-video-preview:-1"},"canonical":"https:\/\/www.sonoraenequipo.com.mx\/rara-enfermedad-pone-a-esquiador-aleman-en-receso-indefinido\/","og_locale":"es_ES","og_type":"article","og_title":"Sonora en Equipo. Rara enfermedad pone a esquiador alem\u00e1n en receso indefinido Deportes","og_description":"El esquiador alem\u00e1n Andreas Sander, que gan\u00f3 la plata en descenso en el Campeonato Mundial de 2021, dijo el mi\u00e9rcoles que le han diagnosticado una En Sonora en Equipo publicamos toda la informaci\u00f3n de Sonora, M\u00e9xico y el Mundo de manera oportuna y busca que la libertad de expresi\u00f3n sea real. Visita nuestro medio informativo publicado desde Hermosillo, Sonora. %","og_url":"https:\/\/www.sonoraenequipo.com.mx\/rara-enfermedad-pone-a-esquiador-aleman-en-receso-indefinido\/","og_site_name":"Sonora en Equipo.","article_publisher":"https:\/\/www.facebook.com\/SonoraEE\/","article_author":"https:\/\/www.facebook.com\/SonoraEE","article_published_time":"2024-10-27T01:13:01+00:00","og_image":[{"width":600,"height":337,"url":"https:\/\/www.sonoraenequipo.com.mx\/storage\/2024\/10\/andreas.jpg","type":"image\/jpeg"}],"author":"enequipo","twitter_card":"summary_large_image","twitter_creator":"@sonoraenequipo","twitter_site":"@sonoraenequipo","twitter_misc":{"Escrito por":"enequipo","Tiempo de lectura":"3 minutos"},"schema":{"@context":"https:\/\/schema.org","@graph":[{"@type":"Article","@id":"https:\/\/www.sonoraenequipo.com.mx\/rara-enfermedad-pone-a-esquiador-aleman-en-receso-indefinido\/#article","isPartOf":{"@id":"https:\/\/www.sonoraenequipo.com.mx\/rara-enfermedad-pone-a-esquiador-aleman-en-receso-indefinido\/"},"author":{"name":"enequipo","@id":"https:\/\/www.sonoraenequipo.com.mx\/#\/schema\/person\/50102df0fb23a8fa9e8effad8fa81386"},"headline":"Rara enfermedad pone a esquiador alem\u00e1n en receso indefinido","datePublished":"2024-10-27T01:13:01+00:00","mainEntityOfPage":{"@id":"https:\/\/www.sonoraenequipo.com.mx\/rara-enfermedad-pone-a-esquiador-aleman-en-receso-indefinido\/"},"wordCount":537,"commentCount":0,"publisher":{"@id":"https:\/\/www.sonoraenequipo.com.mx\/#organization"},"image":{"@id":"https:\/\/www.sonoraenequipo.com.mx\/rara-enfermedad-pone-a-esquiador-aleman-en-receso-indefinido\/#primaryimage"},"thumbnailUrl":"https:\/\/www.sonoraenequipo.com.mx\/storage\/2024\/10\/andreas.jpg","keywords":["andreas","esquiador","sander"],"articleSection":["Deportes"],"inLanguage":"es","potentialAction":[{"@type":"CommentAction","name":"Comment","target":["https:\/\/www.sonoraenequipo.com.mx\/rara-enfermedad-pone-a-esquiador-aleman-en-receso-indefinido\/#respond"]}]},{"@type":"WebPage","@id":"https:\/\/www.sonoraenequipo.com.mx\/rara-enfermedad-pone-a-esquiador-aleman-en-receso-indefinido\/","url":"https:\/\/www.sonoraenequipo.com.mx\/rara-enfermedad-pone-a-esquiador-aleman-en-receso-indefinido\/","name":"Sonora en Equipo. Rara enfermedad pone a esquiador alem\u00e1n en receso indefinido Deportes","isPartOf":{"@id":"https:\/\/www.sonoraenequipo.com.mx\/#website"},"primaryImageOfPage":{"@id":"https:\/\/www.sonoraenequipo.com.mx\/rara-enfermedad-pone-a-esquiador-aleman-en-receso-indefinido\/#primaryimage"},"image":{"@id":"https:\/\/www.sonoraenequipo.com.mx\/rara-enfermedad-pone-a-esquiador-aleman-en-receso-indefinido\/#primaryimage"},"thumbnailUrl":"https:\/\/www.sonoraenequipo.com.mx\/storage\/2024\/10\/andreas.jpg","datePublished":"2024-10-27T01:13:01+00:00","description":"El esquiador alem\u00e1n Andreas Sander, que gan\u00f3 la plata en descenso en el Campeonato Mundial de 2021, dijo el mi\u00e9rcoles que le han diagnosticado una En Sonora en Equipo publicamos toda la informaci\u00f3n de Sonora, M\u00e9xico y el Mundo de manera oportuna y busca que la libertad de expresi\u00f3n sea real. Visita nuestro medio informativo publicado desde Hermosillo, Sonora. %","breadcrumb":{"@id":"https:\/\/www.sonoraenequipo.com.mx\/rara-enfermedad-pone-a-esquiador-aleman-en-receso-indefinido\/#breadcrumb"},"inLanguage":"es","potentialAction":[{"@type":"ReadAction","target":["https:\/\/www.sonoraenequipo.com.mx\/rara-enfermedad-pone-a-esquiador-aleman-en-receso-indefinido\/"]}]},{"@type":"ImageObject","inLanguage":"es","@id":"https:\/\/www.sonoraenequipo.com.mx\/rara-enfermedad-pone-a-esquiador-aleman-en-receso-indefinido\/#primaryimage","url":"https:\/\/www.sonoraenequipo.com.mx\/storage\/2024\/10\/andreas.jpg","contentUrl":"https:\/\/www.sonoraenequipo.com.mx\/storage\/2024\/10\/andreas.jpg","width":600,"height":337},{"@type":"BreadcrumbList","@id":"https:\/\/www.sonoraenequipo.com.mx\/rara-enfermedad-pone-a-esquiador-aleman-en-receso-indefinido\/#breadcrumb","itemListElement":[{"@type":"ListItem","position":1,"name":"Portada","item":"https:\/\/www.sonoraenequipo.com.mx\/"},{"@type":"ListItem","position":2,"name":"Rara enfermedad pone a esquiador alem\u00e1n en receso indefinido"}]},{"@type":"WebSite","@id":"https:\/\/www.sonoraenequipo.com.mx\/#website","url":"https:\/\/www.sonoraenequipo.com.mx\/","name":"Sonora en Equipo.","description":"Diario en l\u00ednea con Noticias desde Hermosillo, Sonora","publisher":{"@id":"https:\/\/www.sonoraenequipo.com.mx\/#organization"},"potentialAction":[{"@type":"SearchAction","target":{"@type":"EntryPoint","urlTemplate":"https:\/\/www.sonoraenequipo.com.mx\/?s={search_term_string}"},"query-input":{"@type":"PropertyValueSpecification","valueRequired":true,"valueName":"search_term_string"}}],"inLanguage":"es"},{"@type":"Organization","@id":"https:\/\/www.sonoraenequipo.com.mx\/#organization","name":"Sonoraenequipo.com.mx","url":"https:\/\/www.sonoraenequipo.com.mx\/","logo":{"@type":"ImageObject","inLanguage":"es","@id":"https:\/\/www.sonoraenequipo.com.mx\/#\/schema\/logo\/image\/","url":"https:\/\/www.sonoraenequipo.com.mx\/storage\/2019\/01\/sonoraenequipo_opt.png","contentUrl":"https:\/\/www.sonoraenequipo.com.mx\/storage\/2019\/01\/sonoraenequipo_opt.png","width":375,"height":125,"caption":"Sonoraenequipo.com.mx"},"image":{"@id":"https:\/\/www.sonoraenequipo.com.mx\/#\/schema\/logo\/image\/"},"sameAs":["https:\/\/www.facebook.com\/SonoraEE\/","https:\/\/x.com\/sonoraenequipo","https:\/\/www.youtube.com\/channel\/UC338nW-lPEYmJQs4ZABQ1SQ"]},{"@type":"Person","@id":"https:\/\/www.sonoraenequipo.com.mx\/#\/schema\/person\/50102df0fb23a8fa9e8effad8fa81386","name":"enequipo","image":{"@type":"ImageObject","inLanguage":"es","@id":"https:\/\/www.sonoraenequipo.com.mx\/#\/schema\/person\/image\/","url":"https:\/\/secure.gravatar.com\/avatar\/049821681b589dabc0bc20695993ccebb09f5b5d4d790cd9251b97faac7c652b?s=96&d=blank&r=g","contentUrl":"https:\/\/secure.gravatar.com\/avatar\/049821681b589dabc0bc20695993ccebb09f5b5d4d790cd9251b97faac7c652b?s=96&d=blank&r=g","caption":"enequipo"},"sameAs":["https:\/\/www.facebook.com\/SonoraEE"]}]}},"jetpack_featured_media_url":"https:\/\/www.sonoraenequipo.com.mx\/storage\/2024\/10\/andreas.jpg","_links":{"self":[{"href":"https:\/\/www.sonoraenequipo.com.mx\/api\/wp\/v2\/posts\/202722","targetHints":{"allow":["GET"]}}],"collection":[{"href":"https:\/\/www.sonoraenequipo.com.mx\/api\/wp\/v2\/posts"}],"about":[{"href":"https:\/\/www.sonoraenequipo.com.mx\/api\/wp\/v2\/types\/post"}],"author":[{"embeddable":true,"href":"https:\/\/www.sonoraenequipo.com.mx\/api\/wp\/v2\/users\/1"}],"replies":[{"embeddable":true,"href":"https:\/\/www.sonoraenequipo.com.mx\/api\/wp\/v2\/comments?post=202722"}],"version-history":[{"count":1,"href":"https:\/\/www.sonoraenequipo.com.mx\/api\/wp\/v2\/posts\/202722\/revisions"}],"predecessor-version":[{"id":202724,"href":"https:\/\/www.sonoraenequipo.com.mx\/api\/wp\/v2\/posts\/202722\/revisions\/202724"}],"wp:featuredmedia":[{"embeddable":true,"href":"https:\/\/www.sonoraenequipo.com.mx\/api\/wp\/v2\/media\/202723"}],"wp:attachment":[{"href":"https:\/\/www.sonoraenequipo.com.mx\/api\/wp\/v2\/media?parent=202722"}],"wp:term":[{"taxonomy":"category","embeddable":true,"href":"https:\/\/www.sonoraenequipo.com.mx\/api\/wp\/v2\/categories?post=202722"},{"taxonomy":"post_tag","embeddable":true,"href":"https:\/\/www.sonoraenequipo.com.mx\/api\/wp\/v2\/tags?post=202722"}],"curies":[{"name":"wp","href":"https:\/\/api.w.org\/{rel}","templated":true}]}}